{"id":41770,"date":"2020-12-11T15:31:42","date_gmt":"2020-12-11T15:31:42","guid":{"rendered":"https:\/\/www.shqiperia.com\/blog\/?p=41770"},"modified":"2020-12-11T15:31:42","modified_gmt":"2020-12-11T15:31:42","slug":"studimi-pasojat-me-te-zakonshme-neurologjike-te-covid-goditje-ne-tru-dhe-humbje-kujtese","status":"publish","type":"post","link":"https:\/\/www.shqiperia.com\/blog\/studimi-pasojat-me-te-zakonshme-neurologjike-te-covid-goditje-ne-tru-dhe-humbje-kujtese\/","title":{"rendered":"Studimi\/ Pasojat m\u00eb t\u00eb zakonshme neurologjike t\u00eb Covid: Goditje n\u00eb tru dhe humbje kujtese"},"content":{"rendered":"<p><img data-recalc-dims=\"1\" loading=\"lazy\" decoding=\"async\" data-attachment-id=\"41771\" data-permalink=\"https:\/\/www.shqiperia.com\/blog\/studimi-pasojat-me-te-zakonshme-neurologjike-te-covid-goditje-ne-tru-dhe-humbje-kujtese\/manifestimet-neurologjike-covid-19-731x411\/\" data-orig-file=\"https:\/\/i0.wp.com\/www.shqiperia.com\/blog\/wp-content\/uploads\/2020\/12\/manifestimet-neurologjike-COVID-19-731x411-1.jpg?fit=731%2C411&amp;ssl=1\" data-orig-size=\"731,411\" data-comments-opened=\"1\" data-image-meta=\"{&quot;aperture&quot;:&quot;0&quot;,&quot;credit&quot;:&quot;&quot;,&quot;camera&quot;:&quot;&quot;,&quot;caption&quot;:&quot;&quot;,&quot;created_timestamp&quot;:&quot;0&quot;,&quot;copyright&quot;:&quot;&quot;,&quot;focal_length&quot;:&quot;0&quot;,&quot;iso&quot;:&quot;0&quot;,&quot;shutter_speed&quot;:&quot;0&quot;,&quot;title&quot;:&quot;&quot;,&quot;orientation&quot;:&quot;0&quot;}\" data-image-title=\"manifestimet-neurologjike-COVID-19-731&#215;411\" data-image-description=\"\" data-image-caption=\"\" data-medium-file=\"https:\/\/i0.wp.com\/www.shqiperia.com\/blog\/wp-content\/uploads\/2020\/12\/manifestimet-neurologjike-COVID-19-731x411-1.jpg?fit=300%2C169&amp;ssl=1\" data-large-file=\"https:\/\/i0.wp.com\/www.shqiperia.com\/blog\/wp-content\/uploads\/2020\/12\/manifestimet-neurologjike-COVID-19-731x411-1.jpg?fit=731%2C411&amp;ssl=1\" class=\"alignnone  wp-image-41771\" alt=\"\" src=\"https:\/\/i0.wp.com\/www.shqiperia.com\/blog\/wp-content\/uploads\/2020\/12\/manifestimet-neurologjike-COVID-19-731x411-1.jpg?resize=490%2C276&#038;ssl=1\" width=\"490\" height=\"276\" srcset=\"https:\/\/i0.wp.com\/www.shqiperia.com\/blog\/wp-content\/uploads\/2020\/12\/manifestimet-neurologjike-COVID-19-731x411-1.jpg?resize=300%2C169&amp;ssl=1 300w, https:\/\/i0.wp.com\/www.shqiperia.com\/blog\/wp-content\/uploads\/2020\/12\/manifestimet-neurologjike-COVID-19-731x411-1.jpg?resize=450%2C253&amp;ssl=1 450w, https:\/\/i0.wp.com\/www.shqiperia.com\/blog\/wp-content\/uploads\/2020\/12\/manifestimet-neurologjike-COVID-19-731x411-1.jpg?resize=600%2C337&amp;ssl=1 600w, https:\/\/i0.wp.com\/www.shqiperia.com\/blog\/wp-content\/uploads\/2020\/12\/manifestimet-neurologjike-COVID-19-731x411-1.jpg?resize=400%2C225&amp;ssl=1 400w, https:\/\/i0.wp.com\/www.shqiperia.com\/blog\/wp-content\/uploads\/2020\/12\/manifestimet-neurologjike-COVID-19-731x411-1.jpg?w=731&amp;ssl=1 731w\" sizes=\"auto, (max-width: 490px) 100vw, 490px\" \/><\/p>\n<p><strong>Studimi\/ Pasojat m\u00eb t\u00eb zakonshme neurologjike t\u00eb Covid: Goditje n\u00eb tru dhe humbje kujtese<\/strong><\/p>\n<p>10 dhjetor \u00a02020<\/p>\n<p>Dihet mir\u00eb se Sars-CoV-2 jo vet\u00ebm q\u00eb prek mushk\u00ebrit\u00eb, por edhe zemr\u00ebn, trurin e veshkat. Por, sa serioze mund t\u00eb jen\u00eb nd\u00ebrlikimet neurologjike n\u00eb planin afatgjat\u00eb? Gjat\u00eb muajve, jan\u00eb raportuar fenomene serioze si goditje n\u00eb tru (madje edhe tek t\u00eb rrinjt\u00eb), encefalit, lodhje muskulore, v\u00ebshtir\u00ebsi n\u00eb l\u00ebvizje.<\/p>\n<p>\u00cbsht\u00eb par\u00eb q\u00eb t\u00eb prekurit me Covid-19, edhe n\u00eb nj\u00eb m\u00ebnyr\u00eb t\u00eb but\u00eb, mund t\u00eb shkaktoj\u00eb probleme p\u00ebr muaj, duke shkaktuar at\u00eb q\u00eb quhet sindroma Long Covid e cila p\u00ebrfshin lodhje, gul\u00e7im, humbje t\u00eb shijes dhe er\u00eb.<\/p>\n<p>Sipas nj\u00eb studimi francez, gati 1 n\u00eb 5 t\u00eb rinj t\u00eb moshave nga 18 deri n\u00eb 34 vje\u00e7 raportuan se nuk iu kthyen n\u00eb sh\u00ebndetit normal (14 deri n\u00eb 21 dit\u00eb pas testit). P\u00ebr m\u00eb tep\u00ebr, pas Covid, nj\u00eb n\u00eb 20 persona ka pasur efekte n\u00eb aft\u00ebsit\u00eb mendore, me humbje t\u00eb kujtes\u00ebs dhe v\u00ebshtir\u00ebsi n\u00eb p\u00ebrqendrim: e ashtuquajtura mjegull njoh\u00ebse q\u00eb n\u00eb shum\u00eb raste prek t\u00eb rinjt\u00eb midis 18 dhe 49 vje\u00e7, pak t\u00eb prekur nga virusi.<\/p>\n<p><img data-recalc-dims=\"1\" loading=\"lazy\" decoding=\"async\" data-attachment-id=\"41772\" data-permalink=\"https:\/\/www.shqiperia.com\/blog\/studimi-pasojat-me-te-zakonshme-neurologjike-te-covid-goditje-ne-tru-dhe-humbje-kujtese\/wk\/\" data-orig-file=\"https:\/\/i0.wp.com\/www.shqiperia.com\/blog\/wp-content\/uploads\/2020\/12\/wk.jpg?fit=851%2C426&amp;ssl=1\" data-orig-size=\"851,426\" data-comments-opened=\"1\" data-image-meta=\"{&quot;aperture&quot;:&quot;0&quot;,&quot;credit&quot;:&quot;&quot;,&quot;camera&quot;:&quot;&quot;,&quot;caption&quot;:&quot;&quot;,&quot;created_timestamp&quot;:&quot;0&quot;,&quot;copyright&quot;:&quot;&quot;,&quot;focal_length&quot;:&quot;0&quot;,&quot;iso&quot;:&quot;0&quot;,&quot;shutter_speed&quot;:&quot;0&quot;,&quot;title&quot;:&quot;&quot;,&quot;orientation&quot;:&quot;0&quot;}\" data-image-title=\"wk\" data-image-description=\"\" data-image-caption=\"\" data-medium-file=\"https:\/\/i0.wp.com\/www.shqiperia.com\/blog\/wp-content\/uploads\/2020\/12\/wk.jpg?fit=300%2C150&amp;ssl=1\" data-large-file=\"https:\/\/i0.wp.com\/www.shqiperia.com\/blog\/wp-content\/uploads\/2020\/12\/wk.jpg?fit=851%2C426&amp;ssl=1\" class=\"alignnone  wp-image-41772\" alt=\"\" src=\"https:\/\/i0.wp.com\/www.shqiperia.com\/blog\/wp-content\/uploads\/2020\/12\/wk.jpg?resize=648%2C324&#038;ssl=1\" width=\"648\" height=\"324\" srcset=\"https:\/\/i0.wp.com\/www.shqiperia.com\/blog\/wp-content\/uploads\/2020\/12\/wk.jpg?resize=300%2C150&amp;ssl=1 300w, https:\/\/i0.wp.com\/www.shqiperia.com\/blog\/wp-content\/uploads\/2020\/12\/wk.jpg?resize=768%2C384&amp;ssl=1 768w, https:\/\/i0.wp.com\/www.shqiperia.com\/blog\/wp-content\/uploads\/2020\/12\/wk.jpg?resize=450%2C225&amp;ssl=1 450w, https:\/\/i0.wp.com\/www.shqiperia.com\/blog\/wp-content\/uploads\/2020\/12\/wk.jpg?resize=600%2C300&amp;ssl=1 600w, https:\/\/i0.wp.com\/www.shqiperia.com\/blog\/wp-content\/uploads\/2020\/12\/wk.jpg?resize=400%2C200&amp;ssl=1 400w, https:\/\/i0.wp.com\/www.shqiperia.com\/blog\/wp-content\/uploads\/2020\/12\/wk.jpg?w=851&amp;ssl=1 851w\" sizes=\"auto, (max-width: 648px) 100vw, 648px\" \/><\/p>\n<p>\u00c7rregullime t\u00eb shpeshta neurologjike<\/p>\n<p>Tani nj\u00eb studim i ri thekson m\u00eb tej se edhe pacient\u00ebt q\u00eb s\u00ebmuren me Covid-19 n\u00eb nj\u00eb m\u00ebnyr\u00eb jo t\u00eb r\u00ebnd\u00eb mund t\u00eb vuajn\u00eb nga nd\u00ebrlikime serioze neurologjike si goditje, kriza, \u00e7rregullime t\u00eb l\u00ebvizjes. Jo vet\u00ebm kaq, k\u00ebto p\u00ebrkeq\u00ebsime jan\u00eb shum\u00eb m\u00eb t\u00eb zakonshme sesa mendohej m\u00eb par\u00eb. K\u00ebrkimi sapo \u00ebsht\u00eb botuar n\u00eb Praktik\u00ebn Klinike t\u00eb Neurologjis\u00eb t\u00eb Akademis\u00eb Amerikane t\u00eb Neurologjis\u00eb. Drejtuar nga Pria Anand i Shkoll\u00ebs s\u00eb Mjek\u00ebsis\u00eb t\u00eb Universitetit t\u00eb Bostonit, studimi tregon mbi t\u00eb gjitha se edhe n\u00eb munges\u00eb t\u00eb s\u00ebmundjes s\u00eb r\u00ebnd\u00eb, \u00e7rregullimet neurologjike jan\u00eb mjaft t\u00eb shpeshta.<\/p>\n<p>Komplikimet serioze<\/p>\n<p>Studimi p\u00ebrfshiu 74 pacient\u00eb t\u00eb cil\u00ebt rezultuan pozitiv\u00eb p\u00ebr Covid-19 midis 15 prillit dhe 1 korrikut 2020 dhe u trajtuan n\u00eb nj\u00eb spital n\u00eb Boston, Massachusetts.<\/p>\n<p>N\u00eb institucionin, i cili kujdeset p\u00ebr njer\u00ebzit me t\u00eb ardhura t\u00eb ul\u00ebta q\u00eb nuk kan\u00eb mund\u00ebsi t\u00eb larta , pacient\u00ebt u vler\u00ebsuan gjithashtu nga nj\u00eb k\u00ebndv\u00ebshtrim neurologjik.<\/p>\n<p>Mosha mesatare ishte 64 vje\u00e7 dhe 47 nga 74 pacient\u00ebt kishin nj\u00eb histori t\u00eb s\u00ebmundjes neurologjike. N\u00eb spital 18 nga k\u00ebta pacient\u00eb p\u00ebsuan nj\u00eb goditje n\u00eb tru, 15 kriza, 26 konfuzion\u00eb mendor dhe jerm.<\/p>\n<p>Shtat\u00eb njer\u00ebz kishin \u00e7rregullime t\u00eb l\u00ebvizjes, pes\u00eb prej tyre mioklonus, nj\u00eb tkurrje e papritur e muskujve. Nj\u00eb pacient zhvilloi encefalit autoimun, nj\u00eb s\u00ebmundje e rrall\u00eb dhe komplekse n\u00eb t\u00eb cil\u00ebn sistemi imunitar i trupit sulmon veten (gjendja e pacientit u p\u00ebrmir\u00ebsua pas administrimit t\u00eb kortikosteroideve).<\/p>\n<p>T\u00eb gjitha nd\u00ebrlikimet q\u00eb ndodh\u00ebn ishin t\u00eb pavarura nga ashp\u00ebrsia me t\u00eb cil\u00ebn ndodh infeksioni Sars-CoV-2.<\/p>\n<p>Paaft\u00ebsi t\u00eb r\u00ebnda<\/p>\n<p>Dhjet\u00eb nga pacient\u00ebt e shtruar n\u00eb spital vdiq\u00ebn. T\u00eb mbijetuarit u larguan nga spitali me nj\u00eb aft\u00ebsi t\u00eb kufizuar, mesatarisht t\u00eb r\u00ebnd\u00eb krahasuar me paaft\u00ebsin\u00eb e leht\u00eb p\u00ebrpara pranimit n\u00eb pik\u00ebn q\u00eb shum\u00eb nuk ishin m\u00eb n\u00eb gjendje t\u00eb jetonin vet\u00ebm n\u00eb sht\u00ebpi, por duhej t\u00eb k\u00ebrkonin kujdesin e infermieris\u00eb n\u00eb sht\u00ebpi. T\u00eb tjer\u00ebt u jan\u00eb drejtuar qendrave t\u00eb rehabilitimit ose spitaleve afatgjata.<\/p>\n<p>\u201cK\u00ebrkohen k\u00ebrkime t\u00eb m\u00ebtejshme p\u00ebr t\u00eb kuptuar m\u00eb mir\u00eb p\u00ebrhapjen e komplikimeve neurologjike t\u00eb shkaktuara nga Covid\u201d sqaroi Pria Anand, autori i par\u00eb i studimit i cili gjithashtu theksoi kufijt\u00eb e k\u00ebrkimit: \u201cNe planifikojm\u00eb t\u00eb kryejm\u00eb studime t\u00eb m\u00ebtejshme p\u00ebr t\u00eb ndihmuar n\u00eb identifikimin e faktor\u00ebve q\u00eb mund t\u2019i predispozojn\u00eb njer\u00ebzit p\u00ebr nd\u00ebrlikime neurologjike me q\u00ebllim t\u00eb k\u00ebrkimit t\u00eb metodave t\u00eb parandalimit.\u201c<\/p>\n<p>o.j\/dita<\/p>\n","protected":false},"excerpt":{"rendered":"<p>Studimi\/ Pasojat m\u00eb t\u00eb zakonshme neurologjike t\u00eb Covid: Goditje n\u00eb tru dhe humbje kujtese 10 dhjetor \u00a02020 Dihet mir\u00eb se Sars-CoV-2 jo vet\u00ebm q\u00eb prek mushk\u00ebrit\u00eb, por edhe zemr\u00ebn, trurin e veshkat. Por, sa serioze mund t\u00eb jen\u00eb nd\u00ebrlikimet neurologjike n\u00eb planin afatgjat\u00eb? Gjat\u00eb muajve, jan\u00eb raportuar fenomene serioze si goditje n\u00eb tru (madje edhe [&hellip;]<\/p>\n","protected":false},"author":9,"featured_media":41771,"comment_status":"open","ping_status":"open","sticky":false,"template":"","format":"standard","meta":{"jetpack_post_was_ever_published":false,"_jetpack_newsletter_access":"","_jetpack_dont_email_post_to_subs":false,"_jetpack_newsletter_tier_id":0,"_jetpack_memberships_contains_paywalled_content":false,"_jetpack_memberships_contains_paid_content":false,"footnotes":"","jetpack_publicize_message":"","jetpack_publicize_feature_enabled":true,"jetpack_social_post_already_shared":true,"jetpack_social_options":{"image_generator_settings":{"template":"highway","default_image_id":0,"font":"","enabled":false},"version":2}},"categories":[27,35],"tags":[],"class_list":["post-41770","post","type-post","status-publish","format-standard","has-post-thumbnail","hentry","category-blogu-i-udhetarit","category-shoqerore"],"jetpack_publicize_connections":[],"jetpack_featured_media_url":"https:\/\/i0.wp.com\/www.shqiperia.com\/blog\/wp-content\/uploads\/2020\/12\/manifestimet-neurologjike-COVID-19-731x411-1.jpg?fit=731%2C411&ssl=1","jetpack_sharing_enabled":true,"jetpack_shortlink":"https:\/\/wp.me\/p5Z6wp-aRI","jetpack-related-posts":[{"id":38458,"url":"https:\/\/www.shqiperia.com\/blog\/zbulimi-i-shkencetareve-covid-nuk-sulmon-vetem-mushkerite-tipari-i-rrezikshem\/","url_meta":{"origin":41770,"position":0},"title":"Zbulimi i shkenc\u00ebtar\u00ebve\/ COVID nuk sulmon vet\u00ebm mushk\u00ebrit\u00eb, tipari i rreziksh\u00ebm&#8230;","author":"Kurt Farka","date":"September 15, 2020","format":false,"excerpt":"Zbulimi i shkenc\u00ebtar\u00ebve\/ COVID nuk sulmon vet\u00ebm mushk\u00ebrit\u00eb, tipari i rreziksh\u00ebm... 15 SHTATOR 2020 Dihet gjer\u00ebsisht se koronavirusi i ri sulmon mushk\u00ebrit\u00eb e pacient\u00ebve, por klinik\u00ebt dhe studiuesit n\u00eb t\u00eb gjith\u00eb bot\u00ebn po raportojn\u00eb se virusi po d\u00ebmton edhe organe t\u00eb tjera, nj\u00eb zbulim q\u00eb mund t\u00eb ket\u00eb implikime p\u00ebr\u2026","rel":"","context":"In &quot;Blogu i Udh\u00ebtarit&quot;","block_context":{"text":"Blogu i Udh\u00ebtarit","link":"https:\/\/www.shqiperia.com\/blog\/category\/blogu-i-udhetarit\/"},"img":{"alt_text":"","src":"https:\/\/i0.wp.com\/www.shqiperia.com\/blog\/wp-content\/uploads\/2020\/09\/640-0-5f60c78bc3f8c.jpg?fit=640%2C358&ssl=1&resize=350%2C200","width":350,"height":200,"srcset":"https:\/\/i0.wp.com\/www.shqiperia.com\/blog\/wp-content\/uploads\/2020\/09\/640-0-5f60c78bc3f8c.jpg?fit=640%2C358&ssl=1&resize=350%2C200 1x, https:\/\/i0.wp.com\/www.shqiperia.com\/blog\/wp-content\/uploads\/2020\/09\/640-0-5f60c78bc3f8c.jpg?fit=640%2C358&ssl=1&resize=525%2C300 1.5x"},"classes":[]},{"id":40219,"url":"https:\/\/www.shqiperia.com\/blog\/te-infektuarit-plaken-10-vjet-para-kohe-studimi-shqetesues-koronavirusi-godet-fort-edhe\/","url_meta":{"origin":41770,"position":1},"title":"\u201cT\u00eb infektuarit plaken 10 vjet para kohe\u201d. &#8211; Studimi shqet\u00ebsues, koronavirusi godet fort edhe&#8230;","author":"Kurt Farka","date":"October 29, 2020","format":false,"excerpt":"\u201cT\u00eb infektuarit plaken 10 vjet para kohe\u201d. - Studimi shqet\u00ebsues, koronavirusi godet fort edhe... 29 TETOR 2020 Q\u00eb nga fillimi i pandemis\u00eb s\u00eb koronavirusit, shkenc\u00ebtar\u00ebt u kan\u00eb treguar njer\u00ebzve se si virusi ndikon n\u00eb trup dhe \u00e7far\u00eb do t\u00eb p\u00ebrjetonin njer\u00ebzit pas kontraktimit t\u00eb SARS-CoV-2. Por nj\u00eb studim i fundit\u2026","rel":"","context":"In &quot;Blogu i Udh\u00ebtarit&quot;","block_context":{"text":"Blogu i Udh\u00ebtarit","link":"https:\/\/www.shqiperia.com\/blog\/category\/blogu-i-udhetarit\/"},"img":{"alt_text":"","src":"https:\/\/i0.wp.com\/www.shqiperia.com\/blog\/wp-content\/uploads\/2020\/10\/640-0-5f9a663a21807.jpg?fit=640%2C360&ssl=1&resize=350%2C200","width":350,"height":200,"srcset":"https:\/\/i0.wp.com\/www.shqiperia.com\/blog\/wp-content\/uploads\/2020\/10\/640-0-5f9a663a21807.jpg?fit=640%2C360&ssl=1&resize=350%2C200 1x, https:\/\/i0.wp.com\/www.shqiperia.com\/blog\/wp-content\/uploads\/2020\/10\/640-0-5f9a663a21807.jpg?fit=640%2C360&ssl=1&resize=525%2C300 1.5x"},"classes":[]},{"id":47966,"url":"https:\/\/www.shqiperia.com\/blog\/studimi-ne-shba-rreth-25-e-pacienteve-me-covid-kane-simptoma-afatgjata\/","url_meta":{"origin":41770,"position":2},"title":"Studimi n\u00eb SHBA: &#8211; Rreth 25% e pacient\u00ebve me COVID kan\u00eb simptoma afatgjata","author":"Kurt Farka","date":"June 17, 2021","format":false,"excerpt":"Studimi n\u00eb SHBA: - Rreth 25% e pacient\u00ebve me COVID kan\u00eb simptoma afatgjata 16\/06\/2021 \u00a0\u00a0\u00a0 Nj\u00eb studim i ri n\u00eb Shtetet e Bashkuara zbulon se rreth 25 p\u00ebr qind e pacient\u00ebve me COVID-19 kan\u00eb p\u00ebrjetuan probleme t\u00eb reja sh\u00ebndet\u00ebsore pas nj\u00eb periudhe t\u00eb konsiderueshme kohore nga diagnostikimi fillestar. Grupi jofitimprur\u00ebs\u2026","rel":"","context":"In &quot;Blogu i Udh\u00ebtarit&quot;","block_context":{"text":"Blogu i Udh\u00ebtarit","link":"https:\/\/www.shqiperia.com\/blog\/category\/blogu-i-udhetarit\/"},"img":{"alt_text":"","src":"https:\/\/i0.wp.com\/www.shqiperia.com\/blog\/wp-content\/uploads\/2021\/06\/Covid-3-750x375-1.jpg?fit=750%2C375&ssl=1&resize=350%2C200","width":350,"height":200,"srcset":"https:\/\/i0.wp.com\/www.shqiperia.com\/blog\/wp-content\/uploads\/2021\/06\/Covid-3-750x375-1.jpg?fit=750%2C375&ssl=1&resize=350%2C200 1x, https:\/\/i0.wp.com\/www.shqiperia.com\/blog\/wp-content\/uploads\/2021\/06\/Covid-3-750x375-1.jpg?fit=750%2C375&ssl=1&resize=525%2C300 1.5x, https:\/\/i0.wp.com\/www.shqiperia.com\/blog\/wp-content\/uploads\/2021\/06\/Covid-3-750x375-1.jpg?fit=750%2C375&ssl=1&resize=700%2C400 2x"},"classes":[]},{"id":71951,"url":"https:\/\/www.shqiperia.com\/blog\/patet-efekte-anesore-pas-vaksines-se-covid-ja-cfare-zbulon-studimi-i-ri\/","url_meta":{"origin":41770,"position":3},"title":"Pat\u00ebt efekte an\u00ebsore pas vaksin\u00ebs s\u00eb Covid? &#8211; Ja \u00e7far\u00eb zbulon studimi i ri","author":"Kurt Farka","date":"June 3, 2023","format":false,"excerpt":"3 Qershor 2023 S\u00ebmundje pas sforcimeve, lodhje, mjegullim t\u00eb vet\u00ebdije, marramendje, simptoma gastrointestinale, palpitacione, ulje t\u00eb d\u00ebshir\u00ebs ose probleme seksuale, humbje t\u00eb nuhatjes ose shijes, etje, koll\u00eb kronike, dhimbje gjoksi, l\u00ebvizje jonormale. K\u00ebto jan\u00eb 12 simptomat kryesore q\u00eb sipas rezultateve t\u00eb para t\u00eb nj\u00eb studimi t\u00eb kryer mbi pothuajse 10\u2026","rel":"","context":"In &quot;Blogu i Udh\u00ebtarit&quot;","block_context":{"text":"Blogu i Udh\u00ebtarit","link":"https:\/\/www.shqiperia.com\/blog\/category\/blogu-i-udhetarit\/"},"img":{"alt_text":"","src":"https:\/\/i0.wp.com\/www.shqiperia.com\/blog\/wp-content\/uploads\/2023\/06\/800-0-98d8e5648749ed9759240de06d3c6086.jpg?fit=800%2C420&ssl=1&resize=350%2C200","width":350,"height":200,"srcset":"https:\/\/i0.wp.com\/www.shqiperia.com\/blog\/wp-content\/uploads\/2023\/06\/800-0-98d8e5648749ed9759240de06d3c6086.jpg?fit=800%2C420&ssl=1&resize=350%2C200 1x, https:\/\/i0.wp.com\/www.shqiperia.com\/blog\/wp-content\/uploads\/2023\/06\/800-0-98d8e5648749ed9759240de06d3c6086.jpg?fit=800%2C420&ssl=1&resize=525%2C300 1.5x, https:\/\/i0.wp.com\/www.shqiperia.com\/blog\/wp-content\/uploads\/2023\/06\/800-0-98d8e5648749ed9759240de06d3c6086.jpg?fit=800%2C420&ssl=1&resize=700%2C400 2x"},"classes":[]},{"id":42185,"url":"https:\/\/www.shqiperia.com\/blog\/shenjat-paralajmeruese-te-goditjes-ne-tru-qe-nuk-duhet-te-injoroni-kurre\/","url_meta":{"origin":41770,"position":4},"title":"Shenjat paralajm\u00ebruese t\u00eb goditjes n\u00eb tru q\u00eb nuk duhet t\u00eb injoroni kurr\u00eb","author":"Kurt Farka","date":"December 23, 2020","format":false,"excerpt":"Shenjat paralajm\u00ebruese t\u00eb goditjes n\u00eb tru q\u00eb nuk duhet t\u00eb injoroni kurr\u00eb 22 DHJETOR 2020 Goditja n\u00eb tru \u00ebsht\u00eb shkaktari i kat\u00ebrt kryesor i vdekjeve n\u00eb t\u00eb gjith\u00eb bot\u00ebn. Ajo shkaktohet nga mpiksja e gjakut ose rrjedhja e gjakut n\u00eb tru dhe mund t\u00eb \u00e7oj\u00eb n\u00eb paaft\u00ebsi afatgjat\u00eb. N\u00eb shumic\u00ebn\u2026","rel":"","context":"In &quot;Blogu i Udh\u00ebtarit&quot;","block_context":{"text":"Blogu i Udh\u00ebtarit","link":"https:\/\/www.shqiperia.com\/blog\/category\/blogu-i-udhetarit\/"},"img":{"alt_text":"","src":"https:\/\/i0.wp.com\/www.shqiperia.com\/blog\/wp-content\/uploads\/2020\/12\/800-0-6124cb4081886bad57137076e0569e0f.jpg?fit=800%2C420&ssl=1&resize=350%2C200","width":350,"height":200,"srcset":"https:\/\/i0.wp.com\/www.shqiperia.com\/blog\/wp-content\/uploads\/2020\/12\/800-0-6124cb4081886bad57137076e0569e0f.jpg?fit=800%2C420&ssl=1&resize=350%2C200 1x, https:\/\/i0.wp.com\/www.shqiperia.com\/blog\/wp-content\/uploads\/2020\/12\/800-0-6124cb4081886bad57137076e0569e0f.jpg?fit=800%2C420&ssl=1&resize=525%2C300 1.5x, https:\/\/i0.wp.com\/www.shqiperia.com\/blog\/wp-content\/uploads\/2020\/12\/800-0-6124cb4081886bad57137076e0569e0f.jpg?fit=800%2C420&ssl=1&resize=700%2C400 2x"},"classes":[]},{"id":36422,"url":"https:\/\/www.shqiperia.com\/blog\/gjashte-nivelet-ne-te-cilat-shfaqet-koronavirusi\/","url_meta":{"origin":41770,"position":5},"title":"Gjasht\u00eb nivelet n\u00eb t\u00eb cilat shfaqet koronavirusi","author":"Kurt Farka","date":"July 19, 2020","format":false,"excerpt":"Gjasht\u00eb nivelet n\u00eb t\u00eb cilat shfaqet koronavirusi 18 korrik \u00a02020 Shkenc\u00ebtar\u00ebt britanik\u00eb kan\u00eb analizuar t\u00eb dh\u00ebnat e mbledhura nga nj\u00eb aplikacion p\u00ebr gjurmimin e simptomave COVID-19, gjer\u00ebsisht i p\u00ebrdorur, dhe kan\u00eb zbuluar se ekzistojn\u00eb gjasht\u00eb lloje t\u00eb dallueshme t\u00eb s\u00ebmundjes, t\u00eb cilat ndryshojn\u00eb nga nj\u00ebra-tjetra nga nj\u00eb grup simptomash. Nj\u00eb\u2026","rel":"","context":"In &quot;Blogu i Udh\u00ebtarit&quot;","block_context":{"text":"Blogu i Udh\u00ebtarit","link":"https:\/\/www.shqiperia.com\/blog\/category\/blogu-i-udhetarit\/"},"img":{"alt_text":"","src":"https:\/\/i0.wp.com\/www.shqiperia.com\/blog\/wp-content\/uploads\/2020\/07\/covid-aplikacioni-gjurmimit-696x433-1-905x450-1.png?fit=905%2C450&ssl=1&resize=350%2C200","width":350,"height":200,"srcset":"https:\/\/i0.wp.com\/www.shqiperia.com\/blog\/wp-content\/uploads\/2020\/07\/covid-aplikacioni-gjurmimit-696x433-1-905x450-1.png?fit=905%2C450&ssl=1&resize=350%2C200 1x, https:\/\/i0.wp.com\/www.shqiperia.com\/blog\/wp-content\/uploads\/2020\/07\/covid-aplikacioni-gjurmimit-696x433-1-905x450-1.png?fit=905%2C450&ssl=1&resize=525%2C300 1.5x, https:\/\/i0.wp.com\/www.shqiperia.com\/blog\/wp-content\/uploads\/2020\/07\/covid-aplikacioni-gjurmimit-696x433-1-905x450-1.png?fit=905%2C450&ssl=1&resize=700%2C400 2x"},"classes":[]}],"_links":{"self":[{"href":"https:\/\/www.shqiperia.com\/blog\/wp-json\/wp\/v2\/posts\/41770","targetHints":{"allow":["GET"]}}],"collection":[{"href":"https:\/\/www.shqiperia.com\/blog\/wp-json\/wp\/v2\/posts"}],"about":[{"href":"https:\/\/www.shqiperia.com\/blog\/wp-json\/wp\/v2\/types\/post"}],"author":[{"embeddable":true,"href":"https:\/\/www.shqiperia.com\/blog\/wp-json\/wp\/v2\/users\/9"}],"replies":[{"embeddable":true,"href":"https:\/\/www.shqiperia.com\/blog\/wp-json\/wp\/v2\/comments?post=41770"}],"version-history":[{"count":1,"href":"https:\/\/www.shqiperia.com\/blog\/wp-json\/wp\/v2\/posts\/41770\/revisions"}],"predecessor-version":[{"id":41773,"href":"https:\/\/www.shqiperia.com\/blog\/wp-json\/wp\/v2\/posts\/41770\/revisions\/41773"}],"wp:featuredmedia":[{"embeddable":true,"href":"https:\/\/www.shqiperia.com\/blog\/wp-json\/wp\/v2\/media\/41771"}],"wp:attachment":[{"href":"https:\/\/www.shqiperia.com\/blog\/wp-json\/wp\/v2\/media?parent=41770"}],"wp:term":[{"taxonomy":"category","embeddable":true,"href":"https:\/\/www.shqiperia.com\/blog\/wp-json\/wp\/v2\/categories?post=41770"},{"taxonomy":"post_tag","embeddable":true,"href":"https:\/\/www.shqiperia.com\/blog\/wp-json\/wp\/v2\/tags?post=41770"}],"curies":[{"name":"wp","href":"https:\/\/api.w.org\/{rel}","templated":true}]}}