{"id":41648,"date":"2020-12-08T10:50:28","date_gmt":"2020-12-08T10:50:28","guid":{"rendered":"https:\/\/www.shqiperia.com\/blog\/?p=41648"},"modified":"2020-12-08T10:50:28","modified_gmt":"2020-12-08T10:50:28","slug":"veper-aliene-pas-shkretetires-struktura-metalike-shfaqet-ne-rumani-dhe-zhduket-ne-menyre-te-mistershme","status":"publish","type":"post","link":"https:\/\/www.shqiperia.com\/blog\/veper-aliene-pas-shkretetires-struktura-metalike-shfaqet-ne-rumani-dhe-zhduket-ne-menyre-te-mistershme\/","title":{"rendered":"Vep\u00ebr aliene? Pas shkret\u00ebtir\u00ebs, struktura metalike shfaqet n\u00eb Rumani dhe zhduket n\u00eb m\u00ebnyr\u00eb t\u00eb mistershme. (!)"},"content":{"rendered":"<p><img data-recalc-dims=\"1\" loading=\"lazy\" decoding=\"async\" data-attachment-id=\"41649\" data-permalink=\"https:\/\/www.shqiperia.com\/blog\/veper-aliene-pas-shkretetires-struktura-metalike-shfaqet-ne-rumani-dhe-zhduket-ne-menyre-te-mistershme\/1200-630-5fbd4da4e7878\/\" data-orig-file=\"https:\/\/i0.wp.com\/www.shqiperia.com\/blog\/wp-content\/uploads\/2020\/12\/1200-630-5fbd4da4e7878.jpg?fit=1200%2C630&amp;ssl=1\" data-orig-size=\"1200,630\" data-comments-opened=\"1\" data-image-meta=\"{&quot;aperture&quot;:&quot;0&quot;,&quot;credit&quot;:&quot;&quot;,&quot;camera&quot;:&quot;&quot;,&quot;caption&quot;:&quot;&quot;,&quot;created_timestamp&quot;:&quot;0&quot;,&quot;copyright&quot;:&quot;&quot;,&quot;focal_length&quot;:&quot;0&quot;,&quot;iso&quot;:&quot;0&quot;,&quot;shutter_speed&quot;:&quot;0&quot;,&quot;title&quot;:&quot;&quot;,&quot;orientation&quot;:&quot;0&quot;}\" data-image-title=\"-1200-630-5fbd4da4e7878\" data-image-description=\"\" data-image-caption=\"\" data-medium-file=\"https:\/\/i0.wp.com\/www.shqiperia.com\/blog\/wp-content\/uploads\/2020\/12\/1200-630-5fbd4da4e7878.jpg?fit=300%2C158&amp;ssl=1\" data-large-file=\"https:\/\/i0.wp.com\/www.shqiperia.com\/blog\/wp-content\/uploads\/2020\/12\/1200-630-5fbd4da4e7878.jpg?fit=1024%2C538&amp;ssl=1\" class=\"alignnone  wp-image-41649\" alt=\"\" src=\"https:\/\/i0.wp.com\/www.shqiperia.com\/blog\/wp-content\/uploads\/2020\/12\/1200-630-5fbd4da4e7878.jpg?resize=482%2C254&#038;ssl=1\" width=\"482\" height=\"254\" srcset=\"https:\/\/i0.wp.com\/www.shqiperia.com\/blog\/wp-content\/uploads\/2020\/12\/1200-630-5fbd4da4e7878.jpg?resize=300%2C158&amp;ssl=1 300w, https:\/\/i0.wp.com\/www.shqiperia.com\/blog\/wp-content\/uploads\/2020\/12\/1200-630-5fbd4da4e7878.jpg?resize=1024%2C538&amp;ssl=1 1024w, https:\/\/i0.wp.com\/www.shqiperia.com\/blog\/wp-content\/uploads\/2020\/12\/1200-630-5fbd4da4e7878.jpg?resize=768%2C403&amp;ssl=1 768w, https:\/\/i0.wp.com\/www.shqiperia.com\/blog\/wp-content\/uploads\/2020\/12\/1200-630-5fbd4da4e7878.jpg?resize=450%2C236&amp;ssl=1 450w, https:\/\/i0.wp.com\/www.shqiperia.com\/blog\/wp-content\/uploads\/2020\/12\/1200-630-5fbd4da4e7878.jpg?resize=600%2C315&amp;ssl=1 600w, https:\/\/i0.wp.com\/www.shqiperia.com\/blog\/wp-content\/uploads\/2020\/12\/1200-630-5fbd4da4e7878.jpg?resize=400%2C210&amp;ssl=1 400w, https:\/\/i0.wp.com\/www.shqiperia.com\/blog\/wp-content\/uploads\/2020\/12\/1200-630-5fbd4da4e7878.jpg?w=1200&amp;ssl=1 1200w\" sizes=\"auto, (max-width: 482px) 100vw, 482px\" \/><\/p>\n<p><strong>Vep\u00ebr aliene? Pas shkret\u00ebtir\u00ebs, struktura metalike shfaqet n\u00eb Rumani dhe zhduket n\u00eb m\u00ebnyr\u00eb t\u00eb mistershme. (!)<\/strong><\/p>\n<p><strong>DHJETOR 2020<\/strong><\/p>\n<p>Nj\u00eb monolit metali q\u00eb u shfaq n\u00eb nj\u00eb qytet rumun vet\u00ebm disa dit\u00eb pasi nj\u00eb struktur\u00eb e ngjashme u zhduk n\u00eb Utah, gjithashtu \u00ebsht\u00eb zhdukur n\u00eb m\u00ebnyr\u00eb misterioze.<\/p>\n<p>Shtylla u gjet n\u00eb Batca Doamnei Hill, n\u00eb qytetin Piatra Neamt, n\u00eb Rumanin\u00eb veriore t\u00eb enjten e kaluar.<\/p>\n<p>Ajo u pikas vet\u00ebm pak metra larg pik\u00ebs s\u00eb njohur arkeologjike Kalaja Petrodava Dacian, nj\u00eb fortes\u00eb e nd\u00ebrtuar nga populli i lasht\u00eb Dacian midis 82 para Krishtit dhe 106 Pas Krishtit.<\/p>\n<p><img data-recalc-dims=\"1\" loading=\"lazy\" decoding=\"async\" data-attachment-id=\"41650\" data-permalink=\"https:\/\/www.shqiperia.com\/blog\/veper-aliene-pas-shkretetires-struktura-metalike-shfaqet-ne-rumani-dhe-zhduket-ne-menyre-te-mistershme\/640-0-5fc679c12f62f\/\" data-orig-file=\"https:\/\/i0.wp.com\/www.shqiperia.com\/blog\/wp-content\/uploads\/2020\/12\/640-0-5fc679c12f62f.jpg?fit=640%2C640&amp;ssl=1\" data-orig-size=\"640,640\" data-comments-opened=\"1\" data-image-meta=\"{&quot;aperture&quot;:&quot;0&quot;,&quot;credit&quot;:&quot;&quot;,&quot;camera&quot;:&quot;&quot;,&quot;caption&quot;:&quot;&quot;,&quot;created_timestamp&quot;:&quot;0&quot;,&quot;copyright&quot;:&quot;&quot;,&quot;focal_length&quot;:&quot;0&quot;,&quot;iso&quot;:&quot;0&quot;,&quot;shutter_speed&quot;:&quot;0&quot;,&quot;title&quot;:&quot;&quot;,&quot;orientation&quot;:&quot;0&quot;}\" data-image-title=\"-640-0-5fc679c12f62f\" data-image-description=\"\" data-image-caption=\"\" data-medium-file=\"https:\/\/i0.wp.com\/www.shqiperia.com\/blog\/wp-content\/uploads\/2020\/12\/640-0-5fc679c12f62f.jpg?fit=300%2C300&amp;ssl=1\" data-large-file=\"https:\/\/i0.wp.com\/www.shqiperia.com\/blog\/wp-content\/uploads\/2020\/12\/640-0-5fc679c12f62f.jpg?fit=640%2C640&amp;ssl=1\" class=\"alignnone  wp-image-41650\" alt=\"\" src=\"https:\/\/i0.wp.com\/www.shqiperia.com\/blog\/wp-content\/uploads\/2020\/12\/640-0-5fc679c12f62f.jpg?resize=467%2C467&#038;ssl=1\" width=\"467\" height=\"467\" srcset=\"https:\/\/i0.wp.com\/www.shqiperia.com\/blog\/wp-content\/uploads\/2020\/12\/640-0-5fc679c12f62f.jpg?resize=300%2C300&amp;ssl=1 300w, https:\/\/i0.wp.com\/www.shqiperia.com\/blog\/wp-content\/uploads\/2020\/12\/640-0-5fc679c12f62f.jpg?resize=150%2C150&amp;ssl=1 150w, https:\/\/i0.wp.com\/www.shqiperia.com\/blog\/wp-content\/uploads\/2020\/12\/640-0-5fc679c12f62f.jpg?resize=450%2C450&amp;ssl=1 450w, https:\/\/i0.wp.com\/www.shqiperia.com\/blog\/wp-content\/uploads\/2020\/12\/640-0-5fc679c12f62f.jpg?resize=600%2C600&amp;ssl=1 600w, https:\/\/i0.wp.com\/www.shqiperia.com\/blog\/wp-content\/uploads\/2020\/12\/640-0-5fc679c12f62f.jpg?resize=65%2C65&amp;ssl=1 65w, https:\/\/i0.wp.com\/www.shqiperia.com\/blog\/wp-content\/uploads\/2020\/12\/640-0-5fc679c12f62f.jpg?resize=50%2C50&amp;ssl=1 50w, https:\/\/i0.wp.com\/www.shqiperia.com\/blog\/wp-content\/uploads\/2020\/12\/640-0-5fc679c12f62f.jpg?resize=400%2C400&amp;ssl=1 400w, https:\/\/i0.wp.com\/www.shqiperia.com\/blog\/wp-content\/uploads\/2020\/12\/640-0-5fc679c12f62f.jpg?w=640&amp;ssl=1 640w\" sizes=\"auto, (max-width: 467px) 100vw, 467px\" \/><\/p>\n<p>Por brenda nat\u00ebs t\u00eb h\u00ebn\u00ebn, monoliti u zhduk papritmas, aq shpejt sa mb\u00ebrriti.<\/p>\n<p>Robert Iosub i gazet\u00ebs Ziar Piatra Neamt, i cili e kishte par\u00eb struktur\u00ebn, tha: &#8216;Struktura e gjat\u00eb 2.8 metra u zhduk brenda nat\u00ebs aq qet\u00ebsisht sa u ngrit jav\u00ebn e kaluar.&#8217;<\/p>\n<p><img data-recalc-dims=\"1\" loading=\"lazy\" decoding=\"async\" data-attachment-id=\"41651\" data-permalink=\"https:\/\/www.shqiperia.com\/blog\/veper-aliene-pas-shkretetires-struktura-metalike-shfaqet-ne-rumani-dhe-zhduket-ne-menyre-te-mistershme\/640-0-5fc679c1605ca\/\" data-orig-file=\"https:\/\/i0.wp.com\/www.shqiperia.com\/blog\/wp-content\/uploads\/2020\/12\/640-0-5fc679c1605ca.jpg?fit=640%2C363&amp;ssl=1\" data-orig-size=\"640,363\" data-comments-opened=\"1\" data-image-meta=\"{&quot;aperture&quot;:&quot;0&quot;,&quot;credit&quot;:&quot;&quot;,&quot;camera&quot;:&quot;&quot;,&quot;caption&quot;:&quot;&quot;,&quot;created_timestamp&quot;:&quot;0&quot;,&quot;copyright&quot;:&quot;&quot;,&quot;focal_length&quot;:&quot;0&quot;,&quot;iso&quot;:&quot;0&quot;,&quot;shutter_speed&quot;:&quot;0&quot;,&quot;title&quot;:&quot;&quot;,&quot;orientation&quot;:&quot;0&quot;}\" data-image-title=\"-640-0-5fc679c1605ca\" data-image-description=\"\" data-image-caption=\"\" data-medium-file=\"https:\/\/i0.wp.com\/www.shqiperia.com\/blog\/wp-content\/uploads\/2020\/12\/640-0-5fc679c1605ca.jpg?fit=300%2C170&amp;ssl=1\" data-large-file=\"https:\/\/i0.wp.com\/www.shqiperia.com\/blog\/wp-content\/uploads\/2020\/12\/640-0-5fc679c1605ca.jpg?fit=640%2C363&amp;ssl=1\" class=\"alignnone  wp-image-41651\" alt=\"\" src=\"https:\/\/i0.wp.com\/www.shqiperia.com\/blog\/wp-content\/uploads\/2020\/12\/640-0-5fc679c1605ca.jpg?resize=561%2C318&#038;ssl=1\" width=\"561\" height=\"318\" srcset=\"https:\/\/i0.wp.com\/www.shqiperia.com\/blog\/wp-content\/uploads\/2020\/12\/640-0-5fc679c1605ca.jpg?resize=300%2C170&amp;ssl=1 300w, https:\/\/i0.wp.com\/www.shqiperia.com\/blog\/wp-content\/uploads\/2020\/12\/640-0-5fc679c1605ca.jpg?resize=450%2C255&amp;ssl=1 450w, https:\/\/i0.wp.com\/www.shqiperia.com\/blog\/wp-content\/uploads\/2020\/12\/640-0-5fc679c1605ca.jpg?resize=600%2C340&amp;ssl=1 600w, https:\/\/i0.wp.com\/www.shqiperia.com\/blog\/wp-content\/uploads\/2020\/12\/640-0-5fc679c1605ca.jpg?resize=400%2C227&amp;ssl=1 400w, https:\/\/i0.wp.com\/www.shqiperia.com\/blog\/wp-content\/uploads\/2020\/12\/640-0-5fc679c1605ca.jpg?w=640&amp;ssl=1 640w\" sizes=\"auto, (max-width: 561px) 100vw, 561px\" \/><\/p>\n<p>Zhdukja e saj shton intrigat pasi nj\u00eb monolit i ngjash\u00ebm u gjet koh\u00ebt e fundit n\u00eb shkret\u00ebtir\u00ebn e Utah.<\/p>\n<p>Por gjithashtu u zhduk n\u00eb duart e nj\u00eb &#8216;partie t\u00eb panjohur&#8217;, me teoricien\u00eb konspirative q\u00eb spekulojn\u00eb se alien\u00ebt mund t\u00eb ishin prapa strukturave.<\/p>\n<p>Gazeta Shqip<\/p>\n","protected":false},"excerpt":{"rendered":"<p>Vep\u00ebr aliene? Pas shkret\u00ebtir\u00ebs, struktura metalike shfaqet n\u00eb Rumani dhe zhduket n\u00eb m\u00ebnyr\u00eb t\u00eb mistershme. (!) DHJETOR 2020 Nj\u00eb monolit metali q\u00eb u shfaq n\u00eb nj\u00eb qytet rumun vet\u00ebm disa dit\u00eb pasi nj\u00eb struktur\u00eb e ngjashme u zhduk n\u00eb Utah, gjithashtu \u00ebsht\u00eb zhdukur n\u00eb m\u00ebnyr\u00eb misterioze. Shtylla u gjet n\u00eb Batca Doamnei Hill, n\u00eb qytetin [&hellip;]<\/p>\n","protected":false},"author":9,"featured_media":41649,"comment_status":"open","ping_status":"open","sticky":false,"template":"","format":"standard","meta":{"jetpack_post_was_ever_published":false,"_jetpack_newsletter_access":"","_jetpack_dont_email_post_to_subs":false,"_jetpack_newsletter_tier_id":0,"_jetpack_memberships_contains_paywalled_content":false,"_jetpack_memberships_contains_paid_content":false,"footnotes":"","jetpack_publicize_message":"","jetpack_publicize_feature_enabled":true,"jetpack_social_post_already_shared":true,"jetpack_social_options":{"image_generator_settings":{"template":"highway","default_image_id":0,"font":"","enabled":false},"version":2}},"categories":[27,14],"tags":[],"class_list":["post-41648","post","type-post","status-publish","format-standard","has-post-thumbnail","hentry","category-blogu-i-udhetarit","category-press-releases"],"jetpack_publicize_connections":[],"jetpack_featured_media_url":"https:\/\/i0.wp.com\/www.shqiperia.com\/blog\/wp-content\/uploads\/2020\/12\/1200-630-5fbd4da4e7878.jpg?fit=1200%2C630&ssl=1","jetpack_sharing_enabled":true,"jetpack_shortlink":"https:\/\/wp.me\/p5Z6wp-aPK","jetpack-related-posts":[{"id":4141,"url":"https:\/\/www.shqiperia.com\/blog\/skanderbeku-pafan-kryevepra-e-de-rades\/","url_meta":{"origin":41648,"position":0},"title":"Skanderbeku i pafan. Kryevepra e De Rad\u00ebs. &#8211;","author":"Kurt Farka","date":"March 1, 2018","format":false,"excerpt":"\u00a0 Scanderbeccu i pa-faan (p\u00ebrshtatur Skenderbeu i pafat) \u00ebsht\u00eb nj\u00eb nga veprat m\u00eb t\u00eb r\u00ebnd\u00ebsishme t\u00eb autorit arberesh Jeronim De Rada, q\u00eb ai e \u00e7monte si kryevepra e tij. Struktura Prej grafomanis\u00eb s\u00eb De Rad\u00ebs p\u00ebr t'i shkruar dhe rishkruar veprat, kjo vep\u00ebr u botua dhe prap\u00eb autori i rikthehej\u2026","rel":"","context":"In &quot;Kultura&quot;","block_context":{"text":"Kultura","link":"https:\/\/www.shqiperia.com\/blog\/category\/kultura\/"},"img":{"alt_text":"","src":"https:\/\/i0.wp.com\/www.shqiperia.com\/blog\/wp-content\/uploads\/2018\/03\/Skenderbeu-i-pa-fat-Botim-i-pare.-3.jpg?fit=712%2C653&ssl=1&resize=350%2C200","width":350,"height":200,"srcset":"https:\/\/i0.wp.com\/www.shqiperia.com\/blog\/wp-content\/uploads\/2018\/03\/Skenderbeu-i-pa-fat-Botim-i-pare.-3.jpg?fit=712%2C653&ssl=1&resize=350%2C200 1x, https:\/\/i0.wp.com\/www.shqiperia.com\/blog\/wp-content\/uploads\/2018\/03\/Skenderbeu-i-pa-fat-Botim-i-pare.-3.jpg?fit=712%2C653&ssl=1&resize=525%2C300 1.5x, https:\/\/i0.wp.com\/www.shqiperia.com\/blog\/wp-content\/uploads\/2018\/03\/Skenderbeu-i-pa-fat-Botim-i-pare.-3.jpg?fit=712%2C653&ssl=1&resize=700%2C400 2x"},"classes":[]},{"id":98736,"url":"https:\/\/www.shqiperia.com\/blog\/berisha-denoncon-rama-po-zhben-portin-e-durresit-pasi-iu-zhduk-arabi-tha-do-ndertoj\/","url_meta":{"origin":41648,"position":1},"title":"Berisha denoncon: &#8211; Rama po zhb\u00ebn Portin e Durr\u00ebsit, pasi iu zhduk arabi tha do nd\u00ebrtoj..","author":"Kurt Farka","date":"March 27, 2026","format":false,"excerpt":"27 Mars 2026 Kryetari i Partis\u00eb Demokratike, Sali Berisha gjat\u00eb takimit n\u00eb selin\u00eb blu me Departamentin e \u00c7\u00ebshtjeve Sociale hodhi akuza t\u00eb r\u00ebnda ndaj kryeministrit Edi Rama, se jo vet\u00ebm i ka varf\u00ebruar shqiptar\u00ebt, por edhe ka boshatisur Shqip\u00ebrin\u00eb me mbi 1 milion\u00eb t\u00eb larguar, sikurse projektet serbe p\u00ebr boshatisjen\u2026","rel":"","context":"In &quot;Blogu i Udh\u00ebtarit&quot;","block_context":{"text":"Blogu i Udh\u00ebtarit","link":"https:\/\/www.shqiperia.com\/blog\/category\/blogu-i-udhetarit\/"},"img":{"alt_text":"","src":"https:\/\/i0.wp.com\/www.shqiperia.com\/blog\/wp-content\/uploads\/2026\/03\/Edi-Rama-6.jpg?fit=1200%2C676&ssl=1&resize=350%2C200","width":350,"height":200,"srcset":"https:\/\/i0.wp.com\/www.shqiperia.com\/blog\/wp-content\/uploads\/2026\/03\/Edi-Rama-6.jpg?fit=1200%2C676&ssl=1&resize=350%2C200 1x, https:\/\/i0.wp.com\/www.shqiperia.com\/blog\/wp-content\/uploads\/2026\/03\/Edi-Rama-6.jpg?fit=1200%2C676&ssl=1&resize=525%2C300 1.5x, https:\/\/i0.wp.com\/www.shqiperia.com\/blog\/wp-content\/uploads\/2026\/03\/Edi-Rama-6.jpg?fit=1200%2C676&ssl=1&resize=700%2C400 2x, https:\/\/i0.wp.com\/www.shqiperia.com\/blog\/wp-content\/uploads\/2026\/03\/Edi-Rama-6.jpg?fit=1200%2C676&ssl=1&resize=1050%2C600 3x"},"classes":[]},{"id":98303,"url":"https:\/\/www.shqiperia.com\/blog\/kulti-i-mithras-arkeologet-gjejne-shenja-te-nje-feje-te-lashte-misterioze-vetem-per-burra-ne-gjermani\/","url_meta":{"origin":41648,"position":2},"title":"Kulti i Mithras: Arkeolog\u00ebt gjejn\u00eb shenja t\u00eb nj\u00eb feje t\u00eb lasht\u00eb misterioze vet\u00ebm p\u00ebr burra n\u00eb Gjermani","author":"Kurt Farka","date":"March 11, 2026","format":false,"excerpt":"11 Mars 2026 Gjat\u00eb g\u00ebrmimeve t\u00eb fundit n\u00eb qytetin e vjet\u00ebr t\u00eb Regensburgut, arkeolog\u00ebt gjerman\u00eb zbuluan nj\u00eb tempull kushtuar per\u00ebndis\u00eb Mithras. Meqen\u00ebse nd\u00ebrtesa fillimisht ishte nd\u00ebrtuar prej druri, vet\u00ebm disa mbetje strukturore kan\u00eb mbijetuar. Megjithat\u00eb, gjetje t\u00eb tilla si nj\u00eb gur kushtimi i mbishkruar dhe fragmente pllakash kushtimi metalike tregojn\u00eb\u2026","rel":"","context":"In &quot;Histori&quot;","block_context":{"text":"Histori","link":"https:\/\/www.shqiperia.com\/blog\/category\/histori\/"},"img":{"alt_text":"","src":"https:\/\/i0.wp.com\/www.shqiperia.com\/blog\/wp-content\/uploads\/2026\/03\/auto_Screenshot_311772627288.jpg?fit=900%2C533&ssl=1&resize=350%2C200","width":350,"height":200,"srcset":"https:\/\/i0.wp.com\/www.shqiperia.com\/blog\/wp-content\/uploads\/2026\/03\/auto_Screenshot_311772627288.jpg?fit=900%2C533&ssl=1&resize=350%2C200 1x, https:\/\/i0.wp.com\/www.shqiperia.com\/blog\/wp-content\/uploads\/2026\/03\/auto_Screenshot_311772627288.jpg?fit=900%2C533&ssl=1&resize=525%2C300 1.5x, https:\/\/i0.wp.com\/www.shqiperia.com\/blog\/wp-content\/uploads\/2026\/03\/auto_Screenshot_311772627288.jpg?fit=900%2C533&ssl=1&resize=700%2C400 2x"},"classes":[]},{"id":88444,"url":"https:\/\/www.shqiperia.com\/blog\/shfaqet-ishulli-fantazme-prane-azerbajxhanit-nasa-publikon-pamjet\/","url_meta":{"origin":41648,"position":3},"title":"Shfaqet ishulli \u201cfantazm\u00eb\u201d pran\u00eb Azerbajxhanit, NASA publikon pamjet","author":"Kurt Farka","date":"January 15, 2025","format":false,"excerpt":"15 Janar 2025 Ideja e nj\u00eb ishulli \"fantazm\u00eb\" mund t\u00eb duket si nj\u00eb koncept nga nj\u00eb episod i \u201cScooby Doo\u201d, por ajo \u00ebsht\u00eb b\u00ebr\u00eb realitet n\u00eb Detin Kaspik. Satelit\u00ebt e NASA-s kan\u00eb zbuluar nj\u00eb ishull misterioz q\u00eb m\u00eb pas \u00ebsht\u00eb zhdukur plot\u00ebsisht. Ishulli dyshohet t\u00eb ket\u00eb dal\u00eb nga nj\u00eb shp\u00ebrthim\u2026","rel":"","context":"In &quot;Blogu i Udh\u00ebtarit&quot;","block_context":{"text":"Blogu i Udh\u00ebtarit","link":"https:\/\/www.shqiperia.com\/blog\/category\/blogu-i-udhetarit\/"},"img":{"alt_text":"","src":"https:\/\/i0.wp.com\/www.shqiperia.com\/blog\/wp-content\/uploads\/2025\/01\/900-0-1736785241xishulli-okkk-496.jpg?fit=900%2C588&ssl=1&resize=350%2C200","width":350,"height":200,"srcset":"https:\/\/i0.wp.com\/www.shqiperia.com\/blog\/wp-content\/uploads\/2025\/01\/900-0-1736785241xishulli-okkk-496.jpg?fit=900%2C588&ssl=1&resize=350%2C200 1x, https:\/\/i0.wp.com\/www.shqiperia.com\/blog\/wp-content\/uploads\/2025\/01\/900-0-1736785241xishulli-okkk-496.jpg?fit=900%2C588&ssl=1&resize=525%2C300 1.5x, https:\/\/i0.wp.com\/www.shqiperia.com\/blog\/wp-content\/uploads\/2025\/01\/900-0-1736785241xishulli-okkk-496.jpg?fit=900%2C588&ssl=1&resize=700%2C400 2x"},"classes":[]},{"id":57932,"url":"https:\/\/www.shqiperia.com\/blog\/dubai-zhduket-ndertesa-me-e-larte-ne-bote-stuhia-e-reres-perpin-ne-pak-sekonda-burj-khalifa-n\/","url_meta":{"origin":41648,"position":4},"title":"Dubai: &#8211; \u201cZhduket\u201d nd\u00ebrtesa m\u00eb e lart\u00eb n\u00eb bot\u00eb, stuhia e r\u00ebr\u00ebs \u2018p\u00ebrpin\u2019 n\u00eb pak sekonda Burj Khalifa-n","author":"Kurt Farka","date":"May 18, 2022","format":false,"excerpt":"Dubai: - \u201cZhduket\u201d nd\u00ebrtesa m\u00eb e lart\u00eb n\u00eb bot\u00eb, stuhia e r\u00ebr\u00ebs \u2018p\u00ebrpin\u2019 n\u00eb pak sekonda Burj Khalifa-n 18 MAJ 2022 Mij\u00ebra n\u00eb spital me probleme t\u00eb frym\u00ebmarrjes. Nd\u00ebrtesa m\u00eb e lart\u00eb n\u00eb bot\u00eb u duk se u zhduk pasi nj\u00eb shtres\u00eb gri pluhuri mbuloi qytetin , pas dit\u00ebsh t\u00eb\u2026","rel":"","context":"In &quot;Blogu i Udh\u00ebtarit&quot;","block_context":{"text":"Blogu i Udh\u00ebtarit","link":"https:\/\/www.shqiperia.com\/blog\/category\/blogu-i-udhetarit\/"},"img":{"alt_text":"","src":"https:\/\/i0.wp.com\/www.shqiperia.com\/blog\/wp-content\/uploads\/2022\/05\/Dubaj.jpg?fit=640%2C362&ssl=1&resize=350%2C200","width":350,"height":200,"srcset":"https:\/\/i0.wp.com\/www.shqiperia.com\/blog\/wp-content\/uploads\/2022\/05\/Dubaj.jpg?fit=640%2C362&ssl=1&resize=350%2C200 1x, https:\/\/i0.wp.com\/www.shqiperia.com\/blog\/wp-content\/uploads\/2022\/05\/Dubaj.jpg?fit=640%2C362&ssl=1&resize=525%2C300 1.5x"},"classes":[]},{"id":61833,"url":"https:\/\/www.shqiperia.com\/blog\/foto-ufo-t-tmerrojne-qytetaret-disku-fluturues-shfaqet-ne-qiell-menjehere-pas-stuhise\/","url_meta":{"origin":41648,"position":5},"title":"FOTO\/ UFO-t tmerrojn\u00eb qytetar\u00ebt, disku fluturues shfaqet n\u00eb qiell menj\u00ebher\u00eb pas stuhis\u00eb","author":"Kurt Farka","date":"September 6, 2022","format":false,"excerpt":"6 Shtator 2022 Nj\u00eb foto tep\u00ebr e qart\u00eb dyshohet se tregon nj\u00eb UFO me nj\u00eb disk fluturues q\u00eb vler\u00ebsohet t\u00eb jet\u00eb me nj\u00eb diamet\u00ebr rreth 15 metra, i cili shfaqet pas nj\u00eb stuhie p\u00ebrpara se t\u00eb zhduket n\u00eb hap\u00ebsir\u00eb. Seria e imazheve q\u00eb tregojn\u00eb objektin e rrumbullak\u00ebt prej argjendi kan\u00eb\u2026","rel":"","context":"In &quot;Blogu i Udh\u00ebtarit&quot;","block_context":{"text":"Blogu i Udh\u00ebtarit","link":"https:\/\/www.shqiperia.com\/blog\/category\/blogu-i-udhetarit\/"},"img":{"alt_text":"","src":"https:\/\/i0.wp.com\/www.shqiperia.com\/blog\/wp-content\/uploads\/2022\/09\/640-0-6317584c29501.png?fit=640%2C339&ssl=1&resize=350%2C200","width":350,"height":200,"srcset":"https:\/\/i0.wp.com\/www.shqiperia.com\/blog\/wp-content\/uploads\/2022\/09\/640-0-6317584c29501.png?fit=640%2C339&ssl=1&resize=350%2C200 1x, https:\/\/i0.wp.com\/www.shqiperia.com\/blog\/wp-content\/uploads\/2022\/09\/640-0-6317584c29501.png?fit=640%2C339&ssl=1&resize=525%2C300 1.5x"},"classes":[]}],"_links":{"self":[{"href":"https:\/\/www.shqiperia.com\/blog\/wp-json\/wp\/v2\/posts\/41648","targetHints":{"allow":["GET"]}}],"collection":[{"href":"https:\/\/www.shqiperia.com\/blog\/wp-json\/wp\/v2\/posts"}],"about":[{"href":"https:\/\/www.shqiperia.com\/blog\/wp-json\/wp\/v2\/types\/post"}],"author":[{"embeddable":true,"href":"https:\/\/www.shqiperia.com\/blog\/wp-json\/wp\/v2\/users\/9"}],"replies":[{"embeddable":true,"href":"https:\/\/www.shqiperia.com\/blog\/wp-json\/wp\/v2\/comments?post=41648"}],"version-history":[{"count":1,"href":"https:\/\/www.shqiperia.com\/blog\/wp-json\/wp\/v2\/posts\/41648\/revisions"}],"predecessor-version":[{"id":41652,"href":"https:\/\/www.shqiperia.com\/blog\/wp-json\/wp\/v2\/posts\/41648\/revisions\/41652"}],"wp:featuredmedia":[{"embeddable":true,"href":"https:\/\/www.shqiperia.com\/blog\/wp-json\/wp\/v2\/media\/41649"}],"wp:attachment":[{"href":"https:\/\/www.shqiperia.com\/blog\/wp-json\/wp\/v2\/media?parent=41648"}],"wp:term":[{"taxonomy":"category","embeddable":true,"href":"https:\/\/www.shqiperia.com\/blog\/wp-json\/wp\/v2\/categories?post=41648"},{"taxonomy":"post_tag","embeddable":true,"href":"https:\/\/www.shqiperia.com\/blog\/wp-json\/wp\/v2\/tags?post=41648"}],"curies":[{"name":"wp","href":"https:\/\/api.w.org\/{rel}","templated":true}]}}