{"id":41643,"date":"2020-12-08T02:47:31","date_gmt":"2020-12-08T02:47:31","guid":{"rendered":"https:\/\/www.shqiperia.com\/blog\/?p=41643"},"modified":"2020-12-08T02:47:31","modified_gmt":"2020-12-08T02:47:31","slug":"tradita-te-vjetra-shqiptare-te-merrje-nuse-ne-rugove-duhej-pergatitur-si-per-lufte","status":"publish","type":"post","link":"https:\/\/www.shqiperia.com\/blog\/tradita-te-vjetra-shqiptare-te-merrje-nuse-ne-rugove-duhej-pergatitur-si-per-lufte\/","title":{"rendered":"Tradita t\u00eb vjetra shqiptare: &#8211; T\u00eb merrje nuse n\u00eb Rugov\u00eb, duhej p\u00ebrgatitur si p\u00ebr luft\u00eb"},"content":{"rendered":"<p><img data-recalc-dims=\"1\" loading=\"lazy\" decoding=\"async\" data-attachment-id=\"41644\" data-permalink=\"https:\/\/www.shqiperia.com\/blog\/tradita-te-vjetra-shqiptare-te-merrje-nuse-ne-rugove-duhej-pergatitur-si-per-lufte\/images-78\/\" data-orig-file=\"https:\/\/i0.wp.com\/www.shqiperia.com\/blog\/wp-content\/uploads\/2020\/12\/images-1.jpg?fit=275%2C183&amp;ssl=1\" data-orig-size=\"275,183\" data-comments-opened=\"1\" data-image-meta=\"{&quot;aperture&quot;:&quot;0&quot;,&quot;credit&quot;:&quot;&quot;,&quot;camera&quot;:&quot;&quot;,&quot;caption&quot;:&quot;&quot;,&quot;created_timestamp&quot;:&quot;0&quot;,&quot;copyright&quot;:&quot;&quot;,&quot;focal_length&quot;:&quot;0&quot;,&quot;iso&quot;:&quot;0&quot;,&quot;shutter_speed&quot;:&quot;0&quot;,&quot;title&quot;:&quot;&quot;,&quot;orientation&quot;:&quot;0&quot;}\" data-image-title=\"images\" data-image-description=\"\" data-image-caption=\"\" data-medium-file=\"https:\/\/i0.wp.com\/www.shqiperia.com\/blog\/wp-content\/uploads\/2020\/12\/images-1.jpg?fit=275%2C183&amp;ssl=1\" data-large-file=\"https:\/\/i0.wp.com\/www.shqiperia.com\/blog\/wp-content\/uploads\/2020\/12\/images-1.jpg?fit=275%2C183&amp;ssl=1\" class=\"alignnone  wp-image-41644\" alt=\"\" src=\"https:\/\/i0.wp.com\/www.shqiperia.com\/blog\/wp-content\/uploads\/2020\/12\/images-1.jpg?resize=487%2C323&#038;ssl=1\" width=\"487\" height=\"323\" \/><\/p>\n<p><strong>Tradita t\u00eb vjetra shqiptare: &#8211; T\u00eb merrje nuse n\u00eb Rugov\u00eb, duhej p\u00ebrgatitur si p\u00ebr luft\u00eb<\/strong><\/p>\n<p>Vesel Nikqi ka dekada q\u00eb \u00ebsht\u00eb valltar i njohur, nj\u00ebkoh\u00ebsisht udh\u00ebheq\u00ebs i ansamblit \u201cRugova\u201d.<\/p>\n<p>Jo vet\u00ebm q\u00eb \u00ebsht\u00eb i pasionuar p\u00ebr t\u00eb ruajtur<\/p>\n<div id=\"attachment_41645\" style=\"width: 589px\" class=\"wp-caption alignnone\"><img data-recalc-dims=\"1\" loading=\"lazy\" decoding=\"async\" aria-describedby=\"caption-attachment-41645\" data-attachment-id=\"41645\" data-permalink=\"https:\/\/www.shqiperia.com\/blog\/tradita-te-vjetra-shqiptare-te-merrje-nuse-ne-rugove-duhej-pergatitur-si-per-lufte\/vesel-nikqi\/\" data-orig-file=\"https:\/\/i0.wp.com\/www.shqiperia.com\/blog\/wp-content\/uploads\/2020\/12\/Vesel-Nikqi.jpg?fit=850%2C478&amp;ssl=1\" data-orig-size=\"850,478\" data-comments-opened=\"1\" data-image-meta=\"{&quot;aperture&quot;:&quot;0&quot;,&quot;credit&quot;:&quot;&quot;,&quot;camera&quot;:&quot;&quot;,&quot;caption&quot;:&quot;&quot;,&quot;created_timestamp&quot;:&quot;0&quot;,&quot;copyright&quot;:&quot;&quot;,&quot;focal_length&quot;:&quot;0&quot;,&quot;iso&quot;:&quot;0&quot;,&quot;shutter_speed&quot;:&quot;0&quot;,&quot;title&quot;:&quot;&quot;,&quot;orientation&quot;:&quot;0&quot;}\" data-image-title=\"Vesel Nikqi\" data-image-description=\"\" data-image-caption=\"&lt;p&gt;Vesel Nikqi&lt;\/p&gt;\n\" data-medium-file=\"https:\/\/i0.wp.com\/www.shqiperia.com\/blog\/wp-content\/uploads\/2020\/12\/Vesel-Nikqi.jpg?fit=300%2C169&amp;ssl=1\" data-large-file=\"https:\/\/i0.wp.com\/www.shqiperia.com\/blog\/wp-content\/uploads\/2020\/12\/Vesel-Nikqi.jpg?fit=850%2C478&amp;ssl=1\" class=\" wp-image-41645\" alt=\"\" src=\"https:\/\/i0.wp.com\/www.shqiperia.com\/blog\/wp-content\/uploads\/2020\/12\/Vesel-Nikqi.jpg?resize=579%2C326&#038;ssl=1\" width=\"579\" height=\"326\" srcset=\"https:\/\/i0.wp.com\/www.shqiperia.com\/blog\/wp-content\/uploads\/2020\/12\/Vesel-Nikqi.jpg?resize=300%2C169&amp;ssl=1 300w, https:\/\/i0.wp.com\/www.shqiperia.com\/blog\/wp-content\/uploads\/2020\/12\/Vesel-Nikqi.jpg?resize=768%2C432&amp;ssl=1 768w, https:\/\/i0.wp.com\/www.shqiperia.com\/blog\/wp-content\/uploads\/2020\/12\/Vesel-Nikqi.jpg?resize=450%2C253&amp;ssl=1 450w, https:\/\/i0.wp.com\/www.shqiperia.com\/blog\/wp-content\/uploads\/2020\/12\/Vesel-Nikqi.jpg?resize=600%2C337&amp;ssl=1 600w, https:\/\/i0.wp.com\/www.shqiperia.com\/blog\/wp-content\/uploads\/2020\/12\/Vesel-Nikqi.jpg?resize=400%2C225&amp;ssl=1 400w, https:\/\/i0.wp.com\/www.shqiperia.com\/blog\/wp-content\/uploads\/2020\/12\/Vesel-Nikqi.jpg?w=850&amp;ssl=1 850w\" sizes=\"auto, (max-width: 579px) 100vw, 579px\" \/><p id=\"caption-attachment-41645\" class=\"wp-caption-text\">Vesel Nikqi<\/p><\/div>\n<p>muzik\u00ebn popullore por edhe traditat q\u00eb e ve\u00e7ojn\u00eb vendlindjen e tij.<\/p>\n<p>\u201cEtnoregjioni i Rugov\u00ebs \u00ebsht\u00eb nj\u00eb prej gjasht\u00eb etnoregjioneve q\u00eb e specifikojn\u00eb etnikumin shqiptar n\u00eb Kosov\u00eb. T\u00eb gjitha k\u00ebto tregojn\u00eb se shqiptar\u00ebt kan\u00eb nj\u00eb kultur\u00eb jasht\u00ebzakonisht t\u00eb vjet\u00ebr dhe ajo \u00ebsht\u00eb nd\u00ebr m\u00eb t\u00eb ruajturat n\u00eb Ballkan dhe Evrop\u00eb\u201d, tregon Vesel Nikqi.<\/p>\n<p>P\u00ebr dallim nga odat n\u00eb rrafshin e Dukagjinit, Rugova ka praktikuar Kanunin e Malit dhe mikpritja \u00ebsht\u00eb b\u00ebr\u00eb n\u00eb ambientin ku t\u00eb pranish\u00ebm jan\u00eb t\u00eb gjith\u00eb familjar\u00ebt.<\/p>\n<p>\u201cMysafiri \u00ebsht\u00eb pritur n\u00eb dhom\u00ebn e dit\u00ebs ku ka jetuar e gjith\u00eb familja. Nuk kan\u00eb pasur ndonj\u00eb od\u00eb t\u00eb ndar\u00eb. Aty nuk ka pasur as ndarje mes grave dhe burrave si\u00e7 ishte specifik n\u00eb etnoregjionet tjera. Mysafir\u00ebt jan\u00eb pritur me buk\u00eb, krip e z\u00ebm\u00ebr. Nuk kan\u00eb b\u00ebr\u00eb dallime nga familjar\u00ebt e tjer\u00eb por thjesht \u00e7ka kan\u00eb pasur. Edhe t\u00eb nes\u00ebrmen kur \u00ebsht\u00eb p\u00ebrcjell\u00eb mysafirit i \u00ebsht\u00eb dh\u00ebn\u00eb buka me vete pasi nuk \u00ebsht\u00eb ditur ku e z\u00eb dita apo nata\u201d, tregon Nikqi.<\/p>\n<p>Mysafiri \u00ebsht\u00eb konsideruar aq i r\u00ebnd\u00ebsish\u00ebm saq\u00eb edhe kur ka shkuar \u00ebsht\u00eb p\u00ebrcjell deri n\u00eb dalje t\u00eb fshatit.<\/p>\n<p>\u201cMysafiri ka qen\u00eb n\u00ebn mbrojtje t\u00eb zotit t\u00eb sht\u00ebpis\u00eb. Ai \u00ebsht\u00eb p\u00ebrcjell\u00eb deri n\u00eb dalje t\u00eb zon\u00ebs se mos po i ndodh di\u00e7ka e p\u00ebrgjegj\u00ebsia binte mbi nikoqirin\u201d.<\/p>\n<p><img data-recalc-dims=\"1\" loading=\"lazy\" decoding=\"async\" data-attachment-id=\"41646\" data-permalink=\"https:\/\/www.shqiperia.com\/blog\/tradita-te-vjetra-shqiptare-te-merrje-nuse-ne-rugove-duhej-pergatitur-si-per-lufte\/download-106\/\" data-orig-file=\"https:\/\/i0.wp.com\/www.shqiperia.com\/blog\/wp-content\/uploads\/2020\/12\/download-4.jpg?fit=168%2C234&amp;ssl=1\" data-orig-size=\"168,234\" data-comments-opened=\"1\" data-image-meta=\"{&quot;aperture&quot;:&quot;0&quot;,&quot;credit&quot;:&quot;&quot;,&quot;camera&quot;:&quot;&quot;,&quot;caption&quot;:&quot;&quot;,&quot;created_timestamp&quot;:&quot;0&quot;,&quot;copyright&quot;:&quot;&quot;,&quot;focal_length&quot;:&quot;0&quot;,&quot;iso&quot;:&quot;0&quot;,&quot;shutter_speed&quot;:&quot;0&quot;,&quot;title&quot;:&quot;&quot;,&quot;orientation&quot;:&quot;0&quot;}\" data-image-title=\"download\" data-image-description=\"\" data-image-caption=\"\" data-medium-file=\"https:\/\/i0.wp.com\/www.shqiperia.com\/blog\/wp-content\/uploads\/2020\/12\/download-4.jpg?fit=168%2C234&amp;ssl=1\" data-large-file=\"https:\/\/i0.wp.com\/www.shqiperia.com\/blog\/wp-content\/uploads\/2020\/12\/download-4.jpg?fit=168%2C234&amp;ssl=1\" class=\"alignnone  wp-image-41646\" alt=\"\" src=\"https:\/\/i0.wp.com\/www.shqiperia.com\/blog\/wp-content\/uploads\/2020\/12\/download-4.jpg?resize=363%2C506&#038;ssl=1\" width=\"363\" height=\"506\" \/><\/p>\n<p>Martesa ka pasur nj\u00eb ceremoni t\u00eb ve\u00e7ant\u00eb, por duke pasur parasysh q\u00eb Rugova \u00ebsht\u00eb nj\u00eb vend malor, gjithmon\u00eb krushqit, personat q\u00eb kan\u00eb shkuar p\u00ebr t\u00eb marr\u00eb nusen \u00ebsht\u00eb dashur t\u00eb p\u00ebrgatiten si p\u00ebr t\u00eb shkuar n\u00eb luft\u00eb.<\/p>\n<p>\u201cGjat\u00eb shkuarjes krushqi jan\u00eb b\u00ebr\u00eb loj\u00ebra t\u00eb ndryshme. Por gjat\u00eb rrug\u00ebs gjithmon\u00eb \u00ebsht\u00eb b\u00ebr\u00eb kujdes mos po dalin pirat\u00ebt apo si\u00e7 quheshin cubat e malit e ua marrin nusen. N\u00ebse cubat kan\u00eb qen\u00eb t\u00eb fort\u00eb ua kan\u00eb marr\u00eb nusen dhe i kan\u00eb l\u00ebn\u00eb krushqit pa nuse. Ka pasur edhe luft\u00eb mes pal\u00ebve. Jan\u00eb edhe varrezat e krushqve si d\u00ebshmi. N\u00eb t\u00eb kaluar\u00ebn ka pasur edhe gj\u00ebra t\u00eb tilla. Pra kur \u00ebsht\u00eb thirr dikush p\u00ebr t\u00eb shkuar krushqi ai \u00ebsht\u00eb dashur t\u00eb p\u00ebrgatitet sikur t\u00eb shkoj\u00eb n\u00eb luft\u00eb. Nuk ka shkuar gjithkush krushqi, por m\u00eb i pashmi, m\u00eb i forti etj.\u201d, rr\u00ebfen m\u00eb tej Nikqi.<\/p>\n<p>T\u00eb shumta kan\u00eb qen\u00eb edhe rastet kur vajzat jan\u00eb grabitur. E n\u00eb k\u00ebto situata p\u00ebrfundimet nuk kan\u00eb qen\u00eb t\u00eb mira deri n\u00eb momentin kur nuk jan\u00eb pajtuar dy familjet.<\/p>\n<p>Nikqi thot\u00eb se n\u00eb rastet kur nuk kan\u00eb mundur t\u00eb b\u00ebhen pajtimet, q\u00eb fshatrat t\u00eb jetojn\u00eb n\u00eb paqe personat q\u00eb ishin n\u00eb hakmarrje kan\u00eb jetuar n\u00eb kullat e njohura si t\u00eb ngujimit.<\/p>\n<p>Mes tjerash, ai tregon q\u00eb nj\u00eb grua n\u00eb familje ka pasur nj\u00eb vler\u00eb t\u00eb madhe saq\u00eb ka ndaluar edhe konflikte.<\/p>\n<p>Burrnesha \u00ebsht\u00eb term shum\u00eb i d\u00ebgjuar, por jo i preferuar e Vesel Nikqin shpjegon dometh\u00ebnien e tyre.<\/p>\n<p>Madje, tregon se si femrat e tilla kan\u00eb martuar burrat e tyre.<\/p>\n<p>Me 70 vite mbi supe uron q\u00eb gjeneratat e reja ti ruajn\u00eb traditat dhe ti kujtojn\u00eb ato.<\/p>\n<p>Gazeta Bota Sot<\/p>\n","protected":false},"excerpt":{"rendered":"<p>Tradita t\u00eb vjetra shqiptare: &#8211; T\u00eb merrje nuse n\u00eb Rugov\u00eb, duhej p\u00ebrgatitur si p\u00ebr luft\u00eb Vesel Nikqi ka dekada q\u00eb \u00ebsht\u00eb valltar i njohur, nj\u00ebkoh\u00ebsisht udh\u00ebheq\u00ebs i ansamblit \u201cRugova\u201d. Jo vet\u00ebm q\u00eb \u00ebsht\u00eb i pasionuar p\u00ebr t\u00eb ruajtur muzik\u00ebn popullore por edhe traditat q\u00eb e ve\u00e7ojn\u00eb vendlindjen e tij. \u201cEtnoregjioni i Rugov\u00ebs \u00ebsht\u00eb nj\u00eb prej [&hellip;]<\/p>\n","protected":false},"author":9,"featured_media":41644,"comment_status":"open","ping_status":"open","sticky":false,"template":"","format":"standard","meta":{"jetpack_post_was_ever_published":false,"_jetpack_newsletter_access":"","_jetpack_dont_email_post_to_subs":false,"_jetpack_newsletter_tier_id":0,"_jetpack_memberships_contains_paywalled_content":false,"_jetpack_memberships_contains_paid_content":false,"footnotes":"","jetpack_publicize_message":"","jetpack_publicize_feature_enabled":true,"jetpack_social_post_already_shared":true,"jetpack_social_options":{"image_generator_settings":{"template":"highway","default_image_id":0,"font":"","enabled":false},"version":2}},"categories":[87,10,86],"tags":[],"class_list":["post-41643","post","type-post","status-publish","format-standard","has-post-thumbnail","hentry","category-arte","category-kultura","category-trashegimi-kulturore"],"jetpack_publicize_connections":[],"jetpack_featured_media_url":"https:\/\/i0.wp.com\/www.shqiperia.com\/blog\/wp-content\/uploads\/2020\/12\/images-1.jpg?fit=275%2C183&ssl=1","jetpack_sharing_enabled":true,"jetpack_shortlink":"https:\/\/wp.me\/p5Z6wp-aPF","jetpack-related-posts":[{"id":30174,"url":"https:\/\/www.shqiperia.com\/blog\/guri-i-zbuluar-ne-rugove-te-pejes-4000-vjet-i-vjeter\/","url_meta":{"origin":41643,"position":0},"title":"Guri i zbuluar n\u00eb Rugov\u00eb t\u00eb Pej\u00ebs, 4000 vjet i vjet\u00ebr","author":"Kurt Farka","date":"January 10, 2020","format":false,"excerpt":"Guri i zbuluar n\u00eb Rugov\u00eb t\u00eb Pej\u00ebs, 4000 vjet i vjet\u00ebr Nj\u00eb gur i rrall\u00eb parahistorik, i zbuluar n\u00eb Rugov\u00eb t\u00eb Pej\u00ebs nga veprimtari e humanisti, Besnik Lajqi, ka ngjallur interesimin edhe t\u00eb arkeolog\u00ebve dhe t\u00eb historian\u00ebve t\u00eb njohur shqiptar\u00eb. Arkeologu e historiani i njohur Neritan Ceka, ka b\u00ebr\u00eb \u201cleximin\u201d\u2026","rel":"","context":"In &quot;Blogu i Udh\u00ebtarit&quot;","block_context":{"text":"Blogu i Udh\u00ebtarit","link":"https:\/\/www.shqiperia.com\/blog\/category\/blogu-i-udhetarit\/"},"img":{"alt_text":"","src":"https:\/\/i0.wp.com\/www.shqiperia.com\/blog\/wp-content\/uploads\/2020\/01\/Guri-i-zbuluar-n%C3%AB-Rugov%C3%AB-t%C3%AB-Pej%C3%ABs-4000-vjet-i-vjet%C3%ABr-2.jpg?fit=900%2C601&ssl=1&resize=350%2C200","width":350,"height":200,"srcset":"https:\/\/i0.wp.com\/www.shqiperia.com\/blog\/wp-content\/uploads\/2020\/01\/Guri-i-zbuluar-n%C3%AB-Rugov%C3%AB-t%C3%AB-Pej%C3%ABs-4000-vjet-i-vjet%C3%ABr-2.jpg?fit=900%2C601&ssl=1&resize=350%2C200 1x, https:\/\/i0.wp.com\/www.shqiperia.com\/blog\/wp-content\/uploads\/2020\/01\/Guri-i-zbuluar-n%C3%AB-Rugov%C3%AB-t%C3%AB-Pej%C3%ABs-4000-vjet-i-vjet%C3%ABr-2.jpg?fit=900%2C601&ssl=1&resize=525%2C300 1.5x, https:\/\/i0.wp.com\/www.shqiperia.com\/blog\/wp-content\/uploads\/2020\/01\/Guri-i-zbuluar-n%C3%AB-Rugov%C3%AB-t%C3%AB-Pej%C3%ABs-4000-vjet-i-vjet%C3%ABr-2.jpg?fit=900%2C601&ssl=1&resize=700%2C400 2x"},"classes":[]},{"id":71297,"url":"https:\/\/www.shqiperia.com\/blog\/pedagogu-i-arkitektures-ish-piramida-si-nuse-fshati-autori-nuk-u-pyet-rama-a-do-lejonte-ti-nderhynin-ne-piktura\/","url_meta":{"origin":41643,"position":1},"title":"Pedagogu i Arkitektur\u00ebs: &#8211; Ish-Piramida si nuse fshati! Autori nuk u pyet, Rama a do lejonte t&#8217;i nd\u00ebrhynin n\u00eb piktura?!","author":"Kurt Farka","date":"May 9, 2023","format":false,"excerpt":"9 Maji 2023 Rijet\u00ebzimi i ish-Piramid\u00ebs ka rikthyer edhe nj\u00ebher\u00eb debatin mbi tjet\u00ebrsimin e saj. Petri Ilo, pedagog n\u00eb Universitetin e Arkitektur\u00ebs dhe Urbanistik\u00ebs prej 38 vitesh, i ftuar n\u00eb \"Ora e Betit\" ju referua si nj\u00eb nuse fshati. \"Preferova t\u00eb vij me Besim Daj\u00ebn, themeluesin e shkoll\u00ebs s\u00eb Arkitektur\u00ebs\u2026","rel":"","context":"In &quot;Blogu i Udh\u00ebtarit&quot;","block_context":{"text":"Blogu i Udh\u00ebtarit","link":"https:\/\/www.shqiperia.com\/blog\/category\/blogu-i-udhetarit\/"},"img":{"alt_text":"","src":"https:\/\/i0.wp.com\/www.shqiperia.com\/blog\/wp-content\/uploads\/2023\/05\/345225178_226821366643785_1564042961700634121_n.jpg?fit=1200%2C755&ssl=1&resize=350%2C200","width":350,"height":200,"srcset":"https:\/\/i0.wp.com\/www.shqiperia.com\/blog\/wp-content\/uploads\/2023\/05\/345225178_226821366643785_1564042961700634121_n.jpg?fit=1200%2C755&ssl=1&resize=350%2C200 1x, https:\/\/i0.wp.com\/www.shqiperia.com\/blog\/wp-content\/uploads\/2023\/05\/345225178_226821366643785_1564042961700634121_n.jpg?fit=1200%2C755&ssl=1&resize=525%2C300 1.5x, https:\/\/i0.wp.com\/www.shqiperia.com\/blog\/wp-content\/uploads\/2023\/05\/345225178_226821366643785_1564042961700634121_n.jpg?fit=1200%2C755&ssl=1&resize=700%2C400 2x, https:\/\/i0.wp.com\/www.shqiperia.com\/blog\/wp-content\/uploads\/2023\/05\/345225178_226821366643785_1564042961700634121_n.jpg?fit=1200%2C755&ssl=1&resize=1050%2C600 3x"},"classes":[]},{"id":70088,"url":"https:\/\/www.shqiperia.com\/blog\/botimet-shqip-ne-shek-xvi-me-alfabet-latin-yll-rugova-rasti-i-budit-gdhendja-e-germave-shqip-nje-vit-para-vdekjes-mbikeqyri-vet-procesin-e-perbashketa-me-buzukun\/","url_meta":{"origin":41643,"position":2},"title":"Botimet shqip n\u00eb shek. XVI me alfabet latin, Yll Rugova: &#8211; Rasti i Budit, gdhendja e germave shqip nj\u00eb vit para vdekjes, mbik\u00ebqyri vet procesin! &#8211; E p\u00ebrbashk\u00ebta me Buzukun","author":"Kurt Farka","date":"March 26, 2023","format":false,"excerpt":"Nga Anila Dedaj\u00a0 N\u00eb nj\u00eb koh\u00eb q\u00eb shumica e botimeve n\u00eb shqip t\u00eb shekullit XVI dhe XVII jan\u00eb n\u00eb alfabetin latin, studiuesi i tipografis\u00eb Yll Rugova shpjegon gdhendjen e germave shqip t\u00eb dy librave t\u00eb Pjet\u00ebr Budit n\u00eb 1621 n\u00eb Itali. K\u00ebto jan\u00eb sh\u00ebnimet mbi pagesat e 1000 kopjeve t\u00eb\u2026","rel":"","context":"In &quot;Histori&quot;","block_context":{"text":"Histori","link":"https:\/\/www.shqiperia.com\/blog\/category\/histori\/"},"img":{"alt_text":"","src":"https:\/\/i0.wp.com\/www.shqiperia.com\/blog\/wp-content\/uploads\/2023\/03\/800-0-641e94e6c0f5c.jpg?fit=800%2C533&ssl=1&resize=350%2C200","width":350,"height":200,"srcset":"https:\/\/i0.wp.com\/www.shqiperia.com\/blog\/wp-content\/uploads\/2023\/03\/800-0-641e94e6c0f5c.jpg?fit=800%2C533&ssl=1&resize=350%2C200 1x, https:\/\/i0.wp.com\/www.shqiperia.com\/blog\/wp-content\/uploads\/2023\/03\/800-0-641e94e6c0f5c.jpg?fit=800%2C533&ssl=1&resize=525%2C300 1.5x, https:\/\/i0.wp.com\/www.shqiperia.com\/blog\/wp-content\/uploads\/2023\/03\/800-0-641e94e6c0f5c.jpg?fit=800%2C533&ssl=1&resize=700%2C400 2x"},"classes":[]},{"id":98449,"url":"https:\/\/www.shqiperia.com\/blog\/u-nda-nga-jeta-lahutari-rugovas-rrustem-bajrami-imeraliaj-1932-2026\/","url_meta":{"origin":41643,"position":3},"title":"U nda nga jeta lahutari rugovas Rrustem Bajrami-Imeraliaj, 1932-2026","author":"Kurt Farka","date":"March 17, 2026","format":false,"excerpt":"17 Mars 2026 Rrustem Bajrami-Imeraliaj vdiq m\u00eb 2 mars 2026 Lahutari rugovas, Rrustem Bajrami, i v\u00ebllaz\u00ebris\u00eb s\u00eb madhe Nik\u00e7i, vdiq n\u00eb mosh\u00ebn 94-vje\u00e7are. Lahut\u00ebn, q\u00eb i ra rreth 80 vjet pa u ndalur, sidomos n\u00eb koh\u00ebn e rob\u00ebris\u00eb, ua la pasardh\u00ebsve. Ishte i lindur n\u00eb katundin Shtupeq i Madh, Rugov\u00eb,\u2026","rel":"","context":"In &quot;Arte&quot;","block_context":{"text":"Arte","link":"https:\/\/www.shqiperia.com\/blog\/category\/arte\/"},"img":{"alt_text":"","src":"https:\/\/i0.wp.com\/www.shqiperia.com\/blog\/wp-content\/uploads\/2026\/03\/Lahutari-rugovas-Rrustem-Bajrami.jpg?fit=1026%2C827&ssl=1&resize=350%2C200","width":350,"height":200,"srcset":"https:\/\/i0.wp.com\/www.shqiperia.com\/blog\/wp-content\/uploads\/2026\/03\/Lahutari-rugovas-Rrustem-Bajrami.jpg?fit=1026%2C827&ssl=1&resize=350%2C200 1x, https:\/\/i0.wp.com\/www.shqiperia.com\/blog\/wp-content\/uploads\/2026\/03\/Lahutari-rugovas-Rrustem-Bajrami.jpg?fit=1026%2C827&ssl=1&resize=525%2C300 1.5x, https:\/\/i0.wp.com\/www.shqiperia.com\/blog\/wp-content\/uploads\/2026\/03\/Lahutari-rugovas-Rrustem-Bajrami.jpg?fit=1026%2C827&ssl=1&resize=700%2C400 2x"},"classes":[]},{"id":24752,"url":"https:\/\/www.shqiperia.com\/blog\/mandrica-fshati-shqiptar-ne-bullgari-qe-ende-ruan-tradita-shqiptare\/","url_meta":{"origin":41643,"position":4},"title":"Mandrica, fshati shqiptar n\u00eb Bullgari q\u00eb ende ruan tradita shqiptare","author":"Kurt Farka","date":"August 14, 2019","format":false,"excerpt":"Mandrica, fshati shqiptar n\u00eb Bullgari q\u00eb ende ruan tradita shqiptare Mandrica, fshati shqiptar n\u00eb Bullgari, q\u00eb shquhej p\u00ebr arkitektur\u00ebn unike dhe gjuh\u00ebn e vecant\u00eb. Gjurm\u00ebt\u00a0 shqiptare vazhdojn\u00eb t\u00eb shfaqen akoma n\u00eb shtete t\u00eb ndryshme t\u00eb Ballkanit e k\u00ebsaj rradhe n\u00eb shtetin bullgar. Mandrica \u00ebsht\u00eb fshati i krijuar nga tre v\u00ebllez\u00ebr\u2026","rel":"","context":"In &quot;Histori&quot;","block_context":{"text":"Histori","link":"https:\/\/www.shqiperia.com\/blog\/category\/histori\/"},"img":{"alt_text":"","src":"https:\/\/i0.wp.com\/www.shqiperia.com\/blog\/wp-content\/uploads\/2019\/08\/0f3b66abff76d083936d01437895cc51.jpg?fit=680%2C382&ssl=1&resize=350%2C200","width":350,"height":200,"srcset":"https:\/\/i0.wp.com\/www.shqiperia.com\/blog\/wp-content\/uploads\/2019\/08\/0f3b66abff76d083936d01437895cc51.jpg?fit=680%2C382&ssl=1&resize=350%2C200 1x, https:\/\/i0.wp.com\/www.shqiperia.com\/blog\/wp-content\/uploads\/2019\/08\/0f3b66abff76d083936d01437895cc51.jpg?fit=680%2C382&ssl=1&resize=525%2C300 1.5x"},"classes":[]},{"id":73630,"url":"https:\/\/www.shqiperia.com\/blog\/etno-fest-tradita-folklori-dhe-trashegimia-qe-sjell-edicioni-i-13-te\/","url_meta":{"origin":41643,"position":5},"title":"Etno Fest: &#8211; Tradita, folklori dhe trash\u00ebgimia q\u00eb sjell edicioni i 13-t\u00eb","author":"Kurt Farka","date":"August 18, 2023","format":false,"excerpt":"17 Gusht 2023 Etno Fest-i n\u00eb Prishtin\u00eb, vazhdon t\u00eb t\u00ebrheq\u00eb nj\u00eb num\u00ebr t\u00eb lart\u00eb dashamir\u00ebsish t\u00eb tradit\u00ebs, folklorit e trash\u00ebgimis\u00eb kulturore, n\u00eb k\u00ebt\u00eb edicion t\u00eb 13-t\u00eb t\u00eb tij. Programi i pasur e i kuruar me shum\u00eb kujdes, q\u00eb do t\u00eb vijoj\u00eb deri m\u00eb 20 gusht, ofron p\u00ebr publikun ekspozita t\u00eb\u2026","rel":"","context":"In &quot;Blogu i Udh\u00ebtarit&quot;","block_context":{"text":"Blogu i Udh\u00ebtarit","link":"https:\/\/www.shqiperia.com\/blog\/category\/blogu-i-udhetarit\/"},"img":{"alt_text":"","src":"https:\/\/i0.wp.com\/www.shqiperia.com\/blog\/wp-content\/uploads\/2023\/08\/640-0-etno-fest12-1692355470.jpg?fit=640%2C436&ssl=1&resize=350%2C200","width":350,"height":200,"srcset":"https:\/\/i0.wp.com\/www.shqiperia.com\/blog\/wp-content\/uploads\/2023\/08\/640-0-etno-fest12-1692355470.jpg?fit=640%2C436&ssl=1&resize=350%2C200 1x, https:\/\/i0.wp.com\/www.shqiperia.com\/blog\/wp-content\/uploads\/2023\/08\/640-0-etno-fest12-1692355470.jpg?fit=640%2C436&ssl=1&resize=525%2C300 1.5x"},"classes":[]}],"_links":{"self":[{"href":"https:\/\/www.shqiperia.com\/blog\/wp-json\/wp\/v2\/posts\/41643","targetHints":{"allow":["GET"]}}],"collection":[{"href":"https:\/\/www.shqiperia.com\/blog\/wp-json\/wp\/v2\/posts"}],"about":[{"href":"https:\/\/www.shqiperia.com\/blog\/wp-json\/wp\/v2\/types\/post"}],"author":[{"embeddable":true,"href":"https:\/\/www.shqiperia.com\/blog\/wp-json\/wp\/v2\/users\/9"}],"replies":[{"embeddable":true,"href":"https:\/\/www.shqiperia.com\/blog\/wp-json\/wp\/v2\/comments?post=41643"}],"version-history":[{"count":1,"href":"https:\/\/www.shqiperia.com\/blog\/wp-json\/wp\/v2\/posts\/41643\/revisions"}],"predecessor-version":[{"id":41647,"href":"https:\/\/www.shqiperia.com\/blog\/wp-json\/wp\/v2\/posts\/41643\/revisions\/41647"}],"wp:featuredmedia":[{"embeddable":true,"href":"https:\/\/www.shqiperia.com\/blog\/wp-json\/wp\/v2\/media\/41644"}],"wp:attachment":[{"href":"https:\/\/www.shqiperia.com\/blog\/wp-json\/wp\/v2\/media?parent=41643"}],"wp:term":[{"taxonomy":"category","embeddable":true,"href":"https:\/\/www.shqiperia.com\/blog\/wp-json\/wp\/v2\/categories?post=41643"},{"taxonomy":"post_tag","embeddable":true,"href":"https:\/\/www.shqiperia.com\/blog\/wp-json\/wp\/v2\/tags?post=41643"}],"curies":[{"name":"wp","href":"https:\/\/api.w.org\/{rel}","templated":true}]}}