{"id":41633,"date":"2020-12-07T13:46:41","date_gmt":"2020-12-07T13:46:41","guid":{"rendered":"https:\/\/www.shqiperia.com\/blog\/?p=41633"},"modified":"2020-12-07T13:46:41","modified_gmt":"2020-12-07T13:46:41","slug":"zbulohen-dy-varre-antike-ne-parkun-e-amantias-kreu-i-trashegimise-kulturore-njeri-duhet-ti-perkase-shek-iii-ii-para-krishtit-dhe-tjetri-periudhes-otomane","status":"publish","type":"post","link":"https:\/\/www.shqiperia.com\/blog\/zbulohen-dy-varre-antike-ne-parkun-e-amantias-kreu-i-trashegimise-kulturore-njeri-duhet-ti-perkase-shek-iii-ii-para-krishtit-dhe-tjetri-periudhes-otomane\/","title":{"rendered":"Zbulohen dy varre antike n\u00eb parkun e Amantias! Kreu i Trash\u00ebgimis\u00eb kulturore: Nj\u00ebri duhet t&#8217;i p\u00ebrkas\u00eb shek. III-II para Krishtit dhe tjetri periudh\u00ebs otomane"},"content":{"rendered":"<p><img data-recalc-dims=\"1\" loading=\"lazy\" decoding=\"async\" data-attachment-id=\"41634\" data-permalink=\"https:\/\/www.shqiperia.com\/blog\/zbulohen-dy-varre-antike-ne-parkun-e-amantias-kreu-i-trashegimise-kulturore-njeri-duhet-ti-perkase-shek-iii-ii-para-krishtit-dhe-tjetri-periudhes-otomane\/maxresdefault-56\/\" data-orig-file=\"https:\/\/i0.wp.com\/www.shqiperia.com\/blog\/wp-content\/uploads\/2020\/12\/maxresdefault-2.jpg?fit=1129%2C592&amp;ssl=1\" data-orig-size=\"1129,592\" data-comments-opened=\"1\" data-image-meta=\"{&quot;aperture&quot;:&quot;0&quot;,&quot;credit&quot;:&quot;&quot;,&quot;camera&quot;:&quot;&quot;,&quot;caption&quot;:&quot;&quot;,&quot;created_timestamp&quot;:&quot;0&quot;,&quot;copyright&quot;:&quot;&quot;,&quot;focal_length&quot;:&quot;0&quot;,&quot;iso&quot;:&quot;0&quot;,&quot;shutter_speed&quot;:&quot;0&quot;,&quot;title&quot;:&quot;&quot;,&quot;orientation&quot;:&quot;0&quot;}\" data-image-title=\"maxresdefault\" data-image-description=\"\" data-image-caption=\"\" data-medium-file=\"https:\/\/i0.wp.com\/www.shqiperia.com\/blog\/wp-content\/uploads\/2020\/12\/maxresdefault-2.jpg?fit=300%2C157&amp;ssl=1\" data-large-file=\"https:\/\/i0.wp.com\/www.shqiperia.com\/blog\/wp-content\/uploads\/2020\/12\/maxresdefault-2.jpg?fit=1024%2C537&amp;ssl=1\" class=\"alignnone  wp-image-41634\" alt=\"\" src=\"https:\/\/i0.wp.com\/www.shqiperia.com\/blog\/wp-content\/uploads\/2020\/12\/maxresdefault-2.jpg?resize=529%2C277&#038;ssl=1\" width=\"529\" height=\"277\" srcset=\"https:\/\/i0.wp.com\/www.shqiperia.com\/blog\/wp-content\/uploads\/2020\/12\/maxresdefault-2.jpg?resize=300%2C157&amp;ssl=1 300w, https:\/\/i0.wp.com\/www.shqiperia.com\/blog\/wp-content\/uploads\/2020\/12\/maxresdefault-2.jpg?resize=1024%2C537&amp;ssl=1 1024w, https:\/\/i0.wp.com\/www.shqiperia.com\/blog\/wp-content\/uploads\/2020\/12\/maxresdefault-2.jpg?resize=768%2C403&amp;ssl=1 768w, https:\/\/i0.wp.com\/www.shqiperia.com\/blog\/wp-content\/uploads\/2020\/12\/maxresdefault-2.jpg?resize=450%2C236&amp;ssl=1 450w, https:\/\/i0.wp.com\/www.shqiperia.com\/blog\/wp-content\/uploads\/2020\/12\/maxresdefault-2.jpg?resize=600%2C315&amp;ssl=1 600w, https:\/\/i0.wp.com\/www.shqiperia.com\/blog\/wp-content\/uploads\/2020\/12\/maxresdefault-2.jpg?resize=400%2C210&amp;ssl=1 400w, https:\/\/i0.wp.com\/www.shqiperia.com\/blog\/wp-content\/uploads\/2020\/12\/maxresdefault-2.jpg?w=1129&amp;ssl=1 1129w\" sizes=\"auto, (max-width: 529px) 100vw, 529px\" \/><\/p>\n<p><strong>Zbulohen dy varre antike n\u00eb parkun e Amantias! Kreu i Trash\u00ebgimis\u00eb kulturore: Nj\u00ebri duhet t&#8217;i p\u00ebrkas\u00eb shek. III-II para Krishtit dhe tjetri periudh\u00ebs otomane <\/strong><\/p>\n<p><strong>6 dhjetor 2020<\/strong><\/p>\n<p><em>Arkeolog\u00ebt jan\u00eb surprizuar s\u00ebrish n\u00eb qytetin Ilir i Amantias n\u00eb Vlor\u00eb. Gjat\u00eb g\u00ebrmimeve t\u00eb shp\u00ebtimit p\u00ebr nj\u00eb varr monumental q\u00eb ndodhet brenda parkut, jan\u00eb zbuluar edhe dy varre t\u00eb tjera.<\/em><\/p>\n<p><strong>VLOR\u00cb<\/strong>&#8211; Arkeolog\u00ebt jan\u00eb surprizuar s\u00ebrish n\u00eb qytetin Ilir i Amantias n\u00eb Vlor\u00eb. Gjat\u00eb g\u00ebrmimeve t\u00eb shp\u00ebtimit p\u00ebr nj\u00eb varr monumental q\u00eb ndodhet brenda parkut, jan\u00eb zbuluar edhe dy varre t\u00eb tjera. Sipas kreut t\u00eb Drejtoris\u00eb \u00a0Rajonale t\u00eb Trash\u00ebgimis\u00eb Kulturore Orges Feimi vler\u00ebsohet se varri i par\u00eb \u00ebsht\u00eb me muratur\u00eb tulle dhe i p\u00ebrket shek. III-II para lindjes s\u00eb Krishtit, nd\u00ebrsa brenda tij jan\u00eb gjetur edhe disa objekte.<\/p>\n<p>Nd\u00ebrsa varri i dyt\u00eb i zbuluar mbi port\u00ebn me hark n\u00eb qytetin ilir t\u00eb Amantias vler\u00ebsohet se i p\u00ebrket periudh\u00ebs otomane.<\/p>\n<p><img data-recalc-dims=\"1\" loading=\"lazy\" decoding=\"async\" data-attachment-id=\"41635\" data-permalink=\"https:\/\/www.shqiperia.com\/blog\/zbulohen-dy-varre-antike-ne-parkun-e-amantias-kreu-i-trashegimise-kulturore-njeri-duhet-ti-perkase-shek-iii-ii-para-krishtit-dhe-tjetri-periudhes-otomane\/maxresdefault-57\/\" data-orig-file=\"https:\/\/i0.wp.com\/www.shqiperia.com\/blog\/wp-content\/uploads\/2020\/12\/maxresdefault-3.jpg?fit=1129%2C592&amp;ssl=1\" data-orig-size=\"1129,592\" data-comments-opened=\"1\" data-image-meta=\"{&quot;aperture&quot;:&quot;0&quot;,&quot;credit&quot;:&quot;&quot;,&quot;camera&quot;:&quot;&quot;,&quot;caption&quot;:&quot;&quot;,&quot;created_timestamp&quot;:&quot;0&quot;,&quot;copyright&quot;:&quot;&quot;,&quot;focal_length&quot;:&quot;0&quot;,&quot;iso&quot;:&quot;0&quot;,&quot;shutter_speed&quot;:&quot;0&quot;,&quot;title&quot;:&quot;&quot;,&quot;orientation&quot;:&quot;0&quot;}\" data-image-title=\"maxresdefault\" data-image-description=\"\" data-image-caption=\"\" data-medium-file=\"https:\/\/i0.wp.com\/www.shqiperia.com\/blog\/wp-content\/uploads\/2020\/12\/maxresdefault-3.jpg?fit=300%2C157&amp;ssl=1\" data-large-file=\"https:\/\/i0.wp.com\/www.shqiperia.com\/blog\/wp-content\/uploads\/2020\/12\/maxresdefault-3.jpg?fit=1024%2C537&amp;ssl=1\" class=\"alignnone  wp-image-41635\" alt=\"\" src=\"https:\/\/i0.wp.com\/www.shqiperia.com\/blog\/wp-content\/uploads\/2020\/12\/maxresdefault-3.jpg?resize=739%2C387&#038;ssl=1\" width=\"739\" height=\"387\" srcset=\"https:\/\/i0.wp.com\/www.shqiperia.com\/blog\/wp-content\/uploads\/2020\/12\/maxresdefault-3.jpg?resize=300%2C157&amp;ssl=1 300w, https:\/\/i0.wp.com\/www.shqiperia.com\/blog\/wp-content\/uploads\/2020\/12\/maxresdefault-3.jpg?resize=1024%2C537&amp;ssl=1 1024w, https:\/\/i0.wp.com\/www.shqiperia.com\/blog\/wp-content\/uploads\/2020\/12\/maxresdefault-3.jpg?resize=768%2C403&amp;ssl=1 768w, https:\/\/i0.wp.com\/www.shqiperia.com\/blog\/wp-content\/uploads\/2020\/12\/maxresdefault-3.jpg?resize=450%2C236&amp;ssl=1 450w, https:\/\/i0.wp.com\/www.shqiperia.com\/blog\/wp-content\/uploads\/2020\/12\/maxresdefault-3.jpg?resize=600%2C315&amp;ssl=1 600w, https:\/\/i0.wp.com\/www.shqiperia.com\/blog\/wp-content\/uploads\/2020\/12\/maxresdefault-3.jpg?resize=400%2C210&amp;ssl=1 400w, https:\/\/i0.wp.com\/www.shqiperia.com\/blog\/wp-content\/uploads\/2020\/12\/maxresdefault-3.jpg?w=1129&amp;ssl=1 1129w\" sizes=\"auto, (max-width: 739px) 100vw, 739px\" \/><\/p>\n<p><em>&#8220;K\u00ebto zbulime konfirmojn\u00eb nj\u00eb datim t\u00eb parkut arkeologjik t\u00eb Amantias. Do t\u00eb vecoja dhe zbulimin n\u00eb g\u00ebrmimin e shp\u00ebtimit q\u00eb u krye n\u00eb varrin tjet\u00ebr, pjes\u00eb e akropolit i cili ndodhej mbi port\u00ebn me hark t\u00eb qytetit ilir t\u00eb Amantias ku nga vler\u00ebsimet p[araprake ne mendojm\u00eb se ky varr i p\u00ebrket periudh\u00ebs otomane pasi p\u00ebrve\u00e7 en\u00ebve qeramike t\u00eb gjetura, u gjend\u00ebn edhe disa monedha t\u00eb ndryshme brenda varreve antike. Ne kemi evidentuar 4 apo 5 pika t\u00eb tjera brenda k\u00ebtij parku, t\u00eb cilat ne presim t\u00eb nisim g\u00ebrmimet q\u00eb ti shtohen edhe disa monumente t\u00eb tjera pjes\u00eb e k\u00ebtij parku p\u00ebr t&#8217;u shtuar. Objektet e gjetura do t\u00eb ruhen, ndodhet n\u00eb zyrat e Drejtoris\u00eb Rajonale, do t\u00eb studiohen restaurohen dhe m\u00eb pas do t\u00eb gjendet vendi ku do t\u00eb ekspozohen&#8221;, tha Feimi.<\/em><\/p>\n<p><strong><em>Dy varret antike t\u00eb zbuluara n\u00eb parkun e Amantias<\/em><\/strong><\/p>\n<p>K\u00ebto varre jan\u00eb nj\u00eb vler\u00ebs e shtuar p\u00ebr parkun arkeologjik dhe sipas drejtorit Feimi, ato do t\u00eb ndryshojn\u00eb t\u00eb ardhmen e k\u00ebsaj zone historike.<\/p>\n<p>Krahas pasurimit t\u00eb parkut arkeologjik me monumente t\u00eb reja p\u00ebr t\u2019u vizituar dhe t\u00eb dh\u00ebna me r\u00ebnd\u00ebsi p\u00ebr historin\u00eb e qendr\u00ebs antike, nga g\u00ebrmimet e k\u00ebtij viti u rikuperuan objekte t\u00eb nj\u00eb r\u00ebnd\u00ebsie t\u00eb ve\u00e7ant\u00eb q\u00eb do t\u00eb pasurojn\u00eb stendat e muzeve lokal dhe komb\u00ebtar.<\/p>\n<p>Dy varret antike t\u00eb zbuluara n\u00eb parkun e Amantias<\/p>\n<p>B.K.\/Shqiptarja.com<\/p>\n","protected":false},"excerpt":{"rendered":"<p>Zbulohen dy varre antike n\u00eb parkun e Amantias! Kreu i Trash\u00ebgimis\u00eb kulturore: Nj\u00ebri duhet t&#8217;i p\u00ebrkas\u00eb shek. III-II para Krishtit dhe tjetri periudh\u00ebs otomane 6 dhjetor 2020 Arkeolog\u00ebt jan\u00eb surprizuar s\u00ebrish n\u00eb qytetin Ilir i Amantias n\u00eb Vlor\u00eb. Gjat\u00eb g\u00ebrmimeve t\u00eb shp\u00ebtimit p\u00ebr nj\u00eb varr monumental q\u00eb ndodhet brenda parkut, jan\u00eb zbuluar edhe dy varre [&hellip;]<\/p>\n","protected":false},"author":9,"featured_media":41634,"comment_status":"open","ping_status":"open","sticky":false,"template":"","format":"standard","meta":{"jetpack_post_was_ever_published":false,"_jetpack_newsletter_access":"","_jetpack_dont_email_post_to_subs":false,"_jetpack_newsletter_tier_id":0,"_jetpack_memberships_contains_paywalled_content":false,"_jetpack_memberships_contains_paid_content":false,"footnotes":"","jetpack_publicize_message":"","jetpack_publicize_feature_enabled":true,"jetpack_social_post_already_shared":true,"jetpack_social_options":{"image_generator_settings":{"template":"highway","default_image_id":0,"font":"","enabled":false},"version":2}},"categories":[85,10,86],"tags":[],"class_list":["post-41633","post","type-post","status-publish","format-standard","has-post-thumbnail","hentry","category-histori","category-kultura","category-trashegimi-kulturore"],"jetpack_publicize_connections":[],"jetpack_featured_media_url":"https:\/\/i0.wp.com\/www.shqiperia.com\/blog\/wp-content\/uploads\/2020\/12\/maxresdefault-2.jpg?fit=1129%2C592&ssl=1","jetpack_sharing_enabled":true,"jetpack_shortlink":"https:\/\/wp.me\/p5Z6wp-aPv","jetpack-related-posts":[{"id":48082,"url":"https:\/\/www.shqiperia.com\/blog\/amantia-zbulohet-struktura-arkitektonike-e-varrit-monumental\/","url_meta":{"origin":41633,"position":0},"title":"Amantia, zbulohet struktura arkitektonike e varrit monumental","author":"Kurt Farka","date":"June 23, 2021","format":false,"excerpt":"Amantia, zbulohet struktura arkitektonike e varrit monumental 23 QERSHOR 2021 G\u00ebrmimet arkeologjike t\u00eb shp\u00ebtimit n\u00eb varrez\u00ebn antike t\u00eb parkut arkeologjik t\u00eb Amantias p\u00ebrfunduan pas dy muajve. N\u00eb p\u00ebrfundim t\u00eb tyre, Drejtoria Rajonale e Trash\u00ebgimis\u00eb Kulturore Vlor\u00eb shprehet se Amantia surprizon p\u00ebrs\u00ebri. \u201cSi rezultat i g\u00ebrmimit arkeologjik t\u00eb kryer n\u00eb harkun\u2026","rel":"","context":"In &quot;Histori&quot;","block_context":{"text":"Histori","link":"https:\/\/www.shqiperia.com\/blog\/category\/histori\/"},"img":{"alt_text":"","src":"https:\/\/i0.wp.com\/www.shqiperia.com\/blog\/wp-content\/uploads\/2021\/06\/800-0-60d2cbdfef9a7.jpg?fit=800%2C536&ssl=1&resize=350%2C200","width":350,"height":200,"srcset":"https:\/\/i0.wp.com\/www.shqiperia.com\/blog\/wp-content\/uploads\/2021\/06\/800-0-60d2cbdfef9a7.jpg?fit=800%2C536&ssl=1&resize=350%2C200 1x, https:\/\/i0.wp.com\/www.shqiperia.com\/blog\/wp-content\/uploads\/2021\/06\/800-0-60d2cbdfef9a7.jpg?fit=800%2C536&ssl=1&resize=525%2C300 1.5x, https:\/\/i0.wp.com\/www.shqiperia.com\/blog\/wp-content\/uploads\/2021\/06\/800-0-60d2cbdfef9a7.jpg?fit=800%2C536&ssl=1&resize=700%2C400 2x"},"classes":[]},{"id":30389,"url":"https:\/\/www.shqiperia.com\/blog\/parku-i-amantias-nderhyrje-konservuese-dhe-restauruese\/","url_meta":{"origin":41633,"position":1},"title":"Parku i Amantias, nd\u00ebrhyrje konservuese dhe restauruese.","author":"Kurt Farka","date":"January 16, 2020","format":false,"excerpt":"Parku i Amantias, nd\u00ebrhyrje konservuese dhe restauruese. Gjat\u00eb \u00a0vitit 2019, n\u00eb kuad\u00ebr t\u00eb projektit \u201cNd\u00ebrhyrje rehabilituese dhe konservuese n\u00eb nekropolin e Parkut Arkeologjik t\u00eb Amantias\u201d, Drejtoria Rajonale e Kultur\u00ebs Komb\u00ebtare Vlor\u00eb n\u00eb partneritet me European Heritage Volunteers realizoi disa nd\u00ebrhyrje konservuese dhe restauruese n\u00eb varret monumentale t\u00eb k\u00ebtij nekropoli. DRKK\u2026","rel":"","context":"In &quot;Histori&quot;","block_context":{"text":"Histori","link":"https:\/\/www.shqiperia.com\/blog\/category\/histori\/"},"img":{"alt_text":"","src":"https:\/\/i0.wp.com\/www.shqiperia.com\/blog\/wp-content\/uploads\/2020\/01\/amantia-Arkeologji.jpg?resize=350%2C200&ssl=1","width":350,"height":200,"srcset":"https:\/\/i0.wp.com\/www.shqiperia.com\/blog\/wp-content\/uploads\/2020\/01\/amantia-Arkeologji.jpg?resize=350%2C200&ssl=1 1x, https:\/\/i0.wp.com\/www.shqiperia.com\/blog\/wp-content\/uploads\/2020\/01\/amantia-Arkeologji.jpg?resize=525%2C300&ssl=1 1.5x"},"classes":[]},{"id":89315,"url":"https:\/\/www.shqiperia.com\/blog\/amantia-arti-i-ndertimit-te-qyteterimit-ilir\/","url_meta":{"origin":41633,"position":2},"title":"Amantia, arti i nd\u00ebrtimit t\u00eb qytet\u00ebrimit ilir","author":"Kurt Farka","date":"February 9, 2025","format":false,"excerpt":"9 Shkurt 2025 Qyteti antik i Amantias, Monument Kulture, pret e p\u00ebrcjell vizitor\u00eb vendas e t\u00eb huaj t\u00eb ardhur enkas p\u00ebr t\u00eb zbuluar artin e nd\u00ebrtimit t\u00eb qytet\u00ebrimit ilir. Muret fortifikuese t\u00eb Amantias ofrojn\u00eb nj\u00eb pamje mbres\u00ebl\u00ebn\u00ebse t\u00eb inxhinieris\u00eb dhe arkitektur\u00ebs ilire nga shekulli IV para Krishtit. Ato jan\u00eb nd\u00ebrtuar\u2026","rel":"","context":"In &quot;Blogu i Udh\u00ebtarit&quot;","block_context":{"text":"Blogu i Udh\u00ebtarit","link":"https:\/\/www.shqiperia.com\/blog\/category\/blogu-i-udhetarit\/"},"img":{"alt_text":"","src":"https:\/\/i0.wp.com\/www.shqiperia.com\/blog\/wp-content\/uploads\/2025\/02\/Amantia-arti-i-ndertimit-te-qyteterimit-ilir-3.jpg?fit=640%2C438&ssl=1&resize=350%2C200","width":350,"height":200,"srcset":"https:\/\/i0.wp.com\/www.shqiperia.com\/blog\/wp-content\/uploads\/2025\/02\/Amantia-arti-i-ndertimit-te-qyteterimit-ilir-3.jpg?fit=640%2C438&ssl=1&resize=350%2C200 1x, https:\/\/i0.wp.com\/www.shqiperia.com\/blog\/wp-content\/uploads\/2025\/02\/Amantia-arti-i-ndertimit-te-qyteterimit-ilir-3.jpg?fit=640%2C438&ssl=1&resize=525%2C300 1.5x"},"classes":[]},{"id":37389,"url":"https:\/\/www.shqiperia.com\/blog\/specialistet-e-trashegimise-kulturore-inspektime-ne-dy-objekte-kulti\/","url_meta":{"origin":41633,"position":3},"title":"Specialist\u00ebt e trash\u00ebgimis\u00eb kulturore inspektime n\u00eb dy objekte kulti","author":"Kurt Farka","date":"August 19, 2020","format":false,"excerpt":"Specialist\u00ebt e trash\u00ebgimis\u00eb kulturore inspektime n\u00eb dy objekte kulti 18 GUSHT 2020 Specialist\u00ebt e Institutit Komb\u00ebtar t\u00eb Trash\u00ebgimis\u00eb Kulturore dhe ata t\u00eb Drejtoris\u00eb Rajonale t\u00eb Trash\u00ebgimis\u00eb Kulturore Vlor\u00eb, sektori Sarand\u00eb, kryen k\u00ebto dit\u00eb nj\u00eb ekspedit\u00eb me q\u00ebllim verifikimin e gjendjes s\u00eb konservimit t\u00eb piktur\u00ebs murale n\u00eb Kish\u00ebn e Manastirit t\u00eb\u2026","rel":"","context":"In &quot;Histori&quot;","block_context":{"text":"Histori","link":"https:\/\/www.shqiperia.com\/blog\/category\/histori\/"},"img":{"alt_text":"","src":"https:\/\/i0.wp.com\/www.shqiperia.com\/blog\/wp-content\/uploads\/2020\/08\/800-0-5f3b662fecedd.jpg?fit=800%2C368&ssl=1&resize=350%2C200","width":350,"height":200,"srcset":"https:\/\/i0.wp.com\/www.shqiperia.com\/blog\/wp-content\/uploads\/2020\/08\/800-0-5f3b662fecedd.jpg?fit=800%2C368&ssl=1&resize=350%2C200 1x, https:\/\/i0.wp.com\/www.shqiperia.com\/blog\/wp-content\/uploads\/2020\/08\/800-0-5f3b662fecedd.jpg?fit=800%2C368&ssl=1&resize=525%2C300 1.5x, https:\/\/i0.wp.com\/www.shqiperia.com\/blog\/wp-content\/uploads\/2020\/08\/800-0-5f3b662fecedd.jpg?fit=800%2C368&ssl=1&resize=700%2C400 2x"},"classes":[]},{"id":11762,"url":"https:\/\/www.shqiperia.com\/blog\/zbulohen-ne-krete-dy-varre-me-artefakte-te-shtrenjta\/","url_meta":{"origin":41633,"position":4},"title":"Zbulohen n\u00eb Kret\u00eb dy varre me artefakte t\u00eb shtrenjta-","author":"Kurt Farka","date":"September 20, 2018","format":false,"excerpt":"Zbulohen n\u00eb Kret\u00eb dy varre me artefakte t\u00eb shtrenjta- Dy varre t\u00eb njer\u00ebzve t\u00eb pasur u gjet\u00ebn n\u00eb Sitia, n\u00eb Kret\u00ebn Verilindore, gjat\u00eb nj\u00eb ekspedite arkeologjike, q\u00eb vazhdon punimet q\u00eb prej 14 vitesh. Varrezat i p\u00ebrkasin periudh\u00ebs 2 800-1 700 para Krishtit. N\u00eb varrin e par\u00eb u gjet nj\u00eb arm\u00eb\u2026","rel":"","context":"In &quot;Blogu i Udh\u00ebtarit&quot;","block_context":{"text":"Blogu i Udh\u00ebtarit","link":"https:\/\/www.shqiperia.com\/blog\/category\/blogu-i-udhetarit\/"},"img":{"alt_text":"","src":"https:\/\/i0.wp.com\/www.shqiperia.com\/blog\/wp-content\/uploads\/2018\/09\/ball-2520546_960_720-905x395.jpg?fit=905%2C395&ssl=1&resize=350%2C200","width":350,"height":200,"srcset":"https:\/\/i0.wp.com\/www.shqiperia.com\/blog\/wp-content\/uploads\/2018\/09\/ball-2520546_960_720-905x395.jpg?fit=905%2C395&ssl=1&resize=350%2C200 1x, https:\/\/i0.wp.com\/www.shqiperia.com\/blog\/wp-content\/uploads\/2018\/09\/ball-2520546_960_720-905x395.jpg?fit=905%2C395&ssl=1&resize=525%2C300 1.5x, https:\/\/i0.wp.com\/www.shqiperia.com\/blog\/wp-content\/uploads\/2018\/09\/ball-2520546_960_720-905x395.jpg?fit=905%2C395&ssl=1&resize=700%2C400 2x"},"classes":[]},{"id":48490,"url":"https:\/\/www.shqiperia.com\/blog\/punetoret-shokohen-nga-ajo-qe-zbulojne-nga-germimet-ne-permet\/","url_meta":{"origin":41633,"position":5},"title":"Pun\u00ebtor\u00ebt shokohen nga ajo q\u00eb zbulojn\u00eb nga g\u00ebrmimet n\u00eb P\u00ebrmet. Ministria e Kultur\u00ebs: &#8211; Eshte varreze mesjetare.","author":"Kurt Farka","date":"July 15, 2021","format":false,"excerpt":"Pun\u00ebtor\u00ebt shokohen nga ajo q\u00eb zbulojn\u00eb nga g\u00ebrmimet n\u00eb P\u00ebrmet 15 KORRIK 2021 Ishin duke b\u00ebr\u00eb punime p\u00ebr nd\u00ebrtimin e rrug\u00ebs, Kreu i shoqat\u00ebs Anti-komuniste t\u00eb t\u00eb P\u00ebrndjekurve, Nebik \u00c7ika shprehet se \u00ebsht\u00eb zbuluar nj\u00eb varr masiv i viktimave t\u00eb diktatur\u00ebs dit\u00ebn e sotme n\u00eb P\u00ebrmet. B\u00ebhet me dije se\u2026","rel":"","context":"In &quot;Blogu i Udh\u00ebtarit&quot;","block_context":{"text":"Blogu i Udh\u00ebtarit","link":"https:\/\/www.shqiperia.com\/blog\/category\/blogu-i-udhetarit\/"},"img":{"alt_text":"","src":"https:\/\/i0.wp.com\/www.shqiperia.com\/blog\/wp-content\/uploads\/2021\/07\/800-0-60f00f74dcf0b.png?fit=800%2C507&ssl=1&resize=350%2C200","width":350,"height":200,"srcset":"https:\/\/i0.wp.com\/www.shqiperia.com\/blog\/wp-content\/uploads\/2021\/07\/800-0-60f00f74dcf0b.png?fit=800%2C507&ssl=1&resize=350%2C200 1x, https:\/\/i0.wp.com\/www.shqiperia.com\/blog\/wp-content\/uploads\/2021\/07\/800-0-60f00f74dcf0b.png?fit=800%2C507&ssl=1&resize=525%2C300 1.5x, https:\/\/i0.wp.com\/www.shqiperia.com\/blog\/wp-content\/uploads\/2021\/07\/800-0-60f00f74dcf0b.png?fit=800%2C507&ssl=1&resize=700%2C400 2x"},"classes":[]}],"_links":{"self":[{"href":"https:\/\/www.shqiperia.com\/blog\/wp-json\/wp\/v2\/posts\/41633","targetHints":{"allow":["GET"]}}],"collection":[{"href":"https:\/\/www.shqiperia.com\/blog\/wp-json\/wp\/v2\/posts"}],"about":[{"href":"https:\/\/www.shqiperia.com\/blog\/wp-json\/wp\/v2\/types\/post"}],"author":[{"embeddable":true,"href":"https:\/\/www.shqiperia.com\/blog\/wp-json\/wp\/v2\/users\/9"}],"replies":[{"embeddable":true,"href":"https:\/\/www.shqiperia.com\/blog\/wp-json\/wp\/v2\/comments?post=41633"}],"version-history":[{"count":1,"href":"https:\/\/www.shqiperia.com\/blog\/wp-json\/wp\/v2\/posts\/41633\/revisions"}],"predecessor-version":[{"id":41636,"href":"https:\/\/www.shqiperia.com\/blog\/wp-json\/wp\/v2\/posts\/41633\/revisions\/41636"}],"wp:featuredmedia":[{"embeddable":true,"href":"https:\/\/www.shqiperia.com\/blog\/wp-json\/wp\/v2\/media\/41634"}],"wp:attachment":[{"href":"https:\/\/www.shqiperia.com\/blog\/wp-json\/wp\/v2\/media?parent=41633"}],"wp:term":[{"taxonomy":"category","embeddable":true,"href":"https:\/\/www.shqiperia.com\/blog\/wp-json\/wp\/v2\/categories?post=41633"},{"taxonomy":"post_tag","embeddable":true,"href":"https:\/\/www.shqiperia.com\/blog\/wp-json\/wp\/v2\/tags?post=41633"}],"curies":[{"name":"wp","href":"https:\/\/api.w.org\/{rel}","templated":true}]}}