{"id":41183,"date":"2020-11-24T19:04:31","date_gmt":"2020-11-24T19:04:31","guid":{"rendered":"https:\/\/www.shqiperia.com\/blog\/?p=41183"},"modified":"2020-11-24T19:04:31","modified_gmt":"2020-11-24T19:04:31","slug":"ju-flet-moska-artur-kala-arma-e-fundit-e-erion-veliajt-per-falimentimin-e-rtv-ora","status":"publish","type":"post","link":"https:\/\/www.shqiperia.com\/blog\/ju-flet-moska-artur-kala-arma-e-fundit-e-erion-veliajt-per-falimentimin-e-rtv-ora\/","title":{"rendered":"\u201cJu flet Moska\u201d: &#8211; Artur Kala-arma e fundit e Erion Veliajt p\u00ebr falimentimin e Rtv Ora"},"content":{"rendered":"<p><img data-recalc-dims=\"1\" loading=\"lazy\" decoding=\"async\" data-attachment-id=\"41184\" data-permalink=\"https:\/\/www.shqiperia.com\/blog\/ju-flet-moska-artur-kala-arma-e-fundit-e-erion-veliajt-per-falimentimin-e-rtv-ora\/artur-kala-ju-flet-moska-1\/\" data-orig-file=\"https:\/\/i0.wp.com\/www.shqiperia.com\/blog\/wp-content\/uploads\/2020\/11\/artur-kala-ju-flet-moska-1.jpg?fit=1893%2C1060&amp;ssl=1\" data-orig-size=\"1893,1060\" data-comments-opened=\"1\" data-image-meta=\"{&quot;aperture&quot;:&quot;0&quot;,&quot;credit&quot;:&quot;&quot;,&quot;camera&quot;:&quot;&quot;,&quot;caption&quot;:&quot;&quot;,&quot;created_timestamp&quot;:&quot;0&quot;,&quot;copyright&quot;:&quot;&quot;,&quot;focal_length&quot;:&quot;0&quot;,&quot;iso&quot;:&quot;0&quot;,&quot;shutter_speed&quot;:&quot;0&quot;,&quot;title&quot;:&quot;&quot;,&quot;orientation&quot;:&quot;0&quot;}\" data-image-title=\"artur-kala-ju-flet-moska (1)\" data-image-description=\"\" data-image-caption=\"\" data-medium-file=\"https:\/\/i0.wp.com\/www.shqiperia.com\/blog\/wp-content\/uploads\/2020\/11\/artur-kala-ju-flet-moska-1.jpg?fit=300%2C168&amp;ssl=1\" data-large-file=\"https:\/\/i0.wp.com\/www.shqiperia.com\/blog\/wp-content\/uploads\/2020\/11\/artur-kala-ju-flet-moska-1.jpg?fit=1024%2C573&amp;ssl=1\" class=\"alignnone  wp-image-41184\" alt=\"\" src=\"https:\/\/i0.wp.com\/www.shqiperia.com\/blog\/wp-content\/uploads\/2020\/11\/artur-kala-ju-flet-moska-1.jpg?resize=552%2C309&#038;ssl=1\" width=\"552\" height=\"309\" srcset=\"https:\/\/i0.wp.com\/www.shqiperia.com\/blog\/wp-content\/uploads\/2020\/11\/artur-kala-ju-flet-moska-1.jpg?resize=300%2C168&amp;ssl=1 300w, https:\/\/i0.wp.com\/www.shqiperia.com\/blog\/wp-content\/uploads\/2020\/11\/artur-kala-ju-flet-moska-1.jpg?resize=1024%2C573&amp;ssl=1 1024w, https:\/\/i0.wp.com\/www.shqiperia.com\/blog\/wp-content\/uploads\/2020\/11\/artur-kala-ju-flet-moska-1.jpg?resize=768%2C430&amp;ssl=1 768w, https:\/\/i0.wp.com\/www.shqiperia.com\/blog\/wp-content\/uploads\/2020\/11\/artur-kala-ju-flet-moska-1.jpg?resize=1536%2C860&amp;ssl=1 1536w, https:\/\/i0.wp.com\/www.shqiperia.com\/blog\/wp-content\/uploads\/2020\/11\/artur-kala-ju-flet-moska-1.jpg?resize=450%2C252&amp;ssl=1 450w, https:\/\/i0.wp.com\/www.shqiperia.com\/blog\/wp-content\/uploads\/2020\/11\/artur-kala-ju-flet-moska-1.jpg?resize=600%2C336&amp;ssl=1 600w, https:\/\/i0.wp.com\/www.shqiperia.com\/blog\/wp-content\/uploads\/2020\/11\/artur-kala-ju-flet-moska-1.jpg?resize=1500%2C840&amp;ssl=1 1500w, https:\/\/i0.wp.com\/www.shqiperia.com\/blog\/wp-content\/uploads\/2020\/11\/artur-kala-ju-flet-moska-1.jpg?resize=1300%2C728&amp;ssl=1 1300w, https:\/\/i0.wp.com\/www.shqiperia.com\/blog\/wp-content\/uploads\/2020\/11\/artur-kala-ju-flet-moska-1.jpg?resize=400%2C224&amp;ssl=1 400w, https:\/\/i0.wp.com\/www.shqiperia.com\/blog\/wp-content\/uploads\/2020\/11\/artur-kala-ju-flet-moska-1.jpg?w=1893&amp;ssl=1 1893w\" sizes=\"auto, (max-width: 552px) 100vw, 552px\" \/><\/p>\n<p><strong>\u201cJu flet Moska\u201d: &#8211; Artur Kala-arma e fundit e Erion Veliajt p\u00ebr falimentimin e Rtv Ora<\/strong><\/p>\n<p>24\/11\/2020 &#8211; 19:52<\/p>\n<p>Lufta politike p\u00ebr goditjen e Rtv Ora dhe Ora News dhe roli i kreut t\u00eb Agjencis\u00eb p\u00ebr Administrimin e Pasurive t\u00eb Sekuestruara dhe t\u00eb Konfiskuara n\u00eb k\u00ebt\u00eb drejtim ishin n\u00eb fokus t\u00eb analiz\u00ebs s\u00eb emisionit \u201cJu flet Moska\u201d n\u00eb Rtv Ora nga Kastriot Myftaraj.<\/p>\n<p><strong>Myftaraj:\u00a0<\/strong>N\u00eb qend\u00ebr t\u00eb k\u00ebsaj fotoje \u00ebsht\u00eb Artur Kala, drejtor i Agjencis\u00eb p\u00ebr Administrimin e Pasurive t\u00eb Sekuestruara dhe t\u00eb Konfiskuara e ngritur p\u00ebr t\u00eb luftuar krimin e organizuar n\u00eb dukje por n\u00eb realitet \u00ebsht\u00eb nj\u00eb Agjenci e cila po jep goditje p\u00ebrzgjedh\u00ebse. Ka arritur deri atje sa t\u00eb marr\u00eb n\u00eb administrim me q\u00ebllim falimentimin edhe RTV Ora dhe Ora News.<\/p>\n<p>Artur Kala \u00ebsht\u00eb nj\u00eb ish-burokrat partiak lokal, ish-kryetari i PS n\u00eb Bulqiz\u00eb i cili \u00ebsht\u00eb shembulli tipik i militantit lokal q\u00eb ngrihet n\u00eb krye t\u00eb institucioneve t\u00eb r\u00ebnd\u00ebsishme shtet\u00ebrore dhe atje shkon me mend\u00ebsin\u00eb e militantit p\u00ebr t\u00eb kryer detyrat e partis\u00eb.<\/p>\n<p>\u00cbsht\u00eb i p\u00ebrzgjedhuri i Ministrit Sand\u00ebr Lleshaj, \u00ebsht\u00eb dhe vart\u00ebsi i tij. M\u00eb lart shikoni dy aministrator\u00ebt q\u00eb ka \u00e7uar Artur Kala me urdh\u00ebr t\u00eb partis\u00eb n\u00eb Rtv Ora. Djathtas n\u00eb foto shikoni Erion Veliajn, njeriu q\u00eb \u00ebsht\u00eb betuar se do ta shkat\u00ebrroj\u00eb Rtv Ora dhe me k\u00ebt\u00eb po b\u00ebn prov\u00ebn gjenerale p\u00ebr diktator t\u00eb Shqip\u00ebris\u00eb.<\/p>\n<p>Oranews<\/p>\n","protected":false},"excerpt":{"rendered":"<p>\u201cJu flet Moska\u201d: &#8211; Artur Kala-arma e fundit e Erion Veliajt p\u00ebr falimentimin e Rtv Ora 24\/11\/2020 &#8211; 19:52 Lufta politike p\u00ebr goditjen e Rtv Ora dhe Ora News dhe roli i kreut t\u00eb Agjencis\u00eb p\u00ebr Administrimin e Pasurive t\u00eb Sekuestruara dhe t\u00eb Konfiskuara n\u00eb k\u00ebt\u00eb drejtim ishin n\u00eb fokus t\u00eb analiz\u00ebs s\u00eb emisionit \u201cJu [&hellip;]<\/p>\n","protected":false},"author":9,"featured_media":41184,"comment_status":"open","ping_status":"open","sticky":false,"template":"","format":"standard","meta":{"jetpack_post_was_ever_published":false,"_jetpack_newsletter_access":"","_jetpack_dont_email_post_to_subs":false,"_jetpack_newsletter_tier_id":0,"_jetpack_memberships_contains_paywalled_content":false,"_jetpack_memberships_contains_paid_content":false,"footnotes":"","jetpack_publicize_message":"","jetpack_publicize_feature_enabled":true,"jetpack_social_post_already_shared":true,"jetpack_social_options":{"image_generator_settings":{"template":"highway","default_image_id":0,"font":"","enabled":false},"version":2}},"categories":[27,2,35],"tags":[],"class_list":["post-41183","post","type-post","status-publish","format-standard","has-post-thumbnail","hentry","category-blogu-i-udhetarit","category-politika","category-shoqerore"],"jetpack_publicize_connections":[],"jetpack_featured_media_url":"https:\/\/i0.wp.com\/www.shqiperia.com\/blog\/wp-content\/uploads\/2020\/11\/artur-kala-ju-flet-moska-1.jpg?fit=1893%2C1060&ssl=1","jetpack_sharing_enabled":true,"jetpack_shortlink":"https:\/\/wp.me\/p5Z6wp-aIf","jetpack-related-posts":[{"id":63933,"url":"https:\/\/www.shqiperia.com\/blog\/mbyllja-e-rtv-ora-bumci-ketu-ka-arritur-shqiperia-sulltanati-i-edi-rames-ka-arritur-ne-kete-pike\/","url_meta":{"origin":41183,"position":0},"title":"Mbyllja e RTV Ora. Bum\u00e7i: &#8211; K\u00ebtu ka arritur Shqip\u00ebria, sulltanati i Edi Ram\u00ebs ka arritur n\u00eb k\u00ebt\u00eb pik\u00eb","author":"Kurt Farka","date":"November 3, 2022","format":false,"excerpt":"3 Nentor 2022 An\u00ebtari i Kryesis\u00eb s\u00eb PD Aldo Bum\u00e7i thot\u00eb se shqiptar\u00ebt kan\u00eb p\u00ebrball\u00eb nj\u00eb sulltan. Gjat\u00eb nj\u00eb interviste n\u00eb Ora Ne\u00ebs me gazetarin Everest Dedaj, Bum\u00e7i u shpreh se si Rama dhe Veliaj kan\u00eb arritur n\u00eb at\u00eb pik\u00eb sat \u00eb mbyllin dhe median e lir\u00eb. Sipas tij e\u2026","rel":"","context":"In &quot;Blogu i Udh\u00ebtarit&quot;","block_context":{"text":"Blogu i Udh\u00ebtarit","link":"https:\/\/www.shqiperia.com\/blog\/category\/blogu-i-udhetarit\/"},"img":{"alt_text":"","src":"https:\/\/i0.wp.com\/www.shqiperia.com\/blog\/wp-content\/uploads\/2022\/11\/646-462-ewfeerfe-1667504517.jpg?fit=646%2C375&ssl=1&resize=350%2C200","width":350,"height":200,"srcset":"https:\/\/i0.wp.com\/www.shqiperia.com\/blog\/wp-content\/uploads\/2022\/11\/646-462-ewfeerfe-1667504517.jpg?fit=646%2C375&ssl=1&resize=350%2C200 1x, https:\/\/i0.wp.com\/www.shqiperia.com\/blog\/wp-content\/uploads\/2022\/11\/646-462-ewfeerfe-1667504517.jpg?fit=646%2C375&ssl=1&resize=525%2C300 1.5x"},"classes":[]},{"id":50881,"url":"https:\/\/www.shqiperia.com\/blog\/investigimi-rtv-ora-zhduken-2009-kg-sallam-hako-i-skaduar\/","url_meta":{"origin":41183,"position":1},"title":"Investigimi RTV Ora\/ Zhduken 2009 kg sallam HAKO i skaduar.","author":"Kurt Farka","date":"October 25, 2021","format":false,"excerpt":"Investigimi RTV Ora\/ Zhduken 2009 kg sallam HAKO i skaduar. Nga Alketa \u00c7eku 25 Tetor 2021 Konsumatori shqiptar mashtrohet p\u00ebr cil\u00ebsin\u00eb e produkteve ushqimore q\u00eb treg\u00ebtohet n\u00eb vend. K\u00ebt\u00eb e fakton edhe raporti i fundit i KLSH q\u00eb ka konstatuar shkelje te renda te inspektor\u00ebt e AKU t\u00eb cil\u00ebt ne\u2026","rel":"","context":"In &quot;Blogu i Udh\u00ebtarit&quot;","block_context":{"text":"Blogu i Udh\u00ebtarit","link":"https:\/\/www.shqiperia.com\/blog\/category\/blogu-i-udhetarit\/"},"img":{"alt_text":"","src":"https:\/\/i0.wp.com\/www.shqiperia.com\/blog\/wp-content\/uploads\/2021\/10\/640-0-cd3d56dc81f19ed57f49871c111b42c7-Copy.jpg?fit=509%2C310&ssl=1&resize=350%2C200","width":350,"height":200},"classes":[]},{"id":51628,"url":"https:\/\/www.shqiperia.com\/blog\/sondazhi-i-noto-s-rtv-ora-hoxha-kundershtia-ndaj-bashes-ne-shifra-alarmante-mbi-80-e-votuesve-pro-berishes\/","url_meta":{"origin":41183,"position":2},"title":"Sondazhi i Noto-s &amp; RTV Ora\/ Hoxha: &#8211; Kund\u00ebrshtia ndaj Bash\u00ebs n\u00eb shifra alarmante, mbi 80% e votuesve pro Berish\u00ebs","author":"Kurt Farka","date":"November 23, 2021","format":false,"excerpt":"Sondazhi i Noto-s & RTV Ora\/ Hoxha: - Kund\u00ebrshtia ndaj Bash\u00ebs n\u00eb shifra alarmante, mbi 80% e votuesve pro Berish\u00ebs 23 N\u00ebntor 2021 Gazetari Ervis Iljazaj dhe dhe analisti Artan Hoxha kan\u00eb komentuar sondazhin e RTV Ora Neto, sesa besim kan\u00eb shqiptar\u00ebt te ish-Kryeministri Sali Berisha dhe Kryedemokratit Lulzim Basha.\u2026","rel":"","context":"In &quot;Blogu i Udh\u00ebtarit&quot;","block_context":{"text":"Blogu i Udh\u00ebtarit","link":"https:\/\/www.shqiperia.com\/blog\/category\/blogu-i-udhetarit\/"},"img":{"alt_text":"","src":"https:\/\/i0.wp.com\/www.shqiperia.com\/blog\/wp-content\/uploads\/2021\/11\/Berisha-Basha-1.jpg?fit=640%2C379&ssl=1&resize=350%2C200","width":350,"height":200,"srcset":"https:\/\/i0.wp.com\/www.shqiperia.com\/blog\/wp-content\/uploads\/2021\/11\/Berisha-Basha-1.jpg?fit=640%2C379&ssl=1&resize=350%2C200 1x, https:\/\/i0.wp.com\/www.shqiperia.com\/blog\/wp-content\/uploads\/2021\/11\/Berisha-Basha-1.jpg?fit=640%2C379&ssl=1&resize=525%2C300 1.5x"},"classes":[]},{"id":38837,"url":"https:\/\/www.shqiperia.com\/blog\/zv-ministri-i-jashtem-ukrainas-paralajmeron-njohjen-e-kosoves-ekskluzive-per-rtv-ora\/","url_meta":{"origin":41183,"position":3},"title":"Zv.ministri i jasht\u00ebm ukrainas paralajm\u00ebron njohjen e Kosov\u00ebs. Ekskluzive p\u00ebr RTV Ora\/","author":"Kurt Farka","date":"September 23, 2020","format":false,"excerpt":"Zv.ministri i jasht\u00ebm ukrainas paralajm\u00ebron njohjen e Kosov\u00ebs. Ekskluzive p\u00ebr RTV Ora\/ 23\/09\/2020 Zv.ministri i jasht\u00ebm ukrainas, Vasyl Bodnar, n\u00eb nj\u00eb intervist\u00eb ekskluzive p\u00ebr gazetarin Xhoi Mal\u00ebsia n\u00eb RTV Ora, paralajm\u00ebroi nj\u00eb njohje t\u00eb mundshme t\u00eb shtetit t\u00eb Kosov\u00ebs nga Kievi zyrtar. Sipas diplomatit ukrianas, nuk duhet t\u00eb b\u00ebhen paralelizime\u2026","rel":"","context":"In &quot;Blogu i Udh\u00ebtarit&quot;","block_context":{"text":"Blogu i Udh\u00ebtarit","link":"https:\/\/www.shqiperia.com\/blog\/category\/blogu-i-udhetarit\/"},"img":{"alt_text":"","src":"https:\/\/i0.wp.com\/www.shqiperia.com\/blog\/wp-content\/uploads\/2020\/09\/maxresdefault-2.jpg?fit=1200%2C675&ssl=1&resize=350%2C200","width":350,"height":200,"srcset":"https:\/\/i0.wp.com\/www.shqiperia.com\/blog\/wp-content\/uploads\/2020\/09\/maxresdefault-2.jpg?fit=1200%2C675&ssl=1&resize=350%2C200 1x, https:\/\/i0.wp.com\/www.shqiperia.com\/blog\/wp-content\/uploads\/2020\/09\/maxresdefault-2.jpg?fit=1200%2C675&ssl=1&resize=525%2C300 1.5x, https:\/\/i0.wp.com\/www.shqiperia.com\/blog\/wp-content\/uploads\/2020\/09\/maxresdefault-2.jpg?fit=1200%2C675&ssl=1&resize=700%2C400 2x, https:\/\/i0.wp.com\/www.shqiperia.com\/blog\/wp-content\/uploads\/2020\/09\/maxresdefault-2.jpg?fit=1200%2C675&ssl=1&resize=1050%2C600 3x"},"classes":[]},{"id":63912,"url":"https:\/\/www.shqiperia.com\/blog\/gjykata-e-posacme-mbyll-rtv-ora-avokatet-akt-i-rende-u-godit-media\/","url_meta":{"origin":41183,"position":4},"title":"Gjykata e Posa\u00e7me mbyll RTV Ora. Avokat\u00ebt: &#8211; Akt i r\u00ebnd\u00eb, u godit media","author":"Kurt Farka","date":"November 3, 2022","format":false,"excerpt":"3 Nentor 2022 Gjykata e Posa\u00e7me pranon k\u00ebrkes\u00ebn e SPAK p\u00ebr t\u00eb konfiskuar pasurit\u00eb e presidentit t\u00eb \"Yldon Media Group\u201d Ylli Ndroqi. \"Bindem q\u00eb sistemi yn\u00eb ka s\u00ebmundje aq t\u00eb r\u00ebnda sa nuk besoj se do t\u00eb jepet ndonj\u00ebher\u00eb drejt\u00ebsi. Nuk e di ku i gjeti numrat.\u00a0Ky \u00ebsht\u00eb vendim q\u00eb\u2026","rel":"","context":"In &quot;Blogu i Udh\u00ebtarit&quot;","block_context":{"text":"Blogu i Udh\u00ebtarit","link":"https:\/\/www.shqiperia.com\/blog\/category\/blogu-i-udhetarit\/"},"img":{"alt_text":"","src":"https:\/\/i0.wp.com\/www.shqiperia.com\/blog\/wp-content\/uploads\/2022\/11\/ora-news.jpg?fit=900%2C528&ssl=1&resize=350%2C200","width":350,"height":200,"srcset":"https:\/\/i0.wp.com\/www.shqiperia.com\/blog\/wp-content\/uploads\/2022\/11\/ora-news.jpg?fit=900%2C528&ssl=1&resize=350%2C200 1x, https:\/\/i0.wp.com\/www.shqiperia.com\/blog\/wp-content\/uploads\/2022\/11\/ora-news.jpg?fit=900%2C528&ssl=1&resize=525%2C300 1.5x, https:\/\/i0.wp.com\/www.shqiperia.com\/blog\/wp-content\/uploads\/2022\/11\/ora-news.jpg?fit=900%2C528&ssl=1&resize=700%2C400 2x"},"classes":[]},{"id":63972,"url":"https:\/\/www.shqiperia.com\/blog\/unioni-i-gazetareve-shqiptare-profesioniste-te-diaspores-shpreh-shqetesimin-per-sjelljen-arbitrare-qe-qeveria-shqiptare-ka-ndermarr-ndaj-rtv-ora\/","url_meta":{"origin":41183,"position":5},"title":"Unioni i Gazetar\u00ebve Shqiptar\u00eb Profesionist\u00eb t\u00eb Diaspor\u00ebs shpreh shqet\u00ebsimin p\u00ebr sjelljen arbitrare q\u00eb qeveria shqiptare ka nd\u00ebrmarr ndaj RTV Ora","author":"Kurt Farka","date":"November 4, 2022","format":false,"excerpt":"4 Nentor 2022 Unioni i Gazetar\u00ebve Shqiptar\u00eb Profesionist\u00eb t\u00eb Diaspor\u00ebs shpreh shqet\u00ebsimin p\u00ebr sjelljen arbitrare q\u00eb qeveria shqiptare ka nd\u00ebrmarr ndaj RTV Ora. Sekuestrimi i nj\u00eb televizioni opozitar q\u00eb prej vitesh ka denoncuar skandale politike, afera korruptive, ka nxjerr\u00eb n\u00eb pah t\u00eb v\u00ebrteta, duke zbardhur paligjshm\u00ebrin\u00eb e drejtuesve t\u00eb lart\u00eb\u2026","rel":"","context":"In &quot;Blogu i Udh\u00ebtarit&quot;","block_context":{"text":"Blogu i Udh\u00ebtarit","link":"https:\/\/www.shqiperia.com\/blog\/category\/blogu-i-udhetarit\/"},"img":{"alt_text":"","src":"https:\/\/i0.wp.com\/www.shqiperia.com\/blog\/wp-content\/uploads\/2022\/11\/640-0-ugshpdddd-1667564651.jpg?fit=640%2C313&ssl=1&resize=350%2C200","width":350,"height":200,"srcset":"https:\/\/i0.wp.com\/www.shqiperia.com\/blog\/wp-content\/uploads\/2022\/11\/640-0-ugshpdddd-1667564651.jpg?fit=640%2C313&ssl=1&resize=350%2C200 1x, https:\/\/i0.wp.com\/www.shqiperia.com\/blog\/wp-content\/uploads\/2022\/11\/640-0-ugshpdddd-1667564651.jpg?fit=640%2C313&ssl=1&resize=525%2C300 1.5x"},"classes":[]}],"_links":{"self":[{"href":"https:\/\/www.shqiperia.com\/blog\/wp-json\/wp\/v2\/posts\/41183","targetHints":{"allow":["GET"]}}],"collection":[{"href":"https:\/\/www.shqiperia.com\/blog\/wp-json\/wp\/v2\/posts"}],"about":[{"href":"https:\/\/www.shqiperia.com\/blog\/wp-json\/wp\/v2\/types\/post"}],"author":[{"embeddable":true,"href":"https:\/\/www.shqiperia.com\/blog\/wp-json\/wp\/v2\/users\/9"}],"replies":[{"embeddable":true,"href":"https:\/\/www.shqiperia.com\/blog\/wp-json\/wp\/v2\/comments?post=41183"}],"version-history":[{"count":1,"href":"https:\/\/www.shqiperia.com\/blog\/wp-json\/wp\/v2\/posts\/41183\/revisions"}],"predecessor-version":[{"id":41185,"href":"https:\/\/www.shqiperia.com\/blog\/wp-json\/wp\/v2\/posts\/41183\/revisions\/41185"}],"wp:featuredmedia":[{"embeddable":true,"href":"https:\/\/www.shqiperia.com\/blog\/wp-json\/wp\/v2\/media\/41184"}],"wp:attachment":[{"href":"https:\/\/www.shqiperia.com\/blog\/wp-json\/wp\/v2\/media?parent=41183"}],"wp:term":[{"taxonomy":"category","embeddable":true,"href":"https:\/\/www.shqiperia.com\/blog\/wp-json\/wp\/v2\/categories?post=41183"},{"taxonomy":"post_tag","embeddable":true,"href":"https:\/\/www.shqiperia.com\/blog\/wp-json\/wp\/v2\/tags?post=41183"}],"curies":[{"name":"wp","href":"https:\/\/api.w.org\/{rel}","templated":true}]}}