{"id":41180,"date":"2020-11-24T16:10:30","date_gmt":"2020-11-24T16:10:30","guid":{"rendered":"https:\/\/www.shqiperia.com\/blog\/?p=41180"},"modified":"2020-11-24T16:10:30","modified_gmt":"2020-11-24T16:10:30","slug":"a-e-dini-se-ky-fshat-i-kosoves-ka-tre-lumenj","status":"publish","type":"post","link":"https:\/\/www.shqiperia.com\/blog\/a-e-dini-se-ky-fshat-i-kosoves-ka-tre-lumenj\/","title":{"rendered":"A e dini se ky fshat i Kosov\u00ebs ka tre lumenj"},"content":{"rendered":"<p><img data-recalc-dims=\"1\" loading=\"lazy\" decoding=\"async\" data-attachment-id=\"41181\" data-permalink=\"https:\/\/www.shqiperia.com\/blog\/a-e-dini-se-ky-fshat-i-kosoves-ka-tre-lumenj\/440px-drini_i_bardhe_weiser_drin_kosovo_-_panoramio\/\" data-orig-file=\"https:\/\/i0.wp.com\/www.shqiperia.com\/blog\/wp-content\/uploads\/2020\/11\/440px-Drini_i_Bardhe_Weiser_Drin_Kosovo_-_panoramio.jpg?fit=440%2C247&amp;ssl=1\" data-orig-size=\"440,247\" data-comments-opened=\"1\" data-image-meta=\"{&quot;aperture&quot;:&quot;0&quot;,&quot;credit&quot;:&quot;&quot;,&quot;camera&quot;:&quot;&quot;,&quot;caption&quot;:&quot;&quot;,&quot;created_timestamp&quot;:&quot;0&quot;,&quot;copyright&quot;:&quot;&quot;,&quot;focal_length&quot;:&quot;0&quot;,&quot;iso&quot;:&quot;0&quot;,&quot;shutter_speed&quot;:&quot;0&quot;,&quot;title&quot;:&quot;&quot;,&quot;orientation&quot;:&quot;0&quot;}\" data-image-title=\"440px-Drini_i_Bardh\u00eb_Wei\u00dfer_Drin_Kosovo_-_panoramio\" data-image-description=\"\" data-image-caption=\"\" data-medium-file=\"https:\/\/i0.wp.com\/www.shqiperia.com\/blog\/wp-content\/uploads\/2020\/11\/440px-Drini_i_Bardhe_Weiser_Drin_Kosovo_-_panoramio.jpg?fit=300%2C168&amp;ssl=1\" data-large-file=\"https:\/\/i0.wp.com\/www.shqiperia.com\/blog\/wp-content\/uploads\/2020\/11\/440px-Drini_i_Bardhe_Weiser_Drin_Kosovo_-_panoramio.jpg?fit=440%2C247&amp;ssl=1\" class=\"alignnone  wp-image-41181\" alt=\"\" src=\"https:\/\/i0.wp.com\/www.shqiperia.com\/blog\/wp-content\/uploads\/2020\/11\/440px-Drini_i_Bardhe_Weiser_Drin_Kosovo_-_panoramio.jpg?resize=504%2C282&#038;ssl=1\" width=\"504\" height=\"282\" srcset=\"https:\/\/i0.wp.com\/www.shqiperia.com\/blog\/wp-content\/uploads\/2020\/11\/440px-Drini_i_Bardhe_Weiser_Drin_Kosovo_-_panoramio.jpg?resize=300%2C168&amp;ssl=1 300w, https:\/\/i0.wp.com\/www.shqiperia.com\/blog\/wp-content\/uploads\/2020\/11\/440px-Drini_i_Bardhe_Weiser_Drin_Kosovo_-_panoramio.jpg?resize=400%2C225&amp;ssl=1 400w, https:\/\/i0.wp.com\/www.shqiperia.com\/blog\/wp-content\/uploads\/2020\/11\/440px-Drini_i_Bardhe_Weiser_Drin_Kosovo_-_panoramio.jpg?w=440&amp;ssl=1 440w\" sizes=\"auto, (max-width: 504px) 100vw, 504px\" \/><\/p>\n<p><strong>A e dini se ky fshat i Kosov\u00ebs ka tre lumenj<\/strong><\/p>\n<p><em>nga<\/em>\u00a0<a href=\"https:\/\/www.kosovarja-ks.com\/author\/dionita\/\"><strong>KOSOVARJA<\/strong><\/a><\/p>\n<p><strong>Dikur ia pinin ujin lumit para sht\u00ebpive. E p\u00ebrdornin edhe p\u00ebr zierje. Sot me ujin e Drenic\u00ebs nuk e ujisin as fasulen n\u00eb ara. \u201cE prish, pasuli nuk e do hi\u00e7\u201d, thekson Hanifi Sllamniku, 68 vje\u00e7, nga Vragolia e Fush\u00eb-Kosov\u00ebs. \u201cA kollomoqin, ban me ujit. A pasuli nuk ban absolut\u201d.<\/strong><\/p>\n<p>Histori t\u00eb ngjashme tregon edhe fqinji Nazmi Prebreza, 74 vje\u00e7.<\/p>\n<p>\u201cN\u00eb f\u00ebmij\u00ebri, beso bre q\u00eb kemi pi uj\u00eb n\u2019ta\u201d, thot\u00eb burri, derisa palos dru t\u00eb shkurtuara n\u00eb garazhin n\u00eb qoshe t\u00eb oborrit. Vet\u00ebm rruga e ndan prej bregut t\u00eb lumit.<\/p>\n<p>\u201cUjin ia kemi pi, a tash as peshqit nuk munden me jetu, as sen s\u2019munesh me ba me t\u00eb\u201d, thekson Sllamniku n\u00eb fund t\u00eb sht\u00ebpive t\u00eb fshatit. \u201cPse? Kanalizimet i kan\u00eb qit krejt katundet fije-fije, turlifar kimikatesh, turlifar senesh. \u00cbsht\u00eb i ndotur, saq\u00eb as n\u00eb kamb\u00eb nuk munesh me hy se \u00ebsht\u00eb i ndotur dhe mundesh me u infektu. Mundesh me marr naj infektim\u201d.<\/p>\n<p>Drenica \u00ebsht\u00eb vet\u00ebm nj\u00ebri prej tre lumenjve q\u00eb p\u00ebrshkojn\u00eb tokat rreth fshatit t\u00eb rrafsh\u00ebt. Pos Drenic\u00ebs, fshati laget edhe prej Sitnic\u00ebs e Gra\u00e7ank\u00ebs. Shum\u00ebkush n\u00eb fshat pretendon se edhe Prishtevka p\u00ebrshkon tokat e vragoliasve, por zyrtar\u00ebt e Komun\u00ebs s\u00eb Fush\u00eb-Kosov\u00ebs thon\u00eb se brigjet e saj nuk i takojn\u00eb zon\u00ebs kadastrale t\u00eb Vragolis\u00eb. T\u00eb kat\u00ebrt b\u00ebhen bashk\u00eb n\u00eb af\u00ebrsi dhe derdhen n\u00eb Ib\u00ebr.<\/p>\n<p><em>nga<\/em>\u00a0 \u201c<a href=\"https:\/\/www.kosovarja-ks.com\/author\/dionita\/\"><strong>KOSOVARJA<\/strong><\/a><strong>\u201d<\/strong><\/p>\n","protected":false},"excerpt":{"rendered":"<p>A e dini se ky fshat i Kosov\u00ebs ka tre lumenj nga\u00a0KOSOVARJA Dikur ia pinin ujin lumit para sht\u00ebpive. E p\u00ebrdornin edhe p\u00ebr zierje. Sot me ujin e Drenic\u00ebs nuk e ujisin as fasulen n\u00eb ara. \u201cE prish, pasuli nuk e do hi\u00e7\u201d, thekson Hanifi Sllamniku, 68 vje\u00e7, nga Vragolia e Fush\u00eb-Kosov\u00ebs. \u201cA kollomoqin, ban [&hellip;]<\/p>\n","protected":false},"author":9,"featured_media":41181,"comment_status":"open","ping_status":"open","sticky":false,"template":"","format":"standard","meta":{"jetpack_post_was_ever_published":false,"_jetpack_newsletter_access":"","_jetpack_dont_email_post_to_subs":false,"_jetpack_newsletter_tier_id":0,"_jetpack_memberships_contains_paywalled_content":false,"_jetpack_memberships_contains_paid_content":false,"footnotes":"","jetpack_publicize_message":"","jetpack_publicize_feature_enabled":true,"jetpack_social_post_already_shared":true,"jetpack_social_options":{"image_generator_settings":{"template":"highway","default_image_id":0,"font":"","enabled":false},"version":2}},"categories":[27,14,35],"tags":[],"class_list":["post-41180","post","type-post","status-publish","format-standard","has-post-thumbnail","hentry","category-blogu-i-udhetarit","category-press-releases","category-shoqerore"],"jetpack_publicize_connections":[],"jetpack_featured_media_url":"https:\/\/i0.wp.com\/www.shqiperia.com\/blog\/wp-content\/uploads\/2020\/11\/440px-Drini_i_Bardhe_Weiser_Drin_Kosovo_-_panoramio.jpg?fit=440%2C247&ssl=1","jetpack_sharing_enabled":true,"jetpack_shortlink":"https:\/\/wp.me\/p5Z6wp-aIc","jetpack-related-posts":[{"id":69063,"url":"https:\/\/www.shqiperia.com\/blog\/vdekja-misterioze-e-nje-njeriu-qe-po-alarmon-boten-ja-si-ndodhi-infeksioni-ameba-qe-ha-trurin\/","url_meta":{"origin":41180,"position":0},"title":"Vdekja misterioze e nj\u00eb njeriu q\u00eb po alarmon bot\u00ebn: &#8211; Ja si ndodhi infeksioni: &#8211; Ameba q\u00eb ha trurin","author":"Kurt Farka","date":"March 5, 2023","format":false,"excerpt":"5 Mars 2023 Nj\u00eb burr\u00eb ka vdekur n\u00eb\u00a0\u00a0Florida , Shtetet e Bashkuara, pasi u infektua me nj\u00eb mikroorganiz\u00ebm vdekjeprur\u00ebs, nj\u00eb ameb\u00eb mikroskopike e njohur edhe si nj\u00eb ameb\u00eb \"ngr\u00ebn\u00ebse e trurit\". Viktima, e cila vdiq jav\u00ebn e kaluar, banonte n\u00eb qarkun Charlotte, i cili sipas autoriteteve sh\u00ebndet\u00ebsore, burri kishte lar\u00eb\u2026","rel":"","context":"In &quot;Blogu i Udh\u00ebtarit&quot;","block_context":{"text":"Blogu i Udh\u00ebtarit","link":"https:\/\/www.shqiperia.com\/blog\/category\/blogu-i-udhetarit\/"},"img":{"alt_text":"","src":"https:\/\/i0.wp.com\/www.shqiperia.com\/blog\/wp-content\/uploads\/2023\/03\/Ameba-qe-ha-trurin-1.jpg?fit=800%2C493&ssl=1&resize=350%2C200","width":350,"height":200,"srcset":"https:\/\/i0.wp.com\/www.shqiperia.com\/blog\/wp-content\/uploads\/2023\/03\/Ameba-qe-ha-trurin-1.jpg?fit=800%2C493&ssl=1&resize=350%2C200 1x, https:\/\/i0.wp.com\/www.shqiperia.com\/blog\/wp-content\/uploads\/2023\/03\/Ameba-qe-ha-trurin-1.jpg?fit=800%2C493&ssl=1&resize=525%2C300 1.5x, https:\/\/i0.wp.com\/www.shqiperia.com\/blog\/wp-content\/uploads\/2023\/03\/Ameba-qe-ha-trurin-1.jpg?fit=800%2C493&ssl=1&resize=700%2C400 2x"},"classes":[]},{"id":49873,"url":"https:\/\/www.shqiperia.com\/blog\/serbia-eshte-problemi-kurti-mesazh-rames-detyre-e-shqiptarit-te-beje-presion-mbi-te-dhe-jo-mbi-kosoven\/","url_meta":{"origin":41180,"position":1},"title":"&#8220;Serbia \u00ebsht\u00eb problemi&#8221;. Kurti mesazh Ram\u00ebs: &#8211; Detyr\u00eb e shqiptarit t\u00eb b\u00ebj\u00eb presion mbi t\u00eb dhe jo mbi Kosov\u00ebn.","author":"Kurt Farka","date":"September 14, 2021","format":false,"excerpt":"\"Serbia \u00ebsht\u00eb problemi\". Kurti mesazh Ram\u00ebs: - Detyr\u00eb e shqiptarit t\u00eb b\u00ebj\u00eb presion mbi t\u00eb dhe jo mbi Kosov\u00ebn. 14 Shtator 2021 \"\u00cbsht\u00eb detyr\u00eb e shqiptarit t\u00eb b\u00ebj\u00eb presion mbi Serbin\u00eb dhe jo mbi Kosov\u00ebn\". Ky \u00ebsht\u00eb mesazhi q\u00eb Albin Kurti i p\u00ebrcolli p\u00ebrmes mediave homologut t\u00eb tij shqiptar Edi\u2026","rel":"","context":"In &quot;Blogu i Udh\u00ebtarit&quot;","block_context":{"text":"Blogu i Udh\u00ebtarit","link":"https:\/\/www.shqiperia.com\/blog\/category\/blogu-i-udhetarit\/"},"img":{"alt_text":"","src":"https:\/\/i0.wp.com\/www.shqiperia.com\/blog\/wp-content\/uploads\/2021\/09\/56961397_303.jpg?fit=700%2C394&ssl=1&resize=350%2C200","width":350,"height":200,"srcset":"https:\/\/i0.wp.com\/www.shqiperia.com\/blog\/wp-content\/uploads\/2021\/09\/56961397_303.jpg?fit=700%2C394&ssl=1&resize=350%2C200 1x, https:\/\/i0.wp.com\/www.shqiperia.com\/blog\/wp-content\/uploads\/2021\/09\/56961397_303.jpg?fit=700%2C394&ssl=1&resize=525%2C300 1.5x, https:\/\/i0.wp.com\/www.shqiperia.com\/blog\/wp-content\/uploads\/2021\/09\/56961397_303.jpg?fit=700%2C394&ssl=1&resize=700%2C400 2x"},"classes":[]},{"id":76774,"url":"https:\/\/www.shqiperia.com\/blog\/kryeparlamentari-i-kosoves-refuzon-draft-statutin-e-asociacionit-nga-be\/","url_meta":{"origin":41180,"position":2},"title":"Kryeparlamentari i Kosov\u00ebs refuzon draft-statutin e Asociacionit nga BE","author":"Kurt Farka","date":"December 28, 2023","format":false,"excerpt":"28 Dhjetor 2023 Kryeparlamentari Glauk Konjufca ka paralajm\u00ebruar nj\u00eb q\u00ebndrim refuzues t\u00eb Kosov\u00ebs ndaj draft statutit t\u00eb Asociacionit t\u00eb propozuar nga Bashkimi Evropian. Konjufca falenderoi BE-n\u00eb p\u00ebr kontributin e saj, por shtoi se ai draft nuk do t\u00eb implementohet. \u00a0\u201cKy draft-statut i BE-s\u00eb, un\u00eb i them faleminderit shum\u00eb q\u00eb na\u2026","rel":"","context":"In &quot;Blogu i Udh\u00ebtarit&quot;","block_context":{"text":"Blogu i Udh\u00ebtarit","link":"https:\/\/www.shqiperia.com\/blog\/category\/blogu-i-udhetarit\/"},"img":{"alt_text":"","src":"https:\/\/i0.wp.com\/www.shqiperia.com\/blog\/wp-content\/uploads\/2023\/12\/Glauk-Konjufca.jpg?fit=850%2C570&ssl=1&resize=350%2C200","width":350,"height":200,"srcset":"https:\/\/i0.wp.com\/www.shqiperia.com\/blog\/wp-content\/uploads\/2023\/12\/Glauk-Konjufca.jpg?fit=850%2C570&ssl=1&resize=350%2C200 1x, https:\/\/i0.wp.com\/www.shqiperia.com\/blog\/wp-content\/uploads\/2023\/12\/Glauk-Konjufca.jpg?fit=850%2C570&ssl=1&resize=525%2C300 1.5x, https:\/\/i0.wp.com\/www.shqiperia.com\/blog\/wp-content\/uploads\/2023\/12\/Glauk-Konjufca.jpg?fit=850%2C570&ssl=1&resize=700%2C400 2x"},"classes":[]},{"id":69038,"url":"https:\/\/www.shqiperia.com\/blog\/zv-kryeministri-per-gazeten-greke-eshte-koha-qe-greqia-te-njohe-kosoven\/","url_meta":{"origin":41180,"position":3},"title":"Zv.kryeministri p\u00ebr gazet\u00ebn greke: &#8211; \u00cbsht\u00eb koha q\u00eb Greqia t\u00eb njoh\u00eb Kosov\u00ebn","author":"Kurt Farka","date":"March 5, 2023","format":false,"excerpt":"5 Mars 2023 Z\u00ebvend\u00ebskryeministri i Kosov\u00ebs, Besnik Bislimi gjat\u00eb q\u00ebndrimit n\u00eb kryeqendr\u00ebn helene, n\u00eb mesin e shum\u00eb takimeve me zyrtar\u00eb grek\u00eb takoi edhe ministrin e Jasht\u00ebm Nikos Dendias, teksa ka dh\u00ebn\u00eb edhe nj\u00eb intervist\u00eb p\u00ebr gazet\u00ebn greke \u201cKathimerini\u201d. Ai n\u00eb k\u00ebt\u00eb intervist\u00eb p\u00ebrcolli mesazhin se Greqia duhet t\u00eb vazhdoj\u00eb n\u00eb\u2026","rel":"","context":"In &quot;Blogu i Udh\u00ebtarit&quot;","block_context":{"text":"Blogu i Udh\u00ebtarit","link":"https:\/\/www.shqiperia.com\/blog\/category\/blogu-i-udhetarit\/"},"img":{"alt_text":"","src":"https:\/\/i0.wp.com\/www.shqiperia.com\/blog\/wp-content\/uploads\/2023\/03\/basha-1.jpeg?fit=1047%2C543&ssl=1&resize=350%2C200","width":350,"height":200,"srcset":"https:\/\/i0.wp.com\/www.shqiperia.com\/blog\/wp-content\/uploads\/2023\/03\/basha-1.jpeg?fit=1047%2C543&ssl=1&resize=350%2C200 1x, https:\/\/i0.wp.com\/www.shqiperia.com\/blog\/wp-content\/uploads\/2023\/03\/basha-1.jpeg?fit=1047%2C543&ssl=1&resize=525%2C300 1.5x, https:\/\/i0.wp.com\/www.shqiperia.com\/blog\/wp-content\/uploads\/2023\/03\/basha-1.jpeg?fit=1047%2C543&ssl=1&resize=700%2C400 2x"},"classes":[]},{"id":90446,"url":"https:\/\/www.shqiperia.com\/blog\/kercenimi-i-fshehur-i-spiunazhit-analiza-e-rel-perpjekje-per-ta-bere-kosoven-jofunksionale\/","url_meta":{"origin":41180,"position":4},"title":"\u201cK\u00ebrc\u00ebnimi i fshehur i spiunazhit\u201d, analiza e REL: &#8211; P\u00ebrpjekje p\u00ebr ta b\u00ebr\u00eb Kosov\u00ebn \u201cjofunksionale\u201d","author":"Kurt Farka","date":"March 15, 2025","format":false,"excerpt":"15 Mars 2025 Spiunazhi \u00ebsht\u00eb nj\u00eb k\u00ebrc\u00ebnim serioz p\u00ebr sigurin\u00eb e Kosov\u00ebs dhe arrestimet e fundit vet\u00ebm se nxjerrin n\u00eb pah rrezikun e vazhduesh\u00ebm, thon\u00eb ekspert\u00ebt. Sipas tyre, ky aktivitet jo vet\u00ebm q\u00eb destabilizon vendin brendap\u00ebrbrenda, por d\u00ebmton edhe pozit\u00ebn e tij nd\u00ebrkomb\u00ebtare. Institucionet, n\u00eb an\u00ebn tjet\u00ebr, jan\u00eb kryesisht t\u00eb\u2026","rel":"","context":"In &quot;Blogu i Udh\u00ebtarit&quot;","block_context":{"text":"Blogu i Udh\u00ebtarit","link":"https:\/\/www.shqiperia.com\/blog\/category\/blogu-i-udhetarit\/"},"img":{"alt_text":"","src":"https:\/\/i0.wp.com\/www.shqiperia.com\/blog\/wp-content\/uploads\/2025\/03\/AA81E3AB-2B78-4989-9420-CBB66EB21768_w1023_r1_s_sd.webp?fit=1200%2C675&ssl=1&resize=350%2C200","width":350,"height":200,"srcset":"https:\/\/i0.wp.com\/www.shqiperia.com\/blog\/wp-content\/uploads\/2025\/03\/AA81E3AB-2B78-4989-9420-CBB66EB21768_w1023_r1_s_sd.webp?fit=1200%2C675&ssl=1&resize=350%2C200 1x, https:\/\/i0.wp.com\/www.shqiperia.com\/blog\/wp-content\/uploads\/2025\/03\/AA81E3AB-2B78-4989-9420-CBB66EB21768_w1023_r1_s_sd.webp?fit=1200%2C675&ssl=1&resize=525%2C300 1.5x, https:\/\/i0.wp.com\/www.shqiperia.com\/blog\/wp-content\/uploads\/2025\/03\/AA81E3AB-2B78-4989-9420-CBB66EB21768_w1023_r1_s_sd.webp?fit=1200%2C675&ssl=1&resize=700%2C400 2x, https:\/\/i0.wp.com\/www.shqiperia.com\/blog\/wp-content\/uploads\/2025\/03\/AA81E3AB-2B78-4989-9420-CBB66EB21768_w1023_r1_s_sd.webp?fit=1200%2C675&ssl=1&resize=1050%2C600 3x"},"classes":[]},{"id":10853,"url":"https:\/\/www.shqiperia.com\/blog\/skandal-dokumenti-per-copetimin-e-kosoves-u-pergatit-nga-baton-haxhiu-keshilltar-i-rames-dhe-mik-i-thacit\/","url_meta":{"origin":41180,"position":5},"title":"Skandal! -Dokumenti p\u00ebr cop\u00ebtimin e Kosov\u00ebs u p\u00ebrgatit nga Baton Haxhiu, k\u00ebshilltar i Ram\u00ebs dhe mik i Tha\u00e7it! &#8211;","author":"Kurt Farka","date":"August 20, 2018","format":false,"excerpt":"Skandal! -Dokumenti p\u00ebr cop\u00ebtimin e Kosov\u00ebs u p\u00ebrgatit nga Baton Haxhiu, k\u00ebshilltar i Ram\u00ebs dhe mik i Tha\u00e7it! - Nga: Nehat Shaqiri. Gazeta: Bota Sot, 20 gusht 2018. Ideja p\u00ebr cop\u00ebtimin e territorit t\u00eb Kosov\u00ebs, p\u00ebrve\u00e7 Serbis\u00eb, e cila po t\u00eb ket\u00eb mund\u00ebsi do e merrte Kosov\u00ebn deri n\u00eb Durr\u00ebs,\u2026","rel":"","context":"In &quot;Histori&quot;","block_context":{"text":"Histori","link":"https:\/\/www.shqiperia.com\/blog\/category\/histori\/"},"img":{"alt_text":"","src":"https:\/\/i0.wp.com\/www.shqiperia.com\/blog\/wp-content\/uploads\/2018\/08\/haxhiu-thaci-rama.jpg?fit=850%2C646&ssl=1&resize=350%2C200","width":350,"height":200,"srcset":"https:\/\/i0.wp.com\/www.shqiperia.com\/blog\/wp-content\/uploads\/2018\/08\/haxhiu-thaci-rama.jpg?fit=850%2C646&ssl=1&resize=350%2C200 1x, https:\/\/i0.wp.com\/www.shqiperia.com\/blog\/wp-content\/uploads\/2018\/08\/haxhiu-thaci-rama.jpg?fit=850%2C646&ssl=1&resize=525%2C300 1.5x, https:\/\/i0.wp.com\/www.shqiperia.com\/blog\/wp-content\/uploads\/2018\/08\/haxhiu-thaci-rama.jpg?fit=850%2C646&ssl=1&resize=700%2C400 2x"},"classes":[]}],"_links":{"self":[{"href":"https:\/\/www.shqiperia.com\/blog\/wp-json\/wp\/v2\/posts\/41180","targetHints":{"allow":["GET"]}}],"collection":[{"href":"https:\/\/www.shqiperia.com\/blog\/wp-json\/wp\/v2\/posts"}],"about":[{"href":"https:\/\/www.shqiperia.com\/blog\/wp-json\/wp\/v2\/types\/post"}],"author":[{"embeddable":true,"href":"https:\/\/www.shqiperia.com\/blog\/wp-json\/wp\/v2\/users\/9"}],"replies":[{"embeddable":true,"href":"https:\/\/www.shqiperia.com\/blog\/wp-json\/wp\/v2\/comments?post=41180"}],"version-history":[{"count":1,"href":"https:\/\/www.shqiperia.com\/blog\/wp-json\/wp\/v2\/posts\/41180\/revisions"}],"predecessor-version":[{"id":41182,"href":"https:\/\/www.shqiperia.com\/blog\/wp-json\/wp\/v2\/posts\/41180\/revisions\/41182"}],"wp:featuredmedia":[{"embeddable":true,"href":"https:\/\/www.shqiperia.com\/blog\/wp-json\/wp\/v2\/media\/41181"}],"wp:attachment":[{"href":"https:\/\/www.shqiperia.com\/blog\/wp-json\/wp\/v2\/media?parent=41180"}],"wp:term":[{"taxonomy":"category","embeddable":true,"href":"https:\/\/www.shqiperia.com\/blog\/wp-json\/wp\/v2\/categories?post=41180"},{"taxonomy":"post_tag","embeddable":true,"href":"https:\/\/www.shqiperia.com\/blog\/wp-json\/wp\/v2\/tags?post=41180"}],"curies":[{"name":"wp","href":"https:\/\/api.w.org\/{rel}","templated":true}]}}