{"id":40819,"date":"2020-11-13T08:13:08","date_gmt":"2020-11-13T08:13:08","guid":{"rendered":"https:\/\/www.shqiperia.com\/blog\/?p=40819"},"modified":"2020-11-13T08:13:08","modified_gmt":"2020-11-13T08:13:08","slug":"profesor-gace-arkiv-qe-nuk-shteron-kurre","status":"publish","type":"post","link":"https:\/\/www.shqiperia.com\/blog\/profesor-gace-arkiv-qe-nuk-shteron-kurre\/","title":{"rendered":"Profesor Ga\u00e7e, arkiv q\u00eb nuk shteron kurr\u00eb"},"content":{"rendered":"<p><img data-recalc-dims=\"1\" loading=\"lazy\" decoding=\"async\" data-attachment-id=\"40820\" data-permalink=\"https:\/\/www.shqiperia.com\/blog\/profesor-gace-arkiv-qe-nuk-shteron-kurre\/unnamed-21\/\" data-orig-file=\"https:\/\/i0.wp.com\/www.shqiperia.com\/blog\/wp-content\/uploads\/2020\/11\/unnamed.jpg?fit=447%2C223&amp;ssl=1\" data-orig-size=\"447,223\" data-comments-opened=\"1\" data-image-meta=\"{&quot;aperture&quot;:&quot;0&quot;,&quot;credit&quot;:&quot;&quot;,&quot;camera&quot;:&quot;&quot;,&quot;caption&quot;:&quot;&quot;,&quot;created_timestamp&quot;:&quot;0&quot;,&quot;copyright&quot;:&quot;&quot;,&quot;focal_length&quot;:&quot;0&quot;,&quot;iso&quot;:&quot;0&quot;,&quot;shutter_speed&quot;:&quot;0&quot;,&quot;title&quot;:&quot;&quot;,&quot;orientation&quot;:&quot;0&quot;}\" data-image-title=\"unnamed\" data-image-description=\"\" data-image-caption=\"\" data-medium-file=\"https:\/\/i0.wp.com\/www.shqiperia.com\/blog\/wp-content\/uploads\/2020\/11\/unnamed.jpg?fit=300%2C150&amp;ssl=1\" data-large-file=\"https:\/\/i0.wp.com\/www.shqiperia.com\/blog\/wp-content\/uploads\/2020\/11\/unnamed.jpg?fit=447%2C223&amp;ssl=1\" class=\"alignnone  wp-image-40820\" alt=\"\" src=\"https:\/\/i0.wp.com\/www.shqiperia.com\/blog\/wp-content\/uploads\/2020\/11\/unnamed.jpg?resize=556%2C278&#038;ssl=1\" width=\"556\" height=\"278\" srcset=\"https:\/\/i0.wp.com\/www.shqiperia.com\/blog\/wp-content\/uploads\/2020\/11\/unnamed.jpg?resize=300%2C150&amp;ssl=1 300w, https:\/\/i0.wp.com\/www.shqiperia.com\/blog\/wp-content\/uploads\/2020\/11\/unnamed.jpg?resize=400%2C200&amp;ssl=1 400w, https:\/\/i0.wp.com\/www.shqiperia.com\/blog\/wp-content\/uploads\/2020\/11\/unnamed.jpg?w=447&amp;ssl=1 447w\" sizes=\"auto, (max-width: 556px) 100vw, 556px\" \/><\/p>\n<p><strong>Profesor Ga\u00e7e, arkiv q\u00eb nuk shteron kurr\u00eb<\/strong><\/p>\n<p><strong>Fitim \u00c7aushi<\/strong><\/p>\n<p>Pas botimit t\u00eb nj\u00eb s\u00ebr\u00eb monografish p\u00ebr figura me vlera t\u00eb spikatura atdhetare dhe kulturore, ve\u00e7an\u00ebrisht dy botimeve kreative p\u00ebr etnokultur\u00ebn shqiptare: \u201cAspekte t\u00eb Etnokultur\u00ebs Shqiptare\u201d dhe \u201cGjurmime Albanaologjike\u201d, Prof. Bardhosh Ga\u00e7e boton s\u00eb fundi monografin\u00eb e arrir\u00eb p\u00ebr Beqir Velo Kanin\u00ebn.<\/p>\n<p>Edhe p\u00ebrmes k\u00ebtij botimi, duket se arkivi i Prof. Ga\u00e7es nuk do t\u00eb shteroj\u00eb kurr\u00eb, ai mbetet nj\u00eb njoh\u00ebs i mir\u00eb i historis\u00eb dhe i etnokultur\u00ebs t\u00eb zon\u00ebs s\u00eb Vlor\u00ebs dhe m\u00eb tej, t\u00eb jugut t\u00eb Shqip\u00ebris\u00eb, e her\u00eb-her\u00eb me njohje t\u00eb thelluara edhe n\u00eb zonat e tjera t\u00eb vendit.<\/p>\n<p>Duke lexuar studimet e Prof. Ga\u00e7es, krijon nj\u00eb p\u00ebrfytyrim t\u00eb plot\u00eb t\u00eb rrethanave historike dhe shoq\u00ebrorore, ku u lind dhe veproi protagonisti, p\u00ebr tradit\u00ebn dhe kontributin e vendlindjes dhe gjith\u00eb krahin\u00ebs s\u00eb tij, n\u00eb thesarin e madh komb\u00ebtar, aq sa shpesh themi, se punimet e prof. Ga\u00e7es, e vendosin at\u00eb n\u00eb pozit\u00ebn e nj\u00eb kronisti t\u00eb koh\u00ebs s\u00eb \u00e7do protagonisti, q\u00eb form\u00ebsohet i skalitur me profesionaliz\u00ebm e p\u00ebrkushtim prej tij.<\/p>\n<p>K\u00ebt\u00eb avantazh dhe pasuri kulturore, prof. Ga\u00e7es ia ka dh\u00ebn\u00eb puna studimore sistematike dhe mbledhja e dokumenteve, kujtimeve, relikeve dhe emocioneve patriotike, me t\u00eb cilat ka kontaktuar gjat\u00eb gjith\u00eb jet\u00ebs s\u00eb tij studimore; ai nuk ka qen\u00eb indiferent ndaj vezullimit t\u00eb tyre, por i ka mbledhur ato si \u201cpast\u00ebrma\u201d, p\u00ebr t\u2019i p\u00ebrdorur kur t\u2019ia lyp nevoja. N\u00eb k\u00ebt\u00eb kontekst prof. Ga\u00e7e duket si nj\u00eb ekspolator i palodhur, i kudogjendur n\u00eb t\u00ebr\u00eb krahin\u00ebn e Vlor\u00ebs, i v\u00ebmendsh\u00ebm deri n\u00eb p\u00ebrgj\u00ebrim p\u00ebr vlerat me rrezatime\u00a0 atdhetare dhe kulturore t\u00eb komunitetit t\u00eb k\u00ebsaj zone.<\/p>\n<p>N\u00eb monografin\u00eb \u201cLuft\u00ebtari i liris\u00eb Beqir Velo Kanina\u201d, autori i pasqyron ngjarjet n\u00eb nj\u00eb lidhje dialektike dhe frym\u00ebmarrje t\u00eb nj\u00ebra-tjetr\u00ebs, n\u00eb korrelacion me veprime dhe jehona t\u00eb personazheve historik\u00eb t\u00eb fshatrave p\u00ebr rreth, brenda kontekstit t\u00eb ngjarjeve t\u00eb m\u00ebdha komb\u00ebtare,\u00a0 nd\u00ebrsa protagonistin e evidenton me rritje t\u00eb vazhdueshme mes atdhetar\u00ebsh e luft\u00ebtar\u00ebsh, t\u00eb cil\u00ebt nuk i kan\u00eb munguar kurr\u00eb koh\u00ebrave n\u00eb trevat e Vlor\u00ebs heroike.<\/p>\n<p>Mb\u00ebshtetur mbi dokumente dhe hulumtime t\u00eb shumta, autori jep djepin e formimit patriotik dhe revolucionar t\u00eb Beqirit t\u00eb ri, familjen, e cila i kishte dh\u00ebn\u00eb krahin\u00ebs nj\u00eb luft\u00ebtar n\u00eb betejat antiturke qysh n\u00eb koh\u00ebn e Tanzimatit. Lexuesi njihet me betejat e Beqirit t\u00eb par\u00eb, n\u00eb krye t\u00eb luft\u00ebtar\u00ebve t\u00eb Kanin\u00ebs, n\u00eb brigjet e Shushc\u00ebs n\u00eb Mesaplik, n\u00eb grykat e Ku\u00e7it etj., kund\u00ebr tabor\u00ebve osman\u00eb.<\/p>\n<p><img data-recalc-dims=\"1\" loading=\"lazy\" decoding=\"async\" data-attachment-id=\"40821\" data-permalink=\"https:\/\/www.shqiperia.com\/blog\/profesor-gace-arkiv-qe-nuk-shteron-kurre\/gace-660x330\/\" data-orig-file=\"https:\/\/i0.wp.com\/www.shqiperia.com\/blog\/wp-content\/uploads\/2020\/11\/gace-660x330-1.jpg?fit=660%2C330&amp;ssl=1\" data-orig-size=\"660,330\" data-comments-opened=\"1\" data-image-meta=\"{&quot;aperture&quot;:&quot;0&quot;,&quot;credit&quot;:&quot;&quot;,&quot;camera&quot;:&quot;&quot;,&quot;caption&quot;:&quot;&quot;,&quot;created_timestamp&quot;:&quot;0&quot;,&quot;copyright&quot;:&quot;&quot;,&quot;focal_length&quot;:&quot;0&quot;,&quot;iso&quot;:&quot;0&quot;,&quot;shutter_speed&quot;:&quot;0&quot;,&quot;title&quot;:&quot;&quot;,&quot;orientation&quot;:&quot;0&quot;}\" data-image-title=\"gace-660&#215;330\" data-image-description=\"\" data-image-caption=\"\" data-medium-file=\"https:\/\/i0.wp.com\/www.shqiperia.com\/blog\/wp-content\/uploads\/2020\/11\/gace-660x330-1.jpg?fit=300%2C150&amp;ssl=1\" data-large-file=\"https:\/\/i0.wp.com\/www.shqiperia.com\/blog\/wp-content\/uploads\/2020\/11\/gace-660x330-1.jpg?fit=660%2C330&amp;ssl=1\" class=\"alignnone  wp-image-40821\" alt=\"\" src=\"https:\/\/i0.wp.com\/www.shqiperia.com\/blog\/wp-content\/uploads\/2020\/11\/gace-660x330-1.jpg?resize=590%2C295&#038;ssl=1\" width=\"590\" height=\"295\" srcset=\"https:\/\/i0.wp.com\/www.shqiperia.com\/blog\/wp-content\/uploads\/2020\/11\/gace-660x330-1.jpg?resize=300%2C150&amp;ssl=1 300w, https:\/\/i0.wp.com\/www.shqiperia.com\/blog\/wp-content\/uploads\/2020\/11\/gace-660x330-1.jpg?resize=450%2C225&amp;ssl=1 450w, https:\/\/i0.wp.com\/www.shqiperia.com\/blog\/wp-content\/uploads\/2020\/11\/gace-660x330-1.jpg?resize=600%2C300&amp;ssl=1 600w, https:\/\/i0.wp.com\/www.shqiperia.com\/blog\/wp-content\/uploads\/2020\/11\/gace-660x330-1.jpg?resize=400%2C200&amp;ssl=1 400w, https:\/\/i0.wp.com\/www.shqiperia.com\/blog\/wp-content\/uploads\/2020\/11\/gace-660x330-1.jpg?w=660&amp;ssl=1 660w\" sizes=\"auto, (max-width: 590px) 100vw, 590px\" \/><\/p>\n<p>Me k\u00ebt\u00eb shpirt lirie u mbrujt edhe nipi i tij, Beqo Velo Kanina i ri, i cili u b\u00eb propagandist i flakt\u00eb i gjuh\u00ebs shqipe, si m\u00ebsues sh\u00ebtit\u00ebs. Me pun\u00ebn e tij t\u00eb palodhur, ai dha nj\u00eb ndihmes\u00eb n\u00eb zgjimin e nd\u00ebrgjegjes komb\u00ebtare dhe n\u00eb masivizimin e p\u00ebrhapjes s\u00eb shkollave shqipe n\u00eb krahinat e Vlor\u00ebs. Por nuk ishte e leht\u00eb n\u00eb koh\u00eb pushtimi, p\u00ebr t\u00eb p\u00ebrhapur gjuh\u00ebn dhe shkollat shqipe n\u00eb Shqip\u00ebrin\u00eb e asaj kohe. Pavar\u00ebsisht rrezikut, Beqir Velua punoi n\u00eb konspiracion p\u00ebr t\u00eb krijuar disa vatra iluminizmi dhe patriotizmi n\u00eb fshatrat e krahin\u00ebs s\u00eb tij.<\/p>\n<p>Profesor Ga\u00e7e, si nj\u00eb arkiv i v\u00ebrtet\u00eb,\u00a0 p\u00ebrmend edhe bashk\u00ebpun\u00ebtor\u00ebt e protagonistit n\u00eb veprimtarin\u00eb e tij atdhetare, t\u00eb cil\u00ebt jan\u00eb disa dhjetra nga fshatra t\u00eb ndryshme, q\u00eb e pasurojn\u00eb dhe i japin monografis\u00eb frym\u00ebmarje t\u00eb gjer\u00eb, me t\u00eb cil\u00ebt autori jo vet\u00ebm sjell atmosfer\u00ebn e koh\u00ebs, por edhe nj\u00eb vat\u00ebr p\u00ebrher\u00eb t\u00eb ndezur t\u00eb patriotizmit dhe sakrificave p\u00ebr interesat e larta t\u00eb vendit, si : Elmaz Xhaferin, Arshi Selfon, Hamza Isain, Ibrahim Abdullain, Qamil Risilin\u00eb, Hamit Lumin dhe vazhdon me t\u00eb tjer\u00eb atdhetar\u00eb: Abas Kanin\u00ebn, Ahmet Dyrmishin, Jorgo Kolek\u00ebn, Mehmet Radhim\u00ebn, Xhevit Vranari, Naim Bimo, Dr. Tasim Peshk\u00ebpia, Elmaz Xhaferi, Shyqyri Radhima, Nonda Koleka, Hamza Isai, Alem Mehmeti, Ceno Sharra, Hydai Myftiu, Za\u00e7e\u00a0 Xhelo, me t\u00eb cilk\u00ebt prof. Ga\u00e7e do t\u00eb d\u00ebshmoj\u00eb se patriotizmi n\u00eb zon\u00ebn e Vlor\u00ebs gjat\u00eb gjith\u00eb historis\u00eb, kishte karakter masiv. Ishte ky realitet, q\u00eb i dha mbijetes\u00ebn trev\u00ebs s\u00eb Lab\u00ebris\u00eb dhe t\u00ebr\u00eb popullit shqiptar.<\/p>\n<p>Prof. Ga\u00e7e p\u00ebrmes hulumtimeve t\u00eb shumta, na njeh me veprimtarin\u00eb anti-zogiste t\u00eb Beqir Velos, dhe pas d\u00ebshtimit t\u00eb revolucionit t\u00eb Qershorit 1924, protagonisti p\u00ebrjeton v\u00ebshtir\u00ebsi t\u00eb shumta t\u00eb jet\u00ebs s\u00eb emigracionit n\u00eb Bari t\u00eb Italis\u00eb, por edhe tragjedi\u00a0 trondit\u00ebse, si ajo e vrasjes s\u00eb Luigj Gurakuqit. Beqir Velo Kanina, si nj\u00eb intelektual me bindje demokratike dhe revolucionare, lidhet me patriot\u00eb si Halim Xhelon dhe nj\u00eb s\u00ebr\u00eb atdhetar\u00ebsh antizogist\u00eb, me t\u00eb cil\u00ebt organizon veprimtari t\u00eb ndryshme patriotike.<\/p>\n<p>Autori na njeh me kthimin e protagonistit n\u00eb Shqip\u00ebri n\u00eb shtator 1938 dhe p\u00ebrfshirjen e tij n\u00eb l\u00ebvizjen antifashiste gjat\u00eb okupacionit nazifashist. Lidhet me antifashist\u00ebt e par\u00eb Teli Ndini, Lef Sallata dhe n\u00eb demostrata e 28 n\u00ebntorit 1942, arrestohet nga fashizmi. N\u00eb at\u00eb situat\u00eb lufte, ku veprimtaria antifashiste p\u00ebrfshiu t\u00ebr\u00eb popullin, Beqir Velo Kanina u rreshtua n\u00eb forcat vullnetare n\u00eb Kanin\u00eb dhe Drashovic\u00eb dhe merr pjes\u00eb n\u00eb komand\u00ebn e vendit, n\u00eb luft\u00ebn e madhe Antifashiste Nacional\u00e7lirimtare.<\/p>\n<p>Prof. Ga\u00e7e ka p\u00ebrfshir\u00eb n\u00eb botim edhe kujtime dhe vjersh\u00ebrime t\u00eb nj\u00eb s\u00ebr\u00eb krijuesisht, p\u00ebr jet\u00ebn dhe pun\u00ebn e Beqir Velo Kanin\u00ebs. Ato e kan\u00eb b\u00ebr\u00eb m\u00eb plot\u00ebsuese veprimtarin\u00eb shum\u00ebvje\u00e7are t\u00eb protagonistit n\u00eb luft\u00ebn politike dhe shoqr\u00ebore t\u00eb koh\u00ebs.<\/p>\n<p>\u00cbsht\u00eb merit\u00eb e prof. Ga\u00e7es n\u00eb k\u00ebt\u00eb punim serioz, p\u00ebrdorimi i nj\u00eb dokumentaciont t\u00eb pasur me referenca t\u00eb shumta, p\u00ebr ta b\u00ebr\u00eb t\u00eb besuesh\u00ebm veprimtarin\u00eb e propagonistit q\u00eb p\u00ebrmban monografia, si dhe p\u00ebr t\u00eb hedhur drit\u00eb mbi kontributin atdhetar t\u00eb tij dhe familjes Velo nga Kanina. Krahas dokumentacionit t\u00eb pasur, autori p\u00ebrdor nj\u00eb gjuh\u00eb t\u00eb bukur, nj\u00eb narracion t\u00eb rrjedhsh\u00ebm, q\u00eb t\u00eb nxit ta lexosh me nj\u00eb frym\u00eb studimin.<\/p>\n<p>Gazeta Dita<\/p>\n","protected":false},"excerpt":{"rendered":"<p>Profesor Ga\u00e7e, arkiv q\u00eb nuk shteron kurr\u00eb Fitim \u00c7aushi Pas botimit t\u00eb nj\u00eb s\u00ebr\u00eb monografish p\u00ebr figura me vlera t\u00eb spikatura atdhetare dhe kulturore, ve\u00e7an\u00ebrisht dy botimeve kreative p\u00ebr etnokultur\u00ebn shqiptare: \u201cAspekte t\u00eb Etnokultur\u00ebs Shqiptare\u201d dhe \u201cGjurmime Albanaologjike\u201d, Prof. Bardhosh Ga\u00e7e boton s\u00eb fundi monografin\u00eb e arrir\u00eb p\u00ebr Beqir Velo Kanin\u00ebn. Edhe p\u00ebrmes k\u00ebtij botimi, [&hellip;]<\/p>\n","protected":false},"author":9,"featured_media":40820,"comment_status":"open","ping_status":"open","sticky":false,"template":"","format":"standard","meta":{"jetpack_post_was_ever_published":false,"_jetpack_newsletter_access":"","_jetpack_dont_email_post_to_subs":false,"_jetpack_newsletter_tier_id":0,"_jetpack_memberships_contains_paywalled_content":false,"_jetpack_memberships_contains_paid_content":false,"footnotes":"","jetpack_publicize_message":"","jetpack_publicize_feature_enabled":true,"jetpack_social_post_already_shared":true,"jetpack_social_options":{"image_generator_settings":{"template":"highway","default_image_id":0,"font":"","enabled":false},"version":2}},"categories":[27,85,35],"tags":[],"class_list":["post-40819","post","type-post","status-publish","format-standard","has-post-thumbnail","hentry","category-blogu-i-udhetarit","category-histori","category-shoqerore"],"jetpack_publicize_connections":[],"jetpack_featured_media_url":"https:\/\/i0.wp.com\/www.shqiperia.com\/blog\/wp-content\/uploads\/2020\/11\/unnamed.jpg?fit=447%2C223&ssl=1","jetpack_sharing_enabled":true,"jetpack_shortlink":"https:\/\/wp.me\/p5Z6wp-aCn","jetpack-related-posts":[{"id":32156,"url":"https:\/\/www.shqiperia.com\/blog\/prof-dr-bardhosh-gace-nje-profil-i-rendesishem-shkencor-i-kultures-kombetare\/","url_meta":{"origin":40819,"position":0},"title":"Prof.dr. Bardhosh Ga\u00e7e nj\u00eb profil i r\u00ebnd\u00ebsish\u00ebm shkencor i kultur\u00ebs komb\u00ebtare","author":"Kurt Farka","date":"March 8, 2020","format":false,"excerpt":"Prof.dr. Bardhosh Ga\u00e7e nj\u00eb profil i r\u00ebnd\u00ebsish\u00ebm shkencor i kultur\u00ebs komb\u00ebtare 6 mars 2020 Nga: Prof. Af\u00ebrdita Onuzi N\u00eb kultur\u00ebn dhe n\u00eb trash\u00ebgimin\u00eb ton\u00eb komb\u00ebtare ka nj\u00eb histori jasht\u00ebzakonisht t\u00eb r\u00ebnd\u00ebsishme, p\u00ebrmes t\u00eb cil\u00ebs mund t\u00eb kuptosh jo vet\u00ebm t\u00eb kaluar\u00ebn, por edhe t\u00eb sotmen, mbijetes\u00ebn n\u00ebp\u00ebr t\u00eb cil\u00ebn ka\u2026","rel":"","context":"In &quot;Blogu i Udh\u00ebtarit&quot;","block_context":{"text":"Blogu i Udh\u00ebtarit","link":"https:\/\/www.shqiperia.com\/blog\/category\/blogu-i-udhetarit\/"},"img":{"alt_text":"","src":"https:\/\/i0.wp.com\/www.shqiperia.com\/blog\/wp-content\/uploads\/2020\/03\/bardhosh-gace.jpg?fit=590%2C416&ssl=1&resize=350%2C200","width":350,"height":200,"srcset":"https:\/\/i0.wp.com\/www.shqiperia.com\/blog\/wp-content\/uploads\/2020\/03\/bardhosh-gace.jpg?fit=590%2C416&ssl=1&resize=350%2C200 1x, https:\/\/i0.wp.com\/www.shqiperia.com\/blog\/wp-content\/uploads\/2020\/03\/bardhosh-gace.jpg?fit=590%2C416&ssl=1&resize=525%2C300 1.5x"},"classes":[]},{"id":59013,"url":"https:\/\/www.shqiperia.com\/blog\/prof-ramadan-sokoli-102-vjetori-i-lindjes-nje-nga-studiuesit-me-te-shquar-te-etnokultures-trashegimise-dhe-qyteterimit-iliro-arberor\/","url_meta":{"origin":40819,"position":1},"title":"Prof. Ramadan Sokoli, 102 vjetori i lindjes \u2013 Nj\u00eb nga studiuesit m\u00eb t\u00eb shquar t\u00eb etnokultur\u00ebs, trash\u00ebgimis\u00eb dhe qytet\u00ebrimit Iliro-arb\u00ebror","author":"Kurt Farka","date":"June 14, 2022","format":false,"excerpt":"Prof. Ramadan Sokoli, 102 vjetori i lindjes \u2013 Nj\u00eb nga studiuesit m\u00eb t\u00eb shquar t\u00eb etnokultur\u00ebs, trash\u00ebgimis\u00eb dhe qytet\u00ebrimit Iliro-arb\u00ebror Nga Gazeta BOTA SOT, Prishtine. NGA: JAHO BRAHAJ Fotografi q\u00eb publikohet p\u00ebr her\u00eb t\u00eb par\u00eb pas 24 vitesh Ramadan Sokoli (14 qershor 1920 - 12 mars 2008) Ramadan Sokoli (14\u2026","rel":"","context":"In &quot;Blogu i Udh\u00ebtarit&quot;","block_context":{"text":"Blogu i Udh\u00ebtarit","link":"https:\/\/www.shqiperia.com\/blog\/category\/blogu-i-udhetarit\/"},"img":{"alt_text":"","src":"https:\/\/i0.wp.com\/www.shqiperia.com\/blog\/wp-content\/uploads\/2022\/06\/Prof.-Ramadan-Sokoli-102-vjetori-i-lindjes-%E2%80%93-Nje-nga-studiuesit-me-te-shquar-te-etnokultures-trashegimise-dhe-qyteterimit-Iliro-arberor.jpg?fit=720%2C446&ssl=1&resize=350%2C200","width":350,"height":200,"srcset":"https:\/\/i0.wp.com\/www.shqiperia.com\/blog\/wp-content\/uploads\/2022\/06\/Prof.-Ramadan-Sokoli-102-vjetori-i-lindjes-%E2%80%93-Nje-nga-studiuesit-me-te-shquar-te-etnokultures-trashegimise-dhe-qyteterimit-Iliro-arberor.jpg?fit=720%2C446&ssl=1&resize=350%2C200 1x, https:\/\/i0.wp.com\/www.shqiperia.com\/blog\/wp-content\/uploads\/2022\/06\/Prof.-Ramadan-Sokoli-102-vjetori-i-lindjes-%E2%80%93-Nje-nga-studiuesit-me-te-shquar-te-etnokultures-trashegimise-dhe-qyteterimit-Iliro-arberor.jpg?fit=720%2C446&ssl=1&resize=525%2C300 1.5x, https:\/\/i0.wp.com\/www.shqiperia.com\/blog\/wp-content\/uploads\/2022\/06\/Prof.-Ramadan-Sokoli-102-vjetori-i-lindjes-%E2%80%93-Nje-nga-studiuesit-me-te-shquar-te-etnokultures-trashegimise-dhe-qyteterimit-Iliro-arberor.jpg?fit=720%2C446&ssl=1&resize=700%2C400 2x"},"classes":[]},{"id":79558,"url":"https:\/\/www.shqiperia.com\/blog\/historia-e-prones-gace-xhacka-ne-dhermi-qe-coi-ne-pranga-jorgo-goron\/","url_meta":{"origin":40819,"position":2},"title":"Historia e pron\u00ebs Ga\u00e7e-Xha\u00e7ka n\u00eb Dh\u00ebrmi q\u00eb \u00e7oi n\u00eb pranga Jorgo Goron","author":"Kurt Farka","date":"March 23, 2024","format":false,"excerpt":"23 Mars 2024 N\u00eb muajin mars t\u00eb vitit 2022 K\u00ebshilli i Ministrave shpalli vendimin p\u00ebr dh\u00ebnien n\u00eb p\u00ebrdorim n\u00eb nj\u00eb zone bregdetare n\u00eb Dh\u00ebrmi, p\u00ebr nj\u00eb periudh\u00eb 30 vje\u00e7are p\u00ebr kompanis\u00eb \u2018AGTCC Hotel Management\u201d. Pronare e kompanis\u00eb rezultonte shtetasja amerikane Tawni Lin Grzych-Sutton (Tauni Lin Grzy\u00e7 Saton). Por nj\u00eb investigim\u2026","rel":"","context":"In &quot;Blogu i Udh\u00ebtarit&quot;","block_context":{"text":"Blogu i Udh\u00ebtarit","link":"https:\/\/www.shqiperia.com\/blog\/category\/blogu-i-udhetarit\/"},"img":{"alt_text":"","src":"https:\/\/i0.wp.com\/www.shqiperia.com\/blog\/wp-content\/uploads\/2024\/03\/xhacka.png?fit=1048%2C616&ssl=1&resize=350%2C200","width":350,"height":200,"srcset":"https:\/\/i0.wp.com\/www.shqiperia.com\/blog\/wp-content\/uploads\/2024\/03\/xhacka.png?fit=1048%2C616&ssl=1&resize=350%2C200 1x, https:\/\/i0.wp.com\/www.shqiperia.com\/blog\/wp-content\/uploads\/2024\/03\/xhacka.png?fit=1048%2C616&ssl=1&resize=525%2C300 1.5x, https:\/\/i0.wp.com\/www.shqiperia.com\/blog\/wp-content\/uploads\/2024\/03\/xhacka.png?fit=1048%2C616&ssl=1&resize=700%2C400 2x"},"classes":[]},{"id":42990,"url":"https:\/\/www.shqiperia.com\/blog\/pune-te-mbare-profesor-shefqet-hoxha\/","url_meta":{"origin":40819,"position":3},"title":"Pun\u00eb t\u00eb mbar\u00eb profesor Shefqet Hoxha","author":"Kurt Farka","date":"January 16, 2021","format":false,"excerpt":"Pun\u00eb t\u00eb mbar\u00eb profesor Shefqet Hoxha NGA:\u00a0REXHEP SHAHU\u00a0 N\u00eb dhjetor 2020 profesor Shefqet Hoxha ka tashm\u00eb t\u00eb botuara 10 vepra t\u00eb tij t\u00eb trash\u00ebgimis\u00eb. Jo vet\u00ebm Baladat dhe Proz\u00ebn, por tashm\u00eb p\u00ebr t\u00eb interesuarit jan\u00eb n\u00eb qarkullim Epika Historike, Lirika Popullore dhe Eposi i Kreshnik\u00ebve. Gjithsej 10 libra t\u00eb rrall\u00eb,\u2026","rel":"","context":"In &quot;Histori&quot;","block_context":{"text":"Histori","link":"https:\/\/www.shqiperia.com\/blog\/category\/histori\/"},"img":{"alt_text":"","src":"https:\/\/i0.wp.com\/www.shqiperia.com\/blog\/wp-content\/uploads\/2021\/01\/Sefqetoxa.jpg?fit=512%2C307&ssl=1&resize=350%2C200","width":350,"height":200},"classes":[]},{"id":58971,"url":"https:\/\/www.shqiperia.com\/blog\/prof-ramadan-sokoli-fotografi-qe-publikohet-per-here-te-pare-pas-24-vitesh\/","url_meta":{"origin":40819,"position":4},"title":"Prof. Ramadan Sokoli. &#8211;\u00a0Fotografi qe publikohet per here te pare pas 24 vitesh.","author":"Kurt Farka","date":"June 13, 2022","format":false,"excerpt":"Prof. Ramadan Sokoli. Fotografi qe publikohet per here te pare pas 24 vitesh. 13 Qershor 2022 Gezonte respekt nga gjithe intelektualet dhe studiuesit e Tiranes, por e respektonin edhe te njohur te shumte nga qyteti i Shkodres ku kishte lindur e te Tiranes. Megjithse respektohej si\u00a0 nje nga studiuesit me\u2026","rel":"","context":"In &quot;Histori&quot;","block_context":{"text":"Histori","link":"https:\/\/www.shqiperia.com\/blog\/category\/histori\/"},"img":{"alt_text":"","src":"https:\/\/i0.wp.com\/www.shqiperia.com\/blog\/wp-content\/uploads\/2022\/06\/Foto-qe-Publikohet-per-here-te-Pare-Prof-Ramadan-Sokoli-1998..jpg?fit=745%2C458&ssl=1&resize=350%2C200","width":350,"height":200,"srcset":"https:\/\/i0.wp.com\/www.shqiperia.com\/blog\/wp-content\/uploads\/2022\/06\/Foto-qe-Publikohet-per-here-te-Pare-Prof-Ramadan-Sokoli-1998..jpg?fit=745%2C458&ssl=1&resize=350%2C200 1x, https:\/\/i0.wp.com\/www.shqiperia.com\/blog\/wp-content\/uploads\/2022\/06\/Foto-qe-Publikohet-per-here-te-Pare-Prof-Ramadan-Sokoli-1998..jpg?fit=745%2C458&ssl=1&resize=525%2C300 1.5x, https:\/\/i0.wp.com\/www.shqiperia.com\/blog\/wp-content\/uploads\/2022\/06\/Foto-qe-Publikohet-per-here-te-Pare-Prof-Ramadan-Sokoli-1998..jpg?fit=745%2C458&ssl=1&resize=700%2C400 2x"},"classes":[]},{"id":6494,"url":"https:\/\/www.shqiperia.com\/blog\/librazhd-nderton-nje-minihidrocentral-per-nevojat-e-familjes-se-tij\/","url_meta":{"origin":40819,"position":5},"title":"Librazhd &#8211; Nd\u00ebrton nj\u00eb minihidrocentral p\u00ebr nevojat e familjes s\u00eb tij. &#8211;","author":"Kurt Farka","date":"April 16, 2018","format":false,"excerpt":"Nj\u00eb banor n\u00eb rrethin e Librazhdit ka ngritur nj\u00eb minihidrocentral. T\u00eb gjith\u00eb b\u00ebjn\u00eb \u00e7udi, por ai \u00ebsht\u00eb i k\u00ebnaqur me investimin dhe djers\u00ebn q\u00eb ka derdhur. Teksa m\u00ebsohet ky fakt , nj\u00eb s\u00ebr\u00eb pyetjesh dalin vetvetiu. E ngriti se nuk kishte drita?! \u00a0E ngriti p\u00ebr karshill\u00ebk ndaj shtetit ?! Apo\u2026","rel":"","context":"In &quot;Blogu i Udh\u00ebtarit&quot;","block_context":{"text":"Blogu i Udh\u00ebtarit","link":"https:\/\/www.shqiperia.com\/blog\/category\/blogu-i-udhetarit\/"},"img":{"alt_text":"","src":"https:\/\/i0.wp.com\/www.shqiperia.com\/blog\/wp-content\/uploads\/2018\/04\/Minihidrocentral-Librazhd.jpg?fit=370%2C262&ssl=1&resize=350%2C200","width":350,"height":200},"classes":[]}],"_links":{"self":[{"href":"https:\/\/www.shqiperia.com\/blog\/wp-json\/wp\/v2\/posts\/40819","targetHints":{"allow":["GET"]}}],"collection":[{"href":"https:\/\/www.shqiperia.com\/blog\/wp-json\/wp\/v2\/posts"}],"about":[{"href":"https:\/\/www.shqiperia.com\/blog\/wp-json\/wp\/v2\/types\/post"}],"author":[{"embeddable":true,"href":"https:\/\/www.shqiperia.com\/blog\/wp-json\/wp\/v2\/users\/9"}],"replies":[{"embeddable":true,"href":"https:\/\/www.shqiperia.com\/blog\/wp-json\/wp\/v2\/comments?post=40819"}],"version-history":[{"count":1,"href":"https:\/\/www.shqiperia.com\/blog\/wp-json\/wp\/v2\/posts\/40819\/revisions"}],"predecessor-version":[{"id":40822,"href":"https:\/\/www.shqiperia.com\/blog\/wp-json\/wp\/v2\/posts\/40819\/revisions\/40822"}],"wp:featuredmedia":[{"embeddable":true,"href":"https:\/\/www.shqiperia.com\/blog\/wp-json\/wp\/v2\/media\/40820"}],"wp:attachment":[{"href":"https:\/\/www.shqiperia.com\/blog\/wp-json\/wp\/v2\/media?parent=40819"}],"wp:term":[{"taxonomy":"category","embeddable":true,"href":"https:\/\/www.shqiperia.com\/blog\/wp-json\/wp\/v2\/categories?post=40819"},{"taxonomy":"post_tag","embeddable":true,"href":"https:\/\/www.shqiperia.com\/blog\/wp-json\/wp\/v2\/tags?post=40819"}],"curies":[{"name":"wp","href":"https:\/\/api.w.org\/{rel}","templated":true}]}}