{"id":40813,"date":"2020-11-12T21:35:51","date_gmt":"2020-11-12T21:35:51","guid":{"rendered":"https:\/\/www.shqiperia.com\/blog\/?p=40813"},"modified":"2020-11-12T21:37:35","modified_gmt":"2020-11-12T21:37:35","slug":"paralajmeron-termet-brenda-ps-se-aleksander-cipa-tregon-se-cfare-po-i-trazon-ujerat-brenda-socialisteve","status":"publish","type":"post","link":"https:\/\/www.shqiperia.com\/blog\/paralajmeron-termet-brenda-ps-se-aleksander-cipa-tregon-se-cfare-po-i-trazon-ujerat-brenda-socialisteve\/","title":{"rendered":"Paralajm\u00ebron \u201ct\u00ebrmet\u201d brenda PS-s\u00eb\u00a0 \u00a0&#8211; Aleksand\u00ebr \u00c7ipa tregon se \u00e7far\u00eb po i \u2018trazon uj\u00ebrat\u2019 brenda socialist\u00ebve."},"content":{"rendered":"<p><img data-recalc-dims=\"1\" loading=\"lazy\" decoding=\"async\" data-attachment-id=\"40815\" data-permalink=\"https:\/\/www.shqiperia.com\/blog\/paralajmeron-termet-brenda-ps-se-aleksander-cipa-tregon-se-cfare-po-i-trazon-ujerat-brenda-socialisteve\/aleksander-cipa-4\/\" data-orig-file=\"https:\/\/i0.wp.com\/www.shqiperia.com\/blog\/wp-content\/uploads\/2020\/11\/Aleksander-Cipa.jpg?fit=800%2C445&amp;ssl=1\" data-orig-size=\"800,445\" data-comments-opened=\"1\" data-image-meta=\"{&quot;aperture&quot;:&quot;0&quot;,&quot;credit&quot;:&quot;&quot;,&quot;camera&quot;:&quot;&quot;,&quot;caption&quot;:&quot;&quot;,&quot;created_timestamp&quot;:&quot;0&quot;,&quot;copyright&quot;:&quot;&quot;,&quot;focal_length&quot;:&quot;0&quot;,&quot;iso&quot;:&quot;0&quot;,&quot;shutter_speed&quot;:&quot;0&quot;,&quot;title&quot;:&quot;&quot;,&quot;orientation&quot;:&quot;0&quot;}\" data-image-title=\"Aleksander \u00c7ipa\" data-image-description=\"\" data-image-caption=\"\" data-medium-file=\"https:\/\/i0.wp.com\/www.shqiperia.com\/blog\/wp-content\/uploads\/2020\/11\/Aleksander-Cipa.jpg?fit=300%2C167&amp;ssl=1\" data-large-file=\"https:\/\/i0.wp.com\/www.shqiperia.com\/blog\/wp-content\/uploads\/2020\/11\/Aleksander-Cipa.jpg?fit=800%2C445&amp;ssl=1\" class=\"alignnone wp-image-40815\" alt=\"\" src=\"https:\/\/i0.wp.com\/www.shqiperia.com\/blog\/wp-content\/uploads\/2020\/11\/Aleksander-Cipa.jpg?resize=428%2C238&#038;ssl=1\" width=\"428\" height=\"238\" srcset=\"https:\/\/i0.wp.com\/www.shqiperia.com\/blog\/wp-content\/uploads\/2020\/11\/Aleksander-Cipa.jpg?resize=300%2C167&amp;ssl=1 300w, https:\/\/i0.wp.com\/www.shqiperia.com\/blog\/wp-content\/uploads\/2020\/11\/Aleksander-Cipa.jpg?resize=768%2C427&amp;ssl=1 768w, https:\/\/i0.wp.com\/www.shqiperia.com\/blog\/wp-content\/uploads\/2020\/11\/Aleksander-Cipa.jpg?resize=450%2C250&amp;ssl=1 450w, https:\/\/i0.wp.com\/www.shqiperia.com\/blog\/wp-content\/uploads\/2020\/11\/Aleksander-Cipa.jpg?resize=600%2C334&amp;ssl=1 600w, https:\/\/i0.wp.com\/www.shqiperia.com\/blog\/wp-content\/uploads\/2020\/11\/Aleksander-Cipa.jpg?resize=400%2C223&amp;ssl=1 400w, https:\/\/i0.wp.com\/www.shqiperia.com\/blog\/wp-content\/uploads\/2020\/11\/Aleksander-Cipa.jpg?w=800&amp;ssl=1 800w\" sizes=\"auto, (max-width: 428px) 100vw, 428px\" \/><\/p>\n<p>Paralajm\u00ebron \u201ct\u00ebrmet\u201d brenda PS-s\u00eb\u00a0 \u00a0&#8211; Aleksand\u00ebr \u00c7ipa tregon se \u00e7far\u00eb po i \u2018trazon uj\u00ebrat\u2019 brenda socialist\u00ebve.<\/p>\n<p>12 N\u00cbNTOR 2020<\/p>\n<p>Gazetari Aleksand\u00ebr \u00c7ipa tha se n\u00eb Shqip\u00ebri kemi nj\u00eb p\u00ebrvoj\u00eb t\u00eb hidhur kur p\u00ebr\u00e7arjet nisin kur partit\u00eb politike largohen nga pushteti, por ai nuk e p\u00ebrjashton mund\u00ebsin\u00eb q\u00eb brenda PS-s\u00eb t\u00eb ket\u00eb diversione para zgjedhjeve t\u00eb 25 prillit.<\/p>\n<p>\u00c7ipa tha se parashikon debat t\u00eb brendsh\u00ebm n\u00eb PS kur t\u00eb afrohet \u00e7\u00ebshtja e kandidim\u00ebve p\u00ebr deputet\u00eb.<\/p>\n<p>\u201cGjithmon\u00eb n\u00eb PS dhe tek e majta n\u00eb p\u00ebrgjith\u00ebsi momenti m\u00eb kritik ka qen\u00eb hartimi i listave p\u00ebr kandidat\u00ebt p\u00ebr deputet\u00eb dhe nuk p\u00ebrjashtohet kjo. Sot ka nj\u00eb heshtje mes shtres\u00ebs s\u00eb vjet\u00ebr dhe shtres\u00ebs s\u00eb re. Nj\u00eb nga pak\u00ebnaq\u00ebsit\u00eb m\u00eb t\u00eb m\u00ebdha q\u00eb g\u00eblon brenda PS ka t\u00eb b\u00ebj\u00eb me rekrutimet n\u00eb nivelet e qeverisjes, kryesisht t\u00eb ekzekutivit.<\/p>\n<p>Q\u00eb s\u00eb pari, \u00ebsht\u00eb shp\u00ebrfillur p\u00ebrkat\u00ebsia, s\u00eb dyti tradicionalist\u00ebt investues k\u00ebtu p\u00ebrfshir\u00eb edhe at\u00eb familjar dhe s\u00eb treti ka nj\u00eb koncept ose nj\u00eb entitet t\u00eb ri brenda PS q\u00eb jan\u00eb rilindasit apo grupi i ri n\u00eb PS q\u00eb kan\u00eb krijuar nj\u00eb ansamb\u00ebl t\u00eb ri brenda grupit por q\u00eb shum\u00eb shpejt mund t\u00eb shfaqet dhe kjo dhe n\u00eb nj\u00eb koh\u00eb t\u00eb ardhme t\u00eb af\u00ebrt do t\u00eb jet\u00eb e provueshme\u201d, deklaroi \u00c7ipa p\u00ebr Euro News.<\/p>\n<p>Gazeta Sot<\/p>\n","protected":false},"excerpt":{"rendered":"<p>Paralajm\u00ebron \u201ct\u00ebrmet\u201d brenda PS-s\u00eb\u00a0 \u00a0&#8211; Aleksand\u00ebr \u00c7ipa tregon se \u00e7far\u00eb po i \u2018trazon uj\u00ebrat\u2019 brenda socialist\u00ebve. 12 N\u00cbNTOR 2020 Gazetari Aleksand\u00ebr \u00c7ipa tha se n\u00eb Shqip\u00ebri kemi nj\u00eb p\u00ebrvoj\u00eb t\u00eb hidhur kur p\u00ebr\u00e7arjet nisin kur partit\u00eb politike largohen nga pushteti, por ai nuk e p\u00ebrjashton mund\u00ebsin\u00eb q\u00eb brenda PS-s\u00eb t\u00eb ket\u00eb diversione para zgjedhjeve t\u00eb [&hellip;]<\/p>\n","protected":false},"author":9,"featured_media":40815,"comment_status":"open","ping_status":"open","sticky":false,"template":"","format":"standard","meta":{"jetpack_post_was_ever_published":false,"_jetpack_newsletter_access":"","_jetpack_dont_email_post_to_subs":false,"_jetpack_newsletter_tier_id":0,"_jetpack_memberships_contains_paywalled_content":false,"_jetpack_memberships_contains_paid_content":false,"footnotes":"","jetpack_publicize_message":"","jetpack_publicize_feature_enabled":true,"jetpack_social_post_already_shared":true,"jetpack_social_options":{"image_generator_settings":{"template":"highway","default_image_id":0,"font":"","enabled":false},"version":2}},"categories":[27,2],"tags":[],"class_list":["post-40813","post","type-post","status-publish","format-standard","has-post-thumbnail","hentry","category-blogu-i-udhetarit","category-politika"],"jetpack_publicize_connections":[],"jetpack_featured_media_url":"https:\/\/i0.wp.com\/www.shqiperia.com\/blog\/wp-content\/uploads\/2020\/11\/Aleksander-Cipa.jpg?fit=800%2C445&ssl=1","jetpack_sharing_enabled":true,"jetpack_shortlink":"https:\/\/wp.me\/p5Z6wp-aCh","jetpack-related-posts":[{"id":38384,"url":"https:\/\/www.shqiperia.com\/blog\/aleksander-cipa-cfare-fshihet-pas-largimit-te-lleshajt-dhe-shahinit-ka-nje-realitet-dhe-kontekst-shume-zhgenjyes-per-shume-ceshtje-te-qeverisjes\/","url_meta":{"origin":40813,"position":0},"title":"Aleksand\u00ebr \u00c7ipa: &#8211; \u00c7far\u00eb fshihet pas largimit t\u00eb Lleshajt dhe Shahinit; Ka nj\u00eb realitet dhe kontekst shum\u00eb zhg\u00ebnjyes p\u00ebr shum\u00eb \u00e7\u00ebshtje t\u00eb qeverisjes","author":"Kurt Farka","date":"September 13, 2020","format":false,"excerpt":"Aleksand\u00ebr \u00c7ipa: - \u00c7far\u00eb fshihet pas largimit t\u00eb Lleshajt dhe Shahinit; Ka nj\u00eb realitet dhe kontekst shum\u00eb zhg\u00ebnjyes p\u00ebr shum\u00eb \u00e7\u00ebshtje t\u00eb qeverisjes 11 SHTATOR 2020 Pak dit\u00eb m\u00eb par\u00eb, ishte ministrja e Arsimit Besa Shahini e cila deklaroi se do t\u00eb largohej nga Shqip\u00ebria me mbarimin e mandatit qeveris\u00ebs.\u2026","rel":"","context":"In &quot;Blogu i Udh\u00ebtarit&quot;","block_context":{"text":"Blogu i Udh\u00ebtarit","link":"https:\/\/www.shqiperia.com\/blog\/category\/blogu-i-udhetarit\/"},"img":{"alt_text":"","src":"https:\/\/i0.wp.com\/www.shqiperia.com\/blog\/wp-content\/uploads\/2020\/09\/Aleksand%C3%ABr-%C3%87ipa.jpg?fit=800%2C450&ssl=1&resize=350%2C200","width":350,"height":200,"srcset":"https:\/\/i0.wp.com\/www.shqiperia.com\/blog\/wp-content\/uploads\/2020\/09\/Aleksand%C3%ABr-%C3%87ipa.jpg?fit=800%2C450&ssl=1&resize=350%2C200 1x, https:\/\/i0.wp.com\/www.shqiperia.com\/blog\/wp-content\/uploads\/2020\/09\/Aleksand%C3%ABr-%C3%87ipa.jpg?fit=800%2C450&ssl=1&resize=525%2C300 1.5x, https:\/\/i0.wp.com\/www.shqiperia.com\/blog\/wp-content\/uploads\/2020\/09\/Aleksand%C3%ABr-%C3%87ipa.jpg?fit=800%2C450&ssl=1&resize=700%2C400 2x"},"classes":[]},{"id":45321,"url":"https:\/\/www.shqiperia.com\/blog\/ish-aleati-i-edi-rames-paralajmeron-termet-brenda-partise-socialiste-tani-iu-erdhi-radha-dhe-atyre-pas-ketyre-zgjedhjeve-ps-nuk-do-te\/","url_meta":{"origin":40813,"position":1},"title":"Ish-aleati i Edi Ram\u00ebs paralajm\u00ebron \u2018t\u00ebrmet\u2019 brenda Partis\u00eb Socialiste: Tani iu erdhi radha dhe atyre! Pas k\u00ebtyre zgjedhjeve PS nuk do t\u00eb&#8230;","author":"Kurt Farka","date":"March 15, 2021","format":false,"excerpt":"Ish-aleati i Edi Ram\u00ebs paralajm\u00ebron \u2018t\u00ebrmet\u2019 brenda Partis\u00eb Socialiste: Tani iu erdhi radha dhe atyre! Pas k\u00ebtyre zgjedhjeve PS nuk do t\u00eb... 15 MARS 2021 Kreu i PBDNJ-s\u00eb, Vangjel Dule, paralajm\u00ebron fundin e Partis\u00eb Socialiste pas 25 prillit. Si nj\u00eb aleat i dikursh\u00ebm i tij, ai tha se Rama ka\u2026","rel":"","context":"In &quot;Blogu i Udh\u00ebtarit&quot;","block_context":{"text":"Blogu i Udh\u00ebtarit","link":"https:\/\/www.shqiperia.com\/blog\/category\/blogu-i-udhetarit\/"},"img":{"alt_text":"","src":"https:\/\/i0.wp.com\/www.shqiperia.com\/blog\/wp-content\/uploads\/2021\/03\/800-0-604f7b24b2463.jpg?fit=620%2C350&ssl=1&resize=350%2C200","width":350,"height":200,"srcset":"https:\/\/i0.wp.com\/www.shqiperia.com\/blog\/wp-content\/uploads\/2021\/03\/800-0-604f7b24b2463.jpg?fit=620%2C350&ssl=1&resize=350%2C200 1x, https:\/\/i0.wp.com\/www.shqiperia.com\/blog\/wp-content\/uploads\/2021\/03\/800-0-604f7b24b2463.jpg?fit=620%2C350&ssl=1&resize=525%2C300 1.5x"},"classes":[]},{"id":29477,"url":"https:\/\/www.shqiperia.com\/blog\/ama-agjenci-censure-cipa-ne-proteste-per-paketen-antishpifje-penalitetet-drastike-dhe-te-paperballueshme-per-gazetaret\/","url_meta":{"origin":40813,"position":2},"title":"\u201cAMA agjenci censure\u201d, \u00c7ipa n\u00eb protest\u00eb p\u00ebr paket\u00ebn antishpifje: Penalitetet drastike dhe t\u00eb pap\u00ebrballueshme p\u00ebr gazetar\u00ebt. &#8211;","author":"Kurt Farka","date":"December 18, 2019","format":false,"excerpt":"\u201cAMA agjenci censure\u201d, \u00c7ipa n\u00eb protest\u00eb p\u00ebr paket\u00ebn antishpifje: Penalitetet drastike dhe t\u00eb pap\u00ebrballueshme p\u00ebr gazetar\u00ebt. 18, dhjetor 2019 Drejtuesi i Unionit t\u00eb Gazetar\u00ebve n\u00eb Shqip\u00ebri, Aleksand\u00ebr \u00c7ipa iu \u00ebsht\u00eb bashkuar koleg\u00ebve t\u00eb tij n\u00eb protest\u00ebn kund\u00ebr paket\u00ebs antishpifje p\u00ebrpara Parlamentit. Gazetari \u00c7ipa tha se ky draft e b\u00ebn AMA-n\u2026","rel":"","context":"In &quot;Blogu i Udh\u00ebtarit&quot;","block_context":{"text":"Blogu i Udh\u00ebtarit","link":"https:\/\/www.shqiperia.com\/blog\/category\/blogu-i-udhetarit\/"},"img":{"alt_text":"","src":"https:\/\/i0.wp.com\/www.shqiperia.com\/blog\/wp-content\/uploads\/2019\/12\/cipa.jpg?fit=623%2C364&ssl=1&resize=350%2C200","width":350,"height":200,"srcset":"https:\/\/i0.wp.com\/www.shqiperia.com\/blog\/wp-content\/uploads\/2019\/12\/cipa.jpg?fit=623%2C364&ssl=1&resize=350%2C200 1x, https:\/\/i0.wp.com\/www.shqiperia.com\/blog\/wp-content\/uploads\/2019\/12\/cipa.jpg?fit=623%2C364&ssl=1&resize=525%2C300 1.5x"},"classes":[]},{"id":45232,"url":"https:\/\/www.shqiperia.com\/blog\/termet-brenda-partise-socialiste-rama-do-largohet-ja-kush-do-e-marre-drejtimin-e-ps-se-paralajmeron-shemsi-prenci\/","url_meta":{"origin":40813,"position":3},"title":"\u2018T\u00ebrmet\u2019 brenda Partis\u00eb Socialiste: &#8211; Rama do largohet! Ja kush do e marr\u00eb drejtimin e PS-s\u00eb.\u00a0 Paralajmeron Shemsi Pren\u00e7i","author":"Kurt Farka","date":"March 12, 2021","format":false,"excerpt":"\u2018T\u00ebrmet\u2019 brenda Partis\u00eb Socialiste: - Rama do largohet! Ja kush do e marr\u00eb drejtimin e PS-s\u00eb.\u00a0 Paralajmeron Shemsi Pren\u00e7i 12 MARS 2021 Shemsi Pren\u00e7i paralajm\u00ebron \u2018t\u00ebrmet\u2019 brenda Presidenti Ilir Meta \u00ebsht\u00eb p\u00ebrplasur dhunsh\u00ebm me policin\u00eb bashkiak\u00eb n\u00eb zyrat e FRD, madje duke i k\u00ebrc\u00ebnuar se do t\u2019i fus\u00eb n\u00eb burg.\u2026","rel":"","context":"In &quot;Blogu i Udh\u00ebtarit&quot;","block_context":{"text":"Blogu i Udh\u00ebtarit","link":"https:\/\/www.shqiperia.com\/blog\/category\/blogu-i-udhetarit\/"},"img":{"alt_text":"","src":"https:\/\/i0.wp.com\/www.shqiperia.com\/blog\/wp-content\/uploads\/2021\/03\/800-0-604b93547edb0.jpg?fit=734%2C367&ssl=1&resize=350%2C200","width":350,"height":200,"srcset":"https:\/\/i0.wp.com\/www.shqiperia.com\/blog\/wp-content\/uploads\/2021\/03\/800-0-604b93547edb0.jpg?fit=734%2C367&ssl=1&resize=350%2C200 1x, https:\/\/i0.wp.com\/www.shqiperia.com\/blog\/wp-content\/uploads\/2021\/03\/800-0-604b93547edb0.jpg?fit=734%2C367&ssl=1&resize=525%2C300 1.5x, https:\/\/i0.wp.com\/www.shqiperia.com\/blog\/wp-content\/uploads\/2021\/03\/800-0-604b93547edb0.jpg?fit=734%2C367&ssl=1&resize=700%2C400 2x"},"classes":[]},{"id":79733,"url":"https:\/\/www.shqiperia.com\/blog\/akuzat-per-olsi-ramen-aleksander-cipa-cfare-fshihet-pas-reagimit-te-vellait-te-kryeministrit-bardhi-e-paralajmeroi-dy-muaj-me-pare\/","url_meta":{"origin":40813,"position":4},"title":"Akuzat p\u00ebr Olsi Ram\u00ebn\/ Aleksand\u00ebr \u00c7ipa: &#8211; \u00c7far\u00eb \u2018fshihet\u2019 pas reagimit t\u00eb v\u00ebllait t\u00eb kryeministrit. &#8211; Bardhi e paralajm\u00ebroi dy muaj m\u00eb par\u00eb","author":"Kurt Farka","date":"March 28, 2024","format":false,"excerpt":"29 Mars 2024 Duke komentuar akuzat e kreut t\u00eb grupit parlamentar demokrat, Gazment Bardhi p\u00ebr lidhjen e Olsi Ram\u00ebs me laboratorin e kokain\u00ebs n\u00eb Xibrak\u00eb i zbuluar pak vite m\u00eb par\u00eb, analisti Aleksand\u00ebr \u00c7ipa tha n\u00eb \u201cOpen\u201d n\u00eb News 24, se \u00e7\u00ebshtja por risillet nga opozita n\u00eb betej\u00ebn e saj\u2026","rel":"","context":"In &quot;Blogu i Udh\u00ebtarit&quot;","block_context":{"text":"Blogu i Udh\u00ebtarit","link":"https:\/\/www.shqiperia.com\/blog\/category\/blogu-i-udhetarit\/"},"img":{"alt_text":"","src":"https:\/\/i0.wp.com\/www.shqiperia.com\/blog\/wp-content\/uploads\/2024\/03\/cipa-2-770x410-1.jpg?fit=770%2C410&ssl=1&resize=350%2C200","width":350,"height":200,"srcset":"https:\/\/i0.wp.com\/www.shqiperia.com\/blog\/wp-content\/uploads\/2024\/03\/cipa-2-770x410-1.jpg?fit=770%2C410&ssl=1&resize=350%2C200 1x, https:\/\/i0.wp.com\/www.shqiperia.com\/blog\/wp-content\/uploads\/2024\/03\/cipa-2-770x410-1.jpg?fit=770%2C410&ssl=1&resize=525%2C300 1.5x, https:\/\/i0.wp.com\/www.shqiperia.com\/blog\/wp-content\/uploads\/2024\/03\/cipa-2-770x410-1.jpg?fit=770%2C410&ssl=1&resize=700%2C400 2x"},"classes":[]},{"id":46326,"url":"https:\/\/www.shqiperia.com\/blog\/blendi-fevziu-tregon-se-cfare-thuhet-brenda-partise-socialiste-selia-roze-thote-se-une-dhe-artan-hoxha-do-te-votojme-ne-25-prill-per\/","url_meta":{"origin":40813,"position":5},"title":"Blendi Fevziu tregon se \u00e7far\u00eb thuhet brenda Partis\u00eb Socialiste: &#8211; Selia roz\u00eb thot\u00eb se un\u00eb dhe Artan Hoxha do t\u00eb votojm\u00eb n\u00eb 25 prill p\u00ebr&#8230;","author":"Kurt Farka","date":"April 12, 2021","format":false,"excerpt":"Blendi Fevziu tregon se \u00e7far\u00eb thuhet brenda Partis\u00eb Socialiste: - Selia roz\u00eb thot\u00eb se un\u00eb dhe Artan Hoxha do t\u00eb votojm\u00eb n\u00eb 25 prill p\u00ebr... 12 PRILL 2021 Moderatori Blendi Fevziu ka komentuar akuzat e p\u00ebrdorimit p\u00ebr fushat\u00eb t\u00eb t\u00eb dh\u00ebnave t\u00eb e-Albania nga PS. Ai pasqyroi dhe emrin e\u2026","rel":"","context":"In &quot;Politika&quot;","block_context":{"text":"Politika","link":"https:\/\/www.shqiperia.com\/blog\/category\/politika\/"},"img":{"alt_text":"","src":"https:\/\/i0.wp.com\/www.shqiperia.com\/blog\/wp-content\/uploads\/2021\/04\/800-0-6074ae78a11fa.jpg?fit=800%2C385&ssl=1&resize=350%2C200","width":350,"height":200,"srcset":"https:\/\/i0.wp.com\/www.shqiperia.com\/blog\/wp-content\/uploads\/2021\/04\/800-0-6074ae78a11fa.jpg?fit=800%2C385&ssl=1&resize=350%2C200 1x, https:\/\/i0.wp.com\/www.shqiperia.com\/blog\/wp-content\/uploads\/2021\/04\/800-0-6074ae78a11fa.jpg?fit=800%2C385&ssl=1&resize=525%2C300 1.5x, https:\/\/i0.wp.com\/www.shqiperia.com\/blog\/wp-content\/uploads\/2021\/04\/800-0-6074ae78a11fa.jpg?fit=800%2C385&ssl=1&resize=700%2C400 2x"},"classes":[]}],"_links":{"self":[{"href":"https:\/\/www.shqiperia.com\/blog\/wp-json\/wp\/v2\/posts\/40813","targetHints":{"allow":["GET"]}}],"collection":[{"href":"https:\/\/www.shqiperia.com\/blog\/wp-json\/wp\/v2\/posts"}],"about":[{"href":"https:\/\/www.shqiperia.com\/blog\/wp-json\/wp\/v2\/types\/post"}],"author":[{"embeddable":true,"href":"https:\/\/www.shqiperia.com\/blog\/wp-json\/wp\/v2\/users\/9"}],"replies":[{"embeddable":true,"href":"https:\/\/www.shqiperia.com\/blog\/wp-json\/wp\/v2\/comments?post=40813"}],"version-history":[{"count":3,"href":"https:\/\/www.shqiperia.com\/blog\/wp-json\/wp\/v2\/posts\/40813\/revisions"}],"predecessor-version":[{"id":40818,"href":"https:\/\/www.shqiperia.com\/blog\/wp-json\/wp\/v2\/posts\/40813\/revisions\/40818"}],"wp:featuredmedia":[{"embeddable":true,"href":"https:\/\/www.shqiperia.com\/blog\/wp-json\/wp\/v2\/media\/40815"}],"wp:attachment":[{"href":"https:\/\/www.shqiperia.com\/blog\/wp-json\/wp\/v2\/media?parent=40813"}],"wp:term":[{"taxonomy":"category","embeddable":true,"href":"https:\/\/www.shqiperia.com\/blog\/wp-json\/wp\/v2\/categories?post=40813"},{"taxonomy":"post_tag","embeddable":true,"href":"https:\/\/www.shqiperia.com\/blog\/wp-json\/wp\/v2\/tags?post=40813"}],"curies":[{"name":"wp","href":"https:\/\/api.w.org\/{rel}","templated":true}]}}