{"id":40805,"date":"2020-11-12T18:01:53","date_gmt":"2020-11-12T18:01:53","guid":{"rendered":"https:\/\/www.shqiperia.com\/blog\/?p=40805"},"modified":"2020-11-12T18:01:53","modified_gmt":"2020-11-12T18:01:53","slug":"e-rende-ne-tirane-nje-person-ne-flake-prane-ministrise-se-jashtme","status":"publish","type":"post","link":"https:\/\/www.shqiperia.com\/blog\/e-rende-ne-tirane-nje-person-ne-flake-prane-ministrise-se-jashtme\/","title":{"rendered":"E r\u00ebnd\u00eb n\u00eb Tiran\u00eb, nj\u00eb person n\u00eb flak\u00eb pran\u00eb ministris\u00eb s\u00eb Jashtme"},"content":{"rendered":"<p><img data-recalc-dims=\"1\" loading=\"lazy\" decoding=\"async\" data-attachment-id=\"40806\" data-permalink=\"https:\/\/www.shqiperia.com\/blog\/e-rende-ne-tirane-nje-person-ne-flake-prane-ministrise-se-jashtme\/640-0-5fad76cb6b375\/\" data-orig-file=\"https:\/\/i0.wp.com\/www.shqiperia.com\/blog\/wp-content\/uploads\/2020\/11\/640-0-5fad76cb6b375.jpg?fit=640%2C336&amp;ssl=1\" data-orig-size=\"640,336\" data-comments-opened=\"1\" data-image-meta=\"{&quot;aperture&quot;:&quot;0&quot;,&quot;credit&quot;:&quot;&quot;,&quot;camera&quot;:&quot;&quot;,&quot;caption&quot;:&quot;&quot;,&quot;created_timestamp&quot;:&quot;0&quot;,&quot;copyright&quot;:&quot;&quot;,&quot;focal_length&quot;:&quot;0&quot;,&quot;iso&quot;:&quot;0&quot;,&quot;shutter_speed&quot;:&quot;0&quot;,&quot;title&quot;:&quot;&quot;,&quot;orientation&quot;:&quot;0&quot;}\" data-image-title=\"-640-0-5fad76cb6b375\" data-image-description=\"\" data-image-caption=\"\" data-medium-file=\"https:\/\/i0.wp.com\/www.shqiperia.com\/blog\/wp-content\/uploads\/2020\/11\/640-0-5fad76cb6b375.jpg?fit=300%2C158&amp;ssl=1\" data-large-file=\"https:\/\/i0.wp.com\/www.shqiperia.com\/blog\/wp-content\/uploads\/2020\/11\/640-0-5fad76cb6b375.jpg?fit=640%2C336&amp;ssl=1\" class=\"alignnone  wp-image-40806\" alt=\"\" src=\"https:\/\/i0.wp.com\/www.shqiperia.com\/blog\/wp-content\/uploads\/2020\/11\/640-0-5fad76cb6b375.jpg?resize=522%2C275&#038;ssl=1\" width=\"522\" height=\"275\" srcset=\"https:\/\/i0.wp.com\/www.shqiperia.com\/blog\/wp-content\/uploads\/2020\/11\/640-0-5fad76cb6b375.jpg?resize=300%2C158&amp;ssl=1 300w, https:\/\/i0.wp.com\/www.shqiperia.com\/blog\/wp-content\/uploads\/2020\/11\/640-0-5fad76cb6b375.jpg?resize=450%2C236&amp;ssl=1 450w, https:\/\/i0.wp.com\/www.shqiperia.com\/blog\/wp-content\/uploads\/2020\/11\/640-0-5fad76cb6b375.jpg?resize=600%2C315&amp;ssl=1 600w, https:\/\/i0.wp.com\/www.shqiperia.com\/blog\/wp-content\/uploads\/2020\/11\/640-0-5fad76cb6b375.jpg?resize=400%2C210&amp;ssl=1 400w, https:\/\/i0.wp.com\/www.shqiperia.com\/blog\/wp-content\/uploads\/2020\/11\/640-0-5fad76cb6b375.jpg?w=640&amp;ssl=1 640w\" sizes=\"auto, (max-width: 522px) 100vw, 522px\" \/><\/p>\n<p><strong>E r\u00ebnd\u00eb n\u00eb Tiran\u00eb, nj\u00eb person n\u00eb flak\u00eb pran\u00eb ministris\u00eb s\u00eb Jashtme<\/strong><\/p>\n<p><strong>12 N\u00cbNTOR 2020, 18:54<\/strong><\/p>\n<p>Nj\u00eb ngjarje e r\u00ebnd\u00eb \u00ebsht\u00eb regjistruar mbr\u00ebmjen e sotme n\u00eb Tiran\u00eb.<\/p>\n<p>Nj\u00eb person sipas News 24 i ka v\u00ebn\u00eb flak\u00ebn vetes pran\u00eb Ministris\u00eb s\u00eb Jashtme p\u00ebr arsye ende t\u00eb panjohura.<\/p>\n<p>Dyshohet se kemi t\u00eb b\u00ebjm\u00eb me nj\u00eb endacak, rreth 40 vje\u00e7, q\u00eb i ka v\u00ebn\u00eb flak\u00ebn vetes.<\/p>\n<p>Policia ka shkuar n\u00eb vendin e ngjarjes ku ka nisur hetimet. Ende nuk ka detaje t\u00eb konfirmuara p\u00ebr rastin.<\/p>\n<p>Gazeta Shqip<\/p>\n","protected":false},"excerpt":{"rendered":"<p>E r\u00ebnd\u00eb n\u00eb Tiran\u00eb, nj\u00eb person n\u00eb flak\u00eb pran\u00eb ministris\u00eb s\u00eb Jashtme 12 N\u00cbNTOR 2020, 18:54 Nj\u00eb ngjarje e r\u00ebnd\u00eb \u00ebsht\u00eb regjistruar mbr\u00ebmjen e sotme n\u00eb Tiran\u00eb. Nj\u00eb person sipas News 24 i ka v\u00ebn\u00eb flak\u00ebn vetes pran\u00eb Ministris\u00eb s\u00eb Jashtme p\u00ebr arsye ende t\u00eb panjohura. Dyshohet se kemi t\u00eb b\u00ebjm\u00eb me nj\u00eb endacak, rreth [&hellip;]<\/p>\n","protected":false},"author":9,"featured_media":40806,"comment_status":"open","ping_status":"open","sticky":false,"template":"","format":"standard","meta":{"jetpack_post_was_ever_published":false,"_jetpack_newsletter_access":"","_jetpack_dont_email_post_to_subs":false,"_jetpack_newsletter_tier_id":0,"_jetpack_memberships_contains_paywalled_content":false,"_jetpack_memberships_contains_paid_content":false,"footnotes":"","jetpack_publicize_message":"","jetpack_publicize_feature_enabled":true,"jetpack_social_post_already_shared":true,"jetpack_social_options":{"image_generator_settings":{"template":"highway","default_image_id":0,"font":"","enabled":false},"version":2}},"categories":[27,35],"tags":[],"class_list":["post-40805","post","type-post","status-publish","format-standard","has-post-thumbnail","hentry","category-blogu-i-udhetarit","category-shoqerore"],"jetpack_publicize_connections":[],"jetpack_featured_media_url":"https:\/\/i0.wp.com\/www.shqiperia.com\/blog\/wp-content\/uploads\/2020\/11\/640-0-5fad76cb6b375.jpg?fit=640%2C336&ssl=1","jetpack_sharing_enabled":true,"jetpack_shortlink":"https:\/\/wp.me\/p5Z6wp-aC9","jetpack-related-posts":[{"id":91311,"url":"https:\/\/www.shqiperia.com\/blog\/ndodh-serish-urbani-shperthen-ne-flake-prane-ministrise-se-jashtme\/","url_meta":{"origin":40805,"position":0},"title":"Ndodh s\u00ebrish\/ Urbani shp\u00ebrthen n\u00eb flak\u00eb pran\u00eb ministris\u00eb s\u00eb Jashtme","author":"Kurt Farka","date":"April 11, 2025","format":false,"excerpt":"11 Prill 2025 Nj\u00eb urban \u00ebsht\u00eb ka shp\u00ebrthyer n\u00eb flak\u00eb dit\u00ebn e sotme pran\u00eb ministris\u00eb s\u00eb Jashtme. Urbani ka marr\u00eb flak\u00eb n\u00eb pjes\u00ebn e pasme t\u00eb tij, teksa duken tymi dhe flak\u00ebt. Momentalisht n\u00eb vendin e ngjarjen ka ardhur edhe zjarrfik\u00ebsja p\u00ebr t\u00eb shuar flak\u00ebt.","rel":"","context":"In &quot;Blogu i Udh\u00ebtarit&quot;","block_context":{"text":"Blogu i Udh\u00ebtarit","link":"https:\/\/www.shqiperia.com\/blog\/category\/blogu-i-udhetarit\/"},"img":{"alt_text":"","src":"https:\/\/i0.wp.com\/www.shqiperia.com\/blog\/wp-content\/uploads\/2025\/04\/640-0-d6aa216055a72adda09d95a47d2c3400.jpg?fit=640%2C357&ssl=1&resize=350%2C200","width":350,"height":200,"srcset":"https:\/\/i0.wp.com\/www.shqiperia.com\/blog\/wp-content\/uploads\/2025\/04\/640-0-d6aa216055a72adda09d95a47d2c3400.jpg?fit=640%2C357&ssl=1&resize=350%2C200 1x, https:\/\/i0.wp.com\/www.shqiperia.com\/blog\/wp-content\/uploads\/2025\/04\/640-0-d6aa216055a72adda09d95a47d2c3400.jpg?fit=640%2C357&ssl=1&resize=525%2C300 1.5x"},"classes":[]},{"id":54396,"url":"https:\/\/www.shqiperia.com\/blog\/pushtimi-i-ukraines-nisi-ja-cfare-ndodh-prane-ambasades-ruse-ne-tirane-dikush-dergon-nje-tufe-me-lule-ja-postimi-i-fundit-ne-rrjetet-sociale\/","url_meta":{"origin":40805,"position":1},"title":"Pushtimi i Ukrain\u00ebs nisi, ja \u00e7far\u00eb ndodh pran\u00eb ambasad\u00ebs ruse n\u00eb Tiran\u00eb. Dikush d\u00ebrgon nj\u00eb tuf\u00eb me lule. Ja postimi i fundit n\u00eb rrjetet sociale","author":"Kurt Farka","date":"February 24, 2022","format":false,"excerpt":"Pushtimi i Ukrain\u00ebs nisi, ja \u00e7far\u00eb ndodh pran\u00eb ambasad\u00ebs ruse n\u00eb Tiran\u00eb. Dikush d\u00ebrgon nj\u00eb tuf\u00eb me lule. Ja postimi i fundit n\u00eb rrjetet sociale 24 Shkurt 2022 SHP\u00cbRNDAJE K\u00ebto jan\u00eb pamjet pran\u00eb ambasad\u00ebs ruse n\u00eb Tiran\u00eb k\u00ebt\u00eb t\u00eb enjte, koh\u00eb kur Moska ka nisur n\u00eb pushtim t\u00eb ri t\u00eb\u2026","rel":"","context":"In &quot;Blogu i Udh\u00ebtarit&quot;","block_context":{"text":"Blogu i Udh\u00ebtarit","link":"https:\/\/www.shqiperia.com\/blog\/category\/blogu-i-udhetarit\/"},"img":{"alt_text":"","src":"https:\/\/i0.wp.com\/www.shqiperia.com\/blog\/wp-content\/uploads\/2022\/02\/Dikush-dergon-nje-tufe-me-lule-neambasaden-ruse-tirane-24-shkurt-2022.jpg?fit=847%2C451&ssl=1&resize=350%2C200","width":350,"height":200,"srcset":"https:\/\/i0.wp.com\/www.shqiperia.com\/blog\/wp-content\/uploads\/2022\/02\/Dikush-dergon-nje-tufe-me-lule-neambasaden-ruse-tirane-24-shkurt-2022.jpg?fit=847%2C451&ssl=1&resize=350%2C200 1x, https:\/\/i0.wp.com\/www.shqiperia.com\/blog\/wp-content\/uploads\/2022\/02\/Dikush-dergon-nje-tufe-me-lule-neambasaden-ruse-tirane-24-shkurt-2022.jpg?fit=847%2C451&ssl=1&resize=525%2C300 1.5x, https:\/\/i0.wp.com\/www.shqiperia.com\/blog\/wp-content\/uploads\/2022\/02\/Dikush-dergon-nje-tufe-me-lule-neambasaden-ruse-tirane-24-shkurt-2022.jpg?fit=847%2C451&ssl=1&resize=700%2C400 2x"},"classes":[]},{"id":17198,"url":"https:\/\/www.shqiperia.com\/blog\/akt-skandaloz-shkeljen-e-rende-kushtetuese-e-ministrise-se-gent-cakajt-fyerje-kombetare\/","url_meta":{"origin":40805,"position":2},"title":"\u201cAkt skandaloz, Shkelje e r\u00ebnd\u00eb Kushtetuese e ministris\u00eb s\u00eb Gent Cakajt: Fyerje komb\u00ebtare!","author":"Kurt Farka","date":"February 10, 2019","format":false,"excerpt":"\u201cAkt skandaloz, Shkelje e r\u00ebnd\u00eb Kushtetuese e ministris\u00eb s\u00eb Gent Cakajt: Fyerje komb\u00ebtare! 10\/02\/2019 Deputeti i L\u00ebvizjes Socialiste p\u00ebr Integrim, Luan Rama ka denoncuar nj\u00eb shkelje t\u00eb r\u00ebnd\u00eb sipas tij t\u00eb simboleve komb\u00ebtare nga Ministria p\u00ebr Europ\u00ebn dhe Pun\u00ebt e Jashtme. Sipas Luan Ram\u00ebs, kjo ministri p\u00ebrdor shqiponj\u00eb t\u00eb bardh\u00eb\u2026","rel":"","context":"In &quot;Blogu i Udh\u00ebtarit&quot;","block_context":{"text":"Blogu i Udh\u00ebtarit","link":"https:\/\/www.shqiperia.com\/blog\/category\/blogu-i-udhetarit\/"},"img":{"alt_text":"","src":"https:\/\/i0.wp.com\/www.shqiperia.com\/blog\/wp-content\/uploads\/2019\/02\/Luan-rama23-Copy.jpg?fit=522%2C306&ssl=1&resize=350%2C200","width":350,"height":200},"classes":[]},{"id":90859,"url":"https:\/\/www.shqiperia.com\/blog\/shperthim-ne-lagunen-e-patokut-demtohet-nje-ambient-prane-nje-lokali\/","url_meta":{"origin":40805,"position":3},"title":"Shp\u00ebrthim n\u00eb Lagun\u00ebn e Patokut, d\u00ebmtohet nj\u00eb ambient pran\u00eb nj\u00eb lokali","author":"Kurt Farka","date":"March 29, 2025","format":false,"excerpt":"29 Mars 2025 Nj\u00eb shp\u00ebrthim i dyshuar ka ndodhur m\u00ebngjesin e dat\u00ebs 27 mars 2025 n\u00eb Lagun\u00ebn e Patokut, duke shkaktuar d\u00ebmtime n\u00eb nj\u00eb ambient rreth 50 metra larg nj\u00eb lokali. Lajmi \u00ebsht\u00eb b\u00ebr\u00eb i ditur nga shtetasi Z.T., i cili ka njoftuar Policin\u00eb p\u00ebr incidentin. Sipas burimeve, l\u00ebnda plas\u00ebse\u2026","rel":"","context":"In &quot;Njoftime Shtypi&quot;","block_context":{"text":"Njoftime Shtypi","link":"https:\/\/www.shqiperia.com\/blog\/category\/njoftime-shtypi\/"},"img":{"alt_text":"","src":"https:\/\/i0.wp.com\/www.shqiperia.com\/blog\/wp-content\/uploads\/2025\/03\/tritol-lezhe.jpg?fit=1200%2C675&ssl=1&resize=350%2C200","width":350,"height":200,"srcset":"https:\/\/i0.wp.com\/www.shqiperia.com\/blog\/wp-content\/uploads\/2025\/03\/tritol-lezhe.jpg?fit=1200%2C675&ssl=1&resize=350%2C200 1x, https:\/\/i0.wp.com\/www.shqiperia.com\/blog\/wp-content\/uploads\/2025\/03\/tritol-lezhe.jpg?fit=1200%2C675&ssl=1&resize=525%2C300 1.5x, https:\/\/i0.wp.com\/www.shqiperia.com\/blog\/wp-content\/uploads\/2025\/03\/tritol-lezhe.jpg?fit=1200%2C675&ssl=1&resize=700%2C400 2x, https:\/\/i0.wp.com\/www.shqiperia.com\/blog\/wp-content\/uploads\/2025\/03\/tritol-lezhe.jpg?fit=1200%2C675&ssl=1&resize=1050%2C600 3x"},"classes":[]},{"id":65695,"url":"https:\/\/www.shqiperia.com\/blog\/zedhenesja-e-ministrise-se-jashtme-ruse-situata-ne-kosove-nuk-eshte-larg-nga-nje-konflikt-i-shkalles-se-gjere\/","url_meta":{"origin":40805,"position":4},"title":"Z\u00ebdh\u00ebn\u00ebsja e ministris\u00eb s\u00eb Jashtme ruse: &#8211; Situata n\u00eb Kosov\u00eb nuk \u00ebsht\u00eb larg nga nj\u00eb konflikt i shkall\u00ebs s\u00eb gjer\u00eb","author":"Kurt Farka","date":"December 26, 2022","format":false,"excerpt":"26 Dhjetor 2022 Rusia ka th\u00ebn\u00eb se situata n\u00eb Kosov\u00eb nuk \u00ebsht\u00eb larg nga nj\u00eb \u201ckonflikt real i nj\u00eb shkalle t\u00eb gjer\u00eb\u201d. Z\u00ebdh\u00ebn\u00ebsja e Ministris\u00eb s\u00eb Jashtme t\u00eb Rusis\u00eb, Maria Zakharova, ka faj\u00ebsuar pal\u00ebn kosovare p\u00ebr situat\u00ebn. \u201cP\u00ebrkeq\u00ebsimi i ri q\u00eb shp\u00ebrtheu n\u00eb krahin\u00eb tregon bindsh\u00ebm se devijimi nga korniza\u2026","rel":"","context":"In &quot;Blogu i Udh\u00ebtarit&quot;","block_context":{"text":"Blogu i Udh\u00ebtarit","link":"https:\/\/www.shqiperia.com\/blog\/category\/blogu-i-udhetarit\/"},"img":{"alt_text":"","src":"https:\/\/i0.wp.com\/www.shqiperia.com\/blog\/wp-content\/uploads\/2022\/12\/Maria-Zakharova-Zedhenesja-e-Ministrise-se-Jashtme-Ruse.jpg?fit=640%2C419&ssl=1&resize=350%2C200","width":350,"height":200,"srcset":"https:\/\/i0.wp.com\/www.shqiperia.com\/blog\/wp-content\/uploads\/2022\/12\/Maria-Zakharova-Zedhenesja-e-Ministrise-se-Jashtme-Ruse.jpg?fit=640%2C419&ssl=1&resize=350%2C200 1x, https:\/\/i0.wp.com\/www.shqiperia.com\/blog\/wp-content\/uploads\/2022\/12\/Maria-Zakharova-Zedhenesja-e-Ministrise-se-Jashtme-Ruse.jpg?fit=640%2C419&ssl=1&resize=525%2C300 1.5x"},"classes":[]},{"id":19253,"url":"https:\/\/www.shqiperia.com\/blog\/skemi-buke-te-hame-doja-te-vdisja-rrefimi-i-dhimbshem-i-burrit-qe-i-vuri-flaken-vetes\/","url_meta":{"origin":40805,"position":5},"title":"\u201cS\u2019kemi buk\u00eb t\u00eb ham\u00eb, doja t\u00eb vdisja\u201d, rr\u00ebfimi i dhimbsh\u00ebm i burrit q\u00eb i vuri flak\u00ebn vetes. &#8211;","author":"Kurt Farka","date":"April 6, 2019","format":false,"excerpt":"\u201cS\u2019kemi buk\u00eb t\u00eb ham\u00eb, doja t\u00eb vdisja\u201d, rr\u00ebfimi i dhimbsh\u00ebm i burrit q\u00eb i vuri flak\u00ebn vetes. - Nj\u00eb 63-vje\u00e7ar nga lagjja \u201c\u00c7elepias\u201d n\u00eb qytetin e Beratit, ka tentuar t\u2019i jap\u00eb fund jet\u00ebs duke i v\u00ebn\u00eb flak\u00ebn vetes pasi \u00ebsht\u00eb lyer me benzin\u00eb. Ngjarja ka ndodhur n\u00eb lulishten e lagjes\u2026","rel":"","context":"In &quot;Blogu i Udh\u00ebtarit&quot;","block_context":{"text":"Blogu i Udh\u00ebtarit","link":"https:\/\/www.shqiperia.com\/blog\/category\/blogu-i-udhetarit\/"},"img":{"alt_text":"","src":"https:\/\/i0.wp.com\/www.shqiperia.com\/blog\/wp-content\/uploads\/2019\/04\/i-moshuari-tentoi-te-digjej-770x433.jpg?fit=770%2C433&ssl=1&resize=350%2C200","width":350,"height":200,"srcset":"https:\/\/i0.wp.com\/www.shqiperia.com\/blog\/wp-content\/uploads\/2019\/04\/i-moshuari-tentoi-te-digjej-770x433.jpg?fit=770%2C433&ssl=1&resize=350%2C200 1x, https:\/\/i0.wp.com\/www.shqiperia.com\/blog\/wp-content\/uploads\/2019\/04\/i-moshuari-tentoi-te-digjej-770x433.jpg?fit=770%2C433&ssl=1&resize=525%2C300 1.5x, https:\/\/i0.wp.com\/www.shqiperia.com\/blog\/wp-content\/uploads\/2019\/04\/i-moshuari-tentoi-te-digjej-770x433.jpg?fit=770%2C433&ssl=1&resize=700%2C400 2x"},"classes":[]}],"_links":{"self":[{"href":"https:\/\/www.shqiperia.com\/blog\/wp-json\/wp\/v2\/posts\/40805","targetHints":{"allow":["GET"]}}],"collection":[{"href":"https:\/\/www.shqiperia.com\/blog\/wp-json\/wp\/v2\/posts"}],"about":[{"href":"https:\/\/www.shqiperia.com\/blog\/wp-json\/wp\/v2\/types\/post"}],"author":[{"embeddable":true,"href":"https:\/\/www.shqiperia.com\/blog\/wp-json\/wp\/v2\/users\/9"}],"replies":[{"embeddable":true,"href":"https:\/\/www.shqiperia.com\/blog\/wp-json\/wp\/v2\/comments?post=40805"}],"version-history":[{"count":1,"href":"https:\/\/www.shqiperia.com\/blog\/wp-json\/wp\/v2\/posts\/40805\/revisions"}],"predecessor-version":[{"id":40807,"href":"https:\/\/www.shqiperia.com\/blog\/wp-json\/wp\/v2\/posts\/40805\/revisions\/40807"}],"wp:featuredmedia":[{"embeddable":true,"href":"https:\/\/www.shqiperia.com\/blog\/wp-json\/wp\/v2\/media\/40806"}],"wp:attachment":[{"href":"https:\/\/www.shqiperia.com\/blog\/wp-json\/wp\/v2\/media?parent=40805"}],"wp:term":[{"taxonomy":"category","embeddable":true,"href":"https:\/\/www.shqiperia.com\/blog\/wp-json\/wp\/v2\/categories?post=40805"},{"taxonomy":"post_tag","embeddable":true,"href":"https:\/\/www.shqiperia.com\/blog\/wp-json\/wp\/v2\/tags?post=40805"}],"curies":[{"name":"wp","href":"https:\/\/api.w.org\/{rel}","templated":true}]}}