{"id":40802,"date":"2020-11-12T17:54:03","date_gmt":"2020-11-12T17:54:03","guid":{"rendered":"https:\/\/www.shqiperia.com\/blog\/?p=40802"},"modified":"2020-11-12T17:54:03","modified_gmt":"2020-11-12T17:54:03","slug":"habit-me-deklaraten-sazan-guri-tregon-cfare-i-ndodhi-ne-studion-e-doktor-piperos-i-interesonte-me-shume","status":"publish","type":"post","link":"https:\/\/www.shqiperia.com\/blog\/habit-me-deklaraten-sazan-guri-tregon-cfare-i-ndodhi-ne-studion-e-doktor-piperos-i-interesonte-me-shume\/","title":{"rendered":"Habit me deklarat\u00ebn Sazan Guri, tregon \u00e7far\u00eb i ndodhi n\u00eb studion e doktor Piperos: I interesonte m\u00eb shum\u00eb&#8230;"},"content":{"rendered":"<p><img data-recalc-dims=\"1\" loading=\"lazy\" decoding=\"async\" data-attachment-id=\"40803\" data-permalink=\"https:\/\/www.shqiperia.com\/blog\/habit-me-deklaraten-sazan-guri-tregon-cfare-i-ndodhi-ne-studion-e-doktor-piperos-i-interesonte-me-shume\/800-0-5fad46f2cd547\/\" data-orig-file=\"https:\/\/i0.wp.com\/www.shqiperia.com\/blog\/wp-content\/uploads\/2020\/11\/800-0-5fad46f2cd547.jpg?fit=532%2C281&amp;ssl=1\" data-orig-size=\"532,281\" data-comments-opened=\"1\" data-image-meta=\"{&quot;aperture&quot;:&quot;0&quot;,&quot;credit&quot;:&quot;&quot;,&quot;camera&quot;:&quot;&quot;,&quot;caption&quot;:&quot;&quot;,&quot;created_timestamp&quot;:&quot;0&quot;,&quot;copyright&quot;:&quot;&quot;,&quot;focal_length&quot;:&quot;0&quot;,&quot;iso&quot;:&quot;0&quot;,&quot;shutter_speed&quot;:&quot;0&quot;,&quot;title&quot;:&quot;&quot;,&quot;orientation&quot;:&quot;0&quot;}\" data-image-title=\"-800-0-5fad46f2cd547\" data-image-description=\"\" data-image-caption=\"\" data-medium-file=\"https:\/\/i0.wp.com\/www.shqiperia.com\/blog\/wp-content\/uploads\/2020\/11\/800-0-5fad46f2cd547.jpg?fit=300%2C158&amp;ssl=1\" data-large-file=\"https:\/\/i0.wp.com\/www.shqiperia.com\/blog\/wp-content\/uploads\/2020\/11\/800-0-5fad46f2cd547.jpg?fit=532%2C281&amp;ssl=1\" class=\"alignnone  wp-image-40803\" alt=\"\" src=\"https:\/\/i0.wp.com\/www.shqiperia.com\/blog\/wp-content\/uploads\/2020\/11\/800-0-5fad46f2cd547.jpg?resize=463%2C244&#038;ssl=1\" width=\"463\" height=\"244\" srcset=\"https:\/\/i0.wp.com\/www.shqiperia.com\/blog\/wp-content\/uploads\/2020\/11\/800-0-5fad46f2cd547.jpg?resize=300%2C158&amp;ssl=1 300w, https:\/\/i0.wp.com\/www.shqiperia.com\/blog\/wp-content\/uploads\/2020\/11\/800-0-5fad46f2cd547.jpg?resize=450%2C238&amp;ssl=1 450w, https:\/\/i0.wp.com\/www.shqiperia.com\/blog\/wp-content\/uploads\/2020\/11\/800-0-5fad46f2cd547.jpg?resize=400%2C211&amp;ssl=1 400w, https:\/\/i0.wp.com\/www.shqiperia.com\/blog\/wp-content\/uploads\/2020\/11\/800-0-5fad46f2cd547.jpg?w=532&amp;ssl=1 532w\" sizes=\"auto, (max-width: 463px) 100vw, 463px\" \/><\/p>\n<p><strong>Habit me deklarat\u00ebn Sazan Guri, tregon \u00e7far\u00eb i ndodhi n\u00eb studion e doktor Piperos: I interesonte m\u00eb shum\u00eb&#8230;<\/strong><\/p>\n<p>12 N\u00cbNTOR 2020<\/p>\n<p>\u201c \u2026 Jam puthur me plakat sa t\u00eb duash ti\u201d, rr\u00ebfeu ai.<\/p>\n<p>Sazan Guri i ftuar n\u00eb emisionin \u2018Roped with Olsi\u2019, ka treguar nj\u00eb histori q\u00eb i ka ndodhur n\u00eb studion e doktor P\u00ebllumb Piperos, e cila padyshim ka shkaktuar t\u00eb qeshura.<\/p>\n<p>Sipas Gurit, Covidi nuk infekton vajzat dhe grat\u00eb nga mosha 15 deri 45-vje\u00e7e, pasi lidhet drejtp\u00ebrdrejt me jogan.<\/p>\n<p>\u201cPiperos i jam betuar p\u00ebr nj\u00eb gj\u00eb kur vajta te studio e tij kishte shum\u00eb gra dhe un\u00eb kam nj\u00eb bindje tjet\u00ebr nga joga se vajzat dhe grat\u00eb 15 deri 40-45 vje\u00e7e nuk i kap covidi. T\u00eb lutem thuaje me z\u00eb t\u00eb lart\u00eb, i thash. Atij i interesonte t\u00eb kishte sa m\u00eb shum\u00eb pacient\u00eb t\u00eb frik\u00ebsuar, t\u00eb trembur, t\u00eb tromaksur. Ishte nj\u00eb zonj\u00eb atje, dhe m\u00eb tha, mos i rri af\u00ebr djalit tim. Ca thua i thash, un\u00eb e ha covidin, e shk\u00ebrrmoq. Edhe ajo m\u00eb shikonte k\u00ebshtu. O moj nuk e beson ti, un\u00eb e kam shk\u00ebrrmoqur, kam takuar 2 mij\u00eb plaka, kam ndar\u00eb ndihma. Jam puthur me plakat sa t\u00eb duash ti\u201d, rr\u00ebfeu ai.<\/p>\n<p>Gazeta Sot<\/p>\n","protected":false},"excerpt":{"rendered":"<p>Habit me deklarat\u00ebn Sazan Guri, tregon \u00e7far\u00eb i ndodhi n\u00eb studion e doktor Piperos: I interesonte m\u00eb shum\u00eb&#8230; 12 N\u00cbNTOR 2020 \u201c \u2026 Jam puthur me plakat sa t\u00eb duash ti\u201d, rr\u00ebfeu ai. Sazan Guri i ftuar n\u00eb emisionin \u2018Roped with Olsi\u2019, ka treguar nj\u00eb histori q\u00eb i ka ndodhur n\u00eb studion e doktor P\u00ebllumb [&hellip;]<\/p>\n","protected":false},"author":9,"featured_media":40803,"comment_status":"open","ping_status":"open","sticky":false,"template":"","format":"standard","meta":{"jetpack_post_was_ever_published":false,"_jetpack_newsletter_access":"","_jetpack_dont_email_post_to_subs":false,"_jetpack_newsletter_tier_id":0,"_jetpack_memberships_contains_paywalled_content":false,"_jetpack_memberships_contains_paid_content":false,"footnotes":"","jetpack_publicize_message":"","jetpack_publicize_feature_enabled":true,"jetpack_social_post_already_shared":true,"jetpack_social_options":{"image_generator_settings":{"template":"highway","default_image_id":0,"font":"","enabled":false},"version":2}},"categories":[27,14],"tags":[],"class_list":["post-40802","post","type-post","status-publish","format-standard","has-post-thumbnail","hentry","category-blogu-i-udhetarit","category-press-releases"],"jetpack_publicize_connections":[],"jetpack_featured_media_url":"https:\/\/i0.wp.com\/www.shqiperia.com\/blog\/wp-content\/uploads\/2020\/11\/800-0-5fad46f2cd547.jpg?fit=532%2C281&ssl=1","jetpack_sharing_enabled":true,"jetpack_shortlink":"https:\/\/wp.me\/p5Z6wp-aC6","jetpack-related-posts":[{"id":81708,"url":"https:\/\/www.shqiperia.com\/blog\/sazan-guri-befason-me-deklaraten-nena-e-krishtit-maria-kishte-emer-shqiptar-ju-tregoj-perse\/","url_meta":{"origin":40802,"position":0},"title":"Sazan Guri befason me deklarat\u00ebn: &#8211; N\u00ebna e Krishtit, Maria kishte em\u00ebr shqiptar, ju tregoj p\u00ebrse","author":"Kurt Farka","date":"June 9, 2024","format":false,"excerpt":"9 Qershor 2024 Ambientalisti, Sazan Guri ka b\u00ebr\u00eb nj\u00eb deklarat\u00eb t\u00eb befasishme. I ftuar n\u00eb \u201cABC e M\u00ebngjesit\u201d, ai u shpreh se n\u00eb baz\u00eb studimeve t\u00eb tij, emri Maria i n\u00ebn\u00ebs s\u00eb Krishtit \u00ebsht\u00eb em\u00ebr shqiptar. Ai ka theksuar se Maria \u00ebsht\u00eb em\u00ebr \u2018mbar\u00ebsi\u2019, po t\u00eb v\u00ebsh \u2018b\u2019 n\u00eb gjuh\u00ebn\u2026","rel":"","context":"In &quot;Blogu i Udh\u00ebtarit&quot;","block_context":{"text":"Blogu i Udh\u00ebtarit","link":"https:\/\/www.shqiperia.com\/blog\/category\/blogu-i-udhetarit\/"},"img":{"alt_text":"","src":"https:\/\/i0.wp.com\/www.shqiperia.com\/blog\/wp-content\/uploads\/2024\/06\/Nuk-permbahet-Sazan-Guri-1.jpg?fit=940%2C679&ssl=1&resize=350%2C200","width":350,"height":200,"srcset":"https:\/\/i0.wp.com\/www.shqiperia.com\/blog\/wp-content\/uploads\/2024\/06\/Nuk-permbahet-Sazan-Guri-1.jpg?fit=940%2C679&ssl=1&resize=350%2C200 1x, https:\/\/i0.wp.com\/www.shqiperia.com\/blog\/wp-content\/uploads\/2024\/06\/Nuk-permbahet-Sazan-Guri-1.jpg?fit=940%2C679&ssl=1&resize=525%2C300 1.5x, https:\/\/i0.wp.com\/www.shqiperia.com\/blog\/wp-content\/uploads\/2024\/06\/Nuk-permbahet-Sazan-Guri-1.jpg?fit=940%2C679&ssl=1&resize=700%2C400 2x"},"classes":[]},{"id":79802,"url":"https:\/\/www.shqiperia.com\/blog\/sazan-guri-shpjegon-teorine-e-cuditshme-per-shqiptaret\/","url_meta":{"origin":40802,"position":1},"title":"Sazan Guri shpjegon teorin\u00eb e \u00e7uditshme p\u00ebr shqiptar\u00ebt","author":"Kurt Farka","date":"April 1, 2024","format":false,"excerpt":"1 Prill 2024 Mes shum\u00eb \u00e7\u00ebshtjesh t\u00eb tjera, gjeologu b\u00ebri nj\u00eb konstatim t\u00eb \u00e7uditsh\u00ebm p\u00ebr shqiptar\u00ebt dhe natyr\u00ebn ton\u00eb. Sipas Gurit, q\u00eb n\u00eb 1914-\u00ebn, nj\u00eb miz\u00eb cece ka pickuar dhe paralizuar trurin e shqiptar\u00ebve, dhe kjo \u00ebsht\u00eb arsyeja pse jemi k\u00ebta q\u00eb jemi sot. Sipas gjeologut, shqiptar\u00ebt nga at\u00ebher\u00eb, nuk\u2026","rel":"","context":"In &quot;Blogu i Udh\u00ebtarit&quot;","block_context":{"text":"Blogu i Udh\u00ebtarit","link":"https:\/\/www.shqiperia.com\/blog\/category\/blogu-i-udhetarit\/"},"img":{"alt_text":"","src":"https:\/\/i0.wp.com\/www.shqiperia.com\/blog\/wp-content\/uploads\/2024\/04\/sazan-guri.jpg?fit=905%2C395&ssl=1&resize=350%2C200","width":350,"height":200,"srcset":"https:\/\/i0.wp.com\/www.shqiperia.com\/blog\/wp-content\/uploads\/2024\/04\/sazan-guri.jpg?fit=905%2C395&ssl=1&resize=350%2C200 1x, https:\/\/i0.wp.com\/www.shqiperia.com\/blog\/wp-content\/uploads\/2024\/04\/sazan-guri.jpg?fit=905%2C395&ssl=1&resize=525%2C300 1.5x, https:\/\/i0.wp.com\/www.shqiperia.com\/blog\/wp-content\/uploads\/2024\/04\/sazan-guri.jpg?fit=905%2C395&ssl=1&resize=700%2C400 2x"},"classes":[]},{"id":81368,"url":"https:\/\/www.shqiperia.com\/blog\/gazetari-i-njohur-thumbon-edi-ramen-shpresoj-qe-te-mos-perdore-profecite-e-sazan-gurit-per-anglishten\/","url_meta":{"origin":40802,"position":2},"title":"Gazetari i njohur \u2018thumbon\u2019 Edi Ramen: &#8211; Shpresoj q\u00eb t\u00eb mos p\u00ebrdor\u00eb profecit\u00eb e Sazan Gurit p\u00ebr anglishten","author":"Kurt Farka","date":"May 26, 2024","format":false,"excerpt":"26 Maji 2024 Gazetari shqiptar Arben Manaj, i cili jeton n\u00eb Mbret\u00ebrin\u00eb e Bashkuar, ka komentuar takimin e \u00a0kryeministrit Edi Rama me emigrant\u00ebt shqiptar\u00eb n\u00eb Britanin\u00eb e Madhe. I ftuar n\u00eb nj\u00eb program televiziv Manaj tha se ai nuk e di dhe se \u00ebsht\u00eb nj\u00eb histori tjet\u00ebr se \u00e7far\u00eb mund\u2026","rel":"","context":"In &quot;Blogu i Udh\u00ebtarit&quot;","block_context":{"text":"Blogu i Udh\u00ebtarit","link":"https:\/\/www.shqiperia.com\/blog\/category\/blogu-i-udhetarit\/"},"img":{"alt_text":"","src":"https:\/\/i0.wp.com\/www.shqiperia.com\/blog\/wp-content\/uploads\/2024\/05\/196117386_3047299295493353_8837247964216065948_n.jpg?fit=640%2C405&ssl=1&resize=350%2C200","width":350,"height":200,"srcset":"https:\/\/i0.wp.com\/www.shqiperia.com\/blog\/wp-content\/uploads\/2024\/05\/196117386_3047299295493353_8837247964216065948_n.jpg?fit=640%2C405&ssl=1&resize=350%2C200 1x, https:\/\/i0.wp.com\/www.shqiperia.com\/blog\/wp-content\/uploads\/2024\/05\/196117386_3047299295493353_8837247964216065948_n.jpg?fit=640%2C405&ssl=1&resize=525%2C300 1.5x"},"classes":[]},{"id":78646,"url":"https:\/\/www.shqiperia.com\/blog\/nuk-ndalet-sazan-guri-kleopatra-e-egjiptit-eshte-me-origjine-nga-korca\/","url_meta":{"origin":40802,"position":3},"title":"Nuk ndalet Sazan Guri &#8211; Kleopatra e Egjiptit \u00ebsht\u00eb me origjin\u00eb nga Kor\u00e7a","author":"Kurt Farka","date":"February 26, 2024","format":false,"excerpt":"28 Shtator 2022 Ambientalisti Sazan Guri ka l\u00ebshuar deklarat\u00ebn e fort\u00eb, duke th\u00ebn\u00eb se ish-udh\u00ebheq\u00ebsi ushtarak francez Napoleon Bonaparti dhe ish-piktori Pablo Picasso ishin shqiptar\u00eb. Ai tha se origjin\u00ebn e tyre e ka me fakte, duke shtuar se prind\u00ebrit e Bonapartit\u00a0ishin nga krahina e Malit, nd\u00ebrsa t\u00eb Picasso-s ishin nga\u2026","rel":"","context":"In &quot;Blogu i Udh\u00ebtarit&quot;","block_context":{"text":"Blogu i Udh\u00ebtarit","link":"https:\/\/www.shqiperia.com\/blog\/category\/blogu-i-udhetarit\/"},"img":{"alt_text":"","src":"https:\/\/i0.wp.com\/www.shqiperia.com\/blog\/wp-content\/uploads\/2024\/02\/800-0-sazan-Guri-compressor-835x540-1.jpg?fit=800%2C517&ssl=1&resize=350%2C200","width":350,"height":200,"srcset":"https:\/\/i0.wp.com\/www.shqiperia.com\/blog\/wp-content\/uploads\/2024\/02\/800-0-sazan-Guri-compressor-835x540-1.jpg?fit=800%2C517&ssl=1&resize=350%2C200 1x, https:\/\/i0.wp.com\/www.shqiperia.com\/blog\/wp-content\/uploads\/2024\/02\/800-0-sazan-Guri-compressor-835x540-1.jpg?fit=800%2C517&ssl=1&resize=525%2C300 1.5x, https:\/\/i0.wp.com\/www.shqiperia.com\/blog\/wp-content\/uploads\/2024\/02\/800-0-sazan-Guri-compressor-835x540-1.jpg?fit=800%2C517&ssl=1&resize=700%2C400 2x"},"classes":[]},{"id":43945,"url":"https:\/\/www.shqiperia.com\/blog\/rasti-i-dyte-ne-vend-pas-pellumb-piperos-nje-tjeter-mjek-te-shefqet-ndoqi-infektohet-nga-covid-19-para-disa-ditesh-mori-dozen-e-dyte-te-pfizer\/","url_meta":{"origin":40802,"position":4},"title":"Rasti i dyt\u00eb n\u00eb vend! Pas P\u00ebllumb Piperos, nj\u00eb tjet\u00ebr mjek te \u201cShefqet Ndoqi\u201d infektohet nga COVID-19. Para disa dit\u00ebsh mori doz\u00ebn e dyt\u00eb t\u00eb Pfizer","author":"Kurt Farka","date":"February 9, 2021","format":false,"excerpt":"Rasti i dyt\u00eb n\u00eb vend! Pas P\u00ebllumb Piperos, nj\u00eb tjet\u00ebr mjek te \u201cShefqet Ndoqi\u201d infektohet nga COVID-19. Para disa dit\u00ebsh mori doz\u00ebn e dyt\u00eb t\u00eb Pfizer 8 shkurt 2021 Nj\u00eb tjet\u00ebr rast riinfektimi ka ndodhur n\u00eb vendin ton\u00eb. Pasi doli lajmi se mjeku P\u00ebllumb Pipero \u00ebsht\u00eb infektuar me Covid pas\u2026","rel":"","context":"In &quot;Blogu i Udh\u00ebtarit&quot;","block_context":{"text":"Blogu i Udh\u00ebtarit","link":"https:\/\/www.shqiperia.com\/blog\/category\/blogu-i-udhetarit\/"},"img":{"alt_text":"","src":"https:\/\/i0.wp.com\/www.shqiperia.com\/blog\/wp-content\/uploads\/2021\/02\/Spitali_Universitar__Shefqet_Ndroqi__senatorium-1100x620-1-905x450-1.jpg?fit=905%2C450&ssl=1&resize=350%2C200","width":350,"height":200,"srcset":"https:\/\/i0.wp.com\/www.shqiperia.com\/blog\/wp-content\/uploads\/2021\/02\/Spitali_Universitar__Shefqet_Ndroqi__senatorium-1100x620-1-905x450-1.jpg?fit=905%2C450&ssl=1&resize=350%2C200 1x, https:\/\/i0.wp.com\/www.shqiperia.com\/blog\/wp-content\/uploads\/2021\/02\/Spitali_Universitar__Shefqet_Ndroqi__senatorium-1100x620-1-905x450-1.jpg?fit=905%2C450&ssl=1&resize=525%2C300 1.5x, https:\/\/i0.wp.com\/www.shqiperia.com\/blog\/wp-content\/uploads\/2021\/02\/Spitali_Universitar__Shefqet_Ndroqi__senatorium-1100x620-1-905x450-1.jpg?fit=905%2C450&ssl=1&resize=700%2C400 2x"},"classes":[]},{"id":78554,"url":"https:\/\/www.shqiperia.com\/blog\/lajm-arkiv-sazan-guri-zbulon-origjinen-shqiptare-te-jezu-krishtit\/","url_meta":{"origin":40802,"position":5},"title":"Lajm Arkiv: &#8211; Sazan Guri zbulon origjin\u00ebn shqiptare t\u00eb Jezu Krishtit:","author":"Kurt Farka","date":"February 23, 2024","format":false,"excerpt":"05.05.2022 Nga Gazeta Fjala. Kandidati i vet\u00ebshpallur p\u00ebr president, Sazan Guri, i cili \u00ebsht\u00eb gjithashtu studiues, ka habitur jo pak me hipotez\u00ebn e tij t\u00eb fundit, pasi ka nxjerr\u00eb Jezu Krishtin me origjin\u00eb nga Shqip\u00ebria. Me nj\u00eb piktur\u00eb t\u00eb postuar n\u00eb Facebook, Guri pretendon se Krishti para ngjitjes n\u00eb qiell\u2026","rel":"","context":"In &quot;Blogu i Udh\u00ebtarit&quot;","block_context":{"text":"Blogu i Udh\u00ebtarit","link":"https:\/\/www.shqiperia.com\/blog\/category\/blogu-i-udhetarit\/"},"img":{"alt_text":"","src":"https:\/\/i0.wp.com\/www.shqiperia.com\/blog\/wp-content\/uploads\/2024\/02\/800-0-6272e77f46e51.jpg?fit=800%2C430&ssl=1&resize=350%2C200","width":350,"height":200,"srcset":"https:\/\/i0.wp.com\/www.shqiperia.com\/blog\/wp-content\/uploads\/2024\/02\/800-0-6272e77f46e51.jpg?fit=800%2C430&ssl=1&resize=350%2C200 1x, https:\/\/i0.wp.com\/www.shqiperia.com\/blog\/wp-content\/uploads\/2024\/02\/800-0-6272e77f46e51.jpg?fit=800%2C430&ssl=1&resize=525%2C300 1.5x, https:\/\/i0.wp.com\/www.shqiperia.com\/blog\/wp-content\/uploads\/2024\/02\/800-0-6272e77f46e51.jpg?fit=800%2C430&ssl=1&resize=700%2C400 2x"},"classes":[]}],"_links":{"self":[{"href":"https:\/\/www.shqiperia.com\/blog\/wp-json\/wp\/v2\/posts\/40802","targetHints":{"allow":["GET"]}}],"collection":[{"href":"https:\/\/www.shqiperia.com\/blog\/wp-json\/wp\/v2\/posts"}],"about":[{"href":"https:\/\/www.shqiperia.com\/blog\/wp-json\/wp\/v2\/types\/post"}],"author":[{"embeddable":true,"href":"https:\/\/www.shqiperia.com\/blog\/wp-json\/wp\/v2\/users\/9"}],"replies":[{"embeddable":true,"href":"https:\/\/www.shqiperia.com\/blog\/wp-json\/wp\/v2\/comments?post=40802"}],"version-history":[{"count":1,"href":"https:\/\/www.shqiperia.com\/blog\/wp-json\/wp\/v2\/posts\/40802\/revisions"}],"predecessor-version":[{"id":40804,"href":"https:\/\/www.shqiperia.com\/blog\/wp-json\/wp\/v2\/posts\/40802\/revisions\/40804"}],"wp:featuredmedia":[{"embeddable":true,"href":"https:\/\/www.shqiperia.com\/blog\/wp-json\/wp\/v2\/media\/40803"}],"wp:attachment":[{"href":"https:\/\/www.shqiperia.com\/blog\/wp-json\/wp\/v2\/media?parent=40802"}],"wp:term":[{"taxonomy":"category","embeddable":true,"href":"https:\/\/www.shqiperia.com\/blog\/wp-json\/wp\/v2\/categories?post=40802"},{"taxonomy":"post_tag","embeddable":true,"href":"https:\/\/www.shqiperia.com\/blog\/wp-json\/wp\/v2\/tags?post=40802"}],"curies":[{"name":"wp","href":"https:\/\/api.w.org\/{rel}","templated":true}]}}