{"id":40799,"date":"2020-11-12T14:11:38","date_gmt":"2020-11-12T14:11:38","guid":{"rendered":"https:\/\/www.shqiperia.com\/blog\/?p=40799"},"modified":"2020-11-12T14:11:38","modified_gmt":"2020-11-12T14:11:38","slug":"nga-neser-ndryshon-moti-si-do-nise-e-premtja","status":"publish","type":"post","link":"https:\/\/www.shqiperia.com\/blog\/nga-neser-ndryshon-moti-si-do-nise-e-premtja\/","title":{"rendered":"Nga nes\u00ebr ndryshon moti, si do nis\u00eb e premtja"},"content":{"rendered":"<p><img data-recalc-dims=\"1\" loading=\"lazy\" decoding=\"async\" data-attachment-id=\"40800\" data-permalink=\"https:\/\/www.shqiperia.com\/blog\/nga-neser-ndryshon-moti-si-do-nise-e-premtja\/640-0-5fad3d5e123ae\/\" data-orig-file=\"https:\/\/i0.wp.com\/www.shqiperia.com\/blog\/wp-content\/uploads\/2020\/11\/640-0-5fad3d5e123ae.png?fit=640%2C361&amp;ssl=1\" data-orig-size=\"640,361\" data-comments-opened=\"1\" data-image-meta=\"{&quot;aperture&quot;:&quot;0&quot;,&quot;credit&quot;:&quot;&quot;,&quot;camera&quot;:&quot;&quot;,&quot;caption&quot;:&quot;&quot;,&quot;created_timestamp&quot;:&quot;0&quot;,&quot;copyright&quot;:&quot;&quot;,&quot;focal_length&quot;:&quot;0&quot;,&quot;iso&quot;:&quot;0&quot;,&quot;shutter_speed&quot;:&quot;0&quot;,&quot;title&quot;:&quot;&quot;,&quot;orientation&quot;:&quot;0&quot;}\" data-image-title=\"-640-0-5fad3d5e123ae\" data-image-description=\"\" data-image-caption=\"\" data-medium-file=\"https:\/\/i0.wp.com\/www.shqiperia.com\/blog\/wp-content\/uploads\/2020\/11\/640-0-5fad3d5e123ae.png?fit=300%2C169&amp;ssl=1\" data-large-file=\"https:\/\/i0.wp.com\/www.shqiperia.com\/blog\/wp-content\/uploads\/2020\/11\/640-0-5fad3d5e123ae.png?fit=640%2C361&amp;ssl=1\" class=\"alignnone  wp-image-40800\" alt=\"\" src=\"https:\/\/i0.wp.com\/www.shqiperia.com\/blog\/wp-content\/uploads\/2020\/11\/640-0-5fad3d5e123ae.png?resize=520%2C293&#038;ssl=1\" width=\"520\" height=\"293\" srcset=\"https:\/\/i0.wp.com\/www.shqiperia.com\/blog\/wp-content\/uploads\/2020\/11\/640-0-5fad3d5e123ae.png?resize=300%2C169&amp;ssl=1 300w, https:\/\/i0.wp.com\/www.shqiperia.com\/blog\/wp-content\/uploads\/2020\/11\/640-0-5fad3d5e123ae.png?resize=450%2C254&amp;ssl=1 450w, https:\/\/i0.wp.com\/www.shqiperia.com\/blog\/wp-content\/uploads\/2020\/11\/640-0-5fad3d5e123ae.png?resize=600%2C338&amp;ssl=1 600w, https:\/\/i0.wp.com\/www.shqiperia.com\/blog\/wp-content\/uploads\/2020\/11\/640-0-5fad3d5e123ae.png?resize=400%2C226&amp;ssl=1 400w, https:\/\/i0.wp.com\/www.shqiperia.com\/blog\/wp-content\/uploads\/2020\/11\/640-0-5fad3d5e123ae.png?w=640&amp;ssl=1 640w\" sizes=\"auto, (max-width: 520px) 100vw, 520px\" \/><\/p>\n<p><strong>Nga nes\u00ebr ndryshon moti, si do nis\u00eb e premtja<\/strong><\/p>\n<p><strong>12 N\u00cbNTOR 2020<\/strong><\/p>\n<p>Dit\u00ebn e premte parashikohet q\u00eb n\u00eb t\u00eb gjith\u00eb vendin do t\u00eb ket\u00eb nj\u00eb ndryshim t\u00eb leht\u00eb t\u00eb kushteve meteorologjike.<\/p>\n<p>Sipas Sh\u00ebrbimit Meteorologjik Ushtarak, dita e nes\u00ebrme do t\u00eb nis\u00eb me mot me kthjellime dhe gradualisht n\u00eb veriper\u00ebndim e bregdet do t\u00eb shfaqen vran\u00ebsirat shtresore. P\u00ebrkoh\u00ebsisht n\u00eb form\u00eb t\u00eb izoluar n\u00eb k\u00ebto zona do ket\u00eb shi t\u00eb dob\u00ebt.<\/p>\n<p>Era juglindje e veriper\u00ebndim e leht\u00eb e mesatare n\u00eb bregdet, duke u shoq\u00ebruar me val\u00ebzim t\u00eb forc\u00ebs 2.<\/p>\n<p>Nd\u00ebrkoh\u00eb emperaturat parashikohen n\u00eb:<\/p>\n<p>Zonat malore 2\u00b0C deri n\u00eb 13\u00b0C<\/p>\n<p>Zonat e ul\u00ebta 4\u00b0C deri n\u00eb 22\u00b0C<\/p>\n<p>Zonat bregdetare 7\u00b0C deri n\u00eb 21\u00b0C<\/p>\n<p>Gazeta Shqip<\/p>\n","protected":false},"excerpt":{"rendered":"<p>Nga nes\u00ebr ndryshon moti, si do nis\u00eb e premtja 12 N\u00cbNTOR 2020 Dit\u00ebn e premte parashikohet q\u00eb n\u00eb t\u00eb gjith\u00eb vendin do t\u00eb ket\u00eb nj\u00eb ndryshim t\u00eb leht\u00eb t\u00eb kushteve meteorologjike. Sipas Sh\u00ebrbimit Meteorologjik Ushtarak, dita e nes\u00ebrme do t\u00eb nis\u00eb me mot me kthjellime dhe gradualisht n\u00eb veriper\u00ebndim e bregdet do t\u00eb shfaqen vran\u00ebsirat [&hellip;]<\/p>\n","protected":false},"author":9,"featured_media":40800,"comment_status":"open","ping_status":"open","sticky":false,"template":"","format":"standard","meta":{"jetpack_post_was_ever_published":false,"_jetpack_newsletter_access":"","_jetpack_dont_email_post_to_subs":false,"_jetpack_newsletter_tier_id":0,"_jetpack_memberships_contains_paywalled_content":false,"_jetpack_memberships_contains_paid_content":false,"footnotes":"","jetpack_publicize_message":"","jetpack_publicize_feature_enabled":true,"jetpack_social_post_already_shared":true,"jetpack_social_options":{"image_generator_settings":{"template":"highway","default_image_id":0,"font":"","enabled":false},"version":2}},"categories":[14,35],"tags":[],"class_list":["post-40799","post","type-post","status-publish","format-standard","has-post-thumbnail","hentry","category-press-releases","category-shoqerore"],"jetpack_publicize_connections":[],"jetpack_featured_media_url":"https:\/\/i0.wp.com\/www.shqiperia.com\/blog\/wp-content\/uploads\/2020\/11\/640-0-5fad3d5e123ae.png?fit=640%2C361&ssl=1","jetpack_sharing_enabled":true,"jetpack_shortlink":"https:\/\/wp.me\/p5Z6wp-aC3","jetpack-related-posts":[{"id":54045,"url":"https:\/\/www.shqiperia.com\/blog\/moti-ndryshon-brenda-24-oresh-igjeum-zonat-ku-pritet-te-kete-permbytje\/","url_meta":{"origin":40799,"position":0},"title":"Moti ndryshon brenda 24 or\u00ebsh, IGJEUM: Zonat ku pritet t\u00eb ket\u00eb p\u00ebrmbytje","author":"Kurt Farka","date":"February 15, 2022","format":false,"excerpt":"Moti ndryshon brenda 24 or\u00ebsh, IGJEUM: Zonat ku pritet t\u00eb ket\u00eb p\u00ebrmbytje 15 SHKURT 2022 GAZETA SHQIP Shqip\u00ebria pritet t\u00eb p\u00ebrfshihet nga reshje shiu duke filluar nga or\u00ebt e vona t\u00eb mbr\u00ebmjes s\u00eb sotme. Fillimisht nga reshjet do t\u00eb p\u00ebrfshihet rajoni verior i vendit. Me kalimin e or\u00ebve, reshjet do\u2026","rel":"","context":"In &quot;Njoftime Shtypi&quot;","block_context":{"text":"Njoftime Shtypi","link":"https:\/\/www.shqiperia.com\/blog\/category\/njoftime-shtypi\/"},"img":{"alt_text":"","src":"https:\/\/i0.wp.com\/www.shqiperia.com\/blog\/wp-content\/uploads\/2022\/02\/640-0-94169197bdcbb7aebff36b568e7907ec.jpg?fit=640%2C360&ssl=1&resize=350%2C200","width":350,"height":200,"srcset":"https:\/\/i0.wp.com\/www.shqiperia.com\/blog\/wp-content\/uploads\/2022\/02\/640-0-94169197bdcbb7aebff36b568e7907ec.jpg?fit=640%2C360&ssl=1&resize=350%2C200 1x, https:\/\/i0.wp.com\/www.shqiperia.com\/blog\/wp-content\/uploads\/2022\/02\/640-0-94169197bdcbb7aebff36b568e7907ec.jpg?fit=640%2C360&ssl=1&resize=525%2C300 1.5x"},"classes":[]},{"id":47999,"url":"https:\/\/www.shqiperia.com\/blog\/shqiperia-goditet-nga-masat-ajrore-prej-afrikes-se-veriut-ja-sa-shkojne-temperaturat-neser\/","url_meta":{"origin":40799,"position":1},"title":"Shqip\u00ebria \u2018goditet\u2019 nga masat ajrore prej Afrik\u00ebs s\u00eb Veriut, ja sa shkojn\u00eb temperaturat nes\u00ebr.","author":"Kurt Farka","date":"June 19, 2021","format":false,"excerpt":"Shqip\u00ebria \u2018goditet\u2019 nga masat ajrore prej Afrik\u00ebs s\u00eb Veriut, ja sa shkojn\u00eb temperaturat nes\u00ebr. 19 qershor 2021 Shqip\u00ebria po ndikohet k\u00ebto dit\u00eb nga masat ajrore t\u00eb thata m\u00eb origjin\u00eb nga Afrika e Veriut. Kjo do t\u00eb b\u00ebj\u00eb q\u00eb temperaturat t\u00eb jen\u00eb t\u00eb larta sidomos n\u00eb zonat e ul\u00ebta. Sinoptikan\u00ebt e\u2026","rel":"","context":"In &quot;Blogu i Udh\u00ebtarit&quot;","block_context":{"text":"Blogu i Udh\u00ebtarit","link":"https:\/\/www.shqiperia.com\/blog\/category\/blogu-i-udhetarit\/"},"img":{"alt_text":"","src":"https:\/\/i0.wp.com\/www.shqiperia.com\/blog\/wp-content\/uploads\/2021\/06\/det-e-diele-temp.jpg?fit=1200%2C644&ssl=1&resize=350%2C200","width":350,"height":200,"srcset":"https:\/\/i0.wp.com\/www.shqiperia.com\/blog\/wp-content\/uploads\/2021\/06\/det-e-diele-temp.jpg?fit=1200%2C644&ssl=1&resize=350%2C200 1x, https:\/\/i0.wp.com\/www.shqiperia.com\/blog\/wp-content\/uploads\/2021\/06\/det-e-diele-temp.jpg?fit=1200%2C644&ssl=1&resize=525%2C300 1.5x, https:\/\/i0.wp.com\/www.shqiperia.com\/blog\/wp-content\/uploads\/2021\/06\/det-e-diele-temp.jpg?fit=1200%2C644&ssl=1&resize=700%2C400 2x, https:\/\/i0.wp.com\/www.shqiperia.com\/blog\/wp-content\/uploads\/2021\/06\/det-e-diele-temp.jpg?fit=1200%2C644&ssl=1&resize=1050%2C600 3x"},"classes":[]},{"id":42914,"url":"https:\/\/www.shqiperia.com\/blog\/neser-ulen-akoma-temperaturat-ngrica-te-forta-ne-rruge-dhesinoptikanet-bora-rikthehet-ne-mbremje\/","url_meta":{"origin":40799,"position":2},"title":"Nes\u00ebr ulen akoma temperaturat, ngrica t\u00eb forta n\u00eb rrug\u00eb dhe\u2026sinoptikan\u00ebt: Bora rikthehet n\u00eb mbr\u00ebmje","author":"Kurt Farka","date":"January 14, 2021","format":false,"excerpt":"Nes\u00ebr ulen akoma temperaturat, ngrica t\u00eb forta n\u00eb rrug\u00eb dhe\u2026sinoptikan\u00ebt: Bora rikthehet n\u00eb mbr\u00ebmje 14 janar 2021 Reshjet e shiut dhe t\u00eb d\u00ebbor\u00ebs do t\u00eb jen\u00eb t\u00eb pranishme deri n\u00eb or\u00ebt e para t\u00eb m\u00ebngjesit t\u00eb s\u00eb premtes. Sipas sinoptikan\u00ebve, ato do t\u00eb nd\u00ebrpriten n\u00eb t\u00eb gjith\u00eb vendin p\u00ebr tu\u2026","rel":"","context":"In &quot;Blogu i Udh\u00ebtarit&quot;","block_context":{"text":"Blogu i Udh\u00ebtarit","link":"https:\/\/www.shqiperia.com\/blog\/category\/blogu-i-udhetarit\/"},"img":{"alt_text":"","src":"https:\/\/i0.wp.com\/www.shqiperia.com\/blog\/wp-content\/uploads\/2021\/01\/bore-ne-rruge.jpg?fit=576%2C355&ssl=1&resize=350%2C200","width":350,"height":200,"srcset":"https:\/\/i0.wp.com\/www.shqiperia.com\/blog\/wp-content\/uploads\/2021\/01\/bore-ne-rruge.jpg?fit=576%2C355&ssl=1&resize=350%2C200 1x, https:\/\/i0.wp.com\/www.shqiperia.com\/blog\/wp-content\/uploads\/2021\/01\/bore-ne-rruge.jpg?fit=576%2C355&ssl=1&resize=525%2C300 1.5x"},"classes":[]},{"id":72771,"url":"https:\/\/www.shqiperia.com\/blog\/neser-dita-me-perveluese-e-javes-ngrihet-alarmi-ja-sa-pritet-te-shenoje-termometri-ne-pikun-e-te-nxehtit-afrikan\/","url_meta":{"origin":40799,"position":3},"title":"Nes\u00ebr dita m\u00eb \u2018p\u00ebrv\u00ebluese\u2019 e jav\u00ebs\/ Ngrihet alarmi, ja sa pritet t\u00eb sh\u00ebnoj\u00eb termometri n\u00eb \u2018pikun\u2019 e t\u00eb nxehtit Afrikan","author":"Kurt Farka","date":"July 18, 2023","format":false,"excerpt":"18 Korrik 2023 Moti p\u00ebr dit\u00ebn e nes\u00ebrme pritet t\u00eb jet\u00eb n\u00ebn ndikimin e temperaturave p\u00ebrv\u00ebluese, kjo si pasoj\u00eb e t\u00eb nxehtit Afrikan q\u00eb ka p\u00ebrfshir\u00eb prej disa dit\u00ebsh jo vet\u00ebm vendin ton\u00eb por edhe pjes\u00ebn m\u00eb t\u00eb madhe t\u00eb Evrop\u00ebs jugore. Sipas parashikimit nga SHMU, moti pritet t\u00eb jet\u00eb\u2026","rel":"","context":"In &quot;Blogu i Udh\u00ebtarit&quot;","block_context":{"text":"Blogu i Udh\u00ebtarit","link":"https:\/\/www.shqiperia.com\/blog\/category\/blogu-i-udhetarit\/"},"img":{"alt_text":"","src":"https:\/\/i0.wp.com\/www.shqiperia.com\/blog\/wp-content\/uploads\/2023\/07\/800-0-b4df48d35815b70350f6b2a260aec673.jpg?fit=800%2C450&ssl=1&resize=350%2C200","width":350,"height":200,"srcset":"https:\/\/i0.wp.com\/www.shqiperia.com\/blog\/wp-content\/uploads\/2023\/07\/800-0-b4df48d35815b70350f6b2a260aec673.jpg?fit=800%2C450&ssl=1&resize=350%2C200 1x, https:\/\/i0.wp.com\/www.shqiperia.com\/blog\/wp-content\/uploads\/2023\/07\/800-0-b4df48d35815b70350f6b2a260aec673.jpg?fit=800%2C450&ssl=1&resize=525%2C300 1.5x, https:\/\/i0.wp.com\/www.shqiperia.com\/blog\/wp-content\/uploads\/2023\/07\/800-0-b4df48d35815b70350f6b2a260aec673.jpg?fit=800%2C450&ssl=1&resize=700%2C400 2x"},"classes":[]},{"id":52173,"url":"https:\/\/www.shqiperia.com\/blog\/igjeum-jep-alarmin-rikthehet-moti-siberian-zonat-ku-rrezikohen-nga-permbytjet\/","url_meta":{"origin":40799,"position":4},"title":"IGJEUM jep alarmin\/ Rikthehet moti siberian, zonat ku rrezikohen nga p\u00ebrmbytjet","author":"Kurt Farka","date":"December 9, 2021","format":false,"excerpt":"IGJEUM jep alarmin\/ Rikthehet moti siberian, zonat ku rrezikohen nga p\u00ebrmbytjet 9 DHJETOR 2021 Rikthehet shiu dhe bora n\u00eb t\u00eb gjith\u00eb vendin. N\u00eb Vlor\u00eb p\u00ebr shkak t\u00eb reshjeve t\u00eb shiut dhe er\u00ebs s\u00eb fort\u00eb \u00ebsht\u00eb ndaluar dalja e anijeve t\u00eb peshkimit. Edhe trageti i linj\u00ebs Brindisi- Vlor\u00eb mb\u00ebrriti n\u00eb port,\u2026","rel":"","context":"In &quot;Blogu i Udh\u00ebtarit&quot;","block_context":{"text":"Blogu i Udh\u00ebtarit","link":"https:\/\/www.shqiperia.com\/blog\/category\/blogu-i-udhetarit\/"},"img":{"alt_text":"","src":"https:\/\/i0.wp.com\/www.shqiperia.com\/blog\/wp-content\/uploads\/2021\/12\/640-0-60068cddc5310fe40ec6475f6cc59058.jpg?fit=640%2C360&ssl=1&resize=350%2C200","width":350,"height":200,"srcset":"https:\/\/i0.wp.com\/www.shqiperia.com\/blog\/wp-content\/uploads\/2021\/12\/640-0-60068cddc5310fe40ec6475f6cc59058.jpg?fit=640%2C360&ssl=1&resize=350%2C200 1x, https:\/\/i0.wp.com\/www.shqiperia.com\/blog\/wp-content\/uploads\/2021\/12\/640-0-60068cddc5310fe40ec6475f6cc59058.jpg?fit=640%2C360&ssl=1&resize=525%2C300 1.5x"},"classes":[]},{"id":64726,"url":"https:\/\/www.shqiperia.com\/blog\/cfare-ndodhe-me-motin-neser-temperaturat-nen-zero\/","url_meta":{"origin":40799,"position":5},"title":"\u00c7far\u00eb ndodh\u00eb me motin nes\u00ebr: &#8211; Temperaturat n\u00ebn zero","author":"Kurt Farka","date":"November 24, 2022","format":false,"excerpt":"25 Nentor 2022 N\u00eb vend parashikohet t\u00eb ket\u00eb ndikim t\u00eb masave ajrore t\u00eb qendrueshme. Moti parashikohet me kthjellime dhe alternime vran\u00ebsirash t\u00eb karakterit t\u00eb \u00e7rregullt. Sipas SHMU era do t\u00eb fryj\u00eb nga kuadrati i veriut mesatare dhe p\u00ebrkoh\u00ebsisht e vrullshme n\u00eb bregdet n\u00eb or\u00ebt e para t\u00eb dit\u00ebs. Val\u00ebzimi n\u00eb\u2026","rel":"","context":"In &quot;Blogu i Udh\u00ebtarit&quot;","block_context":{"text":"Blogu i Udh\u00ebtarit","link":"https:\/\/www.shqiperia.com\/blog\/category\/blogu-i-udhetarit\/"},"img":{"alt_text":"","src":"https:\/\/i0.wp.com\/www.shqiperia.com\/blog\/wp-content\/uploads\/2022\/11\/800-0-637f90a712aec.jpg?fit=800%2C447&ssl=1&resize=350%2C200","width":350,"height":200,"srcset":"https:\/\/i0.wp.com\/www.shqiperia.com\/blog\/wp-content\/uploads\/2022\/11\/800-0-637f90a712aec.jpg?fit=800%2C447&ssl=1&resize=350%2C200 1x, https:\/\/i0.wp.com\/www.shqiperia.com\/blog\/wp-content\/uploads\/2022\/11\/800-0-637f90a712aec.jpg?fit=800%2C447&ssl=1&resize=525%2C300 1.5x, https:\/\/i0.wp.com\/www.shqiperia.com\/blog\/wp-content\/uploads\/2022\/11\/800-0-637f90a712aec.jpg?fit=800%2C447&ssl=1&resize=700%2C400 2x"},"classes":[]}],"_links":{"self":[{"href":"https:\/\/www.shqiperia.com\/blog\/wp-json\/wp\/v2\/posts\/40799","targetHints":{"allow":["GET"]}}],"collection":[{"href":"https:\/\/www.shqiperia.com\/blog\/wp-json\/wp\/v2\/posts"}],"about":[{"href":"https:\/\/www.shqiperia.com\/blog\/wp-json\/wp\/v2\/types\/post"}],"author":[{"embeddable":true,"href":"https:\/\/www.shqiperia.com\/blog\/wp-json\/wp\/v2\/users\/9"}],"replies":[{"embeddable":true,"href":"https:\/\/www.shqiperia.com\/blog\/wp-json\/wp\/v2\/comments?post=40799"}],"version-history":[{"count":1,"href":"https:\/\/www.shqiperia.com\/blog\/wp-json\/wp\/v2\/posts\/40799\/revisions"}],"predecessor-version":[{"id":40801,"href":"https:\/\/www.shqiperia.com\/blog\/wp-json\/wp\/v2\/posts\/40799\/revisions\/40801"}],"wp:featuredmedia":[{"embeddable":true,"href":"https:\/\/www.shqiperia.com\/blog\/wp-json\/wp\/v2\/media\/40800"}],"wp:attachment":[{"href":"https:\/\/www.shqiperia.com\/blog\/wp-json\/wp\/v2\/media?parent=40799"}],"wp:term":[{"taxonomy":"category","embeddable":true,"href":"https:\/\/www.shqiperia.com\/blog\/wp-json\/wp\/v2\/categories?post=40799"},{"taxonomy":"post_tag","embeddable":true,"href":"https:\/\/www.shqiperia.com\/blog\/wp-json\/wp\/v2\/tags?post=40799"}],"curies":[{"name":"wp","href":"https:\/\/api.w.org\/{rel}","templated":true}]}}