{"id":40795,"date":"2020-11-12T11:23:14","date_gmt":"2020-11-12T11:23:14","guid":{"rendered":"https:\/\/www.shqiperia.com\/blog\/?p=40795"},"modified":"2020-11-12T11:23:34","modified_gmt":"2020-11-12T11:23:34","slug":"meta-i-nxjerr-skandalin-e-rende-rames-ja-cfare-po-fsheh-kryeministri","status":"publish","type":"post","link":"https:\/\/www.shqiperia.com\/blog\/meta-i-nxjerr-skandalin-e-rende-rames-ja-cfare-po-fsheh-kryeministri\/","title":{"rendered":"Meta, i nxjerr skandalin e r\u00ebnd\u00eb Ram\u00ebs: Ja \u00e7far\u00eb po fsheh kryeministri"},"content":{"rendered":"<p><img data-recalc-dims=\"1\" loading=\"lazy\" decoding=\"async\" data-attachment-id=\"40796\" data-permalink=\"https:\/\/www.shqiperia.com\/blog\/meta-i-nxjerr-skandalin-e-rende-rames-ja-cfare-po-fsheh-kryeministri\/98043100_2727607967462489_5019300916151451648_n\/\" data-orig-file=\"https:\/\/i0.wp.com\/www.shqiperia.com\/blog\/wp-content\/uploads\/2020\/11\/98043100_2727607967462489_5019300916151451648_n.jpg?fit=530%2C281&amp;ssl=1\" data-orig-size=\"530,281\" data-comments-opened=\"1\" data-image-meta=\"{&quot;aperture&quot;:&quot;0&quot;,&quot;credit&quot;:&quot;&quot;,&quot;camera&quot;:&quot;&quot;,&quot;caption&quot;:&quot;&quot;,&quot;created_timestamp&quot;:&quot;0&quot;,&quot;copyright&quot;:&quot;&quot;,&quot;focal_length&quot;:&quot;0&quot;,&quot;iso&quot;:&quot;0&quot;,&quot;shutter_speed&quot;:&quot;0&quot;,&quot;title&quot;:&quot;&quot;,&quot;orientation&quot;:&quot;0&quot;}\" data-image-title=\"98043100_2727607967462489_5019300916151451648_n\" data-image-description=\"\" data-image-caption=\"\" data-medium-file=\"https:\/\/i0.wp.com\/www.shqiperia.com\/blog\/wp-content\/uploads\/2020\/11\/98043100_2727607967462489_5019300916151451648_n.jpg?fit=300%2C159&amp;ssl=1\" data-large-file=\"https:\/\/i0.wp.com\/www.shqiperia.com\/blog\/wp-content\/uploads\/2020\/11\/98043100_2727607967462489_5019300916151451648_n.jpg?fit=530%2C281&amp;ssl=1\" class=\"alignnone wp-image-40796\" alt=\"\" src=\"https:\/\/i0.wp.com\/www.shqiperia.com\/blog\/wp-content\/uploads\/2020\/11\/98043100_2727607967462489_5019300916151451648_n.jpg?resize=547%2C290&#038;ssl=1\" width=\"547\" height=\"290\" srcset=\"https:\/\/i0.wp.com\/www.shqiperia.com\/blog\/wp-content\/uploads\/2020\/11\/98043100_2727607967462489_5019300916151451648_n.jpg?resize=300%2C159&amp;ssl=1 300w, https:\/\/i0.wp.com\/www.shqiperia.com\/blog\/wp-content\/uploads\/2020\/11\/98043100_2727607967462489_5019300916151451648_n.jpg?resize=450%2C239&amp;ssl=1 450w, https:\/\/i0.wp.com\/www.shqiperia.com\/blog\/wp-content\/uploads\/2020\/11\/98043100_2727607967462489_5019300916151451648_n.jpg?resize=400%2C212&amp;ssl=1 400w, https:\/\/i0.wp.com\/www.shqiperia.com\/blog\/wp-content\/uploads\/2020\/11\/98043100_2727607967462489_5019300916151451648_n.jpg?w=530&amp;ssl=1 530w\" sizes=\"auto, (max-width: 547px) 100vw, 547px\" \/><\/p>\n<p>Meta, i nxjerr skandalin e r\u00ebnd\u00eb Ram\u00ebs: &#8211; Ja \u00e7far\u00eb po fsheh kryeministri<\/p>\n<p>10 N\u00cbNTOR 2020<\/p>\n<p>Presidenti Ilir Meta ka reaguar p\u00ebrs\u00ebri n\u00eb lidhje me deklarat\u00ebn e kryeministrit Edi Rama p\u00ebr situat\u00ebn e krijuar nga pandemia COVID-19 n\u00eb vendin ton\u00eb.<\/p>\n<p>P\u00ebrmes nj\u00eb postimi n\u00eb rrjetet sociale, Meta shkruan se qeveria nuk ndihmon qytetar\u00ebt p\u00ebr rimbursimin e ila\u00e7eve q\u00eb p\u00ebrdorin ndaj COVID-19 dhe pse iu premtua sh\u00ebndet\u00ebsia falas.<\/p>\n<p>Po ashtu, Presidenti i drejtohet Kryeministrit q\u00eb t\u00eb mos fshihen t\u00eb dh\u00ebnat p\u00ebr situat\u00ebn e COVID-19 n\u00eb Shqip\u00ebri.<\/p>\n<p>&#8220;Nuk ke plan! Nuk ke strategji! Ke vet\u00ebm propagand\u00eb!<br \/>\n\u00c7do dit\u00eb po humbin jet\u00ebn qytetar\u00eb!<br \/>\n\u00c7do dit\u00eb numri i t\u00eb infektuarve po shtohet friksh\u00ebm!<br \/>\nKu e ke sh\u00ebndet\u00ebsin\u00eb falas?<br \/>\nPse nuk ju rimburson \u00e7do qindark\u00eb q\u00eb paguajn\u00eb p\u00ebr ila\u00e7e pacient\u00ebt q\u00eb mjekohen n\u00eb sht\u00ebpi, familjet n\u00eb nevoj\u00eb dhe pensionist\u00ebt e infektuar me COVID-19?<br \/>\nPse nuk i shton testimet?<br \/>\nPse nuk e shton buxhetin p\u00ebr sistemin sh\u00ebndet\u00ebsor?<br \/>\nTi p\u00ebr vete nuk paguan asnj\u00eb kacidhe p\u00ebr ila\u00e7e, nd\u00ebrsa \u00e7do shqiptari sot me arroganc\u00eb i thua: &#8220;Mos u s\u00ebmur se shteti nuk kujdeset dot p\u00ebr ty! As ila\u00e7et nuk ja u paguaj!&#8221;<br \/>\nMos i fshihni t\u00eb dh\u00ebnat p\u00ebr COVID-19 p\u00ebr t\u00eb mbuluar paaft\u00ebsin\u00eb tuaj n\u00eb menaxhimin e k\u00ebsaj situate, prag kolapsi!<br \/>\nMjaft me justifikime dhe batuta bajate!<br \/>\nSi nuk u lodhe 8 vite duke vjedhur papushim me koncesione dhe PPP? Askush n\u00eb bot\u00eb nuk e shfrytezon pandemin\u00eb p\u00ebr t\u00eb vjedhur si ti dhe Parlamenti yt monist q\u00eb b\u00ebn ligje p\u00ebr oligark\u00ebt n\u00eb kulmin e k\u00ebsaj fatkeq\u00ebsie!<br \/>\nAskush nuk mund t\u00eb prishte Teatrin Komb\u00ebtar n\u00eb gjendje t\u00eb jasht\u00ebzakonshme p\u00ebr t\u00eb nd\u00ebrtuar kulla p\u00ebr oligark\u00ebt!<br \/>\nMOS I FSHIHNI T\u00cb DH\u00cbNAT P\u00cbR COVID-19!&#8221;, shkruan Meta.<\/p>\n<p>Gazeta Sot<\/p>\n","protected":false},"excerpt":{"rendered":"<p>Meta, i nxjerr skandalin e r\u00ebnd\u00eb Ram\u00ebs: &#8211; Ja \u00e7far\u00eb po fsheh kryeministri 10 N\u00cbNTOR 2020 Presidenti Ilir Meta ka reaguar p\u00ebrs\u00ebri n\u00eb lidhje me deklarat\u00ebn e kryeministrit Edi Rama p\u00ebr situat\u00ebn e krijuar nga pandemia COVID-19 n\u00eb vendin ton\u00eb. P\u00ebrmes nj\u00eb postimi n\u00eb rrjetet sociale, Meta shkruan se qeveria nuk ndihmon qytetar\u00ebt p\u00ebr rimbursimin [&hellip;]<\/p>\n","protected":false},"author":9,"featured_media":40796,"comment_status":"open","ping_status":"open","sticky":false,"template":"","format":"standard","meta":{"jetpack_post_was_ever_published":false,"_jetpack_newsletter_access":"","_jetpack_dont_email_post_to_subs":false,"_jetpack_newsletter_tier_id":0,"_jetpack_memberships_contains_paywalled_content":false,"_jetpack_memberships_contains_paid_content":false,"footnotes":"","jetpack_publicize_message":"","jetpack_publicize_feature_enabled":true,"jetpack_social_post_already_shared":true,"jetpack_social_options":{"image_generator_settings":{"template":"highway","default_image_id":0,"font":"","enabled":false},"version":2}},"categories":[27,2,35],"tags":[],"class_list":["post-40795","post","type-post","status-publish","format-standard","has-post-thumbnail","hentry","category-blogu-i-udhetarit","category-politika","category-shoqerore"],"jetpack_publicize_connections":[],"jetpack_featured_media_url":"https:\/\/i0.wp.com\/www.shqiperia.com\/blog\/wp-content\/uploads\/2020\/11\/98043100_2727607967462489_5019300916151451648_n.jpg?fit=530%2C281&ssl=1","jetpack_sharing_enabled":true,"jetpack_shortlink":"https:\/\/wp.me\/p5Z6wp-aBZ","jetpack-related-posts":[{"id":66084,"url":"https:\/\/www.shqiperia.com\/blog\/vasili-kufiri-detar-me-greqine-nxjerr-ne-shesh-interesat-antishqiptare-te-rames-jane-konsumuar-elementet-e-tradhtise-kombetare\/","url_meta":{"origin":40795,"position":0},"title":"Vasili: Kufiri detar me Greqin\u00eb nxjerr n\u00eb shesh interesat antishqiptare t\u00eb Ram\u00ebs. &#8211; Jan\u00eb konsumuar element\u00ebt e tradhtis\u00eb komb\u00ebtare","author":"Kurt Farka","date":"January 8, 2023","format":false,"excerpt":"8 Janar 2023 Petrit Vasili shkruan se kufiri detar me Greqin\u00eb \u00ebsht\u00eb moment q\u00eb nxjerr n\u00eb shesh q\u00ebllimet antishqiptare t\u00eb kryeministrit dhe k\u00ebsaj qeverie. Sipas Vasilit Rama mashtroi duke th\u00ebn\u00eb se i ka k\u00ebrkuar autorizim presidentit Meta p\u00ebr t\u00eb \u00e7uar \u00e7\u00ebshtjen n\u00eb Hag\u00eb nd\u00ebrsa ngre pyetjen se cila \u00ebsht\u00eb p\u00ebrmbajtja\u2026","rel":"","context":"In &quot;Blogu i Udh\u00ebtarit&quot;","block_context":{"text":"Blogu i Udh\u00ebtarit","link":"https:\/\/www.shqiperia.com\/blog\/category\/blogu-i-udhetarit\/"},"img":{"alt_text":"","src":"https:\/\/i0.wp.com\/www.shqiperia.com\/blog\/wp-content\/uploads\/2023\/01\/Petrit-Vasili.jpg?fit=800%2C477&ssl=1&resize=350%2C200","width":350,"height":200,"srcset":"https:\/\/i0.wp.com\/www.shqiperia.com\/blog\/wp-content\/uploads\/2023\/01\/Petrit-Vasili.jpg?fit=800%2C477&ssl=1&resize=350%2C200 1x, https:\/\/i0.wp.com\/www.shqiperia.com\/blog\/wp-content\/uploads\/2023\/01\/Petrit-Vasili.jpg?fit=800%2C477&ssl=1&resize=525%2C300 1.5x, https:\/\/i0.wp.com\/www.shqiperia.com\/blog\/wp-content\/uploads\/2023\/01\/Petrit-Vasili.jpg?fit=800%2C477&ssl=1&resize=700%2C400 2x"},"classes":[]},{"id":64138,"url":"https:\/\/www.shqiperia.com\/blog\/aldo-bumci-ja-cfare-po-fsheh-edi-rama-skandal-i-jashtezakonshem-ne-portin-e-durresit\/","url_meta":{"origin":40795,"position":1},"title":"Aldo Bum\u00e7i: &#8211; Ja \u00e7far\u00eb po fsheh Edi Rama. &#8211; \u201cSkandal i jasht\u00ebzakonsh\u00ebm\u201d ne Portin e Durr\u00ebsit","author":"Kurt Farka","date":"November 9, 2022","format":false,"excerpt":"9 Nentor 222 An\u00ebtari i K\u00ebshillit Komb\u00ebtar t\u00eb Partis\u00eb Demokratike, Aldo Bum\u00e7i tha n\u00eb \u201cNow me Erla M\u00ebhillin\u201d se Porti i Durr\u00ebsit \u00ebsht\u00eb nj\u00eb \u201cskandal i jasht\u00ebzakonsh\u00ebm\u201d. Sipas tij nuk mund t\u00eb flitet p\u00ebr etik\u00ebn n\u00eb Kuvend para se t\u00eb flitet p\u00ebr afer\u00ebn e Portit t\u00eb Durr\u00ebsit, si\u00e7 e quan\u2026","rel":"","context":"In &quot;Blogu i Udh\u00ebtarit&quot;","block_context":{"text":"Blogu i Udh\u00ebtarit","link":"https:\/\/www.shqiperia.com\/blog\/category\/blogu-i-udhetarit\/"},"img":{"alt_text":"","src":"https:\/\/i0.wp.com\/www.shqiperia.com\/blog\/wp-content\/uploads\/2022\/11\/Aldo-Bumci.jpg?fit=800%2C450&ssl=1&resize=350%2C200","width":350,"height":200,"srcset":"https:\/\/i0.wp.com\/www.shqiperia.com\/blog\/wp-content\/uploads\/2022\/11\/Aldo-Bumci.jpg?fit=800%2C450&ssl=1&resize=350%2C200 1x, https:\/\/i0.wp.com\/www.shqiperia.com\/blog\/wp-content\/uploads\/2022\/11\/Aldo-Bumci.jpg?fit=800%2C450&ssl=1&resize=525%2C300 1.5x, https:\/\/i0.wp.com\/www.shqiperia.com\/blog\/wp-content\/uploads\/2022\/11\/Aldo-Bumci.jpg?fit=800%2C450&ssl=1&resize=700%2C400 2x"},"classes":[]},{"id":44678,"url":"https:\/\/www.shqiperia.com\/blog\/meta-rames-leri-dokrrat-siguro-ilace-falas-per-te-prekurit-e-covid-dhe-trego-planin-e-vaksinimit\/","url_meta":{"origin":40795,"position":2},"title":"Meta, Ram\u00ebs: &#8211; L\u00ebri dokrrat, siguro ila\u00e7e falas p\u00ebr te prekurit e Covid dhe trego planin e vaksinimit","author":"Kurt Farka","date":"February 26, 2021","format":false,"excerpt":"Meta, Ram\u00ebs: - L\u00ebri dokrrat, siguro ila\u00e7e falas p\u00ebr te prekurit e Covid dhe trego planin e vaksinimit 26 SHKURT 2021 Presidenti Ilir Meta me an\u00eb t\u00eb nj\u00eb mesazhi publik k\u00ebrkon nga ana e qeveris\u00eb b\u00ebrjen publike planin e vaksinimit anti covid t\u00eb shqiptar\u00ebve. \"Qytetar\u00ebt nuk mund t\u00eb lihen m\u00eb\u2026","rel":"","context":"In &quot;Blogu i Udh\u00ebtarit&quot;","block_context":{"text":"Blogu i Udh\u00ebtarit","link":"https:\/\/www.shqiperia.com\/blog\/category\/blogu-i-udhetarit\/"},"img":{"alt_text":"","src":"https:\/\/i0.wp.com\/www.shqiperia.com\/blog\/wp-content\/uploads\/2021\/02\/Ilir-Mata.jpg?fit=640%2C361&ssl=1&resize=350%2C200","width":350,"height":200,"srcset":"https:\/\/i0.wp.com\/www.shqiperia.com\/blog\/wp-content\/uploads\/2021\/02\/Ilir-Mata.jpg?fit=640%2C361&ssl=1&resize=350%2C200 1x, https:\/\/i0.wp.com\/www.shqiperia.com\/blog\/wp-content\/uploads\/2021\/02\/Ilir-Mata.jpg?fit=640%2C361&ssl=1&resize=525%2C300 1.5x"},"classes":[]},{"id":32424,"url":"https:\/\/www.shqiperia.com\/blog\/kerkohet-shkarkimi-i-rames-spartak-ngjela-pse-eshte-fshehur-ne-malin-e-dajtit\/","url_meta":{"origin":40795,"position":3},"title":"Kerkohet Shkarkimi i Rames. Spartak Ngjela: &#8211; Pse \u00ebsht\u00eb fshehur n\u00eb Malin e Dajtit&#8230;","author":"Kurt Farka","date":"March 16, 2020","format":false,"excerpt":"Kerkohet Shkarkimi i Rames. Spartak Ngjela: - Pse \u00ebsht\u00eb fshehur n\u00eb Malin e Dajtit... 16 MARS 2020 Avokati i njohur Spartak Ngjela shprehet se kryeministri Rama duhet t\u00eb dor\u00ebhiqet. Sipas Ngjel\u00ebs, Rama \u00ebsht\u00eb fshehur nga frika ndryshe nga lider\u00ebt e tjer\u00eb politik\u00eb q\u00eb ndodhen n\u00eb pun\u00eb mbi 12 or\u00eb n\u00eb\u2026","rel":"","context":"In &quot;Kultura&quot;","block_context":{"text":"Kultura","link":"https:\/\/www.shqiperia.com\/blog\/category\/kultura\/"},"img":{"alt_text":"","src":"https:\/\/i0.wp.com\/www.shqiperia.com\/blog\/wp-content\/uploads\/2020\/03\/80692690_2558386800926070_3738657752860327936_n-1.jpg?fit=681%2C557&ssl=1&resize=350%2C200","width":350,"height":200,"srcset":"https:\/\/i0.wp.com\/www.shqiperia.com\/blog\/wp-content\/uploads\/2020\/03\/80692690_2558386800926070_3738657752860327936_n-1.jpg?fit=681%2C557&ssl=1&resize=350%2C200 1x, https:\/\/i0.wp.com\/www.shqiperia.com\/blog\/wp-content\/uploads\/2020\/03\/80692690_2558386800926070_3738657752860327936_n-1.jpg?fit=681%2C557&ssl=1&resize=525%2C300 1.5x"},"classes":[]},{"id":46720,"url":"https:\/\/www.shqiperia.com\/blog\/presidenti-lidheni-te-marrin-shoke-socialiste-perpara-se-te-kete-fatin-e\/","url_meta":{"origin":40795,"position":4},"title":"Presidenti: &#8211; \u201cLidheni t\u00eb Marrin shok\u00eb socialist\u00eb p\u00ebrpara se t\u00eb ket\u00eb fatin e&#8230;.\u201d,","author":"Kurt Farka","date":"April 20, 2021","format":false,"excerpt":"Presidenti: - \u201cLidheni t\u00eb Marrin shok\u00eb socialist\u00eb p\u00ebrpara se t\u00eb ket\u00eb fatin e....\u201d, 20 PRILL 2021 Presidenti Meta i nxjerr foton Edi Ram\u00ebs dhe e k\u00ebrc\u00ebnon publikisht: Bablok, shqiptar\u00ebt e din\u00eb shum\u00eb mir\u00eb se ku kurdisesh ti! Presidenti Ilir Meta i \u00ebsht\u00eb p\u00ebrgjigjur \u2018flak\u00eb p\u00ebr flak\u00eb\u2019 kryeministrit Edi Rama, pasi\u2026","rel":"","context":"In &quot;Blogu i Udh\u00ebtarit&quot;","block_context":{"text":"Blogu i Udh\u00ebtarit","link":"https:\/\/www.shqiperia.com\/blog\/category\/blogu-i-udhetarit\/"},"img":{"alt_text":"","src":"https:\/\/i0.wp.com\/www.shqiperia.com\/blog\/wp-content\/uploads\/2021\/04\/640-0-607eac98f2200-Copy.png?fit=640%2C328&ssl=1&resize=350%2C200","width":350,"height":200,"srcset":"https:\/\/i0.wp.com\/www.shqiperia.com\/blog\/wp-content\/uploads\/2021\/04\/640-0-607eac98f2200-Copy.png?fit=640%2C328&ssl=1&resize=350%2C200 1x, https:\/\/i0.wp.com\/www.shqiperia.com\/blog\/wp-content\/uploads\/2021\/04\/640-0-607eac98f2200-Copy.png?fit=640%2C328&ssl=1&resize=525%2C300 1.5x"},"classes":[]},{"id":53856,"url":"https:\/\/www.shqiperia.com\/blog\/basha-do-behet-president-dashamir-shehi-komenton-lajmin-e-bujshem-te-sali-berishes-ja-cfare-fshihet-pas-shkarkimit-te-ilir-metes\/","url_meta":{"origin":40795,"position":5},"title":"&#8220;Basha do b\u00ebhet President?&#8221;. &#8211; Dashamir Shehi komenton lajmin e bujsh\u00ebm t\u00eb Sali Berish\u00ebs. &#8211; \u00a0Ja \u00e7far\u00eb fshihet pas shkarkimit t\u00eb Ilir Met\u00ebs","author":"Kurt Farka","date":"February 10, 2022","format":false,"excerpt":"\"Basha do b\u00ebhet President?\". - Dashamir Shehi komenton lajmin e bujsh\u00ebm t\u00eb Sali Berish\u00ebs. - \u00a0Ja \u00e7far\u00eb fshihet pas shkarkimit t\u00eb Ilir Met\u00ebs 9 SHKURT 2022 Nism\u00ebn p\u00ebr shkarkimin e presidentit Ilir Meta, kreu i LZHK Dashamir Shehu e ka quajtur nj\u00eb shkat\u00ebrrim t\u00eb institucionit t\u00eb presidenc\u00ebs. Nga studioja e\u2026","rel":"","context":"In &quot;Blogu i Udh\u00ebtarit&quot;","block_context":{"text":"Blogu i Udh\u00ebtarit","link":"https:\/\/www.shqiperia.com\/blog\/category\/blogu-i-udhetarit\/"},"img":{"alt_text":"","src":"https:\/\/i0.wp.com\/www.shqiperia.com\/blog\/wp-content\/uploads\/2022\/02\/Dashamir-Shehi.jpeg?fit=800%2C450&ssl=1&resize=350%2C200","width":350,"height":200,"srcset":"https:\/\/i0.wp.com\/www.shqiperia.com\/blog\/wp-content\/uploads\/2022\/02\/Dashamir-Shehi.jpeg?fit=800%2C450&ssl=1&resize=350%2C200 1x, https:\/\/i0.wp.com\/www.shqiperia.com\/blog\/wp-content\/uploads\/2022\/02\/Dashamir-Shehi.jpeg?fit=800%2C450&ssl=1&resize=525%2C300 1.5x, https:\/\/i0.wp.com\/www.shqiperia.com\/blog\/wp-content\/uploads\/2022\/02\/Dashamir-Shehi.jpeg?fit=800%2C450&ssl=1&resize=700%2C400 2x"},"classes":[]}],"_links":{"self":[{"href":"https:\/\/www.shqiperia.com\/blog\/wp-json\/wp\/v2\/posts\/40795","targetHints":{"allow":["GET"]}}],"collection":[{"href":"https:\/\/www.shqiperia.com\/blog\/wp-json\/wp\/v2\/posts"}],"about":[{"href":"https:\/\/www.shqiperia.com\/blog\/wp-json\/wp\/v2\/types\/post"}],"author":[{"embeddable":true,"href":"https:\/\/www.shqiperia.com\/blog\/wp-json\/wp\/v2\/users\/9"}],"replies":[{"embeddable":true,"href":"https:\/\/www.shqiperia.com\/blog\/wp-json\/wp\/v2\/comments?post=40795"}],"version-history":[{"count":2,"href":"https:\/\/www.shqiperia.com\/blog\/wp-json\/wp\/v2\/posts\/40795\/revisions"}],"predecessor-version":[{"id":40798,"href":"https:\/\/www.shqiperia.com\/blog\/wp-json\/wp\/v2\/posts\/40795\/revisions\/40798"}],"wp:featuredmedia":[{"embeddable":true,"href":"https:\/\/www.shqiperia.com\/blog\/wp-json\/wp\/v2\/media\/40796"}],"wp:attachment":[{"href":"https:\/\/www.shqiperia.com\/blog\/wp-json\/wp\/v2\/media?parent=40795"}],"wp:term":[{"taxonomy":"category","embeddable":true,"href":"https:\/\/www.shqiperia.com\/blog\/wp-json\/wp\/v2\/categories?post=40795"},{"taxonomy":"post_tag","embeddable":true,"href":"https:\/\/www.shqiperia.com\/blog\/wp-json\/wp\/v2\/tags?post=40795"}],"curies":[{"name":"wp","href":"https:\/\/api.w.org\/{rel}","templated":true}]}}