{"id":40789,"date":"2020-11-12T11:13:57","date_gmt":"2020-11-12T11:13:57","guid":{"rendered":"https:\/\/www.shqiperia.com\/blog\/?p=40789"},"modified":"2020-11-12T11:16:31","modified_gmt":"2020-11-12T11:16:31","slug":"artisti-kosovar-petrit-halilaj-ka-hapur-ekspozite-pesonale-ne-spanje","status":"publish","type":"post","link":"https:\/\/www.shqiperia.com\/blog\/artisti-kosovar-petrit-halilaj-ka-hapur-ekspozite-pesonale-ne-spanje\/","title":{"rendered":"Artisti kosovar Petrit Halilaj ka hapur ekspozit\u00eb pesonale n\u00eb Spanj\u00eb"},"content":{"rendered":"<p><img data-recalc-dims=\"1\" loading=\"lazy\" decoding=\"async\" data-attachment-id=\"40790\" data-permalink=\"https:\/\/www.shqiperia.com\/blog\/artisti-kosovar-petrit-halilaj-ka-hapur-ekspozite-pesonale-ne-spanje\/850x636_fatir_krypa-_vepra1594237169-copy\/\" data-orig-file=\"https:\/\/i0.wp.com\/www.shqiperia.com\/blog\/wp-content\/uploads\/2020\/11\/850x636_fatir_krypa-_vepra1594237169-Copy.jpg?fit=850%2C388&amp;ssl=1\" data-orig-size=\"850,388\" data-comments-opened=\"1\" data-image-meta=\"{&quot;aperture&quot;:&quot;0&quot;,&quot;credit&quot;:&quot;&quot;,&quot;camera&quot;:&quot;&quot;,&quot;caption&quot;:&quot;&quot;,&quot;created_timestamp&quot;:&quot;0&quot;,&quot;copyright&quot;:&quot;&quot;,&quot;focal_length&quot;:&quot;0&quot;,&quot;iso&quot;:&quot;0&quot;,&quot;shutter_speed&quot;:&quot;0&quot;,&quot;title&quot;:&quot;&quot;,&quot;orientation&quot;:&quot;0&quot;}\" data-image-title=\"850x636_fatir_krypa-_vepra1594237169 &#8211; Copy\" data-image-description=\"\" data-image-caption=\"\" data-medium-file=\"https:\/\/i0.wp.com\/www.shqiperia.com\/blog\/wp-content\/uploads\/2020\/11\/850x636_fatir_krypa-_vepra1594237169-Copy.jpg?fit=300%2C137&amp;ssl=1\" data-large-file=\"https:\/\/i0.wp.com\/www.shqiperia.com\/blog\/wp-content\/uploads\/2020\/11\/850x636_fatir_krypa-_vepra1594237169-Copy.jpg?fit=850%2C388&amp;ssl=1\" class=\"alignnone wp-image-40790\" alt=\"\" src=\"https:\/\/i0.wp.com\/www.shqiperia.com\/blog\/wp-content\/uploads\/2020\/11\/850x636_fatir_krypa-_vepra1594237169-Copy.jpg?resize=519%2C237&#038;ssl=1\" width=\"519\" height=\"237\" srcset=\"https:\/\/i0.wp.com\/www.shqiperia.com\/blog\/wp-content\/uploads\/2020\/11\/850x636_fatir_krypa-_vepra1594237169-Copy.jpg?resize=300%2C137&amp;ssl=1 300w, https:\/\/i0.wp.com\/www.shqiperia.com\/blog\/wp-content\/uploads\/2020\/11\/850x636_fatir_krypa-_vepra1594237169-Copy.jpg?resize=768%2C351&amp;ssl=1 768w, https:\/\/i0.wp.com\/www.shqiperia.com\/blog\/wp-content\/uploads\/2020\/11\/850x636_fatir_krypa-_vepra1594237169-Copy.jpg?resize=450%2C205&amp;ssl=1 450w, https:\/\/i0.wp.com\/www.shqiperia.com\/blog\/wp-content\/uploads\/2020\/11\/850x636_fatir_krypa-_vepra1594237169-Copy.jpg?resize=600%2C274&amp;ssl=1 600w, https:\/\/i0.wp.com\/www.shqiperia.com\/blog\/wp-content\/uploads\/2020\/11\/850x636_fatir_krypa-_vepra1594237169-Copy.jpg?resize=400%2C183&amp;ssl=1 400w, https:\/\/i0.wp.com\/www.shqiperia.com\/blog\/wp-content\/uploads\/2020\/11\/850x636_fatir_krypa-_vepra1594237169-Copy.jpg?w=850&amp;ssl=1 850w\" sizes=\"auto, (max-width: 519px) 100vw, 519px\" \/><\/p>\n<p>Artisti kosovar <strong>Petrit Halilaj ka <\/strong>hapur ekspozit\u00eb pesonale n\u00eb Spanj\u00eb<\/p>\n<p>Ekspozita e hapur n\u00eb Pallatin e Kristalt\u00eb n\u00eb Madrid, artisti ka p\u00ebrdorur nj\u00eb gam\u00eb t\u00eb gjer\u00eb elementesh p\u00ebr t\u2019i eksploruar temat si sht\u00ebpia, kombi, dashuria dhe identiteti kulturor.<\/p>\n<p>Kjo \u00ebsht\u00eb ekspozita e par\u00eb q\u00eb p\u00ebrurohet nga Muzeu Reina Sof\u00eda q\u00ebkur \u00ebsht\u00eb mbyllur p\u00ebr shkak t\u00eb pandemis\u00eb s\u00eb COVID-19, e cila n\u00eb Mars t\u00eb k\u00ebtij viti nd\u00ebrpreu montimin e shfaqjes.<\/p>\n<p><img data-recalc-dims=\"1\" loading=\"lazy\" decoding=\"async\" data-attachment-id=\"40791\" data-permalink=\"https:\/\/www.shqiperia.com\/blog\/artisti-kosovar-petrit-halilaj-ka-hapur-ekspozite-pesonale-ne-spanje\/artisti-kosovar-petrit-halilaj-ka-hapur-ekspozite-pesonale-ne-spanje\/\" data-orig-file=\"https:\/\/i0.wp.com\/www.shqiperia.com\/blog\/wp-content\/uploads\/2020\/11\/Artisti-kosovar-Petrit-Halilaj-ka-hapur-ekspozite-pesonale-ne-Spanje.jpg?fit=850%2C636&amp;ssl=1\" data-orig-size=\"850,636\" data-comments-opened=\"1\" data-image-meta=\"{&quot;aperture&quot;:&quot;0&quot;,&quot;credit&quot;:&quot;&quot;,&quot;camera&quot;:&quot;&quot;,&quot;caption&quot;:&quot;&quot;,&quot;created_timestamp&quot;:&quot;0&quot;,&quot;copyright&quot;:&quot;&quot;,&quot;focal_length&quot;:&quot;0&quot;,&quot;iso&quot;:&quot;0&quot;,&quot;shutter_speed&quot;:&quot;0&quot;,&quot;title&quot;:&quot;&quot;,&quot;orientation&quot;:&quot;0&quot;}\" data-image-title=\"Artisti kosovar Petrit Halilaj ka hapur ekspozit\u00eb pesonale n\u00eb Spanj\u00eb\" data-image-description=\"\" data-image-caption=\"\" data-medium-file=\"https:\/\/i0.wp.com\/www.shqiperia.com\/blog\/wp-content\/uploads\/2020\/11\/Artisti-kosovar-Petrit-Halilaj-ka-hapur-ekspozite-pesonale-ne-Spanje.jpg?fit=300%2C224&amp;ssl=1\" data-large-file=\"https:\/\/i0.wp.com\/www.shqiperia.com\/blog\/wp-content\/uploads\/2020\/11\/Artisti-kosovar-Petrit-Halilaj-ka-hapur-ekspozite-pesonale-ne-Spanje.jpg?fit=850%2C636&amp;ssl=1\" class=\"alignnone wp-image-40791\" alt=\"\" src=\"https:\/\/i0.wp.com\/www.shqiperia.com\/blog\/wp-content\/uploads\/2020\/11\/Artisti-kosovar-Petrit-Halilaj-ka-hapur-ekspozite-pesonale-ne-Spanje.jpg?resize=526%2C393&#038;ssl=1\" width=\"526\" height=\"393\" srcset=\"https:\/\/i0.wp.com\/www.shqiperia.com\/blog\/wp-content\/uploads\/2020\/11\/Artisti-kosovar-Petrit-Halilaj-ka-hapur-ekspozite-pesonale-ne-Spanje.jpg?resize=300%2C224&amp;ssl=1 300w, https:\/\/i0.wp.com\/www.shqiperia.com\/blog\/wp-content\/uploads\/2020\/11\/Artisti-kosovar-Petrit-Halilaj-ka-hapur-ekspozite-pesonale-ne-Spanje.jpg?resize=768%2C575&amp;ssl=1 768w, https:\/\/i0.wp.com\/www.shqiperia.com\/blog\/wp-content\/uploads\/2020\/11\/Artisti-kosovar-Petrit-Halilaj-ka-hapur-ekspozite-pesonale-ne-Spanje.jpg?resize=450%2C337&amp;ssl=1 450w, https:\/\/i0.wp.com\/www.shqiperia.com\/blog\/wp-content\/uploads\/2020\/11\/Artisti-kosovar-Petrit-Halilaj-ka-hapur-ekspozite-pesonale-ne-Spanje.jpg?resize=600%2C449&amp;ssl=1 600w, https:\/\/i0.wp.com\/www.shqiperia.com\/blog\/wp-content\/uploads\/2020\/11\/Artisti-kosovar-Petrit-Halilaj-ka-hapur-ekspozite-pesonale-ne-Spanje.jpg?resize=400%2C299&amp;ssl=1 400w, https:\/\/i0.wp.com\/www.shqiperia.com\/blog\/wp-content\/uploads\/2020\/11\/Artisti-kosovar-Petrit-Halilaj-ka-hapur-ekspozite-pesonale-ne-Spanje.jpg?w=850&amp;ssl=1 850w\" sizes=\"auto, (max-width: 526px) 100vw, 526px\" \/><\/p>\n<p>Halilaj e ka shnd\u00ebrruar Palacio de Cristal n\u00eb nj\u00eb fole gjigante q\u00eb lidh pjes\u00ebn e brendshme me at\u00eb t\u00eb jashtmen, duke bashkuar vizitor\u00ebt me mjedisin rreth tyre me vendosjen e dritareve, instalimin e strukturave dhe vendosjen e hap\u00ebsirave ushqyese p\u00ebr t\u2019i joshur zogjt\u00eb dhe krijesat e tjera q\u00eb jetojn\u00eb n\u00eb Parkun Retiro ose q\u00eb kalojn\u00eb p\u00ebrmes tij. Si ve\u00e7ori e p\u00ebrs\u00ebritur n\u00eb vepr\u00ebn e tij, zogjt\u00eb simbolizojn\u00eb kap\u00ebrcimin e kufijve q\u00eb mendimi bashk\u00ebkohor ka v\u00ebn\u00eb mes subjektit dhe objektit, mes kultur\u00ebs dhe natyr\u00ebs. N\u00eb ve\u00e7anti, artisti \u00ebsht\u00eb frym\u00ebzuar nga ritualet e jasht\u00ebzakonshme t\u00eb \u00e7iftimit t\u00eb zogjve t\u00eb tend\u00ebs (bo\u00eberbirds).<\/p>\n<p>Ideja e k\u00ebtij rituali lidhet ngusht\u00eb me biografin\u00eb e tij. Lulet e m\u00ebdha q\u00eb zbukurojn\u00eb folen\u00eb, t\u00eb punuara nga nj\u00eb korniz\u00eb delikate e \u00e7elikt\u00eb dhe me p\u00eblhur\u00eb t\u00eb ngjyrosur, jan\u00eb rezultat i pun\u00ebs s\u00eb p\u00ebrbashk\u00ebt me partnerin e tij t\u00eb jet\u00ebs, artistin \u00c1lvaro Urbano. P\u00ebrzgjedhja i tyre p\u00ebrb\u00ebn nj\u00eb pjes\u00eb t\u00eb historis\u00eb personale q\u00eb i nd\u00ebrlidh me nj\u00ebri-tjetrin, dhe q\u00ebllimi i tij \u00ebsht\u00eb ta kremtoj\u00eb lidhjen e tyre.<\/p>\n<p>P\u00ebr Halilaj, \u00ebsht\u00eb themelore t\u2019i \u00a0kaloj\u00eb kufit\u00eb mes shfaqjeve publike q\u00eb konsiderohen se jan\u00eb t\u00eb pranueshme ose meritojn\u00eb v\u00ebmendje dhe atyre q\u00eb censurohen dhe p\u00ebrbuzen.<\/p>\n<p>\u201cFrym\u00ebzimi fillestar vjen prej nj\u00eb historie personale, e cila \u00ebsht\u00eb kremtimi i lidhjes sime me Alvaron, por n\u00eb t\u00eb v\u00ebrtet\u00eb t\u00eb gjith\u00eb ne jemi t\u00eb ftuar dhe t\u00eb inkurajuar ta p\u00ebrjetojm\u00eb k\u00ebt\u00eb ekspozit\u00eb si hap\u00ebsir\u00eb t\u00eb liris\u00eb dhe dashuris\u00eb. Dhe, fatkeq\u00ebsisht, kur flasim p\u00ebr dashurin\u00eb, shtresa kremtuese \u00ebsht\u00eb vet\u00ebm pik\u00ebmb\u00ebrritja e rrall\u00eb dhe fatlume pas nj\u00eb shtegu t\u00eb gjat\u00eb e kompleks.\u201d ka th\u00ebn\u00eb Halilaj n\u00eb fjal\u00ebn e tij t\u00eb hapjes.<\/p>\n<p>\u201cN\u00eb fakt, ekspozita flet p\u00ebr shtigjet e r\u00ebnda dhe shpeshher\u00eb dramatike q\u00eb duhet t\u2019i ndjekim p\u00ebr t\u00eb arritur te pika ku mund ta dashurosh dik\u00eb, p\u00ebr ta ndier njohjen e dashuris\u00eb son\u00eb, s\u00eb pari nga vet\u00eb ne dhe pastaj nga familja dhe miqt\u00eb, dhe m\u00eb pas nga e gjith\u00eb shoq\u00ebria.\u201d \u2013 ka vazhduar ai.<\/p>\n<p>Sikur folet\u00eb n\u00eb natyr\u00eb, hap\u00ebsira e stisur nga Halilaj nuk mund t\u00eb shihet si autonome ose e ndar\u00eb nga mjedisi, vizitor\u00ebt dhe aktivitetet e tyre. P\u00ebrkundrazi, \u00ebsht\u00eb vazhdim\u00ebsi e tyre.<\/p>\n<div id=\"attachment_40792\" style=\"width: 662px\" class=\"wp-caption alignnone\"><img data-recalc-dims=\"1\" loading=\"lazy\" decoding=\"async\" aria-describedby=\"caption-attachment-40792\" data-attachment-id=\"40792\" data-permalink=\"https:\/\/www.shqiperia.com\/blog\/artisti-kosovar-petrit-halilaj-ka-hapur-ekspozite-pesonale-ne-spanje\/artisti-kosovar-petrit-halilaj-ka-hapur-ekspozite-pesonale-ne-spanje-2\/\" data-orig-file=\"https:\/\/i0.wp.com\/www.shqiperia.com\/blog\/wp-content\/uploads\/2020\/11\/Artisti-kosovar-Petrit-Halilaj-ka-hapur-ekspozite-pesonale-ne-Spanje-2.jpg?fit=850%2C636&amp;ssl=1\" data-orig-size=\"850,636\" data-comments-opened=\"1\" data-image-meta=\"{&quot;aperture&quot;:&quot;0&quot;,&quot;credit&quot;:&quot;&quot;,&quot;camera&quot;:&quot;&quot;,&quot;caption&quot;:&quot;&quot;,&quot;created_timestamp&quot;:&quot;0&quot;,&quot;copyright&quot;:&quot;&quot;,&quot;focal_length&quot;:&quot;0&quot;,&quot;iso&quot;:&quot;0&quot;,&quot;shutter_speed&quot;:&quot;0&quot;,&quot;title&quot;:&quot;&quot;,&quot;orientation&quot;:&quot;0&quot;}\" data-image-title=\"Artisti kosovar Petrit Halilaj ka hapur ekspozit\u00eb pesonale n\u00eb Spanj\u00eb (2)\" data-image-description=\"\" data-image-caption=\"&lt;p&gt;Artisti kosovar Petrit Halilaj ka hapur ekspozit\u00eb pesonale n\u00eb Spanj\u00eb&lt;\/p&gt;\n\" data-medium-file=\"https:\/\/i0.wp.com\/www.shqiperia.com\/blog\/wp-content\/uploads\/2020\/11\/Artisti-kosovar-Petrit-Halilaj-ka-hapur-ekspozite-pesonale-ne-Spanje-2.jpg?fit=300%2C224&amp;ssl=1\" data-large-file=\"https:\/\/i0.wp.com\/www.shqiperia.com\/blog\/wp-content\/uploads\/2020\/11\/Artisti-kosovar-Petrit-Halilaj-ka-hapur-ekspozite-pesonale-ne-Spanje-2.jpg?fit=850%2C636&amp;ssl=1\" class=\" wp-image-40792\" alt=\"\" src=\"https:\/\/i0.wp.com\/www.shqiperia.com\/blog\/wp-content\/uploads\/2020\/11\/Artisti-kosovar-Petrit-Halilaj-ka-hapur-ekspozite-pesonale-ne-Spanje-2.jpg?resize=652%2C487&#038;ssl=1\" width=\"652\" height=\"487\" srcset=\"https:\/\/i0.wp.com\/www.shqiperia.com\/blog\/wp-content\/uploads\/2020\/11\/Artisti-kosovar-Petrit-Halilaj-ka-hapur-ekspozite-pesonale-ne-Spanje-2.jpg?resize=300%2C224&amp;ssl=1 300w, https:\/\/i0.wp.com\/www.shqiperia.com\/blog\/wp-content\/uploads\/2020\/11\/Artisti-kosovar-Petrit-Halilaj-ka-hapur-ekspozite-pesonale-ne-Spanje-2.jpg?resize=768%2C575&amp;ssl=1 768w, https:\/\/i0.wp.com\/www.shqiperia.com\/blog\/wp-content\/uploads\/2020\/11\/Artisti-kosovar-Petrit-Halilaj-ka-hapur-ekspozite-pesonale-ne-Spanje-2.jpg?resize=450%2C337&amp;ssl=1 450w, https:\/\/i0.wp.com\/www.shqiperia.com\/blog\/wp-content\/uploads\/2020\/11\/Artisti-kosovar-Petrit-Halilaj-ka-hapur-ekspozite-pesonale-ne-Spanje-2.jpg?resize=600%2C449&amp;ssl=1 600w, https:\/\/i0.wp.com\/www.shqiperia.com\/blog\/wp-content\/uploads\/2020\/11\/Artisti-kosovar-Petrit-Halilaj-ka-hapur-ekspozite-pesonale-ne-Spanje-2.jpg?resize=400%2C299&amp;ssl=1 400w, https:\/\/i0.wp.com\/www.shqiperia.com\/blog\/wp-content\/uploads\/2020\/11\/Artisti-kosovar-Petrit-Halilaj-ka-hapur-ekspozite-pesonale-ne-Spanje-2.jpg?w=850&amp;ssl=1 850w\" sizes=\"auto, (max-width: 652px) 100vw, 652px\" \/><p id=\"caption-attachment-40792\" class=\"wp-caption-text\">Artisti kosovar Petrit Halilaj ka hapur ekspozit\u00eb pesonale n\u00eb Spanj\u00eb<\/p><\/div>\n<p>\u2018Zogjt\u00eb gjithmon\u00eb kan\u00eb pasur nj\u00eb vend t\u00eb posa\u00e7\u00ebm n\u00eb mendjen dhe vepr\u00ebn time. Prej koh\u00ebs s\u00eb luft\u00ebs mes Serbis\u00eb dhe Kosov\u00ebs mes viteve 1998-99 kur jetoja si refugjat\u00eb me familjen time, i shikoja zogjt\u00eb me shpres\u00eb. P\u00ebr mua, ata trup\u00ebzonin lirin\u00eb e l\u00ebvizjes q\u00eb nuk e kisha n\u00eb at\u00eb koh\u00eb, por q\u00eb e d\u00ebshiroja tep\u00ebr. Zogjt\u00eb i kalonin kufijt\u00eb gjeografik\u00eb q\u00eb njer\u00ebzit nuk mund t\u2019i kalonin. Prandaj doja t\u00eb isha zog.\u2019- \u00ebsht\u00eb shprehur ai n\u00eb hapjen e ekspozit\u00ebs p\u00ebr mediat bot\u00ebrore.<\/p>\n<p>N\u00eb ekspozit\u00ebn e Halilajt q\u00eb p\u00ebr publikun hapet m\u00eb 17 Korrik n\u00eb Madrid, ka di\u00e7ka t\u00eb \u00e7uditshme dhe joproporcionale p\u00ebr madh\u00ebsin\u00eb e foles\u00eb, p\u00ebr shkall\u00ebn gjigante t\u00eb luleve dhe p\u00ebr rehatn\u00eb e centralitetin q\u00eb ky ambient ua ofron zogjve. K\u00ebshtu, artisti pezullon pik\u00ebv\u00ebshtrimin logocentrik q\u00eb njeriun e\u00a0 shtyn t\u00eb mendoj\u00eb q\u00eb \u00ebsht\u00eb qendra dhe masa e \u00e7do gj\u00ebje, duke na inkurajuar ta shohim vet\u00ebn thjesht si nj\u00eb element shtes\u00eb n\u00eb mesin e shum\u00eb t\u00eb tjer\u00ebve.<\/p>\n<p>Nj\u00eb korbi dhe uragan\u00ebt q\u00eb nga vendet e panjohura rikthejn\u00eb er\u00ebra t\u00eb njer\u00ebzve t\u00eb dashuruar \u00ebsht\u00eb ekspozita e par\u00eb q\u00eb p\u00ebrurohet nga Muzeun Reina Sof\u00eda q\u00ebkur \u00ebsht\u00eb mbyllur p\u00ebr shkak t\u00eb pandemis\u00eb s\u00eb COVID-19, situat\u00eb cila nd\u00ebrpreu montimin e shfaqjes se Halilajt n\u00eb Mars 2020.<\/p>\n<p>Manuel Borja-Villel kurator i ekspozit\u00ebs dhe nj\u00ebherit drejtor i Muzeut Reina Sofia \u00ebsht\u00eb shprehur: \u201cVepra e Petrit Halilajt \u00ebsht\u00eb e lidhur ngusht\u00eb me biografin\u00eb e tij, me historin\u00eb e vonshme t\u00eb vendit t\u00eb tij dhe me pasojat e tensioneve politike dhe kulturore n\u00eb rajon. Kujtimet e f\u00ebmij\u00ebris\u00eb t\u00eb zhytura n\u00eb dram\u00ebn e luft\u00ebs dhe t\u00eb jet\u00ebs si refugjat shfaqen e rishfaqen n\u00eb artin e tij, i cili p\u00ebrqafon temat sikur sht\u00ebpia, kombi dhe identiteti kulturor p\u00ebrmes mediumeve t\u00eb llojllojshme q\u00eb p\u00ebrfshijn\u00eb vizatimin, skulptur\u00ebn, videon, instalacionet dhe madje shkrimin.<\/p>\n<p>Sidoqoft\u00eb, ai nuk pandeh nj\u00eb shkeputje mes personales dhe intimes dhe mes historikes e sociales, por n\u00eb vend t\u00eb asaj percepton nj\u00eb marr\u00ebdh\u00ebnie dhe vazhdim\u00ebsi q\u00eb mund t\u00eb gjendet n\u00eb intervenimin e tij p\u00ebr Pallatin e Krisalt\u00eb n\u00eb Madrid.\u201d<\/p>\n","protected":false},"excerpt":{"rendered":"<p>Artisti kosovar Petrit Halilaj ka hapur ekspozit\u00eb pesonale n\u00eb Spanj\u00eb Ekspozita e hapur n\u00eb Pallatin e Kristalt\u00eb n\u00eb Madrid, artisti ka p\u00ebrdorur nj\u00eb gam\u00eb t\u00eb gjer\u00eb elementesh p\u00ebr t\u2019i eksploruar temat si sht\u00ebpia, kombi, dashuria dhe identiteti kulturor. Kjo \u00ebsht\u00eb ekspozita e par\u00eb q\u00eb p\u00ebrurohet nga Muzeu Reina Sof\u00eda q\u00ebkur \u00ebsht\u00eb mbyllur p\u00ebr shkak t\u00eb [&hellip;]<\/p>\n","protected":false},"author":9,"featured_media":40790,"comment_status":"open","ping_status":"open","sticky":false,"template":"","format":"standard","meta":{"jetpack_post_was_ever_published":false,"_jetpack_newsletter_access":"","_jetpack_dont_email_post_to_subs":false,"_jetpack_newsletter_tier_id":0,"_jetpack_memberships_contains_paywalled_content":false,"_jetpack_memberships_contains_paid_content":false,"footnotes":"","jetpack_publicize_message":"","jetpack_publicize_feature_enabled":true,"jetpack_social_post_already_shared":true,"jetpack_social_options":{"image_generator_settings":{"template":"highway","default_image_id":0,"font":"","enabled":false},"version":2}},"categories":[87,10,14],"tags":[],"class_list":["post-40789","post","type-post","status-publish","format-standard","has-post-thumbnail","hentry","category-arte","category-kultura","category-press-releases"],"jetpack_publicize_connections":[],"jetpack_featured_media_url":"https:\/\/i0.wp.com\/www.shqiperia.com\/blog\/wp-content\/uploads\/2020\/11\/850x636_fatir_krypa-_vepra1594237169-Copy.jpg?fit=850%2C388&ssl=1","jetpack_sharing_enabled":true,"jetpack_shortlink":"https:\/\/wp.me\/p5Z6wp-aBT","jetpack-related-posts":[{"id":32767,"url":"https:\/\/www.shqiperia.com\/blog\/ne-moshen-85-vjecare-piktori-hasan-nallbani-vjen-me-nje-ekspozite-te-re\/","url_meta":{"origin":40789,"position":0},"title":"N\u00eb mosh\u00ebn 85 vje\u00e7are piktori Hasan Nallbani vjen me nj\u00eb ekspozit\u00eb t\u00eb re","author":"Kurt Farka","date":"March 26, 2020","format":false,"excerpt":"N\u00eb mosh\u00ebn 85 vje\u00e7are piktori Hasan Nallbani vjen me nj\u00eb ekspozit\u00eb t\u00eb re 18 Janar, 2020 N\u00eb emisionin chic n\u00eb News24 do t\u00eb flasim p\u00ebr piktorin e mir\u00ebnjohur Hasan Nallbani. \u00cbsht\u00eb pik\u00ebrisht platforma Harabel Contemporary q\u00eb ka krijuar nj\u00eb moment krejt\u00ebsisht t\u00eb ve\u00e7ant\u00eb, dedikuar k\u00ebtij artisti shum\u00eb t\u00eb njohur, q\u00eb\u2026","rel":"","context":"In &quot;Arte&quot;","block_context":{"text":"Arte","link":"https:\/\/www.shqiperia.com\/blog\/category\/arte\/"},"img":{"alt_text":"","src":"https:\/\/i0.wp.com\/www.shqiperia.com\/blog\/wp-content\/uploads\/2020\/03\/Hasan-Nallbani.jpg?fit=1200%2C630&ssl=1&resize=350%2C200","width":350,"height":200,"srcset":"https:\/\/i0.wp.com\/www.shqiperia.com\/blog\/wp-content\/uploads\/2020\/03\/Hasan-Nallbani.jpg?fit=1200%2C630&ssl=1&resize=350%2C200 1x, https:\/\/i0.wp.com\/www.shqiperia.com\/blog\/wp-content\/uploads\/2020\/03\/Hasan-Nallbani.jpg?fit=1200%2C630&ssl=1&resize=525%2C300 1.5x, https:\/\/i0.wp.com\/www.shqiperia.com\/blog\/wp-content\/uploads\/2020\/03\/Hasan-Nallbani.jpg?fit=1200%2C630&ssl=1&resize=700%2C400 2x, https:\/\/i0.wp.com\/www.shqiperia.com\/blog\/wp-content\/uploads\/2020\/03\/Hasan-Nallbani.jpg?fit=1200%2C630&ssl=1&resize=1050%2C600 3x"},"classes":[]},{"id":10121,"url":"https:\/\/www.shqiperia.com\/blog\/hartat-e-rralla-500-vjecare-ekspozohen-ne-kryeministri\/","url_meta":{"origin":40789,"position":1},"title":"Hartat e rralla 500-vje\u00e7are ekspozohen n\u00eb Kryeministri. &#8211;","author":"Kurt Farka","date":"July 22, 2018","format":false,"excerpt":"Hartat e rralla 500-vje\u00e7are ekspozohen n\u00eb Kryeministri. - Koleksionisti nga Kosova, Afrim Ethemi, rr\u00ebfen sesi i ka zbuluar hartat me trojet e lashta shqiptare n\u00eb Ballkan. Ekspozita ne COD deri me \u00a02 shtator. Nj\u00eb ekspozit\u00eb me harta q\u00eb datojn\u00eb nga shek XV deri n\u00eb shek XVIII \u00ebsht\u00eb hapur n\u00eb COD,\u2026","rel":"","context":"In &quot;Histori&quot;","block_context":{"text":"Histori","link":"https:\/\/www.shqiperia.com\/blog\/category\/histori\/"},"img":{"alt_text":"","src":"https:\/\/i0.wp.com\/www.shqiperia.com\/blog\/wp-content\/uploads\/2018\/07\/1531900154_hartatess7.jpg?fit=527%2C438&ssl=1&resize=350%2C200","width":350,"height":200,"srcset":"https:\/\/i0.wp.com\/www.shqiperia.com\/blog\/wp-content\/uploads\/2018\/07\/1531900154_hartatess7.jpg?fit=527%2C438&ssl=1&resize=350%2C200 1x, https:\/\/i0.wp.com\/www.shqiperia.com\/blog\/wp-content\/uploads\/2018\/07\/1531900154_hartatess7.jpg?fit=527%2C438&ssl=1&resize=525%2C300 1.5x"},"classes":[]},{"id":60052,"url":"https:\/\/www.shqiperia.com\/blog\/bujar-zajmi\/","url_meta":{"origin":40789,"position":2},"title":"Bujar Zajmi: &#8211; \u201cBZAJ me diellin\u201d. &#8211; Ekspozite n\u00eb Galerin\u00eb e Artit Tiran\u00eb, me vepra t\u00eb papublikuara m\u00eb par\u00eb nga fondi i Piktorit te Shquar","author":"Kurt Farka","date":"July 25, 2022","format":false,"excerpt":"8 Korrik 2022 Ekspozita \u201cBZAJ me Diellin\u201d u hap p\u00ebr publikun n\u00eb Galerin\u00eb e Artit Tiran\u00eb. Ekspozita n\u00eb GAT p\u00ebrmban vepra t\u00eb papublikuara m\u00eb par\u00eb nga fondi i mjeshtrit Bujar Zajmi, t\u00eb realizuara n\u00eb harkun kohor 1962-2022. Ekspozita p\u00ebrmban rreth 100 vepra t\u00eb mjeshtrit dhe vjen e kuruar nga e\u2026","rel":"","context":"In &quot;Arte&quot;","block_context":{"text":"Arte","link":"https:\/\/www.shqiperia.com\/blog\/category\/arte\/"},"img":{"alt_text":"","src":"https:\/\/i0.wp.com\/www.shqiperia.com\/blog\/wp-content\/uploads\/2022\/07\/Bujar-Zajmi-1.jpg?fit=640%2C393&ssl=1&resize=350%2C200","width":350,"height":200,"srcset":"https:\/\/i0.wp.com\/www.shqiperia.com\/blog\/wp-content\/uploads\/2022\/07\/Bujar-Zajmi-1.jpg?fit=640%2C393&ssl=1&resize=350%2C200 1x, https:\/\/i0.wp.com\/www.shqiperia.com\/blog\/wp-content\/uploads\/2022\/07\/Bujar-Zajmi-1.jpg?fit=640%2C393&ssl=1&resize=525%2C300 1.5x"},"classes":[]},{"id":12621,"url":"https:\/\/www.shqiperia.com\/blog\/celet-ne-muzeun-kombetar-ekspozita-25-vjet-artist-profesionist\/","url_meta":{"origin":40789,"position":3},"title":"\u00c7elet n\u00eb Muzeun Komb\u00ebtar ekspozita \u201c25 vjet artist profesionist\u201d. &#8211;","author":"Kurt Farka","date":"October 14, 2018","format":false,"excerpt":"\u00c7elet n\u00eb Muzeun Komb\u00ebtar ekspozita \u201c25 vjet artist profesionist\u201d. - N\u00eb Muzeun Historik Komb\u00ebtar artisti Leonardo Voci u prezantua p\u00ebr publikun me ekspozit\u00ebn retrospektive \u201c25 vjet artist profesionist\u201d kuruar nga Floriana Paskali. Mbi 150 punime t\u00eb kornizuara, por dhe t\u00eb tjera pa korniza t\u00eb cilat artdash\u00ebsit pat\u00ebn mund\u00ebsi ti shikojn\u00eb\u2026","rel":"","context":"In &quot;Arte&quot;","block_context":{"text":"Arte","link":"https:\/\/www.shqiperia.com\/blog\/category\/arte\/"},"img":{"alt_text":"","src":"https:\/\/i0.wp.com\/www.shqiperia.com\/blog\/wp-content\/uploads\/2018\/10\/def1819e03602dff_4120-w640-h479-b1-p10-.jpg?fit=568%2C336&ssl=1&resize=350%2C200","width":350,"height":200,"srcset":"https:\/\/i0.wp.com\/www.shqiperia.com\/blog\/wp-content\/uploads\/2018\/10\/def1819e03602dff_4120-w640-h479-b1-p10-.jpg?fit=568%2C336&ssl=1&resize=350%2C200 1x, https:\/\/i0.wp.com\/www.shqiperia.com\/blog\/wp-content\/uploads\/2018\/10\/def1819e03602dff_4120-w640-h479-b1-p10-.jpg?fit=568%2C336&ssl=1&resize=525%2C300 1.5x"},"classes":[]},{"id":73782,"url":"https:\/\/www.shqiperia.com\/blog\/ekspozita-rrugetim-e-piktorit-zymer-mulliqi-me-piktura-dhe-grafika-ne-galerine-e-artit-tirane\/","url_meta":{"origin":40789,"position":4},"title":"Ekspozita \u201cRrug\u00ebtim\u201d e piktorit Zymer Mulliqi me piktura dhe grafika n\u00eb Galerin\u00eb e Artit Tiran\u00eb","author":"Kurt Farka","date":"August 22, 2023","format":false,"excerpt":"22 Gusht 2023 Galeria e Artit Tiran\u00eb mir\u00ebpriti k\u00ebto dit\u00eb piktorin e njohur Zymer Mulliqi, q\u00eb hapi ekspozit\u00ebn e tij personale \u201cRrug\u00ebtim\u201d. Hapja e nj\u00eb ekspozite me vepra arti \u00ebsht\u00eb nj\u00eb ngjarje e bukur p\u00ebr kryeqytetin, dhe ajo e nj\u00eb piktori t\u00eb r\u00ebnd\u00ebsish\u00ebm si Zymer Mulliqi nga Kosova n\u00eb Galerin\u00eb\u2026","rel":"","context":"In &quot;Arte&quot;","block_context":{"text":"Arte","link":"https:\/\/www.shqiperia.com\/blog\/category\/arte\/"},"img":{"alt_text":"","src":"https:\/\/i0.wp.com\/www.shqiperia.com\/blog\/wp-content\/uploads\/2023\/08\/800-0-64e44814d94b6.jpg?fit=800%2C800&ssl=1&resize=350%2C200","width":350,"height":200,"srcset":"https:\/\/i0.wp.com\/www.shqiperia.com\/blog\/wp-content\/uploads\/2023\/08\/800-0-64e44814d94b6.jpg?fit=800%2C800&ssl=1&resize=350%2C200 1x, https:\/\/i0.wp.com\/www.shqiperia.com\/blog\/wp-content\/uploads\/2023\/08\/800-0-64e44814d94b6.jpg?fit=800%2C800&ssl=1&resize=525%2C300 1.5x, https:\/\/i0.wp.com\/www.shqiperia.com\/blog\/wp-content\/uploads\/2023\/08\/800-0-64e44814d94b6.jpg?fit=800%2C800&ssl=1&resize=700%2C400 2x"},"classes":[]},{"id":30235,"url":"https:\/\/www.shqiperia.com\/blog\/ekspozita-blerta-xhomo-zhvesh-figurat-njerezore-nudo-ne-pezull\/","url_meta":{"origin":40789,"position":5},"title":"Ekspozita: &#8211; Blerta Xhomo zhvesh figurat njer\u00ebzore nudo n\u00eb &#8216;Pezull&#8217;.","author":"Kurt Farka","date":"January 11, 2020","format":false,"excerpt":"Ekspozita: - Blerta Xhomo zhvesh figurat njer\u00ebzore nudo n\u00eb 'Pezull'. Ekspozita personale \u201cPezull\u201d e piktores Blerta Xhomo \u00ebsht\u00eb \u00e7elur n\u00eb galerin\u00eb e Fakultetit t\u00eb Arteve t\u00eb Bukura. Kuratori i ekspozit\u00ebs, Vladimir Myrtezai, zgjedhjen e artistes p\u00ebr t\u00eb zhveshur figurat fem\u00ebrore edhe mashkullore, i cil\u00ebson si nj\u00eb reflektim t\u00eb artistit mbi\u2026","rel":"","context":"In &quot;Arte&quot;","block_context":{"text":"Arte","link":"https:\/\/www.shqiperia.com\/blog\/category\/arte\/"},"img":{"alt_text":"","src":"https:\/\/i0.wp.com\/www.shqiperia.com\/blog\/wp-content\/uploads\/2020\/01\/Blerta-Xhomo.jpg?fit=480%2C360&ssl=1&resize=350%2C200","width":350,"height":200},"classes":[]}],"_links":{"self":[{"href":"https:\/\/www.shqiperia.com\/blog\/wp-json\/wp\/v2\/posts\/40789","targetHints":{"allow":["GET"]}}],"collection":[{"href":"https:\/\/www.shqiperia.com\/blog\/wp-json\/wp\/v2\/posts"}],"about":[{"href":"https:\/\/www.shqiperia.com\/blog\/wp-json\/wp\/v2\/types\/post"}],"author":[{"embeddable":true,"href":"https:\/\/www.shqiperia.com\/blog\/wp-json\/wp\/v2\/users\/9"}],"replies":[{"embeddable":true,"href":"https:\/\/www.shqiperia.com\/blog\/wp-json\/wp\/v2\/comments?post=40789"}],"version-history":[{"count":2,"href":"https:\/\/www.shqiperia.com\/blog\/wp-json\/wp\/v2\/posts\/40789\/revisions"}],"predecessor-version":[{"id":40794,"href":"https:\/\/www.shqiperia.com\/blog\/wp-json\/wp\/v2\/posts\/40789\/revisions\/40794"}],"wp:featuredmedia":[{"embeddable":true,"href":"https:\/\/www.shqiperia.com\/blog\/wp-json\/wp\/v2\/media\/40790"}],"wp:attachment":[{"href":"https:\/\/www.shqiperia.com\/blog\/wp-json\/wp\/v2\/media?parent=40789"}],"wp:term":[{"taxonomy":"category","embeddable":true,"href":"https:\/\/www.shqiperia.com\/blog\/wp-json\/wp\/v2\/categories?post=40789"},{"taxonomy":"post_tag","embeddable":true,"href":"https:\/\/www.shqiperia.com\/blog\/wp-json\/wp\/v2\/tags?post=40789"}],"curies":[{"name":"wp","href":"https:\/\/api.w.org\/{rel}","templated":true}]}}