{"id":40785,"date":"2020-11-12T10:58:30","date_gmt":"2020-11-12T10:58:30","guid":{"rendered":"https:\/\/www.shqiperia.com\/blog\/?p=40785"},"modified":"2020-11-12T11:00:17","modified_gmt":"2020-11-12T11:00:17","slug":"12-15-nentor-si-do-funksionoje-panairi-i-librit-online","status":"publish","type":"post","link":"https:\/\/www.shqiperia.com\/blog\/12-15-nentor-si-do-funksionoje-panairi-i-librit-online\/","title":{"rendered":"12-15 n\u00ebntor: Si do funksionoj\u00eb Panairi i Librit online"},"content":{"rendered":"<p><img data-recalc-dims=\"1\" loading=\"lazy\" decoding=\"async\" data-attachment-id=\"40786\" data-permalink=\"https:\/\/www.shqiperia.com\/blog\/12-15-nentor-si-do-funksionoje-panairi-i-librit-online\/essential-books\/\" data-orig-file=\"https:\/\/i0.wp.com\/www.shqiperia.com\/blog\/wp-content\/uploads\/2020\/11\/Essential-Books.jpg?fit=1200%2C675&amp;ssl=1\" data-orig-size=\"1200,675\" data-comments-opened=\"1\" data-image-meta=\"{&quot;aperture&quot;:&quot;0&quot;,&quot;credit&quot;:&quot;&quot;,&quot;camera&quot;:&quot;&quot;,&quot;caption&quot;:&quot;&quot;,&quot;created_timestamp&quot;:&quot;0&quot;,&quot;copyright&quot;:&quot;&quot;,&quot;focal_length&quot;:&quot;0&quot;,&quot;iso&quot;:&quot;0&quot;,&quot;shutter_speed&quot;:&quot;0&quot;,&quot;title&quot;:&quot;&quot;,&quot;orientation&quot;:&quot;0&quot;}\" data-image-title=\"Essential-Books\" data-image-description=\"\" data-image-caption=\"\" data-medium-file=\"https:\/\/i0.wp.com\/www.shqiperia.com\/blog\/wp-content\/uploads\/2020\/11\/Essential-Books.jpg?fit=300%2C169&amp;ssl=1\" data-large-file=\"https:\/\/i0.wp.com\/www.shqiperia.com\/blog\/wp-content\/uploads\/2020\/11\/Essential-Books.jpg?fit=1024%2C576&amp;ssl=1\" class=\"alignnone wp-image-40786\" alt=\"\" src=\"https:\/\/i0.wp.com\/www.shqiperia.com\/blog\/wp-content\/uploads\/2020\/11\/Essential-Books.jpg?resize=488%2C275&#038;ssl=1\" width=\"488\" height=\"275\" srcset=\"https:\/\/i0.wp.com\/www.shqiperia.com\/blog\/wp-content\/uploads\/2020\/11\/Essential-Books.jpg?resize=300%2C169&amp;ssl=1 300w, https:\/\/i0.wp.com\/www.shqiperia.com\/blog\/wp-content\/uploads\/2020\/11\/Essential-Books.jpg?resize=1024%2C576&amp;ssl=1 1024w, https:\/\/i0.wp.com\/www.shqiperia.com\/blog\/wp-content\/uploads\/2020\/11\/Essential-Books.jpg?resize=768%2C432&amp;ssl=1 768w, https:\/\/i0.wp.com\/www.shqiperia.com\/blog\/wp-content\/uploads\/2020\/11\/Essential-Books.jpg?resize=450%2C253&amp;ssl=1 450w, https:\/\/i0.wp.com\/www.shqiperia.com\/blog\/wp-content\/uploads\/2020\/11\/Essential-Books.jpg?resize=600%2C338&amp;ssl=1 600w, https:\/\/i0.wp.com\/www.shqiperia.com\/blog\/wp-content\/uploads\/2020\/11\/Essential-Books.jpg?resize=400%2C225&amp;ssl=1 400w, https:\/\/i0.wp.com\/www.shqiperia.com\/blog\/wp-content\/uploads\/2020\/11\/Essential-Books.jpg?w=1200&amp;ssl=1 1200w\" sizes=\"auto, (max-width: 488px) 100vw, 488px\" \/><\/p>\n<p><strong>12-15 n\u00ebntor: Si do funksionoj\u00eb Panairi i Librit online<\/strong><\/p>\n<p>&#8211; 12\/11\/20<\/p>\n<p>P\u00ebr shkak t\u00eb pandemis\u00eb, Panairi i 23-t\u00eb i Librit, \u201cTirana 2020\u201d do t\u00eb\u00a0zhvillohet\u00a0online.<\/p>\n<p>Shoqata e Botuesve Shqiptar\u00eb ka b\u00ebr\u00eb me dije se p\u00ebrgjat\u00eb datave 12-15 n\u00ebntor, jan\u00eb menduar nj\u00eb s\u00ebr\u00eb aktivitetesh q\u00eb vijojn\u00eb si m\u00eb posht\u00eb:<\/p>\n<p>Nd\u00ebrkoh\u00eb, dit\u00ebn e djeshme, kryetari i Shoqat\u00ebs s\u00eb Botuesve Shqiptar\u00eb, Petrit Ymeri, z\u00ebv\u00ebnd\u00ebskryetari, G\u00ebzim Taga dhe kryetarja e juris\u00eb s\u00eb \u00e7mimeve t\u00eb Panairit, Diana Jupi, dhan\u00eb nj\u00eb konferenc\u00eb shtypi para mediave.<\/p>\n<p><img data-recalc-dims=\"1\" loading=\"lazy\" decoding=\"async\" data-attachment-id=\"40787\" data-permalink=\"https:\/\/www.shqiperia.com\/blog\/12-15-nentor-si-do-funksionoje-panairi-i-librit-online\/p1-2\/\" data-orig-file=\"https:\/\/i0.wp.com\/www.shqiperia.com\/blog\/wp-content\/uploads\/2020\/11\/p1.jpg?fit=785%2C1059&amp;ssl=1\" data-orig-size=\"785,1059\" data-comments-opened=\"1\" data-image-meta=\"{&quot;aperture&quot;:&quot;0&quot;,&quot;credit&quot;:&quot;&quot;,&quot;camera&quot;:&quot;&quot;,&quot;caption&quot;:&quot;&quot;,&quot;created_timestamp&quot;:&quot;0&quot;,&quot;copyright&quot;:&quot;&quot;,&quot;focal_length&quot;:&quot;0&quot;,&quot;iso&quot;:&quot;0&quot;,&quot;shutter_speed&quot;:&quot;0&quot;,&quot;title&quot;:&quot;&quot;,&quot;orientation&quot;:&quot;0&quot;}\" data-image-title=\"p1\" data-image-description=\"\" data-image-caption=\"\" data-medium-file=\"https:\/\/i0.wp.com\/www.shqiperia.com\/blog\/wp-content\/uploads\/2020\/11\/p1.jpg?fit=222%2C300&amp;ssl=1\" data-large-file=\"https:\/\/i0.wp.com\/www.shqiperia.com\/blog\/wp-content\/uploads\/2020\/11\/p1.jpg?fit=759%2C1024&amp;ssl=1\" class=\"alignnone wp-image-40787\" alt=\"\" src=\"https:\/\/i0.wp.com\/www.shqiperia.com\/blog\/wp-content\/uploads\/2020\/11\/p1.jpg?resize=665%2C899&#038;ssl=1\" width=\"665\" height=\"899\" srcset=\"https:\/\/i0.wp.com\/www.shqiperia.com\/blog\/wp-content\/uploads\/2020\/11\/p1.jpg?resize=222%2C300&amp;ssl=1 222w, https:\/\/i0.wp.com\/www.shqiperia.com\/blog\/wp-content\/uploads\/2020\/11\/p1.jpg?resize=450%2C607&amp;ssl=1 450w, https:\/\/i0.wp.com\/www.shqiperia.com\/blog\/wp-content\/uploads\/2020\/11\/p1.jpg?resize=400%2C540&amp;ssl=1 400w\" sizes=\"auto, (max-width: 665px) 100vw, 665px\" \/><\/p>\n<p>K\u00ebt\u00eb vit, organizator\u00ebt kan\u00eb menduar q\u00eb diskutimet mbi librin t\u00eb shfaqen n\u00eb disa projektor\u00eb, t\u00eb vendosur n\u00eb pikat kryesore t\u00eb kryeqytetit.<\/p>\n<p>N\u00eb qytetin e Tiran\u00ebs do vendosen ekrane led, te t\u00eb cilat do t\u00eb shfaqet aktiviteti drejtp\u00ebrdrejt ose me regjistrim.<\/p>\n<p>Krahas mund\u00ebsis\u00eb q\u00eb njer\u00ebzit kan\u00eb p\u00ebr t\u00eb bler\u00eb n\u00eb librarit\u00eb kryesore t\u00eb vendit, gjat\u00eb k\u00ebtyre dit\u00ebve do ekzistoj\u00eb dhe opsioni i blerjeve online.<\/p>\n<p>Shitja e librave online u mund\u00ebsua n\u00eb disa platforma blerjesh online t\u00eb stimuluara, t\u00eb mund\u00ebsuara nga Bukinist, Adrion ltd dhe Top Channel.<\/p>\n<p>Mb\u00ebshtet\u00ebs n\u00eb realizimin e Panairit ishin Bashkia e Tiran\u00ebs dhe Qendra Komb\u00ebtare p\u00ebr Librin dhe Leximin.<\/p>\n<p>Panairi nis dit\u00ebn e sotme, p\u00ebr t\u2019u p\u00ebrmbyllur t\u00eb diel\u00ebn, kur do t\u00eb mbahet dhe ndarja e \u00e7mimeve t\u00eb autorit t\u00eb vitit.<\/p>\n<p>Nga Gazeta Mapo<\/p>\n","protected":false},"excerpt":{"rendered":"<p>12-15 n\u00ebntor: Si do funksionoj\u00eb Panairi i Librit online &#8211; 12\/11\/20 P\u00ebr shkak t\u00eb pandemis\u00eb, Panairi i 23-t\u00eb i Librit, \u201cTirana 2020\u201d do t\u00eb\u00a0zhvillohet\u00a0online. Shoqata e Botuesve Shqiptar\u00eb ka b\u00ebr\u00eb me dije se p\u00ebrgjat\u00eb datave 12-15 n\u00ebntor, jan\u00eb menduar nj\u00eb s\u00ebr\u00eb aktivitetesh q\u00eb vijojn\u00eb si m\u00eb posht\u00eb: Nd\u00ebrkoh\u00eb, dit\u00ebn e djeshme, kryetari i Shoqat\u00ebs s\u00eb [&hellip;]<\/p>\n","protected":false},"author":9,"featured_media":40786,"comment_status":"open","ping_status":"open","sticky":false,"template":"","format":"standard","meta":{"jetpack_post_was_ever_published":false,"_jetpack_newsletter_access":"","_jetpack_dont_email_post_to_subs":false,"_jetpack_newsletter_tier_id":0,"_jetpack_memberships_contains_paywalled_content":false,"_jetpack_memberships_contains_paid_content":false,"footnotes":"","jetpack_publicize_message":"","jetpack_publicize_feature_enabled":true,"jetpack_social_post_already_shared":true,"jetpack_social_options":{"image_generator_settings":{"template":"highway","default_image_id":0,"font":"","enabled":false},"version":2}},"categories":[10,35],"tags":[],"class_list":["post-40785","post","type-post","status-publish","format-standard","has-post-thumbnail","hentry","category-kultura","category-shoqerore"],"jetpack_publicize_connections":[],"jetpack_featured_media_url":"https:\/\/i0.wp.com\/www.shqiperia.com\/blog\/wp-content\/uploads\/2020\/11\/Essential-Books.jpg?fit=1200%2C675&ssl=1","jetpack_sharing_enabled":true,"jetpack_shortlink":"https:\/\/wp.me\/p5Z6wp-aBP","jetpack-related-posts":[{"id":94807,"url":"https:\/\/www.shqiperia.com\/blog\/panairi-i-librit-ne-krize-ymeri-cmimet-e-librave-jane-te-paperballueshme\/","url_meta":{"origin":40785,"position":0},"title":"Panairi i Librit n\u00eb kriz\u00eb, Ymeri: &#8211; \u00c7mimet e librave jan\u00eb t\u00eb pap\u00ebrballueshme","author":"Kurt Farka","date":"November 11, 2025","format":false,"excerpt":"11 Nentor 2025 Panairi i 28-t\u00eb i Librit, q\u00eb do t\u00eb hapet m\u00eb 12 N\u00ebntor, sh\u00ebnohet nga nj\u00eb r\u00ebnie e numrit t\u00eb botimeve p\u00ebr shkak t\u00eb kriz\u00ebs ekonomike dhe emigracionit. Kryetari i Shoqat\u00ebs s\u00eb Botuesve, Petrit Ymeri, paralajm\u00ebron se \u00e7mimet e larta t\u00eb librave dhe mosfurnizimi i bibliotekave po varf\u00ebrojn\u00eb\u2026","rel":"","context":"In &quot;Kultura&quot;","block_context":{"text":"Kultura","link":"https:\/\/www.shqiperia.com\/blog\/category\/kultura\/"},"img":{"alt_text":"","src":"https:\/\/i0.wp.com\/www.shqiperia.com\/blog\/wp-content\/uploads\/2025\/11\/640-0-pan-1762849090.jpg?fit=640%2C360&ssl=1&resize=350%2C200","width":350,"height":200,"srcset":"https:\/\/i0.wp.com\/www.shqiperia.com\/blog\/wp-content\/uploads\/2025\/11\/640-0-pan-1762849090.jpg?fit=640%2C360&ssl=1&resize=350%2C200 1x, https:\/\/i0.wp.com\/www.shqiperia.com\/blog\/wp-content\/uploads\/2025\/11\/640-0-pan-1762849090.jpg?fit=640%2C360&ssl=1&resize=525%2C300 1.5x"},"classes":[]},{"id":64322,"url":"https:\/\/www.shqiperia.com\/blog\/panairi-i-librit-78-e-shqiptareve-nuk-e-kane-lexuar-dhe-nuk-e-kane-blere-asnje-liber-vitin-e-fundit\/","url_meta":{"origin":40785,"position":1},"title":"Panairi i Librit: &#8211;\u00a0 78% e shqiptar\u00ebve nuk e kan\u00eb lexuar dhe nuk e kan\u00eb bler\u00eb asnj\u00eb lib\u00ebr vitin e fundit.","author":"Kurt Farka","date":"November 14, 2022","format":false,"excerpt":"14 Nentor 2022 \"\u00c7mimi i letr\u00ebs \u00ebsht\u00eb rritur 80% k\u00ebt\u00eb vit...\". Edicioni i 25-\u00eb i Panairit t\u00eb Librit nis me sfid\u00ebn p\u00ebr t\u00eb rifituar lexuesin. \"E njohim k\u00ebt\u00eb gjendje por \u00ebsht\u00eb mir\u00eb q\u00eb doli p\u00ebrpara Panairit t\u00eb Librit q\u00eb ta kuptojn\u00eb t\u00eb gjith\u00eb, edhe ne, edhe ju dhe n\u00eb radh\u00eb\u2026","rel":"","context":"In &quot;Histori&quot;","block_context":{"text":"Histori","link":"https:\/\/www.shqiperia.com\/blog\/category\/histori\/"},"img":{"alt_text":"","src":"https:\/\/i0.wp.com\/www.shqiperia.com\/blog\/wp-content\/uploads\/2022\/11\/640-0-619519b5638f0.jpg?fit=640%2C360&ssl=1&resize=350%2C200","width":350,"height":200,"srcset":"https:\/\/i0.wp.com\/www.shqiperia.com\/blog\/wp-content\/uploads\/2022\/11\/640-0-619519b5638f0.jpg?fit=640%2C360&ssl=1&resize=350%2C200 1x, https:\/\/i0.wp.com\/www.shqiperia.com\/blog\/wp-content\/uploads\/2022\/11\/640-0-619519b5638f0.jpg?fit=640%2C360&ssl=1&resize=525%2C300 1.5x"},"classes":[]},{"id":80394,"url":"https:\/\/www.shqiperia.com\/blog\/panairi-mbarekombetar-i-librit-akademik-e-shkencor-pergjate-3-diteve-ne-tirane\/","url_meta":{"origin":40785,"position":2},"title":"Panairi Mbar\u00ebkomb\u00ebtar i Librit Akademik e Shkencor, p\u00ebrgjat\u00eb 3 dit\u00ebve n\u00eb Tiran\u00eb","author":"Kurt Farka","date":"April 23, 2024","format":false,"excerpt":"23 Prill 2024 Sot n\u00eb Dit\u00ebn Nd\u00ebrkomb\u00ebtare t\u00eb Librit, n\u00eb ambientet e jashtme t\u00eb Akademis\u00eb s\u00eb Shkencave u hap Panairi i 3-t\u00eb mbar\u00ebkomb\u00ebtar i librit akademik dhe shkencor, i cili do t\u00eb vijoj\u00eb deri m\u00eb 25 prill. Ky panair zhvillohet si nism\u00eb e p\u00ebrbashk\u00ebt e Akademis\u00eb s\u00eb Shkencave t\u00eb Shqip\u00ebris\u00eb\u2026","rel":"","context":"In &quot;Blogu i Udh\u00ebtarit&quot;","block_context":{"text":"Blogu i Udh\u00ebtarit","link":"https:\/\/www.shqiperia.com\/blog\/category\/blogu-i-udhetarit\/"},"img":{"alt_text":"","src":"https:\/\/i0.wp.com\/www.shqiperia.com\/blog\/wp-content\/uploads\/2024\/04\/640-0-panairi-1713875086.jpg?fit=640%2C407&ssl=1&resize=350%2C200","width":350,"height":200,"srcset":"https:\/\/i0.wp.com\/www.shqiperia.com\/blog\/wp-content\/uploads\/2024\/04\/640-0-panairi-1713875086.jpg?fit=640%2C407&ssl=1&resize=350%2C200 1x, https:\/\/i0.wp.com\/www.shqiperia.com\/blog\/wp-content\/uploads\/2024\/04\/640-0-panairi-1713875086.jpg?fit=640%2C407&ssl=1&resize=525%2C300 1.5x"},"classes":[]},{"id":47149,"url":"https:\/\/www.shqiperia.com\/blog\/panairi-i-librit-drejt-anulimit-edhe-sivjet-botuesit-presin-shtetin\/","url_meta":{"origin":40785,"position":3},"title":"Panairi i Librit drejt anulimit edhe sivjet, botuesit presin shtetin","author":"Kurt Farka","date":"May 2, 2021","format":false,"excerpt":"Panairi i Librit drejt anulimit edhe sivjet, botuesit presin shtetin. P\u00ebrderisa Panairi i Librit n\u00eb Prishtin\u00eb tash m\u00eb shum\u00eb se dy dekada cil\u00ebsohet si ngjarja kryesore q\u00eb i b\u00ebn bashk\u00eb botuesit, shkrimtar\u00ebt e lexuesit, mosmbajtja e tij p\u00ebr t\u00eb dytin vit me radh\u00eb vler\u00ebsohet t\u00eb ket\u00eb efekte negative p\u00ebr t\u00eb\u2026","rel":"","context":"In &quot;Arte&quot;","block_context":{"text":"Arte","link":"https:\/\/www.shqiperia.com\/blog\/category\/arte\/"},"img":{"alt_text":"","src":"https:\/\/i0.wp.com\/www.shqiperia.com\/blog\/wp-content\/uploads\/2021\/05\/Panairi-i-Librit-Prishtine.jpg?fit=862%2C430&ssl=1&resize=350%2C200","width":350,"height":200,"srcset":"https:\/\/i0.wp.com\/www.shqiperia.com\/blog\/wp-content\/uploads\/2021\/05\/Panairi-i-Librit-Prishtine.jpg?fit=862%2C430&ssl=1&resize=350%2C200 1x, https:\/\/i0.wp.com\/www.shqiperia.com\/blog\/wp-content\/uploads\/2021\/05\/Panairi-i-Librit-Prishtine.jpg?fit=862%2C430&ssl=1&resize=525%2C300 1.5x, https:\/\/i0.wp.com\/www.shqiperia.com\/blog\/wp-content\/uploads\/2021\/05\/Panairi-i-Librit-Prishtine.jpg?fit=862%2C430&ssl=1&resize=700%2C400 2x"},"classes":[]},{"id":94886,"url":"https:\/\/www.shqiperia.com\/blog\/celet-edicioni-i-28-te-i-panairit-te-librit\/","url_meta":{"origin":40785,"position":4},"title":"\u00c7elet edicioni i 28-t\u00eb i Panairit t\u00eb Librit","author":"Kurt Farka","date":"November 13, 2025","format":false,"excerpt":"13 Nentor 2025 Me moton \u201cNd\u00ebrgjegjja jon\u00eb ka nevoj\u00eb p\u00ebr libra\u201d, th\u00ebnie e shkrimtarit Ismail Kadare, u \u00e7el edicioni i 28-t\u00eb i Panairit t\u00eb Librit\u2026 n\u00eb nj\u00eb koh\u00eb kur n\u00eb pik\u00ebpyetje \u00ebsht\u00eb marr\u00ebdh\u00ebnia e qytetar\u00ebve me librin dhe ve\u00e7an\u00ebrisht e t\u00eb rinjve, p\u00ebrball\u00eb globalizmit dhe teknologjis\u00eb. Por n\u00eb mes t\u00eb\u2026","rel":"","context":"In &quot;Blogu i Udh\u00ebtarit&quot;","block_context":{"text":"Blogu i Udh\u00ebtarit","link":"https:\/\/www.shqiperia.com\/blog\/category\/blogu-i-udhetarit\/"},"img":{"alt_text":"","src":"https:\/\/i0.wp.com\/www.shqiperia.com\/blog\/wp-content\/uploads\/2025\/11\/Screenshot_3-20-1024x496-1.jpg?fit=1024%2C496&ssl=1&resize=350%2C200","width":350,"height":200,"srcset":"https:\/\/i0.wp.com\/www.shqiperia.com\/blog\/wp-content\/uploads\/2025\/11\/Screenshot_3-20-1024x496-1.jpg?fit=1024%2C496&ssl=1&resize=350%2C200 1x, https:\/\/i0.wp.com\/www.shqiperia.com\/blog\/wp-content\/uploads\/2025\/11\/Screenshot_3-20-1024x496-1.jpg?fit=1024%2C496&ssl=1&resize=525%2C300 1.5x, https:\/\/i0.wp.com\/www.shqiperia.com\/blog\/wp-content\/uploads\/2025\/11\/Screenshot_3-20-1024x496-1.jpg?fit=1024%2C496&ssl=1&resize=700%2C400 2x"},"classes":[]},{"id":28315,"url":"https:\/\/www.shqiperia.com\/blog\/vetem-fevziun-shikon-shiko-ekranin-shih-gazeten-edhe-tek-panairi-i-librit-edhe-ne-arenen-kometare-interviste-prape-fevziu\/","url_meta":{"origin":40785,"position":5},"title":"Vetem Fevziun shikon: shiko ekranin, shih gazeten, edhe tek Panairi i Librit. Edhe ne Arenen Kometare interviste, prape Fevziu.","author":"Kurt Farka","date":"November 20, 2019","format":false,"excerpt":"Vetem Fevziun shikon: shiko ekranin, shih gazeten, edhe tek Panairi i Librit. Edhe ne Arenen Kometare interviste, prape Fevziu. 19 nentor 2019 Nga Bledi Mane Ai e mban mend, e mban mend at\u00eb beharin e djersitur t\u00eb vitit 2002. Rexhep Meidanit po i mbaronte mandata dhe politika shqiptare k\u00ebrkonte nj\u00eb\u2026","rel":"","context":"In &quot;Blogu i Udh\u00ebtarit&quot;","block_context":{"text":"Blogu i Udh\u00ebtarit","link":"https:\/\/www.shqiperia.com\/blog\/category\/blogu-i-udhetarit\/"},"img":{"alt_text":"","src":"https:\/\/i0.wp.com\/www.shqiperia.com\/blog\/wp-content\/uploads\/2019\/11\/BeFunky-collage-4-1024x512.jpg?fit=1024%2C512&ssl=1&resize=350%2C200","width":350,"height":200,"srcset":"https:\/\/i0.wp.com\/www.shqiperia.com\/blog\/wp-content\/uploads\/2019\/11\/BeFunky-collage-4-1024x512.jpg?fit=1024%2C512&ssl=1&resize=350%2C200 1x, https:\/\/i0.wp.com\/www.shqiperia.com\/blog\/wp-content\/uploads\/2019\/11\/BeFunky-collage-4-1024x512.jpg?fit=1024%2C512&ssl=1&resize=525%2C300 1.5x, https:\/\/i0.wp.com\/www.shqiperia.com\/blog\/wp-content\/uploads\/2019\/11\/BeFunky-collage-4-1024x512.jpg?fit=1024%2C512&ssl=1&resize=700%2C400 2x"},"classes":[]}],"_links":{"self":[{"href":"https:\/\/www.shqiperia.com\/blog\/wp-json\/wp\/v2\/posts\/40785","targetHints":{"allow":["GET"]}}],"collection":[{"href":"https:\/\/www.shqiperia.com\/blog\/wp-json\/wp\/v2\/posts"}],"about":[{"href":"https:\/\/www.shqiperia.com\/blog\/wp-json\/wp\/v2\/types\/post"}],"author":[{"embeddable":true,"href":"https:\/\/www.shqiperia.com\/blog\/wp-json\/wp\/v2\/users\/9"}],"replies":[{"embeddable":true,"href":"https:\/\/www.shqiperia.com\/blog\/wp-json\/wp\/v2\/comments?post=40785"}],"version-history":[{"count":1,"href":"https:\/\/www.shqiperia.com\/blog\/wp-json\/wp\/v2\/posts\/40785\/revisions"}],"predecessor-version":[{"id":40788,"href":"https:\/\/www.shqiperia.com\/blog\/wp-json\/wp\/v2\/posts\/40785\/revisions\/40788"}],"wp:featuredmedia":[{"embeddable":true,"href":"https:\/\/www.shqiperia.com\/blog\/wp-json\/wp\/v2\/media\/40786"}],"wp:attachment":[{"href":"https:\/\/www.shqiperia.com\/blog\/wp-json\/wp\/v2\/media?parent=40785"}],"wp:term":[{"taxonomy":"category","embeddable":true,"href":"https:\/\/www.shqiperia.com\/blog\/wp-json\/wp\/v2\/categories?post=40785"},{"taxonomy":"post_tag","embeddable":true,"href":"https:\/\/www.shqiperia.com\/blog\/wp-json\/wp\/v2\/tags?post=40785"}],"curies":[{"name":"wp","href":"https:\/\/api.w.org\/{rel}","templated":true}]}}