{"id":40782,"date":"2020-11-12T10:32:46","date_gmt":"2020-11-12T10:32:46","guid":{"rendered":"https:\/\/www.shqiperia.com\/blog\/?p=40782"},"modified":"2020-11-12T10:32:46","modified_gmt":"2020-11-12T10:32:46","slug":"covid-19-i-afte-te-shkaktoje-probleme-edhe-tek-ata-qe-nuk-kane-pasur-me-pare-studimi-me-i-fundit-me-ultratinguj-zbardh-detaje-tronditese-ja-si-e-demton-zemren-koronavirusi-dhe-sa-perqind-preken-r","status":"publish","type":"post","link":"https:\/\/www.shqiperia.com\/blog\/covid-19-i-afte-te-shkaktoje-probleme-edhe-tek-ata-qe-nuk-kane-pasur-me-pare-studimi-me-i-fundit-me-ultratinguj-zbardh-detaje-tronditese-ja-si-e-demton-zemren-koronavirusi-dhe-sa-perqind-preken-r\/","title":{"rendered":"Covid-19, i aft\u00eb t\u00eb shkaktoj\u00eb probleme edhe tek ata q\u00eb nuk kan\u00eb pasur m\u00eb par\u00eb! Studimi m\u00eb i fundit me ultratinguj zbardh detaje trondit\u00ebse: &#8211; Ja si e d\u00ebmton zemr\u00ebn koronavirusi dhe sa p\u00ebrqind preken r\u00ebnd\u00eb"},"content":{"rendered":"<p><img data-recalc-dims=\"1\" loading=\"lazy\" decoding=\"async\" data-attachment-id=\"40783\" data-permalink=\"https:\/\/www.shqiperia.com\/blog\/covid-19-i-afte-te-shkaktoje-probleme-edhe-tek-ata-qe-nuk-kane-pasur-me-pare-studimi-me-i-fundit-me-ultratinguj-zbardh-detaje-tronditese-ja-si-e-demton-zemren-koronavirusi-dhe-sa-perqind-preken-r\/800-0-330727666564ddf806af19471b8d617b\/\" data-orig-file=\"https:\/\/i0.wp.com\/www.shqiperia.com\/blog\/wp-content\/uploads\/2020\/11\/800-0-330727666564ddf806af19471b8d617b.jpg?fit=800%2C401&amp;ssl=1\" data-orig-size=\"800,401\" data-comments-opened=\"1\" data-image-meta=\"{&quot;aperture&quot;:&quot;0&quot;,&quot;credit&quot;:&quot;&quot;,&quot;camera&quot;:&quot;&quot;,&quot;caption&quot;:&quot;&quot;,&quot;created_timestamp&quot;:&quot;0&quot;,&quot;copyright&quot;:&quot;&quot;,&quot;focal_length&quot;:&quot;0&quot;,&quot;iso&quot;:&quot;0&quot;,&quot;shutter_speed&quot;:&quot;0&quot;,&quot;title&quot;:&quot;&quot;,&quot;orientation&quot;:&quot;0&quot;}\" data-image-title=\"-800-0-330727666564ddf806af19471b8d617b\" data-image-description=\"\" data-image-caption=\"\" data-medium-file=\"https:\/\/i0.wp.com\/www.shqiperia.com\/blog\/wp-content\/uploads\/2020\/11\/800-0-330727666564ddf806af19471b8d617b.jpg?fit=300%2C150&amp;ssl=1\" data-large-file=\"https:\/\/i0.wp.com\/www.shqiperia.com\/blog\/wp-content\/uploads\/2020\/11\/800-0-330727666564ddf806af19471b8d617b.jpg?fit=800%2C401&amp;ssl=1\" class=\"alignnone  wp-image-40783\" alt=\"\" src=\"https:\/\/i0.wp.com\/www.shqiperia.com\/blog\/wp-content\/uploads\/2020\/11\/800-0-330727666564ddf806af19471b8d617b.jpg?resize=510%2C255&#038;ssl=1\" width=\"510\" height=\"255\" srcset=\"https:\/\/i0.wp.com\/www.shqiperia.com\/blog\/wp-content\/uploads\/2020\/11\/800-0-330727666564ddf806af19471b8d617b.jpg?resize=300%2C150&amp;ssl=1 300w, https:\/\/i0.wp.com\/www.shqiperia.com\/blog\/wp-content\/uploads\/2020\/11\/800-0-330727666564ddf806af19471b8d617b.jpg?resize=768%2C385&amp;ssl=1 768w, https:\/\/i0.wp.com\/www.shqiperia.com\/blog\/wp-content\/uploads\/2020\/11\/800-0-330727666564ddf806af19471b8d617b.jpg?resize=450%2C226&amp;ssl=1 450w, https:\/\/i0.wp.com\/www.shqiperia.com\/blog\/wp-content\/uploads\/2020\/11\/800-0-330727666564ddf806af19471b8d617b.jpg?resize=600%2C301&amp;ssl=1 600w, https:\/\/i0.wp.com\/www.shqiperia.com\/blog\/wp-content\/uploads\/2020\/11\/800-0-330727666564ddf806af19471b8d617b.jpg?resize=400%2C201&amp;ssl=1 400w, https:\/\/i0.wp.com\/www.shqiperia.com\/blog\/wp-content\/uploads\/2020\/11\/800-0-330727666564ddf806af19471b8d617b.jpg?w=800&amp;ssl=1 800w\" sizes=\"auto, (max-width: 510px) 100vw, 510px\" \/><\/p>\n<p>Covid-19, i aft\u00eb t\u00eb shkaktoj\u00eb probleme edhe tek ata q\u00eb nuk kan\u00eb pasur m\u00eb par\u00eb! Studimi m\u00eb i fundit me ultratinguj zbardh detaje trondit\u00ebse: &#8211; Ja si e d\u00ebmton zemr\u00ebn koronavirusi dhe sa p\u00ebrqind preken r\u00ebnd\u00eb<\/p>\n<p>12 N\u00cbNTOR 2020<\/p>\n<p>Ne kemi m\u00ebsuar mjaftuesh\u00ebm mbi Covid-19, p\u00ebr t\u00eb ditur se deri n\u00eb \u00e7far\u00eb momenti gj\u00ebrat jan\u00eb n\u00ebn kontroll dhe kur prej tij nuk rrezikohet jeta. Kjo nuk \u00ebsht\u00eb e v\u00ebrtet\u00eb p\u00ebr t\u00eb ashtuquajturin \u201cCovid i zgjatur n\u00eb koh\u00eb\u201d kur d\u00ebmi q\u00eb virusi i b\u00ebn zemr\u00ebs suaj mund t\u00eb paraqes\u00eb probleme me t\u00eb cilat duhet t\u00eb p\u00ebrballeni m\u00eb von\u00eb gjat\u00eb jet\u00ebs.<\/p>\n<p>\u00cbsht\u00eb folur shum\u00eb mbi faktin sesi Covid mund t\u00eb ndikoj\u00eb n\u00eb zemr\u00ebn tuaj, por \u00e7far\u00eb po ndodh sakt\u00ebsisht? Nj\u00eb studim i fundit me ultratinguj na jep nj\u00eb ide, por lajmet nuk jan\u00eb aspak t\u00eb mira. Si\u00e7 e zbuloi k\u00ebrkimi nga Shkolla e Mjek\u00ebsis\u00eb n\u00eb Mount Sinai, botuar n\u00eb \u201cJournal of the American College of Cardiology\u201d, 62 p\u00ebrqind e pacient\u00ebve me Covid-19 t\u00eb p\u00ebrfshir\u00eb n\u00eb studim kishin prova t\u00eb d\u00ebmtimit t\u00eb zemr\u00ebs.<\/p>\n<p>Natyrisht, nuk do t\u00eb thot\u00eb q\u00eb 62 p\u00ebr qind e t\u00eb gjith\u00eb njer\u00ebzve t\u00eb prekur nga Covid-19 do t\u00eb p\u00ebrjetojn\u00eb probleme t\u00eb r\u00ebnda me zemr\u00ebn, por detajet e m\u00ebtejshme t\u00eb t\u00eb dh\u00ebnave jan\u00eb ende t\u00eb frikshme. Studimi p\u00ebrfshiu 305 pacient\u00eb t\u00eb shtruar n\u00eb spital me Covid-19, me nj\u00eb mosh\u00eb mesatare 63-vje\u00e7.<\/p>\n<p>Gjasht\u00ebdhjet\u00eb e shtat\u00eb p\u00ebr qind e pjes\u00ebmarr\u00ebsve ishin burra. Midis tyre, 190 kishin prova t\u00eb d\u00ebmtimit t\u00eb miokardit si\u00e7 tregohet n\u00eb skanerin me ultratinguj. Nd\u00ebrsa 118 prej tyre kishin pasur d\u00ebmtime para se t\u00eb shtroheshin n\u00eb spital (dhe ka t\u00eb ngjar\u00eb para se t\u00eb prekeshin nga \u00a0Covid), 72 prej tyre i shfaq\u00ebn k\u00ebto d\u00ebmtime gjat\u00eb koh\u00ebs q\u00eb ishin shtruar n\u00eb spital.<\/p>\n<p>Sipas nj\u00eb njoftimi p\u00ebr shtyp nga Maunt Sinai \u201canomalit\u00eb ishin t\u00eb ndryshme, me disa pacient\u00eb q\u00eb shfaqnin anomali t\u00eb shumta\u201d n\u00eb rajone t\u00eb ndryshme t\u00eb zemr\u00ebs, shum\u00eb prej t\u00eb cilave mund t\u00eb \u00e7ojn\u00eb n\u00eb sulme n\u00eb zem\u00ebr, d\u00ebmtim t\u00eb zemr\u00ebs, emboli pulmonare dhe bllokim t\u00eb frym\u00ebmarrjes, si dhe gjendje q\u00eb \u00e7ojn\u00eb n\u00eb tkurrjen e dhomave t\u00eb zemr\u00ebs.<\/p>\n<p>Nd\u00ebrsa lloji i sakt\u00eb i d\u00ebmtimit dhe pasojat e tij ndryshonin, studiuesit gjet\u00ebn gjithashtu nj\u00eb lidhje midis k\u00ebtij d\u00ebmtimi tek pacient\u00ebt me Covid-19 dhe troponin\u00ebs, nj\u00eb protein\u00eb q\u00eb l\u00ebshohet n\u00eb gjak kur d\u00ebmtohet muskuli i zemr\u00ebs.<\/p>\n<p>Tek ata q\u00eb kishin d\u00ebmtimin m\u00eb t\u00eb r\u00ebnd\u00eb, nivelet e troponin\u00ebs u rrit\u00ebn me 31.7 p\u00ebr qind. Ky studim tregon se Covid-19 \u00ebsht\u00eb edhe m\u00eb i r\u00ebnd\u00eb p\u00ebr njer\u00ebzit me s\u00ebmundje ekzistuese t\u00eb zemr\u00ebs, dhe i aft\u00eb t\u00eb shkaktoj\u00eb probleme n\u00eb zem\u00ebr edhe tek ata q\u00eb nuk kan\u00eb pasur m\u00eb par\u00eb.<\/p>\n<p>Duke kryer skanerin me ultratinguj n\u00eb zem\u00ebr, dhe duke matur nivelet e troponin\u00ebs, mjek\u00ebt shpresojn\u00eb q\u00eb t\u00eb jen\u00eb m\u00eb t\u00eb aft\u00eb n\u00eb vler\u00ebsimin e d\u00ebmit t\u00eb sakt\u00eb q\u00eb shkakton Covid-19 n\u00eb zemrat e pacient\u00ebve t\u00eb ndrysh\u00ebm, dhe t\u00eb riparojn\u00eb d\u00ebmin n\u00eb p\u00ebrputhje me rrethanat.<\/p>\n<p>Edhe pse jan\u00eb duke u studiuar arsyet e sakta se p\u00ebrse Covid-19 d\u00ebmton zemr\u00ebn, mendohet se nj\u00eb rol luan inflamacioni i p\u00ebrgjithsh\u00ebm q\u00eb i shkakton trupit koronavirusi i ri. Spekulohet gjithashtu q\u00eb ai \u00ebsht\u00eb i aft\u00eb t\u00eb pushtoj\u00eb qelizat receptore brenda indit t\u00eb zemr\u00ebs, duke shkaktuar k\u00ebsisoj d\u00ebmtime t\u00eb drejtp\u00ebrdrejta.<\/p>\n<p>Derisa t\u00eb dim\u00eb m\u00eb shum\u00eb mbi k\u00ebt\u00eb \u00e7\u00ebshtje, k\u00ebshillat n\u00eb lidhje me Covid-19 mbeten kryesisht t\u00eb nj\u00ebjta:B\u00ebni at\u00eb q\u00eb duhet p\u00ebr t\u00eb shmangur prekjen nga kjo s\u00ebmundje. Kjo \u00ebsht\u00eb ve\u00e7an\u00ebrisht e v\u00ebrtet\u00eb p\u00ebr njer\u00ebzit q\u00eb kan\u00eb probleme tashm\u00eb me zemr\u00ebn. Por edhe n\u00ebse nuk keni, Covid-19 mund ta ndryshoj\u00eb leht\u00ebsisht k\u00ebt\u00eb situat\u00eb. \/ melmagazine.<\/p>\n<p>\u2013 bota.al<\/p>\n","protected":false},"excerpt":{"rendered":"<p>Covid-19, i aft\u00eb t\u00eb shkaktoj\u00eb probleme edhe tek ata q\u00eb nuk kan\u00eb pasur m\u00eb par\u00eb! Studimi m\u00eb i fundit me ultratinguj zbardh detaje trondit\u00ebse: &#8211; Ja si e d\u00ebmton zemr\u00ebn koronavirusi dhe sa p\u00ebrqind preken r\u00ebnd\u00eb 12 N\u00cbNTOR 2020 Ne kemi m\u00ebsuar mjaftuesh\u00ebm mbi Covid-19, p\u00ebr t\u00eb ditur se deri n\u00eb \u00e7far\u00eb momenti gj\u00ebrat jan\u00eb [&hellip;]<\/p>\n","protected":false},"author":9,"featured_media":40783,"comment_status":"open","ping_status":"open","sticky":false,"template":"","format":"standard","meta":{"jetpack_post_was_ever_published":false,"_jetpack_newsletter_access":"","_jetpack_dont_email_post_to_subs":false,"_jetpack_newsletter_tier_id":0,"_jetpack_memberships_contains_paywalled_content":false,"_jetpack_memberships_contains_paid_content":false,"footnotes":"","jetpack_publicize_message":"","jetpack_publicize_feature_enabled":true,"jetpack_social_post_already_shared":true,"jetpack_social_options":{"image_generator_settings":{"template":"highway","default_image_id":0,"font":"","enabled":false},"version":2}},"categories":[27,14,35],"tags":[],"class_list":["post-40782","post","type-post","status-publish","format-standard","has-post-thumbnail","hentry","category-blogu-i-udhetarit","category-press-releases","category-shoqerore"],"jetpack_publicize_connections":[],"jetpack_featured_media_url":"https:\/\/i0.wp.com\/www.shqiperia.com\/blog\/wp-content\/uploads\/2020\/11\/800-0-330727666564ddf806af19471b8d617b.jpg?fit=800%2C401&ssl=1","jetpack_sharing_enabled":true,"jetpack_shortlink":"https:\/\/wp.me\/p5Z6wp-aBM","jetpack-related-posts":[{"id":46182,"url":"https:\/\/www.shqiperia.com\/blog\/shumica-e-njerezve-qe-vdesin-nga-covid-19-kane-virusin-ne-zemrat-e-tyre-cfare-tregon-studimi-i-ri\/","url_meta":{"origin":40782,"position":0},"title":"Shumica e njer\u00ebzve q\u00eb vdesin nga COVID-19 kan\u00eb virusin n\u00eb zemrat e tyre! \u00c7far\u00eb tregon studimi i ri","author":"Kurt Farka","date":"April 8, 2021","format":false,"excerpt":"Shumica e njer\u00ebzve q\u00eb vdesin nga COVID-19 kan\u00eb virusin n\u00eb zemrat e tyre! \u00c7far\u00eb tregon studimi i ri 8 pril 2021 Tre nga kat\u00ebr njer\u00ebzit q\u00eb vdiq\u00ebn nga COVID-19, virusin SARS-CoV-2 e kishin n\u00eb zemrat e tyre, tregon studimi i ri. Shumica kan\u00eb nj\u00eb rit\u00ebm t\u00eb \u00e7rregullt t\u00eb zemr\u00ebs para\u2026","rel":"","context":"In &quot;Njoftime Shtypi&quot;","block_context":{"text":"Njoftime Shtypi","link":"https:\/\/www.shqiperia.com\/blog\/category\/njoftime-shtypi\/"},"img":{"alt_text":"","src":"https:\/\/i0.wp.com\/www.shqiperia.com\/blog\/wp-content\/uploads\/2021\/04\/heartLungsCovid-1128597855-770x533-1.jpg?fit=770%2C385&ssl=1&resize=350%2C200","width":350,"height":200,"srcset":"https:\/\/i0.wp.com\/www.shqiperia.com\/blog\/wp-content\/uploads\/2021\/04\/heartLungsCovid-1128597855-770x533-1.jpg?fit=770%2C385&ssl=1&resize=350%2C200 1x, https:\/\/i0.wp.com\/www.shqiperia.com\/blog\/wp-content\/uploads\/2021\/04\/heartLungsCovid-1128597855-770x533-1.jpg?fit=770%2C385&ssl=1&resize=525%2C300 1.5x, https:\/\/i0.wp.com\/www.shqiperia.com\/blog\/wp-content\/uploads\/2021\/04\/heartLungsCovid-1128597855-770x533-1.jpg?fit=770%2C385&ssl=1&resize=700%2C400 2x"},"classes":[]},{"id":40219,"url":"https:\/\/www.shqiperia.com\/blog\/te-infektuarit-plaken-10-vjet-para-kohe-studimi-shqetesues-koronavirusi-godet-fort-edhe\/","url_meta":{"origin":40782,"position":1},"title":"\u201cT\u00eb infektuarit plaken 10 vjet para kohe\u201d. &#8211; Studimi shqet\u00ebsues, koronavirusi godet fort edhe&#8230;","author":"Kurt Farka","date":"October 29, 2020","format":false,"excerpt":"\u201cT\u00eb infektuarit plaken 10 vjet para kohe\u201d. - Studimi shqet\u00ebsues, koronavirusi godet fort edhe... 29 TETOR 2020 Q\u00eb nga fillimi i pandemis\u00eb s\u00eb koronavirusit, shkenc\u00ebtar\u00ebt u kan\u00eb treguar njer\u00ebzve se si virusi ndikon n\u00eb trup dhe \u00e7far\u00eb do t\u00eb p\u00ebrjetonin njer\u00ebzit pas kontraktimit t\u00eb SARS-CoV-2. Por nj\u00eb studim i fundit\u2026","rel":"","context":"In &quot;Blogu i Udh\u00ebtarit&quot;","block_context":{"text":"Blogu i Udh\u00ebtarit","link":"https:\/\/www.shqiperia.com\/blog\/category\/blogu-i-udhetarit\/"},"img":{"alt_text":"","src":"https:\/\/i0.wp.com\/www.shqiperia.com\/blog\/wp-content\/uploads\/2020\/10\/640-0-5f9a663a21807.jpg?fit=640%2C360&ssl=1&resize=350%2C200","width":350,"height":200,"srcset":"https:\/\/i0.wp.com\/www.shqiperia.com\/blog\/wp-content\/uploads\/2020\/10\/640-0-5f9a663a21807.jpg?fit=640%2C360&ssl=1&resize=350%2C200 1x, https:\/\/i0.wp.com\/www.shqiperia.com\/blog\/wp-content\/uploads\/2020\/10\/640-0-5f9a663a21807.jpg?fit=640%2C360&ssl=1&resize=525%2C300 1.5x"},"classes":[]},{"id":34922,"url":"https:\/\/www.shqiperia.com\/blog\/ky-eshte-ilaci-qe-rrit-rrezikun-e-vdekjes-tek-pacientet-me-covid-19-ja-cfare-shkruan-zeri-i-amerikes-dhe-rezultatet-befasuese-te-studimit-te-fundit\/","url_meta":{"origin":40782,"position":2},"title":"Ky \u00ebsht\u00eb ila\u00e7i q\u00eb rrit rrezikun e vdekjes tek pacient\u00ebt me COVID-19. Ja \u00e7far\u00eb shkruan Z\u00ebri i Amerik\u00ebs dhe rezultatet befasuese t\u00eb studimit t\u00eb fundit","author":"Kurt Farka","date":"May 22, 2020","format":false,"excerpt":"Ky \u00ebsht\u00eb ila\u00e7i q\u00eb rrit rrezikun e vdekjes tek pacient\u00ebt me COVID-19. Ja \u00e7far\u00eb shkruan Z\u00ebri i Amerik\u00ebs dhe rezultatet befasuese t\u00eb studimit t\u00eb fundit 22 MAJ 2020 Hidroksiklorokina nj\u00eb ila\u00e7 p\u00ebr trajtimin e malaries, t\u00eb cil\u00ebn presidenti amerikan Donald Trump thot\u00eb se po e p\u00ebrdor p\u00ebr t\u2019u mbrojtur nga\u2026","rel":"","context":"In &quot;Blogu i Udh\u00ebtarit&quot;","block_context":{"text":"Blogu i Udh\u00ebtarit","link":"https:\/\/www.shqiperia.com\/blog\/category\/blogu-i-udhetarit\/"},"img":{"alt_text":"","src":"https:\/\/i0.wp.com\/www.shqiperia.com\/blog\/wp-content\/uploads\/2020\/05\/800-0-a37bc80ea4bd685b717b67d7724003ca.jpg?fit=800%2C450&ssl=1&resize=350%2C200","width":350,"height":200,"srcset":"https:\/\/i0.wp.com\/www.shqiperia.com\/blog\/wp-content\/uploads\/2020\/05\/800-0-a37bc80ea4bd685b717b67d7724003ca.jpg?fit=800%2C450&ssl=1&resize=350%2C200 1x, https:\/\/i0.wp.com\/www.shqiperia.com\/blog\/wp-content\/uploads\/2020\/05\/800-0-a37bc80ea4bd685b717b67d7724003ca.jpg?fit=800%2C450&ssl=1&resize=525%2C300 1.5x, https:\/\/i0.wp.com\/www.shqiperia.com\/blog\/wp-content\/uploads\/2020\/05\/800-0-a37bc80ea4bd685b717b67d7724003ca.jpg?fit=800%2C450&ssl=1&resize=700%2C400 2x"},"classes":[]},{"id":33349,"url":"https:\/\/www.shqiperia.com\/blog\/studiuesit-zbulojne-simptoma-te-tjera-koronavirusi-demton-trurin-dhe-sistemin-nervor\/","url_meta":{"origin":40782,"position":3},"title":"Studiuesit zbulojn\u00eb simptoma t\u00eb tjera, koronavirusi d\u00ebmton trurin dhe sistemin nervor","author":"Kurt Farka","date":"April 12, 2020","format":false,"excerpt":"Studiuesit zbulojn\u00eb simptoma t\u00eb tjera, koronavirusi d\u00ebmton trurin dhe sistemin nervor 11 prill 2020 Koronavirusi d\u00ebmton trurin dhe sistemin nervor e gjysm\u00ebs s\u00eb pacient\u00ebve t\u00eb s\u00ebmur\u00eb r\u00ebnde nga koronavirusi dhe nj\u00eb e treta e t\u00eb gjith\u00eb rasteve mund t\u00eb ken\u00eb simptoma t\u00eb tilla si t\u00eb folurit ngath\u00ebt, dhimbje nervore, dhimbje\u2026","rel":"","context":"In &quot;Blogu i Udh\u00ebtarit&quot;","block_context":{"text":"Blogu i Udh\u00ebtarit","link":"https:\/\/www.shqiperia.com\/blog\/category\/blogu-i-udhetarit\/"},"img":{"alt_text":"","src":"https:\/\/i0.wp.com\/www.shqiperia.com\/blog\/wp-content\/uploads\/2020\/04\/640-0-5e90d5c9f2fa8-905x450-1.jpg?fit=905%2C450&ssl=1&resize=350%2C200","width":350,"height":200,"srcset":"https:\/\/i0.wp.com\/www.shqiperia.com\/blog\/wp-content\/uploads\/2020\/04\/640-0-5e90d5c9f2fa8-905x450-1.jpg?fit=905%2C450&ssl=1&resize=350%2C200 1x, https:\/\/i0.wp.com\/www.shqiperia.com\/blog\/wp-content\/uploads\/2020\/04\/640-0-5e90d5c9f2fa8-905x450-1.jpg?fit=905%2C450&ssl=1&resize=525%2C300 1.5x, https:\/\/i0.wp.com\/www.shqiperia.com\/blog\/wp-content\/uploads\/2020\/04\/640-0-5e90d5c9f2fa8-905x450-1.jpg?fit=905%2C450&ssl=1&resize=700%2C400 2x"},"classes":[]},{"id":37265,"url":"https:\/\/www.shqiperia.com\/blog\/studimi-kush-perdor-cigaret-elektronike-eshte-pese-here-me-i-rrezikuar-nga-covid-19\/","url_meta":{"origin":40782,"position":4},"title":"STUDIMI: Kush p\u00ebrdor cigaret elektronike \u00ebsht\u00eb pes\u00eb her\u00eb m\u00eb i rrezikuar nga Covid-19","author":"Kurt Farka","date":"August 16, 2020","format":false,"excerpt":"STUDIMI: Kush p\u00ebrdor cigaret elektronike \u00ebsht\u00eb pes\u00eb her\u00eb m\u00eb i rrezikuar nga Covid-19 Adoleshent\u00ebt dhe t\u00eb rinjt\u00eb q\u00eb pin\u00eb rregullisht cigare elektronike jan\u00eb shum\u00eb m\u00eb t\u00eb predispozuar p\u00ebr t\u2019u s\u00ebmurur m\u00eb r\u00ebnd\u00eb me COVID-19 sesa jo duhanpir\u00ebsit n\u00eb t\u00eb nj\u00ebjt\u00ebn mosh\u00eb. P\u00ebr her\u00eb t\u00eb par\u00eb, nj\u00eb ekip mjek\u00ebsh t\u00eb udh\u00ebhequr\u2026","rel":"","context":"In &quot;Blogu i Udh\u00ebtarit&quot;","block_context":{"text":"Blogu i Udh\u00ebtarit","link":"https:\/\/www.shqiperia.com\/blog\/category\/blogu-i-udhetarit\/"},"img":{"alt_text":"","src":"https:\/\/i0.wp.com\/www.shqiperia.com\/blog\/wp-content\/uploads\/2020\/08\/jr_iStock_000026086836Medium_free-1-905x450-1.jpg?fit=905%2C450&ssl=1&resize=350%2C200","width":350,"height":200,"srcset":"https:\/\/i0.wp.com\/www.shqiperia.com\/blog\/wp-content\/uploads\/2020\/08\/jr_iStock_000026086836Medium_free-1-905x450-1.jpg?fit=905%2C450&ssl=1&resize=350%2C200 1x, https:\/\/i0.wp.com\/www.shqiperia.com\/blog\/wp-content\/uploads\/2020\/08\/jr_iStock_000026086836Medium_free-1-905x450-1.jpg?fit=905%2C450&ssl=1&resize=525%2C300 1.5x, https:\/\/i0.wp.com\/www.shqiperia.com\/blog\/wp-content\/uploads\/2020\/08\/jr_iStock_000026086836Medium_free-1-905x450-1.jpg?fit=905%2C450&ssl=1&resize=700%2C400 2x"},"classes":[]},{"id":41770,"url":"https:\/\/www.shqiperia.com\/blog\/studimi-pasojat-me-te-zakonshme-neurologjike-te-covid-goditje-ne-tru-dhe-humbje-kujtese\/","url_meta":{"origin":40782,"position":5},"title":"Studimi\/ Pasojat m\u00eb t\u00eb zakonshme neurologjike t\u00eb Covid: Goditje n\u00eb tru dhe humbje kujtese","author":"Kurt Farka","date":"December 11, 2020","format":false,"excerpt":"Studimi\/ Pasojat m\u00eb t\u00eb zakonshme neurologjike t\u00eb Covid: Goditje n\u00eb tru dhe humbje kujtese 10 dhjetor \u00a02020 Dihet mir\u00eb se Sars-CoV-2 jo vet\u00ebm q\u00eb prek mushk\u00ebrit\u00eb, por edhe zemr\u00ebn, trurin e veshkat. Por, sa serioze mund t\u00eb jen\u00eb nd\u00ebrlikimet neurologjike n\u00eb planin afatgjat\u00eb? Gjat\u00eb muajve, jan\u00eb raportuar fenomene serioze si\u2026","rel":"","context":"In &quot;Blogu i Udh\u00ebtarit&quot;","block_context":{"text":"Blogu i Udh\u00ebtarit","link":"https:\/\/www.shqiperia.com\/blog\/category\/blogu-i-udhetarit\/"},"img":{"alt_text":"","src":"https:\/\/i0.wp.com\/www.shqiperia.com\/blog\/wp-content\/uploads\/2020\/12\/manifestimet-neurologjike-COVID-19-731x411-1.jpg?fit=731%2C411&ssl=1&resize=350%2C200","width":350,"height":200,"srcset":"https:\/\/i0.wp.com\/www.shqiperia.com\/blog\/wp-content\/uploads\/2020\/12\/manifestimet-neurologjike-COVID-19-731x411-1.jpg?fit=731%2C411&ssl=1&resize=350%2C200 1x, https:\/\/i0.wp.com\/www.shqiperia.com\/blog\/wp-content\/uploads\/2020\/12\/manifestimet-neurologjike-COVID-19-731x411-1.jpg?fit=731%2C411&ssl=1&resize=525%2C300 1.5x, https:\/\/i0.wp.com\/www.shqiperia.com\/blog\/wp-content\/uploads\/2020\/12\/manifestimet-neurologjike-COVID-19-731x411-1.jpg?fit=731%2C411&ssl=1&resize=700%2C400 2x"},"classes":[]}],"_links":{"self":[{"href":"https:\/\/www.shqiperia.com\/blog\/wp-json\/wp\/v2\/posts\/40782","targetHints":{"allow":["GET"]}}],"collection":[{"href":"https:\/\/www.shqiperia.com\/blog\/wp-json\/wp\/v2\/posts"}],"about":[{"href":"https:\/\/www.shqiperia.com\/blog\/wp-json\/wp\/v2\/types\/post"}],"author":[{"embeddable":true,"href":"https:\/\/www.shqiperia.com\/blog\/wp-json\/wp\/v2\/users\/9"}],"replies":[{"embeddable":true,"href":"https:\/\/www.shqiperia.com\/blog\/wp-json\/wp\/v2\/comments?post=40782"}],"version-history":[{"count":1,"href":"https:\/\/www.shqiperia.com\/blog\/wp-json\/wp\/v2\/posts\/40782\/revisions"}],"predecessor-version":[{"id":40784,"href":"https:\/\/www.shqiperia.com\/blog\/wp-json\/wp\/v2\/posts\/40782\/revisions\/40784"}],"wp:featuredmedia":[{"embeddable":true,"href":"https:\/\/www.shqiperia.com\/blog\/wp-json\/wp\/v2\/media\/40783"}],"wp:attachment":[{"href":"https:\/\/www.shqiperia.com\/blog\/wp-json\/wp\/v2\/media?parent=40782"}],"wp:term":[{"taxonomy":"category","embeddable":true,"href":"https:\/\/www.shqiperia.com\/blog\/wp-json\/wp\/v2\/categories?post=40782"},{"taxonomy":"post_tag","embeddable":true,"href":"https:\/\/www.shqiperia.com\/blog\/wp-json\/wp\/v2\/tags?post=40782"}],"curies":[{"name":"wp","href":"https:\/\/api.w.org\/{rel}","templated":true}]}}