{"id":40775,"date":"2020-11-12T09:27:13","date_gmt":"2020-11-12T09:27:13","guid":{"rendered":"https:\/\/www.shqiperia.com\/blog\/?p=40775"},"modified":"2020-11-12T09:27:13","modified_gmt":"2020-11-12T09:27:13","slug":"ekipi-i-bashkeshorteve-qe-krijuan-vaksinen-per-covid-19","status":"publish","type":"post","link":"https:\/\/www.shqiperia.com\/blog\/ekipi-i-bashkeshorteve-qe-krijuan-vaksinen-per-covid-19\/","title":{"rendered":"Ekipi i bashk\u00ebshort\u00ebve q\u00eb krijuan vaksin\u00ebn p\u00ebr Covid-19"},"content":{"rendered":"<h2>Kompania gjermane BioNTech, e themeluar nga dy shkenc\u00ebtar\u00eb, \u00ebsht\u00eb bashkuar me Pfizer p\u00ebr nj\u00eb vaksin\u00eb q\u00eb eshte 90 p\u00ebrqind e efektshme.<\/h2>\n<p>Dy vjet m\u00eb par\u00eb, Dr. Ugur Sahin u ngjit n\u00eb sken\u00eb n\u00eb nj\u00eb konferenc\u00eb n\u00eb Berlin dhe b\u00ebri nj\u00eb parashikim t\u00eb guximsh\u00ebm. Duke folur me nj\u00eb dhom\u00eb t\u00eb gjer\u00eb ekspert\u00ebsh t\u00eb s\u00ebmundjeve infektive, ai tha se kompania e tij mund t\u00eb jet\u00eb n\u00eb gjendje t\u00eb p\u00ebrdor\u00eb t\u00eb ashtuquajtur\u00ebn teknologji t\u00eb saj t\u00eb d\u00ebrguarit RNA p\u00ebr t\u00eb zhvilluar me shpejt\u00ebsi nj\u00eb vaksin\u00eb n\u00eb rast t\u00eb nj\u00eb pandemie globale.<\/p>\n<p>N\u00eb at\u00eb koh\u00eb, Dr. Sahin dhe kompania e tij, BioNTech, ishin pak t\u00eb njohur jasht\u00eb bot\u00ebs s\u00eb vog\u00ebl t\u00eb nd\u00ebrmarrjeve evropiane t\u00eb bioteknologjis\u00eb. BioNTech, t\u00eb cil\u00ebn Dr. Sahin themeloi me gruan e tij, Dr. lemzlem T\u00fcreci, ishte p\u00ebrqendruar kryesisht n\u00eb trajtimet e kancerit. Ajo kurr\u00eb nuk kishte nxjerr\u00eb nj\u00eb produkt n\u00eb treg. Covid-19 nuk ekzistonte ende.<\/p>\n<p>Por fjal\u00ebt e tij u treguan profetike.<\/p>\n<p>T\u00eb h\u00ebn\u00ebn, BioNTech dhe Pfizer njoftuan se nj\u00eb vaksin\u00eb p\u00ebr koronavirusin e zhvilluar nga Dr. Sahin dhe ekipi i tij ishte m\u00eb shum\u00eb se 90 p\u00ebr qind efektive n\u00eb parandalimin e s\u00ebmundjes midis vullnetar\u00ebve t\u00eb prov\u00ebs t\u00eb cil\u00ebt nuk kishin prova t\u00eb infektuar m\u00eb par\u00eb. Rezultatet mahnit\u00ebse nxor\u00ebn BioNTech dhe Pfizer n\u00eb frontin e gar\u00ebs p\u00ebr t\u00eb gjetur nj\u00eb kur\u00eb p\u00ebr nj\u00eb s\u00ebmundje q\u00eb ka vrar\u00eb m\u00eb shum\u00eb se 1.2 milion njer\u00ebz n\u00eb t\u00eb gjith\u00eb bot\u00ebn.<\/p>\n<p>&#8220;Mund t\u00eb jet\u00eb fillimi i fundit t\u00eb epok\u00ebs Covid&#8221;, tha Dr. Sahin n\u00eb nj\u00eb intervist\u00eb t\u00eb Mart\u00ebn.<\/p>\n<p>BioNTech filloi pun\u00ebn p\u00ebr vaksin\u00ebn n\u00eb janar, pasi Dr. Sahin lexoi nj\u00eb artikull n\u00eb revist\u00ebn mjek\u00ebsore The Lancet q\u00eb e la t\u00eb bindur se virusi koronavirus, n\u00eb at\u00eb koh\u00eb duke u p\u00ebrhapur shpejt n\u00eb pjes\u00eb t\u00eb Kin\u00ebs, do t\u00eb shp\u00ebrthente n\u00eb nj\u00eb pandemi t\u00eb plot\u00eb. Shkenc\u00ebtar\u00ebt n\u00eb kompani, me seli n\u00eb Mainz, Gjermani, anuluan pushimet dhe u vendos\u00ebn t\u00eb punojn\u00eb n\u00eb at\u00eb q\u00eb ata e quajt\u00ebn Project Lightspeed.<\/p>\n<p>&#8220;Nuk ka shum\u00eb kompani n\u00eb planet q\u00eb kan\u00eb kapacitetin dhe kompetenc\u00ebn p\u00ebr ta b\u00ebr\u00eb at\u00eb aq shpejt sa ne mund ta b\u00ebjm\u00eb&#8221;, tha Dr. Sahin n\u00eb nj\u00eb intervist\u00eb muajin e kaluar. &#8220;K\u00ebshtu q\u00eb nuk u ndie si nj\u00eb rast, por si nj\u00eb detyr\u00eb p\u00ebr ta b\u00ebr\u00eb at\u00eb, sepse kuptova se ne mund t\u00eb ishim nd\u00ebr t\u00eb par\u00ebt p\u00ebr nj\u00eb vaksin\u00eb.&#8221;<\/p>\n<p>Pasi BioNTech kishte identifikuar disa kandidat\u00eb premtues t\u00eb vaksinave, Dr. Sahin arriti n\u00eb p\u00ebrfundimin se kompania do t\u00eb kishte nevoj\u00eb p\u00ebr ndihm\u00eb p\u00ebr t\u2019i provuar me shpejt\u00ebsi, p\u00ebr t\u00eb fituar aprovimin nga rregullator\u00ebt dhe p\u00ebr t\u00eb sjell\u00eb kandidatin m\u00eb t\u00eb mir\u00eb n\u00eb treg. BioNTech dhe Pfizer kishin punuar s\u00eb bashku p\u00ebr nj\u00eb vaksin\u00eb t\u00eb gripit q\u00eb nga viti 2018, dhe n\u00eb Mars, ata ran\u00eb dakord t\u00eb bashk\u00ebpunonin p\u00ebr nj\u00eb vaksin\u00eb t\u00eb koronavirusit.<\/p>\n<p>Q\u00eb at\u00ebher\u00eb, Dr. Sahin, i cili \u00ebsht\u00eb turk, ka krijuar nj\u00eb miq\u00ebsi me Albert Bourla, shefi ekzekutiv grek i Pfizer. Dyshja than\u00eb n\u00eb intervistat e fundit se ata kishin lidhje me prejardhjet e tyre t\u00eb p\u00ebrbashk\u00ebta si shkenc\u00ebtar\u00eb dhe emigrant\u00eb.<\/p>\n<p>&#8220;Ne e kuptuam se ai \u00ebsht\u00eb nga Greqia dhe se un\u00eb jam nga Turqia&#8221;, tha Dr. Sahin, pa p\u00ebrmendur antagonizmin e gjat\u00eb t\u00eb vendeve t\u00eb tyre amtare. &#8220;Ishte shum\u00eb personale q\u00eb nga fillimi.&#8221;<\/p>\n<p>Dr. Sahin, 55 vje\u00e7, lindi n\u00eb Iskenderun, Turqi. Kur ai ishte 4 vje\u00e7, familja e tij u transferua n\u00eb K\u00ebln, Gjermani, ku prind\u00ebrit e tij punonin n\u00eb nj\u00eb fabrik\u00eb Ford. Ai u rrit duke dashur t\u00eb b\u00ebhej mjek dhe u b\u00eb mjek n\u00eb Universitetin e K\u00eblnit. N\u00eb vitin 1993, ai fitoi nj\u00eb doktoratur\u00eb nga universiteti p\u00ebr pun\u00ebn e tij n\u00eb imunoterapin\u00eb n\u00eb qelizat tumorale.<\/p>\n<p>N\u00eb fillim t\u00eb karrier\u00ebs s\u00eb tij, ai u takua me Dr. T\u00fcreci. Ajo kishte konsideruar te b\u00ebhej murgesh\u00eb por p\u00ebrfundimisht vendosi te studionte mjek\u00ebsi. Dr. T\u00fcreci, tani 53 vje\u00e7 dhe shefi mjek\u00ebsor i BioNTech, lindi n\u00eb Gjermani. Ajo ishte vajza e nj\u00eb mjeku turk i cili emigroi nga Stambolli. N\u00eb dit\u00ebn q\u00eb ata u martuan, Dr. Sahin dhe Dr. T\u00fcreci u kthyen n\u00eb laborator pas ceremonis\u00eb.<\/p>\n<p>Dyshja fillimisht u p\u00ebrq\u00ebndruan n\u00eb k\u00ebrkime dhe m\u00ebsimdh\u00ebnie, p\u00ebrfshir\u00eb n\u00eb Universitetin e Zyrihut, ku Dr. Sahin punoi n\u00eb laboratorin e Rolf Zinkernagel, i cili fitoi \u00e7mimin Nobel n\u00eb 1996 n\u00eb mjek\u00ebsi.<\/p>\n<p>N\u00eb 2001, Dr. Sahin dhe Dr. T\u00fcreci themeluan Ganymed Farmaceutik\u00eb, e cila zhvilloi barna p\u00ebr t\u00eb trajtuar kancerin duke p\u00ebrdorur antitrupa monoklonal\u00eb.<\/p>\n<p>Pas disa vitesh ata themeluan BioNTech gjithashtu, duke k\u00ebrkuar t\u00eb p\u00ebrdorin nj\u00eb gam\u00eb m\u00eb t\u00eb gjer\u00eb t\u00eb teknologjive, p\u00ebrfshir\u00eb RNA t\u00eb d\u00ebrguarit, p\u00ebr t\u00eb trajtuar kancerin. &#8220;Ne duam t\u00eb nd\u00ebrtojm\u00eb nj\u00eb kompani t\u00eb madhe farmaceutike evropiane&#8221;, tha Dr. Sahin n\u00eb nj\u00eb intervist\u00eb me Wiesbaden Courier, nj\u00eb gazet\u00eb lokale.<\/p>\n<p>Edhe para pandemis\u00eb, BioNTech po merrte vrull. Kompania grumbulloi qindra miliona dollar\u00eb dhe tani ka m\u00eb shum\u00eb se 1,800 persona n\u00eb staf, me zyra n\u00eb Berlin, qytete t\u00eb tjera gjermane dhe Cambridge, Massachusets. N\u00eb 2018, ajo filloi partneritetin e saj me Pfizer. Vitin e kaluar, Fondacioni Bill &amp; Melinda Gates investoi 55 milion dollar\u00eb p\u00ebr t\u00eb financuar pun\u00ebn e tij p\u00ebr trajtimin e H.I.V. dhe tuberkulozi. Gjithashtu n\u00eb 2019, Dr. Sahin u dha \u00c7mimi Mustafa, nj\u00eb \u00e7mim bienal iranian p\u00ebr mysliman\u00ebt n\u00eb shkenc\u00eb dhe teknologji.<\/p>\n<p>Dr. Sahin dhe Dr. T\u00fcreci shit\u00ebn Ganymed p\u00ebr 1.4 miliard dollar\u00eb n\u00eb 2016. Vitin e kaluar, BioNTech shiti aksione n\u00eb publik; muajt e fundit, vlera e saj e tregut \u00ebsht\u00eb rritur 21 miliard dollar\u00eb, duke e b\u00ebr\u00eb \u00e7iftin nd\u00ebr m\u00eb t\u00eb pasurit n\u00eb Gjermani.<\/p>\n<p>Dy miliarder\u00ebt jetojn\u00eb me vajz\u00ebn e tyre adoleshente n\u00eb nj\u00eb apartament modest pran\u00eb zyr\u00ebs s\u00eb tyre. Ata ngasin bi\u00e7ikleta p\u00ebr t\u00eb punuar. Ata nuk kan\u00eb nj\u00eb makin\u00eb.<\/p>\n<p>&#8220;Ugur \u00ebsht\u00eb nj\u00eb individ shum\u00eb, shum\u00eb unik&#8221;, tha Z. Bourla, shefi ekzekutiv i Pfizer, n\u00eb intervist\u00eb muajin e kaluar. \u201cAi kujdeset vet\u00ebm p\u00ebr shkenc\u00ebn. Diskutimi i biznesit nuk \u00ebsht\u00eb filxhani i tij i \u00e7ajit. Nuk i p\u00eblqen aspak. Ai \u00ebsht\u00eb nj\u00eb shkenc\u00ebtar dhe nj\u00eb njeri me parime. Un\u00eb i besoj 100 p\u00ebr qind \u201d.<\/p>\n<p>N\u00eb Gjermani, ku imigracioni vazhdon t\u00eb jet\u00eb nj\u00eb \u00e7\u00ebshtje e fsheht\u00eb, suksesi i dy shkenc\u00ebtar\u00ebve me origjin\u00eb Turke ishte shkak p\u00ebr festime.<\/p>\n<p>&#8220;Me k\u00ebt\u00eb \u00e7ift, Gjermania ka nj\u00eb shembull t\u00eb ndritsh\u00ebm t\u00eb integrimit t\u00eb suksessh\u00ebm,&#8221; shkroi faqja e biznesit konservator Focus.<\/p>\n<p>Nj\u00eb an\u00ebtar i Parlamentit, Johannes Vogel, shkroi n\u00eb Twitter se n\u00ebse do t\u00eb varej nga partia e ekstremit t\u00eb djatht\u00eb Alternativa p\u00ebr Gjermanin\u00eb, &#8220;nuk do t\u00eb kishte #BioNTech t\u00eb Gjermanis\u00eb me lemzlem T\u00fcreci &amp; Ugur Sahin n\u00eb krye&#8221;.<\/p>\n<p>&#8220;N\u00ebse do t\u00eb varet nga kritik\u00ebt e kapitalizmit dhe globalizimit,&#8221; shtoi ai, &#8220;nuk do t\u00eb kishte bashk\u00ebpunim me Pfizer. Por kjo na b\u00ebn t\u00eb fort\u00eb: vendi i imigracionit, ekonomia e tregut dhe shoq\u00ebria e hapur! &#8221;<\/p>\n<p>Dr. Sahin ka pasur pak koh\u00eb p\u00ebr politik\u00eb k\u00ebt\u00eb vit. BioNTech ka qen\u00eb aq e z\u00ebn\u00eb me zhvillimin e nj\u00eb vaksine sa q\u00eb kompania nuk ka finalizuar detajet financiare t\u00eb marr\u00ebveshjes s\u00eb saj t\u00eb partneritetit me Pfizer.<\/p>\n<p>&#8220;Besimi dhe marr\u00ebdh\u00ebnia personale \u00ebsht\u00eb kaq e r\u00ebnd\u00ebsishme n\u00eb nj\u00eb biznes t\u00eb till\u00eb, sepse gjith\u00e7ka po shkon kaq shpejt&#8221;, tha Dr. Sahin. &#8220;Ne ende kemi nj\u00eb flet\u00eb termi dhe ende jo nj\u00eb kontrat\u00eb p\u00ebrfundimtare p\u00ebr shum\u00eb gj\u00ebra.&#8221;<\/p>\n<p>Dr. Sahin tha se ai dhe Dr. T\u00fcreci m\u00ebsuan n\u00eb lidhje me t\u00eb dh\u00ebnat e efikasitetit t\u00eb diel\u00ebn n\u00eb mbr\u00ebmje dhe sh\u00ebnuan momentin duke p\u00ebrgatitur \u00e7aj turk n\u00eb sht\u00ebpi. &#8220;Ne festuam, sigurisht,&#8221; tha ai. &#8220;Ishte nj\u00eb leht\u00ebsim&#8221;.<\/p>\n","protected":false},"excerpt":{"rendered":"<p>Kompania gjermane BioNTech, e themeluar nga dy shkenc\u00ebtar\u00eb, \u00ebsht\u00eb bashkuar me Pfizer p\u00ebr nj\u00eb vaksin\u00eb q\u00eb eshte 90 p\u00ebrqind e efektshme. Dy vjet m\u00eb par\u00eb, Dr. Ugur Sahin u ngjit n\u00eb sken\u00eb n\u00eb nj\u00eb konferenc\u00eb n\u00eb Berlin dhe b\u00ebri nj\u00eb parashikim t\u00eb guximsh\u00ebm. Duke folur me nj\u00eb dhom\u00eb t\u00eb gjer\u00eb ekspert\u00ebsh t\u00eb s\u00ebmundjeve infektive, ai [&hellip;]<\/p>\n","protected":false},"author":1,"featured_media":40776,"comment_status":"open","ping_status":"open","sticky":false,"template":"","format":"standard","meta":{"jetpack_post_was_ever_published":false,"_jetpack_newsletter_access":"","_jetpack_dont_email_post_to_subs":false,"_jetpack_newsletter_tier_id":0,"_jetpack_memberships_contains_paywalled_content":false,"_jetpack_memberships_contains_paid_content":false,"footnotes":"","jetpack_publicize_message":"","jetpack_publicize_feature_enabled":true,"jetpack_social_post_already_shared":true,"jetpack_social_options":{"image_generator_settings":{"template":"highway","default_image_id":0,"font":"","enabled":false},"version":2}},"categories":[85,2,35],"tags":[],"class_list":["post-40775","post","type-post","status-publish","format-standard","has-post-thumbnail","hentry","category-histori","category-politika","category-shoqerore"],"jetpack_publicize_connections":[],"jetpack_featured_media_url":"https:\/\/i0.wp.com\/www.shqiperia.com\/blog\/wp-content\/uploads\/2020\/11\/Ugur_Sahin_01.jpg?fit=1280%2C1280&ssl=1","jetpack_sharing_enabled":true,"jetpack_shortlink":"https:\/\/wp.me\/p5Z6wp-aBF","jetpack-related-posts":[{"id":40892,"url":"https:\/\/www.shqiperia.com\/blog\/shkencetarja-do-te-kete-njerez-qe-nuk-mund-ta-perballojne-vaksinen\/","url_meta":{"origin":40775,"position":0},"title":"Shkenc\u00ebtarja: &#8211; Do t\u00eb ket\u00eb njer\u00ebz q\u00eb nuk mund ta p\u00ebrballojn\u00eb vaksin\u00ebn","author":"Kurt Farka","date":"November 15, 2020","format":false,"excerpt":"Shkenc\u00ebtarja: - Do t\u00eb ket\u00eb njer\u00ebz q\u00eb nuk mund ta p\u00ebrballojn\u00eb vaksin\u00ebn 14\/11\/2020 Kompania farmaceutike amerikane Pfizer para pak dit\u00ebsh se vaksina e saj eksperimentale kund\u00ebr COVID-19-s, ka d\u00ebshmuar nj\u00eb nivel efektiviteti me t\u00eb lart\u00eb se 90%. Pfizer dhe partneri i saj gjerman BioNTech b\u00ebn\u00eb t\u00eb ditur se provat klinike\u2026","rel":"","context":"In &quot;Blogu i Udh\u00ebtarit&quot;","block_context":{"text":"Blogu i Udh\u00ebtarit","link":"https:\/\/www.shqiperia.com\/blog\/category\/blogu-i-udhetarit\/"},"img":{"alt_text":"","src":"https:\/\/i0.wp.com\/www.shqiperia.com\/blog\/wp-content\/uploads\/2020\/11\/TEDI-WEB.00_32_31_20.Still3207.jpg?fit=1200%2C675&ssl=1&resize=350%2C200","width":350,"height":200,"srcset":"https:\/\/i0.wp.com\/www.shqiperia.com\/blog\/wp-content\/uploads\/2020\/11\/TEDI-WEB.00_32_31_20.Still3207.jpg?fit=1200%2C675&ssl=1&resize=350%2C200 1x, https:\/\/i0.wp.com\/www.shqiperia.com\/blog\/wp-content\/uploads\/2020\/11\/TEDI-WEB.00_32_31_20.Still3207.jpg?fit=1200%2C675&ssl=1&resize=525%2C300 1.5x, https:\/\/i0.wp.com\/www.shqiperia.com\/blog\/wp-content\/uploads\/2020\/11\/TEDI-WEB.00_32_31_20.Still3207.jpg?fit=1200%2C675&ssl=1&resize=700%2C400 2x, https:\/\/i0.wp.com\/www.shqiperia.com\/blog\/wp-content\/uploads\/2020\/11\/TEDI-WEB.00_32_31_20.Still3207.jpg?fit=1200%2C675&ssl=1&resize=1050%2C600 3x"},"classes":[]},{"id":42599,"url":"https:\/\/www.shqiperia.com\/blog\/nje-tjeter-mutacion-i-covid-shfaqet-ne-afriken-e-jugut-reuters-shkencetaret-shqetesohen-se-vaksinat-mund-te-mos-i-mbrojne-qytetaret-kunder-tij\/","url_meta":{"origin":40775,"position":1},"title":"Nj\u00eb tjet\u00ebr mutacion i COVID shfaqet n\u00eb Afrik\u00ebn e Jugut, \u201cReuters\u201d: Shkenc\u00ebtar\u00ebt shqet\u00ebsohen se vaksinat mund t\u00eb mos i mbrojn\u00eb qytetar\u00ebt kund\u00ebr tij","author":"Kurt Farka","date":"January 4, 2021","format":false,"excerpt":"Nj\u00eb tjet\u00ebr mutacion i COVID shfaqet n\u00eb Afrik\u00ebn e Jugut, \u201cReuters\u201d: Shkenc\u00ebtar\u00ebt shqet\u00ebsohen se vaksinat mund t\u00eb mos i mbrojn\u00eb qytetar\u00ebt kund\u00ebr tij 4 janar 2021 \u00a0Dit\u00ebn e sotme, shkenc\u00ebtar\u00ebt britanik\u00eb shpreh\u00ebn shqet\u00ebsimin se vaksinat kund\u00ebr COVID-19 q\u00eb po b\u00ebhen n\u00eb Britani mund t\u00eb mos jen\u00eb t\u00eb efektshme apo t\u00eb\u2026","rel":"","context":"In &quot;Blogu i Udh\u00ebtarit&quot;","block_context":{"text":"Blogu i Udh\u00ebtarit","link":"https:\/\/www.shqiperia.com\/blog\/category\/blogu-i-udhetarit\/"},"img":{"alt_text":"","src":"https:\/\/i0.wp.com\/www.shqiperia.com\/blog\/wp-content\/uploads\/2021\/01\/COVID.png?fit=751%2C441&ssl=1&resize=350%2C200","width":350,"height":200,"srcset":"https:\/\/i0.wp.com\/www.shqiperia.com\/blog\/wp-content\/uploads\/2021\/01\/COVID.png?fit=751%2C441&ssl=1&resize=350%2C200 1x, https:\/\/i0.wp.com\/www.shqiperia.com\/blog\/wp-content\/uploads\/2021\/01\/COVID.png?fit=751%2C441&ssl=1&resize=525%2C300 1.5x, https:\/\/i0.wp.com\/www.shqiperia.com\/blog\/wp-content\/uploads\/2021\/01\/COVID.png?fit=751%2C441&ssl=1&resize=700%2C400 2x"},"classes":[]},{"id":81773,"url":"https:\/\/www.shqiperia.com\/blog\/cfare-duhet-te-dini-per-vaksinen-e-kombinuar-te-moderna-s-kunder-gripit\/","url_meta":{"origin":40775,"position":2},"title":"\u00c7far\u00eb duhet t\u00eb dini p\u00ebr vaksin\u00ebn e kombinuar t\u00eb Moderna-s kund\u00ebr gripit","author":"Kurt Farka","date":"June 11, 2024","format":false,"excerpt":"11 Qershor 2024 Vaksina e kombinuar e Moderna-s kund\u00ebr koronavirusit dhe gripit prodhoi nj\u00eb p\u00ebrgjigje imune m\u00eb t\u00eb lart\u00eb te t\u00eb moshuarit sesa vaksinat e ve\u00e7anta p\u00ebr ato viruse t\u00eb administruara s\u00eb bashku, sipas t\u00eb dh\u00ebnave q\u00eb kompania publikoi t\u00eb h\u00ebn\u00ebn. Rezultatet premtuese nga provat klinike, t\u00eb cilat ende nuk\u2026","rel":"","context":"In &quot;Blogu i Udh\u00ebtarit&quot;","block_context":{"text":"Blogu i Udh\u00ebtarit","link":"https:\/\/www.shqiperia.com\/blog\/category\/blogu-i-udhetarit\/"},"img":{"alt_text":"","src":"https:\/\/i0.wp.com\/www.shqiperia.com\/blog\/wp-content\/uploads\/2024\/06\/BB1nY7n0-675x450-1.jpg?fit=675%2C450&ssl=1&resize=350%2C200","width":350,"height":200,"srcset":"https:\/\/i0.wp.com\/www.shqiperia.com\/blog\/wp-content\/uploads\/2024\/06\/BB1nY7n0-675x450-1.jpg?fit=675%2C450&ssl=1&resize=350%2C200 1x, https:\/\/i0.wp.com\/www.shqiperia.com\/blog\/wp-content\/uploads\/2024\/06\/BB1nY7n0-675x450-1.jpg?fit=675%2C450&ssl=1&resize=525%2C300 1.5x"},"classes":[]},{"id":46458,"url":"https:\/\/www.shqiperia.com\/blog\/jeni-vaksinuar-me-pfizer-mund-te-jete-e-nevojshme-te-merrni-nje-doze-te-trete\/","url_meta":{"origin":40775,"position":3},"title":"Jeni vaksinuar me Pfizer? &#8211; Mund t\u00eb jet\u00eb e nevojshme t\u00eb merrni nj\u00eb doz\u00eb t\u00eb tret\u00eb","author":"Kurt Farka","date":"April 15, 2021","format":false,"excerpt":"Jeni vaksinuar me Pfizer? - Mund t\u00eb jet\u00eb e nevojshme t\u00eb merrni nj\u00eb doz\u00eb t\u00eb tret\u00eb 15 PRILL 2021 T\u00eb gjith\u00eb ata q\u00eb jan\u00eb vaksinuar me Pfizer mund t\u00eb duhet t\u00eb marrin edhe nj\u00eb doz\u00eb t\u00eb tret\u00eb t\u00eb vaksin\u00ebs kund\u00ebr covid-19. Lajmi \u00ebsht\u00eb b\u00ebr\u00eb i ditur nga Drejtori Ekzekutiv i\u2026","rel":"","context":"In &quot;Blogu i Udh\u00ebtarit&quot;","block_context":{"text":"Blogu i Udh\u00ebtarit","link":"https:\/\/www.shqiperia.com\/blog\/category\/blogu-i-udhetarit\/"},"img":{"alt_text":"","src":"https:\/\/i0.wp.com\/www.shqiperia.com\/blog\/wp-content\/uploads\/2021\/04\/Drejtori-Ekzekutiv-i-kompanise-Pfizer-Albert-Bourla..jpeg?fit=640%2C360&ssl=1&resize=350%2C200","width":350,"height":200,"srcset":"https:\/\/i0.wp.com\/www.shqiperia.com\/blog\/wp-content\/uploads\/2021\/04\/Drejtori-Ekzekutiv-i-kompanise-Pfizer-Albert-Bourla..jpeg?fit=640%2C360&ssl=1&resize=350%2C200 1x, https:\/\/i0.wp.com\/www.shqiperia.com\/blog\/wp-content\/uploads\/2021\/04\/Drejtori-Ekzekutiv-i-kompanise-Pfizer-Albert-Bourla..jpeg?fit=640%2C360&ssl=1&resize=525%2C300 1.5x"},"classes":[]},{"id":34251,"url":"https:\/\/www.shqiperia.com\/blog\/skenaret-e-tmerrshem-cfare-ndodh-me-boten-nese-vaksina-kunder-koronavirusit-nuk-gjendet\/","url_meta":{"origin":40775,"position":4},"title":"Skenar\u00ebt e tmerrsh\u00ebm: &#8211; \u00c7far\u00eb ndodh me bot\u00ebn n\u00ebse vaksina kund\u00ebr koronavirusit nuk gjendet?","author":"Kurt Farka","date":"May 5, 2020","format":false,"excerpt":"Skenar\u00ebt e tmerrsh\u00ebm: - \u00c7far\u00eb ndodh me bot\u00ebn n\u00ebse vaksina kund\u00ebr koronavirusit nuk gjendet? 3 MAJ 2020 Nd\u00ebrsa shum\u00eb vende europiane po fillojn\u00eb hapjen e leht\u00eb, politika n\u00eb mbar\u00eb bot\u00ebn thot\u00eb se ka vet\u00ebm nj\u00eb zgjidhje p\u00ebr t'i dh\u00ebn\u00eb fund koronavirusit: Nj\u00eb vaksin\u00eb! Por ekziston nj\u00eb mund\u00ebsi tjet\u00ebr, m\u00eb e\u2026","rel":"","context":"In &quot;Blogu i Udh\u00ebtarit&quot;","block_context":{"text":"Blogu i Udh\u00ebtarit","link":"https:\/\/www.shqiperia.com\/blog\/category\/blogu-i-udhetarit\/"},"img":{"alt_text":"","src":"https:\/\/i0.wp.com\/www.shqiperia.com\/blog\/wp-content\/uploads\/2020\/05\/640-0-5eaef688eea8a.jpg?fit=640%2C360&ssl=1&resize=350%2C200","width":350,"height":200,"srcset":"https:\/\/i0.wp.com\/www.shqiperia.com\/blog\/wp-content\/uploads\/2020\/05\/640-0-5eaef688eea8a.jpg?fit=640%2C360&ssl=1&resize=350%2C200 1x, https:\/\/i0.wp.com\/www.shqiperia.com\/blog\/wp-content\/uploads\/2020\/05\/640-0-5eaef688eea8a.jpg?fit=640%2C360&ssl=1&resize=525%2C300 1.5x"},"classes":[]},{"id":83660,"url":"https:\/\/www.shqiperia.com\/blog\/risia-e-vaksines-kunder-kancerit-te-mushkerive-do-injektohet-te-pacientet-qe-kane-tumor-vret-qelizat-kancerogjene\/","url_meta":{"origin":40775,"position":5},"title":"Risia e vaksin\u00ebs kund\u00ebr kancerit t\u00eb mushk\u00ebrive, do injektohet te pacient\u00ebt q\u00eb kan\u00eb tumor \u2013 vret qelizat kancerogjene","author":"Kurt Farka","date":"August 23, 2024","format":false,"excerpt":"24 Gusht 2024 Vaksina e par\u00eb mRNA kund\u00ebr kancerit t\u00eb mushk\u00ebrive ka nisur t\u00eb testohet nga mjek\u00ebt. Ekspert\u00ebt vler\u00ebsojn\u00eb lart potencialin e saj p\u00ebr t\u00eb shp\u00ebtuar jet\u00eb. Kjo vaksin\u00eb \u00ebsht\u00eb risi nga t\u00eb gjitha t\u00eb tjerat q\u00eb jan\u00eb testuar deri tani, sepse mendohet se jep efekt te pacient\u00ebt q\u00eb kan\u00eb\u2026","rel":"","context":"In &quot;Blogu i Udh\u00ebtarit&quot;","block_context":{"text":"Blogu i Udh\u00ebtarit","link":"https:\/\/www.shqiperia.com\/blog\/category\/blogu-i-udhetarit\/"},"img":{"alt_text":"","src":"https:\/\/i0.wp.com\/www.shqiperia.com\/blog\/wp-content\/uploads\/2024\/08\/640-0-38bd62a777f09634f332cce52f9d94a5.jpg?fit=640%2C352&ssl=1&resize=350%2C200","width":350,"height":200,"srcset":"https:\/\/i0.wp.com\/www.shqiperia.com\/blog\/wp-content\/uploads\/2024\/08\/640-0-38bd62a777f09634f332cce52f9d94a5.jpg?fit=640%2C352&ssl=1&resize=350%2C200 1x, https:\/\/i0.wp.com\/www.shqiperia.com\/blog\/wp-content\/uploads\/2024\/08\/640-0-38bd62a777f09634f332cce52f9d94a5.jpg?fit=640%2C352&ssl=1&resize=525%2C300 1.5x"},"classes":[]}],"_links":{"self":[{"href":"https:\/\/www.shqiperia.com\/blog\/wp-json\/wp\/v2\/posts\/40775","targetHints":{"allow":["GET"]}}],"collection":[{"href":"https:\/\/www.shqiperia.com\/blog\/wp-json\/wp\/v2\/posts"}],"about":[{"href":"https:\/\/www.shqiperia.com\/blog\/wp-json\/wp\/v2\/types\/post"}],"author":[{"embeddable":true,"href":"https:\/\/www.shqiperia.com\/blog\/wp-json\/wp\/v2\/users\/1"}],"replies":[{"embeddable":true,"href":"https:\/\/www.shqiperia.com\/blog\/wp-json\/wp\/v2\/comments?post=40775"}],"version-history":[{"count":1,"href":"https:\/\/www.shqiperia.com\/blog\/wp-json\/wp\/v2\/posts\/40775\/revisions"}],"predecessor-version":[{"id":40777,"href":"https:\/\/www.shqiperia.com\/blog\/wp-json\/wp\/v2\/posts\/40775\/revisions\/40777"}],"wp:featuredmedia":[{"embeddable":true,"href":"https:\/\/www.shqiperia.com\/blog\/wp-json\/wp\/v2\/media\/40776"}],"wp:attachment":[{"href":"https:\/\/www.shqiperia.com\/blog\/wp-json\/wp\/v2\/media?parent=40775"}],"wp:term":[{"taxonomy":"category","embeddable":true,"href":"https:\/\/www.shqiperia.com\/blog\/wp-json\/wp\/v2\/categories?post=40775"},{"taxonomy":"post_tag","embeddable":true,"href":"https:\/\/www.shqiperia.com\/blog\/wp-json\/wp\/v2\/tags?post=40775"}],"curies":[{"name":"wp","href":"https:\/\/api.w.org\/{rel}","templated":true}]}}