{"id":40771,"date":"2020-11-11T20:11:46","date_gmt":"2020-11-11T20:11:46","guid":{"rendered":"https:\/\/www.shqiperia.com\/blog\/?p=40771"},"modified":"2020-11-11T20:12:02","modified_gmt":"2020-11-11T20:12:02","slug":"koronavirusi-rama-i-pergjigjet-opozites-cete-e-cakerdisur-pa-vizion-na-presin-muaj-te-veshtire-por","status":"publish","type":"post","link":"https:\/\/www.shqiperia.com\/blog\/koronavirusi-rama-i-pergjigjet-opozites-cete-e-cakerdisur-pa-vizion-na-presin-muaj-te-veshtire-por\/","title":{"rendered":"Koronavirusi\/ Rama i p\u00ebrgjigjet opozit\u00ebs: \u00c7et\u00eb e \u00e7ak\u00ebrdisur pa vizion. Na presin muaj t\u00eb v\u00ebshtir\u00eb, por&#8230;"},"content":{"rendered":"<div id=\"attachment_40772\" style=\"width: 544px\" class=\"wp-caption alignnone\"><img data-recalc-dims=\"1\" loading=\"lazy\" decoding=\"async\" aria-describedby=\"caption-attachment-40772\" data-attachment-id=\"40772\" data-permalink=\"https:\/\/www.shqiperia.com\/blog\/koronavirusi-rama-i-pergjigjet-opozites-cete-e-cakerdisur-pa-vizion-na-presin-muaj-te-veshtire-por\/edi-rama-karikature-nga-b-kapexhiu\/\" data-orig-file=\"https:\/\/i0.wp.com\/www.shqiperia.com\/blog\/wp-content\/uploads\/2020\/11\/Edi-Rama-Karikature-nga-B.-Kapexhiu.jpg?fit=530%2C281&amp;ssl=1\" data-orig-size=\"530,281\" data-comments-opened=\"1\" data-image-meta=\"{&quot;aperture&quot;:&quot;0&quot;,&quot;credit&quot;:&quot;&quot;,&quot;camera&quot;:&quot;&quot;,&quot;caption&quot;:&quot;&quot;,&quot;created_timestamp&quot;:&quot;0&quot;,&quot;copyright&quot;:&quot;&quot;,&quot;focal_length&quot;:&quot;0&quot;,&quot;iso&quot;:&quot;0&quot;,&quot;shutter_speed&quot;:&quot;0&quot;,&quot;title&quot;:&quot;&quot;,&quot;orientation&quot;:&quot;0&quot;}\" data-image-title=\"Edi Rama Karikature nga B. Kapexhiu\" data-image-description=\"\" data-image-caption=\"&lt;p&gt;Edi Rama Karikature nga B. Kapexhiu&lt;\/p&gt;\n\" data-medium-file=\"https:\/\/i0.wp.com\/www.shqiperia.com\/blog\/wp-content\/uploads\/2020\/11\/Edi-Rama-Karikature-nga-B.-Kapexhiu.jpg?fit=300%2C159&amp;ssl=1\" data-large-file=\"https:\/\/i0.wp.com\/www.shqiperia.com\/blog\/wp-content\/uploads\/2020\/11\/Edi-Rama-Karikature-nga-B.-Kapexhiu.jpg?fit=530%2C281&amp;ssl=1\" class=\" wp-image-40772\" alt=\"\" src=\"https:\/\/i0.wp.com\/www.shqiperia.com\/blog\/wp-content\/uploads\/2020\/11\/Edi-Rama-Karikature-nga-B.-Kapexhiu.jpg?resize=534%2C283&#038;ssl=1\" width=\"534\" height=\"283\" srcset=\"https:\/\/i0.wp.com\/www.shqiperia.com\/blog\/wp-content\/uploads\/2020\/11\/Edi-Rama-Karikature-nga-B.-Kapexhiu.jpg?resize=300%2C159&amp;ssl=1 300w, https:\/\/i0.wp.com\/www.shqiperia.com\/blog\/wp-content\/uploads\/2020\/11\/Edi-Rama-Karikature-nga-B.-Kapexhiu.jpg?resize=450%2C239&amp;ssl=1 450w, https:\/\/i0.wp.com\/www.shqiperia.com\/blog\/wp-content\/uploads\/2020\/11\/Edi-Rama-Karikature-nga-B.-Kapexhiu.jpg?resize=400%2C212&amp;ssl=1 400w, https:\/\/i0.wp.com\/www.shqiperia.com\/blog\/wp-content\/uploads\/2020\/11\/Edi-Rama-Karikature-nga-B.-Kapexhiu.jpg?w=530&amp;ssl=1 530w\" sizes=\"auto, (max-width: 534px) 100vw, 534px\" \/><p id=\"caption-attachment-40772\" class=\"wp-caption-text\">Edi Rama Karikature nga B. Kapexhiu<\/p><\/div>\n<p><strong>Koronavirusi\/ Rama i p\u00ebrgjigjet opozit\u00ebs: \u00c7et\u00eb e \u00e7ak\u00ebrdisur pa vizion. Na presin muaj t\u00eb v\u00ebshtir\u00eb, por&#8230;<\/strong><\/p>\n<p><strong>11 N\u00cbNTOR 2020<\/strong><\/p>\n<p>Prej dit\u00ebsh tashm\u00eb, situata me kronavirusin n\u00eb vend dhe menaxhimi i saj, \u00ebsht\u00eb kthyer n\u00eb argumentin kryesor\u00eb t\u00eb debateve me opozit\u00ebs dhe maxhornac\u00ebs.<\/p>\n<p>N\u00eb p\u00ebrgjigje t\u00eb akuzave t\u00eb opozit\u00ebs se sistemi sh\u00ebndet\u00ebsor\u00eb \u00ebsht\u00eb n\u00eb kolaps, Rama tha se q\u00ebllimi i tyre \u00ebsht\u00eb t\u00eb \u201cngjallin panik\u201d.<\/p>\n<p>\u201c\u00cbnd\u00ebrrojn\u00eb t\u00eb s\u00ebmureni sa m\u00eb shum\u00eb, t\u00eb vdesin sa m\u00eb shum\u00eb njer\u00ebz, t\u00eb b\u00ebhet qameti fare, sepse kjo \u00ebsht\u00eb shpresa e tyre e fundit p\u00ebr t&#8217;u rikthyer n\u00eb pushtet&#8230;\u201d, thot\u00eb Rama.<\/p>\n<p>Sipas kryeministrit, nuk flitet p\u00ebr kolaps t\u00eb sistemit sh\u00ebndet\u00ebsor, nd\u00ebrsa u b\u00ebn thirrje qytetar\u00ebve p\u00ebr durim si dhe p\u00ebr respektimin e masave anti-COVID.<\/p>\n<p>\u201cKemi p\u00ebrpara edhe disa muaj t\u00eb v\u00ebshtir\u00eb, por do t&#8217;ia dalim edhe k\u00ebsaj lufte t\u00eb eg\u00ebr dhe do t\u00eb dalim m\u00eb t\u00eb fort\u00eb nga ky st\u00ebrmundim i madh!\u201d, shkruan mes t\u00eb tjerash kryeministri.<\/p>\n<p><strong>Njoftimi i plot\u00eb:<\/strong><\/p>\n<p>Shum\u00eb t\u00ebrbim sot nga \u00e7eta e \u00e7ak\u00ebrdisur e opozitarist\u00ebve pa vizion, pa program, pa ide dhe as din e iman, me daljen para syve tuaj t\u00eb pamjeve e t\u00eb d\u00ebshmive nga brendia e spitaleve Covid 1 dhe 3!<\/p>\n<p>Duan t&#8217;ju fusin ankthin, t&#8217;ju kallin tmerrin e t&#8217;ju mbushin me panik, p\u00ebr &#8220;spitalet n\u00eb kolaps&#8221;, &#8220;t\u00eb s\u00ebmur\u00ebt q\u00eb dergjen dyshemeve&#8221;, &#8220;situat\u00ebn jasht\u00eb kontrollit&#8221; dhe \u00ebnd\u00ebrrojn\u00eb q\u00eb k\u00ebshtu t\u00eb ndodh\u00eb v\u00ebrtet\u00eb, t\u00eb s\u00ebmureni sa m\u00eb shum\u00eb, t\u00eb vdesin sa m\u00eb shum\u00eb njer\u00ebz, t\u00eb b\u00ebhet qameti fare, sepse kjo \u00ebsht\u00eb shpresa e tyre e fundit p\u00ebr t&#8217;u rikthyer n\u00eb pushtet&#8230;<\/p>\n<p>Por si\u00e7 e pat\u00eb dhe si\u00e7 do ta shihni edhe n\u00eb pjes\u00ebt e tjera EKSKLUZIVE me pamje e d\u00ebshmi, spitalet Covid nuk jan\u00eb aspak n\u00eb kolaps, shtret\u00ebrit e lir\u00eb nuk mungojn\u00eb, pacient\u00ebt trajtohen me dinjitet, respekt, profesionaliz\u00ebm, asnj\u00eb protokoll mjek\u00ebsor anti-Covid q\u00eb p\u00ebrdoret sot n\u00eb Europ\u00eb nuk mungon dhe shifrat e tregojn\u00eb qart\u00eb, q\u00eb niveli i infektimeve e i humbjeve t\u00eb jet\u00ebve s&#8217;\u00ebsht\u00eb aspak ndryshe nga askund n\u00eb Europ\u00eb, ashtu sikund\u00ebr tregojn\u00eb se niveli i sh\u00ebrueshm\u00ebris\u00eb n\u00eb spitalet tona \u00ebsht\u00eb i lart\u00eb, si kudo, pavar\u00ebsisht fataliteteve q\u00eb nj\u00ebsoj si n\u00eb t\u00eb gjith\u00eb bot\u00ebn fatkeq\u00ebsisht nuk mungojn\u00eb.<\/p>\n<p>kini besim, b\u00ebni durim, jini t\u00eb kujdessh\u00ebm p\u00ebr veten e t\u00eb dashurit tuaj, respektoni rregullat, mos bini pre e lajmeve t\u00eb rreme, fabrikimeve politiko &#8211; mediatike dhe teorive t\u00eb konspiracionit!<\/p>\n<p>kemi p\u00ebrpara edhe disa muaj t\u00eb v\u00ebshtir\u00eb, por do t&#8217;ia dalim edhe k\u00ebsaj lufte t\u00eb eg\u00ebr dhe do t\u00eb dalim m\u00eb t\u00eb fort\u00eb nga ky st\u00ebrmundim i madh!<\/p>\n<p>#MbajMask\u00ebn<\/p>\n<p>Nga Gazeta Shqip<\/p>\n","protected":false},"excerpt":{"rendered":"<p>Koronavirusi\/ Rama i p\u00ebrgjigjet opozit\u00ebs: \u00c7et\u00eb e \u00e7ak\u00ebrdisur pa vizion. Na presin muaj t\u00eb v\u00ebshtir\u00eb, por&#8230; 11 N\u00cbNTOR 2020 Prej dit\u00ebsh tashm\u00eb, situata me kronavirusin n\u00eb vend dhe menaxhimi i saj, \u00ebsht\u00eb kthyer n\u00eb argumentin kryesor\u00eb t\u00eb debateve me opozit\u00ebs dhe maxhornac\u00ebs. N\u00eb p\u00ebrgjigje t\u00eb akuzave t\u00eb opozit\u00ebs se sistemi sh\u00ebndet\u00ebsor\u00eb \u00ebsht\u00eb n\u00eb kolaps, Rama [&hellip;]<\/p>\n","protected":false},"author":9,"featured_media":40772,"comment_status":"open","ping_status":"open","sticky":false,"template":"","format":"standard","meta":{"jetpack_post_was_ever_published":false,"_jetpack_newsletter_access":"","_jetpack_dont_email_post_to_subs":false,"_jetpack_newsletter_tier_id":0,"_jetpack_memberships_contains_paywalled_content":false,"_jetpack_memberships_contains_paid_content":false,"footnotes":"","jetpack_publicize_message":"","jetpack_publicize_feature_enabled":true,"jetpack_social_post_already_shared":true,"jetpack_social_options":{"image_generator_settings":{"template":"highway","default_image_id":0,"font":"","enabled":false},"version":2}},"categories":[27,2,35],"tags":[],"class_list":["post-40771","post","type-post","status-publish","format-standard","has-post-thumbnail","hentry","category-blogu-i-udhetarit","category-politika","category-shoqerore"],"jetpack_publicize_connections":[],"jetpack_featured_media_url":"https:\/\/i0.wp.com\/www.shqiperia.com\/blog\/wp-content\/uploads\/2020\/11\/Edi-Rama-Karikature-nga-B.-Kapexhiu.jpg?fit=530%2C281&ssl=1","jetpack_sharing_enabled":true,"jetpack_shortlink":"https:\/\/wp.me\/p5Z6wp-aBB","jetpack-related-posts":[{"id":49577,"url":"https:\/\/www.shqiperia.com\/blog\/kabineti-qeveritar-roland-bejko-ben-reagimin-e-papritur-spak-te-nderhyje-dhe-7-prej-tyre-ti-prese-koken-neser-ky-eshte-nderi-qe-kryeministri-i-ka-bere-opozites\/","url_meta":{"origin":40771,"position":0},"title":"Kabineti qeveritar, Roland Bejko b\u00ebn reagimin e papritur: &#8211; SPAK t\u00eb nd\u00ebrhyj\u00eb dhe 7 prej tyre t\u2019i \u2018pres\u00eb kok\u00ebn\u2019 nes\u00ebr! &#8211; Ky \u00ebsht\u00eb nderi q\u00eb kryeministri i ka b\u00ebr\u00eb opozit\u00ebs","author":"Kurt Farka","date":"September 2, 2021","format":false,"excerpt":"Kabineti qeveritar, Roland Bejko b\u00ebn reagimin e papritur: - SPAK t\u00eb nd\u00ebrhyj\u00eb dhe 7 prej tyre t\u2019i \u2018pres\u00eb kok\u00ebn\u2019 nes\u00ebr! Ky \u00ebsht\u00eb nderi q\u00eb kryeministri i ka b\u00ebr\u00eb opozit\u00ebs 2 SHTATOR 2021 An\u00ebtari i K\u00ebshillit Komb\u00ebtar t\u00eb PD-s\u00eb, Roland Bejko ka komentuar zhvillimet e fundit politike. Ai ka folur p\u00ebr\u2026","rel":"","context":"In &quot;Blogu i Udh\u00ebtarit&quot;","block_context":{"text":"Blogu i Udh\u00ebtarit","link":"https:\/\/www.shqiperia.com\/blog\/category\/blogu-i-udhetarit\/"},"img":{"alt_text":"","src":"https:\/\/i0.wp.com\/www.shqiperia.com\/blog\/wp-content\/uploads\/2021\/09\/qeveria-rama.jpg?fit=640%2C380&ssl=1&resize=350%2C200","width":350,"height":200,"srcset":"https:\/\/i0.wp.com\/www.shqiperia.com\/blog\/wp-content\/uploads\/2021\/09\/qeveria-rama.jpg?fit=640%2C380&ssl=1&resize=350%2C200 1x, https:\/\/i0.wp.com\/www.shqiperia.com\/blog\/wp-content\/uploads\/2021\/09\/qeveria-rama.jpg?fit=640%2C380&ssl=1&resize=525%2C300 1.5x"},"classes":[]},{"id":21705,"url":"https:\/\/www.shqiperia.com\/blog\/be-e-ka-rrezuar-ramen-tani-eshte-radha-e-opozites\/","url_meta":{"origin":40771,"position":1},"title":"BE e ka rr\u00ebzuar Ram\u00ebn, tani \u00ebsht\u00eb radha e opozit\u00ebs","author":"Kurt Farka","date":"June 7, 2019","format":false,"excerpt":"BE e ka rr\u00ebzuar Ram\u00ebn, tani \u00ebsht\u00eb radha e opozit\u00ebs. 7 Qershor, 2019 Gjat\u00eb gjith\u00eb muajve t\u00eb kriz\u00ebs politike qeveria ka pasur nj\u00eb argument q\u00eb e hidhte n\u00eb tavolin\u00eb sa her\u00eb diskutohej largimi i saj. Logjika e qeveris\u00eb lidhej me faktin se pavar\u00ebsisht atyre q\u00eb thot\u00eb opozita, Bashkimi Europian mb\u00ebshtet\u2026","rel":"","context":"In &quot;Blogu i Udh\u00ebtarit&quot;","block_context":{"text":"Blogu i Udh\u00ebtarit","link":"https:\/\/www.shqiperia.com\/blog\/category\/blogu-i-udhetarit\/"},"img":{"alt_text":"","src":"https:\/\/i0.wp.com\/www.shqiperia.com\/blog\/wp-content\/uploads\/2019\/06\/rama-konference-kryeministri3-1024x709.jpg?fit=1024%2C601&ssl=1&resize=350%2C200","width":350,"height":200,"srcset":"https:\/\/i0.wp.com\/www.shqiperia.com\/blog\/wp-content\/uploads\/2019\/06\/rama-konference-kryeministri3-1024x709.jpg?fit=1024%2C601&ssl=1&resize=350%2C200 1x, https:\/\/i0.wp.com\/www.shqiperia.com\/blog\/wp-content\/uploads\/2019\/06\/rama-konference-kryeministri3-1024x709.jpg?fit=1024%2C601&ssl=1&resize=525%2C300 1.5x, https:\/\/i0.wp.com\/www.shqiperia.com\/blog\/wp-content\/uploads\/2019\/06\/rama-konference-kryeministri3-1024x709.jpg?fit=1024%2C601&ssl=1&resize=700%2C400 2x"},"classes":[]},{"id":17598,"url":"https:\/\/www.shqiperia.com\/blog\/17598-2\/","url_meta":{"origin":40771,"position":2},"title":"Aleat\u00ebt e PD pro djegies s\u00eb mandateve.","author":"Kurt Farka","date":"February 18, 2019","format":false,"excerpt":"Batuta e Shehit: Kur t\u00eb largohet Rama mund t\u00eb mos jemi\u2026 18 shkurt 2019 UPDATE-Aleat\u00ebt e Partis\u00eb Demokratike jan\u00eb shprehur unanimisht pro propozimit p\u00ebr t\u00eb djegur mandatet e deputet\u00ebve t\u00eb opozit\u00ebs n\u00eb Parlament. Kryetari i PR-s\u00eb, Fatmir Mediu tha sot z\u00ebri i deputet\u00ebve t\u00eb opozit\u00ebs do t\u00eb jet\u00eb s\u00ebbashku me\u2026","rel":"","context":"In &quot;Blogu i Udh\u00ebtarit&quot;","block_context":{"text":"Blogu i Udh\u00ebtarit","link":"https:\/\/www.shqiperia.com\/blog\/category\/blogu-i-udhetarit\/"},"img":{"alt_text":"","src":"https:\/\/i0.wp.com\/www.shqiperia.com\/blog\/wp-content\/uploads\/2019\/02\/Dash-shehi-aleatet-PD.jpg?fit=1143%2C574&ssl=1&resize=350%2C200","width":350,"height":200,"srcset":"https:\/\/i0.wp.com\/www.shqiperia.com\/blog\/wp-content\/uploads\/2019\/02\/Dash-shehi-aleatet-PD.jpg?fit=1143%2C574&ssl=1&resize=350%2C200 1x, https:\/\/i0.wp.com\/www.shqiperia.com\/blog\/wp-content\/uploads\/2019\/02\/Dash-shehi-aleatet-PD.jpg?fit=1143%2C574&ssl=1&resize=525%2C300 1.5x, https:\/\/i0.wp.com\/www.shqiperia.com\/blog\/wp-content\/uploads\/2019\/02\/Dash-shehi-aleatet-PD.jpg?fit=1143%2C574&ssl=1&resize=700%2C400 2x, https:\/\/i0.wp.com\/www.shqiperia.com\/blog\/wp-content\/uploads\/2019\/02\/Dash-shehi-aleatet-PD.jpg?fit=1143%2C574&ssl=1&resize=1050%2C600 3x"},"classes":[]},{"id":23216,"url":"https:\/\/www.shqiperia.com\/blog\/zgjedhjet-jane-bere-ne-30-qershor-rama-i-pergjigjet-metes-nuk-njoh-asnje-13-tetor-gati-per-dialog-me-opoziten-por-jo-per\/","url_meta":{"origin":40771,"position":3},"title":"\u201cZgjedhjet jan\u00eb b\u00ebr\u00eb n\u00eb 30 qershor\u201d- Rama i p\u00ebrgjigjet Met\u00ebs: Nuk njoh asnj\u00eb 13 tetor. Gati p\u00ebr dialog me opozit\u00ebn, por jo p\u00ebr\u2026","author":"Kurt Farka","date":"July 17, 2019","format":false,"excerpt":"\u201cZgjedhjet jan\u00eb b\u00ebr\u00eb n\u00eb 30 qershor\u201d- Rama i p\u00ebrgjigjet Met\u00ebs: Nuk njoh asnj\u00eb 13 tetor. Gati p\u00ebr dialog me opozit\u00ebn, por jo p\u00ebr\u2026 17 korrik 2019 \u00a0\u201cNuk njoh asnj\u00eb 13 tetor\u201d, k\u00ebshtu i \u00ebsht\u00eb p\u00ebrgjigjur kryeministri Rama\u00a0mesazhit\u00a0t\u00eb Presidentit Meta, i cili tha sot se ne 13 tetor duhet te zhvillohen\u2026","rel":"","context":"In &quot;Blogu i Udh\u00ebtarit&quot;","block_context":{"text":"Blogu i Udh\u00ebtarit","link":"https:\/\/www.shqiperia.com\/blog\/category\/blogu-i-udhetarit\/"},"img":{"alt_text":"","src":"https:\/\/i0.wp.com\/www.shqiperia.com\/blog\/wp-content\/uploads\/2019\/07\/A-do-luhet-Komedia-pas-Drames-se-Perplasjes-civile.-Taulant-Balla-me-duket-se-e-filloi-monologun.-...-1.jpg?fit=650%2C361&ssl=1&resize=350%2C200","width":350,"height":200,"srcset":"https:\/\/i0.wp.com\/www.shqiperia.com\/blog\/wp-content\/uploads\/2019\/07\/A-do-luhet-Komedia-pas-Drames-se-Perplasjes-civile.-Taulant-Balla-me-duket-se-e-filloi-monologun.-...-1.jpg?fit=650%2C361&ssl=1&resize=350%2C200 1x, https:\/\/i0.wp.com\/www.shqiperia.com\/blog\/wp-content\/uploads\/2019\/07\/A-do-luhet-Komedia-pas-Drames-se-Perplasjes-civile.-Taulant-Balla-me-duket-se-e-filloi-monologun.-...-1.jpg?fit=650%2C361&ssl=1&resize=525%2C300 1.5x"},"classes":[]},{"id":39693,"url":"https:\/\/www.shqiperia.com\/blog\/basha-i-thote-rames-o-hadut-plehrash\/","url_meta":{"origin":40771,"position":4},"title":"Basha i thote Rames: &#8211; O Hadut Plehrash.","author":"Kurt Farka","date":"October 15, 2020","format":false,"excerpt":"Basha i thote Rames: - O Hadut Plehrash. 15\/10\/2020 Kryeministri Edi Rama ka reaguar pas\u00a0deklaratave t\u00eb kryedemokratit Lulzim Basha, q\u00eb e akuzoi kreun e qeveris\u00eb se q\u00ebndron n\u00eb krye t\u00eb kupol\u00ebs p\u00ebr vjedhjen e parave p\u00ebrmes incenerator\u00ebve t\u00eb plehrave.\u00a0N\u00eb nj\u00eb postim n\u00eb Facebook, Rama i p\u00ebrgjigjet me ironi kryetarit t\u00eb\u2026","rel":"","context":"In &quot;Blogu i Udh\u00ebtarit&quot;","block_context":{"text":"Blogu i Udh\u00ebtarit","link":"https:\/\/www.shqiperia.com\/blog\/category\/blogu-i-udhetarit\/"},"img":{"alt_text":"","src":"https:\/\/i0.wp.com\/www.shqiperia.com\/blog\/wp-content\/uploads\/2020\/10\/ramabasha-inceneratoret.jpg?fit=1200%2C675&ssl=1&resize=350%2C200","width":350,"height":200,"srcset":"https:\/\/i0.wp.com\/www.shqiperia.com\/blog\/wp-content\/uploads\/2020\/10\/ramabasha-inceneratoret.jpg?fit=1200%2C675&ssl=1&resize=350%2C200 1x, https:\/\/i0.wp.com\/www.shqiperia.com\/blog\/wp-content\/uploads\/2020\/10\/ramabasha-inceneratoret.jpg?fit=1200%2C675&ssl=1&resize=525%2C300 1.5x, https:\/\/i0.wp.com\/www.shqiperia.com\/blog\/wp-content\/uploads\/2020\/10\/ramabasha-inceneratoret.jpg?fit=1200%2C675&ssl=1&resize=700%2C400 2x, https:\/\/i0.wp.com\/www.shqiperia.com\/blog\/wp-content\/uploads\/2020\/10\/ramabasha-inceneratoret.jpg?fit=1200%2C675&ssl=1&resize=1050%2C600 3x"},"classes":[]},{"id":87550,"url":"https:\/\/www.shqiperia.com\/blog\/berisha-arrestimi-i-lidereve-te-opozites-fushate-terrori-nga-rama-dhe-soros\/","url_meta":{"origin":40771,"position":5},"title":"Berisha: &#8211; Arrestimi i lider\u00ebve t\u00eb opozit\u00ebs, fushat\u00eb terrori nga Rama dhe Soros","author":"Kurt Farka","date":"December 18, 2024","format":false,"excerpt":"18 Dhjetor 2024 Kryetari i Partis\u00eb Demokratike, Sali Berisha, ka zhvilluar nj\u00eb takim me simpatizant\u00ebt n\u00eb selin\u00eb blu, ku ka komentuar arrestimin e tij dhe ngjarjet e fundit politike n\u00eb Shqip\u00ebri. N\u00eb fjal\u00ebn e tij, Berisha ka p\u00ebrsh\u00ebndetur qytetar\u00ebt q\u00eb q\u00ebndruan p\u00ebr muaj me radh\u00eb para banes\u00ebs s\u00eb tij gjat\u00eb\u2026","rel":"","context":"In &quot;Blogu i Udh\u00ebtarit&quot;","block_context":{"text":"Blogu i Udh\u00ebtarit","link":"https:\/\/www.shqiperia.com\/blog\/category\/blogu-i-udhetarit\/"},"img":{"alt_text":"","src":"https:\/\/i0.wp.com\/www.shqiperia.com\/blog\/wp-content\/uploads\/2024\/12\/berishaaaaa.jpg?fit=779%2C409&ssl=1&resize=350%2C200","width":350,"height":200,"srcset":"https:\/\/i0.wp.com\/www.shqiperia.com\/blog\/wp-content\/uploads\/2024\/12\/berishaaaaa.jpg?fit=779%2C409&ssl=1&resize=350%2C200 1x, https:\/\/i0.wp.com\/www.shqiperia.com\/blog\/wp-content\/uploads\/2024\/12\/berishaaaaa.jpg?fit=779%2C409&ssl=1&resize=525%2C300 1.5x, https:\/\/i0.wp.com\/www.shqiperia.com\/blog\/wp-content\/uploads\/2024\/12\/berishaaaaa.jpg?fit=779%2C409&ssl=1&resize=700%2C400 2x"},"classes":[]}],"_links":{"self":[{"href":"https:\/\/www.shqiperia.com\/blog\/wp-json\/wp\/v2\/posts\/40771","targetHints":{"allow":["GET"]}}],"collection":[{"href":"https:\/\/www.shqiperia.com\/blog\/wp-json\/wp\/v2\/posts"}],"about":[{"href":"https:\/\/www.shqiperia.com\/blog\/wp-json\/wp\/v2\/types\/post"}],"author":[{"embeddable":true,"href":"https:\/\/www.shqiperia.com\/blog\/wp-json\/wp\/v2\/users\/9"}],"replies":[{"embeddable":true,"href":"https:\/\/www.shqiperia.com\/blog\/wp-json\/wp\/v2\/comments?post=40771"}],"version-history":[{"count":1,"href":"https:\/\/www.shqiperia.com\/blog\/wp-json\/wp\/v2\/posts\/40771\/revisions"}],"predecessor-version":[{"id":40773,"href":"https:\/\/www.shqiperia.com\/blog\/wp-json\/wp\/v2\/posts\/40771\/revisions\/40773"}],"wp:featuredmedia":[{"embeddable":true,"href":"https:\/\/www.shqiperia.com\/blog\/wp-json\/wp\/v2\/media\/40772"}],"wp:attachment":[{"href":"https:\/\/www.shqiperia.com\/blog\/wp-json\/wp\/v2\/media?parent=40771"}],"wp:term":[{"taxonomy":"category","embeddable":true,"href":"https:\/\/www.shqiperia.com\/blog\/wp-json\/wp\/v2\/categories?post=40771"},{"taxonomy":"post_tag","embeddable":true,"href":"https:\/\/www.shqiperia.com\/blog\/wp-json\/wp\/v2\/tags?post=40771"}],"curies":[{"name":"wp","href":"https:\/\/api.w.org\/{rel}","templated":true}]}}