{"id":40767,"date":"2020-11-11T15:47:13","date_gmt":"2020-11-11T15:47:13","guid":{"rendered":"https:\/\/www.shqiperia.com\/blog\/?p=40767"},"modified":"2020-11-11T15:49:01","modified_gmt":"2020-11-11T15:49:01","slug":"i-jepet-lamtumira-e-fundit-shqiptarit-qe-u-vra-ne-vjene-nga-sulmi-terrorist","status":"publish","type":"post","link":"https:\/\/www.shqiperia.com\/blog\/i-jepet-lamtumira-e-fundit-shqiptarit-qe-u-vra-ne-vjene-nga-sulmi-terrorist\/","title":{"rendered":"I jepet lamtumira e fundit shqiptarit q\u00eb u vra n\u00eb Vjen\u00eb nga sulmi terrorist"},"content":{"rendered":"<p><img data-recalc-dims=\"1\" loading=\"lazy\" decoding=\"async\" data-attachment-id=\"40768\" data-permalink=\"https:\/\/www.shqiperia.com\/blog\/i-jepet-lamtumira-e-fundit-shqiptarit-qe-u-vra-ne-vjene-nga-sulmi-terrorist\/640-0-93c251e93655599d0eee3a78bc3b6356\/\" data-orig-file=\"https:\/\/i0.wp.com\/www.shqiperia.com\/blog\/wp-content\/uploads\/2020\/11\/640-0-93c251e93655599d0eee3a78bc3b6356.jpg?fit=640%2C367&amp;ssl=1\" data-orig-size=\"640,367\" data-comments-opened=\"1\" data-image-meta=\"{&quot;aperture&quot;:&quot;0&quot;,&quot;credit&quot;:&quot;&quot;,&quot;camera&quot;:&quot;&quot;,&quot;caption&quot;:&quot;&quot;,&quot;created_timestamp&quot;:&quot;0&quot;,&quot;copyright&quot;:&quot;&quot;,&quot;focal_length&quot;:&quot;0&quot;,&quot;iso&quot;:&quot;0&quot;,&quot;shutter_speed&quot;:&quot;0&quot;,&quot;title&quot;:&quot;&quot;,&quot;orientation&quot;:&quot;0&quot;}\" data-image-title=\"-640-0-93c251e93655599d0eee3a78bc3b6356\" data-image-description=\"\" data-image-caption=\"\" data-medium-file=\"https:\/\/i0.wp.com\/www.shqiperia.com\/blog\/wp-content\/uploads\/2020\/11\/640-0-93c251e93655599d0eee3a78bc3b6356.jpg?fit=300%2C172&amp;ssl=1\" data-large-file=\"https:\/\/i0.wp.com\/www.shqiperia.com\/blog\/wp-content\/uploads\/2020\/11\/640-0-93c251e93655599d0eee3a78bc3b6356.jpg?fit=640%2C367&amp;ssl=1\" class=\"alignnone wp-image-40768\" alt=\"\" src=\"https:\/\/i0.wp.com\/www.shqiperia.com\/blog\/wp-content\/uploads\/2020\/11\/640-0-93c251e93655599d0eee3a78bc3b6356.jpg?resize=459%2C263&#038;ssl=1\" width=\"459\" height=\"263\" srcset=\"https:\/\/i0.wp.com\/www.shqiperia.com\/blog\/wp-content\/uploads\/2020\/11\/640-0-93c251e93655599d0eee3a78bc3b6356.jpg?resize=300%2C172&amp;ssl=1 300w, https:\/\/i0.wp.com\/www.shqiperia.com\/blog\/wp-content\/uploads\/2020\/11\/640-0-93c251e93655599d0eee3a78bc3b6356.jpg?resize=450%2C258&amp;ssl=1 450w, https:\/\/i0.wp.com\/www.shqiperia.com\/blog\/wp-content\/uploads\/2020\/11\/640-0-93c251e93655599d0eee3a78bc3b6356.jpg?resize=600%2C344&amp;ssl=1 600w, https:\/\/i0.wp.com\/www.shqiperia.com\/blog\/wp-content\/uploads\/2020\/11\/640-0-93c251e93655599d0eee3a78bc3b6356.jpg?resize=400%2C229&amp;ssl=1 400w, https:\/\/i0.wp.com\/www.shqiperia.com\/blog\/wp-content\/uploads\/2020\/11\/640-0-93c251e93655599d0eee3a78bc3b6356.jpg?w=640&amp;ssl=1 640w\" sizes=\"auto, (max-width: 459px) 100vw, 459px\" \/><\/p>\n<p><strong>I jepet lamtumira e fundit shqiptarit q\u00eb u vra n\u00eb Vjen\u00eb nga sulmi terrorist <\/strong><\/p>\n<p><strong>11 N\u00cbNTOR 2020<\/strong><\/p>\n<p>Qytetar\u00ebt e Strug\u00ebs i dhan\u00eb lamtumir\u00ebn e fundit, 21-vje\u00e7arit Nexhip Vrenezit q\u00eb m\u00eb 2 n\u00ebntor u vra n\u00eb sulmin terrorist n\u00eb qend\u00ebr t\u00eb Vjen\u00ebs.<\/p>\n<p>Lajmin p\u00ebr varrimin e tij e kan\u00eb b\u00ebr\u00eb t\u00eb ditur familjar\u00ebt, duke theksuar se lamtumira e fundit djalit t\u00eb tyre iu dha sot n\u00eb mesdit\u00eb.<\/p>\n<p>N\u00eb ceremonin\u00eb e varrimit ishin t\u00eb pranish\u00ebm qytetar\u00eb nga Struga dhe vendbanime tjera, por edhe m\u00ebrgimtar\u00eb t\u00eb ardhur nga Austria dhe vendet e tjera evropiane.<\/p>\n<p>21-vje\u00e7ari nat\u00ebn e 2 n\u00ebntorit ishte nd\u00ebr kat\u00ebr viktimat t\u00eb pafajshme dhe mbi 20 persona t\u00eb plagosur q\u00eb u sulmuan nga nj\u00eb grup terrorist n\u00eb mesin e t\u00eb cil\u00ebve ishte Kujtim Fejzullai, q\u00eb u ekzekutua nga policia austriake.<\/p>\n<p><img data-recalc-dims=\"1\" loading=\"lazy\" decoding=\"async\" data-attachment-id=\"40769\" data-permalink=\"https:\/\/www.shqiperia.com\/blog\/i-jepet-lamtumira-e-fundit-shqiptarit-qe-u-vra-ne-vjene-nga-sulmi-terrorist\/640-0-5fabffed5501f\/\" data-orig-file=\"https:\/\/i0.wp.com\/www.shqiperia.com\/blog\/wp-content\/uploads\/2020\/11\/640-0-5fabffed5501f.jpg?fit=640%2C444&amp;ssl=1\" data-orig-size=\"640,444\" data-comments-opened=\"1\" data-image-meta=\"{&quot;aperture&quot;:&quot;0&quot;,&quot;credit&quot;:&quot;&quot;,&quot;camera&quot;:&quot;&quot;,&quot;caption&quot;:&quot;&quot;,&quot;created_timestamp&quot;:&quot;0&quot;,&quot;copyright&quot;:&quot;&quot;,&quot;focal_length&quot;:&quot;0&quot;,&quot;iso&quot;:&quot;0&quot;,&quot;shutter_speed&quot;:&quot;0&quot;,&quot;title&quot;:&quot;&quot;,&quot;orientation&quot;:&quot;0&quot;}\" data-image-title=\"-640-0-5fabffed5501f\" data-image-description=\"\" data-image-caption=\"\" data-medium-file=\"https:\/\/i0.wp.com\/www.shqiperia.com\/blog\/wp-content\/uploads\/2020\/11\/640-0-5fabffed5501f.jpg?fit=300%2C208&amp;ssl=1\" data-large-file=\"https:\/\/i0.wp.com\/www.shqiperia.com\/blog\/wp-content\/uploads\/2020\/11\/640-0-5fabffed5501f.jpg?fit=640%2C444&amp;ssl=1\" class=\"alignnone wp-image-40769\" alt=\"\" src=\"https:\/\/i0.wp.com\/www.shqiperia.com\/blog\/wp-content\/uploads\/2020\/11\/640-0-5fabffed5501f.jpg?resize=483%2C335&#038;ssl=1\" width=\"483\" height=\"335\" srcset=\"https:\/\/i0.wp.com\/www.shqiperia.com\/blog\/wp-content\/uploads\/2020\/11\/640-0-5fabffed5501f.jpg?resize=300%2C208&amp;ssl=1 300w, https:\/\/i0.wp.com\/www.shqiperia.com\/blog\/wp-content\/uploads\/2020\/11\/640-0-5fabffed5501f.jpg?resize=450%2C312&amp;ssl=1 450w, https:\/\/i0.wp.com\/www.shqiperia.com\/blog\/wp-content\/uploads\/2020\/11\/640-0-5fabffed5501f.jpg?resize=600%2C416&amp;ssl=1 600w, https:\/\/i0.wp.com\/www.shqiperia.com\/blog\/wp-content\/uploads\/2020\/11\/640-0-5fabffed5501f.jpg?resize=400%2C278&amp;ssl=1 400w, https:\/\/i0.wp.com\/www.shqiperia.com\/blog\/wp-content\/uploads\/2020\/11\/640-0-5fabffed5501f.jpg?w=640&amp;ssl=1 640w\" sizes=\"auto, (max-width: 483px) 100vw, 483px\" \/><\/p>\n<p>Nexhipi at\u00eb nat\u00eb kishte dalur me familjar p\u00ebr t\u00eb festuar pun\u00ebsimin e tij.<\/p>\n<p><strong>Strugalajm<\/strong><\/p>\n","protected":false},"excerpt":{"rendered":"<p>I jepet lamtumira e fundit shqiptarit q\u00eb u vra n\u00eb Vjen\u00eb nga sulmi terrorist 11 N\u00cbNTOR 2020 Qytetar\u00ebt e Strug\u00ebs i dhan\u00eb lamtumir\u00ebn e fundit, 21-vje\u00e7arit Nexhip Vrenezit q\u00eb m\u00eb 2 n\u00ebntor u vra n\u00eb sulmin terrorist n\u00eb qend\u00ebr t\u00eb Vjen\u00ebs. Lajmin p\u00ebr varrimin e tij e kan\u00eb b\u00ebr\u00eb t\u00eb ditur familjar\u00ebt, duke theksuar se [&hellip;]<\/p>\n","protected":false},"author":9,"featured_media":40768,"comment_status":"open","ping_status":"open","sticky":false,"template":"","format":"standard","meta":{"jetpack_post_was_ever_published":false,"_jetpack_newsletter_access":"","_jetpack_dont_email_post_to_subs":false,"_jetpack_newsletter_tier_id":0,"_jetpack_memberships_contains_paywalled_content":false,"_jetpack_memberships_contains_paid_content":false,"footnotes":"","jetpack_publicize_message":"","jetpack_publicize_feature_enabled":true,"jetpack_social_post_already_shared":true,"jetpack_social_options":{"image_generator_settings":{"template":"highway","default_image_id":0,"font":"","enabled":false},"version":2}},"categories":[27,1,35],"tags":[],"class_list":["post-40767","post","type-post","status-publish","format-standard","has-post-thumbnail","hentry","category-blogu-i-udhetarit","category-njoftime-shtypi","category-shoqerore"],"jetpack_publicize_connections":[],"jetpack_featured_media_url":"https:\/\/i0.wp.com\/www.shqiperia.com\/blog\/wp-content\/uploads\/2020\/11\/640-0-93c251e93655599d0eee3a78bc3b6356.jpg?fit=640%2C367&ssl=1","jetpack_sharing_enabled":true,"jetpack_shortlink":"https:\/\/wp.me\/p5Z6wp-aBx","jetpack-related-posts":[{"id":31323,"url":"https:\/\/www.shqiperia.com\/blog\/sot-dite-zie-ne-kosove-i-jepet-lamtumira-e-fundit-nexhmije-pagarushes\/","url_meta":{"origin":40767,"position":0},"title":"Sot dit\u00eb zie n\u00eb Kosov\u00eb, i jepet lamtumira e fundit Nexhmije Pagarush\u00ebs","author":"Kurt Farka","date":"February 9, 2020","format":false,"excerpt":"Sot dit\u00eb zie n\u00eb Kosov\u00eb, i jepet lamtumira e fundit Nexhmije Pagarush\u00ebs 9 shkurt 2020 Kosova \u00ebsht\u00eb sot n\u00eb zi. Presidenti Hashim Tha\u00e7i e ka caktuar 9 shkurtin, dit\u00eb zi komb\u00ebtare n\u00eb nderim t\u00eb vepr\u00ebs q\u00eb la pas k\u00ebng\u00ebtarja e mir\u00ebnjohur Nexhmije Pagarusha. K\u00ebt\u00eb t\u00eb diel\u00eb flamuri flamuri do t\u00eb\u2026","rel":"","context":"In &quot;Arte&quot;","block_context":{"text":"Arte","link":"https:\/\/www.shqiperia.com\/blog\/category\/arte\/"},"img":{"alt_text":"","src":"https:\/\/i0.wp.com\/www.shqiperia.com\/blog\/wp-content\/uploads\/2020\/02\/sulmuesi-5-3-905x450-1.jpg?fit=905%2C450&ssl=1&resize=350%2C200","width":350,"height":200,"srcset":"https:\/\/i0.wp.com\/www.shqiperia.com\/blog\/wp-content\/uploads\/2020\/02\/sulmuesi-5-3-905x450-1.jpg?fit=905%2C450&ssl=1&resize=350%2C200 1x, https:\/\/i0.wp.com\/www.shqiperia.com\/blog\/wp-content\/uploads\/2020\/02\/sulmuesi-5-3-905x450-1.jpg?fit=905%2C450&ssl=1&resize=525%2C300 1.5x, https:\/\/i0.wp.com\/www.shqiperia.com\/blog\/wp-content\/uploads\/2020\/02\/sulmuesi-5-3-905x450-1.jpg?fit=905%2C450&ssl=1&resize=700%2C400 2x"},"classes":[]},{"id":40474,"url":"https:\/\/www.shqiperia.com\/blog\/sulmi-terrorist-ne-vjene-mes-viktimave-edhe-nje-shqiptar-nga-struga\/","url_meta":{"origin":40767,"position":1},"title":"Sulmi terrorist n\u00eb Vjen\u00eb\/ Mes viktimave edhe nj\u00eb shqiptar nga Struga","author":"Kurt Farka","date":"November 3, 2020","format":false,"excerpt":"Sulmi terrorist n\u00eb Vjen\u00eb\/ Mes viktimave edhe nj\u00eb shqiptar nga Struga 3 N\u00cbNTOR 2020 Nj\u00eb shqiptar nga Struga \u00ebsht\u00eb mes kat\u00ebr viktimave q\u00eb mbet\u00ebn t\u00eb vrar\u00eb dje n\u00eb Vjen\u00eb t\u00eb Austris\u00eb, pas sulmit terrorist. Viktima \u00ebsht\u00eb identifikuar si Nexhip Vrenezi, 20-vje\u00e7, i cili u q\u00ebllua p\u00ebr vdekje nga agresor\u00ebt. Autori\u2026","rel":"","context":"In &quot;Blogu i Udh\u00ebtarit&quot;","block_context":{"text":"Blogu i Udh\u00ebtarit","link":"https:\/\/www.shqiperia.com\/blog\/category\/blogu-i-udhetarit\/"},"img":{"alt_text":"","src":"https:\/\/i0.wp.com\/www.shqiperia.com\/blog\/wp-content\/uploads\/2020\/11\/640-0-5fa15c5b71c77.jpeg?fit=640%2C361&ssl=1&resize=350%2C200","width":350,"height":200,"srcset":"https:\/\/i0.wp.com\/www.shqiperia.com\/blog\/wp-content\/uploads\/2020\/11\/640-0-5fa15c5b71c77.jpeg?fit=640%2C361&ssl=1&resize=350%2C200 1x, https:\/\/i0.wp.com\/www.shqiperia.com\/blog\/wp-content\/uploads\/2020\/11\/640-0-5fa15c5b71c77.jpeg?fit=640%2C361&ssl=1&resize=525%2C300 1.5x"},"classes":[]},{"id":40462,"url":"https:\/\/www.shqiperia.com\/blog\/gazetari-austriak-njeri-nga-sulmuesit-terrorist-ne-vjene-eshte-me-origjine-shqiptare-ja-nga-mendohet-se-eshte\/","url_meta":{"origin":40767,"position":2},"title":"Gazetari austriak: &#8211; Nj\u00ebri nga sulmuesit terrorist n\u00eb Vjen\u00eb \u00ebsht\u00eb me origjin\u00eb shqiptare. Ja nga mendohet se \u00ebsht\u00eb","author":"Kurt Farka","date":"November 3, 2020","format":false,"excerpt":"Gazetari austriak: - Nj\u00ebri nga sulmuesit terrorist n\u00eb Vjen\u00eb \u00ebsht\u00eb me origjin\u00eb shqiptare. Ja nga mendohet se \u00ebsht\u00eb 3 nentor 2020 Gazetari austriak Florian Klenk ka deklaruar se nj\u00eb nga sulmuesit terrorist\u00eb n\u00eb Vjen\u00eb \u00ebsht\u00eb me origjin\u00eb shqiptare, i cili mendohet se \u00ebsht\u00eb nga trojet shqiptare t\u00eb Maqedonis\u00eb s\u00eb Veriut.\u2026","rel":"","context":"In &quot;Blogu i Udh\u00ebtarit&quot;","block_context":{"text":"Blogu i Udh\u00ebtarit","link":"https:\/\/www.shqiperia.com\/blog\/category\/blogu-i-udhetarit\/"},"img":{"alt_text":"","src":"https:\/\/i0.wp.com\/www.shqiperia.com\/blog\/wp-content\/uploads\/2020\/11\/75F76DD5-49C1-43B6-819E-538670F48342-485x360-1.jpeg?fit=485%2C245&ssl=1&resize=350%2C200","width":350,"height":200},"classes":[]},{"id":62682,"url":"https:\/\/www.shqiperia.com\/blog\/lamtumira-e-fundit-per-sali-shijakun-mjeshtri-i-piktures-shqiptare\/","url_meta":{"origin":40767,"position":3},"title":"Lamtumira e fundit p\u00ebr Sali Shijakun, mjeshtri i piktur\u00ebs shqiptare","author":"Kurt Farka","date":"September 26, 2022","format":false,"excerpt":"25 Shtator 2022 N\u00eb hollin e Teatrit Komb\u00ebtar t\u00eb Operas dhe Baletit, mjeshtrit t\u00eb madh t\u00eb piktur\u00ebs shqiptare Sali Shijakut ju b\u00ebn\u00eb nderimet e fundit. Artistit, q\u00eb cil\u00ebsohet si piktori i identitetit komb\u00ebtar, ju dha lamtumira nga miq, t\u00eb af\u00ebrm, kolege e bashk\u00ebpun\u00ebtor\u00eb nd\u00ebr vite. Orgesi, i biri i q\u00ebndroi\u2026","rel":"","context":"In &quot;Blogu i Udh\u00ebtarit&quot;","block_context":{"text":"Blogu i Udh\u00ebtarit","link":"https:\/\/www.shqiperia.com\/blog\/category\/blogu-i-udhetarit\/"},"img":{"alt_text":"","src":"https:\/\/i0.wp.com\/www.shqiperia.com\/blog\/wp-content\/uploads\/2022\/09\/Lamtumira-e-fundit-per-Sali-Shijakun.png?fit=1083%2C575&ssl=1&resize=350%2C200","width":350,"height":200,"srcset":"https:\/\/i0.wp.com\/www.shqiperia.com\/blog\/wp-content\/uploads\/2022\/09\/Lamtumira-e-fundit-per-Sali-Shijakun.png?fit=1083%2C575&ssl=1&resize=350%2C200 1x, https:\/\/i0.wp.com\/www.shqiperia.com\/blog\/wp-content\/uploads\/2022\/09\/Lamtumira-e-fundit-per-Sali-Shijakun.png?fit=1083%2C575&ssl=1&resize=525%2C300 1.5x, https:\/\/i0.wp.com\/www.shqiperia.com\/blog\/wp-content\/uploads\/2022\/09\/Lamtumira-e-fundit-per-Sali-Shijakun.png?fit=1083%2C575&ssl=1&resize=700%2C400 2x, https:\/\/i0.wp.com\/www.shqiperia.com\/blog\/wp-content\/uploads\/2022\/09\/Lamtumira-e-fundit-per-Sali-Shijakun.png?fit=1083%2C575&ssl=1&resize=1050%2C600 3x"},"classes":[]},{"id":51171,"url":"https:\/\/www.shqiperia.com\/blog\/i-humbur-prej-78-vitesh-i-jepet-lamtumira-rreshterit-anglez-misionet-e-fshehta-britanike-ne-shqiperi-gjate-luftes-se-dyte-boterore\/","url_meta":{"origin":40767,"position":4},"title":"I humbur prej 78 vitesh, i jepet lamtumira rreshterit anglez! Misionet e fshehta britanike n\u00eb Shqip\u00ebri gjat\u00eb Luft\u00ebs s\u00eb Dyt\u00eb Bot\u00ebrore","author":"Kurt Farka","date":"November 8, 2021","format":false,"excerpt":"I humbur prej 78 vitesh, i jepet lamtumira rreshterit anglez! Misionet e fshehta britanike n\u00eb Shqip\u00ebri gjat\u00eb Luft\u00ebs s\u00eb Dyt\u00eb Bot\u00ebrore 78 vite nga rr\u00ebzimi i avionit britanik pran\u00eb zon\u00ebs s\u00eb Dukatit n\u00eb Vlor\u00eb, rreshterit anglez i jepet lamtumira e fundit n\u00eb 100 vjetorin e lindjes s\u00eb tij. Historian Rodrick\u2026","rel":"","context":"In &quot;Histori&quot;","block_context":{"text":"Histori","link":"https:\/\/www.shqiperia.com\/blog\/category\/histori\/"},"img":{"alt_text":"","src":"https:\/\/i0.wp.com\/www.shqiperia.com\/blog\/wp-content\/uploads\/2021\/11\/1636104932_PILOTO.jpg?fit=780%2C440&ssl=1&resize=350%2C200","width":350,"height":200,"srcset":"https:\/\/i0.wp.com\/www.shqiperia.com\/blog\/wp-content\/uploads\/2021\/11\/1636104932_PILOTO.jpg?fit=780%2C440&ssl=1&resize=350%2C200 1x, https:\/\/i0.wp.com\/www.shqiperia.com\/blog\/wp-content\/uploads\/2021\/11\/1636104932_PILOTO.jpg?fit=780%2C440&ssl=1&resize=525%2C300 1.5x, https:\/\/i0.wp.com\/www.shqiperia.com\/blog\/wp-content\/uploads\/2021\/11\/1636104932_PILOTO.jpg?fit=780%2C440&ssl=1&resize=700%2C400 2x"},"classes":[]},{"id":82413,"url":"https:\/\/www.shqiperia.com\/blog\/i-jepet-sot-lamtumira-e-fundit-ismail-kadarese-ne-ceremonine-mortore-shteterore-te-gjeniut-letrar-marrin-pjese-kreret-e-shtetit-e-diplomate\/","url_meta":{"origin":40767,"position":5},"title":"I jepet sot lamtumira e fundit Ismail Kadares\u00eb, n\u00eb ceremonin\u00eb mortore shtet\u00ebrore t\u00eb gjeniut letrar marrin pjes\u00eb krer\u00ebt e shtetit e diplomat\u00eb!","author":"Kurt Farka","date":"July 3, 2024","format":false,"excerpt":"3 Korrik 2024 Shqip\u00ebria prej 2 dit\u00ebsh \u00ebsht\u00eb n\u00eb zi komb\u00ebtare. Humbja e Ismail Kadares\u00eb ka b\u00ebr\u00eb q\u00eb qeveria t\u00eb ul\u00eb flamurin nj\u00eb gjysm\u00eb shtiz\u00eb n\u00eb t\u00eb gjitha institucionet. Nd\u00ebrkoh\u00eb Kosova ka shpallur 3 korrikun dit\u00eb zie komb\u00ebtare. Kadare do t\u00eb p\u00ebrcillet dit\u00ebn e sotme p\u00ebr n\u00eb banes\u00ebn e fundit\u2026","rel":"","context":"In &quot;Blogu i Udh\u00ebtarit&quot;","block_context":{"text":"Blogu i Udh\u00ebtarit","link":"https:\/\/www.shqiperia.com\/blog\/category\/blogu-i-udhetarit\/"},"img":{"alt_text":"","src":"https:\/\/i0.wp.com\/www.shqiperia.com\/blog\/wp-content\/uploads\/2024\/07\/auto_Ismail-Kadare-31719823189.jpg?fit=900%2C588&ssl=1&resize=350%2C200","width":350,"height":200,"srcset":"https:\/\/i0.wp.com\/www.shqiperia.com\/blog\/wp-content\/uploads\/2024\/07\/auto_Ismail-Kadare-31719823189.jpg?fit=900%2C588&ssl=1&resize=350%2C200 1x, https:\/\/i0.wp.com\/www.shqiperia.com\/blog\/wp-content\/uploads\/2024\/07\/auto_Ismail-Kadare-31719823189.jpg?fit=900%2C588&ssl=1&resize=525%2C300 1.5x, https:\/\/i0.wp.com\/www.shqiperia.com\/blog\/wp-content\/uploads\/2024\/07\/auto_Ismail-Kadare-31719823189.jpg?fit=900%2C588&ssl=1&resize=700%2C400 2x"},"classes":[]}],"_links":{"self":[{"href":"https:\/\/www.shqiperia.com\/blog\/wp-json\/wp\/v2\/posts\/40767","targetHints":{"allow":["GET"]}}],"collection":[{"href":"https:\/\/www.shqiperia.com\/blog\/wp-json\/wp\/v2\/posts"}],"about":[{"href":"https:\/\/www.shqiperia.com\/blog\/wp-json\/wp\/v2\/types\/post"}],"author":[{"embeddable":true,"href":"https:\/\/www.shqiperia.com\/blog\/wp-json\/wp\/v2\/users\/9"}],"replies":[{"embeddable":true,"href":"https:\/\/www.shqiperia.com\/blog\/wp-json\/wp\/v2\/comments?post=40767"}],"version-history":[{"count":1,"href":"https:\/\/www.shqiperia.com\/blog\/wp-json\/wp\/v2\/posts\/40767\/revisions"}],"predecessor-version":[{"id":40770,"href":"https:\/\/www.shqiperia.com\/blog\/wp-json\/wp\/v2\/posts\/40767\/revisions\/40770"}],"wp:featuredmedia":[{"embeddable":true,"href":"https:\/\/www.shqiperia.com\/blog\/wp-json\/wp\/v2\/media\/40768"}],"wp:attachment":[{"href":"https:\/\/www.shqiperia.com\/blog\/wp-json\/wp\/v2\/media?parent=40767"}],"wp:term":[{"taxonomy":"category","embeddable":true,"href":"https:\/\/www.shqiperia.com\/blog\/wp-json\/wp\/v2\/categories?post=40767"},{"taxonomy":"post_tag","embeddable":true,"href":"https:\/\/www.shqiperia.com\/blog\/wp-json\/wp\/v2\/tags?post=40767"}],"curies":[{"name":"wp","href":"https:\/\/api.w.org\/{rel}","templated":true}]}}