{"id":40762,"date":"2020-11-11T14:30:03","date_gmt":"2020-11-11T14:30:03","guid":{"rendered":"https:\/\/www.shqiperia.com\/blog\/?p=40762"},"modified":"2020-11-11T14:30:03","modified_gmt":"2020-11-11T14:30:03","slug":"termet-i-lehte-ne-tirane-disa-po-largohen-nga-shtepite-ora-15-e-25","status":"publish","type":"post","link":"https:\/\/www.shqiperia.com\/blog\/termet-i-lehte-ne-tirane-disa-po-largohen-nga-shtepite-ora-15-e-25\/","title":{"rendered":"Termet i lehte ne Tirane. Disa po largohen nga Shtepite. Ora 15 e 25."},"content":{"rendered":"<div id=\"attachment_40765\" style=\"width: 537px\" class=\"wp-caption alignnone\"><img data-recalc-dims=\"1\" loading=\"lazy\" decoding=\"async\" aria-describedby=\"caption-attachment-40765\" data-attachment-id=\"40765\" data-permalink=\"https:\/\/www.shqiperia.com\/blog\/termet-i-lehte-ne-tirane-disa-po-largohen-nga-shtepite-ora-15-e-25\/termet-i-lehte-ne-tirane-disa-po-largohen-nga-shtepite-ora-15-e-25-2\/\" data-orig-file=\"https:\/\/i0.wp.com\/www.shqiperia.com\/blog\/wp-content\/uploads\/2020\/11\/Termet-i-lehte-ne-Tirane.-Disa-po-largohen-nga-Shtepite.-Ora-15-e-25.-1.jpg?fit=840%2C440&amp;ssl=1\" data-orig-size=\"840,440\" data-comments-opened=\"1\" data-image-meta=\"{&quot;aperture&quot;:&quot;0&quot;,&quot;credit&quot;:&quot;&quot;,&quot;camera&quot;:&quot;&quot;,&quot;caption&quot;:&quot;&quot;,&quot;created_timestamp&quot;:&quot;0&quot;,&quot;copyright&quot;:&quot;&quot;,&quot;focal_length&quot;:&quot;0&quot;,&quot;iso&quot;:&quot;0&quot;,&quot;shutter_speed&quot;:&quot;0&quot;,&quot;title&quot;:&quot;&quot;,&quot;orientation&quot;:&quot;0&quot;}\" data-image-title=\"Termet i lehte ne Tirane. Disa po largohen nga Shtepite. Ora 15 e 25.\" data-image-description=\"\" data-image-caption=\"&lt;p&gt;Termet i lehte ne Tirane. Disa po largohen nga Shtepite. Ora 15 e 25.&lt;\/p&gt;\n\" data-medium-file=\"https:\/\/i0.wp.com\/www.shqiperia.com\/blog\/wp-content\/uploads\/2020\/11\/Termet-i-lehte-ne-Tirane.-Disa-po-largohen-nga-Shtepite.-Ora-15-e-25.-1.jpg?fit=300%2C157&amp;ssl=1\" data-large-file=\"https:\/\/i0.wp.com\/www.shqiperia.com\/blog\/wp-content\/uploads\/2020\/11\/Termet-i-lehte-ne-Tirane.-Disa-po-largohen-nga-Shtepite.-Ora-15-e-25.-1.jpg?fit=840%2C440&amp;ssl=1\" class=\" wp-image-40765\" alt=\"\" src=\"https:\/\/i0.wp.com\/www.shqiperia.com\/blog\/wp-content\/uploads\/2020\/11\/Termet-i-lehte-ne-Tirane.-Disa-po-largohen-nga-Shtepite.-Ora-15-e-25.-1.jpg?resize=527%2C276&#038;ssl=1\" width=\"527\" height=\"276\" srcset=\"https:\/\/i0.wp.com\/www.shqiperia.com\/blog\/wp-content\/uploads\/2020\/11\/Termet-i-lehte-ne-Tirane.-Disa-po-largohen-nga-Shtepite.-Ora-15-e-25.-1.jpg?resize=300%2C157&amp;ssl=1 300w, https:\/\/i0.wp.com\/www.shqiperia.com\/blog\/wp-content\/uploads\/2020\/11\/Termet-i-lehte-ne-Tirane.-Disa-po-largohen-nga-Shtepite.-Ora-15-e-25.-1.jpg?resize=768%2C402&amp;ssl=1 768w, https:\/\/i0.wp.com\/www.shqiperia.com\/blog\/wp-content\/uploads\/2020\/11\/Termet-i-lehte-ne-Tirane.-Disa-po-largohen-nga-Shtepite.-Ora-15-e-25.-1.jpg?resize=450%2C236&amp;ssl=1 450w, https:\/\/i0.wp.com\/www.shqiperia.com\/blog\/wp-content\/uploads\/2020\/11\/Termet-i-lehte-ne-Tirane.-Disa-po-largohen-nga-Shtepite.-Ora-15-e-25.-1.jpg?resize=600%2C314&amp;ssl=1 600w, https:\/\/i0.wp.com\/www.shqiperia.com\/blog\/wp-content\/uploads\/2020\/11\/Termet-i-lehte-ne-Tirane.-Disa-po-largohen-nga-Shtepite.-Ora-15-e-25.-1.jpg?resize=400%2C210&amp;ssl=1 400w, https:\/\/i0.wp.com\/www.shqiperia.com\/blog\/wp-content\/uploads\/2020\/11\/Termet-i-lehte-ne-Tirane.-Disa-po-largohen-nga-Shtepite.-Ora-15-e-25.-1.jpg?w=840&amp;ssl=1 840w\" sizes=\"auto, (max-width: 527px) 100vw, 527px\" \/><p id=\"caption-attachment-40765\" class=\"wp-caption-text\">Termet i lehte ne Tirane. Disa po largohen nga Shtepite. Ora 15 e 25.<\/p><\/div>\n<p>Termet i lehte ne Tirane.<\/p>\n<p>Disa po largohen nga Shtepite.<\/p>\n<p>Ora 15 e 25.<\/p>\n<p>11.nentor 2020.<\/p>\n","protected":false},"excerpt":{"rendered":"<p>Termet i lehte ne Tirane. Disa po largohen nga Shtepite. Ora 15 e 25. 11.nentor 2020.<\/p>\n","protected":false},"author":9,"featured_media":40763,"comment_status":"open","ping_status":"open","sticky":false,"template":"","format":"standard","meta":{"jetpack_post_was_ever_published":false,"_jetpack_newsletter_access":"","_jetpack_dont_email_post_to_subs":false,"_jetpack_newsletter_tier_id":0,"_jetpack_memberships_contains_paywalled_content":false,"_jetpack_memberships_contains_paid_content":false,"footnotes":"","jetpack_publicize_message":"","jetpack_publicize_feature_enabled":true,"jetpack_social_post_already_shared":true,"jetpack_social_options":{"image_generator_settings":{"template":"highway","default_image_id":0,"font":"","enabled":false},"version":2}},"categories":[27,35],"tags":[],"class_list":["post-40762","post","type-post","status-publish","format-standard","has-post-thumbnail","hentry","category-blogu-i-udhetarit","category-shoqerore"],"jetpack_publicize_connections":[],"jetpack_featured_media_url":"https:\/\/i0.wp.com\/www.shqiperia.com\/blog\/wp-content\/uploads\/2020\/11\/1571986552_termet3768x432-840x440-1.jpg?fit=840%2C440&ssl=1","jetpack_sharing_enabled":true,"jetpack_shortlink":"https:\/\/wp.me\/p5Z6wp-aBs","jetpack-related-posts":[{"id":57083,"url":"https:\/\/www.shqiperia.com\/blog\/termet-shumi-i-lehte-ne-tirane-ora-22-07\/","url_meta":{"origin":40762,"position":0},"title":"Termet shumi i lehte ne Tirane. Ora 22.07.","author":"Kurt Farka","date":"April 22, 2022","format":false,"excerpt":"Termet shumi i lehte ne Tirane. Ora 22.07. Gazeta Sot njofton: - Lekundje tr forta termeti ne disa qytete te vendit. Nj\u00eb t\u00ebrmet i fort\u00eb ka goditur Ballkanin mbr\u00ebmjen e sotme. L\u00ebkundjet e T\u00ebrmetit jan\u00eb ndier n\u00eb Shqip\u00ebri, Kroaci, Bosnj\u00eb Hercegovin\u00eb, Mal t\u00eb Zi dhe Kosov\u00eb. Forca e t\u00ebrmetit ka\u2026","rel":"","context":"In &quot;Blogu i Udh\u00ebtarit&quot;","block_context":{"text":"Blogu i Udh\u00ebtarit","link":"https:\/\/www.shqiperia.com\/blog\/category\/blogu-i-udhetarit\/"},"img":{"alt_text":"","src":"https:\/\/i0.wp.com\/www.shqiperia.com\/blog\/wp-content\/uploads\/2022\/04\/download.jpg?resize=350%2C200&ssl=1","width":350,"height":200},"classes":[]},{"id":97933,"url":"https:\/\/www.shqiperia.com\/blog\/termet-i-lehte-ne-tiran\/","url_meta":{"origin":40762,"position":1},"title":"Termet i Lehte ne Tirane.","author":"Kurt Farka","date":"February 24, 2026","format":false,"excerpt":"24 Shkurt 2026 Termet i Lehte ne Tirane. I shkurte, vetem disa sekonda. Ora 19.59.","rel":"","context":"In &quot;Blogu i Udh\u00ebtarit&quot;","block_context":{"text":"Blogu i Udh\u00ebtarit","link":"https:\/\/www.shqiperia.com\/blog\/category\/blogu-i-udhetarit\/"},"img":{"alt_text":"","src":"https:\/\/i0.wp.com\/www.shqiperia.com\/blog\/wp-content\/uploads\/2026\/02\/termettt.jpg?fit=704%2C457&ssl=1&resize=350%2C200","width":350,"height":200,"srcset":"https:\/\/i0.wp.com\/www.shqiperia.com\/blog\/wp-content\/uploads\/2026\/02\/termettt.jpg?fit=704%2C457&ssl=1&resize=350%2C200 1x, https:\/\/i0.wp.com\/www.shqiperia.com\/blog\/wp-content\/uploads\/2026\/02\/termettt.jpg?fit=704%2C457&ssl=1&resize=525%2C300 1.5x, https:\/\/i0.wp.com\/www.shqiperia.com\/blog\/wp-content\/uploads\/2026\/02\/termettt.jpg?fit=704%2C457&ssl=1&resize=700%2C400 2x"},"classes":[]},{"id":44923,"url":"https:\/\/www.shqiperia.com\/blog\/termet-i-lehte-ne-tirane-ora-19-40\/","url_meta":{"origin":40762,"position":2},"title":"Termet i lehte ne Tirane. Ora 19.40","author":"Kurt Farka","date":"March 4, 2021","format":false,"excerpt":"Termet i lehte ne Tirane. Dhente Perendia te mos kete qene diku larg i rrezikshem per njerzit. Ora 19.40 Nuk ka ende informacione lidhur me magnitud\u00ebn dhe epiqendr\u00ebn e t\u00ebrmetit. Zgjati shume, afro nje minute (ndoshta), se gjithmone keto fenomene te natyres duken me te gjata se realiteti.","rel":"","context":"In &quot;Kultura&quot;","block_context":{"text":"Kultura","link":"https:\/\/www.shqiperia.com\/blog\/category\/kultura\/"},"img":{"alt_text":"","src":"","width":0,"height":0},"classes":[]},{"id":44881,"url":"https:\/\/www.shqiperia.com\/blog\/termet-ne-tirane-jo-i-forte-por-dhe-jo-i-lehte\/","url_meta":{"origin":40762,"position":3},"title":"Termet ne Tirane. Jo i forte, por dhe jo i lehte.","author":"Kurt Farka","date":"March 3, 2021","format":false,"excerpt":"Termet ne Tirane. Jo i forte, por dhe jo i lehte. - Ora 11.17.","rel":"","context":"In &quot;Blogu i Udh\u00ebtarit&quot;","block_context":{"text":"Blogu i Udh\u00ebtarit","link":"https:\/\/www.shqiperia.com\/blog\/category\/blogu-i-udhetarit\/"},"img":{"alt_text":"","src":"https:\/\/i0.wp.com\/www.shqiperia.com\/blog\/wp-content\/uploads\/2021\/03\/640-0-603f62f04eb8a-1.jpg?fit=640%2C366&ssl=1&resize=350%2C200","width":350,"height":200,"srcset":"https:\/\/i0.wp.com\/www.shqiperia.com\/blog\/wp-content\/uploads\/2021\/03\/640-0-603f62f04eb8a-1.jpg?fit=640%2C366&ssl=1&resize=350%2C200 1x, https:\/\/i0.wp.com\/www.shqiperia.com\/blog\/wp-content\/uploads\/2021\/03\/640-0-603f62f04eb8a-1.jpg?fit=640%2C366&ssl=1&resize=525%2C300 1.5x"},"classes":[]},{"id":35539,"url":"https:\/\/www.shqiperia.com\/blog\/termet-i-lehte-ne-tirane\/","url_meta":{"origin":40762,"position":4},"title":"Termet i lehte ne Tirane","author":"Kurt Farka","date":"June 8, 2020","format":false,"excerpt":"Termet i lehte ne Tirane, ora 17.22 mituta. Sh\u00ebnohet nj\u00eb tjet\u00ebr l\u00ebkundje t\u00ebrmeti n\u00eb Shqip\u00ebri me magnitud\u00eb 4.7. T\u00ebrmeti \u00ebsht\u00eb ndjer\u00eb rreth or\u00ebs 17:22, paraprakisht llogaritet me magnitud\u00eb 4.7, l\u00ebkundjet kan\u00eb qen\u00eb t\u00eb shkurtra por jan\u00eb ndjer\u00eb duke shkaktuar edhe panik te qytetar\u00ebt.","rel":"","context":"In &quot;Blogu i Udh\u00ebtarit&quot;","block_context":{"text":"Blogu i Udh\u00ebtarit","link":"https:\/\/www.shqiperia.com\/blog\/category\/blogu-i-udhetarit\/"},"img":{"alt_text":"","src":"https:\/\/i0.wp.com\/www.shqiperia.com\/blog\/wp-content\/uploads\/2020\/06\/termeti2020-1.jpg?fit=456%2C233&ssl=1&resize=350%2C200","width":350,"height":200},"classes":[]},{"id":50018,"url":"https:\/\/www.shqiperia.com\/blog\/termet-i-lehte-dhe-i-shkurte-ne-shtrirjen-kohore-ne-tirane\/","url_meta":{"origin":40762,"position":5},"title":"Termet\u00a0 i lehte dhe i shkurte ne shtrirjen kohore ne Tirane","author":"Kurt Farka","date":"September 21, 2021","format":false,"excerpt":"21 shtator 2021 Termet\u00a0 i lehte dhe i shkurte ne shtrirjen kohore ne Tirane. Termeti u ndi ne Tirane, por mundet te kete epiqendren ne ndonje rajon tjeter te vendit. Ora 16.03.","rel":"","context":"In &quot;Njoftime Shtypi&quot;","block_context":{"text":"Njoftime Shtypi","link":"https:\/\/www.shqiperia.com\/blog\/category\/njoftime-shtypi\/"},"img":{"alt_text":"","src":"https:\/\/i0.wp.com\/www.shqiperia.com\/blog\/wp-content\/uploads\/2021\/09\/158804488-crop_2727a2cc51-scaled.jpeg?fit=1200%2C720&ssl=1&resize=350%2C200","width":350,"height":200,"srcset":"https:\/\/i0.wp.com\/www.shqiperia.com\/blog\/wp-content\/uploads\/2021\/09\/158804488-crop_2727a2cc51-scaled.jpeg?fit=1200%2C720&ssl=1&resize=350%2C200 1x, https:\/\/i0.wp.com\/www.shqiperia.com\/blog\/wp-content\/uploads\/2021\/09\/158804488-crop_2727a2cc51-scaled.jpeg?fit=1200%2C720&ssl=1&resize=525%2C300 1.5x, https:\/\/i0.wp.com\/www.shqiperia.com\/blog\/wp-content\/uploads\/2021\/09\/158804488-crop_2727a2cc51-scaled.jpeg?fit=1200%2C720&ssl=1&resize=700%2C400 2x, https:\/\/i0.wp.com\/www.shqiperia.com\/blog\/wp-content\/uploads\/2021\/09\/158804488-crop_2727a2cc51-scaled.jpeg?fit=1200%2C720&ssl=1&resize=1050%2C600 3x"},"classes":[]}],"_links":{"self":[{"href":"https:\/\/www.shqiperia.com\/blog\/wp-json\/wp\/v2\/posts\/40762","targetHints":{"allow":["GET"]}}],"collection":[{"href":"https:\/\/www.shqiperia.com\/blog\/wp-json\/wp\/v2\/posts"}],"about":[{"href":"https:\/\/www.shqiperia.com\/blog\/wp-json\/wp\/v2\/types\/post"}],"author":[{"embeddable":true,"href":"https:\/\/www.shqiperia.com\/blog\/wp-json\/wp\/v2\/users\/9"}],"replies":[{"embeddable":true,"href":"https:\/\/www.shqiperia.com\/blog\/wp-json\/wp\/v2\/comments?post=40762"}],"version-history":[{"count":1,"href":"https:\/\/www.shqiperia.com\/blog\/wp-json\/wp\/v2\/posts\/40762\/revisions"}],"predecessor-version":[{"id":40766,"href":"https:\/\/www.shqiperia.com\/blog\/wp-json\/wp\/v2\/posts\/40762\/revisions\/40766"}],"wp:featuredmedia":[{"embeddable":true,"href":"https:\/\/www.shqiperia.com\/blog\/wp-json\/wp\/v2\/media\/40763"}],"wp:attachment":[{"href":"https:\/\/www.shqiperia.com\/blog\/wp-json\/wp\/v2\/media?parent=40762"}],"wp:term":[{"taxonomy":"category","embeddable":true,"href":"https:\/\/www.shqiperia.com\/blog\/wp-json\/wp\/v2\/categories?post=40762"},{"taxonomy":"post_tag","embeddable":true,"href":"https:\/\/www.shqiperia.com\/blog\/wp-json\/wp\/v2\/tags?post=40762"}],"curies":[{"name":"wp","href":"https:\/\/api.w.org\/{rel}","templated":true}]}}