{"id":40759,"date":"2020-11-11T13:09:40","date_gmt":"2020-11-11T13:09:40","guid":{"rendered":"https:\/\/www.shqiperia.com\/blog\/?p=40759"},"modified":"2020-11-11T13:09:40","modified_gmt":"2020-11-11T13:09:40","slug":"kryeministri-kujton-ppp-apo-nuk-i-kuptohen-kodet-shkojne-ne-parti-sup-me-sup-e-p-me-p-dhe-pastaj-po-japim-lajmin-te-plote-per-ta","status":"publish","type":"post","link":"https:\/\/www.shqiperia.com\/blog\/kryeministri-kujton-ppp-apo-nuk-i-kuptohen-kodet-shkojne-ne-parti-sup-me-sup-e-p-me-p-dhe-pastaj-po-japim-lajmin-te-plote-per-ta\/","title":{"rendered":"Kryeministri kujton PPP, apo nuk i kuptohen kodet: &#8211; \u201cShkojn\u00eb n\u00eb parti, sup m\u00eb sup e P me P, dhe pastaj\u2026\u201d  Po japim lajmin te plote per ta\u2026"},"content":{"rendered":"<p><img data-recalc-dims=\"1\" loading=\"lazy\" decoding=\"async\" data-attachment-id=\"40760\" data-permalink=\"https:\/\/www.shqiperia.com\/blog\/kryeministri-kujton-ppp-apo-nuk-i-kuptohen-kodet-shkojne-ne-parti-sup-me-sup-e-p-me-p-dhe-pastaj-po-japim-lajmin-te-plote-per-ta\/rama-2\/\" data-orig-file=\"https:\/\/i0.wp.com\/www.shqiperia.com\/blog\/wp-content\/uploads\/2020\/11\/RAMA.jpg?fit=1920%2C1080&amp;ssl=1\" data-orig-size=\"1920,1080\" data-comments-opened=\"1\" data-image-meta=\"{&quot;aperture&quot;:&quot;0&quot;,&quot;credit&quot;:&quot;&quot;,&quot;camera&quot;:&quot;&quot;,&quot;caption&quot;:&quot;&quot;,&quot;created_timestamp&quot;:&quot;0&quot;,&quot;copyright&quot;:&quot;&quot;,&quot;focal_length&quot;:&quot;0&quot;,&quot;iso&quot;:&quot;0&quot;,&quot;shutter_speed&quot;:&quot;0&quot;,&quot;title&quot;:&quot;&quot;,&quot;orientation&quot;:&quot;0&quot;}\" data-image-title=\"RAMA\" data-image-description=\"\" data-image-caption=\"\" data-medium-file=\"https:\/\/i0.wp.com\/www.shqiperia.com\/blog\/wp-content\/uploads\/2020\/11\/RAMA.jpg?fit=300%2C169&amp;ssl=1\" data-large-file=\"https:\/\/i0.wp.com\/www.shqiperia.com\/blog\/wp-content\/uploads\/2020\/11\/RAMA.jpg?fit=1024%2C576&amp;ssl=1\" class=\"alignnone  wp-image-40760\" alt=\"\" src=\"https:\/\/i0.wp.com\/www.shqiperia.com\/blog\/wp-content\/uploads\/2020\/11\/RAMA.jpg?resize=518%2C292&#038;ssl=1\" width=\"518\" height=\"292\" srcset=\"https:\/\/i0.wp.com\/www.shqiperia.com\/blog\/wp-content\/uploads\/2020\/11\/RAMA.jpg?resize=300%2C169&amp;ssl=1 300w, https:\/\/i0.wp.com\/www.shqiperia.com\/blog\/wp-content\/uploads\/2020\/11\/RAMA.jpg?resize=1024%2C576&amp;ssl=1 1024w, https:\/\/i0.wp.com\/www.shqiperia.com\/blog\/wp-content\/uploads\/2020\/11\/RAMA.jpg?resize=768%2C432&amp;ssl=1 768w, https:\/\/i0.wp.com\/www.shqiperia.com\/blog\/wp-content\/uploads\/2020\/11\/RAMA.jpg?resize=1536%2C864&amp;ssl=1 1536w, https:\/\/i0.wp.com\/www.shqiperia.com\/blog\/wp-content\/uploads\/2020\/11\/RAMA.jpg?resize=450%2C253&amp;ssl=1 450w, https:\/\/i0.wp.com\/www.shqiperia.com\/blog\/wp-content\/uploads\/2020\/11\/RAMA.jpg?resize=600%2C338&amp;ssl=1 600w, https:\/\/i0.wp.com\/www.shqiperia.com\/blog\/wp-content\/uploads\/2020\/11\/RAMA.jpg?resize=1500%2C844&amp;ssl=1 1500w, https:\/\/i0.wp.com\/www.shqiperia.com\/blog\/wp-content\/uploads\/2020\/11\/RAMA.jpg?resize=1300%2C731&amp;ssl=1 1300w, https:\/\/i0.wp.com\/www.shqiperia.com\/blog\/wp-content\/uploads\/2020\/11\/RAMA.jpg?resize=400%2C225&amp;ssl=1 400w, https:\/\/i0.wp.com\/www.shqiperia.com\/blog\/wp-content\/uploads\/2020\/11\/RAMA.jpg?w=1920&amp;ssl=1 1920w\" sizes=\"auto, (max-width: 518px) 100vw, 518px\" \/><\/p>\n<p><strong>Kryeministri kujton PPP, apo nuk i kuptohen kodet: &#8211; <\/strong>\u201cShkojn\u00eb n\u00eb parti, sup m\u00eb sup e P me P, dhe pastaj\u2026\u201d<\/p>\n<p><strong>Po japim lajmin te plote per ta\u2026<\/strong><\/p>\n<p>&#8211; 11\/11\/20<\/p>\n<p>Duke folur p\u00ebr masat kufizuese, dhe duke th\u00ebn\u00eb se nuk do t\u00eb donte t\u00eb shkonte n\u00eb nj\u00eb mbyllje si her\u00ebn e par\u00eb lidhur me pandemin\u00eb, Rama shpjegoi pse u vendos kufizimi pas or\u00ebs 22.00. Sipas tij mbledhjet, bashkimet, festat pas k\u00ebsaj ore n\u00eb klubet e nat\u00ebs jan\u00eb t\u00eb rrezikshme.<\/p>\n<p>Kjo \u00ebsht\u00eb arsyeja, tha Rama, pse edhe Europa ka b\u00ebr\u00eb t\u00eb nj\u00ebjtat ndalime.<\/p>\n<p>Mir\u00ebpo, kryeministri ka p\u00ebrdorur nj\u00eb fjalor t\u00eb \u00e7uditsh\u00ebm, dhe t\u00eb pahijsh\u00ebm, dhe me nota erotizmi, me fjalor prej t\u00eb rriturish, edhe pse n\u00eb mesdit\u00eb, edhe pse i ka folur nj\u00eb puibliku masiv.<\/p>\n<p>\u201cShkojn\u00eb n\u00eb parti, sup m\u00eb sup e P me P, dhe pastaj fusin buz\u00ebt n\u00eb gota dhe puthen me kovidin\u201d, u shpreh Rama.<\/p>\n<p>Kjo fjali vjen n\u00eb fund t\u00eb nj\u00eb komunikimi t\u00eb gjat\u00eb dhe nervoz t\u00eb Kryeministrit lidhur me situat\u00ebn e pandemis\u00eb, ku tha se qeveria po e b\u00ebn pun\u00ebn si duhet, se sistemi sh\u00ebndet\u00ebsor \u00ebsht\u00eb n\u00eb rregull, por media, opinionist\u00ebt, gazetar\u00ebt dhe opozita, jan\u00eb ogurzeza dhe po mbjellin panik.<\/p>\n<pre>V.o.Titulli eshte i Admin.<\/pre>\n","protected":false},"excerpt":{"rendered":"<p>Kryeministri kujton PPP, apo nuk i kuptohen kodet: &#8211; \u201cShkojn\u00eb n\u00eb parti, sup m\u00eb sup e P me P, dhe pastaj\u2026\u201d Po japim lajmin te plote per ta\u2026 &#8211; 11\/11\/20 Duke folur p\u00ebr masat kufizuese, dhe duke th\u00ebn\u00eb se nuk do t\u00eb donte t\u00eb shkonte n\u00eb nj\u00eb mbyllje si her\u00ebn e par\u00eb lidhur me pandemin\u00eb, [&hellip;]<\/p>\n","protected":false},"author":9,"featured_media":40760,"comment_status":"open","ping_status":"open","sticky":false,"template":"","format":"standard","meta":{"jetpack_post_was_ever_published":false,"_jetpack_newsletter_access":"","_jetpack_dont_email_post_to_subs":false,"_jetpack_newsletter_tier_id":0,"_jetpack_memberships_contains_paywalled_content":false,"_jetpack_memberships_contains_paid_content":false,"footnotes":"","jetpack_publicize_message":"","jetpack_publicize_feature_enabled":true,"jetpack_social_post_already_shared":true,"jetpack_social_options":{"image_generator_settings":{"template":"highway","default_image_id":0,"font":"","enabled":false},"version":2}},"categories":[2,14,35],"tags":[],"class_list":["post-40759","post","type-post","status-publish","format-standard","has-post-thumbnail","hentry","category-politika","category-press-releases","category-shoqerore"],"jetpack_publicize_connections":[],"jetpack_featured_media_url":"https:\/\/i0.wp.com\/www.shqiperia.com\/blog\/wp-content\/uploads\/2020\/11\/RAMA.jpg?fit=1920%2C1080&ssl=1","jetpack_sharing_enabled":true,"jetpack_shortlink":"https:\/\/wp.me\/p5Z6wp-aBp","jetpack-related-posts":[{"id":18636,"url":"https:\/\/www.shqiperia.com\/blog\/lajmi-i-mire-nuk-eshte-i-semure-lajmi-i-keq-nuk-eshte-normal\/","url_meta":{"origin":40759,"position":0},"title":"Lajmi i mir\u00eb, nuk \u00ebsht\u00eb i s\u00ebmur\u00eb, lajmi i keq; nuk \u00ebsht\u00eb normal. &#8211;","author":"Kurt Farka","date":"March 22, 2019","format":false,"excerpt":"Lajmi i mir\u00eb, nuk \u00ebsht\u00eb i s\u00ebmur\u00eb, lajmi i keq; nuk \u00ebsht\u00eb normal. - Mapo.al Lajmi se Edi Rama nuk g\u00ebzon sh\u00ebndet t\u00eb mir\u00eb, po qarkullonte n\u00eb media prej 3 dit\u00ebsh.\u00a0Gazeta Mapo,\u00a0nuk raportoi dhe nuk shkroi asgj\u00eb rreth k\u00ebsaj, p\u00ebr arsye etike, duke q\u00ebn\u00eb se nuk ekzistonte nj\u00eb burim i\u2026","rel":"","context":"In &quot;Blogu i Udh\u00ebtarit&quot;","block_context":{"text":"Blogu i Udh\u00ebtarit","link":"https:\/\/www.shqiperia.com\/blog\/category\/blogu-i-udhetarit\/"},"img":{"alt_text":"","src":"https:\/\/i0.wp.com\/www.shqiperia.com\/blog\/wp-content\/uploads\/2019\/03\/rama-1.png?fit=702%2C385&ssl=1&resize=350%2C200","width":350,"height":200,"srcset":"https:\/\/i0.wp.com\/www.shqiperia.com\/blog\/wp-content\/uploads\/2019\/03\/rama-1.png?fit=702%2C385&ssl=1&resize=350%2C200 1x, https:\/\/i0.wp.com\/www.shqiperia.com\/blog\/wp-content\/uploads\/2019\/03\/rama-1.png?fit=702%2C385&ssl=1&resize=525%2C300 1.5x, https:\/\/i0.wp.com\/www.shqiperia.com\/blog\/wp-content\/uploads\/2019\/03\/rama-1.png?fit=702%2C385&ssl=1&resize=700%2C400 2x"},"classes":[]},{"id":81614,"url":"https:\/\/www.shqiperia.com\/blog\/ku-do-shkojne-refugjatet-qe-ju-mohohet-e-drejta-e-azilit-ne-itali\/","url_meta":{"origin":40759,"position":1},"title":"Ku do shkojne refugjatet q\u00eb ju mohohet e drejta e Azilit ne Itali!","author":"Kurt Farka","date":"June 5, 2024","format":false,"excerpt":"5 Qershor 2024 Lexoni Lajmin: - \u201cJan\u00eb 350 afgan\u00eb q\u00eb s\u2019pranohen n\u00eb SHBA! S\u2019do i hedhim n\u00eb det, por i paguajm\u00eb hotelin\u201d- Rama p\u00ebr refugjat\u00ebt nga Italia: Kemi tre mij\u00eb vende fikse! S\u2019b\u00ebjm\u00eb naze\u2026\" Rama:\u00a0Kjo \u00ebsht\u00eb nj\u00eb marr\u00ebveshje dhe dua ta theksoj k\u00ebt\u00eb, jo vet\u00ebm nuk ka ndeshur n\u00eb refuzim\u2026","rel":"","context":"In &quot;Blogu i Udh\u00ebtarit&quot;","block_context":{"text":"Blogu i Udh\u00ebtarit","link":"https:\/\/www.shqiperia.com\/blog\/category\/blogu-i-udhetarit\/"},"img":{"alt_text":"","src":"https:\/\/i0.wp.com\/www.shqiperia.com\/blog\/wp-content\/uploads\/2024\/06\/edi-rama12.jpg?fit=1200%2C682&ssl=1&resize=350%2C200","width":350,"height":200,"srcset":"https:\/\/i0.wp.com\/www.shqiperia.com\/blog\/wp-content\/uploads\/2024\/06\/edi-rama12.jpg?fit=1200%2C682&ssl=1&resize=350%2C200 1x, https:\/\/i0.wp.com\/www.shqiperia.com\/blog\/wp-content\/uploads\/2024\/06\/edi-rama12.jpg?fit=1200%2C682&ssl=1&resize=525%2C300 1.5x, https:\/\/i0.wp.com\/www.shqiperia.com\/blog\/wp-content\/uploads\/2024\/06\/edi-rama12.jpg?fit=1200%2C682&ssl=1&resize=700%2C400 2x, https:\/\/i0.wp.com\/www.shqiperia.com\/blog\/wp-content\/uploads\/2024\/06\/edi-rama12.jpg?fit=1200%2C682&ssl=1&resize=1050%2C600 3x"},"classes":[]},{"id":28337,"url":"https:\/\/www.shqiperia.com\/blog\/haradinaj-ironi-me-ramen-te-mesoje-te-beje-zgjedhje-pastaj-te-flase-per-kosoven\/","url_meta":{"origin":40759,"position":2},"title":"Haradinaj ironi me Ram\u00ebn: T\u00eb m\u00ebsoj\u00eb t\u00eb b\u00ebj\u00eb zgjedhje, pastaj t\u00eb flas\u00eb p\u00ebr Kosov\u00ebn. &#8211;","author":"Kurt Farka","date":"November 20, 2019","format":false,"excerpt":"Haradinaj ironi me Ram\u00ebn: T\u00eb m\u00ebsoj\u00eb t\u00eb b\u00ebj\u00eb zgjedhje, pastaj t\u00eb flas\u00eb p\u00ebr Kosov\u00ebn 20 N\u00ebntor 2019 Teksa n\u00eb Kosov\u00eb \u00ebsht\u00eb kund\u00ebrshtuar nga t\u00eb gjitha pal\u00ebt Schengeni Ballkanik, kryeministri Edi Rama, homologu maqedonas Zoran Zaev dhe presidentin e Serbis\u00eb, Aleksand\u00ebr Vu\u00e7i\u00e7 jan\u00eb duke b\u00ebr\u00eb p\u00ebrpjekje p\u00ebr t\u00eb shtyr\u00eb p\u00ebrpara k\u00ebt\u00eb\u2026","rel":"","context":"In &quot;Blogu i Udh\u00ebtarit&quot;","block_context":{"text":"Blogu i Udh\u00ebtarit","link":"https:\/\/www.shqiperia.com\/blog\/category\/blogu-i-udhetarit\/"},"img":{"alt_text":"","src":"https:\/\/i0.wp.com\/www.shqiperia.com\/blog\/wp-content\/uploads\/2019\/11\/Haradinaj-Rama.png?fit=822%2C492&ssl=1&resize=350%2C200","width":350,"height":200,"srcset":"https:\/\/i0.wp.com\/www.shqiperia.com\/blog\/wp-content\/uploads\/2019\/11\/Haradinaj-Rama.png?fit=822%2C492&ssl=1&resize=350%2C200 1x, https:\/\/i0.wp.com\/www.shqiperia.com\/blog\/wp-content\/uploads\/2019\/11\/Haradinaj-Rama.png?fit=822%2C492&ssl=1&resize=525%2C300 1.5x, https:\/\/i0.wp.com\/www.shqiperia.com\/blog\/wp-content\/uploads\/2019\/11\/Haradinaj-Rama.png?fit=822%2C492&ssl=1&resize=700%2C400 2x"},"classes":[]},{"id":25267,"url":"https:\/\/www.shqiperia.com\/blog\/po-rama-pse-nuk-ja-le-vendin-nje-gruaje\/","url_meta":{"origin":40759,"position":3},"title":"Po Rama pse nuk ja l\u00eb vendin nj\u00eb gruaje?!","author":"Kurt Farka","date":"August 30, 2019","format":false,"excerpt":"Po Rama pse nuk ja l\u00eb vendin nj\u00eb gruaje?! Nga Denis Dyrnjaja 29 Gusht, 2019 Kryeministri gjat\u00eb gjith\u00eb fushat\u00ebs elektorale, por edhe n\u00eb vijim\u00ebsi, promovoi dhe vazhdon t\u00eb theksoj\u00eb, me nj\u00eb gjuh\u00eb gati diskriminuese ndaj burrave, iden\u00eb e angazhimit t\u00eb grave n\u00eb administrim dhe n\u00eb politik\u00eb. Madje idea basardoi deri\u2026","rel":"","context":"In &quot;Blogu i Udh\u00ebtarit&quot;","block_context":{"text":"Blogu i Udh\u00ebtarit","link":"https:\/\/www.shqiperia.com\/blog\/category\/blogu-i-udhetarit\/"},"img":{"alt_text":"","src":"https:\/\/i0.wp.com\/www.shqiperia.com\/blog\/wp-content\/uploads\/2019\/08\/6-Copy.jpg?fit=530%2C281&ssl=1&resize=350%2C200","width":350,"height":200,"srcset":"https:\/\/i0.wp.com\/www.shqiperia.com\/blog\/wp-content\/uploads\/2019\/08\/6-Copy.jpg?fit=530%2C281&ssl=1&resize=350%2C200 1x, https:\/\/i0.wp.com\/www.shqiperia.com\/blog\/wp-content\/uploads\/2019\/08\/6-Copy.jpg?fit=530%2C281&ssl=1&resize=525%2C300 1.5x"},"classes":[]},{"id":27157,"url":"https:\/\/www.shqiperia.com\/blog\/rama-gati-te-na-shese-edhe-shpirtin-jep-me-ppp-edhe-butrintin\/","url_meta":{"origin":40759,"position":4},"title":"\u201cRama gati t\u00eb na shes\u00eb edhe shpirtin, jep me PPP edhe Butrintin\u201d. &#8211;","author":"Kurt Farka","date":"October 19, 2019","format":false,"excerpt":"\u201cRama gati t\u00eb na shes\u00eb edhe shpirtin, jep me PPP edhe Butrintin\u201d. - 19\/10\/2019 Ambientalisti Sazan Guri dhe akademiku Apollon Ba\u00e7e, t\u00eb ftuar n\u00eb Faxne\u00ebs, duke komentuar dh\u00ebnien me PPP t\u00eb Butrintit, u shpreh\u00ebn se kjo qeveri \u00ebsht\u00eb gati t\u00eb shes\u00eb edhe shpirtin Akademiku Apollon Ba\u00e7e u shpreh se nuk\u2026","rel":"","context":"In &quot;Kultura&quot;","block_context":{"text":"Kultura","link":"https:\/\/www.shqiperia.com\/blog\/category\/kultura\/"},"img":{"alt_text":"","src":"https:\/\/i0.wp.com\/www.shqiperia.com\/blog\/wp-content\/uploads\/2019\/10\/auto_fsf1571498408.jpg?fit=900%2C503&ssl=1&resize=350%2C200","width":350,"height":200,"srcset":"https:\/\/i0.wp.com\/www.shqiperia.com\/blog\/wp-content\/uploads\/2019\/10\/auto_fsf1571498408.jpg?fit=900%2C503&ssl=1&resize=350%2C200 1x, https:\/\/i0.wp.com\/www.shqiperia.com\/blog\/wp-content\/uploads\/2019\/10\/auto_fsf1571498408.jpg?fit=900%2C503&ssl=1&resize=525%2C300 1.5x, https:\/\/i0.wp.com\/www.shqiperia.com\/blog\/wp-content\/uploads\/2019\/10\/auto_fsf1571498408.jpg?fit=900%2C503&ssl=1&resize=700%2C400 2x"},"classes":[]},{"id":45200,"url":"https:\/\/www.shqiperia.com\/blog\/skandal-synon-te-spostoje-fushaten-te-lubonja-komenton-nofkat-e-rames-ndaj-opozites-dhe-perjashtimin-e-kryebashkiakut-te-vlores\/","url_meta":{"origin":40759,"position":5},"title":"\u201cSkandal! Synon t\u00eb spostoj\u00eb fushat\u00ebn te\u2026\u201d. &#8211; \u00a0Lubonja komenton \u201cnofkat\u201d e Ram\u00ebs ndaj opozit\u00ebs dhe p\u00ebrjashtimin e kryebashkiakut t\u00eb Vlor\u00ebs","author":"Kurt Farka","date":"March 11, 2021","format":false,"excerpt":"\u201cSkandal! Synon t\u00eb spostoj\u00eb fushat\u00ebn te\u2026\u201d. - \u00a0Lubonja komenton \u201cnofkat\u201d e Ram\u00ebs ndaj opozit\u00ebs dhe p\u00ebrjashtimin e kryebashkiakut t\u00eb Vlor\u00ebs 11 mars 2021 Duke folur p\u00ebr deklaratat denigrauese t\u00eb kryeministrit Edi Rama nj\u00eb dit\u00eb m\u00eb par\u00eb ndaj kandidat\u00ebve t\u00eb opozit\u00ebs p\u00ebr deputet\u00eb, analisti Fatos Lubonja e konsideron nj\u00eb skandal, duke\u2026","rel":"","context":"In &quot;Blogu i Udh\u00ebtarit&quot;","block_context":{"text":"Blogu i Udh\u00ebtarit","link":"https:\/\/www.shqiperia.com\/blog\/category\/blogu-i-udhetarit\/"},"img":{"alt_text":"","src":"https:\/\/i0.wp.com\/www.shqiperia.com\/blog\/wp-content\/uploads\/2021\/03\/Fatos-Lubonja.jpg?fit=770%2C427&ssl=1&resize=350%2C200","width":350,"height":200,"srcset":"https:\/\/i0.wp.com\/www.shqiperia.com\/blog\/wp-content\/uploads\/2021\/03\/Fatos-Lubonja.jpg?fit=770%2C427&ssl=1&resize=350%2C200 1x, https:\/\/i0.wp.com\/www.shqiperia.com\/blog\/wp-content\/uploads\/2021\/03\/Fatos-Lubonja.jpg?fit=770%2C427&ssl=1&resize=525%2C300 1.5x, https:\/\/i0.wp.com\/www.shqiperia.com\/blog\/wp-content\/uploads\/2021\/03\/Fatos-Lubonja.jpg?fit=770%2C427&ssl=1&resize=700%2C400 2x"},"classes":[]}],"_links":{"self":[{"href":"https:\/\/www.shqiperia.com\/blog\/wp-json\/wp\/v2\/posts\/40759","targetHints":{"allow":["GET"]}}],"collection":[{"href":"https:\/\/www.shqiperia.com\/blog\/wp-json\/wp\/v2\/posts"}],"about":[{"href":"https:\/\/www.shqiperia.com\/blog\/wp-json\/wp\/v2\/types\/post"}],"author":[{"embeddable":true,"href":"https:\/\/www.shqiperia.com\/blog\/wp-json\/wp\/v2\/users\/9"}],"replies":[{"embeddable":true,"href":"https:\/\/www.shqiperia.com\/blog\/wp-json\/wp\/v2\/comments?post=40759"}],"version-history":[{"count":1,"href":"https:\/\/www.shqiperia.com\/blog\/wp-json\/wp\/v2\/posts\/40759\/revisions"}],"predecessor-version":[{"id":40761,"href":"https:\/\/www.shqiperia.com\/blog\/wp-json\/wp\/v2\/posts\/40759\/revisions\/40761"}],"wp:featuredmedia":[{"embeddable":true,"href":"https:\/\/www.shqiperia.com\/blog\/wp-json\/wp\/v2\/media\/40760"}],"wp:attachment":[{"href":"https:\/\/www.shqiperia.com\/blog\/wp-json\/wp\/v2\/media?parent=40759"}],"wp:term":[{"taxonomy":"category","embeddable":true,"href":"https:\/\/www.shqiperia.com\/blog\/wp-json\/wp\/v2\/categories?post=40759"},{"taxonomy":"post_tag","embeddable":true,"href":"https:\/\/www.shqiperia.com\/blog\/wp-json\/wp\/v2\/tags?post=40759"}],"curies":[{"name":"wp","href":"https:\/\/api.w.org\/{rel}","templated":true}]}}