{"id":40756,"date":"2020-11-11T12:51:01","date_gmt":"2020-11-11T12:51:01","guid":{"rendered":"https:\/\/www.shqiperia.com\/blog\/?p=40756"},"modified":"2020-11-11T12:51:01","modified_gmt":"2020-11-11T12:51:01","slug":"enkel-demi-theksoi-qe-rama-vendos-per-fatin-e-maskes-per-naftetaret-e-ballshit-per-gjithcka-dhe-ne-baze-te-humorit-te-tij-shqiptaret-rrotullohen-rreth-tij","status":"publish","type":"post","link":"https:\/\/www.shqiperia.com\/blog\/enkel-demi-theksoi-qe-rama-vendos-per-fatin-e-maskes-per-naftetaret-e-ballshit-per-gjithcka-dhe-ne-baze-te-humorit-te-tij-shqiptaret-rrotullohen-rreth-tij\/","title":{"rendered":"Enkel Demi theksoi q\u00eb Rama vendos p\u00ebr fatin e mask\u00ebs, p\u00ebr naft\u00ebtar\u00ebt e Ballshit, p\u00ebr gjith\u00e7ka dhe n\u00eb baz\u00eb t\u00eb humorit t\u00eb tij, shqiptar\u00ebt rrotullohen rreth tij."},"content":{"rendered":"<p><img data-recalc-dims=\"1\" loading=\"lazy\" decoding=\"async\" data-attachment-id=\"40757\" data-permalink=\"https:\/\/www.shqiperia.com\/blog\/enkel-demi-theksoi-qe-rama-vendos-per-fatin-e-maskes-per-naftetaret-e-ballshit-per-gjithcka-dhe-ne-baze-te-humorit-te-tij-shqiptaret-rrotullohen-rreth-tij\/enkel-demi\/\" data-orig-file=\"https:\/\/i0.wp.com\/www.shqiperia.com\/blog\/wp-content\/uploads\/2020\/11\/Enkel-Demi.png?fit=625%2C311&amp;ssl=1\" data-orig-size=\"625,311\" data-comments-opened=\"1\" data-image-meta=\"{&quot;aperture&quot;:&quot;0&quot;,&quot;credit&quot;:&quot;&quot;,&quot;camera&quot;:&quot;&quot;,&quot;caption&quot;:&quot;&quot;,&quot;created_timestamp&quot;:&quot;0&quot;,&quot;copyright&quot;:&quot;&quot;,&quot;focal_length&quot;:&quot;0&quot;,&quot;iso&quot;:&quot;0&quot;,&quot;shutter_speed&quot;:&quot;0&quot;,&quot;title&quot;:&quot;&quot;,&quot;orientation&quot;:&quot;0&quot;}\" data-image-title=\"Enkel Demi\" data-image-description=\"\" data-image-caption=\"\" data-medium-file=\"https:\/\/i0.wp.com\/www.shqiperia.com\/blog\/wp-content\/uploads\/2020\/11\/Enkel-Demi.png?fit=300%2C149&amp;ssl=1\" data-large-file=\"https:\/\/i0.wp.com\/www.shqiperia.com\/blog\/wp-content\/uploads\/2020\/11\/Enkel-Demi.png?fit=625%2C311&amp;ssl=1\" class=\"alignnone  wp-image-40757\" alt=\"\" src=\"https:\/\/i0.wp.com\/www.shqiperia.com\/blog\/wp-content\/uploads\/2020\/11\/Enkel-Demi.png?resize=463%2C230&#038;ssl=1\" width=\"463\" height=\"230\" srcset=\"https:\/\/i0.wp.com\/www.shqiperia.com\/blog\/wp-content\/uploads\/2020\/11\/Enkel-Demi.png?resize=300%2C149&amp;ssl=1 300w, https:\/\/i0.wp.com\/www.shqiperia.com\/blog\/wp-content\/uploads\/2020\/11\/Enkel-Demi.png?resize=450%2C224&amp;ssl=1 450w, https:\/\/i0.wp.com\/www.shqiperia.com\/blog\/wp-content\/uploads\/2020\/11\/Enkel-Demi.png?resize=600%2C299&amp;ssl=1 600w, https:\/\/i0.wp.com\/www.shqiperia.com\/blog\/wp-content\/uploads\/2020\/11\/Enkel-Demi.png?resize=400%2C199&amp;ssl=1 400w, https:\/\/i0.wp.com\/www.shqiperia.com\/blog\/wp-content\/uploads\/2020\/11\/Enkel-Demi.png?w=625&amp;ssl=1 625w\" sizes=\"auto, (max-width: 463px) 100vw, 463px\" \/><\/p>\n<p>Enkel Demi theksoi q\u00eb Rama vendos p\u00ebr fatin e mask\u00ebs, p\u00ebr naft\u00ebtar\u00ebt e Ballshit, p\u00ebr gjith\u00e7ka dhe n\u00eb baz\u00eb t\u00eb humorit t\u00eb tij, shqiptar\u00ebt rrotullohen rreth tij.<\/p>\n<p>11 nentor 2020<\/p>\n<p>Gazetari Enkel Demi thot\u00eb se i vetmi ereksion i kryeministrit Edi Rama \u00ebsht\u00eb kontrolli dhe mbyllja pa argumente e qytetar\u00ebve n\u00eb sht\u00ebpi.<\/p>\n<p>Demi theksoi q\u00eb Rama vendos p\u00ebr fatin e mask\u00ebs, p\u00ebr naft\u00ebtar\u00ebt e Ballshit, p\u00ebr gjith\u00e7ka dhe n\u00eb baz\u00eb t\u00eb humorit t\u00eb tij, shqiptar\u00ebt rrotullohen rreth tij.<\/p>\n<p>\u201c\u2026edhe n\u00eb qoft\u00eb se kjo do t\u00eb b\u00ebhej taskative, duhej shpjeguar ashtu si\u00e7 thot\u00eb Genci. K\u00ebtu ka ardh Sk\u00ebnder Brataj na e ka shpjeguar dhe kemi th\u00ebn\u00eb okay p\u00ebr mbajtjen e mask\u00ebs. Po jo ky t\u00eb krenohet q\u00eb po gjobit njer\u00ebz. Ky vendos p\u00ebr fatin e mask\u00ebs, ky vendos p\u00ebr naft\u00ebtar\u00ebt e Ballshit, ky vendos p\u00ebr gjith\u00e7ka dhe n\u00eb baz\u00eb t\u00eb humorit t\u00eb tij, ne rrotullohemi rreth tij. Edhe ky \u00ebsht\u00eb ereksioni i vet\u00ebm q\u00eb mund t\u00eb arrij\u00eb ky, sepse duket q\u00eb \u00ebsht\u00eb deficient ndaj ereksioneve t\u00eb tjera. Se nuk ka mund\u00ebsi q\u00eb ky t\u00eb ndjej\u00eb nj\u00eb ndjenj\u00eb superiore vet\u00ebm e vet\u00ebm prej k\u00ebsaj\u201d,- u shpreh Demi.<\/p>\n","protected":false},"excerpt":{"rendered":"<p>Enkel Demi theksoi q\u00eb Rama vendos p\u00ebr fatin e mask\u00ebs, p\u00ebr naft\u00ebtar\u00ebt e Ballshit, p\u00ebr gjith\u00e7ka dhe n\u00eb baz\u00eb t\u00eb humorit t\u00eb tij, shqiptar\u00ebt rrotullohen rreth tij. 11 nentor 2020 Gazetari Enkel Demi thot\u00eb se i vetmi ereksion i kryeministrit Edi Rama \u00ebsht\u00eb kontrolli dhe mbyllja pa argumente e qytetar\u00ebve n\u00eb sht\u00ebpi. Demi theksoi q\u00eb [&hellip;]<\/p>\n","protected":false},"author":9,"featured_media":40757,"comment_status":"open","ping_status":"open","sticky":false,"template":"","format":"standard","meta":{"jetpack_post_was_ever_published":false,"_jetpack_newsletter_access":"","_jetpack_dont_email_post_to_subs":false,"_jetpack_newsletter_tier_id":0,"_jetpack_memberships_contains_paywalled_content":false,"_jetpack_memberships_contains_paid_content":false,"footnotes":"","jetpack_publicize_message":"","jetpack_publicize_feature_enabled":true,"jetpack_social_post_already_shared":true,"jetpack_social_options":{"image_generator_settings":{"template":"highway","default_image_id":0,"font":"","enabled":false},"version":2}},"categories":[27,2,35],"tags":[],"class_list":["post-40756","post","type-post","status-publish","format-standard","has-post-thumbnail","hentry","category-blogu-i-udhetarit","category-politika","category-shoqerore"],"jetpack_publicize_connections":[],"jetpack_featured_media_url":"https:\/\/i0.wp.com\/www.shqiperia.com\/blog\/wp-content\/uploads\/2020\/11\/Enkel-Demi.png?fit=625%2C311&ssl=1","jetpack_sharing_enabled":true,"jetpack_shortlink":"https:\/\/wp.me\/p5Z6wp-aBm","jetpack-related-posts":[{"id":40708,"url":"https:\/\/www.shqiperia.com\/blog\/rama-me-naftetaret-pagat-e-prapambetura-sjane-detyrim-i-qeverise-do-japim-mbeshtetje\/","url_meta":{"origin":40756,"position":0},"title":"Rama me naft\u00ebtar\u00ebt: &#8211; Pagat e prapambetura s\u2019jan\u00eb detyrim i qeveris\u00eb, do japim mb\u00ebshtetje","author":"Kurt Farka","date":"November 9, 2020","format":false,"excerpt":"Rama me naft\u00ebtar\u00ebt: - Pagat e prapambetura s\u2019jan\u00eb detyrim i qeveris\u00eb, do japim mb\u00ebshtetje - 09\/11\/20 Kryeministri Edi Rama pas takimit me naft\u00ebtar\u00ebt e Ballshit, q\u00eb u mbajt n\u00eb zyrat e Bashkis\u00eb s\u00eb Fierit, u shpreh se \u00e7\u00ebshtja \u00ebsht\u00eb e komplikuar dhe nuk i p\u00ebrket qeveris\u00eb. Megjithat\u00eb, ai tha se\u2026","rel":"","context":"In &quot;Blogu i Udh\u00ebtarit&quot;","block_context":{"text":"Blogu i Udh\u00ebtarit","link":"https:\/\/www.shqiperia.com\/blog\/category\/blogu-i-udhetarit\/"},"img":{"alt_text":"","src":"https:\/\/i0.wp.com\/www.shqiperia.com\/blog\/wp-content\/uploads\/2020\/11\/91641347_2686314304925189_8773302834813730816_n.jpg?fit=831%2C478&ssl=1&resize=350%2C200","width":350,"height":200,"srcset":"https:\/\/i0.wp.com\/www.shqiperia.com\/blog\/wp-content\/uploads\/2020\/11\/91641347_2686314304925189_8773302834813730816_n.jpg?fit=831%2C478&ssl=1&resize=350%2C200 1x, https:\/\/i0.wp.com\/www.shqiperia.com\/blog\/wp-content\/uploads\/2020\/11\/91641347_2686314304925189_8773302834813730816_n.jpg?fit=831%2C478&ssl=1&resize=525%2C300 1.5x, https:\/\/i0.wp.com\/www.shqiperia.com\/blog\/wp-content\/uploads\/2020\/11\/91641347_2686314304925189_8773302834813730816_n.jpg?fit=831%2C478&ssl=1&resize=700%2C400 2x"},"classes":[]},{"id":29636,"url":"https:\/\/www.shqiperia.com\/blog\/naftetaret-e-ballshit-proteste-para-ministrise-se-energjetikes\/","url_meta":{"origin":40756,"position":1},"title":"Naft\u00ebtar\u00ebt e Ballshit, protest\u00eb para Ministris\u00eb s\u00eb Energjetik\u00ebs","author":"Kurt Farka","date":"December 24, 2019","format":false,"excerpt":"Naft\u00ebtar\u00ebt e Ballshit, protest\u00eb para Ministris\u00eb s\u00eb Energjetik\u00ebs Naft\u00ebtar\u00ebt do t\u00eb nisin protestat para Ministris\u00eb s\u00eb Energjetik\u00ebs q\u00eb drejtohet nga Belinda Balluku. Naft\u00ebtar\u00ebt do t\u00eb k\u00ebrkojn\u00eb llogari p\u00ebr braktisjen, q\u00eb sipas tyre, u ka b\u00ebr\u00eb punonj\u00ebsve t\u00eb Rafineris\u00eb s\u00eb Ballshit qeveria dhe konkretisht Ministria e Energjetik\u00ebs. Ata do t\u00eb protestojn\u00eb\u2026","rel":"","context":"In &quot;Blogu i Udh\u00ebtarit&quot;","block_context":{"text":"Blogu i Udh\u00ebtarit","link":"https:\/\/www.shqiperia.com\/blog\/category\/blogu-i-udhetarit\/"},"img":{"alt_text":"","src":"https:\/\/i0.wp.com\/www.shqiperia.com\/blog\/wp-content\/uploads\/2019\/12\/naftetar%C3%ABt-701x375-1.jpg?fit=701%2C375&ssl=1&resize=350%2C200","width":350,"height":200,"srcset":"https:\/\/i0.wp.com\/www.shqiperia.com\/blog\/wp-content\/uploads\/2019\/12\/naftetar%C3%ABt-701x375-1.jpg?fit=701%2C375&ssl=1&resize=350%2C200 1x, https:\/\/i0.wp.com\/www.shqiperia.com\/blog\/wp-content\/uploads\/2019\/12\/naftetar%C3%ABt-701x375-1.jpg?fit=701%2C375&ssl=1&resize=525%2C300 1.5x, https:\/\/i0.wp.com\/www.shqiperia.com\/blog\/wp-content\/uploads\/2019\/12\/naftetar%C3%ABt-701x375-1.jpg?fit=701%2C375&ssl=1&resize=700%2C400 2x"},"classes":[]},{"id":39670,"url":"https:\/\/www.shqiperia.com\/blog\/pellumb-pipero-del-hapur-kunder-rames-kjo-eshte-e-tepert-i-them-kryeministrit-se\/","url_meta":{"origin":40756,"position":2},"title":"P\u00ebllumb Pipero del hapur kund\u00ebr Ram\u00ebs: Kjo \u00ebsht\u00eb e tep\u00ebrt, i them kryeministrit se&#8230;.","author":"Kurt Farka","date":"October 14, 2020","format":false,"excerpt":"P\u00ebllumb Pipero del hapur kund\u00ebr Ram\u00ebs: Kjo \u00ebsht\u00eb e tep\u00ebrt, i them kryeministrit se.... 14 TETOR 2020 Mjeku P\u00ebllumb Pipero foli p\u00ebr r\u00ebnd\u00ebsin\u00eb e mbajtjes s\u00eb mask\u00ebs dhe mb\u00ebshteti vendimin q\u00eb ajo t\u00eb mbahet edhe n\u00eb ambiente jasht\u00eb. Por e vetmja gj\u00eb q\u00eb Pipero nuk \u00ebsht\u00eb dakord jan\u00eb gjobat. Mjeku\u2026","rel":"","context":"In &quot;Blogu i Udh\u00ebtarit&quot;","block_context":{"text":"Blogu i Udh\u00ebtarit","link":"https:\/\/www.shqiperia.com\/blog\/category\/blogu-i-udhetarit\/"},"img":{"alt_text":"","src":"https:\/\/i0.wp.com\/www.shqiperia.com\/blog\/wp-content\/uploads\/2020\/10\/Pipero-Rama.png?fit=640%2C342&ssl=1&resize=350%2C200","width":350,"height":200,"srcset":"https:\/\/i0.wp.com\/www.shqiperia.com\/blog\/wp-content\/uploads\/2020\/10\/Pipero-Rama.png?fit=640%2C342&ssl=1&resize=350%2C200 1x, https:\/\/i0.wp.com\/www.shqiperia.com\/blog\/wp-content\/uploads\/2020\/10\/Pipero-Rama.png?fit=640%2C342&ssl=1&resize=525%2C300 1.5x"},"classes":[]},{"id":39626,"url":"https:\/\/www.shqiperia.com\/blog\/naftetaret-perplasen-me-policine-private-te-uzines-nese-nuk-kemi-nje-pergjigje-neser-do-te-futemi-edhe-ne-grate-ne-greve-urie\/","url_meta":{"origin":40756,"position":3},"title":"Naft\u00ebtar\u00ebt p\u00ebrplasen me policin\u00eb private t\u00eb uzin\u00ebs. &#8211; \u201cN\u00ebse nuk kemi nj\u00eb p\u00ebrgjigje nes\u00ebr do t\u00eb futemi edhe ne grat\u00eb n\u00eb grev\u00eb urie\u201d. \u00a0&#8211; rgjigje nes\u00ebr do t\u00eb futemi edhe ne grat\u00eb n\u00eb grev\u00eb urie\u201d,","author":"Kurt Farka","date":"October 13, 2020","format":false,"excerpt":"Naft\u00ebtar\u00ebt p\u00ebrplasen me policin\u00eb private t\u00eb uzin\u00ebs. - \u201cN\u00ebse nuk kemi nj\u00eb p\u00ebrgjigje nes\u00ebr do t\u00eb futemi edhe ne grat\u00eb n\u00eb grev\u00eb urie\u201d.\u00a0\u00a0 Naftetaret: - Ta vije Kryeministri i Ri. \u00a013 tetor \u00a02020 Ata thon\u00eb se k\u00ebrkojn\u00eb t\u00eb marrin dokumentet dhe librezat e pun\u00ebs. Teksa jan\u00eb p\u00ebrplasur edhe me forcat\u2026","rel":"","context":"In &quot;Blogu i Udh\u00ebtarit&quot;","block_context":{"text":"Blogu i Udh\u00ebtarit","link":"https:\/\/www.shqiperia.com\/blog\/category\/blogu-i-udhetarit\/"},"img":{"alt_text":"","src":"https:\/\/i0.wp.com\/www.shqiperia.com\/blog\/wp-content\/uploads\/2020\/10\/greviste-naftetare.jpg?fit=770%2C420&ssl=1&resize=350%2C200","width":350,"height":200,"srcset":"https:\/\/i0.wp.com\/www.shqiperia.com\/blog\/wp-content\/uploads\/2020\/10\/greviste-naftetare.jpg?fit=770%2C420&ssl=1&resize=350%2C200 1x, https:\/\/i0.wp.com\/www.shqiperia.com\/blog\/wp-content\/uploads\/2020\/10\/greviste-naftetare.jpg?fit=770%2C420&ssl=1&resize=525%2C300 1.5x, https:\/\/i0.wp.com\/www.shqiperia.com\/blog\/wp-content\/uploads\/2020\/10\/greviste-naftetare.jpg?fit=770%2C420&ssl=1&resize=700%2C400 2x"},"classes":[]},{"id":15386,"url":"https:\/\/www.shqiperia.com\/blog\/vasili-flet-per-ministrat-e-rinj-7-xhuxhat-e-rinj-te-qeverise-kane-nje-merite-te-madhe\/","url_meta":{"origin":40756,"position":4},"title":"Vasili flet p\u00ebr ministrat e rinj: 7 xhuxhat e rinj t\u00eb Qeveris\u00eb kan\u00eb nj\u00eb merit\u00eb t\u00eb madhe.-","author":"Kurt Farka","date":"December 29, 2018","format":false,"excerpt":"Vasili flet p\u00ebr ministrat e rinj: 7 xhuxhat e rinj t\u00eb Qeveris\u00eb kan\u00eb nj\u00eb merit\u00eb t\u00eb madhe.- 29 dhjetor 2018. Kreu i grupit parlamentar te LSI-se, Petrit Vasili i ka quajtur ministrat e rinj te kabinetit Rama si 7 xhuxha ne qeveri. Me nje status ne faqen e tij ne\u2026","rel":"","context":"In &quot;Blogu i Udh\u00ebtarit&quot;","block_context":{"text":"Blogu i Udh\u00ebtarit","link":"https:\/\/www.shqiperia.com\/blog\/category\/blogu-i-udhetarit\/"},"img":{"alt_text":"","src":"https:\/\/i0.wp.com\/www.shqiperia.com\/blog\/wp-content\/uploads\/2018\/12\/vasili-2-740x450.jpg?fit=740%2C450&ssl=1&resize=350%2C200","width":350,"height":200,"srcset":"https:\/\/i0.wp.com\/www.shqiperia.com\/blog\/wp-content\/uploads\/2018\/12\/vasili-2-740x450.jpg?fit=740%2C450&ssl=1&resize=350%2C200 1x, https:\/\/i0.wp.com\/www.shqiperia.com\/blog\/wp-content\/uploads\/2018\/12\/vasili-2-740x450.jpg?fit=740%2C450&ssl=1&resize=525%2C300 1.5x, https:\/\/i0.wp.com\/www.shqiperia.com\/blog\/wp-content\/uploads\/2018\/12\/vasili-2-740x450.jpg?fit=740%2C450&ssl=1&resize=700%2C400 2x"},"classes":[]},{"id":46720,"url":"https:\/\/www.shqiperia.com\/blog\/presidenti-lidheni-te-marrin-shoke-socialiste-perpara-se-te-kete-fatin-e\/","url_meta":{"origin":40756,"position":5},"title":"Presidenti: &#8211; \u201cLidheni t\u00eb Marrin shok\u00eb socialist\u00eb p\u00ebrpara se t\u00eb ket\u00eb fatin e&#8230;.\u201d,","author":"Kurt Farka","date":"April 20, 2021","format":false,"excerpt":"Presidenti: - \u201cLidheni t\u00eb Marrin shok\u00eb socialist\u00eb p\u00ebrpara se t\u00eb ket\u00eb fatin e....\u201d, 20 PRILL 2021 Presidenti Meta i nxjerr foton Edi Ram\u00ebs dhe e k\u00ebrc\u00ebnon publikisht: Bablok, shqiptar\u00ebt e din\u00eb shum\u00eb mir\u00eb se ku kurdisesh ti! Presidenti Ilir Meta i \u00ebsht\u00eb p\u00ebrgjigjur \u2018flak\u00eb p\u00ebr flak\u00eb\u2019 kryeministrit Edi Rama, pasi\u2026","rel":"","context":"In &quot;Blogu i Udh\u00ebtarit&quot;","block_context":{"text":"Blogu i Udh\u00ebtarit","link":"https:\/\/www.shqiperia.com\/blog\/category\/blogu-i-udhetarit\/"},"img":{"alt_text":"","src":"https:\/\/i0.wp.com\/www.shqiperia.com\/blog\/wp-content\/uploads\/2021\/04\/640-0-607eac98f2200-Copy.png?fit=640%2C328&ssl=1&resize=350%2C200","width":350,"height":200,"srcset":"https:\/\/i0.wp.com\/www.shqiperia.com\/blog\/wp-content\/uploads\/2021\/04\/640-0-607eac98f2200-Copy.png?fit=640%2C328&ssl=1&resize=350%2C200 1x, https:\/\/i0.wp.com\/www.shqiperia.com\/blog\/wp-content\/uploads\/2021\/04\/640-0-607eac98f2200-Copy.png?fit=640%2C328&ssl=1&resize=525%2C300 1.5x"},"classes":[]}],"_links":{"self":[{"href":"https:\/\/www.shqiperia.com\/blog\/wp-json\/wp\/v2\/posts\/40756","targetHints":{"allow":["GET"]}}],"collection":[{"href":"https:\/\/www.shqiperia.com\/blog\/wp-json\/wp\/v2\/posts"}],"about":[{"href":"https:\/\/www.shqiperia.com\/blog\/wp-json\/wp\/v2\/types\/post"}],"author":[{"embeddable":true,"href":"https:\/\/www.shqiperia.com\/blog\/wp-json\/wp\/v2\/users\/9"}],"replies":[{"embeddable":true,"href":"https:\/\/www.shqiperia.com\/blog\/wp-json\/wp\/v2\/comments?post=40756"}],"version-history":[{"count":1,"href":"https:\/\/www.shqiperia.com\/blog\/wp-json\/wp\/v2\/posts\/40756\/revisions"}],"predecessor-version":[{"id":40758,"href":"https:\/\/www.shqiperia.com\/blog\/wp-json\/wp\/v2\/posts\/40756\/revisions\/40758"}],"wp:featuredmedia":[{"embeddable":true,"href":"https:\/\/www.shqiperia.com\/blog\/wp-json\/wp\/v2\/media\/40757"}],"wp:attachment":[{"href":"https:\/\/www.shqiperia.com\/blog\/wp-json\/wp\/v2\/media?parent=40756"}],"wp:term":[{"taxonomy":"category","embeddable":true,"href":"https:\/\/www.shqiperia.com\/blog\/wp-json\/wp\/v2\/categories?post=40756"},{"taxonomy":"post_tag","embeddable":true,"href":"https:\/\/www.shqiperia.com\/blog\/wp-json\/wp\/v2\/tags?post=40756"}],"curies":[{"name":"wp","href":"https:\/\/api.w.org\/{rel}","templated":true}]}}