{"id":40752,"date":"2020-11-11T10:29:28","date_gmt":"2020-11-11T10:29:28","guid":{"rendered":"https:\/\/www.shqiperia.com\/blog\/?p=40752"},"modified":"2020-11-11T10:29:46","modified_gmt":"2020-11-11T10:29:46","slug":"mjeku-tritan-kalo-ngre-alarmin-nga-covid-shqiperia-ndodhet-ne-tehun-e-thikes","status":"publish","type":"post","link":"https:\/\/www.shqiperia.com\/blog\/mjeku-tritan-kalo-ngre-alarmin-nga-covid-shqiperia-ndodhet-ne-tehun-e-thikes\/","title":{"rendered":"Mjeku Tritan Kalo ngre alarmin nga Covid: &#8211; Shqip\u00ebria ndodhet n\u00eb tehun e thik\u00ebs"},"content":{"rendered":"<p><img data-recalc-dims=\"1\" loading=\"lazy\" decoding=\"async\" data-attachment-id=\"40753\" data-permalink=\"https:\/\/www.shqiperia.com\/blog\/mjeku-tritan-kalo-ngre-alarmin-nga-covid-shqiperia-ndodhet-ne-tehun-e-thikes\/640-0-9dfc52968c00902ffffbf91eea01c0cb-copy\/\" data-orig-file=\"https:\/\/i0.wp.com\/www.shqiperia.com\/blog\/wp-content\/uploads\/2020\/11\/640-0-9dfc52968c00902ffffbf91eea01c0cb-Copy.jpg?fit=640%2C381&amp;ssl=1\" data-orig-size=\"640,381\" data-comments-opened=\"1\" data-image-meta=\"{&quot;aperture&quot;:&quot;0&quot;,&quot;credit&quot;:&quot;&quot;,&quot;camera&quot;:&quot;&quot;,&quot;caption&quot;:&quot;&quot;,&quot;created_timestamp&quot;:&quot;0&quot;,&quot;copyright&quot;:&quot;&quot;,&quot;focal_length&quot;:&quot;0&quot;,&quot;iso&quot;:&quot;0&quot;,&quot;shutter_speed&quot;:&quot;0&quot;,&quot;title&quot;:&quot;&quot;,&quot;orientation&quot;:&quot;0&quot;}\" data-image-title=\"-640-0-9dfc52968c00902ffffbf91eea01c0cb &#8211; Copy\" data-image-description=\"\" data-image-caption=\"\" data-medium-file=\"https:\/\/i0.wp.com\/www.shqiperia.com\/blog\/wp-content\/uploads\/2020\/11\/640-0-9dfc52968c00902ffffbf91eea01c0cb-Copy.jpg?fit=300%2C179&amp;ssl=1\" data-large-file=\"https:\/\/i0.wp.com\/www.shqiperia.com\/blog\/wp-content\/uploads\/2020\/11\/640-0-9dfc52968c00902ffffbf91eea01c0cb-Copy.jpg?fit=640%2C381&amp;ssl=1\" class=\"alignnone wp-image-40753\" alt=\"\" src=\"https:\/\/i0.wp.com\/www.shqiperia.com\/blog\/wp-content\/uploads\/2020\/11\/640-0-9dfc52968c00902ffffbf91eea01c0cb-Copy.jpg?resize=458%2C273&#038;ssl=1\" width=\"458\" height=\"273\" srcset=\"https:\/\/i0.wp.com\/www.shqiperia.com\/blog\/wp-content\/uploads\/2020\/11\/640-0-9dfc52968c00902ffffbf91eea01c0cb-Copy.jpg?resize=300%2C179&amp;ssl=1 300w, https:\/\/i0.wp.com\/www.shqiperia.com\/blog\/wp-content\/uploads\/2020\/11\/640-0-9dfc52968c00902ffffbf91eea01c0cb-Copy.jpg?resize=450%2C268&amp;ssl=1 450w, https:\/\/i0.wp.com\/www.shqiperia.com\/blog\/wp-content\/uploads\/2020\/11\/640-0-9dfc52968c00902ffffbf91eea01c0cb-Copy.jpg?resize=600%2C357&amp;ssl=1 600w, https:\/\/i0.wp.com\/www.shqiperia.com\/blog\/wp-content\/uploads\/2020\/11\/640-0-9dfc52968c00902ffffbf91eea01c0cb-Copy.jpg?resize=400%2C238&amp;ssl=1 400w, https:\/\/i0.wp.com\/www.shqiperia.com\/blog\/wp-content\/uploads\/2020\/11\/640-0-9dfc52968c00902ffffbf91eea01c0cb-Copy.jpg?w=640&amp;ssl=1 640w\" sizes=\"auto, (max-width: 458px) 100vw, 458px\" \/><\/p>\n<p><strong>Mjeku Tritan Kalo ngre alarmin nga Covid: &#8211; Shqip\u00ebria ndodhet n\u00eb tehun e thik\u00ebs<\/strong><\/p>\n<p>Koha \u00ebsht\u00eb e maskarenjve, por ATDHEU i Shqiptar\u00ebve\u201d (A. A.)\u2026.<\/p>\n<p><strong>11 N\u00cbNTOR 2020<\/strong><\/p>\n<p>Mjeku i njohur infeksionist, Tritan Kalo, e nis k\u00ebt\u00eb m\u00ebngjes me nj\u00eb mesazh t\u00eb fort\u00eb p\u00ebr t\u00eb gjith\u00eb qytetar\u00ebt, por edhe politikan\u00ebt, teksa vendi po p\u00ebrballet me pandemin\u00eb e koronavirusit.<\/p>\n<p>Mjeku Kalo e nis mesazhin e tij me fjal\u00ebt se \u201cKryefjala e p\u00ebrpjekjeve tona dheatyre mbar\u00ebbot\u00ebrore \u00ebsht\u00eb P\u00cbRPJEKJA n\u00eb p\u00ebrballjen me \u201cflam\u00ebn e shkaktuar prej infeksionit nga Sars-Cov2\/Covid-19\u201d.<\/p>\n<p>Por, teksa b\u00ebn thirrje q\u00eb t\u00eb mos shp\u00ebrndahen vet\u00ebm informacione terrorizuese, dhe q\u00eb politika t\u00eb mos merret vet\u00ebm me mbushjen e xhepave, Kalo thekson se \u201cHQIP\u00cbRIA e k\u00ebndej dhe andej Dirinit gjindet n\u00eb tehun e thik\u00ebs t\u00eb ekzistenc\u00ebs sh\u00ebndetsore, ekonomike dhe politike MBAR\u00cbKOMB\u00cbTARE\u201d.<\/p>\n<p><strong>Statusi i plot\u00eb<\/strong><\/p>\n<p>KOH\u00cb KOVIDIANE\u202612.11.2020\u2026.KRYEFJALA e p\u00ebrpjekjeve tona dhe atyre mbar\u00ebbot\u00ebrore \u00ebsht\u00eb P\u00cbRPJEKJA n\u00eb p\u00ebrballjen me \u201cflam\u00ebn e shkaktuar prej infeksionit nga Sars-Cov2\/Covid-19\u201d, POR fjalia p\u00ebrb\u00ebhet edhe nga pjes\u00ebza t\u00eb tjera dhe jo vet\u00ebm nga kryefjala\u2026..JETA jon\u00eb po futet n\u00eb shtegun qaf\u00ebthyes t\u00eb t\u00eb q\u00ebnurit e p\u00ebrq\u00ebndruar vet\u00ebm e vet\u00ebm CO-VID, nj\u00eb \u201cflam\u00eb mbar\u00ebbot\u00ebrore\u201d e cila po BASHK\u00cb (CO) \u2013 ZBRAZ (VID), jo vet\u00ebm jet\u00ebt njerzore nga ekzistenca e tyre fizike, POR q\u00eb po zbraz edhe m\u00ebndjet tona nga m\u00ebnyr\u00eb normale e t\u00eb arsyetuarit dhe t\u00eb komanduarit t\u00eb veprimeve tona\u2026..JETA ka dhe segmente t\u00eb tjera t\u00eb ekzistenc\u00ebs s\u00eb saj sikund\u00ebr jan\u00eb edhe puna p\u00ebr t\u00eb mbijetuar n\u00eb k\u00ebto kushte t\u00eb imponuara prej k\u00ebsaj \u201cflame mbar\u00ebbot\u00ebrore\u201d, p\u00ebrpjekjet e prind\u00ebrve dhe edukuesve tan\u00eb p\u00ebr t\u00eb shkolluar f\u00ebmij\u00ebt, t\u00eb k\u00ebtyre gonxheve shpres\u00ebdh\u00ebn\u00ebse p\u00ebr ardhm\u00ebrin\u00eb ton\u00eb po n\u00eb k\u00ebto kushte t\u00eb imponuara prej k\u00ebsaj \u201cflame mbar\u00ebbot\u00ebrore\u201d, jeta ka edhe mbingarkes\u00ebn dhe p\u00ebrpjekjet e agjensive ligjzbatuese p\u00ebr t\u00eb siguruar rend dhe siguri n\u00eb k\u00ebt\u00eb \u201ckatrahur\u00eb\u201d t\u00eb imponuar prej k\u00ebsaj \u201cflame mbar\u00ebbot\u00ebrore\u201d, jeta ka edhe p\u00ebrpjekjet p\u00ebr t\u00eb lul\u00ebzuar jet\u00ebt e atyre q\u00eb gjinden n\u00eb kushtet e v\u00ebshtir\u00ebsive, q\u00eb u imponon kufizimi fizik e mendor shum\u00eb individ\u00ebve me aft\u00ebsi t\u00eb kufizuar n\u00eb k\u00ebto sfera t\u00eb ekzistenc\u00ebs s\u00eb q\u00ebnieve humane n\u00eb t\u00eb imponuara prej k\u00ebsaj \u201cflame mbar\u00ebbot\u00ebrore\u201d, jeta ka edhe p\u00ebrpjekjet p\u00ebr mbijetes\u00eb t\u00eb atyre mijra e mijra individ\u00ebve q\u00eb humb\u00ebn v\u00ebndet e pun\u00ebs t\u00eb imponuara prej k\u00ebsaj \u201cflame mbar\u00ebbot\u00ebrore\u201d, jeta ka edhe pun\u00ebn e p\u00ebrdit\u00ebshme t\u00eb mijra e mijra individ\u00ebve q\u00eb punojn\u00eb n\u00eb hidro\u00e7entrale, fabrika, kantjere t\u00eb p\u00ebrmirsimit t\u00eb infrastruktur\u00ebs son\u00eb rrugore, jeta ka edhe pun\u00ebn e atyre qindra e qindra fermer\u00ebve q\u00eb po b\u00ebjn\u00eb m\u00eb t\u00eb mir\u00ebn e tyre p\u00ebr t\u00eb prodhuar n\u00eb k\u00ebto kushte shum\u00eb t\u00eb v\u00ebshtira t\u00eb imponuara prej k\u00ebsaj \u201cflame mbar\u00ebbot\u00ebrore\u201d, jeta ka edhe p\u00ebrpjekjet e mijra e mijra artist\u00ebve tan\u00eb t\u00eb arteve pamore, teatrore, poet\u00ebve, instrumentist\u00ebve, shkrimtar\u00ebve n\u00eb k\u00ebt\u00eb katrahur\u00eb t\u00eb imponuar prej k\u00ebsaj \u201cflame mbar\u00ebbot\u00ebrore\u201d, etj.etj\u2026.<\/p>\n<p><img data-recalc-dims=\"1\" loading=\"lazy\" decoding=\"async\" data-attachment-id=\"40754\" data-permalink=\"https:\/\/www.shqiperia.com\/blog\/mjeku-tritan-kalo-ngre-alarmin-nga-covid-shqiperia-ndodhet-ne-tehun-e-thikes\/640-0-9dfc52968c00902ffffbf91eea01c0cb\/\" data-orig-file=\"https:\/\/i0.wp.com\/www.shqiperia.com\/blog\/wp-content\/uploads\/2020\/11\/640-0-9dfc52968c00902ffffbf91eea01c0cb.jpg?fit=640%2C533&amp;ssl=1\" data-orig-size=\"640,533\" data-comments-opened=\"1\" data-image-meta=\"{&quot;aperture&quot;:&quot;0&quot;,&quot;credit&quot;:&quot;&quot;,&quot;camera&quot;:&quot;&quot;,&quot;caption&quot;:&quot;&quot;,&quot;created_timestamp&quot;:&quot;0&quot;,&quot;copyright&quot;:&quot;&quot;,&quot;focal_length&quot;:&quot;0&quot;,&quot;iso&quot;:&quot;0&quot;,&quot;shutter_speed&quot;:&quot;0&quot;,&quot;title&quot;:&quot;&quot;,&quot;orientation&quot;:&quot;0&quot;}\" data-image-title=\"-640-0-9dfc52968c00902ffffbf91eea01c0cb\" data-image-description=\"\" data-image-caption=\"\" data-medium-file=\"https:\/\/i0.wp.com\/www.shqiperia.com\/blog\/wp-content\/uploads\/2020\/11\/640-0-9dfc52968c00902ffffbf91eea01c0cb.jpg?fit=300%2C250&amp;ssl=1\" data-large-file=\"https:\/\/i0.wp.com\/www.shqiperia.com\/blog\/wp-content\/uploads\/2020\/11\/640-0-9dfc52968c00902ffffbf91eea01c0cb.jpg?fit=640%2C533&amp;ssl=1\" class=\"alignnone wp-image-40754\" alt=\"\" src=\"https:\/\/i0.wp.com\/www.shqiperia.com\/blog\/wp-content\/uploads\/2020\/11\/640-0-9dfc52968c00902ffffbf91eea01c0cb.jpg?resize=452%2C377&#038;ssl=1\" width=\"452\" height=\"377\" srcset=\"https:\/\/i0.wp.com\/www.shqiperia.com\/blog\/wp-content\/uploads\/2020\/11\/640-0-9dfc52968c00902ffffbf91eea01c0cb.jpg?resize=300%2C250&amp;ssl=1 300w, https:\/\/i0.wp.com\/www.shqiperia.com\/blog\/wp-content\/uploads\/2020\/11\/640-0-9dfc52968c00902ffffbf91eea01c0cb.jpg?resize=450%2C375&amp;ssl=1 450w, https:\/\/i0.wp.com\/www.shqiperia.com\/blog\/wp-content\/uploads\/2020\/11\/640-0-9dfc52968c00902ffffbf91eea01c0cb.jpg?resize=600%2C500&amp;ssl=1 600w, https:\/\/i0.wp.com\/www.shqiperia.com\/blog\/wp-content\/uploads\/2020\/11\/640-0-9dfc52968c00902ffffbf91eea01c0cb.jpg?resize=400%2C333&amp;ssl=1 400w, https:\/\/i0.wp.com\/www.shqiperia.com\/blog\/wp-content\/uploads\/2020\/11\/640-0-9dfc52968c00902ffffbf91eea01c0cb.jpg?w=640&amp;ssl=1 640w\" sizes=\"auto, (max-width: 452px) 100vw, 452px\" \/><\/p>\n<p>JU NA MBYT\u00cbT nga ekranet televizive, nga faqet e shtypit t\u00eb shkruar apo t\u00eb rrjeteve sociale vet\u00ebm me informacione TERRORIZUESE p\u00ebr gjithshka ndodh apo nuku po ndodh n\u00eb lidhje me k\u00ebt\u00eb \u201cflam\u00eb mbar\u00ebbot\u00ebrore\u201d\u2026. JU NA MBYT\u00cbT nga ekranet televizive, nga faqet e shtypit t\u00eb shkruar apo t\u00eb rrjeteve sociale vet\u00ebm me informacione TERRORIZUESE p\u00ebr \u201cq\u00ebn\u00ebrin\u00eb\u201d ton\u00eb politike q\u00eb mezi presin t\u00eb shqyejn\u00eb nj\u00ebri-tjetrin jo p\u00ebr INTERSAT tona dhe t\u00eb M\u00cbM\u00cbDHEUT ton\u00eb, POR vet\u00ebm e vet\u00ebm p\u00ebr t\u00eb shqyer xhepat e tyre t\u00eb pangish\u00ebm ne k\u00ebto 30 vite DEMON-KRACI me para a pasuri\u2026BOLL M\u00cb!!!\u2026.SHQIP\u00cbRIA e k\u00ebndej dhe andej Dirinit gjindet n\u00eb tehun e thik\u00ebs t\u00eb ekzistenc\u00ebs sh\u00ebndetsore, ekonomike dhe politike MBAR\u00cbKOMB\u00cbTARE\u2026.NUKU e kemi lluksin t\u00eb meremi me \u201cPanairin e kot\u00ebsiv\u00eb\u201d tuaja klas\u00eb\/kast\u00eb\/glas\u00eb politike e TRANZIOCIONIT t\u00eb pafund\u00ebm t\u00eb DEMON-KRACIS\u00cb \u201cMade in Albania\u201d\u2026.Na duhet vet\u00ebm e vet\u00ebm BASHKIM i energjive tona fizike, mendore, ekonomike e politikb\u00ebr\u00ebse p\u00ebr tu p\u00ebrballur jo vet\u00ebm me v\u00ebshtir\u00ebsit\u00eb e imponuara prej k\u00ebsaj \u201cflame mbar\u00ebbot\u00ebrore\u201d, por edhe m\u00eb v\u00ebshtir\u00ebsit\u00eb e imponuara nga ALBANOFOBIA e shum\u00eb qarqeve n\u00eb Europ\u00eb dhe jo vet\u00ebm\u2026.JETA nuk jetohet VIRTUALISHT\u2026.\u201dKoha \u00ebsht\u00eb e maskarenjve, por ATDHEU i Shqiptar\u00ebve\u201d (A. A.)\u2026.TOGETHER for EVER!!!<\/p>\n<p>Gazeta Shqip<\/p>\n","protected":false},"excerpt":{"rendered":"<p>Mjeku Tritan Kalo ngre alarmin nga Covid: &#8211; Shqip\u00ebria ndodhet n\u00eb tehun e thik\u00ebs Koha \u00ebsht\u00eb e maskarenjve, por ATDHEU i Shqiptar\u00ebve\u201d (A. A.)\u2026. 11 N\u00cbNTOR 2020 Mjeku i njohur infeksionist, Tritan Kalo, e nis k\u00ebt\u00eb m\u00ebngjes me nj\u00eb mesazh t\u00eb fort\u00eb p\u00ebr t\u00eb gjith\u00eb qytetar\u00ebt, por edhe politikan\u00ebt, teksa vendi po p\u00ebrballet me pandemin\u00eb [&hellip;]<\/p>\n","protected":false},"author":9,"featured_media":40753,"comment_status":"open","ping_status":"open","sticky":false,"template":"","format":"standard","meta":{"jetpack_post_was_ever_published":false,"_jetpack_newsletter_access":"","_jetpack_dont_email_post_to_subs":false,"_jetpack_newsletter_tier_id":0,"_jetpack_memberships_contains_paywalled_content":false,"_jetpack_memberships_contains_paid_content":false,"footnotes":"","jetpack_publicize_message":"","jetpack_publicize_feature_enabled":true,"jetpack_social_post_already_shared":true,"jetpack_social_options":{"image_generator_settings":{"template":"highway","default_image_id":0,"font":"","enabled":false},"version":2}},"categories":[27,10,35],"tags":[],"class_list":["post-40752","post","type-post","status-publish","format-standard","has-post-thumbnail","hentry","category-blogu-i-udhetarit","category-kultura","category-shoqerore"],"jetpack_publicize_connections":[],"jetpack_featured_media_url":"https:\/\/i0.wp.com\/www.shqiperia.com\/blog\/wp-content\/uploads\/2020\/11\/640-0-9dfc52968c00902ffffbf91eea01c0cb-Copy.jpg?fit=640%2C381&ssl=1","jetpack_sharing_enabled":true,"jetpack_shortlink":"https:\/\/wp.me\/p5Z6wp-aBi","jetpack-related-posts":[{"id":45121,"url":"https:\/\/www.shqiperia.com\/blog\/nje-dite-pas-listave-shperthen-tritan-kalo-ps-e-mavijosur-nga-ethet-e-parave-te-korrupsionit-u-kthye-ne-parti-te-interesave-te-pasunareve\/","url_meta":{"origin":40752,"position":0},"title":"Nj\u00eb dit\u00eb pas listave\/ \u201cShp\u00ebrthen\u201d Tritan Kalo: PS e mavijosur nga ethet e parave t\u00eb korrupsionit. &#8211; U kthye n\u00eb parti t\u00eb interesave t\u00eb pasunar\u00ebve","author":"Kurt Farka","date":"March 9, 2021","format":false,"excerpt":"Nj\u00eb dit\u00eb pas listave\/ \u201cShp\u00ebrthen\u201d Tritan Kalo: PS e mavijosur nga ethet e parave t\u00eb korrupsionit. U kthye n\u00eb parti t\u00eb interesave t\u00eb pasunar\u00ebve 9 mars 2021 Mjeku i njohur Tritan Kalo ka b\u00ebr\u00eb nj\u00eb tjet\u00ebr deklarat\u00eb t\u00eb ashp\u00ebr n\u00eb drejtim t\u00eb Partis\u00eb Socialiste, q\u00eb sipas tij pas ardhjes n\u00eb\u2026","rel":"","context":"In &quot;Blogu i Udh\u00ebtarit&quot;","block_context":{"text":"Blogu i Udh\u00ebtarit","link":"https:\/\/www.shqiperia.com\/blog\/category\/blogu-i-udhetarit\/"},"img":{"alt_text":"","src":"https:\/\/i0.wp.com\/www.shqiperia.com\/blog\/wp-content\/uploads\/2021\/03\/vsss.jpg?fit=600%2C297&ssl=1&resize=350%2C200","width":350,"height":200,"srcset":"https:\/\/i0.wp.com\/www.shqiperia.com\/blog\/wp-content\/uploads\/2021\/03\/vsss.jpg?fit=600%2C297&ssl=1&resize=350%2C200 1x, https:\/\/i0.wp.com\/www.shqiperia.com\/blog\/wp-content\/uploads\/2021\/03\/vsss.jpg?fit=600%2C297&ssl=1&resize=525%2C300 1.5x"},"classes":[]},{"id":34075,"url":"https:\/\/www.shqiperia.com\/blog\/mjeku-kalo-fitimet-ppp-e-kck-do-ti-ndani-me-ne-popull-lopen\/","url_meta":{"origin":40752,"position":1},"title":"Mjeku Kalo: Fitimet PPP e K\u00c7K do t\u2019i ndani me ne popull-lop\u00ebn?","author":"Kurt Farka","date":"April 30, 2020","format":false,"excerpt":"Mjeku Kalo: Fitimet PPP e K\u00c7K do t\u2019i ndani me ne popull-lop\u00ebn? 27 prill 2020 Mjeku i njohur infeksionist, Tritan Kalo, m\u00ebngjesin e sot\u00ebm ka b\u00ebr\u00eb nj\u00eb postim n\u00eb \u201cFacebook\u201d, ku u drejtohet politikan\u00ebve, n\u00ebse fitimet e tyre n\u00eb k\u00ebto 30 vite do t\u2019i ndajn\u00eb me ne t\u00eb tjer\u00ebt. Statusi\u2026","rel":"","context":"In &quot;Blogu i Udh\u00ebtarit&quot;","block_context":{"text":"Blogu i Udh\u00ebtarit","link":"https:\/\/www.shqiperia.com\/blog\/category\/blogu-i-udhetarit\/"},"img":{"alt_text":"","src":"https:\/\/i0.wp.com\/www.shqiperia.com\/blog\/wp-content\/uploads\/2020\/04\/tritan-kalo-.png?fit=851%2C450&ssl=1&resize=350%2C200","width":350,"height":200,"srcset":"https:\/\/i0.wp.com\/www.shqiperia.com\/blog\/wp-content\/uploads\/2020\/04\/tritan-kalo-.png?fit=851%2C450&ssl=1&resize=350%2C200 1x, https:\/\/i0.wp.com\/www.shqiperia.com\/blog\/wp-content\/uploads\/2020\/04\/tritan-kalo-.png?fit=851%2C450&ssl=1&resize=525%2C300 1.5x, https:\/\/i0.wp.com\/www.shqiperia.com\/blog\/wp-content\/uploads\/2020\/04\/tritan-kalo-.png?fit=851%2C450&ssl=1&resize=700%2C400 2x"},"classes":[]},{"id":38184,"url":"https:\/\/www.shqiperia.com\/blog\/mjeku-tritan-kalo-me-lot-gezimi-ne-sy-merr-lajmin-e-fundit-nuk-e-kisha-menduar-kurre\/","url_meta":{"origin":40752,"position":2},"title":"Mjeku Tritan Kalo me lot gezimi ne sy merr lajmin e fundit;\u00a0 Nuk e kisha menduar kurre\u2026","author":"Kurt Farka","date":"September 7, 2020","format":false,"excerpt":"Mjeku Tritan Kalo me lot gezimi ne sy merr lajmin e fundit;\u00a0 Nuk e kisha menduar kurre\u2026 02\/09\/2020 Mjeku i njohur i QSUT, Tritan Kalo ka b\u00ebr\u00eb me dije p\u00ebr publikun p\u00ebrmes nj\u00eb postimi n\u00eb rrjetin social Facebook, se \u00ebsht\u00eb vler\u00ebsuar me titullin qytetar nderi i Gjirokastres. Mjeku fal\u00ebnderon an\u00ebtar\u00ebt\u2026","rel":"","context":"In &quot;Blogu i Udh\u00ebtarit&quot;","block_context":{"text":"Blogu i Udh\u00ebtarit","link":"https:\/\/www.shqiperia.com\/blog\/category\/blogu-i-udhetarit\/"},"img":{"alt_text":"","src":"https:\/\/i0.wp.com\/www.shqiperia.com\/blog\/wp-content\/uploads\/2020\/09\/tritan-kalo.jpg?fit=640%2C360&ssl=1&resize=350%2C200","width":350,"height":200,"srcset":"https:\/\/i0.wp.com\/www.shqiperia.com\/blog\/wp-content\/uploads\/2020\/09\/tritan-kalo.jpg?fit=640%2C360&ssl=1&resize=350%2C200 1x, https:\/\/i0.wp.com\/www.shqiperia.com\/blog\/wp-content\/uploads\/2020\/09\/tritan-kalo.jpg?fit=640%2C360&ssl=1&resize=525%2C300 1.5x"},"classes":[]},{"id":33749,"url":"https:\/\/www.shqiperia.com\/blog\/vala-e-dyte-mund-te-jete-me-e-madhe-paralajmeron-tritan-kalo-virusi-eshte-ende-ne-lulezim-ja-cfare-duhet-te-kemi-kujdes-gjate-hapjes\/","url_meta":{"origin":40752,"position":3},"title":"\u201cVala e dyt\u00eb mund t\u00eb jet\u00eb m\u00eb e madhe\u201d, paralajm\u00ebron Tritan Kalo: Virusi \u00ebsht\u00eb ende n\u00eb \u201clul\u00ebzim\u201d, ja \u00e7far\u00eb duhet t\u00eb kemi kujdes gjat\u00eb hapjes","author":"Kurt Farka","date":"April 25, 2020","format":false,"excerpt":"\u201cVala e dyt\u00eb mund t\u00eb jet\u00eb m\u00eb e madhe\u201d, paralajm\u00ebron Tritan Kalo: Virusi \u00ebsht\u00eb ende n\u00eb \u201clul\u00ebzim\u201d, ja \u00e7far\u00eb duhet t\u00eb kemi kujdes gjat\u00eb hapjes 23 APRIL 2020 Mjeku i njohur infeksionist, Tritan Kalo, thot\u00eb se do t\u00eb ket\u00eb nj\u00eb val\u00eb t\u00eb dyt\u00eb t\u00eb koronavirusit, e cila do t\u00eb jet\u00eb\u2026","rel":"","context":"In &quot;Blogu i Udh\u00ebtarit&quot;","block_context":{"text":"Blogu i Udh\u00ebtarit","link":"https:\/\/www.shqiperia.com\/blog\/category\/blogu-i-udhetarit\/"},"img":{"alt_text":"","src":"https:\/\/i0.wp.com\/www.shqiperia.com\/blog\/wp-content\/uploads\/2020\/04\/Tritan-Kalo.jpg?fit=640%2C386&ssl=1&resize=350%2C200","width":350,"height":200,"srcset":"https:\/\/i0.wp.com\/www.shqiperia.com\/blog\/wp-content\/uploads\/2020\/04\/Tritan-Kalo.jpg?fit=640%2C386&ssl=1&resize=350%2C200 1x, https:\/\/i0.wp.com\/www.shqiperia.com\/blog\/wp-content\/uploads\/2020\/04\/Tritan-Kalo.jpg?fit=640%2C386&ssl=1&resize=525%2C300 1.5x"},"classes":[]},{"id":34173,"url":"https:\/\/www.shqiperia.com\/blog\/pusht-tetaret-duargjate-e-te-pangopur-mjeku-kalo-po-ku-ishe-ti-adam\/","url_meta":{"origin":40752,"position":4},"title":"\u201cPusht-tetar\u00ebt duargjat\u00eb e t\u00eb pangopur\u201d, mjeku Kalo: Po ku ishe ti Adam\u2026","author":"Kurt Farka","date":"May 2, 2020","format":false,"excerpt":"\u201cPusht-tetar\u00ebt duargjat\u00eb e t\u00eb pangopur\u201d, mjeku Kalo: Po ku ishe ti Adam\u2026 Mjeku i njohur Tritan Kalo n\u00eb nj\u00eb postim t\u00eb tijin shprehet se nuk preferon t\u00eb njihet n\u00eb memorien historike si Adami,\u00a0 t\u00eb personazhit n\u00eb kryevepr\u00ebn e kryevepr\u00ebn e Nobelistit Gjerman Hajnrih Bellit. \u201d Kontributi i gjithkujt sado i\u2026","rel":"","context":"In &quot;Blogu i Udh\u00ebtarit&quot;","block_context":{"text":"Blogu i Udh\u00ebtarit","link":"https:\/\/www.shqiperia.com\/blog\/category\/blogu-i-udhetarit\/"},"img":{"alt_text":"","src":"https:\/\/i0.wp.com\/www.shqiperia.com\/blog\/wp-content\/uploads\/2020\/05\/tritan-kalo.jpg?fit=800%2C433&ssl=1&resize=350%2C200","width":350,"height":200,"srcset":"https:\/\/i0.wp.com\/www.shqiperia.com\/blog\/wp-content\/uploads\/2020\/05\/tritan-kalo.jpg?fit=800%2C433&ssl=1&resize=350%2C200 1x, https:\/\/i0.wp.com\/www.shqiperia.com\/blog\/wp-content\/uploads\/2020\/05\/tritan-kalo.jpg?fit=800%2C433&ssl=1&resize=525%2C300 1.5x, https:\/\/i0.wp.com\/www.shqiperia.com\/blog\/wp-content\/uploads\/2020\/05\/tritan-kalo.jpg?fit=800%2C433&ssl=1&resize=700%2C400 2x"},"classes":[]},{"id":51617,"url":"https:\/\/www.shqiperia.com\/blog\/u-be-jave-qe-ne-shqiperi-po-qarkullon-kjo-semundje-tritan-kalo-tregon-simptomat-dhe-si-perhapet-virusi-duar-kembe-goje\/","url_meta":{"origin":40752,"position":5},"title":"\u201cU b\u00eb jav\u00eb q\u00eb n\u00eb Shqip\u00ebri po qarkullon kjo s\u00ebmundje\u201d. Tritan Kalo tregon simptomat dhe si p\u00ebrhapet virusi \u201cDuar-K\u00ebmb\u00eb-Goj\u00eb&#8221;","author":"Kurt Farka","date":"November 23, 2021","format":false,"excerpt":"\u201cU b\u00eb jav\u00eb q\u00eb n\u00eb Shqip\u00ebri po qarkullon kjo s\u00ebmundje\u201d. Tritan Kalo tregon simptomat dhe si p\u00ebrhapet virusi \u201cDuar-K\u00ebmb\u00eb-Goj\u00eb\" 23 N\u00cbNTOR 2021 TIRAN\u00cb- Mjeku i njohur infeksionist Tritan Kalo ka b\u00ebr\u00eb me dije dit\u00ebn e sotme se n\u00eb vendin ton\u00eb \u00ebsht\u00eb duke qarkulluar nj\u00eb virus i njohur si\u00a0 \u201cDuar-K\u00ebmb\u00eb-Goj\u00eb (SDKG\/HFMD)\u201d.\u2026","rel":"","context":"In &quot;Njoftime Shtypi&quot;","block_context":{"text":"Njoftime Shtypi","link":"https:\/\/www.shqiperia.com\/blog\/category\/njoftime-shtypi\/"},"img":{"alt_text":"","src":"https:\/\/i0.wp.com\/www.shqiperia.com\/blog\/wp-content\/uploads\/2021\/11\/Tritan-Kalo.jpg?fit=517%2C295&ssl=1&resize=350%2C200","width":350,"height":200},"classes":[]}],"_links":{"self":[{"href":"https:\/\/www.shqiperia.com\/blog\/wp-json\/wp\/v2\/posts\/40752","targetHints":{"allow":["GET"]}}],"collection":[{"href":"https:\/\/www.shqiperia.com\/blog\/wp-json\/wp\/v2\/posts"}],"about":[{"href":"https:\/\/www.shqiperia.com\/blog\/wp-json\/wp\/v2\/types\/post"}],"author":[{"embeddable":true,"href":"https:\/\/www.shqiperia.com\/blog\/wp-json\/wp\/v2\/users\/9"}],"replies":[{"embeddable":true,"href":"https:\/\/www.shqiperia.com\/blog\/wp-json\/wp\/v2\/comments?post=40752"}],"version-history":[{"count":1,"href":"https:\/\/www.shqiperia.com\/blog\/wp-json\/wp\/v2\/posts\/40752\/revisions"}],"predecessor-version":[{"id":40755,"href":"https:\/\/www.shqiperia.com\/blog\/wp-json\/wp\/v2\/posts\/40752\/revisions\/40755"}],"wp:featuredmedia":[{"embeddable":true,"href":"https:\/\/www.shqiperia.com\/blog\/wp-json\/wp\/v2\/media\/40753"}],"wp:attachment":[{"href":"https:\/\/www.shqiperia.com\/blog\/wp-json\/wp\/v2\/media?parent=40752"}],"wp:term":[{"taxonomy":"category","embeddable":true,"href":"https:\/\/www.shqiperia.com\/blog\/wp-json\/wp\/v2\/categories?post=40752"},{"taxonomy":"post_tag","embeddable":true,"href":"https:\/\/www.shqiperia.com\/blog\/wp-json\/wp\/v2\/tags?post=40752"}],"curies":[{"name":"wp","href":"https:\/\/api.w.org\/{rel}","templated":true}]}}