{"id":40748,"date":"2020-11-11T10:15:48","date_gmt":"2020-11-11T10:15:48","guid":{"rendered":"https:\/\/www.shqiperia.com\/blog\/?p=40748"},"modified":"2020-11-11T10:15:48","modified_gmt":"2020-11-11T10:15:48","slug":"pamje-apokaliptike-nga-kreta-moti-i-keq-shkakton-kaos-ne-greqi","status":"publish","type":"post","link":"https:\/\/www.shqiperia.com\/blog\/pamje-apokaliptike-nga-kreta-moti-i-keq-shkakton-kaos-ne-greqi\/","title":{"rendered":"Pamje apokaliptike nga Kreta, moti i keq shkakton kaos n\u00eb Greqi"},"content":{"rendered":"<p><img data-recalc-dims=\"1\" loading=\"lazy\" decoding=\"async\" data-attachment-id=\"40749\" data-permalink=\"https:\/\/www.shqiperia.com\/blog\/pamje-apokaliptike-nga-kreta-moti-i-keq-shkakton-kaos-ne-greqi\/640-0-5fabb69be0c7c\/\" data-orig-file=\"https:\/\/i0.wp.com\/www.shqiperia.com\/blog\/wp-content\/uploads\/2020\/11\/640-0-5fabb69be0c7c.png?fit=640%2C401&amp;ssl=1\" data-orig-size=\"640,401\" data-comments-opened=\"1\" data-image-meta=\"{&quot;aperture&quot;:&quot;0&quot;,&quot;credit&quot;:&quot;&quot;,&quot;camera&quot;:&quot;&quot;,&quot;caption&quot;:&quot;&quot;,&quot;created_timestamp&quot;:&quot;0&quot;,&quot;copyright&quot;:&quot;&quot;,&quot;focal_length&quot;:&quot;0&quot;,&quot;iso&quot;:&quot;0&quot;,&quot;shutter_speed&quot;:&quot;0&quot;,&quot;title&quot;:&quot;&quot;,&quot;orientation&quot;:&quot;0&quot;}\" data-image-title=\"-640-0-5fabb69be0c7c\" data-image-description=\"\" data-image-caption=\"\" data-medium-file=\"https:\/\/i0.wp.com\/www.shqiperia.com\/blog\/wp-content\/uploads\/2020\/11\/640-0-5fabb69be0c7c.png?fit=300%2C188&amp;ssl=1\" data-large-file=\"https:\/\/i0.wp.com\/www.shqiperia.com\/blog\/wp-content\/uploads\/2020\/11\/640-0-5fabb69be0c7c.png?fit=640%2C401&amp;ssl=1\" class=\"alignnone  wp-image-40749\" alt=\"\" src=\"https:\/\/i0.wp.com\/www.shqiperia.com\/blog\/wp-content\/uploads\/2020\/11\/640-0-5fabb69be0c7c.png?resize=452%2C283&#038;ssl=1\" width=\"452\" height=\"283\" srcset=\"https:\/\/i0.wp.com\/www.shqiperia.com\/blog\/wp-content\/uploads\/2020\/11\/640-0-5fabb69be0c7c.png?resize=300%2C188&amp;ssl=1 300w, https:\/\/i0.wp.com\/www.shqiperia.com\/blog\/wp-content\/uploads\/2020\/11\/640-0-5fabb69be0c7c.png?resize=450%2C282&amp;ssl=1 450w, https:\/\/i0.wp.com\/www.shqiperia.com\/blog\/wp-content\/uploads\/2020\/11\/640-0-5fabb69be0c7c.png?resize=600%2C376&amp;ssl=1 600w, https:\/\/i0.wp.com\/www.shqiperia.com\/blog\/wp-content\/uploads\/2020\/11\/640-0-5fabb69be0c7c.png?resize=400%2C251&amp;ssl=1 400w, https:\/\/i0.wp.com\/www.shqiperia.com\/blog\/wp-content\/uploads\/2020\/11\/640-0-5fabb69be0c7c.png?w=640&amp;ssl=1 640w\" sizes=\"auto, (max-width: 452px) 100vw, 452px\" \/><\/p>\n<p><strong>Pamje apokaliptike nga Kreta, moti i keq shkakton kaos n\u00eb Greqi<\/strong><\/p>\n<p><strong>11 N\u00cbNTOR 2020<\/strong><\/p>\n<p>Qeveria greke ka shpallur gjendjen e jasht\u00ebzakonshme n\u00eb dy qytete, n\u00eb rajonin Heraklion n\u00eb Kret\u00eb \u2013 Kastel dhe Trapsanons, pasi reshjet e shiut t\u00eb rr\u00ebmbyesh\u00ebm gjat\u00eb t\u00eb shtun\u00ebs dhe diel\u00ebs i kan\u00eb shnd\u00ebrruar qytetet n\u00eb lumenj dhe ka pasur rr\u00ebshqitje dheu.<\/p>\n<p>Gjendjen e jasht\u00ebzakonshme e ka shpallur z\u00ebvend\u00ebsministri i Mbrojtjes Civile dhe Kriza Emergjente, Nikos Hardalias.<\/p>\n<p><img data-recalc-dims=\"1\" loading=\"lazy\" decoding=\"async\" data-attachment-id=\"40750\" data-permalink=\"https:\/\/www.shqiperia.com\/blog\/pamje-apokaliptike-nga-kreta-moti-i-keq-shkakton-kaos-ne-greqi\/640-0-5fabb69b2ff75-copy\/\" data-orig-file=\"https:\/\/i0.wp.com\/www.shqiperia.com\/blog\/wp-content\/uploads\/2020\/11\/640-0-5fabb69b2ff75-Copy.png?fit=640%2C612&amp;ssl=1\" data-orig-size=\"640,612\" data-comments-opened=\"1\" data-image-meta=\"{&quot;aperture&quot;:&quot;0&quot;,&quot;credit&quot;:&quot;&quot;,&quot;camera&quot;:&quot;&quot;,&quot;caption&quot;:&quot;&quot;,&quot;created_timestamp&quot;:&quot;0&quot;,&quot;copyright&quot;:&quot;&quot;,&quot;focal_length&quot;:&quot;0&quot;,&quot;iso&quot;:&quot;0&quot;,&quot;shutter_speed&quot;:&quot;0&quot;,&quot;title&quot;:&quot;&quot;,&quot;orientation&quot;:&quot;0&quot;}\" data-image-title=\"-640-0-5fabb69b2ff75 &#8211; Copy\" data-image-description=\"\" data-image-caption=\"\" data-medium-file=\"https:\/\/i0.wp.com\/www.shqiperia.com\/blog\/wp-content\/uploads\/2020\/11\/640-0-5fabb69b2ff75-Copy.png?fit=300%2C287&amp;ssl=1\" data-large-file=\"https:\/\/i0.wp.com\/www.shqiperia.com\/blog\/wp-content\/uploads\/2020\/11\/640-0-5fabb69b2ff75-Copy.png?fit=640%2C612&amp;ssl=1\" class=\"alignnone  wp-image-40750\" alt=\"\" src=\"https:\/\/i0.wp.com\/www.shqiperia.com\/blog\/wp-content\/uploads\/2020\/11\/640-0-5fabb69b2ff75-Copy.png?resize=451%2C431&#038;ssl=1\" width=\"451\" height=\"431\" srcset=\"https:\/\/i0.wp.com\/www.shqiperia.com\/blog\/wp-content\/uploads\/2020\/11\/640-0-5fabb69b2ff75-Copy.png?resize=300%2C287&amp;ssl=1 300w, https:\/\/i0.wp.com\/www.shqiperia.com\/blog\/wp-content\/uploads\/2020\/11\/640-0-5fabb69b2ff75-Copy.png?resize=450%2C430&amp;ssl=1 450w, https:\/\/i0.wp.com\/www.shqiperia.com\/blog\/wp-content\/uploads\/2020\/11\/640-0-5fabb69b2ff75-Copy.png?resize=600%2C574&amp;ssl=1 600w, https:\/\/i0.wp.com\/www.shqiperia.com\/blog\/wp-content\/uploads\/2020\/11\/640-0-5fabb69b2ff75-Copy.png?resize=400%2C383&amp;ssl=1 400w, https:\/\/i0.wp.com\/www.shqiperia.com\/blog\/wp-content\/uploads\/2020\/11\/640-0-5fabb69b2ff75-Copy.png?w=640&amp;ssl=1 640w\" sizes=\"auto, (max-width: 451px) 100vw, 451px\" \/><\/p>\n<p>Ajo do t\u00eb jet\u00eb n\u00eb fuqi deri m\u00eb 6 maj t\u00eb vitit 2021, nd\u00ebrsa pamjet e k\u00ebtyre qyteteve ngjajn\u00eb shum\u00eb me skenat rr\u00ebqeth\u00ebse t\u00eb filmave apokaliptik t\u00eb Hollywood-it.<\/p>\n<p>Rrug\u00ebt jan\u00eb t\u00eb mbuluar n\u00eb uj\u00eb, kurse rr\u00ebshqitja e dheut ka shkaktuar d\u00ebme t\u00eb m\u00ebdha materiale.<\/p>\n<p>Gazeta Shqip<\/p>\n","protected":false},"excerpt":{"rendered":"<p>Pamje apokaliptike nga Kreta, moti i keq shkakton kaos n\u00eb Greqi 11 N\u00cbNTOR 2020 Qeveria greke ka shpallur gjendjen e jasht\u00ebzakonshme n\u00eb dy qytete, n\u00eb rajonin Heraklion n\u00eb Kret\u00eb \u2013 Kastel dhe Trapsanons, pasi reshjet e shiut t\u00eb rr\u00ebmbyesh\u00ebm gjat\u00eb t\u00eb shtun\u00ebs dhe diel\u00ebs i kan\u00eb shnd\u00ebrruar qytetet n\u00eb lumenj dhe ka pasur rr\u00ebshqitje dheu. [&hellip;]<\/p>\n","protected":false},"author":9,"featured_media":40749,"comment_status":"open","ping_status":"open","sticky":false,"template":"","format":"standard","meta":{"jetpack_post_was_ever_published":false,"_jetpack_newsletter_access":"","_jetpack_dont_email_post_to_subs":false,"_jetpack_newsletter_tier_id":0,"_jetpack_memberships_contains_paywalled_content":false,"_jetpack_memberships_contains_paid_content":false,"footnotes":"","jetpack_publicize_message":"","jetpack_publicize_feature_enabled":true,"jetpack_social_post_already_shared":true,"jetpack_social_options":{"image_generator_settings":{"template":"highway","default_image_id":0,"font":"","enabled":false},"version":2}},"categories":[27,2],"tags":[],"class_list":["post-40748","post","type-post","status-publish","format-standard","has-post-thumbnail","hentry","category-blogu-i-udhetarit","category-politika"],"jetpack_publicize_connections":[],"jetpack_featured_media_url":"https:\/\/i0.wp.com\/www.shqiperia.com\/blog\/wp-content\/uploads\/2020\/11\/640-0-5fabb69be0c7c.png?fit=640%2C401&ssl=1","jetpack_sharing_enabled":true,"jetpack_shortlink":"https:\/\/wp.me\/p5Z6wp-aBe","jetpack-related-posts":[{"id":87009,"url":"https:\/\/www.shqiperia.com\/blog\/greqi-ne-dy-ishuj-permbyten-rruget-e-shtepite-2-te-vdekur-shpallet-gjendje-e-jashtezakonshme-foto\/","url_meta":{"origin":40748,"position":0},"title":"Greqi: &#8211; Ne dy ishuj, p\u00ebrmbyten rrug\u00ebt e sht\u00ebpit\u00eb! 2 t\u00eb vdekur. &#8211;  Shpallet gjendje e jasht\u00ebzakonshme (foto).","author":"Kurt Farka","date":"December 2, 2024","format":false,"excerpt":"2 Dhjetor 2024 Ministria e Krizave Klimatike dhe Mbrojtjes Sociale n\u00eb Greqi ka shpallur n\u00eb gjendje t\u00eb jasht\u00ebzakonshme ishullin Rodos dhe Limnos, p\u00ebr shkak t\u00eb stuhis\u00eb \u201cBora\u201d q\u00eb goditi Greqin\u00eb gjat\u00eb fundjav\u00ebs. Dy ishujt n\u00eb fjal\u00eb jan\u00eb zonat m\u00eb t\u00eb prekura nga stuhia, e cila shkaktoi p\u00ebrmbytje t\u00eb m\u00ebdha n\u00eb\u2026","rel":"","context":"In &quot;Blogu i Udh\u00ebtarit&quot;","block_context":{"text":"Blogu i Udh\u00ebtarit","link":"https:\/\/www.shqiperia.com\/blog\/category\/blogu-i-udhetarit\/"},"img":{"alt_text":"","src":"https:\/\/i0.wp.com\/www.shqiperia.com\/blog\/wp-content\/uploads\/2024\/12\/33.jpg?fit=1028%2C676&ssl=1&resize=350%2C200","width":350,"height":200,"srcset":"https:\/\/i0.wp.com\/www.shqiperia.com\/blog\/wp-content\/uploads\/2024\/12\/33.jpg?fit=1028%2C676&ssl=1&resize=350%2C200 1x, https:\/\/i0.wp.com\/www.shqiperia.com\/blog\/wp-content\/uploads\/2024\/12\/33.jpg?fit=1028%2C676&ssl=1&resize=525%2C300 1.5x, https:\/\/i0.wp.com\/www.shqiperia.com\/blog\/wp-content\/uploads\/2024\/12\/33.jpg?fit=1028%2C676&ssl=1&resize=700%2C400 2x"},"classes":[]},{"id":50560,"url":"https:\/\/www.shqiperia.com\/blog\/moti-i-keq-era-e-forte-shkakton-probleme-ne-qarkun-e-lezhes-veshtiresi-ne-qarkullimin-e-automjeteve-dhe-fshatra-pa-energji-elektrike\/","url_meta":{"origin":40748,"position":1},"title":"Moti i keq, era e fort\u00eb shkakton probleme n\u00eb qarkun e Lezh\u00ebs, v\u00ebshtir\u00ebsi n\u00eb qarkullimin e automjeteve dhe fshatra pa energji elektrike","author":"Kurt Farka","date":"October 15, 2021","format":false,"excerpt":"Moti i keq, era e fort\u00eb shkakton probleme n\u00eb qarkun e Lezh\u00ebs, v\u00ebshtir\u00ebsi n\u00eb qarkullimin e automjeteve dhe fshatra pa energji elektrike 15 tetor 2021 Prej 24 or\u00ebsh, rajoni i Lezh\u00ebs \u00ebsht\u00eb p\u00ebrfshire nga moti i keq ku mbizot\u00ebron era e fort\u00eb, e cila ka shkaktuar edhe probleme n\u00eb disa\u2026","rel":"","context":"In &quot;Shoqerore&quot;","block_context":{"text":"Shoqerore","link":"https:\/\/www.shqiperia.com\/blog\/category\/shoqerore\/"},"img":{"alt_text":"","src":"https:\/\/i0.wp.com\/www.shqiperia.com\/blog\/wp-content\/uploads\/2021\/10\/auto_unnamed1633675525-768x576-1.jpg?fit=768%2C480&ssl=1&resize=350%2C200","width":350,"height":200,"srcset":"https:\/\/i0.wp.com\/www.shqiperia.com\/blog\/wp-content\/uploads\/2021\/10\/auto_unnamed1633675525-768x576-1.jpg?fit=768%2C480&ssl=1&resize=350%2C200 1x, https:\/\/i0.wp.com\/www.shqiperia.com\/blog\/wp-content\/uploads\/2021\/10\/auto_unnamed1633675525-768x576-1.jpg?fit=768%2C480&ssl=1&resize=525%2C300 1.5x, https:\/\/i0.wp.com\/www.shqiperia.com\/blog\/wp-content\/uploads\/2021\/10\/auto_unnamed1633675525-768x576-1.jpg?fit=768%2C480&ssl=1&resize=700%2C400 2x"},"classes":[]},{"id":77480,"url":"https:\/\/www.shqiperia.com\/blog\/gjendje-e-jashtezakonshme-ne-fushe-arrez-bllokohen-rruget-nga-reshjet-e-dendura\/","url_meta":{"origin":40748,"position":2},"title":"Gjendje e jasht\u00ebzakonshme n\u00eb Fush\u00eb Arr\u00ebz! &#8211; Bllokohen rrug\u00ebt nga reshjet e dendura","author":"Kurt Farka","date":"January 21, 2024","format":false,"excerpt":"21 Janar 2024 Bashkia Fush\u00eb-Arr\u00ebz dje (20 Janar) ka shpallur gjendjen e jasht\u00ebzakonshme p\u00ebr shkak t\u00eb reshjeve t\u00eb denduara t\u00eb bores. Ekipi i Emergjencave Civile t\u00eb bashkis\u00eb po punon me t\u00eb gjith\u00eb sektor\u00ebt p\u00ebr p\u00ebrballimin e situat\u00ebs. Gjendje t\u00eb r\u00ebnd\u00eb n\u00eb bashkin\u00eb e Fush\u00eb-Arr\u00ebzit. Disa nj\u00ebsi administrative dhe disa fshatra\u2026","rel":"","context":"In &quot;Blogu i Udh\u00ebtarit&quot;","block_context":{"text":"Blogu i Udh\u00ebtarit","link":"https:\/\/www.shqiperia.com\/blog\/category\/blogu-i-udhetarit\/"},"img":{"alt_text":"","src":"https:\/\/i0.wp.com\/www.shqiperia.com\/blog\/wp-content\/uploads\/2024\/01\/moti-i-keq-debore-1.jpg?fit=783%2C494&ssl=1&resize=350%2C200","width":350,"height":200,"srcset":"https:\/\/i0.wp.com\/www.shqiperia.com\/blog\/wp-content\/uploads\/2024\/01\/moti-i-keq-debore-1.jpg?fit=783%2C494&ssl=1&resize=350%2C200 1x, https:\/\/i0.wp.com\/www.shqiperia.com\/blog\/wp-content\/uploads\/2024\/01\/moti-i-keq-debore-1.jpg?fit=783%2C494&ssl=1&resize=525%2C300 1.5x, https:\/\/i0.wp.com\/www.shqiperia.com\/blog\/wp-content\/uploads\/2024\/01\/moti-i-keq-debore-1.jpg?fit=783%2C494&ssl=1&resize=700%2C400 2x"},"classes":[]},{"id":76247,"url":"https:\/\/www.shqiperia.com\/blog\/moti-i-keq-mberthen-shba-ne-tornado-dhe-stuhi-raportohet-per-6-te-vdekur\/","url_meta":{"origin":40748,"position":3},"title":"Moti i keq \u2018mb\u00ebrthen\u2019 SHBA-n\u00eb\/ Tornado dhe stuhi, raportohet p\u00ebr 6 t\u00eb vdekur","author":"Kurt Farka","date":"December 10, 2023","format":false,"excerpt":"10 Dhjetor 2023 Moti i keq ka \u2018mb\u00ebrthyer\u2019 SHBA-n\u00eb. Raportohet se 6 persona humb\u00ebn jet\u00ebn pasi tornadot dhe stuhit\u00eb e forta shp\u00ebrthyen disa pjes\u00eb t\u00eb Tenesit t\u00eb shtun\u00ebn. Nd\u00ebrtesat u shnd\u00ebrruan n\u00eb rr\u00ebnoja dhe komunitetet u zhyt\u00ebn n\u00eb err\u00ebsir\u00eb kur moti ekstrem goditi pjes\u00eb t\u00eb shtetit jugor t\u00eb SHBA, raporton\u2026","rel":"","context":"In &quot;Blogu i Udh\u00ebtarit&quot;","block_context":{"text":"Blogu i Udh\u00ebtarit","link":"https:\/\/www.shqiperia.com\/blog\/category\/blogu-i-udhetarit\/"},"img":{"alt_text":"","src":"https:\/\/i0.wp.com\/www.shqiperia.com\/blog\/wp-content\/uploads\/2023\/12\/800-0-dedee9b90ccd1ffd7fd02c03e6cb4f5e.jpg?fit=800%2C483&ssl=1&resize=350%2C200","width":350,"height":200,"srcset":"https:\/\/i0.wp.com\/www.shqiperia.com\/blog\/wp-content\/uploads\/2023\/12\/800-0-dedee9b90ccd1ffd7fd02c03e6cb4f5e.jpg?fit=800%2C483&ssl=1&resize=350%2C200 1x, https:\/\/i0.wp.com\/www.shqiperia.com\/blog\/wp-content\/uploads\/2023\/12\/800-0-dedee9b90ccd1ffd7fd02c03e6cb4f5e.jpg?fit=800%2C483&ssl=1&resize=525%2C300 1.5x, https:\/\/i0.wp.com\/www.shqiperia.com\/blog\/wp-content\/uploads\/2023\/12\/800-0-dedee9b90ccd1ffd7fd02c03e6cb4f5e.jpg?fit=800%2C483&ssl=1&resize=700%2C400 2x"},"classes":[]},{"id":73455,"url":"https:\/\/www.shqiperia.com\/blog\/biden-shpall-gjendjen-e-jashtezakonshme-ne-hawaii\/","url_meta":{"origin":40748,"position":4},"title":"Biden shpall gjendjen e jasht\u00ebzakonshme n\u00eb Hawaii","author":"Kurt Farka","date":"August 12, 2023","format":false,"excerpt":"12 Gusht 2023 Presidenti amerikan, Joe Biden ka shpallur gjendjen e jasht\u00ebzakonshme p\u00ebr katastrof\u00eb n\u00eb Hawaii dhe ka zhbllokuar ndihm\u00ebn federale p\u00ebr ishujt e shkat\u00ebrruar nga zjarret. T\u00eb pakt\u00ebn 36 persona kan\u00eb vdekur pasi zjarret e shpejta shp\u00ebrthejn\u00eb n\u00eb ishullin Hawai t\u00eb Maui. Zjarret jan\u00eb ndezur nga er\u00ebrat e forta\u2026","rel":"","context":"In &quot;Blogu i Udh\u00ebtarit&quot;","block_context":{"text":"Blogu i Udh\u00ebtarit","link":"https:\/\/www.shqiperia.com\/blog\/category\/blogu-i-udhetarit\/"},"img":{"alt_text":"","src":"https:\/\/i0.wp.com\/www.shqiperia.com\/blog\/wp-content\/uploads\/2023\/08\/IMG_9730.jpeg?fit=640%2C354&ssl=1&resize=350%2C200","width":350,"height":200,"srcset":"https:\/\/i0.wp.com\/www.shqiperia.com\/blog\/wp-content\/uploads\/2023\/08\/IMG_9730.jpeg?fit=640%2C354&ssl=1&resize=350%2C200 1x, https:\/\/i0.wp.com\/www.shqiperia.com\/blog\/wp-content\/uploads\/2023\/08\/IMG_9730.jpeg?fit=640%2C354&ssl=1&resize=525%2C300 1.5x"},"classes":[]},{"id":50411,"url":"https:\/\/www.shqiperia.com\/blog\/kaos-dhe-permbytje-masive-ne-greqi-po-per-shqiperine-cfare-paralajmeroi-meteorologu-gjerman\/","url_meta":{"origin":40748,"position":5},"title":"Kaos dhe p\u00ebrmbytje masive n\u00eb Greqi, po p\u00ebr Shqip\u00ebrin\u00eb \u00e7far\u00eb paralajm\u00ebroi meteorologu gjerman","author":"Kurt Farka","date":"October 10, 2021","format":false,"excerpt":"Kaos dhe p\u00ebrmbytje masive n\u00eb Greqi, po p\u00ebr Shqip\u00ebrin\u00eb \u00e7far\u00eb paralajm\u00ebroi meteorologu gjerman 10 TETOR 2021 Shum\u00eb qytete n\u00eb Greqi, mes tyre Athina \u00ebsht\u00eb p\u00ebrfshir\u00eb nga stuhi me reshje t\u00eb dendura shiu dhe ere pasditen e sotme. Reshjet kan\u00eb shkaktuar kaos n\u00eb qarkullim. Nj\u00eb pjes\u00eb e p\u00ebrrenjve dhe lumenjve kan\u00eb\u2026","rel":"","context":"In &quot;Blogu i Udh\u00ebtarit&quot;","block_context":{"text":"Blogu i Udh\u00ebtarit","link":"https:\/\/www.shqiperia.com\/blog\/category\/blogu-i-udhetarit\/"},"img":{"alt_text":"","src":"https:\/\/i0.wp.com\/www.shqiperia.com\/blog\/wp-content\/uploads\/2021\/10\/800-0-616333cd18000.png?fit=800%2C468&ssl=1&resize=350%2C200","width":350,"height":200,"srcset":"https:\/\/i0.wp.com\/www.shqiperia.com\/blog\/wp-content\/uploads\/2021\/10\/800-0-616333cd18000.png?fit=800%2C468&ssl=1&resize=350%2C200 1x, https:\/\/i0.wp.com\/www.shqiperia.com\/blog\/wp-content\/uploads\/2021\/10\/800-0-616333cd18000.png?fit=800%2C468&ssl=1&resize=525%2C300 1.5x, https:\/\/i0.wp.com\/www.shqiperia.com\/blog\/wp-content\/uploads\/2021\/10\/800-0-616333cd18000.png?fit=800%2C468&ssl=1&resize=700%2C400 2x"},"classes":[]}],"_links":{"self":[{"href":"https:\/\/www.shqiperia.com\/blog\/wp-json\/wp\/v2\/posts\/40748","targetHints":{"allow":["GET"]}}],"collection":[{"href":"https:\/\/www.shqiperia.com\/blog\/wp-json\/wp\/v2\/posts"}],"about":[{"href":"https:\/\/www.shqiperia.com\/blog\/wp-json\/wp\/v2\/types\/post"}],"author":[{"embeddable":true,"href":"https:\/\/www.shqiperia.com\/blog\/wp-json\/wp\/v2\/users\/9"}],"replies":[{"embeddable":true,"href":"https:\/\/www.shqiperia.com\/blog\/wp-json\/wp\/v2\/comments?post=40748"}],"version-history":[{"count":1,"href":"https:\/\/www.shqiperia.com\/blog\/wp-json\/wp\/v2\/posts\/40748\/revisions"}],"predecessor-version":[{"id":40751,"href":"https:\/\/www.shqiperia.com\/blog\/wp-json\/wp\/v2\/posts\/40748\/revisions\/40751"}],"wp:featuredmedia":[{"embeddable":true,"href":"https:\/\/www.shqiperia.com\/blog\/wp-json\/wp\/v2\/media\/40749"}],"wp:attachment":[{"href":"https:\/\/www.shqiperia.com\/blog\/wp-json\/wp\/v2\/media?parent=40748"}],"wp:term":[{"taxonomy":"category","embeddable":true,"href":"https:\/\/www.shqiperia.com\/blog\/wp-json\/wp\/v2\/categories?post=40748"},{"taxonomy":"post_tag","embeddable":true,"href":"https:\/\/www.shqiperia.com\/blog\/wp-json\/wp\/v2\/tags?post=40748"}],"curies":[{"name":"wp","href":"https:\/\/api.w.org\/{rel}","templated":true}]}}