{"id":40745,"date":"2020-11-11T10:01:02","date_gmt":"2020-11-11T10:01:02","guid":{"rendered":"https:\/\/www.shqiperia.com\/blog\/?p=40745"},"modified":"2020-11-11T10:01:02","modified_gmt":"2020-11-11T10:01:02","slug":"epidemiologu-shqiptar-nuk-mund-te-fillojme-perdorimin-e-vaksines-anti-covid-ja-si-do-te-reagoje-organizmi-yne","status":"publish","type":"post","link":"https:\/\/www.shqiperia.com\/blog\/epidemiologu-shqiptar-nuk-mund-te-fillojme-perdorimin-e-vaksines-anti-covid-ja-si-do-te-reagoje-organizmi-yne\/","title":{"rendered":"Epidemiologu shqiptar: Nuk mund t\u00eb fillojm\u00eb p\u00ebrdorimin e vaksin\u00ebs anti-covid, ja si do t\u00eb reagoj\u00eb organizmi yn\u00eb"},"content":{"rendered":"<p><img data-recalc-dims=\"1\" loading=\"lazy\" decoding=\"async\" data-attachment-id=\"40746\" data-permalink=\"https:\/\/www.shqiperia.com\/blog\/epidemiologu-shqiptar-nuk-mund-te-fillojme-perdorimin-e-vaksines-anti-covid-ja-si-do-te-reagoje-organizmi-yne\/800-0-5faae761d238e\/\" data-orig-file=\"https:\/\/i0.wp.com\/www.shqiperia.com\/blog\/wp-content\/uploads\/2020\/11\/800-0-5faae761d238e.jpg?fit=800%2C417&amp;ssl=1\" data-orig-size=\"800,417\" data-comments-opened=\"1\" data-image-meta=\"{&quot;aperture&quot;:&quot;0&quot;,&quot;credit&quot;:&quot;&quot;,&quot;camera&quot;:&quot;&quot;,&quot;caption&quot;:&quot;&quot;,&quot;created_timestamp&quot;:&quot;0&quot;,&quot;copyright&quot;:&quot;&quot;,&quot;focal_length&quot;:&quot;0&quot;,&quot;iso&quot;:&quot;0&quot;,&quot;shutter_speed&quot;:&quot;0&quot;,&quot;title&quot;:&quot;&quot;,&quot;orientation&quot;:&quot;0&quot;}\" data-image-title=\"-800-0-5faae761d238e\" data-image-description=\"\" data-image-caption=\"\" data-medium-file=\"https:\/\/i0.wp.com\/www.shqiperia.com\/blog\/wp-content\/uploads\/2020\/11\/800-0-5faae761d238e.jpg?fit=300%2C156&amp;ssl=1\" data-large-file=\"https:\/\/i0.wp.com\/www.shqiperia.com\/blog\/wp-content\/uploads\/2020\/11\/800-0-5faae761d238e.jpg?fit=800%2C417&amp;ssl=1\" class=\"alignnone  wp-image-40746\" alt=\"\" src=\"https:\/\/i0.wp.com\/www.shqiperia.com\/blog\/wp-content\/uploads\/2020\/11\/800-0-5faae761d238e.jpg?resize=456%2C237&#038;ssl=1\" width=\"456\" height=\"237\" srcset=\"https:\/\/i0.wp.com\/www.shqiperia.com\/blog\/wp-content\/uploads\/2020\/11\/800-0-5faae761d238e.jpg?resize=300%2C156&amp;ssl=1 300w, https:\/\/i0.wp.com\/www.shqiperia.com\/blog\/wp-content\/uploads\/2020\/11\/800-0-5faae761d238e.jpg?resize=768%2C400&amp;ssl=1 768w, https:\/\/i0.wp.com\/www.shqiperia.com\/blog\/wp-content\/uploads\/2020\/11\/800-0-5faae761d238e.jpg?resize=450%2C235&amp;ssl=1 450w, https:\/\/i0.wp.com\/www.shqiperia.com\/blog\/wp-content\/uploads\/2020\/11\/800-0-5faae761d238e.jpg?resize=600%2C313&amp;ssl=1 600w, https:\/\/i0.wp.com\/www.shqiperia.com\/blog\/wp-content\/uploads\/2020\/11\/800-0-5faae761d238e.jpg?resize=400%2C209&amp;ssl=1 400w, https:\/\/i0.wp.com\/www.shqiperia.com\/blog\/wp-content\/uploads\/2020\/11\/800-0-5faae761d238e.jpg?w=800&amp;ssl=1 800w\" sizes=\"auto, (max-width: 456px) 100vw, 456px\" \/><\/p>\n<p>Epidemiologu shqiptar: Nuk mund t\u00eb fillojm\u00eb p\u00ebrdorimin e vaksin\u00ebs anti-covid, ja si do t\u00eb reagoj\u00eb organizmi yn\u00eb<\/p>\n<p>10 N\u00cbNTOR 2020<\/p>\n<p>Epidemiologu Erand Llanaj ka folur n\u00eb lidhje me studimin e fundit, ku thuhet se \u00ebsht\u00eb gjetur\u00a0vaksina anticovid.<\/p>\n<p>Llanaj ka sqaruar se b\u00ebhet fjal\u00eb p\u00ebr nj\u00eb rast studimor ku jan\u00eb marr\u00eb n\u00eb prov\u00eb vet\u00ebm 94 persona, gj\u00eb q\u00eb e b\u00ebn vaksin\u00ebn ende t\u00eb pasigurt\u00eb te miliarda t\u00eb tjer\u00eb.<\/p>\n<p>&#8220;Vaksina ka treguar nj\u00eb efektivitet fillestar p\u00ebr 94 individ\u00eb, llogjikisht nuk mund t\u00eb fillojm\u00eb p\u00ebrdorimin e nj\u00eb vaksine p\u00ebr miliarda individ\u00eb.<\/p>\n<p>E dyta, ajo q\u00eb po ndodh tani \u00ebsht\u00eb q\u00eb nuk kemi p\u00ebrdorur dhe nuk kemi komercializuar kurr\u00eb si njer\u00ebzim, si shkenc\u00eb, n\u00eb njer\u00ebz vaksina me baz\u00eb ARN-je. Vaksin\u00ebn me baz\u00eb ARN-je nuk e p\u00ebrdorin t\u00eb gjith\u00eb virusin si\u00e7 e p\u00ebrdorin vaksinat klasike, por marrin vet\u00ebm pjes\u00ebn e kodit gjenetik q\u00eb quhet ARN mesazhere dhe q\u00eb kodon vet\u00ebm p\u00ebr proteinat e gjilp\u00ebr\u00ebs.<\/p>\n<p>N\u00eb k\u00ebt\u00eb m\u00ebnyr\u00eb organizmi yn\u00eb njeh k\u00ebt\u00eb material gjenetik, nxit nj\u00eb p\u00ebrgjigje imunitare q\u00eb neutralizon antitrupat. N\u00eb rastet q\u00eb vjen infektimi me virusin potencial t\u00eb v\u00ebrtet\u00eb, at\u00ebher\u00eb ne do t\u00eb jemi t\u00eb mbrojtur.<\/p>\n<p>N\u00eb k\u00ebt\u00eb moment, ky nuk \u00ebsht\u00eb studim por \u00ebsht\u00eb lajm, dhe nuk ka kaluar rigorozitetin shkencor. Duhet t\u00eb kuptojm\u00eb q\u00eb nuk jan\u00eb testuar f\u00ebmij\u00ebt, adoleshent\u00ebt, grat\u00eb shtatzana dhe me shum\u00eb gjasa do t\u00eb presim q\u00eb prova t\u00eb vazhdoj\u00eb dhe t\u00eb kaloj\u00eb at\u00eb q\u00eb \u00ebsht\u00eb kryesorja p\u00ebr publikun dhe kompanit\u00eb farmaceutike, kriteri q\u00eb minimum 50% e popullat\u00ebs s\u00eb marr\u00eb n\u00eb studim mos t\u00eb ket\u00eb efekte an\u00ebsore.<\/p>\n<p>P\u00ebr momentin kjo vaksin\u00eb ka efekte an\u00ebsore klasike n\u00eb nj\u00eb grup t\u00eb kufizuar individ\u00ebsh, me nj\u00eb hasje n\u00eb 1%, me ethe, dhimbje muskujsh q\u00eb jan\u00eb kalimtare. N\u00ebse vazhdon q\u00eb 90% t\u00eb kaloj\u00eb faz\u00ebn e rigorozitetit shkencor dhe aprovimit t\u00eb agjensive, ku \u00ebsht\u00eb nj\u00eb super lajm p\u00ebr gjetjen e vaksin\u00ebs&#8221;, tha ai p\u00ebr Ora News.<\/p>\n","protected":false},"excerpt":{"rendered":"<p>Epidemiologu shqiptar: Nuk mund t\u00eb fillojm\u00eb p\u00ebrdorimin e vaksin\u00ebs anti-covid, ja si do t\u00eb reagoj\u00eb organizmi yn\u00eb 10 N\u00cbNTOR 2020 Epidemiologu Erand Llanaj ka folur n\u00eb lidhje me studimin e fundit, ku thuhet se \u00ebsht\u00eb gjetur\u00a0vaksina anticovid. Llanaj ka sqaruar se b\u00ebhet fjal\u00eb p\u00ebr nj\u00eb rast studimor ku jan\u00eb marr\u00eb n\u00eb prov\u00eb vet\u00ebm 94 persona, [&hellip;]<\/p>\n","protected":false},"author":9,"featured_media":40746,"comment_status":"open","ping_status":"open","sticky":false,"template":"","format":"standard","meta":{"jetpack_post_was_ever_published":false,"_jetpack_newsletter_access":"","_jetpack_dont_email_post_to_subs":false,"_jetpack_newsletter_tier_id":0,"_jetpack_memberships_contains_paywalled_content":false,"_jetpack_memberships_contains_paid_content":false,"footnotes":"","jetpack_publicize_message":"","jetpack_publicize_feature_enabled":true,"jetpack_social_post_already_shared":true,"jetpack_social_options":{"image_generator_settings":{"template":"highway","default_image_id":0,"font":"","enabled":false},"version":2}},"categories":[27,35],"tags":[],"class_list":["post-40745","post","type-post","status-publish","format-standard","has-post-thumbnail","hentry","category-blogu-i-udhetarit","category-shoqerore"],"jetpack_publicize_connections":[],"jetpack_featured_media_url":"https:\/\/i0.wp.com\/www.shqiperia.com\/blog\/wp-content\/uploads\/2020\/11\/800-0-5faae761d238e.jpg?fit=800%2C417&ssl=1","jetpack_sharing_enabled":true,"jetpack_shortlink":"https:\/\/wp.me\/p5Z6wp-aBb","jetpack-related-posts":[{"id":32934,"url":"https:\/\/www.shqiperia.com\/blog\/a-po-i-mbron-shqiptaret-vaksina-kunder-tuberkulozit-e-bere-qe-femije-epidemiologu-i-njohur-i-jep-pergjigje-pyetjes-qe-po-e-bejne-te-gjithe\/","url_meta":{"origin":40745,"position":0},"title":"A po i mbron shqiptar\u00ebt vaksina kund\u00ebr tuberkulozit e b\u00ebr\u00eb q\u00eb f\u00ebmij\u00eb? Epidemiologu i njohur i jep p\u00ebrgjigje pyetjes q\u00eb po e b\u00ebjn\u00eb t\u00eb gjith\u00eb","author":"Kurt Farka","date":"March 31, 2020","format":false,"excerpt":"A po i mbron shqiptar\u00ebt vaksina kund\u00ebr tuberkulozit e b\u00ebr\u00eb q\u00eb f\u00ebmij\u00eb? Epidemiologu i njohur i jep p\u00ebrgjigje pyetjes q\u00eb po e b\u00ebjn\u00eb t\u00eb gjith\u00eb 31 MARS 2020 Epidemiologu i gjenomik\u00ebs dhe nutrigjenomik\u00ebs Erand Llanaj, ka komentuar studimin austrialian se po verifikohet testimi njer\u00ebzor n\u00eb shkall\u00eb t\u00eb gjer\u00eb p\u00ebr t\u00eb\u2026","rel":"","context":"In &quot;Blogu i Udh\u00ebtarit&quot;","block_context":{"text":"Blogu i Udh\u00ebtarit","link":"https:\/\/www.shqiperia.com\/blog\/category\/blogu-i-udhetarit\/"},"img":{"alt_text":"","src":"https:\/\/i0.wp.com\/www.shqiperia.com\/blog\/wp-content\/uploads\/2020\/03\/800-0-5e838b77bd308.jpg?fit=800%2C450&ssl=1&resize=350%2C200","width":350,"height":200,"srcset":"https:\/\/i0.wp.com\/www.shqiperia.com\/blog\/wp-content\/uploads\/2020\/03\/800-0-5e838b77bd308.jpg?fit=800%2C450&ssl=1&resize=350%2C200 1x, https:\/\/i0.wp.com\/www.shqiperia.com\/blog\/wp-content\/uploads\/2020\/03\/800-0-5e838b77bd308.jpg?fit=800%2C450&ssl=1&resize=525%2C300 1.5x, https:\/\/i0.wp.com\/www.shqiperia.com\/blog\/wp-content\/uploads\/2020\/03\/800-0-5e838b77bd308.jpg?fit=800%2C450&ssl=1&resize=700%2C400 2x"},"classes":[]},{"id":45882,"url":"https:\/\/www.shqiperia.com\/blog\/ekspertet-vaksina-kineze-eshte-nje-bast\/","url_meta":{"origin":40745,"position":1},"title":"Ekspert\u00ebt: &#8211; Vaksina kineze \u00ebsht\u00eb nj\u00eb bast","author":"Kurt Farka","date":"March 29, 2021","format":false,"excerpt":"Ekspert\u00ebt: - Vaksina kineze \u00ebsht\u00eb nj\u00eb bast Epidemiologu Ilir Alimehmeti mendon se aplikimi i vaksin\u00ebs kineze \u00ebsht\u00eb nj\u00eb bast q\u00eb po b\u00ebhet me sh\u00ebndetin e shqiptar\u00ebve pasi vaksina akoma nuk i ka kaluar testet e plota klinike p\u00ebr efektshm\u00ebrin\u00eb e saj. \u201cCoronaVac, e prodhuar nga Sinovac Biotech, \u00ebsht\u00eb vaksin\u00eb me\u2026","rel":"","context":"In &quot;Blogu i Udh\u00ebtarit&quot;","block_context":{"text":"Blogu i Udh\u00ebtarit","link":"https:\/\/www.shqiperia.com\/blog\/category\/blogu-i-udhetarit\/"},"img":{"alt_text":"","src":"https:\/\/i0.wp.com\/www.shqiperia.com\/blog\/wp-content\/uploads\/2021\/03\/Ekspertet-Vaksina-kineze-eshte-nje-bast.jpg?fit=1200%2C615&ssl=1&resize=350%2C200","width":350,"height":200,"srcset":"https:\/\/i0.wp.com\/www.shqiperia.com\/blog\/wp-content\/uploads\/2021\/03\/Ekspertet-Vaksina-kineze-eshte-nje-bast.jpg?fit=1200%2C615&ssl=1&resize=350%2C200 1x, https:\/\/i0.wp.com\/www.shqiperia.com\/blog\/wp-content\/uploads\/2021\/03\/Ekspertet-Vaksina-kineze-eshte-nje-bast.jpg?fit=1200%2C615&ssl=1&resize=525%2C300 1.5x, https:\/\/i0.wp.com\/www.shqiperia.com\/blog\/wp-content\/uploads\/2021\/03\/Ekspertet-Vaksina-kineze-eshte-nje-bast.jpg?fit=1200%2C615&ssl=1&resize=700%2C400 2x, https:\/\/i0.wp.com\/www.shqiperia.com\/blog\/wp-content\/uploads\/2021\/03\/Ekspertet-Vaksina-kineze-eshte-nje-bast.jpg?fit=1200%2C615&ssl=1&resize=1050%2C600 3x"},"classes":[]},{"id":46123,"url":"https:\/\/www.shqiperia.com\/blog\/mjeku-alimehmeti-ndersa-shqiperia-ka-nisur-vaksinimin-masiv-te-popullates-me-vaksinen-kineze-sinovak-vete-vendi-i-origjines-kina-po-tregohet-shume-e-kujdesshme\/","url_meta":{"origin":40745,"position":2},"title":"Mjeku Alimehmeti: &#8211; Nd\u00ebrsa Shqip\u00ebria ka nisur vaksinimin masiv t\u00eb popullat\u00ebs me vaksin\u00ebn kineze sinovak vet\u00eb vendi i origjin\u00ebs Kina po tregohet shum\u00eb e kujdesshme.","author":"Kurt Farka","date":"April 6, 2021","format":false,"excerpt":"Mjeku Alimehmeti: - Nd\u00ebrsa Shqip\u00ebria ka nisur vaksinimin masiv t\u00eb popullat\u00ebs me vaksin\u00ebn kineze sinovak vet\u00eb vendi i origjin\u00ebs Kina po tregohet shum\u00eb e kujdesshme. 6 prill 2021 Ilir Alimehmeti, mjek epidemiolog analizon zhvillimet m\u00eb t\u00eb fundit n\u00eb Kin\u00eb ku sipas tij vaksina Sinovac ka marr\u00eb\u00a0lincencimin\u00a0p\u00ebr t\u2019u aplikuar n\u00eb moshat\u2026","rel":"","context":"In &quot;Blogu i Udh\u00ebtarit&quot;","block_context":{"text":"Blogu i Udh\u00ebtarit","link":"https:\/\/www.shqiperia.com\/blog\/category\/blogu-i-udhetarit\/"},"img":{"alt_text":"","src":"https:\/\/i0.wp.com\/www.shqiperia.com\/blog\/wp-content\/uploads\/2021\/04\/Ilir-alimehmeti.jpg?fit=1100%2C562&ssl=1&resize=350%2C200","width":350,"height":200,"srcset":"https:\/\/i0.wp.com\/www.shqiperia.com\/blog\/wp-content\/uploads\/2021\/04\/Ilir-alimehmeti.jpg?fit=1100%2C562&ssl=1&resize=350%2C200 1x, https:\/\/i0.wp.com\/www.shqiperia.com\/blog\/wp-content\/uploads\/2021\/04\/Ilir-alimehmeti.jpg?fit=1100%2C562&ssl=1&resize=525%2C300 1.5x, https:\/\/i0.wp.com\/www.shqiperia.com\/blog\/wp-content\/uploads\/2021\/04\/Ilir-alimehmeti.jpg?fit=1100%2C562&ssl=1&resize=700%2C400 2x, https:\/\/i0.wp.com\/www.shqiperia.com\/blog\/wp-content\/uploads\/2021\/04\/Ilir-alimehmeti.jpg?fit=1100%2C562&ssl=1&resize=1050%2C600 3x"},"classes":[]},{"id":40892,"url":"https:\/\/www.shqiperia.com\/blog\/shkencetarja-do-te-kete-njerez-qe-nuk-mund-ta-perballojne-vaksinen\/","url_meta":{"origin":40745,"position":3},"title":"Shkenc\u00ebtarja: &#8211; Do t\u00eb ket\u00eb njer\u00ebz q\u00eb nuk mund ta p\u00ebrballojn\u00eb vaksin\u00ebn","author":"Kurt Farka","date":"November 15, 2020","format":false,"excerpt":"Shkenc\u00ebtarja: - Do t\u00eb ket\u00eb njer\u00ebz q\u00eb nuk mund ta p\u00ebrballojn\u00eb vaksin\u00ebn 14\/11\/2020 Kompania farmaceutike amerikane Pfizer para pak dit\u00ebsh se vaksina e saj eksperimentale kund\u00ebr COVID-19-s, ka d\u00ebshmuar nj\u00eb nivel efektiviteti me t\u00eb lart\u00eb se 90%. Pfizer dhe partneri i saj gjerman BioNTech b\u00ebn\u00eb t\u00eb ditur se provat klinike\u2026","rel":"","context":"In &quot;Blogu i Udh\u00ebtarit&quot;","block_context":{"text":"Blogu i Udh\u00ebtarit","link":"https:\/\/www.shqiperia.com\/blog\/category\/blogu-i-udhetarit\/"},"img":{"alt_text":"","src":"https:\/\/i0.wp.com\/www.shqiperia.com\/blog\/wp-content\/uploads\/2020\/11\/TEDI-WEB.00_32_31_20.Still3207.jpg?fit=1200%2C675&ssl=1&resize=350%2C200","width":350,"height":200,"srcset":"https:\/\/i0.wp.com\/www.shqiperia.com\/blog\/wp-content\/uploads\/2020\/11\/TEDI-WEB.00_32_31_20.Still3207.jpg?fit=1200%2C675&ssl=1&resize=350%2C200 1x, https:\/\/i0.wp.com\/www.shqiperia.com\/blog\/wp-content\/uploads\/2020\/11\/TEDI-WEB.00_32_31_20.Still3207.jpg?fit=1200%2C675&ssl=1&resize=525%2C300 1.5x, https:\/\/i0.wp.com\/www.shqiperia.com\/blog\/wp-content\/uploads\/2020\/11\/TEDI-WEB.00_32_31_20.Still3207.jpg?fit=1200%2C675&ssl=1&resize=700%2C400 2x, https:\/\/i0.wp.com\/www.shqiperia.com\/blog\/wp-content\/uploads\/2020\/11\/TEDI-WEB.00_32_31_20.Still3207.jpg?fit=1200%2C675&ssl=1&resize=1050%2C600 3x"},"classes":[]},{"id":45864,"url":"https:\/\/www.shqiperia.com\/blog\/eshte-e-shpejtuar-ne-shqiperi-mjeku-ne-shba-zbulon-prapaskenat-vaksina-kineze-nuk-ka-asnje\/","url_meta":{"origin":40745,"position":4},"title":"\u2018\u00cbsht\u00eb e shpejtuar n\u00eb Shqip\u00ebri\u2019, mjeku n\u00eb SHBA zbulon prapaskenat: Vaksina kineze nuk ka asnj\u00eb &#8230;","author":"Kurt Farka","date":"March 28, 2021","format":false,"excerpt":"\u2018\u00cbsht\u00eb e shpejtuar n\u00eb Shqip\u00ebri\u2019, mjeku n\u00eb SHBA zbulon prapaskenat: Vaksina kineze nuk ka asnj\u00eb ... 28 MARS 2021 Njeku shqiptar n\u00eb SHBA\u00a0 Arban Domi \u00ebsht\u00eb shprehur me rezerva n\u00eb lidhje me vaksin\u00ebn kineze Sinovac, e cila do t\u00eb aplikohet edhe n\u00eb Shqip\u00ebri. Virologu Domi, shprehu dilemat e tij se\u2026","rel":"","context":"In &quot;Blogu i Udh\u00ebtarit&quot;","block_context":{"text":"Blogu i Udh\u00ebtarit","link":"https:\/\/www.shqiperia.com\/blog\/category\/blogu-i-udhetarit\/"},"img":{"alt_text":"","src":"https:\/\/i0.wp.com\/www.shqiperia.com\/blog\/wp-content\/uploads\/2021\/03\/Mjeku-Arban-Domi.jpg?fit=640%2C336&ssl=1&resize=350%2C200","width":350,"height":200,"srcset":"https:\/\/i0.wp.com\/www.shqiperia.com\/blog\/wp-content\/uploads\/2021\/03\/Mjeku-Arban-Domi.jpg?fit=640%2C336&ssl=1&resize=350%2C200 1x, https:\/\/i0.wp.com\/www.shqiperia.com\/blog\/wp-content\/uploads\/2021\/03\/Mjeku-Arban-Domi.jpg?fit=640%2C336&ssl=1&resize=525%2C300 1.5x"},"classes":[]},{"id":41426,"url":"https:\/\/www.shqiperia.com\/blog\/gati-vaksina-e-covid-por-ja-efektet-anesore-qe-ka-tek-njerezit\/","url_meta":{"origin":40745,"position":5},"title":"Gati vaksina e COVID, por ja efektet an\u00ebsore q\u00eb ka tek njer\u00ebzit","author":"Kurt Farka","date":"December 1, 2020","format":false,"excerpt":"Gati vaksina e COVID, por ja efektet an\u00ebsore q\u00eb ka tek njer\u00ebzit - 01.12.20 Kompani amerikane Moderna ka aplikuar sot p\u00ebr t\u00eb marr\u00eb autorizim urgjent p\u00ebr p\u00ebrdorimin e vaksin\u00ebs s\u00eb saj kund\u00ebr Covid-19. Ajo b\u00ebhet k\u00ebshtu e para kompani n\u00eb bot\u00eb q\u00eb k\u00ebrkon nj\u00eb miratim t\u00eb till\u00eb. Vaksinimi i madh\u2026","rel":"","context":"In &quot;Blogu i Udh\u00ebtarit&quot;","block_context":{"text":"Blogu i Udh\u00ebtarit","link":"https:\/\/www.shqiperia.com\/blog\/category\/blogu-i-udhetarit\/"},"img":{"alt_text":"","src":"https:\/\/i0.wp.com\/www.shqiperia.com\/blog\/wp-content\/uploads\/2020\/12\/vaksina-3-770x433-1.jpg?fit=660%2C365&ssl=1&resize=350%2C200","width":350,"height":200,"srcset":"https:\/\/i0.wp.com\/www.shqiperia.com\/blog\/wp-content\/uploads\/2020\/12\/vaksina-3-770x433-1.jpg?fit=660%2C365&ssl=1&resize=350%2C200 1x, https:\/\/i0.wp.com\/www.shqiperia.com\/blog\/wp-content\/uploads\/2020\/12\/vaksina-3-770x433-1.jpg?fit=660%2C365&ssl=1&resize=525%2C300 1.5x"},"classes":[]}],"_links":{"self":[{"href":"https:\/\/www.shqiperia.com\/blog\/wp-json\/wp\/v2\/posts\/40745","targetHints":{"allow":["GET"]}}],"collection":[{"href":"https:\/\/www.shqiperia.com\/blog\/wp-json\/wp\/v2\/posts"}],"about":[{"href":"https:\/\/www.shqiperia.com\/blog\/wp-json\/wp\/v2\/types\/post"}],"author":[{"embeddable":true,"href":"https:\/\/www.shqiperia.com\/blog\/wp-json\/wp\/v2\/users\/9"}],"replies":[{"embeddable":true,"href":"https:\/\/www.shqiperia.com\/blog\/wp-json\/wp\/v2\/comments?post=40745"}],"version-history":[{"count":1,"href":"https:\/\/www.shqiperia.com\/blog\/wp-json\/wp\/v2\/posts\/40745\/revisions"}],"predecessor-version":[{"id":40747,"href":"https:\/\/www.shqiperia.com\/blog\/wp-json\/wp\/v2\/posts\/40745\/revisions\/40747"}],"wp:featuredmedia":[{"embeddable":true,"href":"https:\/\/www.shqiperia.com\/blog\/wp-json\/wp\/v2\/media\/40746"}],"wp:attachment":[{"href":"https:\/\/www.shqiperia.com\/blog\/wp-json\/wp\/v2\/media?parent=40745"}],"wp:term":[{"taxonomy":"category","embeddable":true,"href":"https:\/\/www.shqiperia.com\/blog\/wp-json\/wp\/v2\/categories?post=40745"},{"taxonomy":"post_tag","embeddable":true,"href":"https:\/\/www.shqiperia.com\/blog\/wp-json\/wp\/v2\/tags?post=40745"}],"curies":[{"name":"wp","href":"https:\/\/api.w.org\/{rel}","templated":true}]}}