{"id":40741,"date":"2020-11-10T19:47:38","date_gmt":"2020-11-10T19:47:38","guid":{"rendered":"https:\/\/www.shqiperia.com\/blog\/?p=40741"},"modified":"2020-11-10T19:49:55","modified_gmt":"2020-11-10T19:49:55","slug":"mbajme-radhe-qe-ne-4-te-mengjesit-ish-deputeti-leshon-alarmin-dhe-zbardh-skandalin-me-videon-pandemia-covid-jashte-kontrollit-kaos-dhe-papergjegjshmeri-shteti-ka-falimentuar","status":"publish","type":"post","link":"https:\/\/www.shqiperia.com\/blog\/mbajme-radhe-qe-ne-4-te-mengjesit-ish-deputeti-leshon-alarmin-dhe-zbardh-skandalin-me-videon-pandemia-covid-jashte-kontrollit-kaos-dhe-papergjegjshmeri-shteti-ka-falimentuar\/","title":{"rendered":"\u201cMbajm\u00eb radh\u00eb q\u00eb n\u00eb 4 t\u00eb m\u00ebngjesit\u201d\/ Ish deputeti l\u00ebshon alarmin dhe zbardh skandalin me videon: Pandemia Covid, jasht\u00eb kontrollit, kaos dhe pap\u00ebrgjegjshm\u00ebri, shteti ka falimentuar"},"content":{"rendered":"<p><img data-recalc-dims=\"1\" loading=\"lazy\" decoding=\"async\" data-attachment-id=\"40742\" data-permalink=\"https:\/\/www.shqiperia.com\/blog\/mbajme-radhe-qe-ne-4-te-mengjesit-ish-deputeti-leshon-alarmin-dhe-zbardh-skandalin-me-videon-pandemia-covid-jashte-kontrollit-kaos-dhe-papergjegjshmeri-shteti-ka-falimentuar\/640-0-5faa90bba5a70\/\" data-orig-file=\"https:\/\/i0.wp.com\/www.shqiperia.com\/blog\/wp-content\/uploads\/2020\/11\/640-0-5faa90bba5a70.jpg?fit=640%2C360&amp;ssl=1\" data-orig-size=\"640,360\" data-comments-opened=\"1\" data-image-meta=\"{&quot;aperture&quot;:&quot;0&quot;,&quot;credit&quot;:&quot;&quot;,&quot;camera&quot;:&quot;&quot;,&quot;caption&quot;:&quot;&quot;,&quot;created_timestamp&quot;:&quot;0&quot;,&quot;copyright&quot;:&quot;&quot;,&quot;focal_length&quot;:&quot;0&quot;,&quot;iso&quot;:&quot;0&quot;,&quot;shutter_speed&quot;:&quot;0&quot;,&quot;title&quot;:&quot;&quot;,&quot;orientation&quot;:&quot;0&quot;}\" data-image-title=\"-640-0-5faa90bba5a70\" data-image-description=\"\" data-image-caption=\"\" data-medium-file=\"https:\/\/i0.wp.com\/www.shqiperia.com\/blog\/wp-content\/uploads\/2020\/11\/640-0-5faa90bba5a70.jpg?fit=300%2C169&amp;ssl=1\" data-large-file=\"https:\/\/i0.wp.com\/www.shqiperia.com\/blog\/wp-content\/uploads\/2020\/11\/640-0-5faa90bba5a70.jpg?fit=640%2C360&amp;ssl=1\" class=\"alignnone wp-image-40742\" alt=\"\" src=\"https:\/\/i0.wp.com\/www.shqiperia.com\/blog\/wp-content\/uploads\/2020\/11\/640-0-5faa90bba5a70.jpg?resize=465%2C262&#038;ssl=1\" width=\"465\" height=\"262\" srcset=\"https:\/\/i0.wp.com\/www.shqiperia.com\/blog\/wp-content\/uploads\/2020\/11\/640-0-5faa90bba5a70.jpg?resize=300%2C169&amp;ssl=1 300w, https:\/\/i0.wp.com\/www.shqiperia.com\/blog\/wp-content\/uploads\/2020\/11\/640-0-5faa90bba5a70.jpg?resize=450%2C253&amp;ssl=1 450w, https:\/\/i0.wp.com\/www.shqiperia.com\/blog\/wp-content\/uploads\/2020\/11\/640-0-5faa90bba5a70.jpg?resize=600%2C338&amp;ssl=1 600w, https:\/\/i0.wp.com\/www.shqiperia.com\/blog\/wp-content\/uploads\/2020\/11\/640-0-5faa90bba5a70.jpg?resize=400%2C225&amp;ssl=1 400w, https:\/\/i0.wp.com\/www.shqiperia.com\/blog\/wp-content\/uploads\/2020\/11\/640-0-5faa90bba5a70.jpg?w=640&amp;ssl=1 640w\" sizes=\"auto, (max-width: 465px) 100vw, 465px\" \/><\/p>\n<p>\u201cMbajm\u00eb radh\u00eb q\u00eb n\u00eb 4 t\u00eb m\u00ebngjesit\u201d\/ Ish deputeti l\u00ebshon alarmin dhe zbardh skandalin me videon: Pandemia Covid, jasht\u00eb kontrollit, kaos dhe pap\u00ebrgjegjshm\u00ebri, shteti ka falimentuar<\/p>\n<p>10 N\u00cbNTOR 2020<\/p>\n<p>Me an\u00eb t\u00eb nj\u00eb statusi n\u00eb rrjetin social, ish deputeti i Partis\u00eb Demokratike, Luan Ba\u00e7i, ka hedhur akuza t\u00eb forta ndaj qeveris\u00eb, duke u shprehur se situata e sh\u00ebndet\u00ebsis\u00eb po shkon drejt kaosit.<\/p>\n<p>Ish-deputeti i PD-s\u00eb, p\u00ebrmes nj\u00eb video t\u00eb denoncuar n\u00eb facebook, ku nj\u00eb pacienti me bypass, i cili thot\u00eb se mban radh\u00ebn prej or\u00ebs 4:00 t\u00eb m\u00ebngjesit p\u00ebr analizat mjek\u00ebsore.<\/p>\n<p>Kaos dhe papergjegjshmeri ne \u00e7do institucion, qytetare qe nuk narrin sherbimim qe u takon. Me dite te tera zene radhen, qe ne oren 4 te mengjezit, per te bere analizat dhe nuk arrijne te mbarojne pune.<\/p>\n<p>Askush nuk u jep pergjigje.<br \/>\nAskush nuk interesohet<br \/>\nIntersa abuzive te drejtuesve.<br \/>\nKorrupsioni dhe hajduteria e tyre nuk kane fund.<br \/>\nPandemia Covid, jashte kontrollit.<\/p>\n<p>Kaos dhe papergjegjshmeri, shteti ka falimentuar.<\/p>\n<p>Lexoni sms dhe ndiqni videon e qytetareve!<\/p>\n<p>Pershendetje Z. Luan,<br \/>\nNe lidhje me ankesen time ju pershkruaj:<br \/>\nSi gjithe qytetaret e tjere qe percaktohen nga mjeku familjar per ekzaminime mjeksore apo analiza dhe un jam percaktuar si pasoje e bypassit qe kam bere per analiza te pergjithshme ne dat 6.11 per te cilat e treta here qe shkoj dhe nuk po mi bejne me pretendimin qe eshte prish laboratori dhe nuk ka radhe.Ata qytetar qe i bejne shkojne qe ne 4 te mengjesit per te zene radhe per arsye se nuk zbatohet data e percaktuar e tyre nga mjeku familjar.Arsyet se cfare perfitimesh personale ata kerkojne mund ti zbuloni ju bashke me mediat.<br \/>\nPres pergjigje nga ju dhe kerkoj ndihmen tuaj.<br \/>\nPoliklinika hap dyert ne 6 te mengjesit.<br \/>\nI kemi shkuar drejtoreshes se pergjithshme per tu ankuar por drejtoresha nuk paraqitej dhe nuk lajmerohej nga sekretarja e saj.Eshte e pamundur qe une te vij nga Verria qe ne oren 5 per te marr ne numer.<br \/>\nMe respekt Kostandin Bualli<br \/>\nVerri-Fier.<\/p>\n<p>Gazeta Sot<\/p>\n","protected":false},"excerpt":{"rendered":"<p>\u201cMbajm\u00eb radh\u00eb q\u00eb n\u00eb 4 t\u00eb m\u00ebngjesit\u201d\/ Ish deputeti l\u00ebshon alarmin dhe zbardh skandalin me videon: Pandemia Covid, jasht\u00eb kontrollit, kaos dhe pap\u00ebrgjegjshm\u00ebri, shteti ka falimentuar 10 N\u00cbNTOR 2020 Me an\u00eb t\u00eb nj\u00eb statusi n\u00eb rrjetin social, ish deputeti i Partis\u00eb Demokratike, Luan Ba\u00e7i, ka hedhur akuza t\u00eb forta ndaj qeveris\u00eb, duke u shprehur se [&hellip;]<\/p>\n","protected":false},"author":9,"featured_media":40742,"comment_status":"open","ping_status":"open","sticky":false,"template":"","format":"standard","meta":{"jetpack_post_was_ever_published":false,"_jetpack_newsletter_access":"","_jetpack_dont_email_post_to_subs":false,"_jetpack_newsletter_tier_id":0,"_jetpack_memberships_contains_paywalled_content":false,"_jetpack_memberships_contains_paid_content":false,"footnotes":"","jetpack_publicize_message":"","jetpack_publicize_feature_enabled":true,"jetpack_social_post_already_shared":true,"jetpack_social_options":{"image_generator_settings":{"template":"highway","default_image_id":0,"font":"","enabled":false},"version":2}},"categories":[27,2,35],"tags":[],"class_list":["post-40741","post","type-post","status-publish","format-standard","has-post-thumbnail","hentry","category-blogu-i-udhetarit","category-politika","category-shoqerore"],"jetpack_publicize_connections":[],"jetpack_featured_media_url":"https:\/\/i0.wp.com\/www.shqiperia.com\/blog\/wp-content\/uploads\/2020\/11\/640-0-5faa90bba5a70.jpg?fit=640%2C360&ssl=1","jetpack_sharing_enabled":true,"jetpack_shortlink":"https:\/\/wp.me\/p5Z6wp-aB7","jetpack-related-posts":[{"id":88252,"url":"https:\/\/www.shqiperia.com\/blog\/ish-deputeti-ngre-alarmin-kryebashkiaku-i-tiranes-po-kerkon-azil-politik-rama-do-e\/","url_meta":{"origin":40741,"position":0},"title":"Ish-deputeti ngre alarmin: &#8211; Kryebashkiaku i Tiran\u00ebs po k\u00ebrkon azil politik, Rama do e\u2026","author":"Kurt Farka","date":"January 11, 2025","format":false,"excerpt":"11 Janar 2025 Drejtuesi politik i Tiran\u00ebs, Belind K\u00eblli\u00e7i, ka shprehur kritika t\u00eb forta ndaj Prokuroris\u00eb s\u00eb Posa\u00e7me p\u00ebr vones\u00ebn n\u00eb marrjen e masave ligjore ndaj kryebashkiakut Erion Veliaj, duke theksuar se faktet dhe provat jan\u00eb t\u00eb qarta dhe t\u00eb njohura p\u00ebr publikun. K\u00eblli\u00e7i ka shtuar se Veliaj po p\u00ebrfiton\u2026","rel":"","context":"In &quot;Blogu i Udh\u00ebtarit&quot;","block_context":{"text":"Blogu i Udh\u00ebtarit","link":"https:\/\/www.shqiperia.com\/blog\/category\/blogu-i-udhetarit\/"},"img":{"alt_text":"","src":"https:\/\/i0.wp.com\/www.shqiperia.com\/blog\/wp-content\/uploads\/2025\/01\/Rama-Veliaj.jpg?fit=840%2C460&ssl=1&resize=350%2C200","width":350,"height":200,"srcset":"https:\/\/i0.wp.com\/www.shqiperia.com\/blog\/wp-content\/uploads\/2025\/01\/Rama-Veliaj.jpg?fit=840%2C460&ssl=1&resize=350%2C200 1x, https:\/\/i0.wp.com\/www.shqiperia.com\/blog\/wp-content\/uploads\/2025\/01\/Rama-Veliaj.jpg?fit=840%2C460&ssl=1&resize=525%2C300 1.5x, https:\/\/i0.wp.com\/www.shqiperia.com\/blog\/wp-content\/uploads\/2025\/01\/Rama-Veliaj.jpg?fit=840%2C460&ssl=1&resize=700%2C400 2x"},"classes":[]},{"id":90688,"url":"https:\/\/www.shqiperia.com\/blog\/ish-deputeti-i-pd-se-zbardh-deshmine-ne-spak-nuk-ka-lidhje-me-mua-kur-te-dale-do-habiteni\/","url_meta":{"origin":40741,"position":1},"title":"Ish-deputeti i PD-s\u00eb zbardh d\u00ebshmin\u00eb n\u00eb SPAK: &#8211; Nuk ka lidhje me mua, kur t\u00eb dal\u00eb do habiteni","author":"Kurt Farka","date":"March 24, 2025","format":false,"excerpt":"24 Mars 2025 Ish-deputeti i Partis\u00eb Demokratike Myslim Murrizi tha se thirrja e tij n\u00eb SPAK disa dit\u00eb m\u00eb par\u00eb nuk ka lidhje me t\u00eb si person, por me hetime p\u00ebr persona t\u00eb tjer\u00eb ku mund t\u00eb jet\u00eb p\u00ebrmendur edhe emri i tij. Murrizi nuk ka pranuar t\u00eb tregoj\u00eb detaje\u2026","rel":"","context":"In &quot;Blogu i Udh\u00ebtarit&quot;","block_context":{"text":"Blogu i Udh\u00ebtarit","link":"https:\/\/www.shqiperia.com\/blog\/category\/blogu-i-udhetarit\/"},"img":{"alt_text":"","src":"https:\/\/i0.wp.com\/www.shqiperia.com\/blog\/wp-content\/uploads\/2025\/03\/murrizi-spak-1060x570-1.jpg?fit=1060%2C570&ssl=1&resize=350%2C200","width":350,"height":200,"srcset":"https:\/\/i0.wp.com\/www.shqiperia.com\/blog\/wp-content\/uploads\/2025\/03\/murrizi-spak-1060x570-1.jpg?fit=1060%2C570&ssl=1&resize=350%2C200 1x, https:\/\/i0.wp.com\/www.shqiperia.com\/blog\/wp-content\/uploads\/2025\/03\/murrizi-spak-1060x570-1.jpg?fit=1060%2C570&ssl=1&resize=525%2C300 1.5x, https:\/\/i0.wp.com\/www.shqiperia.com\/blog\/wp-content\/uploads\/2025\/03\/murrizi-spak-1060x570-1.jpg?fit=1060%2C570&ssl=1&resize=700%2C400 2x, https:\/\/i0.wp.com\/www.shqiperia.com\/blog\/wp-content\/uploads\/2025\/03\/murrizi-spak-1060x570-1.jpg?fit=1060%2C570&ssl=1&resize=1050%2C600 3x"},"classes":[]},{"id":96246,"url":"https:\/\/www.shqiperia.com\/blog\/pas-15-oresh-radhe-te-gjata-e-kaos-rikthehet-ne-normalitet-aksi-elbasan-librazhd-prrenjas\/","url_meta":{"origin":40741,"position":2},"title":"Pas 15 or\u00ebsh radh\u00eb t\u00eb gjata e kaos\/ Rikthehet n\u00eb normalitet aksi Elbasan-Librazhd-Prrenjas","author":"Kurt Farka","date":"January 3, 2026","format":false,"excerpt":"3 Janar 2025 Pas nj\u00eb situate tejet problematike q\u00eb zgjati nga or\u00ebt e para t\u00eb m\u00ebngjesit deri rreth or\u00ebs 23:00 t\u00eb dit\u00ebs s\u00eb djeshme, qarkullimi n\u00eb aksin e rrug\u00ebs komb\u00ebtare Elbasan\u2013Librazhd\u2013Prrenjas i \u00ebsht\u00eb rikthyer normalitetit. Kaosi rrugor, i shkaktuar nga ngricat tejet t\u00eb m\u00ebdha dhe reshjet e d\u00ebbor\u00ebs, la t\u00eb\u2026","rel":"","context":"In &quot;Blogu i Udh\u00ebtarit&quot;","block_context":{"text":"Blogu i Udh\u00ebtarit","link":"https:\/\/www.shqiperia.com\/blog\/category\/blogu-i-udhetarit\/"},"img":{"alt_text":"","src":"https:\/\/i0.wp.com\/www.shqiperia.com\/blog\/wp-content\/uploads\/2026\/01\/trafik-1-janar.jpg?fit=1151%2C649&ssl=1&resize=350%2C200","width":350,"height":200,"srcset":"https:\/\/i0.wp.com\/www.shqiperia.com\/blog\/wp-content\/uploads\/2026\/01\/trafik-1-janar.jpg?fit=1151%2C649&ssl=1&resize=350%2C200 1x, https:\/\/i0.wp.com\/www.shqiperia.com\/blog\/wp-content\/uploads\/2026\/01\/trafik-1-janar.jpg?fit=1151%2C649&ssl=1&resize=525%2C300 1.5x, https:\/\/i0.wp.com\/www.shqiperia.com\/blog\/wp-content\/uploads\/2026\/01\/trafik-1-janar.jpg?fit=1151%2C649&ssl=1&resize=700%2C400 2x, https:\/\/i0.wp.com\/www.shqiperia.com\/blog\/wp-content\/uploads\/2026\/01\/trafik-1-janar.jpg?fit=1151%2C649&ssl=1&resize=1050%2C600 3x"},"classes":[]},{"id":77834,"url":"https:\/\/www.shqiperia.com\/blog\/a-do-kete-lufte-ne-ballkan-habit-ish-gjenerali-shqiptar-shqiperia-eshte-gati-nese-plas-lufta-ish-deputeti-ngre-alarmin-serbia-po-pergatitet-per\/","url_meta":{"origin":40741,"position":3},"title":"A do ket\u00eb luft\u00eb n\u00eb Ballkan? Habit ish-gjenerali shqiptar: &#8211; Shqip\u00ebria \u00ebsht\u00eb gati n\u00ebse plas lufta! Ish- deputeti ngre alarmin: &#8211; Serbia po p\u00ebrgatitet p\u00ebr&#8230;","author":"Kurt Farka","date":"February 1, 2024","format":false,"excerpt":"1 Shkurt 2024 Nj\u00eb zyrtar kryesor i NATO-s, Rob Bauer, ka paralajm\u00ebruar se civil\u00ebt n\u00eb Per\u00ebndim duhet t\u00eb p\u00ebrgatiten p\u00ebr luft\u00eb t\u00eb gjithanshme me Rusin\u00eb. I ftuar n\u00eb \u201cStudio Live\u201d ish-gjenerali Bardhyl Koll\u00e7aku, nj\u00ebkoh\u00ebsisht deputet i PS u ndal te tregon shtetet e tjera q\u00eb synon Rusia, pas Ukrain\u00ebs. \u201c\u00cbsht\u00eb\u2026","rel":"","context":"In &quot;Blogu i Udh\u00ebtarit&quot;","block_context":{"text":"Blogu i Udh\u00ebtarit","link":"https:\/\/www.shqiperia.com\/blog\/category\/blogu-i-udhetarit\/"},"img":{"alt_text":"","src":"https:\/\/i0.wp.com\/www.shqiperia.com\/blog\/wp-content\/uploads\/2024\/02\/800-0-65bbe4b3e2d23.jpg?fit=800%2C500&ssl=1&resize=350%2C200","width":350,"height":200,"srcset":"https:\/\/i0.wp.com\/www.shqiperia.com\/blog\/wp-content\/uploads\/2024\/02\/800-0-65bbe4b3e2d23.jpg?fit=800%2C500&ssl=1&resize=350%2C200 1x, https:\/\/i0.wp.com\/www.shqiperia.com\/blog\/wp-content\/uploads\/2024\/02\/800-0-65bbe4b3e2d23.jpg?fit=800%2C500&ssl=1&resize=525%2C300 1.5x, https:\/\/i0.wp.com\/www.shqiperia.com\/blog\/wp-content\/uploads\/2024\/02\/800-0-65bbe4b3e2d23.jpg?fit=800%2C500&ssl=1&resize=700%2C400 2x"},"classes":[]},{"id":35165,"url":"https:\/\/www.shqiperia.com\/blog\/do-te-harroni-te-merrni-breke-dhe-kanatiere-me-vete-deputeti-e-leshon-gojen-keq-ne-kuvend-me-ke-talleni\/","url_meta":{"origin":40741,"position":4},"title":"\u201cDo t\u00eb harroni t\u00eb merrni brek\u00eb dhe kanatiere me vete\u201d, deputeti e l\u00ebshon goj\u00ebn keq n\u00eb Kuvend: Me k\u00eb talleni?","author":"Kurt Farka","date":"May 28, 2020","format":false,"excerpt":"\u201cDo t\u00eb harroni t\u00eb merrni brek\u00eb dhe kanatiere me vete\u201d, deputeti e l\u00ebshon goj\u00ebn keq n\u00eb Kuvend: Me k\u00eb talleni? 28 MAJ 2020 N\u00eb seanc\u00ebn e sotme plenare deputeti i Kuvendit, Myslim Murrizi, ka ngritur tonet e z\u00ebriri dhe ka shp\u00ebrthyer n\u00eb akuza t\u00eb forta ndaj qeveris\u00eb dhe liderit t\u00eb\u2026","rel":"","context":"In &quot;Blogu i Udh\u00ebtarit&quot;","block_context":{"text":"Blogu i Udh\u00ebtarit","link":"https:\/\/www.shqiperia.com\/blog\/category\/blogu-i-udhetarit\/"},"img":{"alt_text":"","src":"https:\/\/i0.wp.com\/www.shqiperia.com\/blog\/wp-content\/uploads\/2020\/05\/Myslim-Murrizi-2.jpg?fit=637%2C319&ssl=1&resize=350%2C200","width":350,"height":200,"srcset":"https:\/\/i0.wp.com\/www.shqiperia.com\/blog\/wp-content\/uploads\/2020\/05\/Myslim-Murrizi-2.jpg?fit=637%2C319&ssl=1&resize=350%2C200 1x, https:\/\/i0.wp.com\/www.shqiperia.com\/blog\/wp-content\/uploads\/2020\/05\/Myslim-Murrizi-2.jpg?fit=637%2C319&ssl=1&resize=525%2C300 1.5x"},"classes":[]},{"id":36326,"url":"https:\/\/www.shqiperia.com\/blog\/rama-nga-janari-i-2021-shteti-shqiptar-do-te-jete-i-falimentuar-borxhi-do-shkoje-ne-2-2-mld-euro\/","url_meta":{"origin":40741,"position":5},"title":"Rama: Nga janari i 2021 shteti shqiptar do t\u00eb jet\u00eb i falimentuar, borxhi do shkoj\u00eb n\u00eb 2.2 mld euro","author":"Kurt Farka","date":"July 15, 2020","format":false,"excerpt":"Rama: Nga janari i 2021 shteti shqiptar do t\u00eb jet\u00eb i falimentuar, borxhi do shkoj\u00eb n\u00eb 2.2 mld euro Nga Shenasi Rama Ketu, ne kete intervisten time i rashe si shume shkurt por mos u shqetesoni se gjithcka do te bahet mire mbasi te kryhen edhe keto detyrimet e tjra\u2026","rel":"","context":"In &quot;Blogu i Udh\u00ebtarit&quot;","block_context":{"text":"Blogu i Udh\u00ebtarit","link":"https:\/\/www.shqiperia.com\/blog\/category\/blogu-i-udhetarit\/"},"img":{"alt_text":"","src":"https:\/\/i0.wp.com\/www.shqiperia.com\/blog\/wp-content\/uploads\/2020\/07\/Edi-Rama-1.jpg?fit=480%2C262&ssl=1&resize=350%2C200","width":350,"height":200},"classes":[]}],"_links":{"self":[{"href":"https:\/\/www.shqiperia.com\/blog\/wp-json\/wp\/v2\/posts\/40741","targetHints":{"allow":["GET"]}}],"collection":[{"href":"https:\/\/www.shqiperia.com\/blog\/wp-json\/wp\/v2\/posts"}],"about":[{"href":"https:\/\/www.shqiperia.com\/blog\/wp-json\/wp\/v2\/types\/post"}],"author":[{"embeddable":true,"href":"https:\/\/www.shqiperia.com\/blog\/wp-json\/wp\/v2\/users\/9"}],"replies":[{"embeddable":true,"href":"https:\/\/www.shqiperia.com\/blog\/wp-json\/wp\/v2\/comments?post=40741"}],"version-history":[{"count":2,"href":"https:\/\/www.shqiperia.com\/blog\/wp-json\/wp\/v2\/posts\/40741\/revisions"}],"predecessor-version":[{"id":40744,"href":"https:\/\/www.shqiperia.com\/blog\/wp-json\/wp\/v2\/posts\/40741\/revisions\/40744"}],"wp:featuredmedia":[{"embeddable":true,"href":"https:\/\/www.shqiperia.com\/blog\/wp-json\/wp\/v2\/media\/40742"}],"wp:attachment":[{"href":"https:\/\/www.shqiperia.com\/blog\/wp-json\/wp\/v2\/media?parent=40741"}],"wp:term":[{"taxonomy":"category","embeddable":true,"href":"https:\/\/www.shqiperia.com\/blog\/wp-json\/wp\/v2\/categories?post=40741"},{"taxonomy":"post_tag","embeddable":true,"href":"https:\/\/www.shqiperia.com\/blog\/wp-json\/wp\/v2\/tags?post=40741"}],"curies":[{"name":"wp","href":"https:\/\/api.w.org\/{rel}","templated":true}]}}