{"id":40738,"date":"2020-11-10T19:27:41","date_gmt":"2020-11-10T19:27:41","guid":{"rendered":"https:\/\/www.shqiperia.com\/blog\/?p=40738"},"modified":"2020-11-10T19:27:41","modified_gmt":"2020-11-10T19:27:41","slug":"boom-denoncon-skandalin-me-remdesivir-400-euro-flakoni-per-kurimin-e-koronavirusit","status":"publish","type":"post","link":"https:\/\/www.shqiperia.com\/blog\/boom-denoncon-skandalin-me-remdesivir-400-euro-flakoni-per-kurimin-e-koronavirusit\/","title":{"rendered":"BOOM denoncon skandalin me \u201cRemdesivir\u201d, 400 euro flakoni p\u00ebr kurimin e koronavirusit"},"content":{"rendered":"<p><img data-recalc-dims=\"1\" loading=\"lazy\" decoding=\"async\" data-attachment-id=\"40739\" data-permalink=\"https:\/\/www.shqiperia.com\/blog\/boom-denoncon-skandalin-me-remdesivir-400-euro-flakoni-per-kurimin-e-koronavirusit\/boom-investigimi-per-remdesivir\/\" data-orig-file=\"https:\/\/i0.wp.com\/www.shqiperia.com\/blog\/wp-content\/uploads\/2020\/11\/boom-investigimi-per-remdesivir.jpg?fit=1920%2C1002&amp;ssl=1\" data-orig-size=\"1920,1002\" data-comments-opened=\"1\" data-image-meta=\"{&quot;aperture&quot;:&quot;0&quot;,&quot;credit&quot;:&quot;&quot;,&quot;camera&quot;:&quot;&quot;,&quot;caption&quot;:&quot;&quot;,&quot;created_timestamp&quot;:&quot;0&quot;,&quot;copyright&quot;:&quot;&quot;,&quot;focal_length&quot;:&quot;0&quot;,&quot;iso&quot;:&quot;0&quot;,&quot;shutter_speed&quot;:&quot;0&quot;,&quot;title&quot;:&quot;&quot;,&quot;orientation&quot;:&quot;0&quot;}\" data-image-title=\"boom-investigimi-per-remdesivir\" data-image-description=\"\" data-image-caption=\"\" data-medium-file=\"https:\/\/i0.wp.com\/www.shqiperia.com\/blog\/wp-content\/uploads\/2020\/11\/boom-investigimi-per-remdesivir.jpg?fit=300%2C157&amp;ssl=1\" data-large-file=\"https:\/\/i0.wp.com\/www.shqiperia.com\/blog\/wp-content\/uploads\/2020\/11\/boom-investigimi-per-remdesivir.jpg?fit=1024%2C534&amp;ssl=1\" class=\"alignnone  wp-image-40739\" alt=\"\" src=\"https:\/\/i0.wp.com\/www.shqiperia.com\/blog\/wp-content\/uploads\/2020\/11\/boom-investigimi-per-remdesivir.jpg?resize=470%2C246&#038;ssl=1\" width=\"470\" height=\"246\" srcset=\"https:\/\/i0.wp.com\/www.shqiperia.com\/blog\/wp-content\/uploads\/2020\/11\/boom-investigimi-per-remdesivir.jpg?resize=300%2C157&amp;ssl=1 300w, https:\/\/i0.wp.com\/www.shqiperia.com\/blog\/wp-content\/uploads\/2020\/11\/boom-investigimi-per-remdesivir.jpg?resize=1024%2C534&amp;ssl=1 1024w, https:\/\/i0.wp.com\/www.shqiperia.com\/blog\/wp-content\/uploads\/2020\/11\/boom-investigimi-per-remdesivir.jpg?resize=768%2C401&amp;ssl=1 768w, https:\/\/i0.wp.com\/www.shqiperia.com\/blog\/wp-content\/uploads\/2020\/11\/boom-investigimi-per-remdesivir.jpg?resize=1536%2C802&amp;ssl=1 1536w, https:\/\/i0.wp.com\/www.shqiperia.com\/blog\/wp-content\/uploads\/2020\/11\/boom-investigimi-per-remdesivir.jpg?resize=450%2C235&amp;ssl=1 450w, https:\/\/i0.wp.com\/www.shqiperia.com\/blog\/wp-content\/uploads\/2020\/11\/boom-investigimi-per-remdesivir.jpg?resize=600%2C313&amp;ssl=1 600w, https:\/\/i0.wp.com\/www.shqiperia.com\/blog\/wp-content\/uploads\/2020\/11\/boom-investigimi-per-remdesivir.jpg?resize=1500%2C783&amp;ssl=1 1500w, https:\/\/i0.wp.com\/www.shqiperia.com\/blog\/wp-content\/uploads\/2020\/11\/boom-investigimi-per-remdesivir.jpg?resize=1300%2C678&amp;ssl=1 1300w, https:\/\/i0.wp.com\/www.shqiperia.com\/blog\/wp-content\/uploads\/2020\/11\/boom-investigimi-per-remdesivir.jpg?resize=400%2C209&amp;ssl=1 400w, https:\/\/i0.wp.com\/www.shqiperia.com\/blog\/wp-content\/uploads\/2020\/11\/boom-investigimi-per-remdesivir.jpg?w=1920&amp;ssl=1 1920w\" sizes=\"auto, (max-width: 470px) 100vw, 470px\" \/><\/p>\n<p><strong>BOOM denoncon skandalin me \u201cRemdesivir\u201d, 400 euro flakoni p\u00ebr kurimin e koronavirusit<\/strong><\/p>\n<p>Nga:\u00a0<strong>Eriola Nasi<\/strong><\/p>\n<p>10\/11\/2020<\/p>\n<p>Emisioni Boom denoncoi blerjen e antiviralit Remdesivir\u00a0n\u00eb farmaci t\u00eb Tiran\u00ebs.<\/p>\n<p>Fillimisht kreu i opozit\u00ebs Lulzim Basha\u00a0\u00a0n\u00eb nj\u00eb takim me Urdhrin e Farmacist\u00ebve deklaroi se se ka nj\u00eb munges\u00eb t\u00eb barnave anti virale dhe u ndal te\u00a0\u00a0medikamentin \u201cRemdesivir\u201d, i cili sipas tij pacient\u00ebt paguajn\u00eb 1200 euro p\u00ebr t\u00eb b\u00ebr\u00eb dozat.<\/p>\n<p>Pas k\u00ebtyre deklaratave ishte Zv\/ministrja e Sh\u00ebndet\u00ebsis\u00eb Mira Rakacolli n\u00eb media kund\u00ebrshtoi pretendimet e\u00a0\u00a0opozot\u00ebs, deklaroi p\u00ebr \u201cRemdesivirin\u201d \u00a0se ky ila\u00e7\u00a0 \u00ebsht\u00eb vet\u00ebm p\u00ebr p\u00ebrdorim spitalor dhe nuk mund t\u00eb treg\u00ebtohet n\u00eb tregun e hapur.<\/p>\n<p>Nisur nga denoncime t\u00eb shumta Boom nisi nj\u00eb investigim p\u00ebr t\u00eb par\u00eb n\u00ebse shitej Remdesivir n\u00eb farmaci dhe sa kushtonte.<\/p>\n<p>BOOM zbuloi se nj\u00eb flakon i k\u00ebtij medikamenti arrinte nga 280 deri n\u00eb 400 euro flakoni.<\/p>\n<p><strong>BOOM:<\/strong>\u00a0<em>Ky remdesivir sa kushton?<\/em><\/p>\n<p><strong>Farmacistja:<\/strong>\u00a0<em>\u00cbsht\u00eb rreth 280 euro flakoni.<\/em><\/p>\n<p><strong>BOOM:<\/strong>\u00a0<em>\u00cbsht\u00eb ky ila\u00e7i remdesivir.<\/em><\/p>\n<p><strong>Farmacistja:<\/strong>\u00a0<em>\u00cbsht\u00eb nj\u00eb cik\u00eb i shtrenjt\u00eb ai, shkon 380, jo m\u00eb fal 400 euro nj\u00eb flakon.<\/em><\/p>\n<p><em>Nga: OraNews<\/em><\/p>\n","protected":false},"excerpt":{"rendered":"<p>BOOM denoncon skandalin me \u201cRemdesivir\u201d, 400 euro flakoni p\u00ebr kurimin e koronavirusit Nga:\u00a0Eriola Nasi 10\/11\/2020 Emisioni Boom denoncoi blerjen e antiviralit Remdesivir\u00a0n\u00eb farmaci t\u00eb Tiran\u00ebs. Fillimisht kreu i opozit\u00ebs Lulzim Basha\u00a0\u00a0n\u00eb nj\u00eb takim me Urdhrin e Farmacist\u00ebve deklaroi se se ka nj\u00eb munges\u00eb t\u00eb barnave anti virale dhe u ndal te\u00a0\u00a0medikamentin \u201cRemdesivir\u201d, i cili sipas [&hellip;]<\/p>\n","protected":false},"author":9,"featured_media":40739,"comment_status":"open","ping_status":"open","sticky":false,"template":"","format":"standard","meta":{"jetpack_post_was_ever_published":false,"_jetpack_newsletter_access":"","_jetpack_dont_email_post_to_subs":false,"_jetpack_newsletter_tier_id":0,"_jetpack_memberships_contains_paywalled_content":false,"_jetpack_memberships_contains_paid_content":false,"footnotes":"","jetpack_publicize_message":"","jetpack_publicize_feature_enabled":true,"jetpack_social_post_already_shared":true,"jetpack_social_options":{"image_generator_settings":{"template":"highway","default_image_id":0,"font":"","enabled":false},"version":2}},"categories":[27,2,35],"tags":[],"class_list":["post-40738","post","type-post","status-publish","format-standard","has-post-thumbnail","hentry","category-blogu-i-udhetarit","category-politika","category-shoqerore"],"jetpack_publicize_connections":[],"jetpack_featured_media_url":"https:\/\/i0.wp.com\/www.shqiperia.com\/blog\/wp-content\/uploads\/2020\/11\/boom-investigimi-per-remdesivir.jpg?fit=1920%2C1002&ssl=1","jetpack_sharing_enabled":true,"jetpack_shortlink":"https:\/\/wp.me\/p5Z6wp-aB4","jetpack-related-posts":[{"id":34069,"url":"https:\/\/www.shqiperia.com\/blog\/trump-e-quajti-si-ilaci-i-mrekullise-shkencetari-i-larte-amerikan-jep-lajmin-pozitiv-remdesivir-eshte-efektiv-ne-sherimin-e-pacienteve-me-covid-19-ja-rezultatet-e-jashtezakonshme\/","url_meta":{"origin":40738,"position":0},"title":"Trump e quajti si ila\u00e7i i &#8216; mrekullis\u00eb&#8217; \/ Shkenc\u00ebtari i lart\u00eb amerikan jep lajmin pozitiv: Remdesivir \u00ebsht\u00eb efektiv n\u00eb sh\u00ebrimin e pacient\u00ebve me Covid-19. Ja rezultatet e jasht\u00ebzakonshme","author":"Kurt Farka","date":"April 29, 2020","format":false,"excerpt":"Trump e quajti si ila\u00e7i i ' mrekullis\u00eb' \/ Shkenc\u00ebtari i lart\u00eb amerikan jep lajmin pozitiv: Remdesivir \u00ebsht\u00eb efektiv n\u00eb sh\u00ebrimin e pacient\u00ebve me Covid-19. Ja rezultatet e jasht\u00ebzakonshme 29 PRILL 2020 Instituti Komb\u00ebtar amerikan i Alergjive dhe S\u00ebmundjeve Infektive thot\u00eb se pacient\u00ebt me koronavirus q\u00eb kan\u00eb p\u00ebrdorur barn\u00ebn antivirale\u2026","rel":"","context":"In &quot;Blogu i Udh\u00ebtarit&quot;","block_context":{"text":"Blogu i Udh\u00ebtarit","link":"https:\/\/www.shqiperia.com\/blog\/category\/blogu-i-udhetarit\/"},"img":{"alt_text":"","src":"https:\/\/i0.wp.com\/www.shqiperia.com\/blog\/wp-content\/uploads\/2020\/04\/800-0-5ea9f0b776e9e.jpg?fit=765%2C402&ssl=1&resize=350%2C200","width":350,"height":200,"srcset":"https:\/\/i0.wp.com\/www.shqiperia.com\/blog\/wp-content\/uploads\/2020\/04\/800-0-5ea9f0b776e9e.jpg?fit=765%2C402&ssl=1&resize=350%2C200 1x, https:\/\/i0.wp.com\/www.shqiperia.com\/blog\/wp-content\/uploads\/2020\/04\/800-0-5ea9f0b776e9e.jpg?fit=765%2C402&ssl=1&resize=525%2C300 1.5x, https:\/\/i0.wp.com\/www.shqiperia.com\/blog\/wp-content\/uploads\/2020\/04\/800-0-5ea9f0b776e9e.jpg?fit=765%2C402&ssl=1&resize=700%2C400 2x"},"classes":[]},{"id":39520,"url":"https:\/\/www.shqiperia.com\/blog\/remdesivir-ilaci-i-forte-qe-u-perdor-nga-trump-e-berlusconi-dhe-po-sheron-te-semuret-rende-me-covid-19-a-do-nise-perdorimi-edhe-ne-shqiperi\/","url_meta":{"origin":40738,"position":1},"title":"Remdesivir, ila\u00e7i i fort\u00eb q\u00eb u p\u00ebrdor nga Trump e Berlusconi dhe po sh\u00ebron t\u00eb s\u00ebmur\u00ebt r\u00ebnd\u00eb me Covid-19. &#8211; A do nis\u00eb p\u00ebrdorimi edhe n\u00eb Shqip\u00ebri?","author":"Kurt Farka","date":"October 10, 2020","format":false,"excerpt":"Remdesivir, ila\u00e7i i fort\u00eb q\u00eb u p\u00ebrdor nga Trump e Berlusconi dhe po sh\u00ebron t\u00eb s\u00ebmur\u00ebt r\u00ebnd\u00eb me Covid-19. - A do nis\u00eb p\u00ebrdorimi edhe n\u00eb Shqip\u00ebri? 10 tetor \u00a02020 N\u00eb nj\u00eb raport t\u00eb botuar n\u00eb 8 tetor n\u00eb New England Journal of Medicine, studiuesit konfirmuan p\u00ebrfitimet e Remdesivir p\u00ebr\u2026","rel":"","context":"In &quot;Blogu i Udh\u00ebtarit&quot;","block_context":{"text":"Blogu i Udh\u00ebtarit","link":"https:\/\/www.shqiperia.com\/blog\/category\/blogu-i-udhetarit\/"},"img":{"alt_text":"","src":"https:\/\/i0.wp.com\/www.shqiperia.com\/blog\/wp-content\/uploads\/2020\/10\/gettyimages-182497159-079c84cfc6ad5499f13ffff24e61df5245b0714b-s800-c85-905x395-1.jpg?fit=853%2C395&ssl=1&resize=350%2C200","width":350,"height":200,"srcset":"https:\/\/i0.wp.com\/www.shqiperia.com\/blog\/wp-content\/uploads\/2020\/10\/gettyimages-182497159-079c84cfc6ad5499f13ffff24e61df5245b0714b-s800-c85-905x395-1.jpg?fit=853%2C395&ssl=1&resize=350%2C200 1x, https:\/\/i0.wp.com\/www.shqiperia.com\/blog\/wp-content\/uploads\/2020\/10\/gettyimages-182497159-079c84cfc6ad5499f13ffff24e61df5245b0714b-s800-c85-905x395-1.jpg?fit=853%2C395&ssl=1&resize=525%2C300 1.5x, https:\/\/i0.wp.com\/www.shqiperia.com\/blog\/wp-content\/uploads\/2020\/10\/gettyimages-182497159-079c84cfc6ad5499f13ffff24e61df5245b0714b-s800-c85-905x395-1.jpg?fit=853%2C395&ssl=1&resize=700%2C400 2x"},"classes":[]},{"id":81509,"url":"https:\/\/www.shqiperia.com\/blog\/berisha-denoncon-skandalin-bashkia-e-matit-ka-tenderuar-tre-here-ujesjellesin-10-mln-euro-por-nuk-ekzistojne-gjurme-te-tij\/","url_meta":{"origin":40738,"position":2},"title":"Berisha denoncon SKANDALIN: &#8211; Bashkia e Matit ka tenderuar tre her\u00eb uj\u00ebsjell\u00ebsin 10 mln euro, por nuk ekzistojn\u00eb gjurm\u00eb t\u00eb tij","author":"Kurt Farka","date":"May 31, 2024","format":false,"excerpt":"31 Maji 2024 Kryetari i opozit\u00ebs, Sali Berisha, publikoi nj\u00eb tjet\u00ebr denoncim p\u00ebr skandalet e shumta t\u00eb Bashkis\u00eb s\u00eb Matit. K\u00ebt\u00eb her\u00eb qytetari dixhital denoncon se kjo bashki ka tenderuar tre her\u00eb nj\u00eb uj\u00ebsjell\u00ebs me vler\u00eb 10 milion\u00eb euro p\u00ebr disa fshatra, por uj\u00eb nuk ka. DENONCIMI I BERISH\u00cbS Bashkia\u2026","rel":"","context":"In &quot;Blogu i Udh\u00ebtarit&quot;","block_context":{"text":"Blogu i Udh\u00ebtarit","link":"https:\/\/www.shqiperia.com\/blog\/category\/blogu-i-udhetarit\/"},"img":{"alt_text":"","src":"https:\/\/i0.wp.com\/www.shqiperia.com\/blog\/wp-content\/uploads\/2024\/05\/640-0-6114649dd5594213e15822f76a837ee8.jpg?fit=640%2C432&ssl=1&resize=350%2C200","width":350,"height":200,"srcset":"https:\/\/i0.wp.com\/www.shqiperia.com\/blog\/wp-content\/uploads\/2024\/05\/640-0-6114649dd5594213e15822f76a837ee8.jpg?fit=640%2C432&ssl=1&resize=350%2C200 1x, https:\/\/i0.wp.com\/www.shqiperia.com\/blog\/wp-content\/uploads\/2024\/05\/640-0-6114649dd5594213e15822f76a837ee8.jpg?fit=640%2C432&ssl=1&resize=525%2C300 1.5x"},"classes":[]},{"id":36582,"url":"https:\/\/www.shqiperia.com\/blog\/ne-janar-vaksina-anti-covid-ne-farmaci-do-kushtoje-vetem-3-euro\/","url_meta":{"origin":40738,"position":3},"title":"N\u00eb janar vaksina anti-Covid n\u00eb farmaci, do kushtoj\u00eb vet\u00ebm 3 euro","author":"Kurt Farka","date":"July 28, 2020","format":false,"excerpt":"N\u00eb janar vaksina anti-Covid n\u00eb farmaci, do kushtoj\u00eb vet\u00ebm 3 euro 28 korrik\u00a0 2020 Nd\u00ebrsa kan\u00eb mbetur ende 5 muaj deri n\u00eb fund t\u00eb k\u00ebtij viti t\u00eb v\u00ebshtir\u00eb e t\u00eb brisht\u00eb, i cili do t\u00eb hyj\u00eb n\u00eb histori si viti i pandemis\u00eb nga Covid, duke e detyruar planetin t\u00eb bllokohet\u2026","rel":"","context":"In &quot;Blogu i Udh\u00ebtarit&quot;","block_context":{"text":"Blogu i Udh\u00ebtarit","link":"https:\/\/www.shqiperia.com\/blog\/category\/blogu-i-udhetarit\/"},"img":{"alt_text":"","src":"https:\/\/i0.wp.com\/www.shqiperia.com\/blog\/wp-content\/uploads\/2020\/07\/vaksina-1-905x450-1.jpg?fit=905%2C450&ssl=1&resize=350%2C200","width":350,"height":200,"srcset":"https:\/\/i0.wp.com\/www.shqiperia.com\/blog\/wp-content\/uploads\/2020\/07\/vaksina-1-905x450-1.jpg?fit=905%2C450&ssl=1&resize=350%2C200 1x, https:\/\/i0.wp.com\/www.shqiperia.com\/blog\/wp-content\/uploads\/2020\/07\/vaksina-1-905x450-1.jpg?fit=905%2C450&ssl=1&resize=525%2C300 1.5x, https:\/\/i0.wp.com\/www.shqiperia.com\/blog\/wp-content\/uploads\/2020\/07\/vaksina-1-905x450-1.jpg?fit=905%2C450&ssl=1&resize=700%2C400 2x"},"classes":[]},{"id":61061,"url":"https:\/\/www.shqiperia.com\/blog\/gazetari-denoncon-skandalin-e-rames-tani-do-te-jape-me-koncesion-edhe-shtetesine-do-tu-shese-miliardereve-pasaportat-shqiptare\/","url_meta":{"origin":40738,"position":4},"title":"Gazetari denoncon skandalin e Ram\u00ebs: Tani do t\u00eb jap\u00eb me koncesion edhe shtet\u00ebsin\u00eb. &#8211; \u201cDo t\u2019u shes\u00eb miliarder\u00ebve pasaportat shqiptare\u2026\u201d","author":"Kurt Farka","date":"August 12, 2022","format":false,"excerpt":"12 Gusht 2022 Nj\u00eb tjet\u00ebr skandal i qeveris\u00eb s\u00eb kryeministrit Rama \u00ebsht\u00eb denoncuar nga gazetari Klodian Tomorri. Sipas k\u00ebtij t\u00eb fundit, qeveria tani pritet t\u00eb jap\u00eb me koncesion edhe shtet\u00ebsin\u00eb. P\u00ebrmes nj\u00eb statusi n\u00eb rrjetet sociale Tomorri shkruan se me shum\u00eb gjas\u00eb qeveria \u201cdo t\u00eb kontraktoj\u00eb ndonj\u00eb kompani private q\u00eb\u2026","rel":"","context":"In &quot;Blogu i Udh\u00ebtarit&quot;","block_context":{"text":"Blogu i Udh\u00ebtarit","link":"https:\/\/www.shqiperia.com\/blog\/category\/blogu-i-udhetarit\/"},"img":{"alt_text":"","src":"https:\/\/i0.wp.com\/www.shqiperia.com\/blog\/wp-content\/uploads\/2022\/08\/298221106_10225086395441735_8175500991542731253_n-1.jpg?fit=526%2C395&ssl=1&resize=350%2C200","width":350,"height":200,"srcset":"https:\/\/i0.wp.com\/www.shqiperia.com\/blog\/wp-content\/uploads\/2022\/08\/298221106_10225086395441735_8175500991542731253_n-1.jpg?fit=526%2C395&ssl=1&resize=350%2C200 1x, https:\/\/i0.wp.com\/www.shqiperia.com\/blog\/wp-content\/uploads\/2022\/08\/298221106_10225086395441735_8175500991542731253_n-1.jpg?fit=526%2C395&ssl=1&resize=525%2C300 1.5x"},"classes":[]},{"id":35793,"url":"https:\/\/www.shqiperia.com\/blog\/zeri-i-amerikes-nje-ilac-i-lire-dhe-mjaft-i-disponueshem-per-pacientet-e-semure-rende-me-covid-19\/","url_meta":{"origin":40738,"position":5},"title":"\u201cZ\u00ebri i Amerik\u00ebs\u201d: &#8211; Nj\u00eb ila\u00e7 i lir\u00eb dhe mjaft i disponuesh\u00ebm p\u00ebr pacient\u00ebt e s\u00ebmur\u00eb r\u00ebnd\u00eb me Covid-19","author":"Kurt Farka","date":"June 17, 2020","format":false,"excerpt":"\u201cZ\u00ebri i Amerik\u00ebs\u201d: - Nj\u00eb ila\u00e7 i lir\u00eb dhe mjaft i disponuesh\u00ebm p\u00ebr pacient\u00ebt e s\u00ebmur\u00eb r\u00ebnd\u00eb me Covid-19 17 qershor 2020 Nj\u00eb ila\u00e7 i lir\u00eb dhe mjaft i disponuesh\u00ebm, i quajtur dexamethasone, mund t\u00eb ndihmoj\u00eb p\u00ebr shp\u00ebtimin e jet\u00ebs s\u00eb pacient\u00ebve t\u00eb s\u00ebmur\u00eb r\u00ebnd\u00eb me koronavirus. Ekspert\u00ebt e Universitetit\u2026","rel":"","context":"In &quot;Blogu i Udh\u00ebtarit&quot;","block_context":{"text":"Blogu i Udh\u00ebtarit","link":"https:\/\/www.shqiperia.com\/blog\/category\/blogu-i-udhetarit\/"},"img":{"alt_text":"","src":"https:\/\/i0.wp.com\/www.shqiperia.com\/blog\/wp-content\/uploads\/2020\/06\/CFB22EC4-2966-41E0-97FD-1BF6BA251993_cx0_cy2_cw0_w1023_r1_s-750x375-1-905x450-1.jpg?fit=905%2C450&ssl=1&resize=350%2C200","width":350,"height":200,"srcset":"https:\/\/i0.wp.com\/www.shqiperia.com\/blog\/wp-content\/uploads\/2020\/06\/CFB22EC4-2966-41E0-97FD-1BF6BA251993_cx0_cy2_cw0_w1023_r1_s-750x375-1-905x450-1.jpg?fit=905%2C450&ssl=1&resize=350%2C200 1x, https:\/\/i0.wp.com\/www.shqiperia.com\/blog\/wp-content\/uploads\/2020\/06\/CFB22EC4-2966-41E0-97FD-1BF6BA251993_cx0_cy2_cw0_w1023_r1_s-750x375-1-905x450-1.jpg?fit=905%2C450&ssl=1&resize=525%2C300 1.5x, https:\/\/i0.wp.com\/www.shqiperia.com\/blog\/wp-content\/uploads\/2020\/06\/CFB22EC4-2966-41E0-97FD-1BF6BA251993_cx0_cy2_cw0_w1023_r1_s-750x375-1-905x450-1.jpg?fit=905%2C450&ssl=1&resize=700%2C400 2x"},"classes":[]}],"_links":{"self":[{"href":"https:\/\/www.shqiperia.com\/blog\/wp-json\/wp\/v2\/posts\/40738","targetHints":{"allow":["GET"]}}],"collection":[{"href":"https:\/\/www.shqiperia.com\/blog\/wp-json\/wp\/v2\/posts"}],"about":[{"href":"https:\/\/www.shqiperia.com\/blog\/wp-json\/wp\/v2\/types\/post"}],"author":[{"embeddable":true,"href":"https:\/\/www.shqiperia.com\/blog\/wp-json\/wp\/v2\/users\/9"}],"replies":[{"embeddable":true,"href":"https:\/\/www.shqiperia.com\/blog\/wp-json\/wp\/v2\/comments?post=40738"}],"version-history":[{"count":1,"href":"https:\/\/www.shqiperia.com\/blog\/wp-json\/wp\/v2\/posts\/40738\/revisions"}],"predecessor-version":[{"id":40740,"href":"https:\/\/www.shqiperia.com\/blog\/wp-json\/wp\/v2\/posts\/40738\/revisions\/40740"}],"wp:featuredmedia":[{"embeddable":true,"href":"https:\/\/www.shqiperia.com\/blog\/wp-json\/wp\/v2\/media\/40739"}],"wp:attachment":[{"href":"https:\/\/www.shqiperia.com\/blog\/wp-json\/wp\/v2\/media?parent=40738"}],"wp:term":[{"taxonomy":"category","embeddable":true,"href":"https:\/\/www.shqiperia.com\/blog\/wp-json\/wp\/v2\/categories?post=40738"},{"taxonomy":"post_tag","embeddable":true,"href":"https:\/\/www.shqiperia.com\/blog\/wp-json\/wp\/v2\/tags?post=40738"}],"curies":[{"name":"wp","href":"https:\/\/api.w.org\/{rel}","templated":true}]}}