{"id":40735,"date":"2020-11-10T17:51:49","date_gmt":"2020-11-10T17:51:49","guid":{"rendered":"https:\/\/www.shqiperia.com\/blog\/?p=40735"},"modified":"2020-11-10T17:52:04","modified_gmt":"2020-11-10T17:52:04","slug":"rames-nuk-i-mjafton-mandati-i-trete-permend-vitin-2029","status":"publish","type":"post","link":"https:\/\/www.shqiperia.com\/blog\/rames-nuk-i-mjafton-mandati-i-trete-permend-vitin-2029\/","title":{"rendered":"Ram\u00ebs nuk i mjafton mandati i tret\u00eb, p\u00ebrmend vitin 2029"},"content":{"rendered":"<p><img data-recalc-dims=\"1\" loading=\"lazy\" decoding=\"async\" data-attachment-id=\"40388\" data-permalink=\"https:\/\/www.shqiperia.com\/blog\/?attachment_id=40388\" data-orig-file=\"https:\/\/i0.wp.com\/www.shqiperia.com\/blog\/wp-content\/uploads\/2020\/11\/7b85c60a-9a69-429a-adaf-14ea61f4b937-Copy.jpg?fit=1280%2C720&amp;ssl=1\" data-orig-size=\"1280,720\" data-comments-opened=\"1\" data-image-meta=\"{&quot;aperture&quot;:&quot;0&quot;,&quot;credit&quot;:&quot;&quot;,&quot;camera&quot;:&quot;&quot;,&quot;caption&quot;:&quot;&quot;,&quot;created_timestamp&quot;:&quot;0&quot;,&quot;copyright&quot;:&quot;&quot;,&quot;focal_length&quot;:&quot;0&quot;,&quot;iso&quot;:&quot;0&quot;,&quot;shutter_speed&quot;:&quot;0&quot;,&quot;title&quot;:&quot;&quot;,&quot;orientation&quot;:&quot;0&quot;}\" data-image-title=\"Karikatura, Nga Bujar Kapexhiu.\" data-image-description=\"\" data-image-caption=\"&lt;p&gt;Karikatura, Nga Bujar Kapexhiu&lt;\/p&gt;\n\" data-medium-file=\"https:\/\/i0.wp.com\/www.shqiperia.com\/blog\/wp-content\/uploads\/2020\/11\/7b85c60a-9a69-429a-adaf-14ea61f4b937-Copy.jpg?fit=300%2C169&amp;ssl=1\" data-large-file=\"https:\/\/i0.wp.com\/www.shqiperia.com\/blog\/wp-content\/uploads\/2020\/11\/7b85c60a-9a69-429a-adaf-14ea61f4b937-Copy.jpg?fit=1024%2C576&amp;ssl=1\" class=\"alignnone wp-image-40388\" alt=\"\" src=\"https:\/\/i0.wp.com\/www.shqiperia.com\/blog\/wp-content\/uploads\/2020\/11\/7b85c60a-9a69-429a-adaf-14ea61f4b937-Copy.jpg?resize=501%2C282&#038;ssl=1\" width=\"501\" height=\"282\" srcset=\"https:\/\/i0.wp.com\/www.shqiperia.com\/blog\/wp-content\/uploads\/2020\/11\/7b85c60a-9a69-429a-adaf-14ea61f4b937-Copy.jpg?resize=300%2C169&amp;ssl=1 300w, https:\/\/i0.wp.com\/www.shqiperia.com\/blog\/wp-content\/uploads\/2020\/11\/7b85c60a-9a69-429a-adaf-14ea61f4b937-Copy.jpg?resize=1024%2C576&amp;ssl=1 1024w, https:\/\/i0.wp.com\/www.shqiperia.com\/blog\/wp-content\/uploads\/2020\/11\/7b85c60a-9a69-429a-adaf-14ea61f4b937-Copy.jpg?resize=768%2C432&amp;ssl=1 768w, https:\/\/i0.wp.com\/www.shqiperia.com\/blog\/wp-content\/uploads\/2020\/11\/7b85c60a-9a69-429a-adaf-14ea61f4b937-Copy.jpg?resize=450%2C253&amp;ssl=1 450w, https:\/\/i0.wp.com\/www.shqiperia.com\/blog\/wp-content\/uploads\/2020\/11\/7b85c60a-9a69-429a-adaf-14ea61f4b937-Copy.jpg?resize=600%2C338&amp;ssl=1 600w, https:\/\/i0.wp.com\/www.shqiperia.com\/blog\/wp-content\/uploads\/2020\/11\/7b85c60a-9a69-429a-adaf-14ea61f4b937-Copy.jpg?resize=400%2C225&amp;ssl=1 400w, https:\/\/i0.wp.com\/www.shqiperia.com\/blog\/wp-content\/uploads\/2020\/11\/7b85c60a-9a69-429a-adaf-14ea61f4b937-Copy.jpg?w=1280&amp;ssl=1 1280w\" sizes=\"auto, (max-width: 501px) 100vw, 501px\" \/><\/p>\n<p><strong>Ram\u00ebs nuk i mjafton mandati i tret\u00eb, p\u00ebrmend vitin 2029<\/strong><\/p>\n<p>&#8211; 31\/10\/20<\/p>\n<p>Edi Ram\u00ebs tashm\u00eb duket se nuk i mjafton edhe nj\u00eb mandat i tret\u00eb. Duke folur sot n\u00eb Kuk\u00ebs, ai p\u00ebrmendi se ata jan\u00eb m\u00eb t\u00eb mir\u00ebt, dhe deri n\u00eb vitin 2029 nuk sheh se, dikush tjet\u00ebr mund ta drejtoj\u00eb vendin si rilindja.<\/p>\n<p>Jo vet\u00ebm mandatin e tret\u00eb, tha ai, po deri n\u00eb vitin 2029, derisa t\u00eb b\u00ebhen ata q\u00eb po mbarojn\u00eb n\u00eb Oksford dhe Kembrixh, nuk ka m\u00eb t\u00eb mir\u00eb se ne p\u00ebr k\u00ebt\u00eb vend.<\/p>\n<p>N\u00eb fushat\u00ebn elektorale q\u00eb tashm\u00eb ka nisur, Edi Rama dhe t\u00eb tijt\u00eb po e theksojn\u00eb \u00e7do dit\u00eb e m\u00eb shum\u00eb nevoj\u00ebn q\u00eb kan\u00eb p\u00ebr t\u00eb marr\u00eb edhe nj\u00eb mandat.<\/p>\n<p>Edhe pse nuk paraqesin bilanc, ide, vizion, program, apo alternativ\u00eb, rilindasit e k\u00ebrkojn\u00eb s\u00ebrish pushtetin, sepse mendojn\u00eb se jan\u00eb m\u00eb t\u00eb mir\u00ebt.<\/p>\n<div id=\"attachment_40388\" style=\"width: 718px\" class=\"wp-caption alignnone\"><img data-recalc-dims=\"1\" loading=\"lazy\" decoding=\"async\" aria-describedby=\"caption-attachment-40388\" data-attachment-id=\"40388\" data-permalink=\"https:\/\/www.shqiperia.com\/blog\/?attachment_id=40388\" data-orig-file=\"https:\/\/i0.wp.com\/www.shqiperia.com\/blog\/wp-content\/uploads\/2020\/11\/7b85c60a-9a69-429a-adaf-14ea61f4b937-Copy.jpg?fit=1280%2C720&amp;ssl=1\" data-orig-size=\"1280,720\" data-comments-opened=\"1\" data-image-meta=\"{&quot;aperture&quot;:&quot;0&quot;,&quot;credit&quot;:&quot;&quot;,&quot;camera&quot;:&quot;&quot;,&quot;caption&quot;:&quot;&quot;,&quot;created_timestamp&quot;:&quot;0&quot;,&quot;copyright&quot;:&quot;&quot;,&quot;focal_length&quot;:&quot;0&quot;,&quot;iso&quot;:&quot;0&quot;,&quot;shutter_speed&quot;:&quot;0&quot;,&quot;title&quot;:&quot;&quot;,&quot;orientation&quot;:&quot;0&quot;}\" data-image-title=\"Karikatura, Nga Bujar Kapexhiu.\" data-image-description=\"\" data-image-caption=\"&lt;p&gt;Karikatura, Nga Bujar Kapexhiu&lt;\/p&gt;\n\" data-medium-file=\"https:\/\/i0.wp.com\/www.shqiperia.com\/blog\/wp-content\/uploads\/2020\/11\/7b85c60a-9a69-429a-adaf-14ea61f4b937-Copy.jpg?fit=300%2C169&amp;ssl=1\" data-large-file=\"https:\/\/i0.wp.com\/www.shqiperia.com\/blog\/wp-content\/uploads\/2020\/11\/7b85c60a-9a69-429a-adaf-14ea61f4b937-Copy.jpg?fit=1024%2C576&amp;ssl=1\" class=\" wp-image-40388\" alt=\"\" src=\"https:\/\/i0.wp.com\/www.shqiperia.com\/blog\/wp-content\/uploads\/2020\/11\/7b85c60a-9a69-429a-adaf-14ea61f4b937-Copy.jpg?resize=708%2C399&#038;ssl=1\" width=\"708\" height=\"399\" srcset=\"https:\/\/i0.wp.com\/www.shqiperia.com\/blog\/wp-content\/uploads\/2020\/11\/7b85c60a-9a69-429a-adaf-14ea61f4b937-Copy.jpg?resize=300%2C169&amp;ssl=1 300w, https:\/\/i0.wp.com\/www.shqiperia.com\/blog\/wp-content\/uploads\/2020\/11\/7b85c60a-9a69-429a-adaf-14ea61f4b937-Copy.jpg?resize=1024%2C576&amp;ssl=1 1024w, https:\/\/i0.wp.com\/www.shqiperia.com\/blog\/wp-content\/uploads\/2020\/11\/7b85c60a-9a69-429a-adaf-14ea61f4b937-Copy.jpg?resize=768%2C432&amp;ssl=1 768w, https:\/\/i0.wp.com\/www.shqiperia.com\/blog\/wp-content\/uploads\/2020\/11\/7b85c60a-9a69-429a-adaf-14ea61f4b937-Copy.jpg?resize=450%2C253&amp;ssl=1 450w, https:\/\/i0.wp.com\/www.shqiperia.com\/blog\/wp-content\/uploads\/2020\/11\/7b85c60a-9a69-429a-adaf-14ea61f4b937-Copy.jpg?resize=600%2C338&amp;ssl=1 600w, https:\/\/i0.wp.com\/www.shqiperia.com\/blog\/wp-content\/uploads\/2020\/11\/7b85c60a-9a69-429a-adaf-14ea61f4b937-Copy.jpg?resize=400%2C225&amp;ssl=1 400w, https:\/\/i0.wp.com\/www.shqiperia.com\/blog\/wp-content\/uploads\/2020\/11\/7b85c60a-9a69-429a-adaf-14ea61f4b937-Copy.jpg?w=1280&amp;ssl=1 1280w\" sizes=\"auto, (max-width: 708px) 100vw, 708px\" \/><p id=\"caption-attachment-40388\" class=\"wp-caption-text\">Karikatura, Nga Bujar Kapexhiu<\/p><\/div>\n<p>Por sot, shefi i tyre ka shkuar edhe m\u00eb larg, duke pretenduar edhe nj\u00eb mandat t\u00eb kat\u00ebrt.<\/p>\n<p>Gazeta Mapo<\/p>\n","protected":false},"excerpt":{"rendered":"<p>Ram\u00ebs nuk i mjafton mandati i tret\u00eb, p\u00ebrmend vitin 2029 &#8211; 31\/10\/20 Edi Ram\u00ebs tashm\u00eb duket se nuk i mjafton edhe nj\u00eb mandat i tret\u00eb. Duke folur sot n\u00eb Kuk\u00ebs, ai p\u00ebrmendi se ata jan\u00eb m\u00eb t\u00eb mir\u00ebt, dhe deri n\u00eb vitin 2029 nuk sheh se, dikush tjet\u00ebr mund ta drejtoj\u00eb vendin si rilindja. Jo [&hellip;]<\/p>\n","protected":false},"author":9,"featured_media":0,"comment_status":"open","ping_status":"open","sticky":false,"template":"","format":"standard","meta":{"jetpack_post_was_ever_published":false,"_jetpack_newsletter_access":"","_jetpack_dont_email_post_to_subs":false,"_jetpack_newsletter_tier_id":0,"_jetpack_memberships_contains_paywalled_content":false,"_jetpack_memberships_contains_paid_content":false,"footnotes":"","jetpack_publicize_message":"","jetpack_publicize_feature_enabled":true,"jetpack_social_post_already_shared":true,"jetpack_social_options":{"image_generator_settings":{"template":"highway","default_image_id":0,"font":"","enabled":false},"version":2}},"categories":[27,2,35],"tags":[],"class_list":["post-40735","post","type-post","status-publish","format-standard","hentry","category-blogu-i-udhetarit","category-politika","category-shoqerore"],"jetpack_publicize_connections":[],"jetpack_featured_media_url":"","jetpack_sharing_enabled":true,"jetpack_shortlink":"https:\/\/wp.me\/p5Z6wp-aB1","jetpack-related-posts":[{"id":35142,"url":"https:\/\/www.shqiperia.com\/blog\/kryeministri-rama-drejt-nje-mandati-te-trete-vjen-deklarata-qe-nuk-pritej-e-bamir-topit-jane-tradhtaret-e-opozites\/","url_meta":{"origin":40735,"position":0},"title":"Kryeministri Rama drejt nj\u00eb mandati t\u00eb tret\u00eb? Vjen deklarata q\u00eb nuk pritej e Bamir Topit: Jan\u00eb tradhtar\u00ebt e opozit\u00ebs&#8230;","author":"Kurt Farka","date":"May 27, 2020","format":false,"excerpt":"Kryeministri Rama drejt nj\u00eb mandati t\u00eb tret\u00eb? Vjen deklarata q\u00eb nuk pritej e Bamir Topit: Jan\u00eb tradhtar\u00ebt e opozit\u00ebs... 27 MAJ 2020 Ish-presidenti shqiptar Bamir Topi tha se kryeministri Rama ka marr\u00eb n\u00ebn kontroll gjith\u00e7ka, madje edhe drejtimin e opozit\u00ebs. Ai tha se opozita po i jep mund\u00ebsin\u00eb t\u00eb marr\u00eb\u2026","rel":"","context":"In &quot;Blogu i Udh\u00ebtarit&quot;","block_context":{"text":"Blogu i Udh\u00ebtarit","link":"https:\/\/www.shqiperia.com\/blog\/category\/blogu-i-udhetarit\/"},"img":{"alt_text":"","src":"https:\/\/i0.wp.com\/www.shqiperia.com\/blog\/wp-content\/uploads\/2020\/05\/800-0-5eced03ae2950.jpg?fit=800%2C418&ssl=1&resize=350%2C200","width":350,"height":200,"srcset":"https:\/\/i0.wp.com\/www.shqiperia.com\/blog\/wp-content\/uploads\/2020\/05\/800-0-5eced03ae2950.jpg?fit=800%2C418&ssl=1&resize=350%2C200 1x, https:\/\/i0.wp.com\/www.shqiperia.com\/blog\/wp-content\/uploads\/2020\/05\/800-0-5eced03ae2950.jpg?fit=800%2C418&ssl=1&resize=525%2C300 1.5x, https:\/\/i0.wp.com\/www.shqiperia.com\/blog\/wp-content\/uploads\/2020\/05\/800-0-5eced03ae2950.jpg?fit=800%2C418&ssl=1&resize=700%2C400 2x"},"classes":[]},{"id":57037,"url":"https:\/\/www.shqiperia.com\/blog\/i-ka-krahet-e-ngrohta-deri-ne-2029-edmond-tupja-zbulon-marreveshjen-e-rames-me-shba-do-na-behen-me-pasaporte-amerikane-dhe-qente-e-macet\/","url_meta":{"origin":40735,"position":1},"title":"&#8220;I ka krah\u00ebt e ngrohta deri n\u00eb 2029&#8221;, Edmond Tupja zbulon marr\u00ebveshjen e Ram\u00ebs me SHBA: &#8211; Do na b\u00ebhen me pasaport\u00eb amerikane dhe qent\u00eb e macet","author":"Kurt Farka","date":"April 21, 2022","format":false,"excerpt":"\"I ka krah\u00ebt e ngrohta deri n\u00eb 2029\", Edmond Tupja zbulon marr\u00ebveshjen e Ram\u00ebs me SHBA: - Do na b\u00ebhen me pasaport\u00eb amerikane dhe qent\u00eb e macet 21 Prill 2022 Nga OraNews Publicisti Edmond Tupja parashikon se kryeministri Edi Rama do ta mbyll\u00eb karrier\u00ebne\u00a0 tij si President i Republik\u00ebs pas\u2026","rel":"","context":"In &quot;Blogu i Udh\u00ebtarit&quot;","block_context":{"text":"Blogu i Udh\u00ebtarit","link":"https:\/\/www.shqiperia.com\/blog\/category\/blogu-i-udhetarit\/"},"img":{"alt_text":"","src":"https:\/\/i0.wp.com\/www.shqiperia.com\/blog\/wp-content\/uploads\/2022\/04\/Edmond-Tupja-Edi-Rama.jpg?fit=600%2C334&ssl=1&resize=350%2C200","width":350,"height":200,"srcset":"https:\/\/i0.wp.com\/www.shqiperia.com\/blog\/wp-content\/uploads\/2022\/04\/Edmond-Tupja-Edi-Rama.jpg?fit=600%2C334&ssl=1&resize=350%2C200 1x, https:\/\/i0.wp.com\/www.shqiperia.com\/blog\/wp-content\/uploads\/2022\/04\/Edmond-Tupja-Edi-Rama.jpg?fit=600%2C334&ssl=1&resize=525%2C300 1.5x"},"classes":[]},{"id":50596,"url":"https:\/\/www.shqiperia.com\/blog\/a-po-formohet-grup-antirama-ne-ps\/","url_meta":{"origin":40735,"position":2},"title":"A po formohet grup antiRama n\u00eb PS?","author":"Kurt Farka","date":"October 16, 2021","format":false,"excerpt":"A po formohet grup antiRama n\u00eb PS? 15 tetor \u00a02021 Nga Daniel Mu\u00e7aku Teksti i keng\u00ebs s\u00eb dikurshme t\u00eb Edi Ram\u00ebs n\u00eb fushat\u00ebn p\u00ebr kryetar bashkie \u201cgjith\u00e7ka mund t\u00eb ndodh\u00eb, jetojm\u00eb n\u00eb Tiron\u00eb\u201d me sa duket ka vend edhe p\u00ebr ngjarjet e pritshme n\u00eb grupin parlamentar t\u00eb PS-s\u00eb. P\u00ebrflitej se\u2026","rel":"","context":"In &quot;Blogu i Udh\u00ebtarit&quot;","block_context":{"text":"Blogu i Udh\u00ebtarit","link":"https:\/\/www.shqiperia.com\/blog\/category\/blogu-i-udhetarit\/"},"img":{"alt_text":"","src":"https:\/\/i0.wp.com\/www.shqiperia.com\/blog\/wp-content\/uploads\/2021\/10\/rama-konference-kryeministri3-1024x709-1.jpg?fit=1024%2C709&ssl=1&resize=350%2C200","width":350,"height":200,"srcset":"https:\/\/i0.wp.com\/www.shqiperia.com\/blog\/wp-content\/uploads\/2021\/10\/rama-konference-kryeministri3-1024x709-1.jpg?fit=1024%2C709&ssl=1&resize=350%2C200 1x, https:\/\/i0.wp.com\/www.shqiperia.com\/blog\/wp-content\/uploads\/2021\/10\/rama-konference-kryeministri3-1024x709-1.jpg?fit=1024%2C709&ssl=1&resize=525%2C300 1.5x, https:\/\/i0.wp.com\/www.shqiperia.com\/blog\/wp-content\/uploads\/2021\/10\/rama-konference-kryeministri3-1024x709-1.jpg?fit=1024%2C709&ssl=1&resize=700%2C400 2x"},"classes":[]},{"id":90582,"url":"https:\/\/www.shqiperia.com\/blog\/shqiperia-do-te-synoje-integrimin-ne-be-por-me-merite-berisha-rames-nuk-ke-pare-gje-akoma-eshte-vetem-fillimi\/","url_meta":{"origin":40735,"position":3},"title":"\u201cShqip\u00ebria do t\u00eb synoj\u00eb integrimin n\u00eb BE, por me merit\u00eb\u201d, Berisha-Ram\u00ebs: &#8211; Nuk ke par\u00eb gj\u00eb akoma, \u00ebsht\u00eb vet\u00ebm fillimi","author":"Kurt Farka","date":"March 19, 2025","format":false,"excerpt":"19 Mars 2025 Kreu i Partis\u00eb Demokratike, Sali Berisha, ka akuzuar kryeministrin Edi Rama si \u201cmashtruesin m\u00eb t\u00eb madh q\u00eb ka njohur politika shqiptare\u201d, duke e cil\u00ebsuar si njeriun q\u00eb ka manipuluar shqiptar\u00ebt p\u00ebr m\u00eb shum\u00eb se nj\u00eb dekad\u00eb. Gjat\u00eb fjal\u00ebs s\u00eb tij, Berisha kujtoi sesi Rama festoi hapjen e\u2026","rel":"","context":"In &quot;Blogu i Udh\u00ebtarit&quot;","block_context":{"text":"Blogu i Udh\u00ebtarit","link":"https:\/\/www.shqiperia.com\/blog\/category\/blogu-i-udhetarit\/"},"img":{"alt_text":"","src":"https:\/\/i0.wp.com\/www.shqiperia.com\/blog\/wp-content\/uploads\/2025\/03\/600-388-dffhszfhfszhsfzhfsdh-1740600350.jpg?fit=600%2C388&ssl=1&resize=350%2C200","width":350,"height":200,"srcset":"https:\/\/i0.wp.com\/www.shqiperia.com\/blog\/wp-content\/uploads\/2025\/03\/600-388-dffhszfhfszhsfzhfsdh-1740600350.jpg?fit=600%2C388&ssl=1&resize=350%2C200 1x, https:\/\/i0.wp.com\/www.shqiperia.com\/blog\/wp-content\/uploads\/2025\/03\/600-388-dffhszfhfszhsfzhfsdh-1740600350.jpg?fit=600%2C388&ssl=1&resize=525%2C300 1.5x"},"classes":[]},{"id":41093,"url":"https:\/\/www.shqiperia.com\/blog\/u-mbars-mali-e-polli-nje-draft\/","url_meta":{"origin":40735,"position":4},"title":"U mbars mali e polli nj\u00eb draft","author":"Kurt Farka","date":"November 22, 2020","format":false,"excerpt":"U mbars mali e polli nj\u00eb draft - 22\/11\/20 P\u00ebrpjekja p\u00ebr t\u2019i b\u00ebr\u00eb nj\u00eb analiz\u00eb teksti, mesazhit t\u00eb Edi Ram\u00ebs dje, \u00ebsht\u00eb n\u00eb vetvete nj\u00eb koh\u00eb e \u00e7uar d\u00ebm. Jo vet\u00ebm se nuk ka m\u00eb t\u00eb reja n\u00eb retorik\u00ebn e tij, edhe pse mori 48 or\u00eb or\u00eb koh\u00eb, po edhe\u2026","rel":"","context":"In &quot;Blogu i Udh\u00ebtarit&quot;","block_context":{"text":"Blogu i Udh\u00ebtarit","link":"https:\/\/www.shqiperia.com\/blog\/category\/blogu-i-udhetarit\/"},"img":{"alt_text":"","src":"https:\/\/i0.wp.com\/www.shqiperia.com\/blog\/wp-content\/uploads\/2020\/11\/U-mbars-mali-e-polli-nje-draft-Karikature.png?fit=687%2C434&ssl=1&resize=350%2C200","width":350,"height":200,"srcset":"https:\/\/i0.wp.com\/www.shqiperia.com\/blog\/wp-content\/uploads\/2020\/11\/U-mbars-mali-e-polli-nje-draft-Karikature.png?fit=687%2C434&ssl=1&resize=350%2C200 1x, https:\/\/i0.wp.com\/www.shqiperia.com\/blog\/wp-content\/uploads\/2020\/11\/U-mbars-mali-e-polli-nje-draft-Karikature.png?fit=687%2C434&ssl=1&resize=525%2C300 1.5x"},"classes":[]},{"id":18248,"url":"https:\/\/www.shqiperia.com\/blog\/nese-shkaterron-vendin-ne-4-muaj-legjitim-nje-mandat-4-vjecar\/","url_meta":{"origin":40735,"position":5},"title":"N\u00ebse shkat\u00ebrron vendin n\u00eb 4 muaj?! &#8211; Legjitim nj\u00eb mandat 4 vje\u00e7ar.","author":"Kurt Farka","date":"March 11, 2019","format":false,"excerpt":"N\u00ebse shkat\u00ebrron vendin n\u00eb 4 muaj?! - Legjitim nj\u00eb mandat 4 vje\u00e7ar. Gazeta: mapo.al Ky duket se \u00ebsht\u00eb debati. Edi Rama thot\u00eb se ka marr\u00eb nj\u00eb mandat 4 vjecar, legjitim, t\u00eb njohur nga opozita pas zgjedhjeve t\u00eb vitit 2017, dhe duhet ta coj\u00eb at\u00eb deri n\u00eb fund, me cdo kusht.\u2026","rel":"","context":"In &quot;Blogu i Udh\u00ebtarit&quot;","block_context":{"text":"Blogu i Udh\u00ebtarit","link":"https:\/\/www.shqiperia.com\/blog\/category\/blogu-i-udhetarit\/"},"img":{"alt_text":"","src":"https:\/\/i0.wp.com\/www.shqiperia.com\/blog\/wp-content\/uploads\/2019\/03\/rama-feel-e1552235908439.jpg?fit=632%2C378&ssl=1&resize=350%2C200","width":350,"height":200,"srcset":"https:\/\/i0.wp.com\/www.shqiperia.com\/blog\/wp-content\/uploads\/2019\/03\/rama-feel-e1552235908439.jpg?fit=632%2C378&ssl=1&resize=350%2C200 1x, https:\/\/i0.wp.com\/www.shqiperia.com\/blog\/wp-content\/uploads\/2019\/03\/rama-feel-e1552235908439.jpg?fit=632%2C378&ssl=1&resize=525%2C300 1.5x"},"classes":[]}],"_links":{"self":[{"href":"https:\/\/www.shqiperia.com\/blog\/wp-json\/wp\/v2\/posts\/40735","targetHints":{"allow":["GET"]}}],"collection":[{"href":"https:\/\/www.shqiperia.com\/blog\/wp-json\/wp\/v2\/posts"}],"about":[{"href":"https:\/\/www.shqiperia.com\/blog\/wp-json\/wp\/v2\/types\/post"}],"author":[{"embeddable":true,"href":"https:\/\/www.shqiperia.com\/blog\/wp-json\/wp\/v2\/users\/9"}],"replies":[{"embeddable":true,"href":"https:\/\/www.shqiperia.com\/blog\/wp-json\/wp\/v2\/comments?post=40735"}],"version-history":[{"count":1,"href":"https:\/\/www.shqiperia.com\/blog\/wp-json\/wp\/v2\/posts\/40735\/revisions"}],"predecessor-version":[{"id":40737,"href":"https:\/\/www.shqiperia.com\/blog\/wp-json\/wp\/v2\/posts\/40735\/revisions\/40737"}],"wp:attachment":[{"href":"https:\/\/www.shqiperia.com\/blog\/wp-json\/wp\/v2\/media?parent=40735"}],"wp:term":[{"taxonomy":"category","embeddable":true,"href":"https:\/\/www.shqiperia.com\/blog\/wp-json\/wp\/v2\/categories?post=40735"},{"taxonomy":"post_tag","embeddable":true,"href":"https:\/\/www.shqiperia.com\/blog\/wp-json\/wp\/v2\/tags?post=40735"}],"curies":[{"name":"wp","href":"https:\/\/api.w.org\/{rel}","templated":true}]}}