{"id":40731,"date":"2020-11-10T13:29:28","date_gmt":"2020-11-10T13:29:28","guid":{"rendered":"https:\/\/www.shqiperia.com\/blog\/?p=40731"},"modified":"2020-11-10T13:29:44","modified_gmt":"2020-11-10T13:29:44","slug":"situata-e-covid-19-shton-tensionet-mes-mjekeve-erion-dasho-perplaset-me-piperon-dhe-zbulon-skandalin-e-rende","status":"publish","type":"post","link":"https:\/\/www.shqiperia.com\/blog\/situata-e-covid-19-shton-tensionet-mes-mjekeve-erion-dasho-perplaset-me-piperon-dhe-zbulon-skandalin-e-rende\/","title":{"rendered":"Situata e Covid-19 shton tensionet mes mjek\u00ebve, Erion Dasho p\u00ebrplaset me Piperon dhe zbulon skandalin e r\u00ebnd\u00eb."},"content":{"rendered":"<p><img data-recalc-dims=\"1\" loading=\"lazy\" decoding=\"async\" data-attachment-id=\"40732\" data-permalink=\"https:\/\/www.shqiperia.com\/blog\/situata-e-covid-19-shton-tensionet-mes-mjekeve-erion-dasho-perplaset-me-piperon-dhe-zbulon-skandalin-e-rende\/800-0-5fa9b78336ef0\/\" data-orig-file=\"https:\/\/i0.wp.com\/www.shqiperia.com\/blog\/wp-content\/uploads\/2020\/11\/800-0-5fa9b78336ef0.jpg?fit=800%2C362&amp;ssl=1\" data-orig-size=\"800,362\" data-comments-opened=\"1\" data-image-meta=\"{&quot;aperture&quot;:&quot;0&quot;,&quot;credit&quot;:&quot;&quot;,&quot;camera&quot;:&quot;&quot;,&quot;caption&quot;:&quot;&quot;,&quot;created_timestamp&quot;:&quot;0&quot;,&quot;copyright&quot;:&quot;&quot;,&quot;focal_length&quot;:&quot;0&quot;,&quot;iso&quot;:&quot;0&quot;,&quot;shutter_speed&quot;:&quot;0&quot;,&quot;title&quot;:&quot;&quot;,&quot;orientation&quot;:&quot;0&quot;}\" data-image-title=\"-800-0-5fa9b78336ef0\" data-image-description=\"\" data-image-caption=\"\" data-medium-file=\"https:\/\/i0.wp.com\/www.shqiperia.com\/blog\/wp-content\/uploads\/2020\/11\/800-0-5fa9b78336ef0.jpg?fit=300%2C136&amp;ssl=1\" data-large-file=\"https:\/\/i0.wp.com\/www.shqiperia.com\/blog\/wp-content\/uploads\/2020\/11\/800-0-5fa9b78336ef0.jpg?fit=800%2C362&amp;ssl=1\" class=\"alignnone wp-image-40732\" alt=\"\" src=\"https:\/\/i0.wp.com\/www.shqiperia.com\/blog\/wp-content\/uploads\/2020\/11\/800-0-5fa9b78336ef0.jpg?resize=483%2C219&#038;ssl=1\" width=\"483\" height=\"219\" srcset=\"https:\/\/i0.wp.com\/www.shqiperia.com\/blog\/wp-content\/uploads\/2020\/11\/800-0-5fa9b78336ef0.jpg?resize=300%2C136&amp;ssl=1 300w, https:\/\/i0.wp.com\/www.shqiperia.com\/blog\/wp-content\/uploads\/2020\/11\/800-0-5fa9b78336ef0.jpg?resize=768%2C348&amp;ssl=1 768w, https:\/\/i0.wp.com\/www.shqiperia.com\/blog\/wp-content\/uploads\/2020\/11\/800-0-5fa9b78336ef0.jpg?resize=450%2C204&amp;ssl=1 450w, https:\/\/i0.wp.com\/www.shqiperia.com\/blog\/wp-content\/uploads\/2020\/11\/800-0-5fa9b78336ef0.jpg?resize=600%2C272&amp;ssl=1 600w, https:\/\/i0.wp.com\/www.shqiperia.com\/blog\/wp-content\/uploads\/2020\/11\/800-0-5fa9b78336ef0.jpg?resize=400%2C181&amp;ssl=1 400w, https:\/\/i0.wp.com\/www.shqiperia.com\/blog\/wp-content\/uploads\/2020\/11\/800-0-5fa9b78336ef0.jpg?w=800&amp;ssl=1 800w\" sizes=\"auto, (max-width: 483px) 100vw, 483px\" \/><\/p>\n<p>Situata e Covid-19 shton tensionet mes mjek\u00ebve, Erion Dasho p\u00ebrplaset me Piperon dhe zbulon skandalin e r\u00ebnd\u00eb.<\/p>\n<p>9 N\u00cbNTOR 2020<\/p>\n<p>Nj\u00eb debat ka shp\u00ebrthyer mes mjekut t\u00eb Erion Dashos dhe P\u00ebllumb Piperos p\u00ebr sa i p\u00ebrket p\u00ebrgjigjes ndaj pandemis\u00eb q\u00eb ka dh\u00ebn\u00eb qeveria.<\/p>\n<p>Pipero u shpreh n\u00eb nj\u00eb intervist\u00eb se shtimi i rasteve t\u00eb infektimeve dhe viktimave ndodh edhe n\u00eb vendet e tjera, por u kund\u00ebrshtua nga Dasho, i cili tha se n\u00eb asnj\u00eb vend tjet\u00ebr qytetari nuk paguan 100 euro p\u00ebr nj\u00eb test.<\/p>\n<p>Dasho u shpreh se e ka ftuar Piperon t\u00eb dalin dhe t\u00eb flasin kund\u00ebr k\u00ebsaj qeverie q\u00eb e ka l\u00ebn\u00eb pacientin t\u00eb b\u00ebj\u00eb vet\u00eb \u00e7do shpenzim, nd\u00ebrsa ka akuzuar edhe disa koleg\u00eb t\u00eb tij se marrin p\u00ebrqindje sekser\u00ebsh n\u00eb spitale p\u00ebr trajtimet e koronavirusit.<\/p>\n<p>Duke iu referuar deklarat\u00ebs s\u00eb Piperos, ai tha se asnj\u00eb nuk ka moral t\u00eb dal\u00eb dhe t\u00eb thot\u00eb se situata e Shqip\u00ebris\u00eb \u00ebsht\u00eb nj\u00ebsoj si n\u00eb bot\u00eb.<\/p>\n<p>\u201cN\u00eb asnj\u00eb vend nuk paguhet 100 euro p\u00ebr test. Nuk di ndonj\u00eb vend ku qytetar\u00ebt blejn\u00eb ajrin p\u00ebr t\u00eb jetuar. Nuk di ndonj\u00eb vend q\u00eb familjar\u00ebt t\u00eb blejn\u00eb bombol\u00ebn e oksigjenit n\u00eb tregun privat. Ne nuk jemi politikan\u00eb, jemi mjek. T\u00eb kam ftuar ty dhe koleg\u00ebt t\u00eb flasim kund\u00ebr k\u00ebsaj qeverie q\u00eb po e trajton popullin si armik. Kjo qeveri po e l\u00eb pacientin shqiptar t\u00eb paguaj\u00eb vet\u00eb cdo shpenzim, Ka koleg\u00eb tan\u00eb q\u00eb po marrin p\u00ebrqindje sekser\u00ebsh sot. Nuk ka moral t\u00eb dal\u00eb njeri t\u00eb thot\u00eb se situata e Shqip\u00ebris\u00eb \u00ebsht\u00eb nj\u00ebsoj si n\u00eb bot\u00eb. N\u00eb Shqip\u00ebri zgjidhet problemi brenda jav\u00ebs.<\/p>\n<p>Kur numrat rriten, nuk merret vendimi i ndalimit t\u00eb l\u00ebvizjes nga ora 10 deri n\u00eb 6 t\u00eb m\u00ebngjesit. \u00cbsht\u00eb n\u00eb t\u00eb mir\u00ebn ton\u00eb si mjek q\u00eb t\u00eb jemi sh\u00ebrb\u00ebtor\u00eb t\u00eb qeveris\u00eb, \u00ebsht\u00eb n\u00eb nderin ton\u00eb t\u00eb jemi n\u00eb sh\u00ebrbim t\u00eb pacientit sepse p\u00ebr at\u00eb jemi betuar. Nuk kam ndrojtje q\u00eb t\u00eb them se p\u00ebrgjigja shqiptare ka d\u00ebshtruar n\u00eb cdo element t\u00eb saj.<\/p>\n<p>\u00cbsht\u00eb koha p\u00ebr t\u00eb marr\u00eb masa, sepse n\u00ebse vazhdojm\u00eb me masa eksperimentale si kjo e sotmja, do t\u00eb kemi m\u00eb shum\u00eb se 500 raste. Deri tani tregu i zi ka arritur ta suportoj\u00eb qytetarin me oksigjen, por sot nuk do e p\u00ebrballoj\u00eb dot m\u00eb. Sot nuk ka m\u00eb kapacitete, e kemi l\u00ebn\u00eb qytetarin shqiptar aty ku nuk mban m\u00eb\u201d, tha Dasho.<\/p>\n<p>Gazeta Sot<\/p>\n","protected":false},"excerpt":{"rendered":"<p>Situata e Covid-19 shton tensionet mes mjek\u00ebve, Erion Dasho p\u00ebrplaset me Piperon dhe zbulon skandalin e r\u00ebnd\u00eb. 9 N\u00cbNTOR 2020 Nj\u00eb debat ka shp\u00ebrthyer mes mjekut t\u00eb Erion Dashos dhe P\u00ebllumb Piperos p\u00ebr sa i p\u00ebrket p\u00ebrgjigjes ndaj pandemis\u00eb q\u00eb ka dh\u00ebn\u00eb qeveria. Pipero u shpreh n\u00eb nj\u00eb intervist\u00eb se shtimi i rasteve t\u00eb infektimeve [&hellip;]<\/p>\n","protected":false},"author":9,"featured_media":40732,"comment_status":"open","ping_status":"open","sticky":false,"template":"","format":"standard","meta":{"jetpack_post_was_ever_published":false,"_jetpack_newsletter_access":"","_jetpack_dont_email_post_to_subs":false,"_jetpack_newsletter_tier_id":0,"_jetpack_memberships_contains_paywalled_content":false,"_jetpack_memberships_contains_paid_content":false,"footnotes":"","jetpack_publicize_message":"","jetpack_publicize_feature_enabled":true,"jetpack_social_post_already_shared":true,"jetpack_social_options":{"image_generator_settings":{"template":"highway","default_image_id":0,"font":"","enabled":false},"version":2}},"categories":[27,2,35],"tags":[],"class_list":["post-40731","post","type-post","status-publish","format-standard","has-post-thumbnail","hentry","category-blogu-i-udhetarit","category-politika","category-shoqerore"],"jetpack_publicize_connections":[],"jetpack_featured_media_url":"https:\/\/i0.wp.com\/www.shqiperia.com\/blog\/wp-content\/uploads\/2020\/11\/800-0-5fa9b78336ef0.jpg?fit=800%2C362&ssl=1","jetpack_sharing_enabled":true,"jetpack_shortlink":"https:\/\/wp.me\/p5Z6wp-aAX","jetpack-related-posts":[{"id":40490,"url":"https:\/\/www.shqiperia.com\/blog\/eshte-krim-dhe-paturpesi-cuditet-erion-dasho-po-shiten-100-euro-teste-qe-kushtojne-6-euro\/","url_meta":{"origin":40731,"position":0},"title":"&#8220;\u00cbsht\u00eb krim dhe paturp\u00ebsi&#8221;, \u00e7uditet Erion Dasho: Po shiten 100 euro, teste q\u00eb kushtojn\u00eb 6 euro","author":"Kurt Farka","date":"November 3, 2020","format":false,"excerpt":"\"\u00cbsht\u00eb krim dhe paturp\u00ebsi\", \u00e7uditet Erion Dasho: Po shiten 100 euro, teste q\u00eb kushtojn\u00eb 6 euro 3 N\u00cbNTOR 2020 Mjeku Erion Dasho u shpreh se ka persona q\u00eb ankohen p\u00ebr vones\u00ebn e tamponit dhe t\u2019u thuash k\u00ebtu personave nga ekrani se testohet n\u00eb rregull, \u00ebsht\u00eb nj\u00eb paturp\u00ebsi. \u201cM\u00eb \u00e7udit paturp\u00ebsia\u2026","rel":"","context":"In &quot;Blogu i Udh\u00ebtarit&quot;","block_context":{"text":"Blogu i Udh\u00ebtarit","link":"https:\/\/www.shqiperia.com\/blog\/category\/blogu-i-udhetarit\/"},"img":{"alt_text":"","src":"https:\/\/i0.wp.com\/www.shqiperia.com\/blog\/wp-content\/uploads\/2020\/11\/tampone-1-770x420-1.jpg?fit=1024%2C558&ssl=1&resize=350%2C200","width":350,"height":200,"srcset":"https:\/\/i0.wp.com\/www.shqiperia.com\/blog\/wp-content\/uploads\/2020\/11\/tampone-1-770x420-1.jpg?fit=1024%2C558&ssl=1&resize=350%2C200 1x, https:\/\/i0.wp.com\/www.shqiperia.com\/blog\/wp-content\/uploads\/2020\/11\/tampone-1-770x420-1.jpg?fit=1024%2C558&ssl=1&resize=525%2C300 1.5x, https:\/\/i0.wp.com\/www.shqiperia.com\/blog\/wp-content\/uploads\/2020\/11\/tampone-1-770x420-1.jpg?fit=1024%2C558&ssl=1&resize=700%2C400 2x"},"classes":[]},{"id":37821,"url":"https:\/\/www.shqiperia.com\/blog\/kjo-eshte-nder-gafat-me-te-renda-mjeku-erion-dasho-ben-deklaraten-e-forte-ndaj-komitetit-te-eksperteve-anti-covid-po-fshehin-nga-njeri-tjetri\/","url_meta":{"origin":40731,"position":1},"title":"\u201cKjo \u00ebsht\u00eb nd\u00ebr gafat m\u00eb t\u00eb r\u00ebnda\u201d, mjeku Erion Dasho b\u00ebn deklarat\u00ebn e fort\u00eb ndaj komitetit t\u00eb ekspert\u00ebve anti-COVID: Po fshehin nga nj\u00ebri-tjetri&#8230;","author":"Kurt Farka","date":"August 30, 2020","format":false,"excerpt":"\u201cKjo \u00ebsht\u00eb nd\u00ebr gafat m\u00eb t\u00eb r\u00ebnda\u201d, mjeku Erion Dasho b\u00ebn deklarat\u00ebn e fort\u00eb ndaj komitetit t\u00eb ekspert\u00ebve anti-COVID: Po fshehin nga nj\u00ebri-tjetri... 30 GUSHT 2020 Mjeku Erion Dasho ka vijuar me kritikat e tij ndaj ekspert\u00ebve anti-COVID p\u00ebr m\u00ebnyr\u00ebn se si po menaxhohet situata e pandemis\u00eb n\u00eb Shqip\u00ebri. Postimi\u2026","rel":"","context":"In &quot;Blogu i Udh\u00ebtarit&quot;","block_context":{"text":"Blogu i Udh\u00ebtarit","link":"https:\/\/www.shqiperia.com\/blog\/category\/blogu-i-udhetarit\/"},"img":{"alt_text":"","src":"https:\/\/i0.wp.com\/www.shqiperia.com\/blog\/wp-content\/uploads\/2020\/08\/800-0-5f4b8fd54a632.png?fit=800%2C480&ssl=1&resize=350%2C200","width":350,"height":200,"srcset":"https:\/\/i0.wp.com\/www.shqiperia.com\/blog\/wp-content\/uploads\/2020\/08\/800-0-5f4b8fd54a632.png?fit=800%2C480&ssl=1&resize=350%2C200 1x, https:\/\/i0.wp.com\/www.shqiperia.com\/blog\/wp-content\/uploads\/2020\/08\/800-0-5f4b8fd54a632.png?fit=800%2C480&ssl=1&resize=525%2C300 1.5x, https:\/\/i0.wp.com\/www.shqiperia.com\/blog\/wp-content\/uploads\/2020\/08\/800-0-5f4b8fd54a632.png?fit=800%2C480&ssl=1&resize=700%2C400 2x"},"classes":[]},{"id":37667,"url":"https:\/\/www.shqiperia.com\/blog\/eksperti-i-shendetit-publik-flet-per-vdekjet-nga-covid-19-dasho-nuk-raportohen-keto-humbje-jete-vetem-dje-mesova-5-emra-qe\/","url_meta":{"origin":40731,"position":2},"title":"Eksperti i Sh\u00ebndetit Publik flet p\u00ebr vdekjet nga Covid-19, Dasho: &#8211; Nuk raportohen k\u00ebto humbje jete, vet\u00ebm dje m\u00ebsova 5 emra q\u00eb\u2026","author":"Kurt Farka","date":"August 25, 2020","format":false,"excerpt":"Eksperti i Sh\u00ebndetit Publik flet p\u00ebr vdekjet nga Covid-19, Dasho: - Nuk raportohen k\u00ebto humbje jete, vet\u00ebm dje m\u00ebsova 5 emra q\u00eb\u2026 25 gusht \u00a02020 Eksperti i Sh\u00ebndetit Publik, Erion Dasho, ngre dyshime p\u00ebr besueshm\u00ebrin\u00eb n\u00eb raportimin e shifrave t\u00eb viktimave nga Covid-19 n\u00eb Shqip\u00ebri. Ai flet p\u00ebr mungese transparence\u2026","rel":"","context":"In &quot;Blogu i Udh\u00ebtarit&quot;","block_context":{"text":"Blogu i Udh\u00ebtarit","link":"https:\/\/www.shqiperia.com\/blog\/category\/blogu-i-udhetarit\/"},"img":{"alt_text":"","src":"https:\/\/i0.wp.com\/www.shqiperia.com\/blog\/wp-content\/uploads\/2020\/08\/dashoooo-1.jpg?fit=973%2C723&ssl=1&resize=350%2C200","width":350,"height":200,"srcset":"https:\/\/i0.wp.com\/www.shqiperia.com\/blog\/wp-content\/uploads\/2020\/08\/dashoooo-1.jpg?fit=973%2C723&ssl=1&resize=350%2C200 1x, https:\/\/i0.wp.com\/www.shqiperia.com\/blog\/wp-content\/uploads\/2020\/08\/dashoooo-1.jpg?fit=973%2C723&ssl=1&resize=525%2C300 1.5x, https:\/\/i0.wp.com\/www.shqiperia.com\/blog\/wp-content\/uploads\/2020\/08\/dashoooo-1.jpg?fit=973%2C723&ssl=1&resize=700%2C400 2x"},"classes":[]},{"id":40317,"url":"https:\/\/www.shqiperia.com\/blog\/covid-19-ka-dale-jashte-kontrollit-eksperti-thirrje-te-forte-qeverise-eshte-kriminale-qe\/","url_meta":{"origin":40731,"position":3},"title":"\u201cCovid-19 ka dal\u00eb jasht\u00eb kontrollit\u201d\/ Eksperti thirrje t\u00eb fort\u00eb qeveris\u00eb: \u00cbsht\u00eb kriminale q\u00eb&#8230;","author":"Kurt Farka","date":"October 31, 2020","format":false,"excerpt":"\u201cCovid-19 ka dal\u00eb jasht\u00eb kontrollit\u201d\/ Eksperti thirrje t\u00eb fort\u00eb qeveris\u00eb: \u00cbsht\u00eb kriminale q\u00eb... 31 TETOR 2020 Eksperti i Sh\u00ebndetit Publik, Erion Dasho thekson se situata ka dal\u00eb jasht\u00eb kontrollit. N\u00ebp\u00ebrmjet nj\u00eb postimi n\u00eb Facebook, Dasho apelon q\u00eb qeveria t\u00eb ofroj\u00eb teste t\u00eb shpejta t\u00eb Covid-19 p\u00ebr qytetar\u00ebt, pasi po vihet\u2026","rel":"","context":"In &quot;Blogu i Udh\u00ebtarit&quot;","block_context":{"text":"Blogu i Udh\u00ebtarit","link":"https:\/\/www.shqiperia.com\/blog\/category\/blogu-i-udhetarit\/"},"img":{"alt_text":"","src":"https:\/\/i0.wp.com\/www.shqiperia.com\/blog\/wp-content\/uploads\/2020\/10\/640-0-5f9d239311ec6.jpg?fit=640%2C356&ssl=1&resize=350%2C200","width":350,"height":200,"srcset":"https:\/\/i0.wp.com\/www.shqiperia.com\/blog\/wp-content\/uploads\/2020\/10\/640-0-5f9d239311ec6.jpg?fit=640%2C356&ssl=1&resize=350%2C200 1x, https:\/\/i0.wp.com\/www.shqiperia.com\/blog\/wp-content\/uploads\/2020\/10\/640-0-5f9d239311ec6.jpg?fit=640%2C356&ssl=1&resize=525%2C300 1.5x"},"classes":[]},{"id":33673,"url":"https:\/\/www.shqiperia.com\/blog\/koronavirusi-qe-nga-janari-ne-shqiperi-epidemiologu-tregon-rrugen-se-si-zbulohet\/","url_meta":{"origin":40731,"position":4},"title":"Koronavirusi q\u00eb nga janari n\u00eb Shqip\u00ebri? Epidemiologu tregon rrug\u00ebn se si zbulohet","author":"Kurt Farka","date":"April 23, 2020","format":false,"excerpt":"Koronavirusi q\u00eb nga janari n\u00eb Shqip\u00ebri? Epidemiologu tregon rrug\u00ebn se si zbulohet 22 Prill 2020 Epidemiologu Erion Dasho mbr\u00ebmjen e k\u00ebsaj t\u00eb m\u00ebrkure nga emisioni \u201cByro Politike\u201d\u00ebsht\u00eb shprehur se fatmir\u00ebsisht situata e koronavirusit n\u00eb vendin ton\u00eb \u00ebsht\u00eb n\u00ebn kontroll. Dasho \u00ebsht\u00eb shprehur se mb\u00ebshtet edhe tez\u00ebn e profesor Kakarriqit i\u2026","rel":"","context":"In &quot;Blogu i Udh\u00ebtarit&quot;","block_context":{"text":"Blogu i Udh\u00ebtarit","link":"https:\/\/www.shqiperia.com\/blog\/category\/blogu-i-udhetarit\/"},"img":{"alt_text":"","src":"https:\/\/i0.wp.com\/www.shqiperia.com\/blog\/wp-content\/uploads\/2020\/04\/koronavirus.jpg?fit=780%2C440&ssl=1&resize=350%2C200","width":350,"height":200,"srcset":"https:\/\/i0.wp.com\/www.shqiperia.com\/blog\/wp-content\/uploads\/2020\/04\/koronavirus.jpg?fit=780%2C440&ssl=1&resize=350%2C200 1x, https:\/\/i0.wp.com\/www.shqiperia.com\/blog\/wp-content\/uploads\/2020\/04\/koronavirus.jpg?fit=780%2C440&ssl=1&resize=525%2C300 1.5x, https:\/\/i0.wp.com\/www.shqiperia.com\/blog\/wp-content\/uploads\/2020\/04\/koronavirus.jpg?fit=780%2C440&ssl=1&resize=700%2C400 2x"},"classes":[]},{"id":25870,"url":"https:\/\/www.shqiperia.com\/blog\/tradhtare-shkelet-gjakun-e-te-reneve-pse-u-futet-ne-kuvend-dasho-aliko-sqaron-sherrin-ne-ceremoni-roshi-erdhi-i-paftuar-grupin-tjeter-e-futi\/","url_meta":{"origin":40731,"position":5},"title":"\u201cTradhtar\u00eb, shkel\u00ebt gjakun e t\u00eb r\u00ebn\u00ebve. Pse u fut\u00ebt n\u00eb Kuvend\u201d, Dasho Aliko sqaron sherrin n\u00eb ceremoni: Roshi erdhi i paftuar, grupin tjet\u00ebr e futi\u2026","author":"Kurt Farka","date":"September 14, 2019","format":false,"excerpt":"\u201cTradhtar\u00eb, shkel\u00ebt gjakun e t\u00eb r\u00ebn\u00ebve. Pse u fut\u00ebt n\u00eb Kuvend\u201d, Dasho Aliko sqaron sherrin n\u00eb ceremoni: Roshi erdhi i paftuar, grupin tjet\u00ebr e futi\u2026 14 shtator 2019 Ceremonia p\u00ebr p\u00ebrkujtimin e viktimave n\u00eb radh\u00ebt e nacionalist\u00ebve n\u00eb luft\u00ebn e Ngrehotit nuk ka shkuar ashtu si\u00e7 ishte planifikuar n\u00eb Gjirokast\u00ebr.\u2026","rel":"","context":"In &quot;Blogu i Udh\u00ebtarit&quot;","block_context":{"text":"Blogu i Udh\u00ebtarit","link":"https:\/\/www.shqiperia.com\/blog\/category\/blogu-i-udhetarit\/"},"img":{"alt_text":"","src":"https:\/\/i0.wp.com\/www.shqiperia.com\/blog\/wp-content\/uploads\/2019\/09\/Balli-770x431-1.png?fit=770%2C396&ssl=1&resize=350%2C200","width":350,"height":200,"srcset":"https:\/\/i0.wp.com\/www.shqiperia.com\/blog\/wp-content\/uploads\/2019\/09\/Balli-770x431-1.png?fit=770%2C396&ssl=1&resize=350%2C200 1x, https:\/\/i0.wp.com\/www.shqiperia.com\/blog\/wp-content\/uploads\/2019\/09\/Balli-770x431-1.png?fit=770%2C396&ssl=1&resize=525%2C300 1.5x, https:\/\/i0.wp.com\/www.shqiperia.com\/blog\/wp-content\/uploads\/2019\/09\/Balli-770x431-1.png?fit=770%2C396&ssl=1&resize=700%2C400 2x"},"classes":[]}],"_links":{"self":[{"href":"https:\/\/www.shqiperia.com\/blog\/wp-json\/wp\/v2\/posts\/40731","targetHints":{"allow":["GET"]}}],"collection":[{"href":"https:\/\/www.shqiperia.com\/blog\/wp-json\/wp\/v2\/posts"}],"about":[{"href":"https:\/\/www.shqiperia.com\/blog\/wp-json\/wp\/v2\/types\/post"}],"author":[{"embeddable":true,"href":"https:\/\/www.shqiperia.com\/blog\/wp-json\/wp\/v2\/users\/9"}],"replies":[{"embeddable":true,"href":"https:\/\/www.shqiperia.com\/blog\/wp-json\/wp\/v2\/comments?post=40731"}],"version-history":[{"count":2,"href":"https:\/\/www.shqiperia.com\/blog\/wp-json\/wp\/v2\/posts\/40731\/revisions"}],"predecessor-version":[{"id":40734,"href":"https:\/\/www.shqiperia.com\/blog\/wp-json\/wp\/v2\/posts\/40731\/revisions\/40734"}],"wp:featuredmedia":[{"embeddable":true,"href":"https:\/\/www.shqiperia.com\/blog\/wp-json\/wp\/v2\/media\/40732"}],"wp:attachment":[{"href":"https:\/\/www.shqiperia.com\/blog\/wp-json\/wp\/v2\/media?parent=40731"}],"wp:term":[{"taxonomy":"category","embeddable":true,"href":"https:\/\/www.shqiperia.com\/blog\/wp-json\/wp\/v2\/categories?post=40731"},{"taxonomy":"post_tag","embeddable":true,"href":"https:\/\/www.shqiperia.com\/blog\/wp-json\/wp\/v2\/tags?post=40731"}],"curies":[{"name":"wp","href":"https:\/\/api.w.org\/{rel}","templated":true}]}}