{"id":40727,"date":"2020-11-10T13:15:56","date_gmt":"2020-11-10T13:15:56","guid":{"rendered":"https:\/\/www.shqiperia.com\/blog\/?p=40727"},"modified":"2020-11-10T13:15:56","modified_gmt":"2020-11-10T13:15:56","slug":"tirane-banoret-e-baldushkut-ndalin-fadromen-me-trup","status":"publish","type":"post","link":"https:\/\/www.shqiperia.com\/blog\/tirane-banoret-e-baldushkut-ndalin-fadromen-me-trup\/","title":{"rendered":"Tirane, banor\u00ebt e Baldushkut ndalin fadrom\u00ebn me trup"},"content":{"rendered":"<div id=\"attachment_40728\" style=\"width: 543px\" class=\"wp-caption alignnone\"><img data-recalc-dims=\"1\" loading=\"lazy\" decoding=\"async\" aria-describedby=\"caption-attachment-40728\" data-attachment-id=\"40728\" data-permalink=\"https:\/\/www.shqiperia.com\/blog\/tirane-banoret-e-baldushkut-ndalin-fadromen-me-trup\/maxresdefault-52\/\" data-orig-file=\"https:\/\/i0.wp.com\/www.shqiperia.com\/blog\/wp-content\/uploads\/2020\/11\/maxresdefault-1.jpg?fit=1280%2C720&amp;ssl=1\" data-orig-size=\"1280,720\" data-comments-opened=\"1\" data-image-meta=\"{&quot;aperture&quot;:&quot;0&quot;,&quot;credit&quot;:&quot;&quot;,&quot;camera&quot;:&quot;&quot;,&quot;caption&quot;:&quot;&quot;,&quot;created_timestamp&quot;:&quot;0&quot;,&quot;copyright&quot;:&quot;&quot;,&quot;focal_length&quot;:&quot;0&quot;,&quot;iso&quot;:&quot;0&quot;,&quot;shutter_speed&quot;:&quot;0&quot;,&quot;title&quot;:&quot;&quot;,&quot;orientation&quot;:&quot;0&quot;}\" data-image-title=\"maxresdefault\" data-image-description=\"\" data-image-caption=\"&lt;p&gt;Tirane, banor\u00ebt e Baldushkut ndalin fadrom\u00ebn me trup&lt;\/p&gt;\n\" data-medium-file=\"https:\/\/i0.wp.com\/www.shqiperia.com\/blog\/wp-content\/uploads\/2020\/11\/maxresdefault-1.jpg?fit=300%2C169&amp;ssl=1\" data-large-file=\"https:\/\/i0.wp.com\/www.shqiperia.com\/blog\/wp-content\/uploads\/2020\/11\/maxresdefault-1.jpg?fit=1024%2C576&amp;ssl=1\" class=\" wp-image-40728\" alt=\"\" src=\"https:\/\/i0.wp.com\/www.shqiperia.com\/blog\/wp-content\/uploads\/2020\/11\/maxresdefault-1.jpg?resize=533%2C300&#038;ssl=1\" width=\"533\" height=\"300\" srcset=\"https:\/\/i0.wp.com\/www.shqiperia.com\/blog\/wp-content\/uploads\/2020\/11\/maxresdefault-1.jpg?resize=300%2C169&amp;ssl=1 300w, https:\/\/i0.wp.com\/www.shqiperia.com\/blog\/wp-content\/uploads\/2020\/11\/maxresdefault-1.jpg?resize=1024%2C576&amp;ssl=1 1024w, https:\/\/i0.wp.com\/www.shqiperia.com\/blog\/wp-content\/uploads\/2020\/11\/maxresdefault-1.jpg?resize=768%2C432&amp;ssl=1 768w, https:\/\/i0.wp.com\/www.shqiperia.com\/blog\/wp-content\/uploads\/2020\/11\/maxresdefault-1.jpg?resize=450%2C253&amp;ssl=1 450w, https:\/\/i0.wp.com\/www.shqiperia.com\/blog\/wp-content\/uploads\/2020\/11\/maxresdefault-1.jpg?resize=600%2C338&amp;ssl=1 600w, https:\/\/i0.wp.com\/www.shqiperia.com\/blog\/wp-content\/uploads\/2020\/11\/maxresdefault-1.jpg?resize=400%2C225&amp;ssl=1 400w, https:\/\/i0.wp.com\/www.shqiperia.com\/blog\/wp-content\/uploads\/2020\/11\/maxresdefault-1.jpg?w=1280&amp;ssl=1 1280w\" sizes=\"auto, (max-width: 533px) 100vw, 533px\" \/><p id=\"caption-attachment-40728\" class=\"wp-caption-text\">Tirane, banor\u00ebt e Baldushkut ndalin fadrom\u00ebn me trup<\/p><\/div>\n<p><strong>Tirane, banor\u00ebt e Baldushkut ndalin fadrom\u00ebn me trup<\/strong><\/p>\n<p>10\/11\/2020<\/p>\n<p>Tension n\u00eb fshatin Mustafaku\u00e7 t\u00eb Baldushkut.<\/p>\n<p>Banor\u00ebt kund\u00ebrshtojn\u00eb prishjen e banesave. Ata jan\u00eb ulur para fadromave p\u00ebr t\u00eb ndaluar shembjen.<\/p>\n<p>\u201dA ka qeveri?! Me na vra neve! Do mbrojm\u00eb pronat tona. Shembet sht\u00ebpia e t\u00eb dal n\u00eb rrug\u00eb\u201d thon\u00eb banor\u00ebt<\/p>\n<p>Ora News ishte atje p\u00ebr t\u00eb p\u00ebrcjell\u00eb live ngjarjen. Nuk ka shum\u00eb detaje t\u00eb qarta por nga informacionet paraprake policia ka shkuar atje n\u00eb mb\u00ebshtjetje t\u00eb nj\u00eb aksioni p\u00ebr prishjen e disa depove por dhe banesave si pjes\u00eb e nj\u00eb projekti.<\/p>\n<div id=\"attachment_40729\" style=\"width: 711px\" class=\"wp-caption alignnone\"><img data-recalc-dims=\"1\" loading=\"lazy\" decoding=\"async\" aria-describedby=\"caption-attachment-40729\" data-attachment-id=\"40729\" data-permalink=\"https:\/\/www.shqiperia.com\/blog\/tirane-banoret-e-baldushkut-ndalin-fadromen-me-trup\/tirane-banoret-e-baldushkut-ndalin-fadromen-me-trup\/\" data-orig-file=\"https:\/\/i0.wp.com\/www.shqiperia.com\/blog\/wp-content\/uploads\/2020\/11\/Tirane-banoret-e-Baldushkut-ndalin-fadromen-me-trup.jpg?fit=1280%2C720&amp;ssl=1\" data-orig-size=\"1280,720\" data-comments-opened=\"1\" data-image-meta=\"{&quot;aperture&quot;:&quot;0&quot;,&quot;credit&quot;:&quot;&quot;,&quot;camera&quot;:&quot;&quot;,&quot;caption&quot;:&quot;&quot;,&quot;created_timestamp&quot;:&quot;0&quot;,&quot;copyright&quot;:&quot;&quot;,&quot;focal_length&quot;:&quot;0&quot;,&quot;iso&quot;:&quot;0&quot;,&quot;shutter_speed&quot;:&quot;0&quot;,&quot;title&quot;:&quot;&quot;,&quot;orientation&quot;:&quot;0&quot;}\" data-image-title=\"Tirane, banor\u00ebt e Baldushkut ndalin fadrom\u00ebn me trup\" data-image-description=\"\" data-image-caption=\"&lt;p&gt;Tirane, banor\u00ebt e Baldushkut ndalin fadrom\u00ebn me trup&lt;\/p&gt;\n\" data-medium-file=\"https:\/\/i0.wp.com\/www.shqiperia.com\/blog\/wp-content\/uploads\/2020\/11\/Tirane-banoret-e-Baldushkut-ndalin-fadromen-me-trup.jpg?fit=300%2C169&amp;ssl=1\" data-large-file=\"https:\/\/i0.wp.com\/www.shqiperia.com\/blog\/wp-content\/uploads\/2020\/11\/Tirane-banoret-e-Baldushkut-ndalin-fadromen-me-trup.jpg?fit=1024%2C576&amp;ssl=1\" class=\" wp-image-40729\" alt=\"\" src=\"https:\/\/i0.wp.com\/www.shqiperia.com\/blog\/wp-content\/uploads\/2020\/11\/Tirane-banoret-e-Baldushkut-ndalin-fadromen-me-trup.jpg?resize=701%2C395&#038;ssl=1\" width=\"701\" height=\"395\" srcset=\"https:\/\/i0.wp.com\/www.shqiperia.com\/blog\/wp-content\/uploads\/2020\/11\/Tirane-banoret-e-Baldushkut-ndalin-fadromen-me-trup.jpg?resize=300%2C169&amp;ssl=1 300w, https:\/\/i0.wp.com\/www.shqiperia.com\/blog\/wp-content\/uploads\/2020\/11\/Tirane-banoret-e-Baldushkut-ndalin-fadromen-me-trup.jpg?resize=1024%2C576&amp;ssl=1 1024w, https:\/\/i0.wp.com\/www.shqiperia.com\/blog\/wp-content\/uploads\/2020\/11\/Tirane-banoret-e-Baldushkut-ndalin-fadromen-me-trup.jpg?resize=768%2C432&amp;ssl=1 768w, https:\/\/i0.wp.com\/www.shqiperia.com\/blog\/wp-content\/uploads\/2020\/11\/Tirane-banoret-e-Baldushkut-ndalin-fadromen-me-trup.jpg?resize=450%2C253&amp;ssl=1 450w, https:\/\/i0.wp.com\/www.shqiperia.com\/blog\/wp-content\/uploads\/2020\/11\/Tirane-banoret-e-Baldushkut-ndalin-fadromen-me-trup.jpg?resize=600%2C338&amp;ssl=1 600w, https:\/\/i0.wp.com\/www.shqiperia.com\/blog\/wp-content\/uploads\/2020\/11\/Tirane-banoret-e-Baldushkut-ndalin-fadromen-me-trup.jpg?resize=400%2C225&amp;ssl=1 400w, https:\/\/i0.wp.com\/www.shqiperia.com\/blog\/wp-content\/uploads\/2020\/11\/Tirane-banoret-e-Baldushkut-ndalin-fadromen-me-trup.jpg?w=1280&amp;ssl=1 1280w\" sizes=\"auto, (max-width: 701px) 100vw, 701px\" \/><p id=\"caption-attachment-40729\" class=\"wp-caption-text\">Tirane, banor\u00ebt e Baldushkut ndalin fadrom\u00ebn me trup<\/p><\/div>\n<p>OraNews.<\/p>\n","protected":false},"excerpt":{"rendered":"<p>Tirane, banor\u00ebt e Baldushkut ndalin fadrom\u00ebn me trup 10\/11\/2020 Tension n\u00eb fshatin Mustafaku\u00e7 t\u00eb Baldushkut. Banor\u00ebt kund\u00ebrshtojn\u00eb prishjen e banesave. Ata jan\u00eb ulur para fadromave p\u00ebr t\u00eb ndaluar shembjen. \u201dA ka qeveri?! Me na vra neve! Do mbrojm\u00eb pronat tona. Shembet sht\u00ebpia e t\u00eb dal n\u00eb rrug\u00eb\u201d thon\u00eb banor\u00ebt Ora News ishte atje p\u00ebr t\u00eb [&hellip;]<\/p>\n","protected":false},"author":9,"featured_media":40728,"comment_status":"open","ping_status":"open","sticky":false,"template":"","format":"standard","meta":{"jetpack_post_was_ever_published":false,"_jetpack_newsletter_access":"","_jetpack_dont_email_post_to_subs":false,"_jetpack_newsletter_tier_id":0,"_jetpack_memberships_contains_paywalled_content":false,"_jetpack_memberships_contains_paid_content":false,"footnotes":"","jetpack_publicize_message":"","jetpack_publicize_feature_enabled":true,"jetpack_social_post_already_shared":true,"jetpack_social_options":{"image_generator_settings":{"template":"highway","default_image_id":0,"font":"","enabled":false},"version":2}},"categories":[27,2,35],"tags":[],"class_list":["post-40727","post","type-post","status-publish","format-standard","has-post-thumbnail","hentry","category-blogu-i-udhetarit","category-politika","category-shoqerore"],"jetpack_publicize_connections":[],"jetpack_featured_media_url":"https:\/\/i0.wp.com\/www.shqiperia.com\/blog\/wp-content\/uploads\/2020\/11\/maxresdefault-1.jpg?fit=1280%2C720&ssl=1","jetpack_sharing_enabled":true,"jetpack_shortlink":"https:\/\/wp.me\/p5Z6wp-aAT","jetpack-related-posts":[{"id":19340,"url":"https:\/\/www.shqiperia.com\/blog\/banoret-e-bregut-te-lumit-ne-tirane-kane-kundershtuar-sot-prishjen-e-banesave-te-tyre\/","url_meta":{"origin":40727,"position":0},"title":"Banor\u00ebt e Bregut t\u00eb Lumit n\u00eb Tiran\u00eb kan\u00eb kund\u00ebrshtuar sot prishjen e banesave t\u00eb tyre.","author":"Kurt Farka","date":"April 8, 2019","format":false,"excerpt":"Banor\u00ebt e Bregut t\u00eb Lumit n\u00eb Tiran\u00eb kan\u00eb kund\u00ebrshtuar sot prishjen e banesave t\u00eb tyre. 8 prill \u00a02019 Ata jan\u00eb p\u00ebrplasur me forcat e rendit, duke i penguar q\u00eb t\u00eb vijoj\u00eb procesi i lirimit t\u00eb rrug\u00ebs. Zonjat kan\u00eb dal\u00eb n\u00eb rreshtin e par\u00eb duke u p\u00ebrplasur me skafandrat, nd\u00ebrkoh\u00eb q\u00eb\u2026","rel":"","context":"In &quot;Blogu i Udh\u00ebtarit&quot;","block_context":{"text":"Blogu i Udh\u00ebtarit","link":"https:\/\/www.shqiperia.com\/blog\/category\/blogu-i-udhetarit\/"},"img":{"alt_text":"","src":"https:\/\/i0.wp.com\/www.shqiperia.com\/blog\/wp-content\/uploads\/2019\/04\/Policia-Banoret-bregu-lumit11.jpg?fit=1095%2C493&ssl=1&resize=350%2C200","width":350,"height":200,"srcset":"https:\/\/i0.wp.com\/www.shqiperia.com\/blog\/wp-content\/uploads\/2019\/04\/Policia-Banoret-bregu-lumit11.jpg?fit=1095%2C493&ssl=1&resize=350%2C200 1x, https:\/\/i0.wp.com\/www.shqiperia.com\/blog\/wp-content\/uploads\/2019\/04\/Policia-Banoret-bregu-lumit11.jpg?fit=1095%2C493&ssl=1&resize=525%2C300 1.5x, https:\/\/i0.wp.com\/www.shqiperia.com\/blog\/wp-content\/uploads\/2019\/04\/Policia-Banoret-bregu-lumit11.jpg?fit=1095%2C493&ssl=1&resize=700%2C400 2x, https:\/\/i0.wp.com\/www.shqiperia.com\/blog\/wp-content\/uploads\/2019\/04\/Policia-Banoret-bregu-lumit11.jpg?fit=1095%2C493&ssl=1&resize=1050%2C600 3x"},"classes":[]},{"id":53639,"url":"https:\/\/www.shqiperia.com\/blog\/prishja-e-banesave-banoret-e-5-majit-perplasen-me-policine-bllokojne-trafikun-ne-unaze\/","url_meta":{"origin":40727,"position":1},"title":"Prishja e banesave: &#8211; Banor\u00ebt e \u201c5 majit\u201d p\u00ebrplasen me policin\u00eb, bllokojn\u00eb trafikun n\u00eb Unaz\u00eb","author":"Kurt Farka","date":"January 31, 2022","format":false,"excerpt":"Prishja e banesave: - Banor\u00ebt e \u201c5 majit\u201d p\u00ebrplasen me policin\u00eb, bllokojn\u00eb trafikun n\u00eb Unaz\u00eb 31 JANAR 2022 Prishjen e banesave nuk e kan\u00eb harruar kollaj banor\u00ebt e rrug\u00ebs \u201c5 Maji\u201d n\u00eb Tiran\u00eb. Ata kan\u00eb kan\u00eb dal\u00eb pasditen e sotme (31 janar) n\u00eb protest\u00eb dhe jan\u00eb p\u00ebrplasur me policin\u00eb. Banor\u00ebt\u2026","rel":"","context":"In &quot;Blogu i Udh\u00ebtarit&quot;","block_context":{"text":"Blogu i Udh\u00ebtarit","link":"https:\/\/www.shqiperia.com\/blog\/category\/blogu-i-udhetarit\/"},"img":{"alt_text":"","src":"https:\/\/i0.wp.com\/www.shqiperia.com\/blog\/wp-content\/uploads\/2022\/01\/acd27a92867a3cca728f1e62e39805d4.mp4.jpg?fit=654%2C360&ssl=1&resize=350%2C200","width":350,"height":200,"srcset":"https:\/\/i0.wp.com\/www.shqiperia.com\/blog\/wp-content\/uploads\/2022\/01\/acd27a92867a3cca728f1e62e39805d4.mp4.jpg?fit=654%2C360&ssl=1&resize=350%2C200 1x, https:\/\/i0.wp.com\/www.shqiperia.com\/blog\/wp-content\/uploads\/2022\/01\/acd27a92867a3cca728f1e62e39805d4.mp4.jpg?fit=654%2C360&ssl=1&resize=525%2C300 1.5x"},"classes":[]},{"id":53256,"url":"https:\/\/www.shqiperia.com\/blog\/shembja-e-banesave-tek-5-maji-banoret-perplasen-fizikisht-me-policine-nuk-preken-femrat-me-dore-a-doni-lufte\/","url_meta":{"origin":40727,"position":2},"title":"Shembja e banesave tek &#8220;5 Maji&#8221;. &#8211; \u00a0Banor\u00ebt p\u00ebrplasen fizikisht me policin\u00eb: Nuk preken femrat me dor\u00eb, a doni luft\u00eb?","author":"Kurt Farka","date":"January 19, 2022","format":false,"excerpt":"Shembja e banesave tek \"5 Maji\". - \u00a0Banor\u00ebt p\u00ebrplasen fizikisht me policin\u00eb: Nuk preken femrat me dor\u00eb, a doni luft\u00eb? 19 JANAR 2022 Tiran\u00eb- Forca t\u00eb shumta policie kan\u00eb rrethuar m\u00ebngjesin e sot\u00ebm zon\u00ebn e \u20185 Majit\u2019 n\u00eb Tiran\u00eb pasi disa qytetar\u00eb po protestojn\u00eb kund\u00ebr prishjes s\u00eb banesave t\u00eb tyre.\u2026","rel":"","context":"In &quot;Blogu i Udh\u00ebtarit&quot;","block_context":{"text":"Blogu i Udh\u00ebtarit","link":"https:\/\/www.shqiperia.com\/blog\/category\/blogu-i-udhetarit\/"},"img":{"alt_text":"","src":"https:\/\/i0.wp.com\/www.shqiperia.com\/blog\/wp-content\/uploads\/2022\/01\/640-0-61e7c9eb97eba.jpg?fit=640%2C361&ssl=1&resize=350%2C200","width":350,"height":200,"srcset":"https:\/\/i0.wp.com\/www.shqiperia.com\/blog\/wp-content\/uploads\/2022\/01\/640-0-61e7c9eb97eba.jpg?fit=640%2C361&ssl=1&resize=350%2C200 1x, https:\/\/i0.wp.com\/www.shqiperia.com\/blog\/wp-content\/uploads\/2022\/01\/640-0-61e7c9eb97eba.jpg?fit=640%2C361&ssl=1&resize=525%2C300 1.5x"},"classes":[]},{"id":62971,"url":"https:\/\/www.shqiperia.com\/blog\/unaza-e-madhe-ikmt-nis-prishjet-ne-shkoze-perplasje-mes-fnsh-se-dhe-banoreve-nuk-dalin-nga-banesat\/","url_meta":{"origin":40727,"position":3},"title":"\u2018Unaza e Madhe\u2019: &#8211; IKMT nis prishjet n\u00eb Shkoz\u00eb, p\u00ebrplasje mes FNSH-s\u00eb dhe banor\u00ebve, nuk dalin nga banesat!","author":"Kurt Farka","date":"October 6, 2022","format":false,"excerpt":"6 Tetor 2022 Banor\u00ebt e nj\u00eb lagjeje n\u00eb Unaz\u00ebn Lindore, n\u00eb zon\u00ebn e Shkoz\u00ebs jan\u00eb zgjuar dit\u00ebn e sotme nga fadromat dhe mjetet e IKMT dhe policis\u00eb pasi banesat e tyre preken nga projekti i \u201cUnaz\u00ebs s\u00eb Re\u201d. Nd\u00ebrkoh\u00eb, banor\u00ebt jan\u00eb p\u00ebrplasur fizikisht me forcat e policis\u00eb pasi kund\u00ebrshtojn\u00eb urdhrin\u2026","rel":"","context":"In &quot;Blogu i Udh\u00ebtarit&quot;","block_context":{"text":"Blogu i Udh\u00ebtarit","link":"https:\/\/www.shqiperia.com\/blog\/category\/blogu-i-udhetarit\/"},"img":{"alt_text":"","src":"https:\/\/i0.wp.com\/www.shqiperia.com\/blog\/wp-content\/uploads\/2022\/10\/IKMT-nis-prishjet-ne-Shkoze-perplasje-mes-FNSH-se-dhe-banoreve.png?fit=512%2C287&ssl=1&resize=350%2C200","width":350,"height":200},"classes":[]},{"id":93151,"url":"https:\/\/www.shqiperia.com\/blog\/shembja-e-banesave-me-hipoteke-ne-vlore-kundershtojne-banoret-duam-vleresim-me-cmimin-e-tregut\/","url_meta":{"origin":40727,"position":4},"title":"Shembja e banesave me hipoteke n\u00eb Vlor\u00eb, kund\u00ebrshtojn\u00eb banor\u00ebt: &#8211; Duam vler\u00ebsim me \u00e7mimin e tregut!","author":"Kurt Farka","date":"August 22, 2025","format":false,"excerpt":"22 Gusht 2025 Ka nisur sot shembja e disa banesave n\u00eb lagjen \u201c1 Maji\u201d n\u00eb Vlor\u00eb. Banor\u00ebt nuk kan\u00eb pranuar t\u00eb dalin nga sht\u00ebpit\u00eb e tyre, duke hyr\u00eb n\u00eb konflikt me forcat e Policis\u00eb dhe punonj\u00ebsit e IMT-s\u00eb e IKMT-s\u00eb. Situata \u00ebsht\u00eb paraqitur e tensionuar, nd\u00ebrsa banor\u00ebt pretendojn\u00eb se nuk\u2026","rel":"","context":"In &quot;Blogu i Udh\u00ebtarit&quot;","block_context":{"text":"Blogu i Udh\u00ebtarit","link":"https:\/\/www.shqiperia.com\/blog\/category\/blogu-i-udhetarit\/"},"img":{"alt_text":"","src":"https:\/\/i0.wp.com\/www.shqiperia.com\/blog\/wp-content\/uploads\/2025\/08\/prishje-vlore.jpg?fit=780%2C440&ssl=1&resize=350%2C200","width":350,"height":200,"srcset":"https:\/\/i0.wp.com\/www.shqiperia.com\/blog\/wp-content\/uploads\/2025\/08\/prishje-vlore.jpg?fit=780%2C440&ssl=1&resize=350%2C200 1x, https:\/\/i0.wp.com\/www.shqiperia.com\/blog\/wp-content\/uploads\/2025\/08\/prishje-vlore.jpg?fit=780%2C440&ssl=1&resize=525%2C300 1.5x, https:\/\/i0.wp.com\/www.shqiperia.com\/blog\/wp-content\/uploads\/2025\/08\/prishje-vlore.jpg?fit=780%2C440&ssl=1&resize=700%2C400 2x"},"classes":[]},{"id":23366,"url":"https:\/\/www.shqiperia.com\/blog\/foto-banoret-e-astirit-te-vendosur-deri-ne-flijim-ja-si-fshihen-policet-e-lleshit\/","url_meta":{"origin":40727,"position":5},"title":"FOTO\/ Banor\u00ebt e &#8216;Astirit&#8217; t\u00eb vendosur deri n\u00eb flijim, ja si fshihen polic\u00ebt e Lleshit","author":"Kurt Farka","date":"July 21, 2019","format":false,"excerpt":"FOTO\/ Banor\u00ebt e 'Astirit' t\u00eb vendosur deri n\u00eb flijim, ja si fshihen polic\u00ebt e Lleshit 21\/07\/2019 Ka qen\u00eb e tensionuar sot situata te Unaza e Re, atje ku banor\u00ebt protestojn\u00eb prej muajsh n\u00eb mbrojtje t\u00eb banesave t\u00eb tyre. Banor\u00ebt kan\u00eb ndezur zjarr e kan\u00eb grumbulluar gur\u00eb p\u00ebr shkak t\u00eb prezenc\u00ebs\u2026","rel":"","context":"In &quot;Blogu i Udh\u00ebtarit&quot;","block_context":{"text":"Blogu i Udh\u00ebtarit","link":"https:\/\/www.shqiperia.com\/blog\/category\/blogu-i-udhetarit\/"},"img":{"alt_text":"","src":"https:\/\/i0.wp.com\/www.shqiperia.com\/blog\/wp-content\/uploads\/2019\/07\/auto_11563743870-Copy.jpg?fit=900%2C496&ssl=1&resize=350%2C200","width":350,"height":200,"srcset":"https:\/\/i0.wp.com\/www.shqiperia.com\/blog\/wp-content\/uploads\/2019\/07\/auto_11563743870-Copy.jpg?fit=900%2C496&ssl=1&resize=350%2C200 1x, https:\/\/i0.wp.com\/www.shqiperia.com\/blog\/wp-content\/uploads\/2019\/07\/auto_11563743870-Copy.jpg?fit=900%2C496&ssl=1&resize=525%2C300 1.5x, https:\/\/i0.wp.com\/www.shqiperia.com\/blog\/wp-content\/uploads\/2019\/07\/auto_11563743870-Copy.jpg?fit=900%2C496&ssl=1&resize=700%2C400 2x"},"classes":[]}],"_links":{"self":[{"href":"https:\/\/www.shqiperia.com\/blog\/wp-json\/wp\/v2\/posts\/40727","targetHints":{"allow":["GET"]}}],"collection":[{"href":"https:\/\/www.shqiperia.com\/blog\/wp-json\/wp\/v2\/posts"}],"about":[{"href":"https:\/\/www.shqiperia.com\/blog\/wp-json\/wp\/v2\/types\/post"}],"author":[{"embeddable":true,"href":"https:\/\/www.shqiperia.com\/blog\/wp-json\/wp\/v2\/users\/9"}],"replies":[{"embeddable":true,"href":"https:\/\/www.shqiperia.com\/blog\/wp-json\/wp\/v2\/comments?post=40727"}],"version-history":[{"count":1,"href":"https:\/\/www.shqiperia.com\/blog\/wp-json\/wp\/v2\/posts\/40727\/revisions"}],"predecessor-version":[{"id":40730,"href":"https:\/\/www.shqiperia.com\/blog\/wp-json\/wp\/v2\/posts\/40727\/revisions\/40730"}],"wp:featuredmedia":[{"embeddable":true,"href":"https:\/\/www.shqiperia.com\/blog\/wp-json\/wp\/v2\/media\/40728"}],"wp:attachment":[{"href":"https:\/\/www.shqiperia.com\/blog\/wp-json\/wp\/v2\/media?parent=40727"}],"wp:term":[{"taxonomy":"category","embeddable":true,"href":"https:\/\/www.shqiperia.com\/blog\/wp-json\/wp\/v2\/categories?post=40727"},{"taxonomy":"post_tag","embeddable":true,"href":"https:\/\/www.shqiperia.com\/blog\/wp-json\/wp\/v2\/tags?post=40727"}],"curies":[{"name":"wp","href":"https:\/\/api.w.org\/{rel}","templated":true}]}}