{"id":40724,"date":"2020-11-10T09:21:22","date_gmt":"2020-11-10T09:21:22","guid":{"rendered":"https:\/\/www.shqiperia.com\/blog\/?p=40724"},"modified":"2020-11-10T09:21:22","modified_gmt":"2020-11-10T09:21:22","slug":"denoncimi-i-forte-ne-opinion-koco-devole-u-nxorr-nga-spitali-se-skishte-vende-per-te-tjeret","status":"publish","type":"post","link":"https:\/\/www.shqiperia.com\/blog\/denoncimi-i-forte-ne-opinion-koco-devole-u-nxorr-nga-spitali-se-skishte-vende-per-te-tjeret\/","title":{"rendered":"Denoncimi i fort\u00eb n\u00eb Opinion: Ko\u00e7o Devole u nxorr nga spitali se s\u2019kishte vende p\u00ebr t\u00eb tjer\u00ebt?"},"content":{"rendered":"<p><img data-recalc-dims=\"1\" loading=\"lazy\" decoding=\"async\" data-attachment-id=\"40725\" data-permalink=\"https:\/\/www.shqiperia.com\/blog\/denoncimi-i-forte-ne-opinion-koco-devole-u-nxorr-nga-spitali-se-skishte-vende-per-te-tjeret\/ballina-01-01-01-01-01-7-1536x864\/\" data-orig-file=\"https:\/\/i0.wp.com\/www.shqiperia.com\/blog\/wp-content\/uploads\/2020\/11\/ballina-01-01-01-01-01-7-1536x864-1.jpg?fit=1536%2C864&amp;ssl=1\" data-orig-size=\"1536,864\" data-comments-opened=\"1\" data-image-meta=\"{&quot;aperture&quot;:&quot;0&quot;,&quot;credit&quot;:&quot;&quot;,&quot;camera&quot;:&quot;&quot;,&quot;caption&quot;:&quot;&quot;,&quot;created_timestamp&quot;:&quot;0&quot;,&quot;copyright&quot;:&quot;&quot;,&quot;focal_length&quot;:&quot;0&quot;,&quot;iso&quot;:&quot;0&quot;,&quot;shutter_speed&quot;:&quot;0&quot;,&quot;title&quot;:&quot;&quot;,&quot;orientation&quot;:&quot;0&quot;}\" data-image-title=\"ballina-01-01-01-01-01-7-1536&#215;864\" data-image-description=\"\" data-image-caption=\"\" data-medium-file=\"https:\/\/i0.wp.com\/www.shqiperia.com\/blog\/wp-content\/uploads\/2020\/11\/ballina-01-01-01-01-01-7-1536x864-1.jpg?fit=300%2C169&amp;ssl=1\" data-large-file=\"https:\/\/i0.wp.com\/www.shqiperia.com\/blog\/wp-content\/uploads\/2020\/11\/ballina-01-01-01-01-01-7-1536x864-1.jpg?fit=1024%2C576&amp;ssl=1\" class=\"alignnone  wp-image-40725\" alt=\"\" src=\"https:\/\/i0.wp.com\/www.shqiperia.com\/blog\/wp-content\/uploads\/2020\/11\/ballina-01-01-01-01-01-7-1536x864-1.jpg?resize=524%2C295&#038;ssl=1\" width=\"524\" height=\"295\" srcset=\"https:\/\/i0.wp.com\/www.shqiperia.com\/blog\/wp-content\/uploads\/2020\/11\/ballina-01-01-01-01-01-7-1536x864-1.jpg?resize=300%2C169&amp;ssl=1 300w, https:\/\/i0.wp.com\/www.shqiperia.com\/blog\/wp-content\/uploads\/2020\/11\/ballina-01-01-01-01-01-7-1536x864-1.jpg?resize=1024%2C576&amp;ssl=1 1024w, https:\/\/i0.wp.com\/www.shqiperia.com\/blog\/wp-content\/uploads\/2020\/11\/ballina-01-01-01-01-01-7-1536x864-1.jpg?resize=768%2C432&amp;ssl=1 768w, https:\/\/i0.wp.com\/www.shqiperia.com\/blog\/wp-content\/uploads\/2020\/11\/ballina-01-01-01-01-01-7-1536x864-1.jpg?resize=450%2C253&amp;ssl=1 450w, https:\/\/i0.wp.com\/www.shqiperia.com\/blog\/wp-content\/uploads\/2020\/11\/ballina-01-01-01-01-01-7-1536x864-1.jpg?resize=600%2C338&amp;ssl=1 600w, https:\/\/i0.wp.com\/www.shqiperia.com\/blog\/wp-content\/uploads\/2020\/11\/ballina-01-01-01-01-01-7-1536x864-1.jpg?resize=1500%2C844&amp;ssl=1 1500w, https:\/\/i0.wp.com\/www.shqiperia.com\/blog\/wp-content\/uploads\/2020\/11\/ballina-01-01-01-01-01-7-1536x864-1.jpg?resize=1300%2C731&amp;ssl=1 1300w, https:\/\/i0.wp.com\/www.shqiperia.com\/blog\/wp-content\/uploads\/2020\/11\/ballina-01-01-01-01-01-7-1536x864-1.jpg?resize=400%2C225&amp;ssl=1 400w, https:\/\/i0.wp.com\/www.shqiperia.com\/blog\/wp-content\/uploads\/2020\/11\/ballina-01-01-01-01-01-7-1536x864-1.jpg?w=1536&amp;ssl=1 1536w\" sizes=\"auto, (max-width: 524px) 100vw, 524px\" \/><\/p>\n<p><strong>Denoncimi i fort\u00eb n\u00eb Opinion: Ko\u00e7o Devole u nxorr nga spitali se s\u2019kishte vende p\u00ebr t\u00eb tjer\u00ebt?<\/strong><\/p>\n<p>&#8211; 09\/11\/20<\/p>\n<p>Gazetari Blendi Fevziu ka th\u00ebn\u00eb sot n\u00eb emisionin e tij se aktori i ndjer\u00eb Ko\u00e7o Devole u nxorr nga spitali pasi nuk kishte vende p\u00ebr t\u00eb s\u00ebmur\u00ebt e tjer\u00eb q\u00eb ishin m\u00eb r\u00ebnd\u00eb se ai.<\/p>\n<p>N\u00eb fakt m\u00eb shum\u00eb se nj\u00eb konstatim kjo ishte nj\u00eb pyetje p\u00ebr ministren e Sh\u00ebndet\u00ebsis\u00eb Ogerta Manastirliu.<\/p>\n<p>Kjo e fundit e prekur tha se askujt nuk i \u00ebsht\u00eb mohuar kurimi dhe sh\u00ebrbimi n\u00eb spitale. N\u00eb fund, Manastirliu tha se nuk beson se nj\u00eb gj\u00eb e till\u00eb \u00ebsht\u00eb e v\u00ebrtet\u00eb, teksa Fevziu deklaroi se i referohet disa mediave.<\/p>\n<p><strong>Fevziu:<\/strong>\u00a0Ko\u00e7o Devole \u00ebsht\u00eb nxjerr\u00eb nga spitali dhe \u00ebsht\u00eb rikthyer prap\u00eb, s\u2019ka pasur vende dhe \u00ebsht\u00eb nxjerr\u00eb p\u00ebr t\u2019i liruar vendin dikujt tjet\u00ebr q\u00eb ishte m\u00eb r\u00ebnd\u00eb?!<\/p>\n<p><strong>Manastirliu:<\/strong>\u00a0Ju lutem se jam shum\u00eb e prekur nga kjo histori, nga humbja e nj\u00eb prej aktor\u00ebve dhe figurave m\u00eb t\u00eb shquara t\u00eb ekranit\u2026<\/p>\n<p><strong>Fevziu:<\/strong>\u00a0Po iu referohem mediave\u2026<\/p>\n<p><strong>Manastirliu:<\/strong>\u00a0Nuk besoj se mund t\u00eb ket\u00eb ndodhur kjo, q\u00eb \u00ebsht\u00eb nxjerr\u00eb dhe \u00ebsht\u00eb kthyer prap\u00eb. Askujt nuk i \u00ebsht\u00eb mohuar sh\u00ebrbimi dhe nuk i \u00ebsht\u00eb vonuar sh\u00ebrbimi.<\/p>\n<p>Gazeta Mapo<\/p>\n","protected":false},"excerpt":{"rendered":"<p>Denoncimi i fort\u00eb n\u00eb Opinion: Ko\u00e7o Devole u nxorr nga spitali se s\u2019kishte vende p\u00ebr t\u00eb tjer\u00ebt? &#8211; 09\/11\/20 Gazetari Blendi Fevziu ka th\u00ebn\u00eb sot n\u00eb emisionin e tij se aktori i ndjer\u00eb Ko\u00e7o Devole u nxorr nga spitali pasi nuk kishte vende p\u00ebr t\u00eb s\u00ebmur\u00ebt e tjer\u00eb q\u00eb ishin m\u00eb r\u00ebnd\u00eb se ai. N\u00eb [&hellip;]<\/p>\n","protected":false},"author":9,"featured_media":40725,"comment_status":"open","ping_status":"open","sticky":false,"template":"","format":"standard","meta":{"jetpack_post_was_ever_published":false,"_jetpack_newsletter_access":"","_jetpack_dont_email_post_to_subs":false,"_jetpack_newsletter_tier_id":0,"_jetpack_memberships_contains_paywalled_content":false,"_jetpack_memberships_contains_paid_content":false,"footnotes":"","jetpack_publicize_message":"","jetpack_publicize_feature_enabled":true,"jetpack_social_post_already_shared":true,"jetpack_social_options":{"image_generator_settings":{"template":"highway","default_image_id":0,"font":"","enabled":false},"version":2}},"categories":[27,35],"tags":[],"class_list":["post-40724","post","type-post","status-publish","format-standard","has-post-thumbnail","hentry","category-blogu-i-udhetarit","category-shoqerore"],"jetpack_publicize_connections":[],"jetpack_featured_media_url":"https:\/\/i0.wp.com\/www.shqiperia.com\/blog\/wp-content\/uploads\/2020\/11\/ballina-01-01-01-01-01-7-1536x864-1.jpg?fit=1536%2C864&ssl=1","jetpack_sharing_enabled":true,"jetpack_shortlink":"https:\/\/wp.me\/p5Z6wp-aAQ","jetpack-related-posts":[{"id":43183,"url":"https:\/\/www.shqiperia.com\/blog\/blendi-fevziu-kap-mat-ogerta-manastirliun\/","url_meta":{"origin":40724,"position":0},"title":"Blendi Fevziu \u2018kap mat\u2019 Ogerta Manastirliun","author":"Kurt Farka","date":"January 22, 2021","format":false,"excerpt":"Blendi Fevziu \u2018kap mat\u2019 Ogerta Manastirliun 21 janar 2021 Ministrja e Sh\u00ebndet\u00ebsis\u00eb Ogerta Manastirliu \u00ebsht\u00eb shprehur se nuk ka asnj\u00eb lloj informacioni p\u00ebr diplomatin rus, Alexey Krivosheev q\u00eb sot u shpall \u2018non grata\u2019 nga Ministria p\u00ebr Europ\u00ebn dhe Pun\u00ebt e Jashtme. E ftuar n\u00eb \u201cOpinion\u201d, e pyetur p\u00ebr shkeljet q\u00eb\u2026","rel":"","context":"In &quot;Blogu i Udh\u00ebtarit&quot;","block_context":{"text":"Blogu i Udh\u00ebtarit","link":"https:\/\/www.shqiperia.com\/blog\/category\/blogu-i-udhetarit\/"},"img":{"alt_text":"","src":"https:\/\/i0.wp.com\/www.shqiperia.com\/blog\/wp-content\/uploads\/2021\/01\/800-0-6009ffe5e40dc-1.jpg?fit=800%2C450&ssl=1&resize=350%2C200","width":350,"height":200,"srcset":"https:\/\/i0.wp.com\/www.shqiperia.com\/blog\/wp-content\/uploads\/2021\/01\/800-0-6009ffe5e40dc-1.jpg?fit=800%2C450&ssl=1&resize=350%2C200 1x, https:\/\/i0.wp.com\/www.shqiperia.com\/blog\/wp-content\/uploads\/2021\/01\/800-0-6009ffe5e40dc-1.jpg?fit=800%2C450&ssl=1&resize=525%2C300 1.5x, https:\/\/i0.wp.com\/www.shqiperia.com\/blog\/wp-content\/uploads\/2021\/01\/800-0-6009ffe5e40dc-1.jpg?fit=800%2C450&ssl=1&resize=700%2C400 2x"},"classes":[]},{"id":40714,"url":"https:\/\/www.shqiperia.com\/blog\/nese-keto-masa-sdo-japin-rezultat-rrezikojme-mbylljen-pergjigjet-manastirliu\/","url_meta":{"origin":40724,"position":1},"title":"\u201cN\u00ebse k\u00ebto masa s\u2019do japin rezultat, rrezikojm\u00eb mbylljen?\u201d, p\u00ebrgjigjet Manastirliu","author":"Kurt Farka","date":"November 10, 2020","format":false,"excerpt":"\u201cN\u00ebse k\u00ebto masa s\u2019do japin rezultat, rrezikojm\u00eb mbylljen?\u201d, p\u00ebrgjigjet Manastirliu 9 N\u00cbNTOR 2020 Ministrja e Sh\u00ebndet\u00ebsis\u00eb Ogerta Manastirliu deklaroi se n\u00ebse shifrat do t\u00eb rriten at\u00ebher\u00eb dhe masat do t\u00eb shtohen, por pa iu p\u00ebrgjigjur drejtp\u00ebrdrejt pyetjes \u201ca do t\u00eb mbyllemi n\u00ebse nuk funksionojn\u00eb k\u00ebto masa\u201d. Pjes\u00eb nga intervista Fevziu:\u00a0N\u00ebse\u2026","rel":"","context":"In &quot;Blogu i Udh\u00ebtarit&quot;","block_context":{"text":"Blogu i Udh\u00ebtarit","link":"https:\/\/www.shqiperia.com\/blog\/category\/blogu-i-udhetarit\/"},"img":{"alt_text":"","src":"https:\/\/i0.wp.com\/www.shqiperia.com\/blog\/wp-content\/uploads\/2020\/11\/blinda-tirane.jpg?fit=764%2C416&ssl=1&resize=350%2C200","width":350,"height":200,"srcset":"https:\/\/i0.wp.com\/www.shqiperia.com\/blog\/wp-content\/uploads\/2020\/11\/blinda-tirane.jpg?fit=764%2C416&ssl=1&resize=350%2C200 1x, https:\/\/i0.wp.com\/www.shqiperia.com\/blog\/wp-content\/uploads\/2020\/11\/blinda-tirane.jpg?fit=764%2C416&ssl=1&resize=525%2C300 1.5x, https:\/\/i0.wp.com\/www.shqiperia.com\/blog\/wp-content\/uploads\/2020\/11\/blinda-tirane.jpg?fit=764%2C416&ssl=1&resize=700%2C400 2x"},"classes":[]},{"id":37099,"url":"https:\/\/www.shqiperia.com\/blog\/pacientet-nuk-ushqehen-dhe-as-higjenizohen-gazetari-plas-bomben-live-nga-spitali-shefqet-ndroqi-ministria-po-genjen\/","url_meta":{"origin":40724,"position":2},"title":"\u2018Pacient\u00ebt nuk ushqehen dhe as higjenizohen\u2019 gazetari plas \u2018bomb\u00ebn\u2019 live nga spitali \u2018Shefqet Ndroqi\u2019: Ministria po g\u00ebnjen!","author":"Kurt Farka","date":"August 11, 2020","format":false,"excerpt":"\u2018Pacient\u00ebt nuk ushqehen dhe as higjenizohen\u2019 gazetari plas \u2018bomb\u00ebn\u2019 live nga spitali \u2018Shefqet Ndroqi\u2019: Ministria po g\u00ebnjen! 11 gusht 2020. Gazetari , ka b\u00ebr\u00eb nj\u00eb deklarat\u00eb t\u00eb fort\u00eb, teksa po raportonte \u00a0\u201clive\u201d p\u00ebrpara spitalit \u201cShefqet Ndroqi\u201d. Ai ka deklaruar se shifrat e raportuara nga ministria e Sh\u00ebndet\u00ebsis\u00eb, lidhur me pacient\u00ebt\u2026","rel":"","context":"In &quot;Blogu i Udh\u00ebtarit&quot;","block_context":{"text":"Blogu i Udh\u00ebtarit","link":"https:\/\/www.shqiperia.com\/blog\/category\/blogu-i-udhetarit\/"},"img":{"alt_text":"","src":"https:\/\/i0.wp.com\/www.shqiperia.com\/blog\/wp-content\/uploads\/2020\/08\/Erjon-Sk%C3%ABndaj.jpg?fit=640%2C479&ssl=1&resize=350%2C200","width":350,"height":200,"srcset":"https:\/\/i0.wp.com\/www.shqiperia.com\/blog\/wp-content\/uploads\/2020\/08\/Erjon-Sk%C3%ABndaj.jpg?fit=640%2C479&ssl=1&resize=350%2C200 1x, https:\/\/i0.wp.com\/www.shqiperia.com\/blog\/wp-content\/uploads\/2020\/08\/Erjon-Sk%C3%ABndaj.jpg?fit=640%2C479&ssl=1&resize=525%2C300 1.5x"},"classes":[]},{"id":44820,"url":"https:\/\/www.shqiperia.com\/blog\/monika-kryemadhi-paralajmeron-skandalin-e-kryeministrit-rama-brenda-dy-ditesh-do-denoncoj-me-fakte\/","url_meta":{"origin":40724,"position":3},"title":"Monika Kryemadhi, paralajm\u00ebron skandalin e Kryeministrit Rama: &#8211; Brenda dy dit\u00ebsh do denoncoj me fakte!","author":"Kurt Farka","date":"March 1, 2021","format":false,"excerpt":"Monika Kryemadhi, paralajm\u00ebron skandalin e Kryeministrit Rama: - Brenda dy dit\u00ebsh do denoncoj me fakte! 1 MARS 2021 Kryetarja e LSI-s\u00eb Monika Kryemadhi paralajm\u00ebron nj\u00eb denoncim shum\u00eb t\u00eb fort\u00eb p\u00ebr kryeministrin Rama dit\u00ebt n\u00eb vijim. Ajo i k\u00ebrkoi moderatorit Blendi Fevziu live q\u00eb ta ftoj\u00eb n\u00eb studio pas publikimit t\u00eb\u2026","rel":"","context":"In &quot;Blogu i Udh\u00ebtarit&quot;","block_context":{"text":"Blogu i Udh\u00ebtarit","link":"https:\/\/www.shqiperia.com\/blog\/category\/blogu-i-udhetarit\/"},"img":{"alt_text":"","src":"https:\/\/i0.wp.com\/www.shqiperia.com\/blog\/wp-content\/uploads\/2021\/03\/Monika-Kryemadhi.jpg?fit=800%2C515&ssl=1&resize=350%2C200","width":350,"height":200,"srcset":"https:\/\/i0.wp.com\/www.shqiperia.com\/blog\/wp-content\/uploads\/2021\/03\/Monika-Kryemadhi.jpg?fit=800%2C515&ssl=1&resize=350%2C200 1x, https:\/\/i0.wp.com\/www.shqiperia.com\/blog\/wp-content\/uploads\/2021\/03\/Monika-Kryemadhi.jpg?fit=800%2C515&ssl=1&resize=525%2C300 1.5x, https:\/\/i0.wp.com\/www.shqiperia.com\/blog\/wp-content\/uploads\/2021\/03\/Monika-Kryemadhi.jpg?fit=800%2C515&ssl=1&resize=700%2C400 2x"},"classes":[]},{"id":28735,"url":"https:\/\/www.shqiperia.com\/blog\/u-nxorr-nga-rrenojat-pas-24-oreve-flet-i-mbijetuari-zjarrfikesi-hero-kur-pashe-projektoret-sikur-me-erdhi-serish-jeta\/","url_meta":{"origin":40724,"position":4},"title":"U nxorr nga rr\u00ebnojat pas 24 or\u00ebve, flet i mbijetuari: Zjarrfik\u00ebsi hero, kur pash\u00eb projektor\u00ebt sikur m\u00eb erdhi s\u00ebrish jeta","author":"Kurt Farka","date":"November 27, 2019","format":false,"excerpt":"U nxorr nga rr\u00ebnojat pas 24 or\u00ebve, flet i mbijetuari: Zjarrfik\u00ebsi hero, kur pash\u00eb projektor\u00ebt sikur m\u00eb erdhi s\u00ebrish jeta 27\/11\/2019 - 16:24 Pas 24 or\u00eb k\u00ebrkimesh intensive nga forca t\u00eb operacionit t\u00eb k\u00ebrkim-shp\u00ebtimit, Fatmir Gjana, \u00ebsht\u00eb nxjerr\u00eb m\u00ebngjesin e sot\u00ebm sh\u00ebndosh e mir\u00eb nga rr\u00ebnojat e pallatit 5 kat\u00ebsh\u2026","rel":"","context":"In &quot;Blogu i Udh\u00ebtarit&quot;","block_context":{"text":"Blogu i Udh\u00ebtarit","link":"https:\/\/www.shqiperia.com\/blog\/category\/blogu-i-udhetarit\/"},"img":{"alt_text":"","src":"https:\/\/i0.wp.com\/www.shqiperia.com\/blog\/wp-content\/uploads\/2019\/11\/27-nentor-2019-i-mbijetuari-durres_frame_4728-300x191.jpg?resize=350%2C200&ssl=1","width":350,"height":200,"srcset":"https:\/\/i0.wp.com\/www.shqiperia.com\/blog\/wp-content\/uploads\/2019\/11\/27-nentor-2019-i-mbijetuari-durres_frame_4728-300x191.jpg?resize=350%2C200&ssl=1 1x, https:\/\/i0.wp.com\/www.shqiperia.com\/blog\/wp-content\/uploads\/2019\/11\/27-nentor-2019-i-mbijetuari-durres_frame_4728-300x191.jpg?resize=525%2C300&ssl=1 1.5x"},"classes":[]},{"id":89847,"url":"https:\/\/www.shqiperia.com\/blog\/spak-zbarkon-te-manastirliu-zgjeron-hetimet-per-aferen-130-milione-euro-te-koncesionit-te\/","url_meta":{"origin":40724,"position":5},"title":"SPAK zbarkon te Manastirliu, zgjeron hetimet p\u00ebr afer\u00ebn 130 milion\u00eb euro t\u00eb koncesionit t\u00eb\u2026","author":"Kurt Farka","date":"February 24, 2025","format":false,"excerpt":"24 Shkurt 2025 Operacioni i Prokuroris\u00eb s\u00eb Posa\u00e7me (SPAK) duket se ka hyr\u00eb n\u00eb nj\u00eb faz\u00eb vendimtare, duke shtrir\u00eb hetimet mbi koncesionin fam\u00ebkeq t\u00eb laborator\u00ebve, ku shteti ka derdhur 130 milion\u00eb euro n\u00eb duart e privat\u00ebve. N\u00ebn lup\u00ebn e hetimeve \u00ebsht\u00eb tashm\u00eb ish-ministrja e Sh\u00ebndet\u00ebsis\u00eb, Ogerta Manastirliu, e cila firmosi\u2026","rel":"","context":"In &quot;Blogu i Udh\u00ebtarit&quot;","block_context":{"text":"Blogu i Udh\u00ebtarit","link":"https:\/\/www.shqiperia.com\/blog\/category\/blogu-i-udhetarit\/"},"img":{"alt_text":"","src":"https:\/\/i0.wp.com\/www.shqiperia.com\/blog\/wp-content\/uploads\/2025\/02\/023563.jpg?fit=637%2C397&ssl=1&resize=350%2C200","width":350,"height":200,"srcset":"https:\/\/i0.wp.com\/www.shqiperia.com\/blog\/wp-content\/uploads\/2025\/02\/023563.jpg?fit=637%2C397&ssl=1&resize=350%2C200 1x, https:\/\/i0.wp.com\/www.shqiperia.com\/blog\/wp-content\/uploads\/2025\/02\/023563.jpg?fit=637%2C397&ssl=1&resize=525%2C300 1.5x"},"classes":[]}],"_links":{"self":[{"href":"https:\/\/www.shqiperia.com\/blog\/wp-json\/wp\/v2\/posts\/40724","targetHints":{"allow":["GET"]}}],"collection":[{"href":"https:\/\/www.shqiperia.com\/blog\/wp-json\/wp\/v2\/posts"}],"about":[{"href":"https:\/\/www.shqiperia.com\/blog\/wp-json\/wp\/v2\/types\/post"}],"author":[{"embeddable":true,"href":"https:\/\/www.shqiperia.com\/blog\/wp-json\/wp\/v2\/users\/9"}],"replies":[{"embeddable":true,"href":"https:\/\/www.shqiperia.com\/blog\/wp-json\/wp\/v2\/comments?post=40724"}],"version-history":[{"count":1,"href":"https:\/\/www.shqiperia.com\/blog\/wp-json\/wp\/v2\/posts\/40724\/revisions"}],"predecessor-version":[{"id":40726,"href":"https:\/\/www.shqiperia.com\/blog\/wp-json\/wp\/v2\/posts\/40724\/revisions\/40726"}],"wp:featuredmedia":[{"embeddable":true,"href":"https:\/\/www.shqiperia.com\/blog\/wp-json\/wp\/v2\/media\/40725"}],"wp:attachment":[{"href":"https:\/\/www.shqiperia.com\/blog\/wp-json\/wp\/v2\/media?parent=40724"}],"wp:term":[{"taxonomy":"category","embeddable":true,"href":"https:\/\/www.shqiperia.com\/blog\/wp-json\/wp\/v2\/categories?post=40724"},{"taxonomy":"post_tag","embeddable":true,"href":"https:\/\/www.shqiperia.com\/blog\/wp-json\/wp\/v2\/tags?post=40724"}],"curies":[{"name":"wp","href":"https:\/\/api.w.org\/{rel}","templated":true}]}}