{"id":40720,"date":"2020-11-10T09:09:54","date_gmt":"2020-11-10T09:09:54","guid":{"rendered":"https:\/\/www.shqiperia.com\/blog\/?p=40720"},"modified":"2020-11-10T09:09:54","modified_gmt":"2020-11-10T09:09:54","slug":"stuhia-ben-kerdine-ne-florida-shirat-e-rrembyeshem-shkaterrojne-qytetin","status":"publish","type":"post","link":"https:\/\/www.shqiperia.com\/blog\/stuhia-ben-kerdine-ne-florida-shirat-e-rrembyeshem-shkaterrojne-qytetin\/","title":{"rendered":"Stuhia b\u00ebn k\u00ebrdin\u00eb n\u00eb Florida, shirat e rr\u00ebmbyesh\u00ebm shkat\u00ebrrojn\u00eb qytetin"},"content":{"rendered":"<p><img data-recalc-dims=\"1\" loading=\"lazy\" decoding=\"async\" data-attachment-id=\"40721\" data-permalink=\"https:\/\/www.shqiperia.com\/blog\/stuhia-ben-kerdine-ne-florida-shirat-e-rrembyeshem-shkaterrojne-qytetin\/640-0-5faa47e1217a9\/\" data-orig-file=\"https:\/\/i0.wp.com\/www.shqiperia.com\/blog\/wp-content\/uploads\/2020\/11\/640-0-5faa47e1217a9.jpg?fit=640%2C360&amp;ssl=1\" data-orig-size=\"640,360\" data-comments-opened=\"1\" data-image-meta=\"{&quot;aperture&quot;:&quot;0&quot;,&quot;credit&quot;:&quot;&quot;,&quot;camera&quot;:&quot;&quot;,&quot;caption&quot;:&quot;&quot;,&quot;created_timestamp&quot;:&quot;0&quot;,&quot;copyright&quot;:&quot;&quot;,&quot;focal_length&quot;:&quot;0&quot;,&quot;iso&quot;:&quot;0&quot;,&quot;shutter_speed&quot;:&quot;0&quot;,&quot;title&quot;:&quot;&quot;,&quot;orientation&quot;:&quot;0&quot;}\" data-image-title=\"-640-0-5faa47e1217a9\" data-image-description=\"\" data-image-caption=\"\" data-medium-file=\"https:\/\/i0.wp.com\/www.shqiperia.com\/blog\/wp-content\/uploads\/2020\/11\/640-0-5faa47e1217a9.jpg?fit=300%2C169&amp;ssl=1\" data-large-file=\"https:\/\/i0.wp.com\/www.shqiperia.com\/blog\/wp-content\/uploads\/2020\/11\/640-0-5faa47e1217a9.jpg?fit=640%2C360&amp;ssl=1\" class=\"alignnone  wp-image-40721\" alt=\"\" src=\"https:\/\/i0.wp.com\/www.shqiperia.com\/blog\/wp-content\/uploads\/2020\/11\/640-0-5faa47e1217a9.jpg?resize=454%2C256&#038;ssl=1\" width=\"454\" height=\"256\" srcset=\"https:\/\/i0.wp.com\/www.shqiperia.com\/blog\/wp-content\/uploads\/2020\/11\/640-0-5faa47e1217a9.jpg?resize=300%2C169&amp;ssl=1 300w, https:\/\/i0.wp.com\/www.shqiperia.com\/blog\/wp-content\/uploads\/2020\/11\/640-0-5faa47e1217a9.jpg?resize=450%2C253&amp;ssl=1 450w, https:\/\/i0.wp.com\/www.shqiperia.com\/blog\/wp-content\/uploads\/2020\/11\/640-0-5faa47e1217a9.jpg?resize=600%2C338&amp;ssl=1 600w, https:\/\/i0.wp.com\/www.shqiperia.com\/blog\/wp-content\/uploads\/2020\/11\/640-0-5faa47e1217a9.jpg?resize=400%2C225&amp;ssl=1 400w, https:\/\/i0.wp.com\/www.shqiperia.com\/blog\/wp-content\/uploads\/2020\/11\/640-0-5faa47e1217a9.jpg?w=640&amp;ssl=1 640w\" sizes=\"auto, (max-width: 454px) 100vw, 454px\" \/><\/p>\n<p><strong>Stuhia b\u00ebn k\u00ebrdin\u00eb n\u00eb Florida, shirat e rr\u00ebmbyesh\u00ebm shkat\u00ebrrojn\u00eb qytetin<\/strong><\/p>\n<p><strong>10 N\u00cbNTOR 2020<\/strong><\/p>\n<p>Nj\u00eb stuhi e fuqishme me er\u00eb dhe shi ka goditur Florid\u00ebn n\u00eb SHBA, duke shkaktuar d\u00ebme t\u00eb m\u00ebdha.<\/p>\n<p>Stuhia, e shoq\u00ebruar me shira t\u00eb dendura ka shkaktuar p\u00ebrmbytje t\u00eb m\u00ebdha n\u00eb jug t\u00eb shtetit amerikan, nd\u00ebrsa disa qindra sht\u00ebpi jan\u00eb pa energji elektrike n\u00eb disa zona.<\/p>\n<p><img data-recalc-dims=\"1\" loading=\"lazy\" decoding=\"async\" data-attachment-id=\"40722\" data-permalink=\"https:\/\/www.shqiperia.com\/blog\/stuhia-ben-kerdine-ne-florida-shirat-e-rrembyeshem-shkaterrojne-qytetin\/640-0-5faa47e0e3413\/\" data-orig-file=\"https:\/\/i0.wp.com\/www.shqiperia.com\/blog\/wp-content\/uploads\/2020\/11\/640-0-5faa47e0e3413.jpg?fit=640%2C360&amp;ssl=1\" data-orig-size=\"640,360\" data-comments-opened=\"1\" data-image-meta=\"{&quot;aperture&quot;:&quot;0&quot;,&quot;credit&quot;:&quot;&quot;,&quot;camera&quot;:&quot;&quot;,&quot;caption&quot;:&quot;&quot;,&quot;created_timestamp&quot;:&quot;0&quot;,&quot;copyright&quot;:&quot;&quot;,&quot;focal_length&quot;:&quot;0&quot;,&quot;iso&quot;:&quot;0&quot;,&quot;shutter_speed&quot;:&quot;0&quot;,&quot;title&quot;:&quot;&quot;,&quot;orientation&quot;:&quot;0&quot;}\" data-image-title=\"-640-0-5faa47e0e3413\" data-image-description=\"\" data-image-caption=\"\" data-medium-file=\"https:\/\/i0.wp.com\/www.shqiperia.com\/blog\/wp-content\/uploads\/2020\/11\/640-0-5faa47e0e3413.jpg?fit=300%2C169&amp;ssl=1\" data-large-file=\"https:\/\/i0.wp.com\/www.shqiperia.com\/blog\/wp-content\/uploads\/2020\/11\/640-0-5faa47e0e3413.jpg?fit=640%2C360&amp;ssl=1\" class=\"alignnone  wp-image-40722\" alt=\"\" src=\"https:\/\/i0.wp.com\/www.shqiperia.com\/blog\/wp-content\/uploads\/2020\/11\/640-0-5faa47e0e3413.jpg?resize=481%2C271&#038;ssl=1\" width=\"481\" height=\"271\" srcset=\"https:\/\/i0.wp.com\/www.shqiperia.com\/blog\/wp-content\/uploads\/2020\/11\/640-0-5faa47e0e3413.jpg?resize=300%2C169&amp;ssl=1 300w, https:\/\/i0.wp.com\/www.shqiperia.com\/blog\/wp-content\/uploads\/2020\/11\/640-0-5faa47e0e3413.jpg?resize=450%2C253&amp;ssl=1 450w, https:\/\/i0.wp.com\/www.shqiperia.com\/blog\/wp-content\/uploads\/2020\/11\/640-0-5faa47e0e3413.jpg?resize=600%2C338&amp;ssl=1 600w, https:\/\/i0.wp.com\/www.shqiperia.com\/blog\/wp-content\/uploads\/2020\/11\/640-0-5faa47e0e3413.jpg?resize=400%2C225&amp;ssl=1 400w, https:\/\/i0.wp.com\/www.shqiperia.com\/blog\/wp-content\/uploads\/2020\/11\/640-0-5faa47e0e3413.jpg?w=640&amp;ssl=1 640w\" sizes=\"auto, (max-width: 481px) 100vw, 481px\" \/><\/p>\n<p>Mediat amerikane raportojn\u00eb se stuhia po l\u00ebviz n\u00eb drejtim t\u00eb jug-lindjes dhe pritet t\u00eb forcohet mbi bregun e Meksik\u00ebs.<\/p>\n<p>Gazeta Shqip<\/p>\n","protected":false},"excerpt":{"rendered":"<p>Stuhia b\u00ebn k\u00ebrdin\u00eb n\u00eb Florida, shirat e rr\u00ebmbyesh\u00ebm shkat\u00ebrrojn\u00eb qytetin 10 N\u00cbNTOR 2020 Nj\u00eb stuhi e fuqishme me er\u00eb dhe shi ka goditur Florid\u00ebn n\u00eb SHBA, duke shkaktuar d\u00ebme t\u00eb m\u00ebdha. Stuhia, e shoq\u00ebruar me shira t\u00eb dendura ka shkaktuar p\u00ebrmbytje t\u00eb m\u00ebdha n\u00eb jug t\u00eb shtetit amerikan, nd\u00ebrsa disa qindra sht\u00ebpi jan\u00eb pa energji [&hellip;]<\/p>\n","protected":false},"author":9,"featured_media":40721,"comment_status":"open","ping_status":"open","sticky":false,"template":"","format":"standard","meta":{"jetpack_post_was_ever_published":false,"_jetpack_newsletter_access":"","_jetpack_dont_email_post_to_subs":false,"_jetpack_newsletter_tier_id":0,"_jetpack_memberships_contains_paywalled_content":false,"_jetpack_memberships_contains_paid_content":false,"footnotes":"","jetpack_publicize_message":"","jetpack_publicize_feature_enabled":true,"jetpack_social_post_already_shared":true,"jetpack_social_options":{"image_generator_settings":{"template":"highway","default_image_id":0,"font":"","enabled":false},"version":2}},"categories":[27,35],"tags":[],"class_list":["post-40720","post","type-post","status-publish","format-standard","has-post-thumbnail","hentry","category-blogu-i-udhetarit","category-shoqerore"],"jetpack_publicize_connections":[],"jetpack_featured_media_url":"https:\/\/i0.wp.com\/www.shqiperia.com\/blog\/wp-content\/uploads\/2020\/11\/640-0-5faa47e1217a9.jpg?fit=640%2C360&ssl=1","jetpack_sharing_enabled":true,"jetpack_shortlink":"https:\/\/wp.me\/p5Z6wp-aAM","jetpack-related-posts":[{"id":82923,"url":"https:\/\/www.shqiperia.com\/blog\/gjysma-e-shqiperise-pervelohet-nga-dielli-stuhia-ben-kerdine-ne-cerrik\/","url_meta":{"origin":40720,"position":0},"title":"Gjysma e Shqip\u00ebris\u00eb \u201cp\u00ebrv\u00eblohet\u201d nga dielli, stuhia b\u00ebn \u2018k\u00ebrdin\u00eb\u2019 n\u00eb C\u00ebrrik","author":"Kurt Farka","date":"July 19, 2024","format":false,"excerpt":"19 Korrik 2024 Fortuna me shi dhe er\u00eb t\u00eb fort\u00eb q\u00eb p\u00ebrfshiu pasditen e s\u00eb premtes zon\u00ebn e C\u00ebrrikut ka shkat\u00ebrruar ter\u00ebsisht serat n\u00eb zon\u00ebn e Selit\u00ebs. Serat jan\u00eb shkat\u00ebrruar e s\u00eb bashku me to, edhe t\u00eb mbjellat. Stuhia nuk zgjati m\u00eb shum\u00eb se 20 minuta, por mjaftoi t\u00eb shkat\u00ebrronte\u2026","rel":"","context":"In &quot;Blogu i Udh\u00ebtarit&quot;","block_context":{"text":"Blogu i Udh\u00ebtarit","link":"https:\/\/www.shqiperia.com\/blog\/category\/blogu-i-udhetarit\/"},"img":{"alt_text":"","src":"https:\/\/i0.wp.com\/www.shqiperia.com\/blog\/wp-content\/uploads\/2024\/07\/333_sd.jpg?fit=1200%2C694&ssl=1&resize=350%2C200","width":350,"height":200,"srcset":"https:\/\/i0.wp.com\/www.shqiperia.com\/blog\/wp-content\/uploads\/2024\/07\/333_sd.jpg?fit=1200%2C694&ssl=1&resize=350%2C200 1x, https:\/\/i0.wp.com\/www.shqiperia.com\/blog\/wp-content\/uploads\/2024\/07\/333_sd.jpg?fit=1200%2C694&ssl=1&resize=525%2C300 1.5x, https:\/\/i0.wp.com\/www.shqiperia.com\/blog\/wp-content\/uploads\/2024\/07\/333_sd.jpg?fit=1200%2C694&ssl=1&resize=700%2C400 2x, https:\/\/i0.wp.com\/www.shqiperia.com\/blog\/wp-content\/uploads\/2024\/07\/333_sd.jpg?fit=1200%2C694&ssl=1&resize=1050%2C600 3x"},"classes":[]},{"id":89044,"url":"https:\/\/www.shqiperia.com\/blog\/pas-shkaterrimit-nga-zjarri-moti-i-keq-izolon-kalifornine-mbyllen-rruget-kryesore-te-qytetit\/","url_meta":{"origin":40720,"position":1},"title":"Pas shkaterrimit nga zjarri &#8211; Moti i keq \u201cizolon\u201d Kalifornin\u00eb, mbyllen rrug\u00ebt kryesore t\u00eb qytetit","author":"Kurt Farka","date":"February 5, 2025","format":false,"excerpt":"5 Shkurt 2025 Kalifornia \u00ebsht\u00eb \u201cizoluar\u201d p\u00ebr shkak se i gjith\u00eb qyteti tani ndodhet n\u00ebn kontrollin e nj\u00eb situate atmosferike t\u00eb pazakont\u00eb. Shirat e shumt\u00eb kan\u00eb detyruar mbylljen e pjesshme dhe t\u00eb plot\u00eb t\u00eb rrug\u00ebve kryesore. Nd\u00ebrsa ekuipazhet punojn\u00eb p\u00ebr t\u00eb vler\u00ebsuar d\u00ebmet dhe p\u00ebr t\u00eb pastruar mbeturinat, disa masa\u2026","rel":"","context":"In &quot;Blogu i Udh\u00ebtarit&quot;","block_context":{"text":"Blogu i Udh\u00ebtarit","link":"https:\/\/www.shqiperia.com\/blog\/category\/blogu-i-udhetarit\/"},"img":{"alt_text":"","src":"https:\/\/i0.wp.com\/www.shqiperia.com\/blog\/wp-content\/uploads\/2025\/02\/fotooo.png?fit=640%2C423&ssl=1&resize=350%2C200","width":350,"height":200,"srcset":"https:\/\/i0.wp.com\/www.shqiperia.com\/blog\/wp-content\/uploads\/2025\/02\/fotooo.png?fit=640%2C423&ssl=1&resize=350%2C200 1x, https:\/\/i0.wp.com\/www.shqiperia.com\/blog\/wp-content\/uploads\/2025\/02\/fotooo.png?fit=640%2C423&ssl=1&resize=525%2C300 1.5x"},"classes":[]},{"id":75192,"url":"https:\/\/www.shqiperia.com\/blog\/ererat-ne-shume-zona-te-italise-britanise-frances-dhe-holandes-po-fryjne-rreth-200-km-ne-ore\/","url_meta":{"origin":40720,"position":2},"title":"Er\u00ebrat n\u00eb shum\u00eb zona t\u00eb Italis\u00eb, Britanis\u00eb, Franc\u00ebs dhe Holand\u00ebs po fryjn\u00eb rreth 200 km n\u00eb or\u00eb","author":"Kurt Farka","date":"November 2, 2023","format":false,"excerpt":"2 Nentor 2023 N\u00eb 24 or\u00ebt e fundit shum\u00eb vende t\u00eb kontinentit t\u00eb vjet\u00ebr jan\u00eb v\u00ebn\u00eb n\u00eb alarm t\u00eb kuq pasi stuhia \u201cCiaran\u201d (Ciaran) po p\u00ebrparon n\u00eb rajone t\u00eb ndryshme, duke p\u00ebrfshir\u00eb gjith\u00e7ka n\u00eb rrug\u00ebn e saj dhe ekspert\u00ebt e \u201cpag\u00ebzojn\u00eb\u201d fenomenin si \u201cbomb\u00eb meteorologjike\u201d. N\u00eb total, gjasht\u00eb persona kan\u00eb\u2026","rel":"","context":"In &quot;Blogu i Udh\u00ebtarit&quot;","block_context":{"text":"Blogu i Udh\u00ebtarit","link":"https:\/\/www.shqiperia.com\/blog\/category\/blogu-i-udhetarit\/"},"img":{"alt_text":"","src":"https:\/\/i0.wp.com\/www.shqiperia.com\/blog\/wp-content\/uploads\/2023\/11\/drgfsfds-770x433-1.jpg?fit=770%2C433&ssl=1&resize=350%2C200","width":350,"height":200,"srcset":"https:\/\/i0.wp.com\/www.shqiperia.com\/blog\/wp-content\/uploads\/2023\/11\/drgfsfds-770x433-1.jpg?fit=770%2C433&ssl=1&resize=350%2C200 1x, https:\/\/i0.wp.com\/www.shqiperia.com\/blog\/wp-content\/uploads\/2023\/11\/drgfsfds-770x433-1.jpg?fit=770%2C433&ssl=1&resize=525%2C300 1.5x, https:\/\/i0.wp.com\/www.shqiperia.com\/blog\/wp-content\/uploads\/2023\/11\/drgfsfds-770x433-1.jpg?fit=770%2C433&ssl=1&resize=700%2C400 2x"},"classes":[]},{"id":38642,"url":"https:\/\/www.shqiperia.com\/blog\/pamje-dramatike-sot-ne-mengjes-nje-i-vdekur-dy-te-zhdukur-dhe-qindra-te-bllokuar-ne-greqi-cikloni-ndryshon-drejtim-nga-u-terhoq-dhe-ku-pritet-te-godase\/","url_meta":{"origin":40720,"position":3},"title":"Pamje dramatike sot ne mengjes\/ Nj\u00eb i vdekur, dy t\u00eb zhdukur dhe qindra t\u00eb bllokuar n\u00eb Greqi. Cikloni ndryshon drejtim, nga u t\u00ebrhoq dhe ku pritet t\u00eb godas\u00eb","author":"Kurt Farka","date":"September 19, 2020","format":false,"excerpt":"Pamje dramatike sot ne mengjes\/ Nj\u00eb i vdekur, dy t\u00eb zhdukur dhe qindra t\u00eb bllokuar n\u00eb Greqi. Cikloni ndryshon drejtim, nga u t\u00ebrhoq dhe ku pritet t\u00eb godas\u00eb 19 shtator 2020 Nj\u00eb person ka humbur jet\u00ebn dhe dy t\u00eb tjer\u00eb jan\u00eb zhdukur si pasoj\u00eb e uraganit q\u00eb ka p\u00ebrfshir\u00eb Greqin\u00eb.\u2026","rel":"","context":"In &quot;Blogu i Udh\u00ebtarit&quot;","block_context":{"text":"Blogu i Udh\u00ebtarit","link":"https:\/\/www.shqiperia.com\/blog\/category\/blogu-i-udhetarit\/"},"img":{"alt_text":"","src":"https:\/\/i0.wp.com\/www.shqiperia.com\/blog\/wp-content\/uploads\/2020\/09\/image-3-1-905x450-1.jpg?fit=816%2C450&ssl=1&resize=350%2C200","width":350,"height":200,"srcset":"https:\/\/i0.wp.com\/www.shqiperia.com\/blog\/wp-content\/uploads\/2020\/09\/image-3-1-905x450-1.jpg?fit=816%2C450&ssl=1&resize=350%2C200 1x, https:\/\/i0.wp.com\/www.shqiperia.com\/blog\/wp-content\/uploads\/2020\/09\/image-3-1-905x450-1.jpg?fit=816%2C450&ssl=1&resize=525%2C300 1.5x, https:\/\/i0.wp.com\/www.shqiperia.com\/blog\/wp-content\/uploads\/2020\/09\/image-3-1-905x450-1.jpg?fit=816%2C450&ssl=1&resize=700%2C400 2x"},"classes":[]},{"id":49596,"url":"https:\/\/www.shqiperia.com\/blog\/shba-shkon-ne-14-numri-i-viktimave-per-shkak-te-permbytjeve-nga-shirat-e-rrembyeshem\/","url_meta":{"origin":40720,"position":4},"title":"SHBA, shkon n\u00eb 14 numri i viktimave p\u00ebr shkak t\u00eb p\u00ebrmbytjeve nga shirat e rr\u00ebmbyesh\u00ebm","author":"Kurt Farka","date":"September 3, 2021","format":false,"excerpt":"SHBA, shkon n\u00eb 14 numri i viktimave p\u00ebr shkak t\u00eb p\u00ebrmbytjeve nga shirat e rr\u00ebmbyesh\u00ebm 03 Shtator, 2021 Shirat e rr\u00ebmbyesh\u00ebm t\u00eb papritur dhe p\u00ebrmbytjet historike q\u00eb godit\u00ebn qytetin e Nju-Jorkut dhe rajonin e tij t\u00eb m\u00ebrkur\u00ebn n\u00eb mbr\u00ebmje kan\u00eb vrar\u00eb t\u00eb pakt\u00ebn 14 persona, njoftuan sot zyrtar\u00ebt. Kryebashkiaku i\u2026","rel":"","context":"In &quot;Njoftime Shtypi&quot;","block_context":{"text":"Njoftime Shtypi","link":"https:\/\/www.shqiperia.com\/blog\/category\/njoftime-shtypi\/"},"img":{"alt_text":"","src":"https:\/\/i0.wp.com\/www.shqiperia.com\/blog\/wp-content\/uploads\/2021\/09\/2-3-1.jpg?fit=681%2C383&ssl=1&resize=350%2C200","width":350,"height":200,"srcset":"https:\/\/i0.wp.com\/www.shqiperia.com\/blog\/wp-content\/uploads\/2021\/09\/2-3-1.jpg?fit=681%2C383&ssl=1&resize=350%2C200 1x, https:\/\/i0.wp.com\/www.shqiperia.com\/blog\/wp-content\/uploads\/2021\/09\/2-3-1.jpg?fit=681%2C383&ssl=1&resize=525%2C300 1.5x"},"classes":[]},{"id":48391,"url":"https:\/\/www.shqiperia.com\/blog\/bien-gure-nga-qielli-stuhia-e-bresherit-godet-kukesin\/","url_meta":{"origin":40720,"position":5},"title":"Bien \u201cgur\u00eb\u201d nga qielli, stuhia e bresh\u00ebrit godet Kuk\u00ebsin","author":"Kurt Farka","date":"July 10, 2021","format":false,"excerpt":"Bien \u201cgur\u00eb\u201d nga qielli, stuhia e bresh\u00ebrit godet Kuk\u00ebsin 10 KORRIK 2021 Qyteti i Kuk\u00ebsit \u00ebsht\u00eb p\u00ebrfshir\u00eb nga stuhit\u00eb me er\u00ebra t\u00eb forta dhe rrebeshe shiu e bresh\u00ebri pasditen e s\u00eb shtun\u00ebs. Reshjet kan\u00eb zgjatur n\u00eb disa zona, nd\u00ebrsa n\u00eb zona t\u00eb caktuara kan\u00eb qen\u00eb t\u00eb shkurtra, por t\u00eb vrullshme.\u2026","rel":"","context":"In &quot;Blogu i Udh\u00ebtarit&quot;","block_context":{"text":"Blogu i Udh\u00ebtarit","link":"https:\/\/www.shqiperia.com\/blog\/category\/blogu-i-udhetarit\/"},"img":{"alt_text":"","src":"https:\/\/i0.wp.com\/www.shqiperia.com\/blog\/wp-content\/uploads\/2021\/07\/640-0-60e9db7eb9ab7.png?fit=605%2C340&ssl=1&resize=350%2C200","width":350,"height":200,"srcset":"https:\/\/i0.wp.com\/www.shqiperia.com\/blog\/wp-content\/uploads\/2021\/07\/640-0-60e9db7eb9ab7.png?fit=605%2C340&ssl=1&resize=350%2C200 1x, https:\/\/i0.wp.com\/www.shqiperia.com\/blog\/wp-content\/uploads\/2021\/07\/640-0-60e9db7eb9ab7.png?fit=605%2C340&ssl=1&resize=525%2C300 1.5x"},"classes":[]}],"_links":{"self":[{"href":"https:\/\/www.shqiperia.com\/blog\/wp-json\/wp\/v2\/posts\/40720","targetHints":{"allow":["GET"]}}],"collection":[{"href":"https:\/\/www.shqiperia.com\/blog\/wp-json\/wp\/v2\/posts"}],"about":[{"href":"https:\/\/www.shqiperia.com\/blog\/wp-json\/wp\/v2\/types\/post"}],"author":[{"embeddable":true,"href":"https:\/\/www.shqiperia.com\/blog\/wp-json\/wp\/v2\/users\/9"}],"replies":[{"embeddable":true,"href":"https:\/\/www.shqiperia.com\/blog\/wp-json\/wp\/v2\/comments?post=40720"}],"version-history":[{"count":1,"href":"https:\/\/www.shqiperia.com\/blog\/wp-json\/wp\/v2\/posts\/40720\/revisions"}],"predecessor-version":[{"id":40723,"href":"https:\/\/www.shqiperia.com\/blog\/wp-json\/wp\/v2\/posts\/40720\/revisions\/40723"}],"wp:featuredmedia":[{"embeddable":true,"href":"https:\/\/www.shqiperia.com\/blog\/wp-json\/wp\/v2\/media\/40721"}],"wp:attachment":[{"href":"https:\/\/www.shqiperia.com\/blog\/wp-json\/wp\/v2\/media?parent=40720"}],"wp:term":[{"taxonomy":"category","embeddable":true,"href":"https:\/\/www.shqiperia.com\/blog\/wp-json\/wp\/v2\/categories?post=40720"},{"taxonomy":"post_tag","embeddable":true,"href":"https:\/\/www.shqiperia.com\/blog\/wp-json\/wp\/v2\/tags?post=40720"}],"curies":[{"name":"wp","href":"https:\/\/api.w.org\/{rel}","templated":true}]}}