{"id":40717,"date":"2020-11-10T09:01:56","date_gmt":"2020-11-10T09:01:56","guid":{"rendered":"https:\/\/www.shqiperia.com\/blog\/?p=40717"},"modified":"2020-11-10T09:01:56","modified_gmt":"2020-11-10T09:01:56","slug":"e-pabesueshme-izolimi-shpallet-fjala-e-vitit-ne-bote","status":"publish","type":"post","link":"https:\/\/www.shqiperia.com\/blog\/e-pabesueshme-izolimi-shpallet-fjala-e-vitit-ne-bote\/","title":{"rendered":"E pabesueshme: &#8220;Izolimi&#8221; shpallet fjala e vitit n\u00eb bot\u00eb"},"content":{"rendered":"<p><img data-recalc-dims=\"1\" loading=\"lazy\" decoding=\"async\" data-attachment-id=\"40718\" data-permalink=\"https:\/\/www.shqiperia.com\/blog\/e-pabesueshme-izolimi-shpallet-fjala-e-vitit-ne-bote\/640-0-ce2420cdc1500748a0a3da1ae2ef59db\/\" data-orig-file=\"https:\/\/i0.wp.com\/www.shqiperia.com\/blog\/wp-content\/uploads\/2020\/11\/640-0-ce2420cdc1500748a0a3da1ae2ef59db.jpg?fit=563%2C326&amp;ssl=1\" data-orig-size=\"563,326\" data-comments-opened=\"1\" data-image-meta=\"{&quot;aperture&quot;:&quot;0&quot;,&quot;credit&quot;:&quot;&quot;,&quot;camera&quot;:&quot;&quot;,&quot;caption&quot;:&quot;&quot;,&quot;created_timestamp&quot;:&quot;0&quot;,&quot;copyright&quot;:&quot;&quot;,&quot;focal_length&quot;:&quot;0&quot;,&quot;iso&quot;:&quot;0&quot;,&quot;shutter_speed&quot;:&quot;0&quot;,&quot;title&quot;:&quot;&quot;,&quot;orientation&quot;:&quot;0&quot;}\" data-image-title=\"-640-0-ce2420cdc1500748a0a3da1ae2ef59db\" data-image-description=\"\" data-image-caption=\"\" data-medium-file=\"https:\/\/i0.wp.com\/www.shqiperia.com\/blog\/wp-content\/uploads\/2020\/11\/640-0-ce2420cdc1500748a0a3da1ae2ef59db.jpg?fit=300%2C174&amp;ssl=1\" data-large-file=\"https:\/\/i0.wp.com\/www.shqiperia.com\/blog\/wp-content\/uploads\/2020\/11\/640-0-ce2420cdc1500748a0a3da1ae2ef59db.jpg?fit=563%2C326&amp;ssl=1\" class=\"alignnone  wp-image-40718\" alt=\"\" src=\"https:\/\/i0.wp.com\/www.shqiperia.com\/blog\/wp-content\/uploads\/2020\/11\/640-0-ce2420cdc1500748a0a3da1ae2ef59db.jpg?resize=505%2C293&#038;ssl=1\" width=\"505\" height=\"293\" srcset=\"https:\/\/i0.wp.com\/www.shqiperia.com\/blog\/wp-content\/uploads\/2020\/11\/640-0-ce2420cdc1500748a0a3da1ae2ef59db.jpg?resize=300%2C174&amp;ssl=1 300w, https:\/\/i0.wp.com\/www.shqiperia.com\/blog\/wp-content\/uploads\/2020\/11\/640-0-ce2420cdc1500748a0a3da1ae2ef59db.jpg?resize=450%2C261&amp;ssl=1 450w, https:\/\/i0.wp.com\/www.shqiperia.com\/blog\/wp-content\/uploads\/2020\/11\/640-0-ce2420cdc1500748a0a3da1ae2ef59db.jpg?resize=400%2C232&amp;ssl=1 400w, https:\/\/i0.wp.com\/www.shqiperia.com\/blog\/wp-content\/uploads\/2020\/11\/640-0-ce2420cdc1500748a0a3da1ae2ef59db.jpg?w=563&amp;ssl=1 563w\" sizes=\"auto, (max-width: 505px) 100vw, 505px\" \/><\/p>\n<p><strong>E pabesueshme: &#8220;Izolimi&#8221; shpallet fjala e vitit n\u00eb bot\u00eb<\/strong><\/p>\n<p><strong>10 N\u00cbNTOR 2020<\/strong><\/p>\n<p>\u201cIzolim\u201d \u00ebsht\u00eb shpallur fjala e vitit 2020 nga Fjalori Collins, pasi rritjes s\u00eb madhe t\u00eb p\u00ebrdorimit t\u00eb saj gjat\u00eb pandemis\u00eb. Kjo fjal\u00eb \u201cp\u00ebrmbledh p\u00ebrvoj\u00ebn e p\u00ebrbashk\u00ebt t\u00eb miliarda personave\u201d, ka th\u00ebn\u00eb Collins.<\/p>\n<p>Leksikograf\u00ebt kan\u00eb regjistruar m\u00eb shum\u00eb se 250,000 p\u00ebrdorime t\u00eb fjal\u00ebs \u201cizolim\u201d m\u00eb 2020, p\u00ebr dallim nga vet\u00ebm 4,000 nj\u00eb vit m\u00eb par\u00eb.<\/p>\n<p>N\u00eb mesin e shprehjeve tjera t\u00eb lidhura me pandemin\u00eb jan\u00eb edhe \u201cvetizolim\u201d, \u201cdistancim fizik\u201d dhe \u201ckoronavirus\u201d.<\/p>\n<p>Sipas k\u00ebtij fjalori, izolimi definohet si \u201cvendosje e kufizimeve t\u00eb rrepta n\u00eb udh\u00ebtime, nd\u00ebrveprim shoq\u00ebror dhe qasje n\u00eb hap\u00ebsira publike\u201d.<\/p>\n<p>Kjo fjal\u00eb ka ardhur n\u00eb shprehje, pasi qeverit\u00eb n\u00eb gjith\u00eb bot\u00ebn i jan\u00eb p\u00ebrgjigjur val\u00ebs s\u00eb par\u00eb t\u00eb koronavirusit, duke aplikuar kufizmeve t\u00eb ashpra, me q\u00ebllim t\u00eb frenimit t\u00eb tij.<\/p>\n<p>P\u00ebr koronavirusin e ri \u00ebsht\u00eb raportuar fillimisht n\u00eb fund t\u00eb vitit 2019 n\u00eb Wuhan t\u00eb Kin\u00ebs. Sipas t\u00eb dh\u00ebnave t\u00eb Universitetit Johns Hopkins, autoritetet n\u00eb gjith\u00eb bot\u00ebn kan\u00eb regjistruar mbi 50 milion\u00eb persona t\u00eb infektuar e k\u00ebt\u00eb virus. Prej tyre, mbi 1.2 milion persona kan\u00eb vdekur.<strong>\/ REL<\/strong><\/p>\n<p><strong>Nga Gazeta Shqip<\/strong><\/p>\n","protected":false},"excerpt":{"rendered":"<p>E pabesueshme: &#8220;Izolimi&#8221; shpallet fjala e vitit n\u00eb bot\u00eb 10 N\u00cbNTOR 2020 \u201cIzolim\u201d \u00ebsht\u00eb shpallur fjala e vitit 2020 nga Fjalori Collins, pasi rritjes s\u00eb madhe t\u00eb p\u00ebrdorimit t\u00eb saj gjat\u00eb pandemis\u00eb. Kjo fjal\u00eb \u201cp\u00ebrmbledh p\u00ebrvoj\u00ebn e p\u00ebrbashk\u00ebt t\u00eb miliarda personave\u201d, ka th\u00ebn\u00eb Collins. Leksikograf\u00ebt kan\u00eb regjistruar m\u00eb shum\u00eb se 250,000 p\u00ebrdorime t\u00eb fjal\u00ebs \u201cizolim\u201d [&hellip;]<\/p>\n","protected":false},"author":9,"featured_media":40718,"comment_status":"open","ping_status":"open","sticky":false,"template":"","format":"standard","meta":{"jetpack_post_was_ever_published":false,"_jetpack_newsletter_access":"","_jetpack_dont_email_post_to_subs":false,"_jetpack_newsletter_tier_id":0,"_jetpack_memberships_contains_paywalled_content":false,"_jetpack_memberships_contains_paid_content":false,"footnotes":"","jetpack_publicize_message":"","jetpack_publicize_feature_enabled":true,"jetpack_social_post_already_shared":true,"jetpack_social_options":{"image_generator_settings":{"template":"highway","default_image_id":0,"font":"","enabled":false},"version":2}},"categories":[27,14,35],"tags":[],"class_list":["post-40717","post","type-post","status-publish","format-standard","has-post-thumbnail","hentry","category-blogu-i-udhetarit","category-press-releases","category-shoqerore"],"jetpack_publicize_connections":[],"jetpack_featured_media_url":"https:\/\/i0.wp.com\/www.shqiperia.com\/blog\/wp-content\/uploads\/2020\/11\/640-0-ce2420cdc1500748a0a3da1ae2ef59db.jpg?fit=563%2C326&ssl=1","jetpack_sharing_enabled":true,"jetpack_shortlink":"https:\/\/wp.me\/p5Z6wp-aAJ","jetpack-related-posts":[{"id":38638,"url":"https:\/\/www.shqiperia.com\/blog\/shteti-i-pare-ne-bote-qe-hyn-ne-izolim-3-javor-karantine-e-pjesshme-edhe-ne-angli-e-spanje\/","url_meta":{"origin":40717,"position":0},"title":"Shteti i par\u00eb n\u00eb bot\u00eb q\u00eb hyn n\u00eb izolim 3-javor, karantin\u00eb e pjesshme edhe n\u00eb Angli e Spanj\u00eb","author":"Kurt Farka","date":"September 19, 2020","format":false,"excerpt":"Shteti i par\u00eb n\u00eb bot\u00eb q\u00eb hyn n\u00eb izolim 3-javor, karantin\u00eb e pjesshme edhe n\u00eb Angli e Spanj\u00eb 19 SHTATOR 2020 Numri i rasteve t\u00eb konfirmuara t\u00eb koronavirusit n\u00eb t\u00eb gjith\u00eb globin ka kaluar 30 milion\u00eb dhe mbi 940 mij\u00eb jan\u00eb viktimat. SHBA, India dhe Brazili kan\u00eb numrin m\u00eb t\u00eb\u2026","rel":"","context":"In &quot;Blogu i Udh\u00ebtarit&quot;","block_context":{"text":"Blogu i Udh\u00ebtarit","link":"https:\/\/www.shqiperia.com\/blog\/category\/blogu-i-udhetarit\/"},"img":{"alt_text":"","src":"https:\/\/i0.wp.com\/www.shqiperia.com\/blog\/wp-content\/uploads\/2020\/09\/640-0-5f65cf096e513.jpg?fit=640%2C401&ssl=1&resize=350%2C200","width":350,"height":200,"srcset":"https:\/\/i0.wp.com\/www.shqiperia.com\/blog\/wp-content\/uploads\/2020\/09\/640-0-5f65cf096e513.jpg?fit=640%2C401&ssl=1&resize=350%2C200 1x, https:\/\/i0.wp.com\/www.shqiperia.com\/blog\/wp-content\/uploads\/2020\/09\/640-0-5f65cf096e513.jpg?fit=640%2C401&ssl=1&resize=525%2C300 1.5x"},"classes":[]},{"id":39318,"url":"https:\/\/www.shqiperia.com\/blog\/izolim-i-dyte-nga-covid-19-mjeket-e-huaj-japin-alarmin-ja-rreziku-qe-do-te-kalonin-njerezit\/","url_meta":{"origin":40717,"position":1},"title":"Izolim i dyt\u00eb nga Covid-19?! Mjek\u00ebt e huaj japin alarmin: &#8211; Ja rreziku q\u00eb do t\u00eb kalonin njer\u00ebzit","author":"Kurt Farka","date":"October 7, 2020","format":false,"excerpt":"Izolim i dyt\u00eb nga Covid-19?! Mjek\u00ebt e huaj japin alarmin: - Ja rreziku q\u00eb do t\u00eb kalonin njer\u00ebzit \u2013 Tetor 2020 Mes gjith\u00eb ndryshimeve t\u00eb detyruara q\u00eb ka sjell\u00eb pandemia e koronavirusit n\u00eb bot\u00eb, ndjenja e izolimit mund t\u00eb jet\u00eb nj\u00eb nga m\u00eb t\u00eb v\u00ebshtirat. Sipas mjek\u00ebve psikiat\u00ebr q\u00eb studiojn\u00eb\u2026","rel":"","context":"In &quot;Blogu i Udh\u00ebtarit&quot;","block_context":{"text":"Blogu i Udh\u00ebtarit","link":"https:\/\/www.shqiperia.com\/blog\/category\/blogu-i-udhetarit\/"},"img":{"alt_text":"","src":"https:\/\/i0.wp.com\/www.shqiperia.com\/blog\/wp-content\/uploads\/2020\/10\/koronavirusi1-770x433-1.jpg?fit=770%2C433&ssl=1&resize=350%2C200","width":350,"height":200,"srcset":"https:\/\/i0.wp.com\/www.shqiperia.com\/blog\/wp-content\/uploads\/2020\/10\/koronavirusi1-770x433-1.jpg?fit=770%2C433&ssl=1&resize=350%2C200 1x, https:\/\/i0.wp.com\/www.shqiperia.com\/blog\/wp-content\/uploads\/2020\/10\/koronavirusi1-770x433-1.jpg?fit=770%2C433&ssl=1&resize=525%2C300 1.5x, https:\/\/i0.wp.com\/www.shqiperia.com\/blog\/wp-content\/uploads\/2020\/10\/koronavirusi1-770x433-1.jpg?fit=770%2C433&ssl=1&resize=700%2C400 2x"},"classes":[]},{"id":80085,"url":"https:\/\/www.shqiperia.com\/blog\/meta-qeveria-ka-korruptuar-bashen-izolimi-i-berishes-per-arsye-politike-pl-uragan-lirie\/","url_meta":{"origin":40717,"position":2},"title":"Meta: Qeveria ka korruptuar Bash\u00ebn! &#8211; Izolimi i Berish\u00ebs p\u00ebr arsye politike. &#8211; PL uragan lirie","author":"Kurt Farka","date":"April 13, 2024","format":false,"excerpt":"13 Prill 2024 Kryetari i Partis\u00eb s\u00eb Liris\u00eb Ilir Meta n\u00eb nj\u00eb konferenc\u00eb p\u00ebr mediat nga Kor\u00e7a deklaroi se qeverisja e Edi Ram\u00ebs ka korruptuar Lulzim Bash\u00ebn. Meta tha se izolimi i Sali Berish\u00ebs \u00ebsht\u00eb b\u00ebr\u00eb p\u00ebr arsye t\u00eb pastra politike. Nd\u00ebrsa, shtoi se PL \u00ebsht\u00eb nj\u00eb uragan i v\u00ebrtet\u00eb\u2026","rel":"","context":"In &quot;Blogu i Udh\u00ebtarit&quot;","block_context":{"text":"Blogu i Udh\u00ebtarit","link":"https:\/\/www.shqiperia.com\/blog\/category\/blogu-i-udhetarit\/"},"img":{"alt_text":"","src":"https:\/\/i0.wp.com\/www.shqiperia.com\/blog\/wp-content\/uploads\/2024\/04\/600-388-bf1c76d7982b12446d6a87e89acfacc1.jpg?fit=600%2C384&ssl=1&resize=350%2C200","width":350,"height":200,"srcset":"https:\/\/i0.wp.com\/www.shqiperia.com\/blog\/wp-content\/uploads\/2024\/04\/600-388-bf1c76d7982b12446d6a87e89acfacc1.jpg?fit=600%2C384&ssl=1&resize=350%2C200 1x, https:\/\/i0.wp.com\/www.shqiperia.com\/blog\/wp-content\/uploads\/2024\/04\/600-388-bf1c76d7982b12446d6a87e89acfacc1.jpg?fit=600%2C384&ssl=1&resize=525%2C300 1.5x"},"classes":[]},{"id":99281,"url":"https:\/\/www.shqiperia.com\/blog\/cfare-e-zvogelon-fjalorin-e-madh-te-gjuhes-shqipe-nga-kanuni-tek-eposi-thesaret-e-pashfrytezuara-ne-fjalorin-e-ri\/","url_meta":{"origin":40717,"position":3},"title":"\u00c7far\u00eb e zvog\u00eblon Fjalorin e Madh t\u00eb Gjuh\u00ebs Shqipe! Nga Kanuni tek \u201cEposi\u201d, thesaret e pashfryt\u00ebzuara n\u00eb fjalorin e ri","author":"Kurt Farka","date":"April 9, 2026","format":false,"excerpt":"9 Prill 2026 Nga: MEHMET ELEZI PJESA E PAR\u00cb Qasja te Fjalori i Madh i Gjuh\u00ebs Shqipe (FMGJSH), q\u00eb ka hedhur Akademia n\u00eb linj\u00eb, nuk premton shum\u00eb entuziaz\u00ebm. Ende pa dal\u00eb n\u00eb jet\u00eb, foshnja ka hije n\u00eb mushk\u00ebri. Nuk u arrit bashk\u00ebpunimi me Akademin\u00eb e Shkencave e t\u00eb Arteve t\u00eb\u2026","rel":"","context":"In &quot;Histori&quot;","block_context":{"text":"Histori","link":"https:\/\/www.shqiperia.com\/blog\/category\/histori\/"},"img":{"alt_text":"","src":"https:\/\/i0.wp.com\/www.shqiperia.com\/blog\/wp-content\/uploads\/2026\/04\/Mehmet-Elezi.jpg?fit=886%2C493&ssl=1&resize=350%2C200","width":350,"height":200,"srcset":"https:\/\/i0.wp.com\/www.shqiperia.com\/blog\/wp-content\/uploads\/2026\/04\/Mehmet-Elezi.jpg?fit=886%2C493&ssl=1&resize=350%2C200 1x, https:\/\/i0.wp.com\/www.shqiperia.com\/blog\/wp-content\/uploads\/2026\/04\/Mehmet-Elezi.jpg?fit=886%2C493&ssl=1&resize=525%2C300 1.5x, https:\/\/i0.wp.com\/www.shqiperia.com\/blog\/wp-content\/uploads\/2026\/04\/Mehmet-Elezi.jpg?fit=886%2C493&ssl=1&resize=700%2C400 2x"},"classes":[]},{"id":1267,"url":"https:\/\/www.shqiperia.com\/blog\/kolec-topalli-pse-hartova-nje-fjalor-te-ri-etimologjik\/","url_meta":{"origin":40717,"position":4},"title":"Kolec Topalli: Pse hartova nj\u00eb fjalor t\u00eb ri etimologjik","author":"Kurt Farka","date":"January 13, 2018","format":false,"excerpt":"Foto: Kolec Topalli TIRANE- Profesor Eqrem \u00c7abej ka b\u00ebr\u00eb studime t\u00eb jasht\u00ebzakonshme p\u00ebr etimologjin\u00eb e gjuh\u00ebs shqipe, por nuk mundi t\u2019i plot\u00ebsonte deri n\u00eb fund, sepse ka nd\u00ebrruar jet\u00eb prej 34 vjet\u00ebsh(1908-1980). Hartimi i nj\u00eb fjalori etimologjik \u201cq\u00eb n\u00eb t\u00eb v\u00ebrtet\u00eb i mungon gjuh\u00ebs son\u00eb do t\u00eb ndri\u00e7onte shum\u00eb probleme\u2026","rel":"","context":"In &quot;Blogu i Udh\u00ebtarit&quot;","block_context":{"text":"Blogu i Udh\u00ebtarit","link":"https:\/\/www.shqiperia.com\/blog\/category\/blogu-i-udhetarit\/"},"img":{"alt_text":"","src":"https:\/\/i0.wp.com\/www.shqiperia.com\/blog\/wp-content\/uploads\/2018\/01\/Kolec-Topalli.jpg?fit=1024%2C576&ssl=1&resize=350%2C200","width":350,"height":200,"srcset":"https:\/\/i0.wp.com\/www.shqiperia.com\/blog\/wp-content\/uploads\/2018\/01\/Kolec-Topalli.jpg?fit=1024%2C576&ssl=1&resize=350%2C200 1x, https:\/\/i0.wp.com\/www.shqiperia.com\/blog\/wp-content\/uploads\/2018\/01\/Kolec-Topalli.jpg?fit=1024%2C576&ssl=1&resize=525%2C300 1.5x, https:\/\/i0.wp.com\/www.shqiperia.com\/blog\/wp-content\/uploads\/2018\/01\/Kolec-Topalli.jpg?fit=1024%2C576&ssl=1&resize=700%2C400 2x"},"classes":[]},{"id":99449,"url":"https:\/\/www.shqiperia.com\/blog\/fjale-qe-humbin-rrugen-dhe-zerat-e-ngaterruar-te-fjalorit-te-gjuhes-mbrojtja-e-shqipes-ne-kushtet-e-ndikimeve-te-forta-te-jashtme\/","url_meta":{"origin":40717,"position":5},"title":"Fjal\u00eb q\u00eb humbin rrug\u00ebn dhe z\u00ebrat e ngat\u00ebrruar t\u00eb fjalorit t\u00eb gjuh\u00ebs! &#8211; Mbrojtja e shqipes n\u00eb kushtet e ndikimeve t\u00eb forta t\u00eb jashtme","author":"Kurt Farka","date":"April 17, 2026","format":false,"excerpt":"17 Prill 2026 Nga: Mehmet ELEZI Pjesa e Trete L\u00cbMSHI I SHPJEGIMEVE PA SHPJEGIM Nuk merret vesh pse shtjellimi i nj\u00eb foljeje shum\u00eb t\u00eb thjesht\u00eb shnd\u00ebrrohet n\u00eb l\u00ebmsh. Fjalori 1980 \u00ebsht\u00eb i sakt\u00eb te cijat. \u201cNxjerr nj\u00eb z\u00eb t\u00eb holl\u00eb e t\u00eb zgjatur; ping\u00ebron (kryesisht p\u00ebr minjt\u00eb, disa zogj jo\u2026","rel":"","context":"In &quot;Blogu i Udh\u00ebtarit&quot;","block_context":{"text":"Blogu i Udh\u00ebtarit","link":"https:\/\/www.shqiperia.com\/blog\/category\/blogu-i-udhetarit\/"},"img":{"alt_text":"","src":"https:\/\/i0.wp.com\/www.shqiperia.com\/blog\/wp-content\/uploads\/2026\/04\/mehmet-Elezi-2.jpg?fit=886%2C493&ssl=1&resize=350%2C200","width":350,"height":200,"srcset":"https:\/\/i0.wp.com\/www.shqiperia.com\/blog\/wp-content\/uploads\/2026\/04\/mehmet-Elezi-2.jpg?fit=886%2C493&ssl=1&resize=350%2C200 1x, https:\/\/i0.wp.com\/www.shqiperia.com\/blog\/wp-content\/uploads\/2026\/04\/mehmet-Elezi-2.jpg?fit=886%2C493&ssl=1&resize=525%2C300 1.5x, https:\/\/i0.wp.com\/www.shqiperia.com\/blog\/wp-content\/uploads\/2026\/04\/mehmet-Elezi-2.jpg?fit=886%2C493&ssl=1&resize=700%2C400 2x"},"classes":[]}],"_links":{"self":[{"href":"https:\/\/www.shqiperia.com\/blog\/wp-json\/wp\/v2\/posts\/40717","targetHints":{"allow":["GET"]}}],"collection":[{"href":"https:\/\/www.shqiperia.com\/blog\/wp-json\/wp\/v2\/posts"}],"about":[{"href":"https:\/\/www.shqiperia.com\/blog\/wp-json\/wp\/v2\/types\/post"}],"author":[{"embeddable":true,"href":"https:\/\/www.shqiperia.com\/blog\/wp-json\/wp\/v2\/users\/9"}],"replies":[{"embeddable":true,"href":"https:\/\/www.shqiperia.com\/blog\/wp-json\/wp\/v2\/comments?post=40717"}],"version-history":[{"count":1,"href":"https:\/\/www.shqiperia.com\/blog\/wp-json\/wp\/v2\/posts\/40717\/revisions"}],"predecessor-version":[{"id":40719,"href":"https:\/\/www.shqiperia.com\/blog\/wp-json\/wp\/v2\/posts\/40717\/revisions\/40719"}],"wp:featuredmedia":[{"embeddable":true,"href":"https:\/\/www.shqiperia.com\/blog\/wp-json\/wp\/v2\/media\/40718"}],"wp:attachment":[{"href":"https:\/\/www.shqiperia.com\/blog\/wp-json\/wp\/v2\/media?parent=40717"}],"wp:term":[{"taxonomy":"category","embeddable":true,"href":"https:\/\/www.shqiperia.com\/blog\/wp-json\/wp\/v2\/categories?post=40717"},{"taxonomy":"post_tag","embeddable":true,"href":"https:\/\/www.shqiperia.com\/blog\/wp-json\/wp\/v2\/tags?post=40717"}],"curies":[{"name":"wp","href":"https:\/\/api.w.org\/{rel}","templated":true}]}}