{"id":40714,"date":"2020-11-10T00:34:07","date_gmt":"2020-11-10T00:34:07","guid":{"rendered":"https:\/\/www.shqiperia.com\/blog\/?p=40714"},"modified":"2020-11-10T00:34:07","modified_gmt":"2020-11-10T00:34:07","slug":"nese-keto-masa-sdo-japin-rezultat-rrezikojme-mbylljen-pergjigjet-manastirliu","status":"publish","type":"post","link":"https:\/\/www.shqiperia.com\/blog\/nese-keto-masa-sdo-japin-rezultat-rrezikojme-mbylljen-pergjigjet-manastirliu\/","title":{"rendered":"\u201cN\u00ebse k\u00ebto masa s\u2019do japin rezultat, rrezikojm\u00eb mbylljen?\u201d, p\u00ebrgjigjet Manastirliu"},"content":{"rendered":"<p><img data-recalc-dims=\"1\" loading=\"lazy\" decoding=\"async\" data-attachment-id=\"40715\" data-permalink=\"https:\/\/www.shqiperia.com\/blog\/nese-keto-masa-sdo-japin-rezultat-rrezikojme-mbylljen-pergjigjet-manastirliu\/blinda-tirane\/\" data-orig-file=\"https:\/\/i0.wp.com\/www.shqiperia.com\/blog\/wp-content\/uploads\/2020\/11\/blinda-tirane.jpg?fit=764%2C416&amp;ssl=1\" data-orig-size=\"764,416\" data-comments-opened=\"1\" data-image-meta=\"{&quot;aperture&quot;:&quot;0&quot;,&quot;credit&quot;:&quot;Mentor Gj&quot;,&quot;camera&quot;:&quot;&quot;,&quot;caption&quot;:&quot;&quot;,&quot;created_timestamp&quot;:&quot;1584724613&quot;,&quot;copyright&quot;:&quot;&quot;,&quot;focal_length&quot;:&quot;0&quot;,&quot;iso&quot;:&quot;0&quot;,&quot;shutter_speed&quot;:&quot;0&quot;,&quot;title&quot;:&quot;&quot;,&quot;orientation&quot;:&quot;0&quot;}\" data-image-title=\"blinda tirane\" data-image-description=\"\" data-image-caption=\"\" data-medium-file=\"https:\/\/i0.wp.com\/www.shqiperia.com\/blog\/wp-content\/uploads\/2020\/11\/blinda-tirane.jpg?fit=300%2C163&amp;ssl=1\" data-large-file=\"https:\/\/i0.wp.com\/www.shqiperia.com\/blog\/wp-content\/uploads\/2020\/11\/blinda-tirane.jpg?fit=764%2C416&amp;ssl=1\" class=\"alignnone  wp-image-40715\" alt=\"\" src=\"https:\/\/i0.wp.com\/www.shqiperia.com\/blog\/wp-content\/uploads\/2020\/11\/blinda-tirane.jpg?resize=453%2C246&#038;ssl=1\" width=\"453\" height=\"246\" srcset=\"https:\/\/i0.wp.com\/www.shqiperia.com\/blog\/wp-content\/uploads\/2020\/11\/blinda-tirane.jpg?resize=300%2C163&amp;ssl=1 300w, https:\/\/i0.wp.com\/www.shqiperia.com\/blog\/wp-content\/uploads\/2020\/11\/blinda-tirane.jpg?resize=450%2C245&amp;ssl=1 450w, https:\/\/i0.wp.com\/www.shqiperia.com\/blog\/wp-content\/uploads\/2020\/11\/blinda-tirane.jpg?resize=600%2C327&amp;ssl=1 600w, https:\/\/i0.wp.com\/www.shqiperia.com\/blog\/wp-content\/uploads\/2020\/11\/blinda-tirane.jpg?resize=400%2C218&amp;ssl=1 400w, https:\/\/i0.wp.com\/www.shqiperia.com\/blog\/wp-content\/uploads\/2020\/11\/blinda-tirane.jpg?w=764&amp;ssl=1 764w\" sizes=\"auto, (max-width: 453px) 100vw, 453px\" \/><\/p>\n<p>\u201cN\u00ebse k\u00ebto masa s\u2019do japin rezultat, rrezikojm\u00eb mbylljen?\u201d, p\u00ebrgjigjet Manastirliu<\/p>\n<p>9 N\u00cbNTOR 2020<\/p>\n<p>Ministrja e Sh\u00ebndet\u00ebsis\u00eb Ogerta Manastirliu deklaroi se n\u00ebse shifrat do t\u00eb rriten at\u00ebher\u00eb dhe masat do t\u00eb shtohen, por pa iu p\u00ebrgjigjur drejtp\u00ebrdrejt pyetjes \u201ca do t\u00eb mbyllemi n\u00ebse nuk funksionojn\u00eb k\u00ebto masa\u201d.<\/p>\n<p><strong>Pjes\u00eb nga intervista<\/strong><\/p>\n<p>Fevziu:\u00a0N\u00ebse masat s\u2019do t\u00eb japin rezultat, rrezikojm\u00eb t\u00eb shkojm\u00eb n\u00eb masa t\u00eb tjera m\u00eb t\u00eb r\u00ebnda dhe deri n\u00eb mbyllje?<\/p>\n<p>Manastirliu:\u00a0Gjithmon\u00eb do t\u00eb kemi nj\u00eb vler\u00ebsim m\u00eb dinamik, dhe javor dhe ditor. Nuk mund t\u00eb thuhet kjo, sepse askush s\u2019e do mbylljen. Pasi t\u00eb shohim shifrat do vendosim n\u00ebse do t\u00eb ket\u00eb shtim dhe t\u00eb masave. Masat q\u00eb po marrim sot jan\u00eb masat me intensitet mesatar. P\u00ebr masa m\u00eb t\u00eb forta q\u00eb lidhet me kapacitetet spitalore, q\u00eb lidhet me koeficientin e transmetimit, q\u00eb lidhet me sh\u00ebrbimin e qytetar\u00ebve. Koeficienti i transmetueshm\u00ebris\u00eb ishte n\u00ebn 1, tani \u00ebsht\u00eb 1.3. Ne kemi p\u00ebrgatirur kapacitetet p\u00ebr t\u00eb p\u00ebrballuar rastet dhe shtimin e rasteve.<\/p>\n<p>Fevziu:\u00a0Me k\u00ebto shifra ne p\u00ebr 20 dit\u00eb ne i ezaurojm\u00eb t\u00eb gjith\u00eb shtret\u00ebrit<\/p>\n<p>Manastirliu:\u00a0Ka nj\u00eb skenar q\u00eb ne kemi nd\u00ebrtuar p\u00ebr t\u00eb p\u00ebrballuar 1600 shtrime, p\u00ebrfshir\u00eb dhe spitalet rajonale. T\u00eb jesh n\u00eb autoambulanc\u00eb \u00ebsht\u00eb nj\u00ebsoj si t\u00eb jesh n\u00eb nj\u00eb mini-spital. Ka oksigjen ka shtrat. Ato ambulanca q\u00eb shihni jan\u00eb dhe ambulanca q\u00eb i marrin t\u00eb sh\u00ebruarit i \u00e7ojn\u00eb n\u00eb sht\u00ebpi. Disa i sjellin. Ka mjek\u00eb dhe Covid-3 \u00ebsht\u00eb i mbuluar me mjek\u00eb. Jan\u00eb \u00e7uar dhe do \u00e7ohen dhe atje.<\/p>\n<p>Fevziu:\u00a0Mjekt\u00eb po ankohen sepse nuk ka reanimator\u00eb&#8230;<\/p>\n<p>Manastirliu:\u00a0Jan\u00eb nd\u00ebr profesionet q\u00eb jan\u00eb nd\u00ebr m\u00eb t\u00eb k\u00ebrkuarit jo vet\u00ebm n\u00eb Shqip\u00ebri, por n\u00eb t\u00eb gjith\u00eb bot\u00ebn. \u00cbsht\u00eb e r\u00ebnd\u00ebsishme, si\u00e7 jan\u00eb t\u00eb r\u00ebnd\u00ebsish\u00ebm dhe kategorit\u00eb e tjera t\u00eb mjek\u00ebve. Sot kemi 10 raste n\u00eb terapi intensive, dhe kemi reanimator\u00eb p\u00ebr t\u00eb p\u00ebrballuar situat\u00ebn aktuale. Ne kemi dhe kapacitete financiare. \u00cbsht\u00eb v\u00ebn\u00eb 2.5 mld lek\u00eb n\u00eb dispozicion. Ne kemi 4 struktura Covidi, 550 shtret\u00ebr, dhe me spitalet rajonale kemi 1600, pa rrezikuar t\u00eb s\u00ebmur\u00ebt me s\u00ebmundje t\u00eb tjera. Nuk \u00ebsht\u00eb \u00e7\u00ebshtje shtrati as finance, or burimesh mjek\u00ebsore.<\/p>\n<p>Gazeta Sot<\/p>\n","protected":false},"excerpt":{"rendered":"<p>\u201cN\u00ebse k\u00ebto masa s\u2019do japin rezultat, rrezikojm\u00eb mbylljen?\u201d, p\u00ebrgjigjet Manastirliu 9 N\u00cbNTOR 2020 Ministrja e Sh\u00ebndet\u00ebsis\u00eb Ogerta Manastirliu deklaroi se n\u00ebse shifrat do t\u00eb rriten at\u00ebher\u00eb dhe masat do t\u00eb shtohen, por pa iu p\u00ebrgjigjur drejtp\u00ebrdrejt pyetjes \u201ca do t\u00eb mbyllemi n\u00ebse nuk funksionojn\u00eb k\u00ebto masa\u201d. Pjes\u00eb nga intervista Fevziu:\u00a0N\u00ebse masat s\u2019do t\u00eb japin rezultat, [&hellip;]<\/p>\n","protected":false},"author":9,"featured_media":40715,"comment_status":"open","ping_status":"open","sticky":false,"template":"","format":"standard","meta":{"jetpack_post_was_ever_published":false,"_jetpack_newsletter_access":"","_jetpack_dont_email_post_to_subs":false,"_jetpack_newsletter_tier_id":0,"_jetpack_memberships_contains_paywalled_content":false,"_jetpack_memberships_contains_paid_content":false,"footnotes":"","jetpack_publicize_message":"","jetpack_publicize_feature_enabled":true,"jetpack_social_post_already_shared":true,"jetpack_social_options":{"image_generator_settings":{"template":"highway","default_image_id":0,"font":"","enabled":false},"version":2}},"categories":[27,10,35],"tags":[],"class_list":["post-40714","post","type-post","status-publish","format-standard","has-post-thumbnail","hentry","category-blogu-i-udhetarit","category-kultura","category-shoqerore"],"jetpack_publicize_connections":[],"jetpack_featured_media_url":"https:\/\/i0.wp.com\/www.shqiperia.com\/blog\/wp-content\/uploads\/2020\/11\/blinda-tirane.jpg?fit=764%2C416&ssl=1","jetpack_sharing_enabled":true,"jetpack_shortlink":"https:\/\/wp.me\/p5Z6wp-aAG","jetpack-related-posts":[{"id":36154,"url":"https:\/\/www.shqiperia.com\/blog\/tre-paciente-te-rinj-ne-gjendje-te-rende-manastirliu-jemi-ne-nje-moment-kritik\/","url_meta":{"origin":40714,"position":0},"title":"Tre pacient\u00eb t\u00eb rinj n\u00eb gjendje t\u00eb r\u00ebnd\u00eb. Manastirliu: &#8211; Jemi n\u00eb nj\u00eb moment kritik.","author":"Kurt Farka","date":"July 9, 2020","format":false,"excerpt":"Tre pacient\u00eb t\u00eb rinj n\u00eb gjendje t\u00eb r\u00ebnd\u00eb. Manastirliu: - Jemi n\u00eb nj\u00eb moment kritik. 9 KORRIK 2020 Ministrja Manastirliu gjat\u00eb fjal\u00ebs s\u00eb saj n\u00eb Kuvend tha se n\u00eb spitalin Infektiv, nd\u00ebr 6 pacient\u00eb q\u00eb jan\u00eb n\u00eb gjendje t\u00eb r\u00ebnd\u00eb 3 prej tyre jan\u00eb mosha t\u00eb reja, p\u00ebrkat\u00ebsisht, 46, 47\u2026","rel":"","context":"In &quot;Blogu i Udh\u00ebtarit&quot;","block_context":{"text":"Blogu i Udh\u00ebtarit","link":"https:\/\/www.shqiperia.com\/blog\/category\/blogu-i-udhetarit\/"},"img":{"alt_text":"","src":"https:\/\/i0.wp.com\/www.shqiperia.com\/blog\/wp-content\/uploads\/2020\/07\/tirana-infektivi-karantine-9.jpg?fit=1200%2C685&ssl=1&resize=350%2C200","width":350,"height":200,"srcset":"https:\/\/i0.wp.com\/www.shqiperia.com\/blog\/wp-content\/uploads\/2020\/07\/tirana-infektivi-karantine-9.jpg?fit=1200%2C685&ssl=1&resize=350%2C200 1x, https:\/\/i0.wp.com\/www.shqiperia.com\/blog\/wp-content\/uploads\/2020\/07\/tirana-infektivi-karantine-9.jpg?fit=1200%2C685&ssl=1&resize=525%2C300 1.5x, https:\/\/i0.wp.com\/www.shqiperia.com\/blog\/wp-content\/uploads\/2020\/07\/tirana-infektivi-karantine-9.jpg?fit=1200%2C685&ssl=1&resize=700%2C400 2x, https:\/\/i0.wp.com\/www.shqiperia.com\/blog\/wp-content\/uploads\/2020\/07\/tirana-infektivi-karantine-9.jpg?fit=1200%2C685&ssl=1&resize=1050%2C600 3x"},"classes":[]},{"id":32302,"url":"https:\/\/www.shqiperia.com\/blog\/ministria-15-te-infektuar-deri-tani-por-parashikojme-do-jene-me-qindra\/","url_meta":{"origin":40714,"position":1},"title":"Ministria: &#8211; 15 t\u00eb infektuar deri tani, por parashikojm\u00eb do jen\u00eb me qindra","author":"Kurt Farka","date":"March 12, 2020","format":false,"excerpt":"Ministria: - 15 t\u00eb infektuar deri tani, por parashikojm\u00eb do jen\u00eb me qindra 11 mars \u00a02020 Ministrja e Sh\u00ebndet\u00ebsis\u00eb, Ogerta Manastirliu, njoftoi pasditen e s\u00eb m\u00ebrkur\u00ebs se n\u00eb vendin ton\u00eb jan\u00eb 15 raste me koronavirus. \u201cDeri tani jan\u00eb testuar 238 persona, 15 prej tyre kan\u00eb rezultuar pozitiv\u00eb\u201d, tha ministrja n\u00eb\u2026","rel":"","context":"In &quot;Blogu i Udh\u00ebtarit&quot;","block_context":{"text":"Blogu i Udh\u00ebtarit","link":"https:\/\/www.shqiperia.com\/blog\/category\/blogu-i-udhetarit\/"},"img":{"alt_text":"","src":"https:\/\/i0.wp.com\/www.shqiperia.com\/blog\/wp-content\/uploads\/2020\/03\/nnn.jpg?fit=905%2C450&ssl=1&resize=350%2C200","width":350,"height":200,"srcset":"https:\/\/i0.wp.com\/www.shqiperia.com\/blog\/wp-content\/uploads\/2020\/03\/nnn.jpg?fit=905%2C450&ssl=1&resize=350%2C200 1x, https:\/\/i0.wp.com\/www.shqiperia.com\/blog\/wp-content\/uploads\/2020\/03\/nnn.jpg?fit=905%2C450&ssl=1&resize=525%2C300 1.5x, https:\/\/i0.wp.com\/www.shqiperia.com\/blog\/wp-content\/uploads\/2020\/03\/nnn.jpg?fit=905%2C450&ssl=1&resize=700%2C400 2x"},"classes":[]},{"id":45362,"url":"https:\/\/www.shqiperia.com\/blog\/disa-mesues-hezituan-ta-benin-vaksinen-por-rama-tregon-nese-do-pezullohet-perdorimi-i-astrazenecas\/","url_meta":{"origin":40714,"position":2},"title":"\u201cDisa m\u00ebsues hezituan ta b\u00ebnin vaksin\u00ebn, por\u2026\u201d- Rama tregon n\u00ebse do pezullohet p\u00ebrdorimi i \u201cAstraZenecas\u201d","author":"Kurt Farka","date":"March 16, 2021","format":false,"excerpt":"\u201cDisa m\u00ebsues hezituan ta b\u00ebnin vaksin\u00ebn, por\u2026\u201d- Rama tregon n\u00ebse do pezullohet p\u00ebrdorimi i \u201cAstraZenecas\u201d 16 mars 2021 Kryeministri Rama dhe ministrja e Sh\u00ebndet\u00ebsis\u00eb, Ogerta Manastirliu shoq\u00ebruar edhe nga drejtoresha e Departamentit t\u00eb S\u00ebmundjeve Infektive n\u00eb Institutin e Sh\u00ebndetit Publik, Silva Bino ishin sot n\u00eb Durr\u00ebs p\u00ebr t\u00eb ndjekur nga\u2026","rel":"","context":"In &quot;Blogu i Udh\u00ebtarit&quot;","block_context":{"text":"Blogu i Udh\u00ebtarit","link":"https:\/\/www.shqiperia.com\/blog\/category\/blogu-i-udhetarit\/"},"img":{"alt_text":"","src":"https:\/\/i0.wp.com\/www.shqiperia.com\/blog\/wp-content\/uploads\/2021\/03\/rama-mesues-vaksinime.jpg?fit=632%2C332&ssl=1&resize=350%2C200","width":350,"height":200,"srcset":"https:\/\/i0.wp.com\/www.shqiperia.com\/blog\/wp-content\/uploads\/2021\/03\/rama-mesues-vaksinime.jpg?fit=632%2C332&ssl=1&resize=350%2C200 1x, https:\/\/i0.wp.com\/www.shqiperia.com\/blog\/wp-content\/uploads\/2021\/03\/rama-mesues-vaksinime.jpg?fit=632%2C332&ssl=1&resize=525%2C300 1.5x"},"classes":[]},{"id":45382,"url":"https:\/\/www.shqiperia.com\/blog\/disa-mesues-hezituan-ta-benin-vaksinen-por-rama-tregon-nese-do-pezullohet-perdorimi-i-astrazenecas-2\/","url_meta":{"origin":40714,"position":3},"title":"\u201cDisa m\u00ebsues hezituan ta b\u00ebnin vaksin\u00ebn, por\u2026\u201d- Rama tregon n\u00ebse do pezullohet p\u00ebrdorimi i \u201cAstraZenecas\u201d","author":"Kurt Farka","date":"March 17, 2021","format":false,"excerpt":"\u201cDisa m\u00ebsues hezituan ta b\u00ebnin vaksin\u00ebn, por\u2026\u201d- Rama tregon n\u00ebse do pezullohet p\u00ebrdorimi i \u201cAstraZenecas\u201d 16 mars 2021 Kryeministri Rama dhe ministrja e Sh\u00ebndet\u00ebsis\u00eb, Ogerta Manastirliu shoq\u00ebruar edhe nga drejtoresha e Departamentit t\u00eb S\u00ebmundjeve Infektive n\u00eb Institutin e Sh\u00ebndetit Publik, Silva Bino ishin sot n\u00eb Durr\u00ebs p\u00ebr t\u00eb ndjekur nga\u2026","rel":"","context":"In &quot;Blogu i Udh\u00ebtarit&quot;","block_context":{"text":"Blogu i Udh\u00ebtarit","link":"https:\/\/www.shqiperia.com\/blog\/category\/blogu-i-udhetarit\/"},"img":{"alt_text":"","src":"https:\/\/i0.wp.com\/www.shqiperia.com\/blog\/wp-content\/uploads\/2021\/03\/Edi-rama-mesues-vaksinime.jpg?fit=632%2C332&ssl=1&resize=350%2C200","width":350,"height":200,"srcset":"https:\/\/i0.wp.com\/www.shqiperia.com\/blog\/wp-content\/uploads\/2021\/03\/Edi-rama-mesues-vaksinime.jpg?fit=632%2C332&ssl=1&resize=350%2C200 1x, https:\/\/i0.wp.com\/www.shqiperia.com\/blog\/wp-content\/uploads\/2021\/03\/Edi-rama-mesues-vaksinime.jpg?fit=632%2C332&ssl=1&resize=525%2C300 1.5x"},"classes":[]},{"id":33632,"url":"https:\/\/www.shqiperia.com\/blog\/i-pret-gjyqi-pasluftes-nuk-permbahet-aurel-plasari-nese-ky-lajm-eshte-i-vertete-do-te-thote-qe-rama-manastirliu-bino-fico-piperokane-mashtruar\/","url_meta":{"origin":40714,"position":4},"title":"&#8220;I pret gjyqi pasLuft\u00ebs&#8221;, nuk p\u00ebrmbahet Aurel Plasari: &#8211; N\u00ebse ky lajm \u00ebsht\u00eb i v\u00ebrtet\u00eb, do t\u00eb thot\u00eb q\u00eb Rama, Manastirliu, Bino, Fi\u00e7o, Pipero\u2026kan\u00eb mashtruar","author":"Kurt Farka","date":"April 22, 2020","format":false,"excerpt":"\"I pret gjyqi pasLuft\u00ebs\", nuk p\u00ebrmbahet Aurel Plasari: - N\u00ebse ky lajm \u00ebsht\u00eb i v\u00ebrtet\u00eb, do t\u00eb thot\u00eb q\u00eb Rama, Manastirliu, Bino, Fi\u00e7o, Pipero\u2026kan\u00eb mashtruar 21 Prill 2020 Nd\u00ebrkoh\u00eb q\u00eb qeveria ka propozuar shtyrjen e gjendjes e fatkeq\u00ebsis\u00eb natyrore deri m\u00eb 23 qershor, ka ardhur edhe reagimi nga profesori Aurel\u2026","rel":"","context":"In &quot;Blogu i Udh\u00ebtarit&quot;","block_context":{"text":"Blogu i Udh\u00ebtarit","link":"https:\/\/www.shqiperia.com\/blog\/category\/blogu-i-udhetarit\/"},"img":{"alt_text":"","src":"https:\/\/i0.wp.com\/www.shqiperia.com\/blog\/wp-content\/uploads\/2020\/04\/Aurel-Plasari.jpg?fit=583%2C301&ssl=1&resize=350%2C200","width":350,"height":200,"srcset":"https:\/\/i0.wp.com\/www.shqiperia.com\/blog\/wp-content\/uploads\/2020\/04\/Aurel-Plasari.jpg?fit=583%2C301&ssl=1&resize=350%2C200 1x, https:\/\/i0.wp.com\/www.shqiperia.com\/blog\/wp-content\/uploads\/2020\/04\/Aurel-Plasari.jpg?fit=583%2C301&ssl=1&resize=525%2C300 1.5x"},"classes":[]},{"id":48428,"url":"https:\/\/www.shqiperia.com\/blog\/varianti-delta-na-rrezikon-lirine-silva-bino-jep-paralajmerimin-e-frikshem\/","url_meta":{"origin":40714,"position":5},"title":"Varianti Delta na rrezikon lirin\u00eb! &#8211; Silva Bino jep paralajm\u00ebrimin e friksh\u00ebm.","author":"Kurt Farka","date":"July 12, 2021","format":false,"excerpt":"Varianti Delta na rrezikon lirin\u00eb! - Silva Bino jep paralajm\u00ebrimin e friksh\u00ebm. 12 KORRIK 2021 Alerti ndaj mutacionit \u201cDelta\u201d, pritet t\u00eb na kthej\u00eb edhe n\u00eb masa shtr\u00ebnguese. Tanim\u00eb, kur t\u00eb gjith\u00eb jan\u00eb \u00e7liruar ndaj masave anti Covid dhe jan\u00eb duke shijuar t\u00eb shfrenuar at\u00eb \u00e7far\u00eb ofron vera me plazhin dhe\u2026","rel":"","context":"In &quot;Kultura&quot;","block_context":{"text":"Kultura","link":"https:\/\/www.shqiperia.com\/blog\/category\/kultura\/"},"img":{"alt_text":"","src":"https:\/\/i0.wp.com\/www.shqiperia.com\/blog\/wp-content\/uploads\/2021\/07\/Silva-Bino.jpg?fit=940%2C525&ssl=1&resize=350%2C200","width":350,"height":200,"srcset":"https:\/\/i0.wp.com\/www.shqiperia.com\/blog\/wp-content\/uploads\/2021\/07\/Silva-Bino.jpg?fit=940%2C525&ssl=1&resize=350%2C200 1x, https:\/\/i0.wp.com\/www.shqiperia.com\/blog\/wp-content\/uploads\/2021\/07\/Silva-Bino.jpg?fit=940%2C525&ssl=1&resize=525%2C300 1.5x, https:\/\/i0.wp.com\/www.shqiperia.com\/blog\/wp-content\/uploads\/2021\/07\/Silva-Bino.jpg?fit=940%2C525&ssl=1&resize=700%2C400 2x"},"classes":[]}],"_links":{"self":[{"href":"https:\/\/www.shqiperia.com\/blog\/wp-json\/wp\/v2\/posts\/40714","targetHints":{"allow":["GET"]}}],"collection":[{"href":"https:\/\/www.shqiperia.com\/blog\/wp-json\/wp\/v2\/posts"}],"about":[{"href":"https:\/\/www.shqiperia.com\/blog\/wp-json\/wp\/v2\/types\/post"}],"author":[{"embeddable":true,"href":"https:\/\/www.shqiperia.com\/blog\/wp-json\/wp\/v2\/users\/9"}],"replies":[{"embeddable":true,"href":"https:\/\/www.shqiperia.com\/blog\/wp-json\/wp\/v2\/comments?post=40714"}],"version-history":[{"count":1,"href":"https:\/\/www.shqiperia.com\/blog\/wp-json\/wp\/v2\/posts\/40714\/revisions"}],"predecessor-version":[{"id":40716,"href":"https:\/\/www.shqiperia.com\/blog\/wp-json\/wp\/v2\/posts\/40714\/revisions\/40716"}],"wp:featuredmedia":[{"embeddable":true,"href":"https:\/\/www.shqiperia.com\/blog\/wp-json\/wp\/v2\/media\/40715"}],"wp:attachment":[{"href":"https:\/\/www.shqiperia.com\/blog\/wp-json\/wp\/v2\/media?parent=40714"}],"wp:term":[{"taxonomy":"category","embeddable":true,"href":"https:\/\/www.shqiperia.com\/blog\/wp-json\/wp\/v2\/categories?post=40714"},{"taxonomy":"post_tag","embeddable":true,"href":"https:\/\/www.shqiperia.com\/blog\/wp-json\/wp\/v2\/tags?post=40714"}],"curies":[{"name":"wp","href":"https:\/\/api.w.org\/{rel}","templated":true}]}}