{"id":40259,"date":"2020-10-29T20:53:34","date_gmt":"2020-10-29T20:53:34","guid":{"rendered":"https:\/\/www.shqiperia.com\/blog\/?p=40259"},"modified":"2020-10-29T20:53:43","modified_gmt":"2020-10-29T20:53:43","slug":"arti-shqiptar-ne-zi-shuhet-kompozitori-i-mirenjohur-avni-mula-mesazhi-prekes-i-inves-gjiganti-jone-fluturoi-ne-valsin-e-perjetesise","status":"publish","type":"post","link":"https:\/\/www.shqiperia.com\/blog\/arti-shqiptar-ne-zi-shuhet-kompozitori-i-mirenjohur-avni-mula-mesazhi-prekes-i-inves-gjiganti-jone-fluturoi-ne-valsin-e-perjetesise\/","title":{"rendered":"Arti shqiptar n\u00eb zi, shuhet kompozitori i mir\u00ebnjohur Avni Mula. &#8211; Mesazhi prek\u00ebs i Inv\u00ebs: Gjiganti jon\u00eb fluturoi n\u00eb Valsin e Perjet\u00ebsis\u00eb"},"content":{"rendered":"<p><img data-recalc-dims=\"1\" loading=\"lazy\" decoding=\"async\" data-attachment-id=\"40261\" data-permalink=\"https:\/\/www.shqiperia.com\/blog\/arti-shqiptar-ne-zi-shuhet-kompozitori-i-mirenjohur-avni-mula-mesazhi-prekes-i-inves-gjiganti-jone-fluturoi-ne-valsin-e-perjetesise\/avni-mula\/\" data-orig-file=\"https:\/\/i0.wp.com\/www.shqiperia.com\/blog\/wp-content\/uploads\/2020\/10\/Avni-Mula.jpg?fit=403%2C252&amp;ssl=1\" data-orig-size=\"403,252\" data-comments-opened=\"1\" data-image-meta=\"{&quot;aperture&quot;:&quot;0&quot;,&quot;credit&quot;:&quot;&quot;,&quot;camera&quot;:&quot;&quot;,&quot;caption&quot;:&quot;&quot;,&quot;created_timestamp&quot;:&quot;0&quot;,&quot;copyright&quot;:&quot;&quot;,&quot;focal_length&quot;:&quot;0&quot;,&quot;iso&quot;:&quot;0&quot;,&quot;shutter_speed&quot;:&quot;0&quot;,&quot;title&quot;:&quot;&quot;,&quot;orientation&quot;:&quot;0&quot;}\" data-image-title=\"Avni Mula\" data-image-description=\"\" data-image-caption=\"\" data-medium-file=\"https:\/\/i0.wp.com\/www.shqiperia.com\/blog\/wp-content\/uploads\/2020\/10\/Avni-Mula.jpg?fit=300%2C188&amp;ssl=1\" data-large-file=\"https:\/\/i0.wp.com\/www.shqiperia.com\/blog\/wp-content\/uploads\/2020\/10\/Avni-Mula.jpg?fit=403%2C252&amp;ssl=1\" class=\"alignnone wp-image-40261\" alt=\"\" src=\"https:\/\/i0.wp.com\/www.shqiperia.com\/blog\/wp-content\/uploads\/2020\/10\/Avni-Mula.jpg?resize=463%2C290&#038;ssl=1\" width=\"463\" height=\"290\" srcset=\"https:\/\/i0.wp.com\/www.shqiperia.com\/blog\/wp-content\/uploads\/2020\/10\/Avni-Mula.jpg?resize=300%2C188&amp;ssl=1 300w, https:\/\/i0.wp.com\/www.shqiperia.com\/blog\/wp-content\/uploads\/2020\/10\/Avni-Mula.jpg?resize=400%2C250&amp;ssl=1 400w, https:\/\/i0.wp.com\/www.shqiperia.com\/blog\/wp-content\/uploads\/2020\/10\/Avni-Mula.jpg?w=403&amp;ssl=1 403w\" sizes=\"auto, (max-width: 463px) 100vw, 463px\" \/><\/p>\n<p><strong>Arti shqiptar n\u00eb zi, shuhet kompozitori i mir\u00ebnjohur Avni Mula. Mesazhi prek\u00ebs i Inv\u00ebs: Gjiganti jon\u00eb fluturoi n\u00eb Valsin e Perjet\u00ebsis\u00eb<\/strong><\/p>\n<p>29\/10\/2020 &#8211; 21:41<\/p>\n<p><img data-recalc-dims=\"1\" loading=\"lazy\" decoding=\"async\" data-attachment-id=\"40262\" data-permalink=\"https:\/\/www.shqiperia.com\/blog\/arti-shqiptar-ne-zi-shuhet-kompozitori-i-mirenjohur-avni-mula-mesazhi-prekes-i-inves-gjiganti-jone-fluturoi-ne-valsin-e-perjetesise\/avni-mula-2\/\" data-orig-file=\"https:\/\/i0.wp.com\/www.shqiperia.com\/blog\/wp-content\/uploads\/2020\/10\/Avni-Mula-2.jpg?fit=884%2C530&amp;ssl=1\" data-orig-size=\"884,530\" data-comments-opened=\"1\" data-image-meta=\"{&quot;aperture&quot;:&quot;0&quot;,&quot;credit&quot;:&quot;&quot;,&quot;camera&quot;:&quot;&quot;,&quot;caption&quot;:&quot;&quot;,&quot;created_timestamp&quot;:&quot;0&quot;,&quot;copyright&quot;:&quot;&quot;,&quot;focal_length&quot;:&quot;0&quot;,&quot;iso&quot;:&quot;0&quot;,&quot;shutter_speed&quot;:&quot;0&quot;,&quot;title&quot;:&quot;&quot;,&quot;orientation&quot;:&quot;0&quot;}\" data-image-title=\"Avni Mula (2)\" data-image-description=\"\" data-image-caption=\"\" data-medium-file=\"https:\/\/i0.wp.com\/www.shqiperia.com\/blog\/wp-content\/uploads\/2020\/10\/Avni-Mula-2.jpg?fit=300%2C180&amp;ssl=1\" data-large-file=\"https:\/\/i0.wp.com\/www.shqiperia.com\/blog\/wp-content\/uploads\/2020\/10\/Avni-Mula-2.jpg?fit=884%2C530&amp;ssl=1\" class=\"alignnone wp-image-40262\" alt=\"\" src=\"https:\/\/i0.wp.com\/www.shqiperia.com\/blog\/wp-content\/uploads\/2020\/10\/Avni-Mula-2.jpg?resize=642%2C385&#038;ssl=1\" width=\"642\" height=\"385\" srcset=\"https:\/\/i0.wp.com\/www.shqiperia.com\/blog\/wp-content\/uploads\/2020\/10\/Avni-Mula-2.jpg?resize=300%2C180&amp;ssl=1 300w, https:\/\/i0.wp.com\/www.shqiperia.com\/blog\/wp-content\/uploads\/2020\/10\/Avni-Mula-2.jpg?resize=768%2C460&amp;ssl=1 768w, https:\/\/i0.wp.com\/www.shqiperia.com\/blog\/wp-content\/uploads\/2020\/10\/Avni-Mula-2.jpg?resize=450%2C270&amp;ssl=1 450w, https:\/\/i0.wp.com\/www.shqiperia.com\/blog\/wp-content\/uploads\/2020\/10\/Avni-Mula-2.jpg?resize=600%2C360&amp;ssl=1 600w, https:\/\/i0.wp.com\/www.shqiperia.com\/blog\/wp-content\/uploads\/2020\/10\/Avni-Mula-2.jpg?resize=400%2C240&amp;ssl=1 400w, https:\/\/i0.wp.com\/www.shqiperia.com\/blog\/wp-content\/uploads\/2020\/10\/Avni-Mula-2.jpg?w=884&amp;ssl=1 884w\" sizes=\"auto, (max-width: 642px) 100vw, 642px\" \/><\/p>\n<p>Nd\u00ebrron jet\u00eb n\u00eb smosh\u00ebn 92-vje\u00e7are kompozitori Avni Mula. Lajmin e ka b\u00ebr\u00eb me dije vajza e tij, sopranja e mir\u00ebnjohur Inva Mula.<\/p>\n<p><strong><em>Inva Mula:<\/em><\/strong><em>\u00a0Gjigandi jon\u00eb fluturoi n\u00eb Valsin e Perjet\u00ebsis\u00eb! P\u00ebr nj\u00eb p\u00ebrshendetje me dor\u00eb n\u00eb zem\u00ebr, homazhet kryen nes\u00ebr, 30 tetor, ora 11:00-13:00 n\u00eb hollin e Universitetit t\u00eb Arteve, Tiran\u00eb.<\/em><\/p>\n<div id=\"attachment_40263\" style=\"width: 462px\" class=\"wp-caption alignnone\"><img data-recalc-dims=\"1\" loading=\"lazy\" decoding=\"async\" aria-describedby=\"caption-attachment-40263\" data-attachment-id=\"40263\" data-permalink=\"https:\/\/www.shqiperia.com\/blog\/arti-shqiptar-ne-zi-shuhet-kompozitori-i-mirenjohur-avni-mula-mesazhi-prekes-i-inves-gjiganti-jone-fluturoi-ne-valsin-e-perjetesise\/avni-mula-3\/\" data-orig-file=\"https:\/\/i0.wp.com\/www.shqiperia.com\/blog\/wp-content\/uploads\/2020\/10\/Avni-Mula-3.jpg?fit=403%2C501&amp;ssl=1\" data-orig-size=\"403,501\" data-comments-opened=\"1\" data-image-meta=\"{&quot;aperture&quot;:&quot;0&quot;,&quot;credit&quot;:&quot;&quot;,&quot;camera&quot;:&quot;&quot;,&quot;caption&quot;:&quot;&quot;,&quot;created_timestamp&quot;:&quot;0&quot;,&quot;copyright&quot;:&quot;&quot;,&quot;focal_length&quot;:&quot;0&quot;,&quot;iso&quot;:&quot;0&quot;,&quot;shutter_speed&quot;:&quot;0&quot;,&quot;title&quot;:&quot;&quot;,&quot;orientation&quot;:&quot;0&quot;}\" data-image-title=\"Avni Mula\" data-image-description=\"\" data-image-caption=\"&lt;p&gt;Avni Mula &lt;\/p&gt;\n\" data-medium-file=\"https:\/\/i0.wp.com\/www.shqiperia.com\/blog\/wp-content\/uploads\/2020\/10\/Avni-Mula-3.jpg?fit=241%2C300&amp;ssl=1\" data-large-file=\"https:\/\/i0.wp.com\/www.shqiperia.com\/blog\/wp-content\/uploads\/2020\/10\/Avni-Mula-3.jpg?fit=403%2C501&amp;ssl=1\" class=\" wp-image-40263\" alt=\"\" src=\"https:\/\/i0.wp.com\/www.shqiperia.com\/blog\/wp-content\/uploads\/2020\/10\/Avni-Mula-3.jpg?resize=452%2C563&#038;ssl=1\" width=\"452\" height=\"563\" srcset=\"https:\/\/i0.wp.com\/www.shqiperia.com\/blog\/wp-content\/uploads\/2020\/10\/Avni-Mula-3.jpg?resize=241%2C300&amp;ssl=1 241w, https:\/\/i0.wp.com\/www.shqiperia.com\/blog\/wp-content\/uploads\/2020\/10\/Avni-Mula-3.jpg?resize=400%2C497&amp;ssl=1 400w, https:\/\/i0.wp.com\/www.shqiperia.com\/blog\/wp-content\/uploads\/2020\/10\/Avni-Mula-3.jpg?w=403&amp;ssl=1 403w\" sizes=\"auto, (max-width: 452px) 100vw, 452px\" \/><p id=\"caption-attachment-40263\" class=\"wp-caption-text\">Avni Mula<\/p><\/div>\n<p><em>Avni Mula 04.01.1928 \u2013 29.10.2020<\/em><\/p>\n","protected":false},"excerpt":{"rendered":"<p>Arti shqiptar n\u00eb zi, shuhet kompozitori i mir\u00ebnjohur Avni Mula. Mesazhi prek\u00ebs i Inv\u00ebs: Gjiganti jon\u00eb fluturoi n\u00eb Valsin e Perjet\u00ebsis\u00eb 29\/10\/2020 &#8211; 21:41 Nd\u00ebrron jet\u00eb n\u00eb smosh\u00ebn 92-vje\u00e7are kompozitori Avni Mula. Lajmin e ka b\u00ebr\u00eb me dije vajza e tij, sopranja e mir\u00ebnjohur Inva Mula. Inva Mula:\u00a0Gjigandi jon\u00eb fluturoi n\u00eb Valsin e Perjet\u00ebsis\u00eb! P\u00ebr [&hellip;]<\/p>\n","protected":false},"author":9,"featured_media":40261,"comment_status":"open","ping_status":"open","sticky":false,"template":"","format":"standard","meta":{"jetpack_post_was_ever_published":false,"_jetpack_newsletter_access":"","_jetpack_dont_email_post_to_subs":false,"_jetpack_newsletter_tier_id":0,"_jetpack_memberships_contains_paywalled_content":false,"_jetpack_memberships_contains_paid_content":false,"footnotes":"","jetpack_publicize_message":"","jetpack_publicize_feature_enabled":true,"jetpack_social_post_already_shared":true,"jetpack_social_options":{"image_generator_settings":{"template":"highway","default_image_id":0,"font":"","enabled":false},"version":2}},"categories":[87,10,1],"tags":[],"class_list":["post-40259","post","type-post","status-publish","format-standard","has-post-thumbnail","hentry","category-arte","category-kultura","category-njoftime-shtypi"],"jetpack_publicize_connections":[],"jetpack_featured_media_url":"https:\/\/i0.wp.com\/www.shqiperia.com\/blog\/wp-content\/uploads\/2020\/10\/Avni-Mula.jpg?fit=403%2C252&ssl=1","jetpack_sharing_enabled":true,"jetpack_shortlink":"https:\/\/wp.me\/p5Z6wp-atl","jetpack-related-posts":[{"id":30059,"url":"https:\/\/www.shqiperia.com\/blog\/avni-mula-feston-92-vjetorin-urimi-special-qe-i-ben-e-bija-inva-mula\/","url_meta":{"origin":40259,"position":0},"title":"Avni Mula feston 92-vjetorin, urimi special q\u00eb i b\u00ebn e bija, Inva Mula","author":"Kurt Farka","date":"January 6, 2020","format":false,"excerpt":"Avni Mula feston 92-vjetorin, urimi special q\u00eb i b\u00ebn e bija, Inva Mula 5 janar 2020 Avni Mula,\u00a0Artisti i Popullit dhe Nderi i Kombit, feston 92 vjetorin e lindjes.\u00a0Vajza e tij, sopranoja e madhe shqiptare, Inva Mula, i ka dedikuar nje urim shume special, duke e quajtur ate hero 29\u2026","rel":"","context":"In &quot;Arte&quot;","block_context":{"text":"Arte","link":"https:\/\/www.shqiperia.com\/blog\/category\/arte\/"},"img":{"alt_text":"","src":"https:\/\/i0.wp.com\/www.shqiperia.com\/blog\/wp-content\/uploads\/2020\/01\/inva.jpg?fit=512%2C292&ssl=1&resize=350%2C200","width":350,"height":200},"classes":[]},{"id":79511,"url":"https:\/\/www.shqiperia.com\/blog\/ndahet-nga-jeta-kengetari-i-njohur-shqiptar-gjergj-suljoti\/","url_meta":{"origin":40259,"position":1},"title":"Ndahet nga jeta k\u00ebng\u00ebtari i njohur shqiptar Gjergj Suljoti","author":"Kurt Farka","date":"March 23, 2024","format":false,"excerpt":"23 Mars 2024 K\u00ebng\u00ebtari i dhjet\u00ebra roleve n\u00eb Teatrin e Operas dhe Baletit, Gjergj Suljoti \u00ebsht\u00eb ndar\u00eb nga jeta dit\u00ebn e sotme. Lajmi p\u00ebr ndarjen nga jeta t\u00eb k\u00ebng\u00ebtarit t\u00eb Korit Lirat, dhe ansamblit \u201cSkenderbeu\u201d t\u00eb serenatave kor\u00e7are \u00ebsht\u00eb b\u00ebr\u00eb i ditur pak minuta m\u00eb par\u00eb teatri i Kor\u00e7\u00ebs\u201dAndon Zako\u2026","rel":"","context":"In &quot;Arte&quot;","block_context":{"text":"Arte","link":"https:\/\/www.shqiperia.com\/blog\/category\/arte\/"},"img":{"alt_text":"","src":"https:\/\/i0.wp.com\/www.shqiperia.com\/blog\/wp-content\/uploads\/2024\/03\/Gjergj-Sujoti.jpeg?fit=444%2C357&ssl=1&resize=350%2C200","width":350,"height":200},"classes":[]},{"id":35464,"url":"https:\/\/www.shqiperia.com\/blog\/shuhet-kompozitori-i-kengeve-epike-perparim-tomcini\/","url_meta":{"origin":40259,"position":2},"title":"Shuhet kompozitori i k\u00ebng\u00ebve epike, P\u00ebrparim Tom\u00e7ini","author":"Kurt Farka","date":"June 6, 2020","format":false,"excerpt":"\u00cbsht\u00eb shuar n\u00eb mosh\u00ebn 65-vje\u00e7are kompozitori P\u00ebrparim Tom\u00e7ini. U lind n\u00eb Peshkopi. Kreu studimet e larta p\u00ebr kompozicion n\u00eb Akademin\u00eb e Arteve. N\u00eb 1979 nisi pun\u00eb si p\u00ebrgjegj\u00ebs i Muzik\u00ebs n\u00eb Sht\u00ebpin\u00eb e Kultur\u00ebs Qendr\u00ebn Kulturore \"Haki St\u00ebrmilli\u201d n\u00eb Peshkopi dhe pastaj n\u00eb Kamz\u00eb. 5 Qershor 2020 \u00cbsht\u00eb shuar n\u00eb\u2026","rel":"","context":"In &quot;Arte&quot;","block_context":{"text":"Arte","link":"https:\/\/www.shqiperia.com\/blog\/category\/arte\/"},"img":{"alt_text":"","src":"https:\/\/i0.wp.com\/www.shqiperia.com\/blog\/wp-content\/uploads\/2020\/06\/P%C3%ABrparim-Tom%C3%A7ini-3.jpg?fit=892%2C524&ssl=1&resize=350%2C200","width":350,"height":200,"srcset":"https:\/\/i0.wp.com\/www.shqiperia.com\/blog\/wp-content\/uploads\/2020\/06\/P%C3%ABrparim-Tom%C3%A7ini-3.jpg?fit=892%2C524&ssl=1&resize=350%2C200 1x, https:\/\/i0.wp.com\/www.shqiperia.com\/blog\/wp-content\/uploads\/2020\/06\/P%C3%ABrparim-Tom%C3%A7ini-3.jpg?fit=892%2C524&ssl=1&resize=525%2C300 1.5x, https:\/\/i0.wp.com\/www.shqiperia.com\/blog\/wp-content\/uploads\/2020\/06\/P%C3%ABrparim-Tom%C3%A7ini-3.jpg?fit=892%2C524&ssl=1&resize=700%2C400 2x"},"classes":[]},{"id":77848,"url":"https:\/\/www.shqiperia.com\/blog\/shuhet-ne-moshen-95-vjecare-kompozitori-i-shquar-nexhmedin-doko\/","url_meta":{"origin":40259,"position":3},"title":"Shuhet n\u00eb mosh\u00ebn 95-vje\u00e7are kompozitori i shquar, Nexhmedin Doko","author":"Kurt Farka","date":"February 2, 2024","format":false,"excerpt":"2 Shkurt 2024 \u00cbsht\u00eb shuar n\u00eb mosh\u00ebn 95-vje\u00e7are,\u00a0Nexhmedin Doko, kompozitori i shquar, autor i shum\u00eb k\u00ebng\u00ebve t\u00eb muzik\u00ebs s\u00eb leht\u00eb dhe teksteve shkollore. Nexhmedin Doko lindi n\u00eb vitin 1929, n\u00eb qytetin e Beratit. N\u00eb vitin 1950 p\u00ebrfundoi me rezultate t\u00eb larta Liceun Artistik \"Jordan Misja\" n\u00eb Tiran\u00eb. Prof. Doko ishte\u2026","rel":"","context":"In &quot;Arte&quot;","block_context":{"text":"Arte","link":"https:\/\/www.shqiperia.com\/blog\/category\/arte\/"},"img":{"alt_text":"","src":"https:\/\/i0.wp.com\/www.shqiperia.com\/blog\/wp-content\/uploads\/2024\/02\/Nexhmedin-doko.png?fit=742%2C438&ssl=1&resize=350%2C200","width":350,"height":200,"srcset":"https:\/\/i0.wp.com\/www.shqiperia.com\/blog\/wp-content\/uploads\/2024\/02\/Nexhmedin-doko.png?fit=742%2C438&ssl=1&resize=350%2C200 1x, https:\/\/i0.wp.com\/www.shqiperia.com\/blog\/wp-content\/uploads\/2024\/02\/Nexhmedin-doko.png?fit=742%2C438&ssl=1&resize=525%2C300 1.5x, https:\/\/i0.wp.com\/www.shqiperia.com\/blog\/wp-content\/uploads\/2024\/02\/Nexhmedin-doko.png?fit=742%2C438&ssl=1&resize=700%2C400 2x"},"classes":[]},{"id":3055,"url":"https:\/\/www.shqiperia.com\/blog\/ema-qazimi-ne-rrugetimin-e-saj-artistik\/","url_meta":{"origin":40259,"position":4},"title":"Ema Qazimi n\u00eb rrug\u00ebtimin e saj artistik. &#8211;","author":"Kurt Farka","date":"February 14, 2018","format":false,"excerpt":"Ema Qazimi lindi n\u00eb Tiran\u00eb, m\u00eb 18 n\u00ebntor 1954. E martuar me Prof.Dr. Ramazan H. Bogdani, ka nj\u00eb vajz\u00eb, Ershela Bogdani. Konsiderohet si nj\u00eb nga personalitet m\u00eb t\u00eb padiskutueshme t\u00eb artit skenik, n\u00eb fush\u00ebn e interpretimit t\u00eb k\u00ebng\u00ebs shqiptare. N\u00eb vitin 1972, kreu Shkoll\u00ebn e Mesme Artisitke \u201cJordan Misja\u201d n\u00eb\u2026","rel":"","context":"In &quot;Arte&quot;","block_context":{"text":"Arte","link":"https:\/\/www.shqiperia.com\/blog\/category\/arte\/"},"img":{"alt_text":"","src":"https:\/\/i0.wp.com\/www.shqiperia.com\/blog\/wp-content\/uploads\/2018\/02\/Ema_Qazimi-4.jpg?fit=770%2C439&ssl=1&resize=350%2C200","width":350,"height":200,"srcset":"https:\/\/i0.wp.com\/www.shqiperia.com\/blog\/wp-content\/uploads\/2018\/02\/Ema_Qazimi-4.jpg?fit=770%2C439&ssl=1&resize=350%2C200 1x, https:\/\/i0.wp.com\/www.shqiperia.com\/blog\/wp-content\/uploads\/2018\/02\/Ema_Qazimi-4.jpg?fit=770%2C439&ssl=1&resize=525%2C300 1.5x, https:\/\/i0.wp.com\/www.shqiperia.com\/blog\/wp-content\/uploads\/2018\/02\/Ema_Qazimi-4.jpg?fit=770%2C439&ssl=1&resize=700%2C400 2x"},"classes":[]},{"id":98575,"url":"https:\/\/www.shqiperia.com\/blog\/ramiz-kovaci-njeriu-dhe-artisti-i-madh-qe-i-dha-ze-dinjitet-dhe-madheshti-artit-lirik-shqiptar\/","url_meta":{"origin":40259,"position":5},"title":"Ramiz Kova\u00e7i, njeriu dhe artisti i madh q\u00eb i dha z\u00eb, dinjitet dhe madh\u00ebshti artit lirik shqiptar","author":"Kurt Farka","date":"March 22, 2026","format":false,"excerpt":"22 Mars 2026 N\u00eb p\u00ebrvjetorin e lindjes s\u00eb tij, Teatri Komb\u00ebtar i Operas, Baletit dhe Ansamblit Popullor kujtoi me nderim t\u00eb ve\u00e7ant\u00eb \u201cNderin e Kombit\u201d, baritonin e shquar Ramiz Kova\u00e7i, nj\u00eb nga figurat m\u00eb t\u00eb m\u00ebdha t\u00eb artit dhe kultur\u00ebs shqiptare. I diplomuar me Medalje t\u00eb Art\u00eb n\u00eb Konservatorin e\u2026","rel":"","context":"In &quot;Arte&quot;","block_context":{"text":"Arte","link":"https:\/\/www.shqiperia.com\/blog\/category\/arte\/"},"img":{"alt_text":"","src":"https:\/\/i0.wp.com\/www.shqiperia.com\/blog\/wp-content\/uploads\/2026\/03\/Ramiz-Kovaci-1.jpg?fit=640%2C526&ssl=1&resize=350%2C200","width":350,"height":200,"srcset":"https:\/\/i0.wp.com\/www.shqiperia.com\/blog\/wp-content\/uploads\/2026\/03\/Ramiz-Kovaci-1.jpg?fit=640%2C526&ssl=1&resize=350%2C200 1x, https:\/\/i0.wp.com\/www.shqiperia.com\/blog\/wp-content\/uploads\/2026\/03\/Ramiz-Kovaci-1.jpg?fit=640%2C526&ssl=1&resize=525%2C300 1.5x"},"classes":[]}],"_links":{"self":[{"href":"https:\/\/www.shqiperia.com\/blog\/wp-json\/wp\/v2\/posts\/40259","targetHints":{"allow":["GET"]}}],"collection":[{"href":"https:\/\/www.shqiperia.com\/blog\/wp-json\/wp\/v2\/posts"}],"about":[{"href":"https:\/\/www.shqiperia.com\/blog\/wp-json\/wp\/v2\/types\/post"}],"author":[{"embeddable":true,"href":"https:\/\/www.shqiperia.com\/blog\/wp-json\/wp\/v2\/users\/9"}],"replies":[{"embeddable":true,"href":"https:\/\/www.shqiperia.com\/blog\/wp-json\/wp\/v2\/comments?post=40259"}],"version-history":[{"count":2,"href":"https:\/\/www.shqiperia.com\/blog\/wp-json\/wp\/v2\/posts\/40259\/revisions"}],"predecessor-version":[{"id":40264,"href":"https:\/\/www.shqiperia.com\/blog\/wp-json\/wp\/v2\/posts\/40259\/revisions\/40264"}],"wp:featuredmedia":[{"embeddable":true,"href":"https:\/\/www.shqiperia.com\/blog\/wp-json\/wp\/v2\/media\/40261"}],"wp:attachment":[{"href":"https:\/\/www.shqiperia.com\/blog\/wp-json\/wp\/v2\/media?parent=40259"}],"wp:term":[{"taxonomy":"category","embeddable":true,"href":"https:\/\/www.shqiperia.com\/blog\/wp-json\/wp\/v2\/categories?post=40259"},{"taxonomy":"post_tag","embeddable":true,"href":"https:\/\/www.shqiperia.com\/blog\/wp-json\/wp\/v2\/tags?post=40259"}],"curies":[{"name":"wp","href":"https:\/\/api.w.org\/{rel}","templated":true}]}}