{"id":40255,"date":"2020-10-29T19:40:03","date_gmt":"2020-10-29T19:40:03","guid":{"rendered":"https:\/\/www.shqiperia.com\/blog\/?p=40255"},"modified":"2020-10-29T19:40:03","modified_gmt":"2020-10-29T19:40:03","slug":"1978-floriri-i-zbuluar-ne-tuc-telegramet-rreth-tij","status":"publish","type":"post","link":"https:\/\/www.shqiperia.com\/blog\/1978-floriri-i-zbuluar-ne-tuc-telegramet-rreth-tij\/","title":{"rendered":"1978; &#8211; Floriri i zbuluar n\u00eb Tu\u00e7, telegramet rreth tij"},"content":{"rendered":"<p><img data-recalc-dims=\"1\" loading=\"lazy\" decoding=\"async\" data-attachment-id=\"40256\" data-permalink=\"https:\/\/www.shqiperia.com\/blog\/1978-floriri-i-zbuluar-ne-tuc-telegramet-rreth-tij\/072d6dfa23dbb2dfbc5715823ec89e0c_xl\/\" data-orig-file=\"https:\/\/i0.wp.com\/www.shqiperia.com\/blog\/wp-content\/uploads\/2020\/10\/072d6dfa23dbb2dfbc5715823ec89e0c_XL.jpg?fit=800%2C502&amp;ssl=1\" data-orig-size=\"800,502\" data-comments-opened=\"1\" data-image-meta=\"{&quot;aperture&quot;:&quot;0&quot;,&quot;credit&quot;:&quot;&quot;,&quot;camera&quot;:&quot;&quot;,&quot;caption&quot;:&quot;&quot;,&quot;created_timestamp&quot;:&quot;0&quot;,&quot;copyright&quot;:&quot;&quot;,&quot;focal_length&quot;:&quot;0&quot;,&quot;iso&quot;:&quot;0&quot;,&quot;shutter_speed&quot;:&quot;0&quot;,&quot;title&quot;:&quot;&quot;,&quot;orientation&quot;:&quot;0&quot;}\" data-image-title=\"072d6dfa23dbb2dfbc5715823ec89e0c_XL\" data-image-description=\"\" data-image-caption=\"\" data-medium-file=\"https:\/\/i0.wp.com\/www.shqiperia.com\/blog\/wp-content\/uploads\/2020\/10\/072d6dfa23dbb2dfbc5715823ec89e0c_XL.jpg?fit=300%2C188&amp;ssl=1\" data-large-file=\"https:\/\/i0.wp.com\/www.shqiperia.com\/blog\/wp-content\/uploads\/2020\/10\/072d6dfa23dbb2dfbc5715823ec89e0c_XL.jpg?fit=800%2C502&amp;ssl=1\" class=\"alignnone  wp-image-40256\" alt=\"\" src=\"https:\/\/i0.wp.com\/www.shqiperia.com\/blog\/wp-content\/uploads\/2020\/10\/072d6dfa23dbb2dfbc5715823ec89e0c_XL.jpg?resize=484%2C303&#038;ssl=1\" width=\"484\" height=\"303\" srcset=\"https:\/\/i0.wp.com\/www.shqiperia.com\/blog\/wp-content\/uploads\/2020\/10\/072d6dfa23dbb2dfbc5715823ec89e0c_XL.jpg?resize=300%2C188&amp;ssl=1 300w, https:\/\/i0.wp.com\/www.shqiperia.com\/blog\/wp-content\/uploads\/2020\/10\/072d6dfa23dbb2dfbc5715823ec89e0c_XL.jpg?resize=768%2C482&amp;ssl=1 768w, https:\/\/i0.wp.com\/www.shqiperia.com\/blog\/wp-content\/uploads\/2020\/10\/072d6dfa23dbb2dfbc5715823ec89e0c_XL.jpg?resize=450%2C282&amp;ssl=1 450w, https:\/\/i0.wp.com\/www.shqiperia.com\/blog\/wp-content\/uploads\/2020\/10\/072d6dfa23dbb2dfbc5715823ec89e0c_XL.jpg?resize=600%2C377&amp;ssl=1 600w, https:\/\/i0.wp.com\/www.shqiperia.com\/blog\/wp-content\/uploads\/2020\/10\/072d6dfa23dbb2dfbc5715823ec89e0c_XL.jpg?resize=400%2C251&amp;ssl=1 400w, https:\/\/i0.wp.com\/www.shqiperia.com\/blog\/wp-content\/uploads\/2020\/10\/072d6dfa23dbb2dfbc5715823ec89e0c_XL.jpg?w=800&amp;ssl=1 800w\" sizes=\"auto, (max-width: 484px) 100vw, 484px\" \/><\/p>\n<p><strong>1978; &#8211; Floriri i zbuluar n\u00eb Tu\u00e7, telegramet rreth tij<\/strong><\/p>\n<p>29 tetor 2020<\/p>\n<p>Nga Kastriot Dervishi.<\/p>\n<p>N\u00eb ver\u00ebn e vitit 1978 u zbulua flori n\u00eb minier\u00ebn e Tu\u00e7it n\u00eb Puk\u00eb. Kjo del nga telegramet e shk\u00ebmbyera midis udh\u00ebheq\u00ebsve t\u00eb koh\u00ebs.<\/p>\n<p>***<\/p>\n<p>11.8.1978, shokut Enver, Pogradec<\/p>\n<p>N\u00eb Tu\u00e7 ram\u00eb n\u00eb nj\u00eb bllok mineral bakri t\u00eb r\u00ebnd\u00ebsish\u00ebm, me p\u00ebrmbajtje t\u00eb lart\u00eb floriri q\u00eb shkon 5-60 gram flori p\u00ebr ton mineral. Kur miniera ka mbi 3 gram flori p\u00ebr ton mineral, quhet minier\u00eb floriri. Sot ne nxjerrim floririn nga minerali i bakrit me 1-1.5 gram flori p\u00ebr ton mineral. Ndaluam h\u00eb p\u00ebr h\u00eb shfryt\u00ebzimin e minier\u00ebs s\u00eb Tu\u00e7it si minier\u00eb bakri dhe mineralin e nxjerr\u00eb e shikojm\u00eb p\u00ebr t\u00eb studiuar m\u00eb tej shfryt\u00ebzimin e k\u00ebsaj miniere.\u00a0K\u00ebtej gjith\u00eb jemi mir\u00eb, Hysniu, Hakiu, Bab\u00eb Myslimi, etj. Adili m\u00eb 22 niset p\u00ebr Parti p\u00ebr t\u00eb p\u00ebrfunduar kur\u00ebn.<\/p>\n<p>Durr\u00ebs, 11.8.1978<\/p>\n<p>Ju p\u00ebrqafoj me mall, Mehmeti<\/p>\n<p>Sh\u00ebnim: Vapori yn\u00eb q\u00eb ishte n\u00eb Shangai shkoi n\u00eb Kore, mori ngarkes\u00ebn dhe sot niset p\u00ebr kthim n\u00eb Durr\u00ebs.<\/p>\n<p>***<\/p>\n<p><strong>11.8.1978, shokut Mehmet, Durr\u00ebs<\/strong><\/p>\n<p>I dashur shoku Mehmet. Telegramin me sihariqe shum\u00eb t\u00eb mir\u00eb, m\u00eb g\u00ebzoi pa mas\u00eb. P\u00ebr asnj\u00eb moment nuk dyshonim se pasurira t\u00eb mira fshiheshin dhe fshihen akoma n\u00eb n\u00ebntok\u00ebn bujare t\u00eb atdheut ton\u00eb. Rruga e drejt\u00eb e partis\u00eb ton\u00eb, po i nxjerr dhe i v\u00eb n\u00eb sh\u00ebrbim t\u00eb popullit n\u00eb nd\u00ebrtim t\u00eb socializmit. Perspektivat e 5-vje\u00e7arit t\u00eb ardhsh\u00ebm jan\u00eb shum\u00eb t\u00eb mira, p\u00ebr g\u00ebzimin e popullit ton\u00eb, t\u00eb miqve tan\u00eb t\u00eb shumt\u00eb, opinionin dhe p\u00ebr inat t\u00eb armiqve nga po i demaskojm\u00eb pa m\u00ebshir\u00eb. \u00c7\u00ebshtja e zbulimit t\u00eb arit n\u00eb Tu\u00e7, ve\u00e7an\u00ebrisht duhet v\u00ebn\u00eb n\u00ebn kontroll dhe duhet mbajtur sekret. T\u00eb gjitha zbulimet minerare, mendoj se po ashtu duhen mbajtur sekret, sasin\u00eb, cil\u00ebsin\u00eb.\u00a0Shok\u00ebve ju b\u00ebj shum\u00eb t\u00eb fala, t\u00eb t\u00eb p\u00ebrqafoj me mall dhe ju uroj t\u00eb gjith\u00ebve.<\/p>\n<p>Enver Hoxha, Pogradec.<\/p>\n<p>Huazuar nga FB: Kastriot Dervishi.<\/p>\n","protected":false},"excerpt":{"rendered":"<p>1978; &#8211; Floriri i zbuluar n\u00eb Tu\u00e7, telegramet rreth tij 29 tetor 2020 Nga Kastriot Dervishi. N\u00eb ver\u00ebn e vitit 1978 u zbulua flori n\u00eb minier\u00ebn e Tu\u00e7it n\u00eb Puk\u00eb. Kjo del nga telegramet e shk\u00ebmbyera midis udh\u00ebheq\u00ebsve t\u00eb koh\u00ebs. *** 11.8.1978, shokut Enver, Pogradec N\u00eb Tu\u00e7 ram\u00eb n\u00eb nj\u00eb bllok mineral bakri t\u00eb r\u00ebnd\u00ebsish\u00ebm, [&hellip;]<\/p>\n","protected":false},"author":9,"featured_media":40256,"comment_status":"open","ping_status":"open","sticky":false,"template":"","format":"standard","meta":{"jetpack_post_was_ever_published":false,"_jetpack_newsletter_access":"","_jetpack_dont_email_post_to_subs":false,"_jetpack_newsletter_tier_id":0,"_jetpack_memberships_contains_paywalled_content":false,"_jetpack_memberships_contains_paid_content":false,"footnotes":"","jetpack_publicize_message":"","jetpack_publicize_feature_enabled":true,"jetpack_social_post_already_shared":true,"jetpack_social_options":{"image_generator_settings":{"template":"highway","default_image_id":0,"font":"","enabled":false},"version":2}},"categories":[27,2,14],"tags":[],"class_list":["post-40255","post","type-post","status-publish","format-standard","has-post-thumbnail","hentry","category-blogu-i-udhetarit","category-politika","category-press-releases"],"jetpack_publicize_connections":[],"jetpack_featured_media_url":"https:\/\/i0.wp.com\/www.shqiperia.com\/blog\/wp-content\/uploads\/2020\/10\/072d6dfa23dbb2dfbc5715823ec89e0c_XL.jpg?fit=800%2C502&ssl=1","jetpack_sharing_enabled":true,"jetpack_shortlink":"https:\/\/wp.me\/p5Z6wp-ath","jetpack-related-posts":[{"id":90080,"url":"https:\/\/www.shqiperia.com\/blog\/floriri-metali-i-pare-qe-u-perdor-nga-njeriu\/","url_meta":{"origin":40255,"position":0},"title":"Floriri, metali i par\u00eb q\u00eb u p\u00ebrdor nga njeriu","author":"Kurt Farka","date":"March 3, 2025","format":false,"excerpt":"3 Mars 2025 Kur mendojm\u00eb p\u00ebr metale t\u00eb \u00e7muara dhe t\u00eb rralla, i pari q\u00eb vjen n\u00eb mendje \u00ebsht\u00eb floriri. Shk\u00eblqimi dhe vlera e kan\u00eb b\u00ebr\u00eb nd\u00ebr shekuj p\u00ebr njer\u00ebzimin simbol t\u00eb pasuris\u00eb, pushtetit e prestigjit. \u00cbsht\u00eb p\u00ebrdorur nga njer\u00ebzimi q\u00eb n\u00eb koh\u00ebn prehistorike, madje sipas gjurm\u00ebve t\u00eb gjetura \u00ebsht\u00eb\u2026","rel":"","context":"In &quot;Arte&quot;","block_context":{"text":"Arte","link":"https:\/\/www.shqiperia.com\/blog\/category\/arte\/"},"img":{"alt_text":"","src":"https:\/\/i0.wp.com\/www.shqiperia.com\/blog\/wp-content\/uploads\/2025\/03\/floriri-1024x502-1.png?fit=1024%2C502&ssl=1&resize=350%2C200","width":350,"height":200,"srcset":"https:\/\/i0.wp.com\/www.shqiperia.com\/blog\/wp-content\/uploads\/2025\/03\/floriri-1024x502-1.png?fit=1024%2C502&ssl=1&resize=350%2C200 1x, https:\/\/i0.wp.com\/www.shqiperia.com\/blog\/wp-content\/uploads\/2025\/03\/floriri-1024x502-1.png?fit=1024%2C502&ssl=1&resize=525%2C300 1.5x, https:\/\/i0.wp.com\/www.shqiperia.com\/blog\/wp-content\/uploads\/2025\/03\/floriri-1024x502-1.png?fit=1024%2C502&ssl=1&resize=700%2C400 2x"},"classes":[]},{"id":53920,"url":"https:\/\/www.shqiperia.com\/blog\/gruaja-me-ar-qe-u-kap-ne-stamboll-dyshime-te-forta-se-floriri-dhe-argjendi-ishin-te-vjedhura-ne-zona-te-ndryshme-te-shqiperise-greqise-dhe-italise-nga-nje-grup-grabitesish-nga-qyteti-i-laci\/","url_meta":{"origin":40255,"position":1},"title":"Gruaja me ar q\u00eb u kap n\u00eb Stamboll: \u00a0&#8211; Dyshime t\u00eb forta se floriri dhe argjendi, ishin t\u00eb vjedhura n\u00eb zona t\u00eb ndryshme t\u00eb Shqip\u00ebris\u00eb, Greqis\u00eb dhe Italis\u00eb nga nj\u00eb grup grabit\u00ebsish nga qyteti i La\u00e7it.","author":"Kurt Farka","date":"February 12, 2022","format":false,"excerpt":"Gruaja me ar q\u00eb u kap n\u00eb Stamboll: \u00a0- Dyshime t\u00eb forta se floriri dhe argjendi, ishin t\u00eb vjedhura n\u00eb zona t\u00eb ndryshme t\u00eb Shqip\u00ebris\u00eb, Greqis\u00eb dhe Italis\u00eb nga nj\u00eb grup grabit\u00ebsish nga qyteti i La\u00e7it. 12 Shkurt 2022 Nga Elton Qyno Malli me vler\u00eb, nuk kishte asnj\u00eb dokument shoq\u00ebrues,\u2026","rel":"","context":"In &quot;Blogu i Udh\u00ebtarit&quot;","block_context":{"text":"Blogu i Udh\u00ebtarit","link":"https:\/\/www.shqiperia.com\/blog\/category\/blogu-i-udhetarit\/"},"img":{"alt_text":"","src":"https:\/\/i0.wp.com\/www.shqiperia.com\/blog\/wp-content\/uploads\/2022\/02\/Gruaja-me-ar-qe-u-kap-ne-Stamboll.jpg?fit=640%2C320&ssl=1&resize=350%2C200","width":350,"height":200,"srcset":"https:\/\/i0.wp.com\/www.shqiperia.com\/blog\/wp-content\/uploads\/2022\/02\/Gruaja-me-ar-qe-u-kap-ne-Stamboll.jpg?fit=640%2C320&ssl=1&resize=350%2C200 1x, https:\/\/i0.wp.com\/www.shqiperia.com\/blog\/wp-content\/uploads\/2022\/02\/Gruaja-me-ar-qe-u-kap-ne-Stamboll.jpg?fit=640%2C320&ssl=1&resize=525%2C300 1.5x"},"classes":[]},{"id":78434,"url":"https:\/\/www.shqiperia.com\/blog\/cili-ishte-personi-me-i-pasur-qe-ka-jetuar-ndonjehere\/","url_meta":{"origin":40255,"position":2},"title":"Cili ishte personi m\u00eb i pasur q\u00eb ka jetuar ndonj\u00ebher\u00eb?","author":"Kurt Farka","date":"February 19, 2024","format":false,"excerpt":"19 Shkurt 2024 N\u00eb historin\u00eb e njer\u00ebzimit besohet se pasuria e afrikanit Mansa Musa e kalon at\u00eb t\u00eb milioner\u00ebve modern\u00eb. Mansa Musa sundonte perandorin\u00eb e Malit n\u00eb shekullin e 14-t\u00eb dhe akumuloi sasi shum\u00eb t\u00eb m\u00ebdha floriri. Disa p\u00ebrllogaritje thon\u00eb se pasuria e perandorit t\u00eb vjet\u00ebr afrikan Mansa Musa, \u00ebsht\u00eb\u2026","rel":"","context":"In &quot;Blogu i Udh\u00ebtarit&quot;","block_context":{"text":"Blogu i Udh\u00ebtarit","link":"https:\/\/www.shqiperia.com\/blog\/category\/blogu-i-udhetarit\/"},"img":{"alt_text":"","src":"https:\/\/i0.wp.com\/www.shqiperia.com\/blog\/wp-content\/uploads\/2024\/02\/afrikani.png?fit=808%2C590&ssl=1&resize=350%2C200","width":350,"height":200,"srcset":"https:\/\/i0.wp.com\/www.shqiperia.com\/blog\/wp-content\/uploads\/2024\/02\/afrikani.png?fit=808%2C590&ssl=1&resize=350%2C200 1x, https:\/\/i0.wp.com\/www.shqiperia.com\/blog\/wp-content\/uploads\/2024\/02\/afrikani.png?fit=808%2C590&ssl=1&resize=525%2C300 1.5x, https:\/\/i0.wp.com\/www.shqiperia.com\/blog\/wp-content\/uploads\/2024\/02\/afrikani.png?fit=808%2C590&ssl=1&resize=700%2C400 2x"},"classes":[]},{"id":58143,"url":"https:\/\/www.shqiperia.com\/blog\/bitcoin-miniere-floriri-per-pastrimin-e-parave-avokatja-e-njohur-shqiptare-ngre-alarmin-per-ate-qe-po-ndodh-ne-vendin-tone\/","url_meta":{"origin":40255,"position":3},"title":"\u201cBitcoin, minier\u00eb floriri p\u00ebr pastrimin e parave\u201d, avokatja e njohur shqiptare ngre alarmin p\u00ebr at\u00eb q\u00eb po ndodh n\u00eb vendin ton\u00eb","author":"Kurt Farka","date":"May 26, 2022","format":false,"excerpt":"26 MAJ 2022 Sipas ekspert\u00ebve t\u00eb ekonomis\u00eb, ligji p\u00ebr kriptomonedhat n\u00eb Shqip\u00ebri ka rritur rrezikun p\u00ebr pastrimin e parave dhe mashtrimeve. E ftuar n\u00eb \u2018Abc Live\u2019, Brikena Kasmi pohon se hartimi i ligjit p\u00ebr kriptomonedhat n\u00eb vendin ton\u00eb ishte hap i nxituar. Kasmi thot\u00eb se kriptomonedhat jan\u00eb minier\u00eb floriri p\u00ebr\u2026","rel":"","context":"In &quot;Blogu i Udh\u00ebtarit&quot;","block_context":{"text":"Blogu i Udh\u00ebtarit","link":"https:\/\/www.shqiperia.com\/blog\/category\/blogu-i-udhetarit\/"},"img":{"alt_text":"","src":"https:\/\/i0.wp.com\/www.shqiperia.com\/blog\/wp-content\/uploads\/2022\/05\/800-0-628f6690b949d.jpg?fit=716%2C368&ssl=1&resize=350%2C200","width":350,"height":200,"srcset":"https:\/\/i0.wp.com\/www.shqiperia.com\/blog\/wp-content\/uploads\/2022\/05\/800-0-628f6690b949d.jpg?fit=716%2C368&ssl=1&resize=350%2C200 1x, https:\/\/i0.wp.com\/www.shqiperia.com\/blog\/wp-content\/uploads\/2022\/05\/800-0-628f6690b949d.jpg?fit=716%2C368&ssl=1&resize=525%2C300 1.5x, https:\/\/i0.wp.com\/www.shqiperia.com\/blog\/wp-content\/uploads\/2022\/05\/800-0-628f6690b949d.jpg?fit=716%2C368&ssl=1&resize=700%2C400 2x"},"classes":[]},{"id":95301,"url":"https:\/\/www.shqiperia.com\/blog\/jorida-tabaku-rindertimi-miniere-floriri-per-qeverine-6-vite-nga-termeti-kosto-te-fryra-mbi-1-3-miliarde-euro-e-mijera-familje-pa-nje-banese\/","url_meta":{"origin":40255,"position":4},"title":"Jorida Tabaku: &#8211; Rind\u00ebrtimi, minier\u00eb floriri p\u00ebr qeverin\u00eb. 6 vite nga t\u00ebrmeti, kosto t\u00eb fryra mbi 1.3 miliard\u00eb euro e mij\u00ebra familje pa nj\u00eb banes\u00eb","author":"Kurt Farka","date":"December 1, 2025","format":false,"excerpt":"1 Dhjetor 2025 Deputetja e PD, Jorida Tabaku ka reaguar n\u00ebp\u00ebrmjet nj\u00eb statusi t\u00eb gjat\u00eb n\u00eb Faceook, lidhur me situat\u00ebn ekonomike. Tabaku ka rikthyer shqet\u00ebsimin e saj tek gjendja q\u00eb mbet\u00ebn qytetar\u00ebt gjasht\u00eb vite pas t\u00ebrmetit q\u00eb goditi vendin. \u2018Rind\u00ebrtimi u kthye n\u00eb nj\u00eb minier\u00eb floriri p\u00ebr qeverin\u00eb, nd\u00ebrsa familjet\u2026","rel":"","context":"In &quot;Blogu i Udh\u00ebtarit&quot;","block_context":{"text":"Blogu i Udh\u00ebtarit","link":"https:\/\/www.shqiperia.com\/blog\/category\/blogu-i-udhetarit\/"},"img":{"alt_text":"","src":"https:\/\/i0.wp.com\/www.shqiperia.com\/blog\/wp-content\/uploads\/2025\/12\/jorida-tabaku.jpg?fit=1200%2C720&ssl=1&resize=350%2C200","width":350,"height":200,"srcset":"https:\/\/i0.wp.com\/www.shqiperia.com\/blog\/wp-content\/uploads\/2025\/12\/jorida-tabaku.jpg?fit=1200%2C720&ssl=1&resize=350%2C200 1x, https:\/\/i0.wp.com\/www.shqiperia.com\/blog\/wp-content\/uploads\/2025\/12\/jorida-tabaku.jpg?fit=1200%2C720&ssl=1&resize=525%2C300 1.5x, https:\/\/i0.wp.com\/www.shqiperia.com\/blog\/wp-content\/uploads\/2025\/12\/jorida-tabaku.jpg?fit=1200%2C720&ssl=1&resize=700%2C400 2x, https:\/\/i0.wp.com\/www.shqiperia.com\/blog\/wp-content\/uploads\/2025\/12\/jorida-tabaku.jpg?fit=1200%2C720&ssl=1&resize=1050%2C600 3x"},"classes":[]},{"id":95899,"url":"https:\/\/www.shqiperia.com\/blog\/ja-guret-e-cmuar-qe-nxirren-nga-galerite-e-mirdites-shqiperia-nuk-fiton-asgje\/","url_meta":{"origin":40255,"position":5},"title":"Ja gur\u00ebt e \u00e7muar q\u00eb nxirren nga galerit\u00eb e Mirdit\u00ebs. Shqip\u00ebria nuk fiton asgj\u00eb","author":"Kurt Farka","date":"December 23, 2025","format":false,"excerpt":"23 Dhjetor 2025 Ndodhemi n\u00eb fshatin Letitna t\u00eb Mirdit\u00ebs. N\u00eb k\u00ebt\u00eb galeri n\u00ebntok\u00eb ndahen Gurth 1 dhe Gurth 3 ku b\u00ebhen k\u00ebrkimet p\u00ebr bak\u00ebr. Inside Story ka siguruar material t\u00eb marr\u00eb n\u00eb galerit\u00eb Gurth 3 t\u00eb cil\u00ebt q\u00eb n\u00eb pamje t\u00eb par\u00eb tregojn\u00eb se vlerat e tyre jan\u00eb t\u00eb m\u00ebdha.\u2026","rel":"","context":"In &quot;Blogu i Udh\u00ebtarit&quot;","block_context":{"text":"Blogu i Udh\u00ebtarit","link":"https:\/\/www.shqiperia.com\/blog\/category\/blogu-i-udhetarit\/"},"img":{"alt_text":"","src":"https:\/\/i0.wp.com\/www.shqiperia.com\/blog\/wp-content\/uploads\/2025\/12\/guriiii_sd.jpg?fit=1200%2C675&ssl=1&resize=350%2C200","width":350,"height":200,"srcset":"https:\/\/i0.wp.com\/www.shqiperia.com\/blog\/wp-content\/uploads\/2025\/12\/guriiii_sd.jpg?fit=1200%2C675&ssl=1&resize=350%2C200 1x, https:\/\/i0.wp.com\/www.shqiperia.com\/blog\/wp-content\/uploads\/2025\/12\/guriiii_sd.jpg?fit=1200%2C675&ssl=1&resize=525%2C300 1.5x, https:\/\/i0.wp.com\/www.shqiperia.com\/blog\/wp-content\/uploads\/2025\/12\/guriiii_sd.jpg?fit=1200%2C675&ssl=1&resize=700%2C400 2x, https:\/\/i0.wp.com\/www.shqiperia.com\/blog\/wp-content\/uploads\/2025\/12\/guriiii_sd.jpg?fit=1200%2C675&ssl=1&resize=1050%2C600 3x"},"classes":[]}],"_links":{"self":[{"href":"https:\/\/www.shqiperia.com\/blog\/wp-json\/wp\/v2\/posts\/40255","targetHints":{"allow":["GET"]}}],"collection":[{"href":"https:\/\/www.shqiperia.com\/blog\/wp-json\/wp\/v2\/posts"}],"about":[{"href":"https:\/\/www.shqiperia.com\/blog\/wp-json\/wp\/v2\/types\/post"}],"author":[{"embeddable":true,"href":"https:\/\/www.shqiperia.com\/blog\/wp-json\/wp\/v2\/users\/9"}],"replies":[{"embeddable":true,"href":"https:\/\/www.shqiperia.com\/blog\/wp-json\/wp\/v2\/comments?post=40255"}],"version-history":[{"count":1,"href":"https:\/\/www.shqiperia.com\/blog\/wp-json\/wp\/v2\/posts\/40255\/revisions"}],"predecessor-version":[{"id":40257,"href":"https:\/\/www.shqiperia.com\/blog\/wp-json\/wp\/v2\/posts\/40255\/revisions\/40257"}],"wp:featuredmedia":[{"embeddable":true,"href":"https:\/\/www.shqiperia.com\/blog\/wp-json\/wp\/v2\/media\/40256"}],"wp:attachment":[{"href":"https:\/\/www.shqiperia.com\/blog\/wp-json\/wp\/v2\/media?parent=40255"}],"wp:term":[{"taxonomy":"category","embeddable":true,"href":"https:\/\/www.shqiperia.com\/blog\/wp-json\/wp\/v2\/categories?post=40255"},{"taxonomy":"post_tag","embeddable":true,"href":"https:\/\/www.shqiperia.com\/blog\/wp-json\/wp\/v2\/tags?post=40255"}],"curies":[{"name":"wp","href":"https:\/\/api.w.org\/{rel}","templated":true}]}}