{"id":40252,"date":"2020-10-29T19:21:17","date_gmt":"2020-10-29T19:21:17","guid":{"rendered":"https:\/\/www.shqiperia.com\/blog\/?p=40252"},"modified":"2020-10-29T19:21:17","modified_gmt":"2020-10-29T19:21:17","slug":"ndryshon-serish-moti-ja-cfare-pritet-diten-e-neserme-sipas-sherbimit-meterologjik","status":"publish","type":"post","link":"https:\/\/www.shqiperia.com\/blog\/ndryshon-serish-moti-ja-cfare-pritet-diten-e-neserme-sipas-sherbimit-meterologjik\/","title":{"rendered":"Ndryshon s\u00ebrish moti, ja \u00e7far\u00eb pritet dit\u00ebn e nes\u00ebrme sipas Sh\u00ebrbimit Meterologjik"},"content":{"rendered":"<p><img data-recalc-dims=\"1\" loading=\"lazy\" decoding=\"async\" data-attachment-id=\"40253\" data-permalink=\"https:\/\/www.shqiperia.com\/blog\/ndryshon-serish-moti-ja-cfare-pritet-diten-e-neserme-sipas-sherbimit-meterologjik\/800-0-d29771be86e4d8eea8df4abdb335b1ef\/\" data-orig-file=\"https:\/\/i0.wp.com\/www.shqiperia.com\/blog\/wp-content\/uploads\/2020\/10\/800-0-d29771be86e4d8eea8df4abdb335b1ef.jpeg?fit=637%2C328&amp;ssl=1\" data-orig-size=\"637,328\" data-comments-opened=\"1\" data-image-meta=\"{&quot;aperture&quot;:&quot;0&quot;,&quot;credit&quot;:&quot;&quot;,&quot;camera&quot;:&quot;&quot;,&quot;caption&quot;:&quot;&quot;,&quot;created_timestamp&quot;:&quot;0&quot;,&quot;copyright&quot;:&quot;&quot;,&quot;focal_length&quot;:&quot;0&quot;,&quot;iso&quot;:&quot;0&quot;,&quot;shutter_speed&quot;:&quot;0&quot;,&quot;title&quot;:&quot;&quot;,&quot;orientation&quot;:&quot;0&quot;}\" data-image-title=\"-800-0-d29771be86e4d8eea8df4abdb335b1ef\" data-image-description=\"\" data-image-caption=\"\" data-medium-file=\"https:\/\/i0.wp.com\/www.shqiperia.com\/blog\/wp-content\/uploads\/2020\/10\/800-0-d29771be86e4d8eea8df4abdb335b1ef.jpeg?fit=300%2C154&amp;ssl=1\" data-large-file=\"https:\/\/i0.wp.com\/www.shqiperia.com\/blog\/wp-content\/uploads\/2020\/10\/800-0-d29771be86e4d8eea8df4abdb335b1ef.jpeg?fit=637%2C328&amp;ssl=1\" class=\"alignnone  wp-image-40253\" alt=\"\" src=\"https:\/\/i0.wp.com\/www.shqiperia.com\/blog\/wp-content\/uploads\/2020\/10\/800-0-d29771be86e4d8eea8df4abdb335b1ef.jpeg?resize=508%2C261&#038;ssl=1\" width=\"508\" height=\"261\" srcset=\"https:\/\/i0.wp.com\/www.shqiperia.com\/blog\/wp-content\/uploads\/2020\/10\/800-0-d29771be86e4d8eea8df4abdb335b1ef.jpeg?resize=300%2C154&amp;ssl=1 300w, https:\/\/i0.wp.com\/www.shqiperia.com\/blog\/wp-content\/uploads\/2020\/10\/800-0-d29771be86e4d8eea8df4abdb335b1ef.jpeg?resize=450%2C232&amp;ssl=1 450w, https:\/\/i0.wp.com\/www.shqiperia.com\/blog\/wp-content\/uploads\/2020\/10\/800-0-d29771be86e4d8eea8df4abdb335b1ef.jpeg?resize=600%2C309&amp;ssl=1 600w, https:\/\/i0.wp.com\/www.shqiperia.com\/blog\/wp-content\/uploads\/2020\/10\/800-0-d29771be86e4d8eea8df4abdb335b1ef.jpeg?resize=400%2C206&amp;ssl=1 400w, https:\/\/i0.wp.com\/www.shqiperia.com\/blog\/wp-content\/uploads\/2020\/10\/800-0-d29771be86e4d8eea8df4abdb335b1ef.jpeg?w=637&amp;ssl=1 637w\" sizes=\"auto, (max-width: 508px) 100vw, 508px\" \/><\/p>\n<p>Ndryshon s\u00ebrish moti, ja \u00e7far\u00eb pritet dit\u00ebn e nes\u00ebrme sipas Sh\u00ebrbimit Meterologjik<\/p>\n<p>29 TETOR 2020<\/p>\n<p>P\u00ebr dit\u00ebn e Premte moti n\u00eb or\u00ebt e para t\u00eb m\u00ebngjesit do t\u00eb jet\u00eb me vran\u00ebsira mesatare deri t\u00eb dendura shoq\u00ebruar me reshje shiu t\u00eb her\u00ebpashershme me intensitet t\u00eb ul\u00ebt e lokalisht n\u00eb relievet e larta malore n\u00eb form\u00eb shtr\u00ebngatash afatshkurt\u00ebr, b\u00ebn t\u00eb ditur Sh\u00ebrbimi Meteorologjik Ushtarak.<\/p>\n<p>Megjithat\u00eb kjo paq\u00ebndrueshm\u00ebri nuk zgjat shum\u00eb dhe pjesa tjet\u00ebr e dit\u00ebs parashikohet t\u00eb ket\u00eb mot t\u00eb kthjell\u00ebt por edhe alternime vran\u00ebsirash kalimtare.<\/p>\n<p>Era do t\u00eb fryj\u00eb me drejtim kryesor veriper\u00ebndim dhe shpejt\u00ebsi 1-10m\/s dhe lokalisht p\u00ebrgjat\u00eb vij\u00ebs bregdetare deri n\u00eb 15-17m\/s.<\/p>\n<p>Gazeta sot<\/p>\n","protected":false},"excerpt":{"rendered":"<p>Ndryshon s\u00ebrish moti, ja \u00e7far\u00eb pritet dit\u00ebn e nes\u00ebrme sipas Sh\u00ebrbimit Meterologjik 29 TETOR 2020 P\u00ebr dit\u00ebn e Premte moti n\u00eb or\u00ebt e para t\u00eb m\u00ebngjesit do t\u00eb jet\u00eb me vran\u00ebsira mesatare deri t\u00eb dendura shoq\u00ebruar me reshje shiu t\u00eb her\u00ebpashershme me intensitet t\u00eb ul\u00ebt e lokalisht n\u00eb relievet e larta malore n\u00eb form\u00eb shtr\u00ebngatash [&hellip;]<\/p>\n","protected":false},"author":9,"featured_media":40253,"comment_status":"open","ping_status":"open","sticky":false,"template":"","format":"standard","meta":{"jetpack_post_was_ever_published":false,"_jetpack_newsletter_access":"","_jetpack_dont_email_post_to_subs":false,"_jetpack_newsletter_tier_id":0,"_jetpack_memberships_contains_paywalled_content":false,"_jetpack_memberships_contains_paid_content":false,"footnotes":"","jetpack_publicize_message":"","jetpack_publicize_feature_enabled":true,"jetpack_social_post_already_shared":true,"jetpack_social_options":{"image_generator_settings":{"template":"highway","default_image_id":0,"font":"","enabled":false},"version":2}},"categories":[27,35],"tags":[],"class_list":["post-40252","post","type-post","status-publish","format-standard","has-post-thumbnail","hentry","category-blogu-i-udhetarit","category-shoqerore"],"jetpack_publicize_connections":[],"jetpack_featured_media_url":"https:\/\/i0.wp.com\/www.shqiperia.com\/blog\/wp-content\/uploads\/2020\/10\/800-0-d29771be86e4d8eea8df4abdb335b1ef.jpeg?fit=637%2C328&ssl=1","jetpack_sharing_enabled":true,"jetpack_shortlink":"https:\/\/wp.me\/p5Z6wp-ate","jetpack-related-posts":[{"id":48354,"url":"https:\/\/www.shqiperia.com\/blog\/vjen-kthesa-e-madhe-temperatura-perveluese-dhe-rrebeshe-shiu-si-parashikohet-moti-dy-ditet-e-ardhshme\/","url_meta":{"origin":40252,"position":0},"title":"Vjen kthesa e madhe! &#8211; Temperatura p\u00ebrv\u00ebluese dhe rrebeshe shiu, si parashikohet moti dy dit\u00ebt e ardhshme.","author":"Kurt Farka","date":"July 8, 2021","format":false,"excerpt":"Vjen kthesa e madhe! - Temperatura p\u00ebrv\u00ebluese dhe rrebeshe shiu, si parashikohet moti dy dit\u00ebt e ardhshme. 8 KORRIK 2021 Vjen kthesa e madhe ! Temperatura p\u00ebrv\u00ebluese dhe rrebeshe shiu, si Temperaturat e larta, deri n\u00eb 39 grad\u00eb kan\u00eb prekur s\u00ebrish Shqip\u00ebrin\u00eb, nd\u00ebrsa moti nxeht\u00eb pritet t\u00eb vijoj\u00eb. Sherbimi Meterologjik\u2026","rel":"","context":"In &quot;Njoftime Shtypi&quot;","block_context":{"text":"Njoftime Shtypi","link":"https:\/\/www.shqiperia.com\/blog\/category\/njoftime-shtypi\/"},"img":{"alt_text":"","src":"https:\/\/i0.wp.com\/www.shqiperia.com\/blog\/wp-content\/uploads\/2021\/07\/800-0-60e71c9fde750.jpg?fit=800%2C450&ssl=1&resize=350%2C200","width":350,"height":200,"srcset":"https:\/\/i0.wp.com\/www.shqiperia.com\/blog\/wp-content\/uploads\/2021\/07\/800-0-60e71c9fde750.jpg?fit=800%2C450&ssl=1&resize=350%2C200 1x, https:\/\/i0.wp.com\/www.shqiperia.com\/blog\/wp-content\/uploads\/2021\/07\/800-0-60e71c9fde750.jpg?fit=800%2C450&ssl=1&resize=525%2C300 1.5x, https:\/\/i0.wp.com\/www.shqiperia.com\/blog\/wp-content\/uploads\/2021\/07\/800-0-60e71c9fde750.jpg?fit=800%2C450&ssl=1&resize=700%2C400 2x"},"classes":[]},{"id":82553,"url":"https:\/\/www.shqiperia.com\/blog\/moti-ndryshon-vetem-diten-e-marte-ja-si-pritet-te-jete-koha-javen-e-ardhshme\/","url_meta":{"origin":40252,"position":1},"title":"Moti ndryshon vet\u00ebm dit\u00ebn e mart\u00eb, ja si pritet t\u00eb jet\u00eb koha jav\u00ebn e ardhshme","author":"Kurt Farka","date":"July 7, 2024","format":false,"excerpt":"7 Korrik 2024 P\u00ebr jav\u00ebn q\u00eb presim: vendi yn\u00eb do t\u00eb ndikohet nga kushte t\u00eb q\u00ebndrueshme atmosferike si rezultat i dep\u00ebrtimit t\u00eb masave ajrore t\u00eb nxehta me origjin\u00eb jugore si dhe dep\u00ebrtimit t\u00eb aktivitetit t\u00eb Anticiklonit Afrikan. N\u00eb k\u00ebt\u00eb m\u00ebnyr\u00eb moti parashikohet i kthjell\u00ebt n\u00eb t\u00eb gjith\u00eb territorin si dhe\u2026","rel":"","context":"In &quot;Blogu i Udh\u00ebtarit&quot;","block_context":{"text":"Blogu i Udh\u00ebtarit","link":"https:\/\/www.shqiperia.com\/blog\/category\/blogu-i-udhetarit\/"},"img":{"alt_text":"","src":"https:\/\/i0.wp.com\/www.shqiperia.com\/blog\/wp-content\/uploads\/2024\/07\/motii.jpg?fit=600%2C360&ssl=1&resize=350%2C200","width":350,"height":200,"srcset":"https:\/\/i0.wp.com\/www.shqiperia.com\/blog\/wp-content\/uploads\/2024\/07\/motii.jpg?fit=600%2C360&ssl=1&resize=350%2C200 1x, https:\/\/i0.wp.com\/www.shqiperia.com\/blog\/wp-content\/uploads\/2024\/07\/motii.jpg?fit=600%2C360&ssl=1&resize=525%2C300 1.5x"},"classes":[]},{"id":98858,"url":"https:\/\/www.shqiperia.com\/blog\/moti-per-neser-ja-cfare-pritet-te-ndodhe-me-temperaturat\/","url_meta":{"origin":40252,"position":2},"title":"Moti  p\u00ebr nes\u00ebr, ja \u00e7far\u00eb pritet t\u00eb ndodh\u00eb me temperaturat","author":"Kurt Farka","date":"March 30, 2026","format":false,"excerpt":"30 Mars 2026 Dit\u00ebn e nes\u00ebrme vendi yn\u00eb do t\u00eb ndikohet nga kushte atmosferike t\u00eb paq\u00ebndrueshme. Moti parashikohet me vran\u00ebsira mesatare deri t\u00eb dendura. Reshjet e her\u00ebpashershme t\u00eb shiut me intensitet t\u00eb ul\u00ebt parashikohen t\u00eb jen\u00eb prezente q\u00eb n\u00eb or\u00ebt e para t\u00eb 24-or\u00ebshit deri n\u00eb m\u00ebngjes p\u00ebrgjat\u00eb vij\u00ebs bregdetare\u2026","rel":"","context":"In &quot;Blogu i Udh\u00ebtarit&quot;","block_context":{"text":"Blogu i Udh\u00ebtarit","link":"https:\/\/www.shqiperia.com\/blog\/category\/blogu-i-udhetarit\/"},"img":{"alt_text":"","src":"https:\/\/i0.wp.com\/www.shqiperia.com\/blog\/wp-content\/uploads\/2026\/03\/shi-ne-tirane-moti-reshje-1024x651-1.jpg?fit=818%2C520&ssl=1&resize=350%2C200","width":350,"height":200,"srcset":"https:\/\/i0.wp.com\/www.shqiperia.com\/blog\/wp-content\/uploads\/2026\/03\/shi-ne-tirane-moti-reshje-1024x651-1.jpg?fit=818%2C520&ssl=1&resize=350%2C200 1x, https:\/\/i0.wp.com\/www.shqiperia.com\/blog\/wp-content\/uploads\/2026\/03\/shi-ne-tirane-moti-reshje-1024x651-1.jpg?fit=818%2C520&ssl=1&resize=525%2C300 1.5x, https:\/\/i0.wp.com\/www.shqiperia.com\/blog\/wp-content\/uploads\/2026\/03\/shi-ne-tirane-moti-reshje-1024x651-1.jpg?fit=818%2C520&ssl=1&resize=700%2C400 2x"},"classes":[]},{"id":57851,"url":"https:\/\/www.shqiperia.com\/blog\/ndryshon-moti-ja-cfare-pritet-te-ndodhe-nga-dita-e-neserme\/","url_meta":{"origin":40252,"position":3},"title":"Ndryshon moti, ja \u00e7far\u00eb pritet t\u00eb ndodh\u00eb nga dita e nes\u00ebrme.","author":"Kurt Farka","date":"May 17, 2022","format":false,"excerpt":"Ndryshon moti, ja \u00e7far\u00eb pritet t\u00eb ndodh\u00eb nga dita e nes\u00ebrme. 17 MAJ 2022 N\u00eb Shqip\u00ebri dhe rajon sot pritet t\u00eb mbaj\u00eb mot me diell dhe i nxeht\u00eb. Pasdite n\u00eb priten zhvillime lokale t\u00eb vran\u00ebsirave konvektive q\u00eb pritet t\u00eb kusht\u00ebzojn\u00eb rrebeshe lokale shiu me vet\u00ebtima dhe bubullim\u00eb. Rrebeshe priten n\u00eb\u2026","rel":"","context":"In &quot;Blogu i Udh\u00ebtarit&quot;","block_context":{"text":"Blogu i Udh\u00ebtarit","link":"https:\/\/www.shqiperia.com\/blog\/category\/blogu-i-udhetarit\/"},"img":{"alt_text":"","src":"https:\/\/i0.wp.com\/www.shqiperia.com\/blog\/wp-content\/uploads\/2022\/05\/800-0-628340929c2dc.jpeg?fit=800%2C400&ssl=1&resize=350%2C200","width":350,"height":200,"srcset":"https:\/\/i0.wp.com\/www.shqiperia.com\/blog\/wp-content\/uploads\/2022\/05\/800-0-628340929c2dc.jpeg?fit=800%2C400&ssl=1&resize=350%2C200 1x, https:\/\/i0.wp.com\/www.shqiperia.com\/blog\/wp-content\/uploads\/2022\/05\/800-0-628340929c2dc.jpeg?fit=800%2C400&ssl=1&resize=525%2C300 1.5x, https:\/\/i0.wp.com\/www.shqiperia.com\/blog\/wp-content\/uploads\/2022\/05\/800-0-628340929c2dc.jpeg?fit=800%2C400&ssl=1&resize=700%2C400 2x"},"classes":[]},{"id":88886,"url":"https:\/\/www.shqiperia.com\/blog\/java-qe-vjen-pritet-te-jete-e-ftohte\/","url_meta":{"origin":40252,"position":4},"title":"Java q\u00eb vjen pritet t\u00eb jet\u00eb e ftoht\u00eb","author":"Kurt Farka","date":"February 2, 2025","format":false,"excerpt":"2 Shkurt 2025 Pas disa dit\u00ebsh me mot me kthjellime e temperatura gati pranverore mbi vendin ton\u00eb pritet dep\u00ebrtimi i masave ajrore t\u00eb ftohta me origjin\u00eb veriore me rezultat kryesor t\u00eb tyre r\u00ebnien e temperaturave (pa p\u00ebrjashtuar k\u00ebtu dit\u00ebt me mot t\u00eb vran\u00ebt shoq\u00ebruar me reshje shiu apo d\u00ebbore). Sipas\u2026","rel":"","context":"In &quot;Njoftime Shtypi&quot;","block_context":{"text":"Njoftime Shtypi","link":"https:\/\/www.shqiperia.com\/blog\/category\/njoftime-shtypi\/"},"img":{"alt_text":"","src":"https:\/\/i0.wp.com\/www.shqiperia.com\/blog\/wp-content\/uploads\/2025\/02\/thom-holmes-9GBwZrbT0QU-unsplash-640x427-1.webp?fit=640%2C427&ssl=1&resize=350%2C200","width":350,"height":200,"srcset":"https:\/\/i0.wp.com\/www.shqiperia.com\/blog\/wp-content\/uploads\/2025\/02\/thom-holmes-9GBwZrbT0QU-unsplash-640x427-1.webp?fit=640%2C427&ssl=1&resize=350%2C200 1x, https:\/\/i0.wp.com\/www.shqiperia.com\/blog\/wp-content\/uploads\/2025\/02\/thom-holmes-9GBwZrbT0QU-unsplash-640x427-1.webp?fit=640%2C427&ssl=1&resize=525%2C300 1.5x"},"classes":[]},{"id":54045,"url":"https:\/\/www.shqiperia.com\/blog\/moti-ndryshon-brenda-24-oresh-igjeum-zonat-ku-pritet-te-kete-permbytje\/","url_meta":{"origin":40252,"position":5},"title":"Moti ndryshon brenda 24 or\u00ebsh, IGJEUM: Zonat ku pritet t\u00eb ket\u00eb p\u00ebrmbytje","author":"Kurt Farka","date":"February 15, 2022","format":false,"excerpt":"Moti ndryshon brenda 24 or\u00ebsh, IGJEUM: Zonat ku pritet t\u00eb ket\u00eb p\u00ebrmbytje 15 SHKURT 2022 GAZETA SHQIP Shqip\u00ebria pritet t\u00eb p\u00ebrfshihet nga reshje shiu duke filluar nga or\u00ebt e vona t\u00eb mbr\u00ebmjes s\u00eb sotme. Fillimisht nga reshjet do t\u00eb p\u00ebrfshihet rajoni verior i vendit. Me kalimin e or\u00ebve, reshjet do\u2026","rel":"","context":"In &quot;Njoftime Shtypi&quot;","block_context":{"text":"Njoftime Shtypi","link":"https:\/\/www.shqiperia.com\/blog\/category\/njoftime-shtypi\/"},"img":{"alt_text":"","src":"https:\/\/i0.wp.com\/www.shqiperia.com\/blog\/wp-content\/uploads\/2022\/02\/640-0-94169197bdcbb7aebff36b568e7907ec.jpg?fit=640%2C360&ssl=1&resize=350%2C200","width":350,"height":200,"srcset":"https:\/\/i0.wp.com\/www.shqiperia.com\/blog\/wp-content\/uploads\/2022\/02\/640-0-94169197bdcbb7aebff36b568e7907ec.jpg?fit=640%2C360&ssl=1&resize=350%2C200 1x, https:\/\/i0.wp.com\/www.shqiperia.com\/blog\/wp-content\/uploads\/2022\/02\/640-0-94169197bdcbb7aebff36b568e7907ec.jpg?fit=640%2C360&ssl=1&resize=525%2C300 1.5x"},"classes":[]}],"_links":{"self":[{"href":"https:\/\/www.shqiperia.com\/blog\/wp-json\/wp\/v2\/posts\/40252","targetHints":{"allow":["GET"]}}],"collection":[{"href":"https:\/\/www.shqiperia.com\/blog\/wp-json\/wp\/v2\/posts"}],"about":[{"href":"https:\/\/www.shqiperia.com\/blog\/wp-json\/wp\/v2\/types\/post"}],"author":[{"embeddable":true,"href":"https:\/\/www.shqiperia.com\/blog\/wp-json\/wp\/v2\/users\/9"}],"replies":[{"embeddable":true,"href":"https:\/\/www.shqiperia.com\/blog\/wp-json\/wp\/v2\/comments?post=40252"}],"version-history":[{"count":1,"href":"https:\/\/www.shqiperia.com\/blog\/wp-json\/wp\/v2\/posts\/40252\/revisions"}],"predecessor-version":[{"id":40254,"href":"https:\/\/www.shqiperia.com\/blog\/wp-json\/wp\/v2\/posts\/40252\/revisions\/40254"}],"wp:featuredmedia":[{"embeddable":true,"href":"https:\/\/www.shqiperia.com\/blog\/wp-json\/wp\/v2\/media\/40253"}],"wp:attachment":[{"href":"https:\/\/www.shqiperia.com\/blog\/wp-json\/wp\/v2\/media?parent=40252"}],"wp:term":[{"taxonomy":"category","embeddable":true,"href":"https:\/\/www.shqiperia.com\/blog\/wp-json\/wp\/v2\/categories?post=40252"},{"taxonomy":"post_tag","embeddable":true,"href":"https:\/\/www.shqiperia.com\/blog\/wp-json\/wp\/v2\/tags?post=40252"}],"curies":[{"name":"wp","href":"https:\/\/api.w.org\/{rel}","templated":true}]}}