{"id":40247,"date":"2020-10-29T19:00:49","date_gmt":"2020-10-29T19:00:49","guid":{"rendered":"https:\/\/www.shqiperia.com\/blog\/?p=40247"},"modified":"2020-10-29T19:00:49","modified_gmt":"2020-10-29T19:00:49","slug":"vendi-i-punes-qe-paguhet-20-mije-euro-ne-muaj-por-qe-askush-nuk-e-deshiron","status":"publish","type":"post","link":"https:\/\/www.shqiperia.com\/blog\/vendi-i-punes-qe-paguhet-20-mije-euro-ne-muaj-por-qe-askush-nuk-e-deshiron\/","title":{"rendered":"Vendi i pun\u00ebs q\u00eb paguhet 20 mij\u00eb euro n\u00eb muaj, por q\u00eb askush nuk e d\u00ebshiron"},"content":{"rendered":"<p><img data-recalc-dims=\"1\" loading=\"lazy\" decoding=\"async\" data-attachment-id=\"40249\" data-permalink=\"https:\/\/www.shqiperia.com\/blog\/vendi-i-punes-qe-paguhet-20-mije-euro-ne-muaj-por-qe-askush-nuk-e-deshiron\/takora-zelanda-se-re\/\" data-orig-file=\"https:\/\/i0.wp.com\/www.shqiperia.com\/blog\/wp-content\/uploads\/2020\/10\/Takora-Zelanda-s%C3%AB-Re.jpg?fit=750%2C450&amp;ssl=1\" data-orig-size=\"750,450\" data-comments-opened=\"1\" data-image-meta=\"{&quot;aperture&quot;:&quot;0&quot;,&quot;credit&quot;:&quot;&quot;,&quot;camera&quot;:&quot;&quot;,&quot;caption&quot;:&quot;&quot;,&quot;created_timestamp&quot;:&quot;0&quot;,&quot;copyright&quot;:&quot;&quot;,&quot;focal_length&quot;:&quot;0&quot;,&quot;iso&quot;:&quot;0&quot;,&quot;shutter_speed&quot;:&quot;0&quot;,&quot;title&quot;:&quot;&quot;,&quot;orientation&quot;:&quot;0&quot;}\" data-image-title=\"Takora, Zelanda s\u00eb Re\" data-image-description=\"\" data-image-caption=\"\" data-medium-file=\"https:\/\/i0.wp.com\/www.shqiperia.com\/blog\/wp-content\/uploads\/2020\/10\/Takora-Zelanda-s%C3%AB-Re.jpg?fit=300%2C180&amp;ssl=1\" data-large-file=\"https:\/\/i0.wp.com\/www.shqiperia.com\/blog\/wp-content\/uploads\/2020\/10\/Takora-Zelanda-s%C3%AB-Re.jpg?fit=750%2C450&amp;ssl=1\" class=\"alignnone  wp-image-40249\" alt=\"\" src=\"https:\/\/i0.wp.com\/www.shqiperia.com\/blog\/wp-content\/uploads\/2020\/10\/Takora-Zelanda-s%C3%AB-Re.jpg?resize=517%2C310&#038;ssl=1\" width=\"517\" height=\"310\" srcset=\"https:\/\/i0.wp.com\/www.shqiperia.com\/blog\/wp-content\/uploads\/2020\/10\/Takora-Zelanda-s%C3%AB-Re.jpg?resize=300%2C180&amp;ssl=1 300w, https:\/\/i0.wp.com\/www.shqiperia.com\/blog\/wp-content\/uploads\/2020\/10\/Takora-Zelanda-s%C3%AB-Re.jpg?resize=450%2C270&amp;ssl=1 450w, https:\/\/i0.wp.com\/www.shqiperia.com\/blog\/wp-content\/uploads\/2020\/10\/Takora-Zelanda-s%C3%AB-Re.jpg?resize=600%2C360&amp;ssl=1 600w, https:\/\/i0.wp.com\/www.shqiperia.com\/blog\/wp-content\/uploads\/2020\/10\/Takora-Zelanda-s%C3%AB-Re.jpg?resize=400%2C240&amp;ssl=1 400w, https:\/\/i0.wp.com\/www.shqiperia.com\/blog\/wp-content\/uploads\/2020\/10\/Takora-Zelanda-s%C3%AB-Re.jpg?w=750&amp;ssl=1 750w\" sizes=\"auto, (max-width: 517px) 100vw, 517px\" \/><\/p>\n<p><strong>Vendi i pun\u00ebs q\u00eb paguhet 20 mij\u00eb euro n\u00eb muaj, por q\u00eb askush nuk e d\u00ebshiron<\/strong><\/p>\n<p>Ju do t\u00eb mendonit se nuk do t\u00eb ishte e v\u00ebshtir\u00eb q\u00eb doktor\u00eb nga e gjith\u00eb bota do t\u00eb shprehnin gatishm\u00ebrin\u00eb q\u00eb t\u00eb punojn\u00eb n\u00eb nj\u00eb vend t\u00eb bukur t\u00eb Zeland\u00ebs s\u00eb Re, n\u00eb Tokoroa.<\/p>\n<p>Dhe kjo bindje gjithsesi do t\u00eb shtohet kur bukuris\u00eb ia shtojm\u00eb edhe kushtet q\u00eb ofrohen p\u00ebr nj\u00eb vend t\u00eb till\u00eb t\u00eb pun\u00ebs.<\/p>\n<p>E p\u00ebrfitimet jan\u00eb: rreth 20 mij\u00eb euro n\u00eb muaj, pa pun\u00eb gjat\u00eb nat\u00ebs, e as n\u00eb fundjav\u00eb, me qira t\u00eb vog\u00ebl, kat\u00ebr dit\u00eb pune, 12 jav\u00eb pushim n\u00eb vit.<\/p>\n<p>Por, p\u00ebrkund\u00ebr k\u00ebtyre kushteve, nj\u00eb doktor q\u00eb gjendet tashm\u00eb atje nuk ka mundur t\u00eb gjej\u00eb \u201cz\u00ebvend\u00ebsimin\u201d e tij.<\/p>\n<p>Madje n\u00eb kat\u00ebr muajt e fundit ai nuk ka marr\u00eb ndonj\u00eb \u201cp\u00ebrgjigje interesi\u201d.<\/p>\n<p>Alan Kenny (61) punon si doktor n\u00eb Tokoroa, nj\u00eb fshat me rreth 13,500 banor\u00eb dhe rreth 130 milje n\u00eb jug t\u00eb Auckland.<\/p>\n<p>Ai ishte zhvendosur nga Britania e Madhe, 30 vite m\u00eb par\u00eb por mendon se larg\u00ebsia e fshatit nga qytetet e m\u00ebdha dhe ngarkesat n\u00eb pun\u00eb mund t\u00eb ken\u00eb kontribuar n\u00eb munges\u00eb t\u00eb interesimit p\u00ebr student\u00ebt e mjek\u00ebsis\u00eb nga ato zona.<\/p>\n<div id=\"attachment_40250\" style=\"width: 752px\" class=\"wp-caption alignnone\"><img data-recalc-dims=\"1\" loading=\"lazy\" decoding=\"async\" aria-describedby=\"caption-attachment-40250\" data-attachment-id=\"40250\" data-permalink=\"https:\/\/www.shqiperia.com\/blog\/vendi-i-punes-qe-paguhet-20-mije-euro-ne-muaj-por-qe-askush-nuk-e-deshiron\/takora-zelanda-se-re-2\/\" data-orig-file=\"https:\/\/i0.wp.com\/www.shqiperia.com\/blog\/wp-content\/uploads\/2020\/10\/Takora-Zelanda-s%C3%AB-Re-1.jpg?fit=750%2C450&amp;ssl=1\" data-orig-size=\"750,450\" data-comments-opened=\"1\" data-image-meta=\"{&quot;aperture&quot;:&quot;0&quot;,&quot;credit&quot;:&quot;&quot;,&quot;camera&quot;:&quot;&quot;,&quot;caption&quot;:&quot;&quot;,&quot;created_timestamp&quot;:&quot;0&quot;,&quot;copyright&quot;:&quot;&quot;,&quot;focal_length&quot;:&quot;0&quot;,&quot;iso&quot;:&quot;0&quot;,&quot;shutter_speed&quot;:&quot;0&quot;,&quot;title&quot;:&quot;&quot;,&quot;orientation&quot;:&quot;0&quot;}\" data-image-title=\"Takora, Zelanda s\u00eb Re\" data-image-description=\"\" data-image-caption=\"&lt;p&gt;Takora, Zelanda s\u00eb Re&lt;\/p&gt;\n\" data-medium-file=\"https:\/\/i0.wp.com\/www.shqiperia.com\/blog\/wp-content\/uploads\/2020\/10\/Takora-Zelanda-s%C3%AB-Re-1.jpg?fit=300%2C180&amp;ssl=1\" data-large-file=\"https:\/\/i0.wp.com\/www.shqiperia.com\/blog\/wp-content\/uploads\/2020\/10\/Takora-Zelanda-s%C3%AB-Re-1.jpg?fit=750%2C450&amp;ssl=1\" class=\" wp-image-40250\" alt=\"\" src=\"https:\/\/i0.wp.com\/www.shqiperia.com\/blog\/wp-content\/uploads\/2020\/10\/Takora-Zelanda-s%C3%AB-Re-1.jpg?resize=742%2C445&#038;ssl=1\" width=\"742\" height=\"445\" srcset=\"https:\/\/i0.wp.com\/www.shqiperia.com\/blog\/wp-content\/uploads\/2020\/10\/Takora-Zelanda-s%C3%AB-Re-1.jpg?resize=300%2C180&amp;ssl=1 300w, https:\/\/i0.wp.com\/www.shqiperia.com\/blog\/wp-content\/uploads\/2020\/10\/Takora-Zelanda-s%C3%AB-Re-1.jpg?resize=450%2C270&amp;ssl=1 450w, https:\/\/i0.wp.com\/www.shqiperia.com\/blog\/wp-content\/uploads\/2020\/10\/Takora-Zelanda-s%C3%AB-Re-1.jpg?resize=600%2C360&amp;ssl=1 600w, https:\/\/i0.wp.com\/www.shqiperia.com\/blog\/wp-content\/uploads\/2020\/10\/Takora-Zelanda-s%C3%AB-Re-1.jpg?resize=400%2C240&amp;ssl=1 400w, https:\/\/i0.wp.com\/www.shqiperia.com\/blog\/wp-content\/uploads\/2020\/10\/Takora-Zelanda-s%C3%AB-Re-1.jpg?w=750&amp;ssl=1 750w\" sizes=\"auto, (max-width: 742px) 100vw, 742px\" \/><p id=\"caption-attachment-40250\" class=\"wp-caption-text\">Takora, Zelanda s\u00eb Re<\/p><\/div>\n<p>Ashtu si shum\u00eb vende, Zelanda e Re tenton p\u00ebr t\u00eb rekrutuar mjek\u00ebt e rinj n\u00eb zonat rurale, me nj\u00eb raport ku thuhet se 37% e pozicioneve rurale ishin t\u00eb zbraz\u00ebta vitin e kaluar.<\/p>\n<p>Ai tani \u201cballafaqohet\u201d me rreth 6000 pacient\u00eb t\u00eb mundsh\u00ebm, gj\u00eb e cila edhe i lejon q\u00eb t\u00eb ket\u00eb nj\u00eb pag\u00eb rreth dyfish nga norma mesatare e Zeland\u00ebs s\u00eb Re.<\/p>\n<p>P\u00ebrkund\u00ebr k\u00ebsaj, ai nuk mund t\u00eb p\u00ebrballoj\u00eb k\u00ebt\u00eb ngarkes\u00eb t\u00eb pun\u00ebs k\u00ebshtu q\u00eb \u00ebsht\u00eb duke k\u00ebrkuar nj\u00eb mjek p\u00ebr t\u00eb ndar\u00eb pun\u00ebn e tij ose ta marr\u00eb at\u00eb p\u00ebrsip\u00ebr plot\u00ebsisht.<\/p>\n<p>\u201c\u00cbsht\u00eb nj\u00eb problem i madh p\u00ebr t\u00eb gjetur z\u00ebvend\u00ebsime\u201d, ka th\u00ebn\u00eb ai p\u00ebr mediat lokale.<\/p>\n<p>\u201cVitin e kaluar, kam anuluar pushimet, sepse un\u00eb nuk mund t\u00eb gjeja nj\u00eb z\u00ebvend\u00ebsues\u2026 dhe k\u00ebt\u00eb vit ndoshta do t\u00eb duhet ta b\u00ebj\u00eb t\u00eb nj\u00ebjt\u00ebn gj\u00eb\u201d.<\/p>\n<p>Ai ka th\u00ebn\u00eb gjithashtu se vet\u00ebm gjat\u00eb nj\u00eb dite ka raste kur kishte 43 pacient\u00eb, duke punuar prej 8.30 deri n\u00eb 18.00, pa b\u00ebr\u00eb asnj\u00eb pushim dreke.<\/p>\n","protected":false},"excerpt":{"rendered":"<p>Vendi i pun\u00ebs q\u00eb paguhet 20 mij\u00eb euro n\u00eb muaj, por q\u00eb askush nuk e d\u00ebshiron Ju do t\u00eb mendonit se nuk do t\u00eb ishte e v\u00ebshtir\u00eb q\u00eb doktor\u00eb nga e gjith\u00eb bota do t\u00eb shprehnin gatishm\u00ebrin\u00eb q\u00eb t\u00eb punojn\u00eb n\u00eb nj\u00eb vend t\u00eb bukur t\u00eb Zeland\u00ebs s\u00eb Re, n\u00eb Tokoroa. Dhe kjo bindje gjithsesi [&hellip;]<\/p>\n","protected":false},"author":9,"featured_media":40249,"comment_status":"open","ping_status":"open","sticky":false,"template":"","format":"standard","meta":{"jetpack_post_was_ever_published":false,"_jetpack_newsletter_access":"","_jetpack_dont_email_post_to_subs":false,"_jetpack_newsletter_tier_id":0,"_jetpack_memberships_contains_paywalled_content":false,"_jetpack_memberships_contains_paid_content":false,"footnotes":"","jetpack_publicize_message":"","jetpack_publicize_feature_enabled":true,"jetpack_social_post_already_shared":true,"jetpack_social_options":{"image_generator_settings":{"template":"highway","default_image_id":0,"font":"","enabled":false},"version":2}},"categories":[27,14],"tags":[],"class_list":["post-40247","post","type-post","status-publish","format-standard","has-post-thumbnail","hentry","category-blogu-i-udhetarit","category-press-releases"],"jetpack_publicize_connections":[],"jetpack_featured_media_url":"https:\/\/i0.wp.com\/www.shqiperia.com\/blog\/wp-content\/uploads\/2020\/10\/Takora-Zelanda-s%C3%AB-Re.jpg?fit=750%2C450&ssl=1","jetpack_sharing_enabled":true,"jetpack_shortlink":"https:\/\/wp.me\/p5Z6wp-at9","jetpack-related-posts":[{"id":17874,"url":"https:\/\/www.shqiperia.com\/blog\/vendi-i-punes-me-mik-ose-para-pse-po-ikin-te-rinjte-sipas-afp\/","url_meta":{"origin":40247,"position":0},"title":"\u201cVendi i pun\u00ebs, me mik ose para\u201d. Pse po ikin t\u00eb rinjt\u00eb, sipas AFP","author":"Kurt Farka","date":"February 24, 2019","format":false,"excerpt":"\u201cVendi i pun\u00ebs, me mik ose para\u201d. Pse po ikin t\u00eb rinjt\u00eb, sipas AFP Pasi doli nga vendi i tij i fshehur brenda nj\u00eb kamioni t\u00eb mbushur me lodra p\u00ebr f\u00ebmij\u00eb n\u00eb nj\u00eb port britanik, Alban Tufa pa policin\u00eb dhe e kuptoi se p\u00ebrpjekja e tij p\u00ebr t\u00eb hyr\u00eb n\u00eb\u2026","rel":"","context":"In &quot;Blogu i Udh\u00ebtarit&quot;","block_context":{"text":"Blogu i Udh\u00ebtarit","link":"https:\/\/www.shqiperia.com\/blog\/category\/blogu-i-udhetarit\/"},"img":{"alt_text":"","src":"https:\/\/i0.wp.com\/www.shqiperia.com\/blog\/wp-content\/uploads\/2019\/02\/protesta-per-Kavajen-3-770x433-905x450.jpeg?fit=839%2C450&ssl=1&resize=350%2C200","width":350,"height":200,"srcset":"https:\/\/i0.wp.com\/www.shqiperia.com\/blog\/wp-content\/uploads\/2019\/02\/protesta-per-Kavajen-3-770x433-905x450.jpeg?fit=839%2C450&ssl=1&resize=350%2C200 1x, https:\/\/i0.wp.com\/www.shqiperia.com\/blog\/wp-content\/uploads\/2019\/02\/protesta-per-Kavajen-3-770x433-905x450.jpeg?fit=839%2C450&ssl=1&resize=525%2C300 1.5x, https:\/\/i0.wp.com\/www.shqiperia.com\/blog\/wp-content\/uploads\/2019\/02\/protesta-per-Kavajen-3-770x433-905x450.jpeg?fit=839%2C450&ssl=1&resize=700%2C400 2x"},"classes":[]},{"id":52873,"url":"https:\/\/www.shqiperia.com\/blog\/sa-vlen-puna-ne-shqiperi-me-19-minuta-blen-nje-buke-me-500-ore-1-meter-katror-banese-ne-tirane-me-te-ardhurat-zyrtare-duhen-30-vjet-per-te-blere-nje-shtepi\/","url_meta":{"origin":40247,"position":1},"title":"Sa vlen puna n\u00eb Shqip\u00ebri? Me 19 minuta blen nj\u00eb buk\u00eb, me 500 or\u00eb, 1 met\u00ebr katror banes\u00eb n\u00eb Tiran\u00eb. Me t\u00eb ardhurat zyrtare duhen 30 vjet p\u00ebr t\u00eb bler\u00eb nj\u00eb sht\u00ebpi","author":"Kurt Farka","date":"January 4, 2022","format":false,"excerpt":"Sa vlen puna n\u00eb Shqip\u00ebri? Me 19 minuta blen nj\u00eb buk\u00eb, me 500 or\u00eb, 1 met\u00ebr katror banes\u00eb n\u00eb Tiran\u00eb. Me t\u00eb ardhurat zyrtare duhen 30 vjet p\u00ebr t\u00eb bler\u00eb nj\u00eb sht\u00ebpi 3 Janar 2022 Ndonj\u00ebher\u00eb ndodh t\u00eb zgjohemi n\u00eb m\u00ebngjes dhe t\u00eb pyesim veten p\u00ebrse punojm\u00eb. P\u00ebrse duhet t\u00eb\u2026","rel":"","context":"In &quot;Blogu i Udh\u00ebtarit&quot;","block_context":{"text":"Blogu i Udh\u00ebtarit","link":"https:\/\/www.shqiperia.com\/blog\/category\/blogu-i-udhetarit\/"},"img":{"alt_text":"","src":"https:\/\/i0.wp.com\/www.shqiperia.com\/blog\/wp-content\/uploads\/2022\/01\/269704346_3194159974140617_6229501087021222878_n.jpg?fit=662%2C375&ssl=1&resize=350%2C200","width":350,"height":200,"srcset":"https:\/\/i0.wp.com\/www.shqiperia.com\/blog\/wp-content\/uploads\/2022\/01\/269704346_3194159974140617_6229501087021222878_n.jpg?fit=662%2C375&ssl=1&resize=350%2C200 1x, https:\/\/i0.wp.com\/www.shqiperia.com\/blog\/wp-content\/uploads\/2022\/01\/269704346_3194159974140617_6229501087021222878_n.jpg?fit=662%2C375&ssl=1&resize=525%2C300 1.5x"},"classes":[]},{"id":52790,"url":"https:\/\/www.shqiperia.com\/blog\/nje-nga-keshilltaret-qe-paguhet-me-taksat-tona-ka-3-muaj-qe-eshte-ne-big-brother-artan-hoxha-plas-deklaraten-e-forte-mesuam-kush-jane-njerezit-qe-i-sherbejne-pushtetit\/","url_meta":{"origin":40247,"position":2},"title":"\u201cNj\u00eb nga k\u00ebshilltaret q\u00eb paguhet me taksat tona ka 3 muaj q\u00eb \u00ebsht\u00eb n\u00eb Big Brother\u201d, Artan Hoxha plas deklarat\u00ebn e fort\u00eb: M\u00ebsuam kush jan\u00eb njer\u00ebzit q\u00eb i sh\u00ebrbejn\u00eb pushtetit!","author":"Kurt Farka","date":"December 29, 2021","format":false,"excerpt":"\u201cNj\u00eb nga k\u00ebshilltaret q\u00eb paguhet me taksat tona ka 3 muaj q\u00eb \u00ebsht\u00eb n\u00eb Big Brother\u201d, Artan Hoxha plas deklarat\u00ebn e fort\u00eb: M\u00ebsuam kush jan\u00eb njer\u00ebzit q\u00eb i sh\u00ebrbejn\u00eb pushtetit! 29 DHJETOR 2021 Gazetari Artan Hoxha teksa po komentonte publikimin e t\u00eb dh\u00ebnave t\u00eb qytetar\u00ebve u shpreh se ky skandal\u2026","rel":"","context":"In &quot;Politika&quot;","block_context":{"text":"Politika","link":"https:\/\/www.shqiperia.com\/blog\/category\/politika\/"},"img":{"alt_text":"","src":"https:\/\/i0.wp.com\/www.shqiperia.com\/blog\/wp-content\/uploads\/2021\/12\/800-0-61cc61fca5162.png?fit=800%2C483&ssl=1&resize=350%2C200","width":350,"height":200,"srcset":"https:\/\/i0.wp.com\/www.shqiperia.com\/blog\/wp-content\/uploads\/2021\/12\/800-0-61cc61fca5162.png?fit=800%2C483&ssl=1&resize=350%2C200 1x, https:\/\/i0.wp.com\/www.shqiperia.com\/blog\/wp-content\/uploads\/2021\/12\/800-0-61cc61fca5162.png?fit=800%2C483&ssl=1&resize=525%2C300 1.5x, https:\/\/i0.wp.com\/www.shqiperia.com\/blog\/wp-content\/uploads\/2021\/12\/800-0-61cc61fca5162.png?fit=800%2C483&ssl=1&resize=700%2C400 2x"},"classes":[]},{"id":53947,"url":"https:\/\/www.shqiperia.com\/blog\/ikin-profesionistet-te-rinjte-u-qendrojne-larg-25-mije-vende-te-lira-pune\/","url_meta":{"origin":40247,"position":3},"title":"Ikin profesionist\u00ebt, t\u00eb rinjt\u00eb u q\u00ebndrojn\u00eb larg&#8230; 25 mij\u00eb vende t\u00eb lira pune!","author":"Kurt Farka","date":"February 14, 2022","format":false,"excerpt":"Ikin profesionist\u00ebt, t\u00eb rinjt\u00eb u q\u00ebndrojn\u00eb larg... 25 mij\u00eb vende t\u00eb lira pune! 13 SHKURT 2022 Plakja e popullsis\u00eb dhe emigrimi i t\u00eb rinjve drejt vendeve t\u00eb BE-s\u00eb ka gjeneruar boshll\u00ebk n\u00eb tregun e pun\u00ebs.Sipas t\u00eb dh\u00ebnave nga Agjensia Komb\u00ebtare e Pun\u00ebsimit dhe Aft\u00ebsive, n\u00eb vitin 2020 u shpall\u00ebn 25.141\u2026","rel":"","context":"In &quot;Blogu i Udh\u00ebtarit&quot;","block_context":{"text":"Blogu i Udh\u00ebtarit","link":"https:\/\/www.shqiperia.com\/blog\/category\/blogu-i-udhetarit\/"},"img":{"alt_text":"","src":"https:\/\/i0.wp.com\/www.shqiperia.com\/blog\/wp-content\/uploads\/2022\/02\/640-0-62097748cb678.jpg?fit=640%2C355&ssl=1&resize=350%2C200","width":350,"height":200,"srcset":"https:\/\/i0.wp.com\/www.shqiperia.com\/blog\/wp-content\/uploads\/2022\/02\/640-0-62097748cb678.jpg?fit=640%2C355&ssl=1&resize=350%2C200 1x, https:\/\/i0.wp.com\/www.shqiperia.com\/blog\/wp-content\/uploads\/2022\/02\/640-0-62097748cb678.jpg?fit=640%2C355&ssl=1&resize=525%2C300 1.5x"},"classes":[]},{"id":65929,"url":"https:\/\/www.shqiperia.com\/blog\/papunesi-e-krize-financiare-mijera-shqiptare-te-kosoves-iken-dhe-hoqen-dore-nga-vendi-i-tyre\/","url_meta":{"origin":40247,"position":4},"title":"Papun\u00ebsi e kriz\u00eb financiare, mij\u00ebra shqiptar\u00eb te Kosoves ik\u00ebn dhe hoq\u00ebn dor\u00eb nga vendi i tyre","author":"Kurt Farka","date":"January 3, 2023","format":false,"excerpt":"3 Janar 2023 Nga Prishtina, Fatos Shala Problemet financiare, mungesa e vendeve t\u00eb pun\u00ebs e ekonomia e ul\u00ebt e vendit shpesh her\u00eb kan\u00eb qen\u00eb arsyet ky\u00e7e q\u00eb qytetar\u00ebt e Kosov\u00ebs t\u00eb largohen nga vendi. \u00a0Largimi i tyre jo q\u00eb nuk pati r\u00ebnie nd\u00ebr vite, por p\u00ebrkundrazi t\u00eb nj\u00ebjtit gjet\u00ebn forma\u2026","rel":"","context":"In &quot;Blogu i Udh\u00ebtarit&quot;","block_context":{"text":"Blogu i Udh\u00ebtarit","link":"https:\/\/www.shqiperia.com\/blog\/category\/blogu-i-udhetarit\/"},"img":{"alt_text":"","src":"https:\/\/i0.wp.com\/www.shqiperia.com\/blog\/wp-content\/uploads\/2023\/01\/kosova-ikje.jpg?fit=780%2C439&ssl=1&resize=350%2C200","width":350,"height":200,"srcset":"https:\/\/i0.wp.com\/www.shqiperia.com\/blog\/wp-content\/uploads\/2023\/01\/kosova-ikje.jpg?fit=780%2C439&ssl=1&resize=350%2C200 1x, https:\/\/i0.wp.com\/www.shqiperia.com\/blog\/wp-content\/uploads\/2023\/01\/kosova-ikje.jpg?fit=780%2C439&ssl=1&resize=525%2C300 1.5x, https:\/\/i0.wp.com\/www.shqiperia.com\/blog\/wp-content\/uploads\/2023\/01\/kosova-ikje.jpg?fit=780%2C439&ssl=1&resize=700%2C400 2x"},"classes":[]},{"id":52705,"url":"https:\/\/www.shqiperia.com\/blog\/superkeshilltaret-e-energjetikes-benet-beci-u-jepte-rroge-nga-1900-deri-ne-2100-euro-ne-muaj\/","url_meta":{"origin":40247,"position":5},"title":"Superk\u00ebshilltar\u00ebt e energjetik\u00ebs, Benet Beci u jepte rrog\u00eb nga 1900 deri n\u00eb 2100 euro n\u00eb muaj","author":"Kurt Farka","date":"December 26, 2021","format":false,"excerpt":"Superk\u00ebshilltar\u00ebt e energjetik\u00ebs, Benet Beci u jepte rrog\u00eb nga 1900 deri n\u00eb 2100 euro n\u00eb muaj 26 Dhjetor 2021 Tre institucionet q\u00eb menaxhojn\u00eb furnizimin me energji elektrike n\u00eb Shqip\u00ebri shpenzojn\u00eb rreth 500 mij\u00eb euro p\u00ebr rreth 22 k\u00ebshilltar\u00eb. Rrog\u00ebn m\u00eb t\u00eb lart\u00eb p\u00ebr ta e ka siguruar Benet Beci me\u2026","rel":"","context":"In &quot;Blogu i Udh\u00ebtarit&quot;","block_context":{"text":"Blogu i Udh\u00ebtarit","link":"https:\/\/www.shqiperia.com\/blog\/category\/blogu-i-udhetarit\/"},"img":{"alt_text":"","src":"https:\/\/i0.wp.com\/www.shqiperia.com\/blog\/wp-content\/uploads\/2021\/12\/facd70c92c5391ed5f87ad6d7631d635-1200x675-1.jpg?fit=1200%2C675&ssl=1&resize=350%2C200","width":350,"height":200,"srcset":"https:\/\/i0.wp.com\/www.shqiperia.com\/blog\/wp-content\/uploads\/2021\/12\/facd70c92c5391ed5f87ad6d7631d635-1200x675-1.jpg?fit=1200%2C675&ssl=1&resize=350%2C200 1x, https:\/\/i0.wp.com\/www.shqiperia.com\/blog\/wp-content\/uploads\/2021\/12\/facd70c92c5391ed5f87ad6d7631d635-1200x675-1.jpg?fit=1200%2C675&ssl=1&resize=525%2C300 1.5x, https:\/\/i0.wp.com\/www.shqiperia.com\/blog\/wp-content\/uploads\/2021\/12\/facd70c92c5391ed5f87ad6d7631d635-1200x675-1.jpg?fit=1200%2C675&ssl=1&resize=700%2C400 2x, https:\/\/i0.wp.com\/www.shqiperia.com\/blog\/wp-content\/uploads\/2021\/12\/facd70c92c5391ed5f87ad6d7631d635-1200x675-1.jpg?fit=1200%2C675&ssl=1&resize=1050%2C600 3x"},"classes":[]}],"_links":{"self":[{"href":"https:\/\/www.shqiperia.com\/blog\/wp-json\/wp\/v2\/posts\/40247","targetHints":{"allow":["GET"]}}],"collection":[{"href":"https:\/\/www.shqiperia.com\/blog\/wp-json\/wp\/v2\/posts"}],"about":[{"href":"https:\/\/www.shqiperia.com\/blog\/wp-json\/wp\/v2\/types\/post"}],"author":[{"embeddable":true,"href":"https:\/\/www.shqiperia.com\/blog\/wp-json\/wp\/v2\/users\/9"}],"replies":[{"embeddable":true,"href":"https:\/\/www.shqiperia.com\/blog\/wp-json\/wp\/v2\/comments?post=40247"}],"version-history":[{"count":1,"href":"https:\/\/www.shqiperia.com\/blog\/wp-json\/wp\/v2\/posts\/40247\/revisions"}],"predecessor-version":[{"id":40251,"href":"https:\/\/www.shqiperia.com\/blog\/wp-json\/wp\/v2\/posts\/40247\/revisions\/40251"}],"wp:featuredmedia":[{"embeddable":true,"href":"https:\/\/www.shqiperia.com\/blog\/wp-json\/wp\/v2\/media\/40249"}],"wp:attachment":[{"href":"https:\/\/www.shqiperia.com\/blog\/wp-json\/wp\/v2\/media?parent=40247"}],"wp:term":[{"taxonomy":"category","embeddable":true,"href":"https:\/\/www.shqiperia.com\/blog\/wp-json\/wp\/v2\/categories?post=40247"},{"taxonomy":"post_tag","embeddable":true,"href":"https:\/\/www.shqiperia.com\/blog\/wp-json\/wp\/v2\/tags?post=40247"}],"curies":[{"name":"wp","href":"https:\/\/api.w.org\/{rel}","templated":true}]}}