{"id":40243,"date":"2020-10-29T17:53:17","date_gmt":"2020-10-29T17:53:17","guid":{"rendered":"https:\/\/www.shqiperia.com\/blog\/?p=40243"},"modified":"2020-10-29T17:53:17","modified_gmt":"2020-10-29T17:53:17","slug":"rrezohen-muret-e-lissusit-guret-kercenojne-banesat-prane-kalase-se-lezhes","status":"publish","type":"post","link":"https:\/\/www.shqiperia.com\/blog\/rrezohen-muret-e-lissusit-guret-kercenojne-banesat-prane-kalase-se-lezhes\/","title":{"rendered":"Rr\u00ebzohen muret e \u201cLissusit\u201d, gur\u00ebt k\u00ebrc\u00ebnojn\u00eb banesat pran\u00eb kalas\u00eb s\u00eb Lezh\u00ebs"},"content":{"rendered":"<p><img data-recalc-dims=\"1\" loading=\"lazy\" decoding=\"async\" data-attachment-id=\"40244\" data-permalink=\"https:\/\/www.shqiperia.com\/blog\/rrezohen-muret-e-lissusit-guret-kercenojne-banesat-prane-kalase-se-lezhes\/kala-ja\/\" data-orig-file=\"https:\/\/i0.wp.com\/www.shqiperia.com\/blog\/wp-content\/uploads\/2020\/10\/kala-ja-.jpg?fit=1920%2C1080&amp;ssl=1\" data-orig-size=\"1920,1080\" data-comments-opened=\"1\" data-image-meta=\"{&quot;aperture&quot;:&quot;0&quot;,&quot;credit&quot;:&quot;&quot;,&quot;camera&quot;:&quot;&quot;,&quot;caption&quot;:&quot;&quot;,&quot;created_timestamp&quot;:&quot;0&quot;,&quot;copyright&quot;:&quot;&quot;,&quot;focal_length&quot;:&quot;0&quot;,&quot;iso&quot;:&quot;0&quot;,&quot;shutter_speed&quot;:&quot;0&quot;,&quot;title&quot;:&quot;&quot;,&quot;orientation&quot;:&quot;0&quot;}\" data-image-title=\"kala-ja-\" data-image-description=\"\" data-image-caption=\"\" data-medium-file=\"https:\/\/i0.wp.com\/www.shqiperia.com\/blog\/wp-content\/uploads\/2020\/10\/kala-ja-.jpg?fit=300%2C169&amp;ssl=1\" data-large-file=\"https:\/\/i0.wp.com\/www.shqiperia.com\/blog\/wp-content\/uploads\/2020\/10\/kala-ja-.jpg?fit=1024%2C576&amp;ssl=1\" class=\"alignnone  wp-image-40244\" alt=\"\" src=\"https:\/\/i0.wp.com\/www.shqiperia.com\/blog\/wp-content\/uploads\/2020\/10\/kala-ja-.jpg?resize=414%2C233&#038;ssl=1\" width=\"414\" height=\"233\" srcset=\"https:\/\/i0.wp.com\/www.shqiperia.com\/blog\/wp-content\/uploads\/2020\/10\/kala-ja-.jpg?resize=300%2C169&amp;ssl=1 300w, https:\/\/i0.wp.com\/www.shqiperia.com\/blog\/wp-content\/uploads\/2020\/10\/kala-ja-.jpg?resize=1024%2C576&amp;ssl=1 1024w, https:\/\/i0.wp.com\/www.shqiperia.com\/blog\/wp-content\/uploads\/2020\/10\/kala-ja-.jpg?resize=768%2C432&amp;ssl=1 768w, https:\/\/i0.wp.com\/www.shqiperia.com\/blog\/wp-content\/uploads\/2020\/10\/kala-ja-.jpg?resize=1536%2C864&amp;ssl=1 1536w, https:\/\/i0.wp.com\/www.shqiperia.com\/blog\/wp-content\/uploads\/2020\/10\/kala-ja-.jpg?resize=450%2C253&amp;ssl=1 450w, https:\/\/i0.wp.com\/www.shqiperia.com\/blog\/wp-content\/uploads\/2020\/10\/kala-ja-.jpg?resize=600%2C338&amp;ssl=1 600w, https:\/\/i0.wp.com\/www.shqiperia.com\/blog\/wp-content\/uploads\/2020\/10\/kala-ja-.jpg?resize=1500%2C844&amp;ssl=1 1500w, https:\/\/i0.wp.com\/www.shqiperia.com\/blog\/wp-content\/uploads\/2020\/10\/kala-ja-.jpg?resize=1300%2C731&amp;ssl=1 1300w, https:\/\/i0.wp.com\/www.shqiperia.com\/blog\/wp-content\/uploads\/2020\/10\/kala-ja-.jpg?resize=400%2C225&amp;ssl=1 400w, https:\/\/i0.wp.com\/www.shqiperia.com\/blog\/wp-content\/uploads\/2020\/10\/kala-ja-.jpg?w=1920&amp;ssl=1 1920w\" sizes=\"auto, (max-width: 414px) 100vw, 414px\" \/><\/p>\n<p><strong>Rr\u00ebzohen muret e \u201cLissusit\u201d, gur\u00ebt k\u00ebrc\u00ebnojn\u00eb banesat pran\u00eb kalas\u00eb s\u00eb Lezh\u00ebs<\/strong><\/p>\n<p>Nga:\u00a0<strong>Elvis Hila<\/strong><\/p>\n<p>19\/10\/2020<\/p>\n<p><em>Muret e Kalas\u00eb s\u00eb Lezh\u00ebs kan\u00eb rr\u00ebshqitur n\u00eb nj\u00eb gjat\u00ebsi prej t\u00eb pakt\u00ebn 17 metrash. Gur\u00ebt po k\u00ebrc\u00ebnojn\u00eb jet\u00ebt e banor\u00ebve posht\u00eb kalas\u00eb, nd\u00ebrsa erozioni trash\u00ebgimin\u00eb e qytetit. Por pavar\u00ebsisht rrezikut, asnj\u00eb institucion nuk \u00ebsht\u00eb angazhuar p\u00ebr t\u00eb nd\u00ebrhyr\u00eb.<\/em><\/p>\n<p>Muret Kalas\u00eb s\u00eb t\u00eb Lisusit t\u00eb lasht\u00eb po rr\u00ebshqasin.<\/p>\n<p>N\u00eb pjes\u00ebn veriore gur\u00ebt kan\u00eb l\u00ebvizur n\u00eb gati 17 metra gjat\u00ebsi p\u00ebr shkak t\u00eb erozionit.<\/p>\n<p>Rreziku q\u00eb paraqitet \u00ebsht\u00eb i dyfisht\u00eb.<\/p>\n<p>Banesat n\u00eb pjes\u00ebn e poshtme t\u00eb kalas\u00eb jan\u00eb t\u00eb k\u00ebrc\u00ebnuara, sikurse edhe trash\u00ebgimia kulturore.<\/p>\n<p>Specialist\u00ebt e Monumenteve t\u00eb Kultur\u00ebs thon\u00eb se alarmin e kan\u00eb ngritur tek institucionet qendrore, por ende askush nuk ka nd\u00ebrmarr\u00eb asnj\u00eb veprim konkret.<\/p>\n<p><img data-recalc-dims=\"1\" loading=\"lazy\" decoding=\"async\" data-attachment-id=\"40245\" data-permalink=\"https:\/\/www.shqiperia.com\/blog\/rrezohen-muret-e-lissusit-guret-kercenojne-banesat-prane-kalase-se-lezhes\/kalaja-shembje\/\" data-orig-file=\"https:\/\/i0.wp.com\/www.shqiperia.com\/blog\/wp-content\/uploads\/2020\/10\/kalaja-shembje-.jpg?fit=1920%2C1080&amp;ssl=1\" data-orig-size=\"1920,1080\" data-comments-opened=\"1\" data-image-meta=\"{&quot;aperture&quot;:&quot;0&quot;,&quot;credit&quot;:&quot;&quot;,&quot;camera&quot;:&quot;&quot;,&quot;caption&quot;:&quot;&quot;,&quot;created_timestamp&quot;:&quot;0&quot;,&quot;copyright&quot;:&quot;&quot;,&quot;focal_length&quot;:&quot;0&quot;,&quot;iso&quot;:&quot;0&quot;,&quot;shutter_speed&quot;:&quot;0&quot;,&quot;title&quot;:&quot;&quot;,&quot;orientation&quot;:&quot;0&quot;}\" data-image-title=\"kalaja-shembje-\" data-image-description=\"\" data-image-caption=\"\" data-medium-file=\"https:\/\/i0.wp.com\/www.shqiperia.com\/blog\/wp-content\/uploads\/2020\/10\/kalaja-shembje-.jpg?fit=300%2C169&amp;ssl=1\" data-large-file=\"https:\/\/i0.wp.com\/www.shqiperia.com\/blog\/wp-content\/uploads\/2020\/10\/kalaja-shembje-.jpg?fit=1024%2C576&amp;ssl=1\" class=\"alignnone  wp-image-40245\" alt=\"\" src=\"https:\/\/i0.wp.com\/www.shqiperia.com\/blog\/wp-content\/uploads\/2020\/10\/kalaja-shembje-.jpg?resize=646%2C364&#038;ssl=1\" width=\"646\" height=\"364\" srcset=\"https:\/\/i0.wp.com\/www.shqiperia.com\/blog\/wp-content\/uploads\/2020\/10\/kalaja-shembje-.jpg?resize=300%2C169&amp;ssl=1 300w, https:\/\/i0.wp.com\/www.shqiperia.com\/blog\/wp-content\/uploads\/2020\/10\/kalaja-shembje-.jpg?resize=1024%2C576&amp;ssl=1 1024w, https:\/\/i0.wp.com\/www.shqiperia.com\/blog\/wp-content\/uploads\/2020\/10\/kalaja-shembje-.jpg?resize=768%2C432&amp;ssl=1 768w, https:\/\/i0.wp.com\/www.shqiperia.com\/blog\/wp-content\/uploads\/2020\/10\/kalaja-shembje-.jpg?resize=1536%2C864&amp;ssl=1 1536w, https:\/\/i0.wp.com\/www.shqiperia.com\/blog\/wp-content\/uploads\/2020\/10\/kalaja-shembje-.jpg?resize=450%2C253&amp;ssl=1 450w, https:\/\/i0.wp.com\/www.shqiperia.com\/blog\/wp-content\/uploads\/2020\/10\/kalaja-shembje-.jpg?resize=600%2C338&amp;ssl=1 600w, https:\/\/i0.wp.com\/www.shqiperia.com\/blog\/wp-content\/uploads\/2020\/10\/kalaja-shembje-.jpg?resize=1500%2C844&amp;ssl=1 1500w, https:\/\/i0.wp.com\/www.shqiperia.com\/blog\/wp-content\/uploads\/2020\/10\/kalaja-shembje-.jpg?resize=1300%2C731&amp;ssl=1 1300w, https:\/\/i0.wp.com\/www.shqiperia.com\/blog\/wp-content\/uploads\/2020\/10\/kalaja-shembje-.jpg?resize=400%2C225&amp;ssl=1 400w, https:\/\/i0.wp.com\/www.shqiperia.com\/blog\/wp-content\/uploads\/2020\/10\/kalaja-shembje-.jpg?w=1920&amp;ssl=1 1920w\" sizes=\"auto, (max-width: 646px) 100vw, 646px\" \/><\/p>\n","protected":false},"excerpt":{"rendered":"<p>Rr\u00ebzohen muret e \u201cLissusit\u201d, gur\u00ebt k\u00ebrc\u00ebnojn\u00eb banesat pran\u00eb kalas\u00eb s\u00eb Lezh\u00ebs Nga:\u00a0Elvis Hila 19\/10\/2020 Muret e Kalas\u00eb s\u00eb Lezh\u00ebs kan\u00eb rr\u00ebshqitur n\u00eb nj\u00eb gjat\u00ebsi prej t\u00eb pakt\u00ebn 17 metrash. Gur\u00ebt po k\u00ebrc\u00ebnojn\u00eb jet\u00ebt e banor\u00ebve posht\u00eb kalas\u00eb, nd\u00ebrsa erozioni trash\u00ebgimin\u00eb e qytetit. Por pavar\u00ebsisht rrezikut, asnj\u00eb institucion nuk \u00ebsht\u00eb angazhuar p\u00ebr t\u00eb nd\u00ebrhyr\u00eb. Muret Kalas\u00eb [&hellip;]<\/p>\n","protected":false},"author":9,"featured_media":40244,"comment_status":"open","ping_status":"open","sticky":false,"template":"","format":"standard","meta":{"jetpack_post_was_ever_published":false,"_jetpack_newsletter_access":"","_jetpack_dont_email_post_to_subs":false,"_jetpack_newsletter_tier_id":0,"_jetpack_memberships_contains_paywalled_content":false,"_jetpack_memberships_contains_paid_content":false,"footnotes":"","jetpack_publicize_message":"","jetpack_publicize_feature_enabled":true,"jetpack_social_post_already_shared":true,"jetpack_social_options":{"image_generator_settings":{"template":"highway","default_image_id":0,"font":"","enabled":false},"version":2}},"categories":[27,86],"tags":[],"class_list":["post-40243","post","type-post","status-publish","format-standard","has-post-thumbnail","hentry","category-blogu-i-udhetarit","category-trashegimi-kulturore"],"jetpack_publicize_connections":[],"jetpack_featured_media_url":"https:\/\/i0.wp.com\/www.shqiperia.com\/blog\/wp-content\/uploads\/2020\/10\/kala-ja-.jpg?fit=1920%2C1080&ssl=1","jetpack_sharing_enabled":true,"jetpack_shortlink":"https:\/\/wp.me\/p5Z6wp-at5","jetpack-related-posts":[{"id":48660,"url":"https:\/\/www.shqiperia.com\/blog\/instituti-i-monumenteve-le-ne-harrese-kalane-e-lezhes-erozioni-gerryen-muret-rrethuese\/","url_meta":{"origin":40243,"position":0},"title":"Instituti i Monumenteve l\u00eb n\u00eb harres\u00eb Kalan\u00eb e Lezh\u00ebs, erozioni g\u00ebrryen muret rrethuese","author":"Kurt Farka","date":"July 21, 2021","format":false,"excerpt":"Instituti i Monumenteve l\u00eb n\u00eb harres\u00eb Kalan\u00eb e Lezh\u00ebs, erozioni g\u00ebrryen muret rrethuese Kalaja e Lezh\u00ebs ka p\u00ebsuar d\u00ebme n\u00eb muret rrethuese, ku gur\u00ebt vazhdojn\u00eb t\u00eb bien p\u00ebr shkak t\u00eb erozionit. Gjendja \u00ebsht\u00eb drejt p\u00ebrkeq\u00ebsimit, nd\u00ebrsa Instituti i Monumente t\u00eb Kultur\u00ebs nuk ka kryer asnj\u00eb nd\u00ebrhyrje. Po kaq, e ura\u2026","rel":"","context":"In &quot;Histori&quot;","block_context":{"text":"Histori","link":"https:\/\/www.shqiperia.com\/blog\/category\/histori\/"},"img":{"alt_text":"","src":"https:\/\/i0.wp.com\/www.shqiperia.com\/blog\/wp-content\/uploads\/2021\/07\/kal.jpg?fit=1200%2C675&ssl=1&resize=350%2C200","width":350,"height":200,"srcset":"https:\/\/i0.wp.com\/www.shqiperia.com\/blog\/wp-content\/uploads\/2021\/07\/kal.jpg?fit=1200%2C675&ssl=1&resize=350%2C200 1x, https:\/\/i0.wp.com\/www.shqiperia.com\/blog\/wp-content\/uploads\/2021\/07\/kal.jpg?fit=1200%2C675&ssl=1&resize=525%2C300 1.5x, https:\/\/i0.wp.com\/www.shqiperia.com\/blog\/wp-content\/uploads\/2021\/07\/kal.jpg?fit=1200%2C675&ssl=1&resize=700%2C400 2x, https:\/\/i0.wp.com\/www.shqiperia.com\/blog\/wp-content\/uploads\/2021\/07\/kal.jpg?fit=1200%2C675&ssl=1&resize=1050%2C600 3x"},"classes":[]},{"id":59705,"url":"https:\/\/www.shqiperia.com\/blog\/nga-muret-pellazgjik-te-kalase-tek-kullat-e-banesat-me-cardake-papastefani-skicon-beratin-ne-123-skica\/","url_meta":{"origin":40243,"position":1},"title":"Nga muret pellazgjik t\u00eb Kalas\u00eb tek kullat e banesat me \u00e7ardak\u00eb, Papastefani skicon Beratin n\u00eb 123 skica.","author":"Kurt Farka","date":"July 3, 2022","format":false,"excerpt":"Nga Anila Dedaj Pas Tiran\u00ebs, Andi Papastefani sjell Beratin n\u00eb 123 skica t\u00eb fiksuara p\u00ebrgjat\u00eb tri vje\u00e7arit t\u00eb fundit. Arkitekti rr\u00ebfen objektet me tiparet dalluese n\u00eb qytetin 2400-vje\u00e7ar, deri tek muret pellazgjik\u00eb t\u00eb Kalas\u00eb Duke u endur rrugicave an\u00ebs lumit, n\u00eb kala, por edhe n\u00eb internier t\u00eb objekteve t\u00eb qytetit\u2026","rel":"","context":"In &quot;Arte&quot;","block_context":{"text":"Arte","link":"https:\/\/www.shqiperia.com\/blog\/category\/arte\/"},"img":{"alt_text":"","src":"https:\/\/i0.wp.com\/www.shqiperia.com\/blog\/wp-content\/uploads\/2022\/07\/Andi-Papastefani-Berati-nga-muret-pellazgjik-te-Kalase-tek-kullat-e-banesat-me-cardake.jpg?fit=1034%2C538&ssl=1&resize=350%2C200","width":350,"height":200,"srcset":"https:\/\/i0.wp.com\/www.shqiperia.com\/blog\/wp-content\/uploads\/2022\/07\/Andi-Papastefani-Berati-nga-muret-pellazgjik-te-Kalase-tek-kullat-e-banesat-me-cardake.jpg?fit=1034%2C538&ssl=1&resize=350%2C200 1x, https:\/\/i0.wp.com\/www.shqiperia.com\/blog\/wp-content\/uploads\/2022\/07\/Andi-Papastefani-Berati-nga-muret-pellazgjik-te-Kalase-tek-kullat-e-banesat-me-cardake.jpg?fit=1034%2C538&ssl=1&resize=525%2C300 1.5x, https:\/\/i0.wp.com\/www.shqiperia.com\/blog\/wp-content\/uploads\/2022\/07\/Andi-Papastefani-Berati-nga-muret-pellazgjik-te-Kalase-tek-kullat-e-banesat-me-cardake.jpg?fit=1034%2C538&ssl=1&resize=700%2C400 2x"},"classes":[]},{"id":1027,"url":"https:\/\/www.shqiperia.com\/blog\/kalaja-e-skeles-vlore-si-nje-nga-ndertimet-ushtarake-te-perandorise-osmane\/","url_meta":{"origin":40243,"position":2},"title":"Kalaja e Skeles, Vlore si nj\u00eb nga nd\u00ebrtimet ushtarake t\u00eb Perandoris\u00eb osmane","author":"Kurt Farka","date":"January 11, 2018","format":false,"excerpt":"Nga: Gezim Llojdia Gjurm\u00ebt e kalase s\u00eb Vlor\u00ebs, sot ekzistojn\u00eb n\u00ebn nj\u00eb bodrum t\u00eb llangosur me uj\u00eb, n\u00ebn nj\u00eb ngrehin\u00eb shum\u00ebkat\u00ebshe n\u00eb zon\u00ebn e Skel\u00ebs, p\u00ebrpara stadiumit t\u00eb qytetit, q\u00eb ka emrin e skuadr\u00ebs. Zbulimi i tyre n\u00eb vitet \u201870 tregoj\u00eb r\u00ebnd\u00ebsin\u00eb, q\u00eb paraqesin muret e hershem t\u00eb nd\u00ebrtimit osman\u2026","rel":"","context":"In &quot;Trashegimi Kulturore&quot;","block_context":{"text":"Trashegimi Kulturore","link":"https:\/\/www.shqiperia.com\/blog\/category\/trashegimi-kulturore\/"},"img":{"alt_text":"","src":"https:\/\/i0.wp.com\/www.shqiperia.com\/blog\/wp-content\/uploads\/2018\/01\/th.jpg?fit=474%2C401&ssl=1&resize=350%2C200","width":350,"height":200},"classes":[]},{"id":18350,"url":"https:\/\/www.shqiperia.com\/blog\/rrezik-shembje-te-mureve-te-kalase-se-gjirokastres\/","url_meta":{"origin":40243,"position":3},"title":"Rrezik shembje t\u00eb mureve t\u00eb kalas\u00eb s\u00eb Gjirokastr\u00ebs. &#8211;","author":"Kurt Farka","date":"March 15, 2019","format":false,"excerpt":"Monument kulture, \u00e7arje dhe rrezik shembje t\u00eb mureve t\u00eb kalas\u00eb s\u00eb Gjirokastr\u00ebs. - Nj\u00eb nga monumentet kulturore\u00a0 m\u00eb t\u00eb bukura dhe m\u00eb t\u00eb vizituara n\u00eb Shqip\u00ebri, kalaja e qytetit t\u00eb Gjirokastr\u00ebs ka rrezik t\u00eb shembet. Si pasoj\u00eb e motit t\u00eb\u00a0 keq muret e kalas\u00eb kan\u00eb p\u00ebsuar \u00e7arje t\u00eb m\u00ebdha e\u2026","rel":"","context":"In &quot;Histori&quot;","block_context":{"text":"Histori","link":"https:\/\/www.shqiperia.com\/blog\/category\/histori\/"},"img":{"alt_text":"","src":"https:\/\/i0.wp.com\/www.shqiperia.com\/blog\/wp-content\/uploads\/2019\/03\/carje.jpg?fit=720%2C357&ssl=1&resize=350%2C200","width":350,"height":200,"srcset":"https:\/\/i0.wp.com\/www.shqiperia.com\/blog\/wp-content\/uploads\/2019\/03\/carje.jpg?fit=720%2C357&ssl=1&resize=350%2C200 1x, https:\/\/i0.wp.com\/www.shqiperia.com\/blog\/wp-content\/uploads\/2019\/03\/carje.jpg?fit=720%2C357&ssl=1&resize=525%2C300 1.5x, https:\/\/i0.wp.com\/www.shqiperia.com\/blog\/wp-content\/uploads\/2019\/03\/carje.jpg?fit=720%2C357&ssl=1&resize=700%2C400 2x"},"classes":[]},{"id":63260,"url":"https:\/\/www.shqiperia.com\/blog\/muri-ilir-drejt-shembjes-ne-lezhe\/","url_meta":{"origin":40243,"position":4},"title":"Muri ilir drejt shembjes n\u00eb Lezhe","author":"Kurt Farka","date":"October 13, 2022","format":false,"excerpt":"13 Tetor 2022 Nj\u00eb mur i nd\u00ebrtuar n\u00eb shekullin e 4 para lindjes s\u00eb Krishtit, \u00ebsht\u00eb duke rrezikuar shembjen. Muri rrethon kalan\u00eb historike t\u00eb qytetit, nd\u00ebrsa degradimi i tij ka nisur dy vite m\u00eb par\u00eb, dhe shembja rrezikon edhe banor\u00ebt atje. Nj\u00eb mur ilir p\u00ebrb\u00ebnte rrethimin e dyt\u00eb t\u00eb Lisusit\u2026","rel":"","context":"In &quot;Blogu i Udh\u00ebtarit&quot;","block_context":{"text":"Blogu i Udh\u00ebtarit","link":"https:\/\/www.shqiperia.com\/blog\/category\/blogu-i-udhetarit\/"},"img":{"alt_text":"","src":"https:\/\/i0.wp.com\/www.shqiperia.com\/blog\/wp-content\/uploads\/2022\/10\/sheee.jpg?fit=800%2C450&ssl=1&resize=350%2C200","width":350,"height":200,"srcset":"https:\/\/i0.wp.com\/www.shqiperia.com\/blog\/wp-content\/uploads\/2022\/10\/sheee.jpg?fit=800%2C450&ssl=1&resize=350%2C200 1x, https:\/\/i0.wp.com\/www.shqiperia.com\/blog\/wp-content\/uploads\/2022\/10\/sheee.jpg?fit=800%2C450&ssl=1&resize=525%2C300 1.5x, https:\/\/i0.wp.com\/www.shqiperia.com\/blog\/wp-content\/uploads\/2022\/10\/sheee.jpg?fit=800%2C450&ssl=1&resize=700%2C400 2x"},"classes":[]},{"id":9597,"url":"https:\/\/www.shqiperia.com\/blog\/imk-harton-projekt-per-restaurimin-e-kalase-se-bashtoves\/","url_meta":{"origin":40243,"position":5},"title":"IMK harton projekt p\u00ebr restaurimin e kalas\u00eb s\u00eb Bashtov\u00ebs. &#8211;","author":"Kurt Farka","date":"July 11, 2018","format":false,"excerpt":"IMK harton projekt p\u00ebr restaurimin e kalas\u00eb s\u00eb Bashtov\u00ebs. - Instituti i Monumenteve t\u00eb Kultur\u00ebs ka hartuar projektin p\u00ebr \u201cRestaurimin e Kalas\u00eb s\u00eb Bashtov\u00ebs\u201d, pran\u00eb fshatit Vil\u00eb, Rrogozhin\u00eb. Projekti i miratuar n\u00eb K\u00ebshillin Komb\u00ebtar t\u00eb Restaurimeve konsiston n\u00eb kryerjen e nd\u00ebrhyrjeve konservuese dhe restauruese n\u00eb monument. \u201cInstituti i Monumenteve t\u00eb\u2026","rel":"","context":"In &quot;Histori&quot;","block_context":{"text":"Histori","link":"https:\/\/www.shqiperia.com\/blog\/category\/histori\/"},"img":{"alt_text":"","src":"https:\/\/i0.wp.com\/www.shqiperia.com\/blog\/wp-content\/uploads\/2018\/07\/bashtova_kalaja_faqe_18-2-300x250.jpg?resize=350%2C200","width":350,"height":200},"classes":[]}],"_links":{"self":[{"href":"https:\/\/www.shqiperia.com\/blog\/wp-json\/wp\/v2\/posts\/40243","targetHints":{"allow":["GET"]}}],"collection":[{"href":"https:\/\/www.shqiperia.com\/blog\/wp-json\/wp\/v2\/posts"}],"about":[{"href":"https:\/\/www.shqiperia.com\/blog\/wp-json\/wp\/v2\/types\/post"}],"author":[{"embeddable":true,"href":"https:\/\/www.shqiperia.com\/blog\/wp-json\/wp\/v2\/users\/9"}],"replies":[{"embeddable":true,"href":"https:\/\/www.shqiperia.com\/blog\/wp-json\/wp\/v2\/comments?post=40243"}],"version-history":[{"count":1,"href":"https:\/\/www.shqiperia.com\/blog\/wp-json\/wp\/v2\/posts\/40243\/revisions"}],"predecessor-version":[{"id":40246,"href":"https:\/\/www.shqiperia.com\/blog\/wp-json\/wp\/v2\/posts\/40243\/revisions\/40246"}],"wp:featuredmedia":[{"embeddable":true,"href":"https:\/\/www.shqiperia.com\/blog\/wp-json\/wp\/v2\/media\/40244"}],"wp:attachment":[{"href":"https:\/\/www.shqiperia.com\/blog\/wp-json\/wp\/v2\/media?parent=40243"}],"wp:term":[{"taxonomy":"category","embeddable":true,"href":"https:\/\/www.shqiperia.com\/blog\/wp-json\/wp\/v2\/categories?post=40243"},{"taxonomy":"post_tag","embeddable":true,"href":"https:\/\/www.shqiperia.com\/blog\/wp-json\/wp\/v2\/tags?post=40243"}],"curies":[{"name":"wp","href":"https:\/\/api.w.org\/{rel}","templated":true}]}}