{"id":40100,"date":"2020-10-25T08:44:37","date_gmt":"2020-10-25T08:44:37","guid":{"rendered":"https:\/\/www.shqiperia.com\/blog\/?p=40100"},"modified":"2020-10-25T08:44:37","modified_gmt":"2020-10-25T08:44:37","slug":"thesi-i-palermos-historia-e-salvo-lima-kryebashkiaku-qe-dha-4200-leje-ndertimi-per-pastrimin-e-parave-te-mafies","status":"publish","type":"post","link":"https:\/\/www.shqiperia.com\/blog\/thesi-i-palermos-historia-e-salvo-lima-kryebashkiaku-qe-dha-4200-leje-ndertimi-per-pastrimin-e-parave-te-mafies\/","title":{"rendered":"Thesi i Palermos, &#8211; Historia e Salvo Lima, kryebashkiaku q\u00eb dha 4200 leje nd\u00ebrtimi p\u00ebr pastrimin e parave t\u00eb mafies"},"content":{"rendered":"<p><img data-recalc-dims=\"1\" loading=\"lazy\" decoding=\"async\" data-attachment-id=\"40098\" data-permalink=\"https:\/\/www.shqiperia.com\/blog\/?attachment_id=40098\" data-orig-file=\"https:\/\/i0.wp.com\/www.shqiperia.com\/blog\/wp-content\/uploads\/2020\/10\/palermo-violenta625-1-1.jpg?fit=625%2C300&amp;ssl=1\" data-orig-size=\"625,300\" data-comments-opened=\"1\" data-image-meta=\"{&quot;aperture&quot;:&quot;0&quot;,&quot;credit&quot;:&quot;&quot;,&quot;camera&quot;:&quot;&quot;,&quot;caption&quot;:&quot;&quot;,&quot;created_timestamp&quot;:&quot;0&quot;,&quot;copyright&quot;:&quot;&quot;,&quot;focal_length&quot;:&quot;0&quot;,&quot;iso&quot;:&quot;0&quot;,&quot;shutter_speed&quot;:&quot;0&quot;,&quot;title&quot;:&quot;&quot;,&quot;orientation&quot;:&quot;0&quot;}\" data-image-title=\"palermo-violenta625-1\" data-image-description=\"\" data-image-caption=\"\" data-medium-file=\"https:\/\/i0.wp.com\/www.shqiperia.com\/blog\/wp-content\/uploads\/2020\/10\/palermo-violenta625-1-1.jpg?fit=300%2C144&amp;ssl=1\" data-large-file=\"https:\/\/i0.wp.com\/www.shqiperia.com\/blog\/wp-content\/uploads\/2020\/10\/palermo-violenta625-1-1.jpg?fit=625%2C300&amp;ssl=1\" class=\"alignnone  wp-image-40098\" alt=\"\" src=\"https:\/\/i0.wp.com\/www.shqiperia.com\/blog\/wp-content\/uploads\/2020\/10\/palermo-violenta625-1-1.jpg?resize=475%2C228&#038;ssl=1\" width=\"475\" height=\"228\" srcset=\"https:\/\/i0.wp.com\/www.shqiperia.com\/blog\/wp-content\/uploads\/2020\/10\/palermo-violenta625-1-1.jpg?resize=300%2C144&amp;ssl=1 300w, https:\/\/i0.wp.com\/www.shqiperia.com\/blog\/wp-content\/uploads\/2020\/10\/palermo-violenta625-1-1.jpg?resize=450%2C216&amp;ssl=1 450w, https:\/\/i0.wp.com\/www.shqiperia.com\/blog\/wp-content\/uploads\/2020\/10\/palermo-violenta625-1-1.jpg?resize=600%2C288&amp;ssl=1 600w, https:\/\/i0.wp.com\/www.shqiperia.com\/blog\/wp-content\/uploads\/2020\/10\/palermo-violenta625-1-1.jpg?resize=400%2C192&amp;ssl=1 400w, https:\/\/i0.wp.com\/www.shqiperia.com\/blog\/wp-content\/uploads\/2020\/10\/palermo-violenta625-1-1.jpg?w=625&amp;ssl=1 625w\" sizes=\"auto, (max-width: 475px) 100vw, 475px\" \/><\/p>\n<p><strong>Thesi i Palermos, &#8211; Historia e Salvo Lima, kryebashkiaku q\u00eb dha 4200 leje nd\u00ebrtimi p\u00ebr pastrimin e parave t\u00eb mafies<\/strong><\/p>\n<p>&#8211; 24\/10\/20<\/p>\n<p>Bumi i nd\u00ebrtimit \u00e7oi n\u00eb shkat\u00ebrrimin e brezit t\u00eb gjelb\u00ebr, shkat\u00ebrrimin e arkitektur\u00ebs q\u00eb u b\u00eb p\u00ebr hir t\u00eb blloqeve t\u00eb pallateve pa plan, dhe t\u00eb nd\u00ebrtuara me forc\u00eb nga klanet mafioze pavar\u00ebsisht protestave t\u00eb komunitetit. Nd\u00ebrkoh\u00eb qendra historike e Palermos u shfytyrua n\u00eb at\u00eb mas\u00eb sa nuk njihej m\u00eb.<\/p>\n<p>Historia e ish- kryebashkiakut t\u00eb viteve 1958-1963 Salvo Lima n\u00eb Itali \u00ebsht\u00eb e njohur. Ai u vra nga klanet mafioze n\u00eb vitn 1992, dhe s\u00eb bashku me Vito Ciancimino, nj\u00eb mafioz tjet\u00ebr i provinc\u00ebs korleone n\u00eb Si\u00e7ili do ishin arkitekt\u00ebt e asaj q\u00eb u quajt \u201c Thesi i Palermos\u201d p\u00ebr shkak t\u00eb 4200 nd\u00ebrtimeve pa kriter n\u00eb interes t\u00eb klaneve mafioze n\u00eb kryeqytetin e ishullit m\u00eb t\u00eb madh italian.<\/p>\n<p>Djali i nj\u00eb kryetari t\u00eb klanit t\u00eb mafias, sipas d\u00ebshmis\u00eb s\u00eb t\u00eb penduarit Tomaso Busceta, ai do ngjiste shpejt shkall\u00ebt e karrier\u00ebs, i mb\u00ebshtetur dhe nga Xhulio Andreoti. N\u00eb momentin e vrasjes ai mbante mandatin e deputetit n\u00eb parlamentin evropian.<\/p>\n<p>Fillimisht do e niste karrier\u00ebn si k\u00ebshilltar bashkie, dhe m\u00eb m\u00eb pas vet\u00ebm 21 vjec do ishte kryetar i Bashkis\u00eb s\u00eb Palermos nd\u00ebrsa \u00a0Vito Cianciamino bashk\u00ebpun\u00ebtori i tij i ngusht\u00eb, djali i nj\u00eb berberi nga Corleone, vler\u00ebsues i pun\u00ebve publike. N\u00ebn udh\u00ebheqjen e Lima dhe Cianciamino, qyteti njohu nj\u00eb bum t\u00eb pazakont\u00eb nd\u00ebrtimesh.<\/p>\n<p>Ata do t\u00eb mb\u00ebshtesnin kryesisht \u00a0kontraktor\u00eb mafioz\u00eb, ku binte n\u00eb sy sip\u00ebrmarr\u00ebsi Francesco Vasallo, nj\u00eb ish-karrocier i k\u00ebputur q\u00eb mbartte r\u00ebr\u00eb lumi p\u00ebr lagjet e varfra t\u00eb Palermos. Por mbrapa tij q\u00ebndronin mafioz\u00ebt Angelo La Barbera, dhe Tomasso Busceta.<\/p>\n<p>N\u00eb pes\u00eb vjet u dhan\u00eb 4 mij\u00eb lej\u00eb nd\u00ebrtimi n\u00eb em\u00ebr t\u00eb tre pensionist\u00ebve t\u00eb varf\u00ebr q\u00eb skishin asn\u00ebj lidhje me sip\u00ebrmarrjen. Kjo periudh\u00eb u konsiderua m\u00eb von\u00eb si \u201cThesi i Palermos\u201d p\u00ebr shkak t\u00eb parave t\u00eb mafies q\u00eb u pastruan atje.<\/p>\n<p>Bumi i nd\u00ebrtimit \u00e7oi n\u00eb shkat\u00ebrrimin e brezit t\u00eb gjelb\u00ebr, shkat\u00ebrrimin e arkitektur\u00ebs q\u00eb u b\u00eb p\u00ebr hir t\u00eb blloqeve t\u00eb pallateve pa plan, dhe t\u00eb nd\u00ebrtuara me forc\u00eb nga klanet mafioze pavar\u00ebsisht protestave t\u00eb komunitetit.<\/p>\n<p>Nd\u00ebrkoh\u00eb qendra historike e Palermos u shfytyrua n\u00eb at\u00eb mas\u00eb sa nuk njihej m\u00eb. Gjat\u00eb nj\u00eb hetimi t\u00eb filluar n\u00eb vitin 1964, Lima u detyrua t\u00eb pohonte se e njihte Angelo La Barberan, nj\u00eb nga mafioz\u00ebt e famsh\u00ebm, por kjo se pengoi t\u00eb zgjidhej s\u00ebrish rkyetar Bashkie n\u00eb vitin 1965, post q\u00eb e mbajti deri n\u00eb vitin 1968.<\/p>\n<p>N\u00eb periudh\u00ebn e dyt\u00eb Lima organizoi nj\u00eb koncension t\u00eb jasht\u00ebzakosn\u00ebm, k\u00ebt\u00eb her\u00eb q\u00eb kishte t\u00eb b\u00ebnte me mbledhjen e taksave t\u00eb bashkis\u00eb nga nj\u00eb kompani private. Koncesioni iu dha dy mafioz\u00eb t\u00eb m\u00ebdhenj nga Trapani, kushurinjve Antonio Salvo dhe Igancio Salvo n\u00eb k\u00ebmbim t\u00eb besnik\u00ebris\u00eb s\u00eb tyre ndaj Lim\u00ebs, por edhe rryshfetit.<\/p>\n<p>Sipas kontrat\u00ebs ata do t\u00eb p\u00ebrfitonin nga kocensioni rreth 10 % t\u00eb t\u00eb ardhurave nga taksat e qytetar\u00ebve, ose 3 her\u00eb m\u00eb shum\u00eb se sa mesatarja komb\u00ebtare q\u00eb ishte 3.3%. Ky ishte me pak fjal\u00eb ajo q\u00eb u quajt thesi i Palermos, nj\u00eb zgjerim i \u00e7mendur dhe dispropocional i nd\u00ebrtimeve q\u00eb prodhoi shkat\u00ebrrimin e nd\u00ebrtesave t\u00eb vjetra historis\u00eb s\u00eb qytetit.<\/p>\n<p>Historia p\u00ebrfaq\u00ebson lidhjen e pazgjidhshme t\u00eb Cosa Nostr\u00ebs me p\u00ebrfaq\u00ebsuesit lokal t\u00eb pushtetit, por dhe me krer\u00ebt e politik\u00ebs n\u00eb Rom\u00eb, n\u00eb k\u00ebt\u00eb rast Kristian Demokrat\u00ebt. Bandat mafioze ishin n\u00eb gjendje t\u00eb p\u00ebrfitonin kontratat publike n\u00eb ve\u00e7anti ato q\u00eb kishin lidhje me betonin, mir\u00ebmbajtjen ose nd\u00ebrtimin e rrug\u00ebve dhe me pastrimin e qytetit.<\/p>\n<div id=\"attachment_40099\" style=\"width: 590px\" class=\"wp-caption alignnone\"><img data-recalc-dims=\"1\" loading=\"lazy\" decoding=\"async\" aria-describedby=\"caption-attachment-40099\" data-attachment-id=\"40099\" data-permalink=\"https:\/\/www.shqiperia.com\/blog\/?attachment_id=40099\" data-orig-file=\"https:\/\/i0.wp.com\/www.shqiperia.com\/blog\/wp-content\/uploads\/2020\/10\/3accd2ae-56ae-44e9-aa45-83d05de451ff.jpg?fit=1280%2C720&amp;ssl=1\" data-orig-size=\"1280,720\" data-comments-opened=\"1\" data-image-meta=\"{&quot;aperture&quot;:&quot;0&quot;,&quot;credit&quot;:&quot;&quot;,&quot;camera&quot;:&quot;&quot;,&quot;caption&quot;:&quot;&quot;,&quot;created_timestamp&quot;:&quot;0&quot;,&quot;copyright&quot;:&quot;&quot;,&quot;focal_length&quot;:&quot;0&quot;,&quot;iso&quot;:&quot;0&quot;,&quot;shutter_speed&quot;:&quot;0&quot;,&quot;title&quot;:&quot;&quot;,&quot;orientation&quot;:&quot;0&quot;}\" data-image-title=\"3accd2ae-56ae-44e9-aa45-83d05de451ff\" data-image-description=\"\" data-image-caption=\"&lt;p&gt;Salvo Lima&lt;\/p&gt;\n\" data-medium-file=\"https:\/\/i0.wp.com\/www.shqiperia.com\/blog\/wp-content\/uploads\/2020\/10\/3accd2ae-56ae-44e9-aa45-83d05de451ff.jpg?fit=300%2C169&amp;ssl=1\" data-large-file=\"https:\/\/i0.wp.com\/www.shqiperia.com\/blog\/wp-content\/uploads\/2020\/10\/3accd2ae-56ae-44e9-aa45-83d05de451ff.jpg?fit=1024%2C576&amp;ssl=1\" class=\" wp-image-40099\" alt=\"\" src=\"https:\/\/i0.wp.com\/www.shqiperia.com\/blog\/wp-content\/uploads\/2020\/10\/3accd2ae-56ae-44e9-aa45-83d05de451ff.jpg?resize=580%2C327&#038;ssl=1\" width=\"580\" height=\"327\" srcset=\"https:\/\/i0.wp.com\/www.shqiperia.com\/blog\/wp-content\/uploads\/2020\/10\/3accd2ae-56ae-44e9-aa45-83d05de451ff.jpg?resize=300%2C169&amp;ssl=1 300w, https:\/\/i0.wp.com\/www.shqiperia.com\/blog\/wp-content\/uploads\/2020\/10\/3accd2ae-56ae-44e9-aa45-83d05de451ff.jpg?resize=1024%2C576&amp;ssl=1 1024w, https:\/\/i0.wp.com\/www.shqiperia.com\/blog\/wp-content\/uploads\/2020\/10\/3accd2ae-56ae-44e9-aa45-83d05de451ff.jpg?resize=768%2C432&amp;ssl=1 768w, https:\/\/i0.wp.com\/www.shqiperia.com\/blog\/wp-content\/uploads\/2020\/10\/3accd2ae-56ae-44e9-aa45-83d05de451ff.jpg?resize=450%2C253&amp;ssl=1 450w, https:\/\/i0.wp.com\/www.shqiperia.com\/blog\/wp-content\/uploads\/2020\/10\/3accd2ae-56ae-44e9-aa45-83d05de451ff.jpg?resize=600%2C338&amp;ssl=1 600w, https:\/\/i0.wp.com\/www.shqiperia.com\/blog\/wp-content\/uploads\/2020\/10\/3accd2ae-56ae-44e9-aa45-83d05de451ff.jpg?resize=400%2C225&amp;ssl=1 400w, https:\/\/i0.wp.com\/www.shqiperia.com\/blog\/wp-content\/uploads\/2020\/10\/3accd2ae-56ae-44e9-aa45-83d05de451ff.jpg?w=1280&amp;ssl=1 1280w\" sizes=\"auto, (max-width: 580px) 100vw, 580px\" \/><p id=\"caption-attachment-40099\" class=\"wp-caption-text\">Salvo Lima<\/p><\/div>\n<p>Mafia \u00ebsht\u00eb absolutisht e qart\u00eb n\u00eb q\u00ebllimet e saj. Gjithmon\u00eb ka pasur mund\u00ebsin\u00eb t\u00eb zgjeroj\u00eb rrjetin e saj t\u00eb biznesit, kur kushtet socio-ekonomike t\u00eb vendit e kan\u00eb nxitur at\u00eb. Operon n\u00ebn mask\u00ebn e pushtetit t\u00eb paligjsh\u00ebm dhe paralel, n\u00eb alenac\u00eb me zyratar\u00eb t\u00eb korruptuar t\u00eb cilin e kan\u00eb ndihmuar t\u00eb vij\u00eb n\u00eb pushtet, me an\u00eb t\u00eb blerjes s\u00eb vot\u00ebs, ose mbledhjes s\u00eb vot\u00ebs n\u00eb k\u00ebmbim t\u00eb favoreve.<\/p>\n<p>Dhe Cosa Nostra, si\u00e7 \u00ebsht\u00eb shprehur bashk\u00ebpun\u00ebtori i drejt\u00ebsis\u00eb Antonio Calderone ka pasur rrug\u00ebn e hapur dhe mb\u00ebshtjen e kandidat\u00ebve t\u00eb ndrysh\u00ebm n\u00eb dekadat e fundit.\u00a0<em>\u201cPolitikan\u00ebt na trokisnin gjithmon\u00eb n\u00eb der\u00eb sepse ata e dinin q\u00eb ne kemi shum\u00eb shum\u00eb vota.<\/em><\/p>\n<p><em>P\u00ebr t\u00eb b\u00ebr\u00eb nj\u00eb llogari, n\u00eb Palermo ka midis 1500-2000 \u201cburra t\u00eb fjal\u00ebs\u201d dhe secili prej tyre ka p\u00ebrfshir\u00eb t\u00eb af\u00ebrmit dhe miqt\u00eb mund t\u00eb orientoj\u00eb deri n\u00eb 50 vota. Shum\u00ebzoini dhe do keni nj\u00eb paket\u00eb prej 75 mij\u00eb deri n\u00eb 100 mij\u00eb vota q\u00eb i jepen \u201ckandidat\u00ebve dashamir\u00ebs\u201d me ne. Kaq e thjesht\u00eb \u00ebsht\u00eb\u201d.<\/em><\/p>\n<p><a href=\"https:\/\/gazetamapo.al\/thesi-i-palermos-historia-e-salvo-lima-kryebashkiaku-qe-dha-4200-leje-ndertimi-per-pastrimin-e-parave-te-mafies\/\"><strong>mapo.al<\/strong><\/a><\/p>\n","protected":false},"excerpt":{"rendered":"<p>Thesi i Palermos, &#8211; Historia e Salvo Lima, kryebashkiaku q\u00eb dha 4200 leje nd\u00ebrtimi p\u00ebr pastrimin e parave t\u00eb mafies &#8211; 24\/10\/20 Bumi i nd\u00ebrtimit \u00e7oi n\u00eb shkat\u00ebrrimin e brezit t\u00eb gjelb\u00ebr, shkat\u00ebrrimin e arkitektur\u00ebs q\u00eb u b\u00eb p\u00ebr hir t\u00eb blloqeve t\u00eb pallateve pa plan, dhe t\u00eb nd\u00ebrtuara me forc\u00eb nga klanet mafioze pavar\u00ebsisht [&hellip;]<\/p>\n","protected":false},"author":9,"featured_media":0,"comment_status":"open","ping_status":"open","sticky":false,"template":"","format":"standard","meta":{"jetpack_post_was_ever_published":false,"_jetpack_newsletter_access":"","_jetpack_dont_email_post_to_subs":false,"_jetpack_newsletter_tier_id":0,"_jetpack_memberships_contains_paywalled_content":false,"_jetpack_memberships_contains_paid_content":false,"footnotes":"","jetpack_publicize_message":"","jetpack_publicize_feature_enabled":true,"jetpack_social_post_already_shared":true,"jetpack_social_options":{"image_generator_settings":{"template":"highway","default_image_id":0,"font":"","enabled":false},"version":2}},"categories":[27,14],"tags":[],"class_list":["post-40100","post","type-post","status-publish","format-standard","hentry","category-blogu-i-udhetarit","category-press-releases"],"jetpack_publicize_connections":[],"jetpack_featured_media_url":"","jetpack_sharing_enabled":true,"jetpack_shortlink":"https:\/\/wp.me\/p5Z6wp-aqM","jetpack-related-posts":[{"id":33591,"url":"https:\/\/www.shqiperia.com\/blog\/mafia-eshte-gati-te-perdore-koronavirusin-cnn-nxjerr-prapaskenat-e-renda-dhe-del-me-paralajmerimin-shqetesues-shfrytezimi-i-nevojes-per-para-si-po-marrin-ne-dore-bizneset-dhe-ekonomine\/","url_meta":{"origin":40100,"position":0},"title":"Mafia \u00ebsht\u00eb gati t\u00eb perdore koronavirusin, CNN nxjerr prapaskenat e r\u00ebnda dhe del me paralajm\u00ebrimin shqet\u00ebsues: Shfryt\u00ebzimi i nevoj\u00ebs p\u00ebr para, si po marrin n\u00eb dor\u00eb bizneset dhe ekonomin\u00eb!","author":"Kurt Farka","date":"April 21, 2020","format":false,"excerpt":"Mafia \u00ebsht\u00eb gati t\u00eb perdore koronavirusin, CNN nxjerr prapaskenat e r\u00ebnda dhe del me paralajm\u00ebrimin shqet\u00ebsues: Shfryt\u00ebzimi i nevoj\u00ebs p\u00ebr para, si po marrin n\u00eb dor\u00eb bizneset dhe ekonomin\u00eb! 19 PRILL 2020 N\u00eb fillim t\u00eb k\u00ebtij muaji, pati nj\u00eb procesion funerali n\u00eb qytetin Sicilian t\u00eb Messinas, n\u00eb kund\u00ebrshtim me nj\u00eb\u2026","rel":"","context":"In &quot;Blogu i Udh\u00ebtarit&quot;","block_context":{"text":"Blogu i Udh\u00ebtarit","link":"https:\/\/www.shqiperia.com\/blog\/category\/blogu-i-udhetarit\/"},"img":{"alt_text":"","src":"https:\/\/i0.wp.com\/www.shqiperia.com\/blog\/wp-content\/uploads\/2020\/04\/800-0-5e9c4502642db.jpg?fit=800%2C449&ssl=1&resize=350%2C200","width":350,"height":200,"srcset":"https:\/\/i0.wp.com\/www.shqiperia.com\/blog\/wp-content\/uploads\/2020\/04\/800-0-5e9c4502642db.jpg?fit=800%2C449&ssl=1&resize=350%2C200 1x, https:\/\/i0.wp.com\/www.shqiperia.com\/blog\/wp-content\/uploads\/2020\/04\/800-0-5e9c4502642db.jpg?fit=800%2C449&ssl=1&resize=525%2C300 1.5x, https:\/\/i0.wp.com\/www.shqiperia.com\/blog\/wp-content\/uploads\/2020\/04\/800-0-5e9c4502642db.jpg?fit=800%2C449&ssl=1&resize=700%2C400 2x"},"classes":[]},{"id":43254,"url":"https:\/\/www.shqiperia.com\/blog\/pergjimet-dhe-arrestimet-italiane-tregojne-fakte-tronditese-te-zbarkimit-te-mafies-italiane-ne-tirane\/","url_meta":{"origin":40100,"position":1},"title":"P\u00ebrgjimet dhe arrestimet italiane tregojn\u00eb fakte trondit\u00ebse t\u00eb zbarkimit t\u00eb mafies italiane n\u00eb Tiran\u00eb","author":"Kurt Farka","date":"January 23, 2021","format":false,"excerpt":"P\u00ebrgjimet dhe arrestimet italiane tregojn\u00eb fakte trondit\u00ebse t\u00eb zbarkimit t\u00eb mafies italiane n\u00eb Tiran\u00eb 23\/01\/2021 Nga Mili Xhani Prokuroria Italiane ka arrestuar 50 an\u00ebtar\u00eb t\u00eb nj\u00eb grupi mafioz, aktivitetet e t\u00eb cilit p\u00ebrfshijn\u00eb dhe Shqip\u00ebrin\u00eb. Hetimet n\u00eb vendin fqinj lidhen me nj\u00eb deg\u00eb t\u00eb mafies italiane, q\u00eb vler\u00ebsohet dhe m\u00eb\u2026","rel":"","context":"In &quot;Blogu i Udh\u00ebtarit&quot;","block_context":{"text":"Blogu i Udh\u00ebtarit","link":"https:\/\/www.shqiperia.com\/blog\/category\/blogu-i-udhetarit\/"},"img":{"alt_text":"","src":"https:\/\/i0.wp.com\/www.shqiperia.com\/blog\/wp-content\/uploads\/2021\/01\/mafia-shqiptare-727x375-2.jpg?fit=727%2C375&ssl=1&resize=350%2C200","width":350,"height":200,"srcset":"https:\/\/i0.wp.com\/www.shqiperia.com\/blog\/wp-content\/uploads\/2021\/01\/mafia-shqiptare-727x375-2.jpg?fit=727%2C375&ssl=1&resize=350%2C200 1x, https:\/\/i0.wp.com\/www.shqiperia.com\/blog\/wp-content\/uploads\/2021\/01\/mafia-shqiptare-727x375-2.jpg?fit=727%2C375&ssl=1&resize=525%2C300 1.5x, https:\/\/i0.wp.com\/www.shqiperia.com\/blog\/wp-content\/uploads\/2021\/01\/mafia-shqiptare-727x375-2.jpg?fit=727%2C375&ssl=1&resize=700%2C400 2x"},"classes":[]},{"id":3838,"url":"https:\/\/www.shqiperia.com\/blog\/kalaja-e-porto-palermos\/","url_meta":{"origin":40100,"position":2},"title":"Kalaja e Porto Palermos. &#8211;","author":"Kurt Farka","date":"February 24, 2018","format":false,"excerpt":"P\u00ebrshkrimi: Kalaja e Porto Palermos \u00ebsht\u00eb nd\u00ebrtuar mbi nj\u00eb rrip toke n\u00eb qend\u00ebr t\u00eb gjirit t\u00eb Palermos ne bashkine Himare, gji i p\u00ebrmendur q\u00eb n\u00eb periudh\u00ebn antike me emrin \u2018\u2019Panormus\u2019\u2019, liman i madh n\u00eb mesin e maleve Keraune (Malet e Vet\u00ebtim\u00ebs). N\u00eb fundin e shek. XVIII dhe fillimin e shek.\u2026","rel":"","context":"In &quot;Trashegimi Kulturore&quot;","block_context":{"text":"Trashegimi Kulturore","link":"https:\/\/www.shqiperia.com\/blog\/category\/trashegimi-kulturore\/"},"img":{"alt_text":"","src":"https:\/\/i0.wp.com\/www.shqiperia.com\/blog\/wp-content\/uploads\/2018\/02\/1-Kalaja-e-Palermos-9.jpg?fit=656%2C378&ssl=1&resize=350%2C200","width":350,"height":200,"srcset":"https:\/\/i0.wp.com\/www.shqiperia.com\/blog\/wp-content\/uploads\/2018\/02\/1-Kalaja-e-Palermos-9.jpg?fit=656%2C378&ssl=1&resize=350%2C200 1x, https:\/\/i0.wp.com\/www.shqiperia.com\/blog\/wp-content\/uploads\/2018\/02\/1-Kalaja-e-Palermos-9.jpg?fit=656%2C378&ssl=1&resize=525%2C300 1.5x"},"classes":[]},{"id":43711,"url":"https:\/\/www.shqiperia.com\/blog\/media-italiane-tentakulat-e-mafies-shqiptare-mbi-italine-dhe-paktet-me-politiken-ne-tirane\/","url_meta":{"origin":40100,"position":3},"title":"Media italiane: &#8211; Tentakulat e mafies shqiptare mbi Italin\u00eb dhe paktet me politik\u00ebn n\u00eb Tiran\u00eb","author":"Kurt Farka","date":"February 3, 2021","format":false,"excerpt":"Media italiane: - Tentakulat e mafies shqiptare mbi Italin\u00eb dhe paktet me politik\u00ebn n\u00eb Tiran\u00eb 01\/02\/2021 Nga Pietro Mecarozzi (Il Fatto Quotidiano) E heshtur dhe vdekjeprur\u00ebse. E organizuar me nj\u00eb struktur\u00eb piramidale dhe bashk\u00ebsi familjesh me lidhje gjaku. N\u00eb vendin e par\u00eb midis organizatave kriminale t\u00eb huaja t\u00eb pranishme n\u00eb\u2026","rel":"","context":"In &quot;Blogu i Udh\u00ebtarit&quot;","block_context":{"text":"Blogu i Udh\u00ebtarit","link":"https:\/\/www.shqiperia.com\/blog\/category\/blogu-i-udhetarit\/"},"img":{"alt_text":"","src":"https:\/\/i0.wp.com\/www.shqiperia.com\/blog\/wp-content\/uploads\/2021\/02\/Il-fatto-Copy.jpeg?fit=1055%2C520&ssl=1&resize=350%2C200","width":350,"height":200,"srcset":"https:\/\/i0.wp.com\/www.shqiperia.com\/blog\/wp-content\/uploads\/2021\/02\/Il-fatto-Copy.jpeg?fit=1055%2C520&ssl=1&resize=350%2C200 1x, https:\/\/i0.wp.com\/www.shqiperia.com\/blog\/wp-content\/uploads\/2021\/02\/Il-fatto-Copy.jpeg?fit=1055%2C520&ssl=1&resize=525%2C300 1.5x, https:\/\/i0.wp.com\/www.shqiperia.com\/blog\/wp-content\/uploads\/2021\/02\/Il-fatto-Copy.jpeg?fit=1055%2C520&ssl=1&resize=700%2C400 2x, https:\/\/i0.wp.com\/www.shqiperia.com\/blog\/wp-content\/uploads\/2021\/02\/Il-fatto-Copy.jpeg?fit=1055%2C520&ssl=1&resize=1050%2C600 3x"},"classes":[]},{"id":62847,"url":"https:\/\/www.shqiperia.com\/blog\/deme-te-medha-nga-moti-i-keq-ne-itali-permbyset-autobusi-ne-palermo\/","url_meta":{"origin":40100,"position":4},"title":"D\u00ebme t\u00eb m\u00ebdha nga moti i keq n\u00eb Itali, p\u00ebrmbyset autobusi n\u00eb Palermo","author":"Kurt Farka","date":"October 1, 2022","format":false,"excerpt":"1 Tetor 2022 Nj\u00eb stuhi goditi Sicilin\u00eb, midis provincave t\u00eb Palermos dhe Agrigento, shkruajn\u00eb mediat italiane. B\u00ebhet e ditur se nj\u00eb autobus \u00ebsht\u00eb p\u00ebrmbysur p\u00ebrgjat\u00eb autostrad\u00ebs shtet\u00ebrore 624, por asnj\u00eb nga t\u00eb plagosurit nuk \u00ebsht\u00eb n\u00eb gjendje t\u00eb r\u00ebnd\u00eb. Nd\u00ebrkoh\u00eb d\u00ebshmitar\u00ebt n\u00eb vendin e ngjarjes kan\u00eb th\u00ebn\u00eb se kishin p\u00ebrjetuar\u2026","rel":"","context":"In &quot;Blogu i Udh\u00ebtarit&quot;","block_context":{"text":"Blogu i Udh\u00ebtarit","link":"https:\/\/www.shqiperia.com\/blog\/category\/blogu-i-udhetarit\/"},"img":{"alt_text":"","src":"https:\/\/i0.wp.com\/www.shqiperia.com\/blog\/wp-content\/uploads\/2022\/10\/640-0-6337e2d82256d.jpg?fit=640%2C359&ssl=1&resize=350%2C200","width":350,"height":200,"srcset":"https:\/\/i0.wp.com\/www.shqiperia.com\/blog\/wp-content\/uploads\/2022\/10\/640-0-6337e2d82256d.jpg?fit=640%2C359&ssl=1&resize=350%2C200 1x, https:\/\/i0.wp.com\/www.shqiperia.com\/blog\/wp-content\/uploads\/2022\/10\/640-0-6337e2d82256d.jpg?fit=640%2C359&ssl=1&resize=525%2C300 1.5x"},"classes":[]},{"id":11813,"url":"https:\/\/www.shqiperia.com\/blog\/kisha-e-shen-kollit-te-arberesheve\/","url_meta":{"origin":40100,"position":5},"title":"Kisha e Sh\u00ebn Kollit t\u00eb Arb\u00ebresh\u00ebve. &#8211;","author":"Kurt Farka","date":"September 21, 2018","format":false,"excerpt":"Kisha e Sh\u00ebn Kollit t\u00eb Arb\u00ebresh\u00ebve. - Kisha e Sh\u00ebn Kollit t\u00eb Arb\u00ebresh\u00ebve (Italisht: San Nicol\u00f2 dei Greci), e quajtur edhe Martorana, ndodhet n\u00eb sheshin Bellini t\u00eb Palermos. Kisha \u00ebsht\u00eb Bashk\u00eb-Katedralja e Eparkis\u00eb s\u00eb Hor\u00ebs t\u00eb Arb\u00ebresh\u00ebvet, dioqez\u00eb shqiptare e ritit bizantin n\u00eb Si\u00e7ili. Nd\u00ebr kishat m\u00eb interesante bizantine t\u00eb\u2026","rel":"","context":"In &quot;Arte&quot;","block_context":{"text":"Arte","link":"https:\/\/www.shqiperia.com\/blog\/category\/arte\/"},"img":{"alt_text":"","src":"https:\/\/i0.wp.com\/www.shqiperia.com\/blog\/wp-content\/uploads\/2018\/09\/42059214_681669822219107_4904518546526044160_n.jpg?fit=960%2C643&ssl=1&resize=350%2C200","width":350,"height":200,"srcset":"https:\/\/i0.wp.com\/www.shqiperia.com\/blog\/wp-content\/uploads\/2018\/09\/42059214_681669822219107_4904518546526044160_n.jpg?fit=960%2C643&ssl=1&resize=350%2C200 1x, https:\/\/i0.wp.com\/www.shqiperia.com\/blog\/wp-content\/uploads\/2018\/09\/42059214_681669822219107_4904518546526044160_n.jpg?fit=960%2C643&ssl=1&resize=525%2C300 1.5x, https:\/\/i0.wp.com\/www.shqiperia.com\/blog\/wp-content\/uploads\/2018\/09\/42059214_681669822219107_4904518546526044160_n.jpg?fit=960%2C643&ssl=1&resize=700%2C400 2x"},"classes":[]}],"_links":{"self":[{"href":"https:\/\/www.shqiperia.com\/blog\/wp-json\/wp\/v2\/posts\/40100","targetHints":{"allow":["GET"]}}],"collection":[{"href":"https:\/\/www.shqiperia.com\/blog\/wp-json\/wp\/v2\/posts"}],"about":[{"href":"https:\/\/www.shqiperia.com\/blog\/wp-json\/wp\/v2\/types\/post"}],"author":[{"embeddable":true,"href":"https:\/\/www.shqiperia.com\/blog\/wp-json\/wp\/v2\/users\/9"}],"replies":[{"embeddable":true,"href":"https:\/\/www.shqiperia.com\/blog\/wp-json\/wp\/v2\/comments?post=40100"}],"version-history":[{"count":1,"href":"https:\/\/www.shqiperia.com\/blog\/wp-json\/wp\/v2\/posts\/40100\/revisions"}],"predecessor-version":[{"id":40101,"href":"https:\/\/www.shqiperia.com\/blog\/wp-json\/wp\/v2\/posts\/40100\/revisions\/40101"}],"wp:attachment":[{"href":"https:\/\/www.shqiperia.com\/blog\/wp-json\/wp\/v2\/media?parent=40100"}],"wp:term":[{"taxonomy":"category","embeddable":true,"href":"https:\/\/www.shqiperia.com\/blog\/wp-json\/wp\/v2\/categories?post=40100"},{"taxonomy":"post_tag","embeddable":true,"href":"https:\/\/www.shqiperia.com\/blog\/wp-json\/wp\/v2\/tags?post=40100"}],"curies":[{"name":"wp","href":"https:\/\/api.w.org\/{rel}","templated":true}]}}