{"id":40090,"date":"2020-10-24T21:53:57","date_gmt":"2020-10-24T21:53:57","guid":{"rendered":"https:\/\/www.shqiperia.com\/blog\/?p=40090"},"modified":"2020-10-24T21:54:11","modified_gmt":"2020-10-24T21:54:11","slug":"fjalimet-e-hitlerit-para-shperthimit-te-luftes-se-dyte-boterore-ne-ankand-per-34000-euro","status":"publish","type":"post","link":"https:\/\/www.shqiperia.com\/blog\/fjalimet-e-hitlerit-para-shperthimit-te-luftes-se-dyte-boterore-ne-ankand-per-34000-euro\/","title":{"rendered":"Fjalimet e Hitlerit para shp\u00ebrthimit t\u00eb Luft\u00ebs s\u00eb Dyt\u00eb Bot\u00ebrore, n\u00eb ankand p\u00ebr 34,000 euro"},"content":{"rendered":"<p><img data-recalc-dims=\"1\" loading=\"lazy\" decoding=\"async\" data-attachment-id=\"40091\" data-permalink=\"https:\/\/www.shqiperia.com\/blog\/fjalimet-e-hitlerit-para-shperthimit-te-luftes-se-dyte-boterore-ne-ankand-per-34000-euro\/unnamed-19\/\" data-orig-file=\"https:\/\/i0.wp.com\/www.shqiperia.com\/blog\/wp-content\/uploads\/2020\/10\/unnamed-3.jpg?fit=512%2C321&amp;ssl=1\" data-orig-size=\"512,321\" data-comments-opened=\"1\" data-image-meta=\"{&quot;aperture&quot;:&quot;0&quot;,&quot;credit&quot;:&quot;user&quot;,&quot;camera&quot;:&quot;&quot;,&quot;caption&quot;:&quot;&quot;,&quot;created_timestamp&quot;:&quot;0&quot;,&quot;copyright&quot;:&quot;&quot;,&quot;focal_length&quot;:&quot;0&quot;,&quot;iso&quot;:&quot;0&quot;,&quot;shutter_speed&quot;:&quot;0&quot;,&quot;title&quot;:&quot;&quot;,&quot;orientation&quot;:&quot;0&quot;}\" data-image-title=\"unnamed\" data-image-description=\"\" data-image-caption=\"\" data-medium-file=\"https:\/\/i0.wp.com\/www.shqiperia.com\/blog\/wp-content\/uploads\/2020\/10\/unnamed-3.jpg?fit=300%2C188&amp;ssl=1\" data-large-file=\"https:\/\/i0.wp.com\/www.shqiperia.com\/blog\/wp-content\/uploads\/2020\/10\/unnamed-3.jpg?fit=512%2C321&amp;ssl=1\" class=\"alignnone wp-image-40091\" alt=\"\" src=\"https:\/\/i0.wp.com\/www.shqiperia.com\/blog\/wp-content\/uploads\/2020\/10\/unnamed-3.jpg?resize=487%2C305&#038;ssl=1\" width=\"487\" height=\"305\" srcset=\"https:\/\/i0.wp.com\/www.shqiperia.com\/blog\/wp-content\/uploads\/2020\/10\/unnamed-3.jpg?resize=300%2C188&amp;ssl=1 300w, https:\/\/i0.wp.com\/www.shqiperia.com\/blog\/wp-content\/uploads\/2020\/10\/unnamed-3.jpg?resize=450%2C282&amp;ssl=1 450w, https:\/\/i0.wp.com\/www.shqiperia.com\/blog\/wp-content\/uploads\/2020\/10\/unnamed-3.jpg?resize=400%2C251&amp;ssl=1 400w, https:\/\/i0.wp.com\/www.shqiperia.com\/blog\/wp-content\/uploads\/2020\/10\/unnamed-3.jpg?w=512&amp;ssl=1 512w\" sizes=\"auto, (max-width: 487px) 100vw, 487px\" \/><\/p>\n<p><strong>Fjalimet e Hitlerit para shp\u00ebrthimit t\u00eb Luft\u00ebs s\u00eb Dyt\u00eb Bot\u00ebrore, n\u00eb ankand p\u00ebr 34,000 euro<\/strong><\/p>\n<p>23 tetor \u00a02020<\/p>\n<p>Fjalimet e shkruara me dor\u00eb nga Adolf Hitler u shit\u00ebn t\u00eb premten n\u00eb nj\u00eb ankand n\u00eb Mynih, megjith\u00eb v\u00ebrejtjet e grupeve hebraike se kjo mund t\u00eb inkurajoj\u00eb neo-nazist\u00ebt.<\/p>\n<p>Sht\u00ebpia e ankandeve Hermann Historica deklaroi n\u00eb shpjegimin e shitjes s\u00eb dor\u00ebshkrimeve t\u00eb Hitlerit se ato datoheshin t\u00eb gjitha para shp\u00ebrthimit t\u00eb Luft\u00ebs s\u00eb Dyt\u00eb Bot\u00ebrore, se kan\u00eb r\u00ebnd\u00ebsi historike dhe se duhet t\u00eb ruhen n\u00eb nj\u00eb muze.<\/p>\n<p>T\u00eb gjitha dokumentet ju shit\u00ebn bler\u00ebsve anonim\u00eb me nj\u00eb \u00e7mim duksh\u00ebm m\u00eb t\u00eb lart\u00eb se ai fillestar, raporton AP.<\/p>\n<p>Dor\u00ebshkrimi me n\u00ebnt\u00eb faqe, n\u00eb t\u00eb cilin Hitleri paraqiti teza p\u00ebr fjalimin e tij p\u00ebr ushtar\u00ebt e rinj n\u00eb Berlin n\u00eb 1939, tet\u00eb muaj para fillimit t\u00eb Luft\u00ebs s\u00eb Dyt\u00eb Bot\u00ebrore, arriti nj\u00eb \u00e7mim maksimal prej 34,000 euro.<\/p>\n<p><em>e.sh\/Dita<\/em><\/p>\n","protected":false},"excerpt":{"rendered":"<p>Fjalimet e Hitlerit para shp\u00ebrthimit t\u00eb Luft\u00ebs s\u00eb Dyt\u00eb Bot\u00ebrore, n\u00eb ankand p\u00ebr 34,000 euro 23 tetor \u00a02020 Fjalimet e shkruara me dor\u00eb nga Adolf Hitler u shit\u00ebn t\u00eb premten n\u00eb nj\u00eb ankand n\u00eb Mynih, megjith\u00eb v\u00ebrejtjet e grupeve hebraike se kjo mund t\u00eb inkurajoj\u00eb neo-nazist\u00ebt. Sht\u00ebpia e ankandeve Hermann Historica deklaroi n\u00eb shpjegimin e [&hellip;]<\/p>\n","protected":false},"author":9,"featured_media":40091,"comment_status":"open","ping_status":"open","sticky":false,"template":"","format":"standard","meta":{"jetpack_post_was_ever_published":false,"_jetpack_newsletter_access":"","_jetpack_dont_email_post_to_subs":false,"_jetpack_newsletter_tier_id":0,"_jetpack_memberships_contains_paywalled_content":false,"_jetpack_memberships_contains_paid_content":false,"footnotes":"","jetpack_publicize_message":"","jetpack_publicize_feature_enabled":true,"jetpack_social_post_already_shared":true,"jetpack_social_options":{"image_generator_settings":{"template":"highway","default_image_id":0,"font":"","enabled":false},"version":2}},"categories":[27,14],"tags":[],"class_list":["post-40090","post","type-post","status-publish","format-standard","has-post-thumbnail","hentry","category-blogu-i-udhetarit","category-press-releases"],"jetpack_publicize_connections":[],"jetpack_featured_media_url":"https:\/\/i0.wp.com\/www.shqiperia.com\/blog\/wp-content\/uploads\/2020\/10\/unnamed-3.jpg?fit=512%2C321&ssl=1","jetpack_sharing_enabled":true,"jetpack_shortlink":"https:\/\/wp.me\/p5Z6wp-aqC","jetpack-related-posts":[{"id":43394,"url":"https:\/\/www.shqiperia.com\/blog\/mein-kampf-i-hitlerit-shitjet-bejne-kerdine-ne-poloni\/","url_meta":{"origin":40090,"position":0},"title":"&#8220;Mein Kampf&#8221; i Hitlerit, shitjet b\u00ebjn\u00eb k\u00ebrdin\u00eb n\u00eb Poloni","author":"Kurt Farka","date":"January 26, 2021","format":false,"excerpt":"\"Mein Kampf\" i Hitlerit, shitjet b\u00ebjn\u00eb k\u00ebrdin\u00eb n\u00eb Poloni 24 JANAR 2021 Pes\u00eb vite pas botimit gjermanisht t\u00eb librit \u201eMein Kampf\" nga Instituti p\u00ebr Historin\u00eb Bashk\u00ebkohore (IfZ) n\u00eb Mynih tanim\u00eb vjen nj\u00eb botim tjet\u00ebr shkencor i k\u00ebtij libri n\u00eb Poloni. Shitja ishte planifikuar t\u00eb fillonte m\u00eb 20 janar n\u00eb Poloni,\u2026","rel":"","context":"In &quot;Blogu i Udh\u00ebtarit&quot;","block_context":{"text":"Blogu i Udh\u00ebtarit","link":"https:\/\/www.shqiperia.com\/blog\/category\/blogu-i-udhetarit\/"},"img":{"alt_text":"","src":"https:\/\/i0.wp.com\/www.shqiperia.com\/blog\/wp-content\/uploads\/2021\/01\/640-0-600da0768424e.jpg?fit=640%2C360&ssl=1&resize=350%2C200","width":350,"height":200,"srcset":"https:\/\/i0.wp.com\/www.shqiperia.com\/blog\/wp-content\/uploads\/2021\/01\/640-0-600da0768424e.jpg?fit=640%2C360&ssl=1&resize=350%2C200 1x, https:\/\/i0.wp.com\/www.shqiperia.com\/blog\/wp-content\/uploads\/2021\/01\/640-0-600da0768424e.jpg?fit=640%2C360&ssl=1&resize=525%2C300 1.5x"},"classes":[]},{"id":54626,"url":"https:\/\/www.shqiperia.com\/blog\/presidenti-zelensky-nip-heroit-te-ushtrise-se-kuqe-kundra-hitlerit-vete-personalitet-kundra-diktatorit-putin\/","url_meta":{"origin":40090,"position":1},"title":"Presidenti Zelensky nip \u00a0heroit te \u201cUshtrise se Kuqe\u201d kundra Hitlerit, vete Personalitet kundra Diktatorit Putin \u2026","author":"Kurt Farka","date":"February 26, 2022","format":false,"excerpt":"Presidenti Zelensky nip \u00a0heroit te \u201cUshtrise se Kuqe\u201d kundra Hitlerit, vete Personalitet kundra Diktatorit Putin \u2026 26 Shkurt 2022 Disa dit\u00eb p\u00ebrpara se Volodymyr Zelensky t\u00eb merrte detyr\u00ebn si Presidenti i Ukrain\u00ebs, ai udh\u00ebtoi drejt qytetit t\u00eb tij t\u00eb lindjes, Kryvyi Rih. Atje ai vizitoi varrezat dhe vendosi nj\u00eb lule\u2026","rel":"","context":"In &quot;Blogu i Udh\u00ebtarit&quot;","block_context":{"text":"Blogu i Udh\u00ebtarit","link":"https:\/\/www.shqiperia.com\/blog\/category\/blogu-i-udhetarit\/"},"img":{"alt_text":"","src":"https:\/\/i0.wp.com\/www.shqiperia.com\/blog\/wp-content\/uploads\/2022\/02\/Presidenti-Volodymyr-Zelensky-tek-Varri-i-Gjyshit-2.jpg?fit=833%2C479&ssl=1&resize=350%2C200","width":350,"height":200,"srcset":"https:\/\/i0.wp.com\/www.shqiperia.com\/blog\/wp-content\/uploads\/2022\/02\/Presidenti-Volodymyr-Zelensky-tek-Varri-i-Gjyshit-2.jpg?fit=833%2C479&ssl=1&resize=350%2C200 1x, https:\/\/i0.wp.com\/www.shqiperia.com\/blog\/wp-content\/uploads\/2022\/02\/Presidenti-Volodymyr-Zelensky-tek-Varri-i-Gjyshit-2.jpg?fit=833%2C479&ssl=1&resize=525%2C300 1.5x, https:\/\/i0.wp.com\/www.shqiperia.com\/blog\/wp-content\/uploads\/2022\/02\/Presidenti-Volodymyr-Zelensky-tek-Varri-i-Gjyshit-2.jpg?fit=833%2C479&ssl=1&resize=700%2C400 2x"},"classes":[]},{"id":19326,"url":"https:\/\/www.shqiperia.com\/blog\/gjermani-pikturat-e-hitlerit-nuk-i-blen-asnje\/","url_meta":{"origin":40090,"position":2},"title":"Gjermani, pikturat e Hitlerit nuk i blen asnj\u00eb! &#8211;","author":"Kurt Farka","date":"April 7, 2019","format":false,"excerpt":"Gjermani, pikturat e Hitlerit nuk i blen asnj\u00eb! - Polemika p\u00ebr pes\u00eb piktura q\u00eb i atribuohen Adolf Hitlerit, n\u00eb nj\u00eb ankand n\u00eb Nuremberg. \u00c7mimet e relikeve naziste varionin nga 19 mij\u00eb deri n\u00eb 45 mij\u00eb euro. Asnj\u00eb bler\u00ebs nuk \u00ebsht\u00eb gjetur deri m\u00eb tani, por sht\u00ebpia e ankandit \u201cWeidler\u201d nuk\u2026","rel":"","context":"In &quot;Blogu i Udh\u00ebtarit&quot;","block_context":{"text":"Blogu i Udh\u00ebtarit","link":"https:\/\/www.shqiperia.com\/blog\/category\/blogu-i-udhetarit\/"},"img":{"alt_text":"","src":"https:\/\/i0.wp.com\/www.shqiperia.com\/blog\/wp-content\/uploads\/2019\/04\/Piktura-te-Hitlerit-3.jpg?fit=625%2C302&ssl=1&resize=350%2C200","width":350,"height":200,"srcset":"https:\/\/i0.wp.com\/www.shqiperia.com\/blog\/wp-content\/uploads\/2019\/04\/Piktura-te-Hitlerit-3.jpg?fit=625%2C302&ssl=1&resize=350%2C200 1x, https:\/\/i0.wp.com\/www.shqiperia.com\/blog\/wp-content\/uploads\/2019\/04\/Piktura-te-Hitlerit-3.jpg?fit=625%2C302&ssl=1&resize=525%2C300 1.5x"},"classes":[]},{"id":94978,"url":"https:\/\/www.shqiperia.com\/blog\/piktura-e-rralle-e-gustav-klimt-behet-vepra-me-e-shtrenjte-e-shitur-ndonjehere-ne-ankand-cmimi-i-pabesueshem\/","url_meta":{"origin":40090,"position":3},"title":"Piktura e rrall\u00eb e Gustav Klimt b\u00ebhet vepra m\u00eb e shtrenjt\u00eb e shitur ndonj\u00ebher\u00eb n\u00eb ankand, \u00e7mimi i pabesuesh\u00ebm","author":"Kurt Farka","date":"November 19, 2025","format":false,"excerpt":"19 Nentor 2025 Nj\u00eb piktur\u00eb e rrall\u00eb e mjeshtrit austriak Gustav Klimt ka thyer \u00e7do rekord k\u00ebt\u00eb jav\u00eb, duke u shitur p\u00ebr mbi 200 milion\u00eb dollar\u00eb dhe u shpall vepra moderne m\u00eb e shtrenjt\u00eb e shitur ndonj\u00ebher\u00eb n\u00eb ankand. Piktura \u201cPortreti i Elisabeth Lederer\u201d u shit p\u00ebr 236.4 milion\u00eb dollar\u00eb,\u2026","rel":"","context":"In &quot;Arte&quot;","block_context":{"text":"Arte","link":"https:\/\/www.shqiperia.com\/blog\/category\/arte\/"},"img":{"alt_text":"","src":"https:\/\/i0.wp.com\/www.shqiperia.com\/blog\/wp-content\/uploads\/2025\/11\/gustav-klimt-portrat-der-elisabeth-lederer-portrait-of-elisabeth-lederer-crop_sd.jpg?fit=1200%2C675&ssl=1&resize=350%2C200","width":350,"height":200,"srcset":"https:\/\/i0.wp.com\/www.shqiperia.com\/blog\/wp-content\/uploads\/2025\/11\/gustav-klimt-portrat-der-elisabeth-lederer-portrait-of-elisabeth-lederer-crop_sd.jpg?fit=1200%2C675&ssl=1&resize=350%2C200 1x, https:\/\/i0.wp.com\/www.shqiperia.com\/blog\/wp-content\/uploads\/2025\/11\/gustav-klimt-portrat-der-elisabeth-lederer-portrait-of-elisabeth-lederer-crop_sd.jpg?fit=1200%2C675&ssl=1&resize=525%2C300 1.5x, https:\/\/i0.wp.com\/www.shqiperia.com\/blog\/wp-content\/uploads\/2025\/11\/gustav-klimt-portrat-der-elisabeth-lederer-portrait-of-elisabeth-lederer-crop_sd.jpg?fit=1200%2C675&ssl=1&resize=700%2C400 2x, https:\/\/i0.wp.com\/www.shqiperia.com\/blog\/wp-content\/uploads\/2025\/11\/gustav-klimt-portrat-der-elisabeth-lederer-portrait-of-elisabeth-lederer-crop_sd.jpg?fit=1200%2C675&ssl=1&resize=1050%2C600 3x"},"classes":[]},{"id":36879,"url":"https:\/\/www.shqiperia.com\/blog\/guvernatori-i-bejrutit-qan-drjtperdrejt-ne-tv-situata-eshte-e-ngjashme-me-hiroshimen\/","url_meta":{"origin":40090,"position":4},"title":"Guvernatori i Bejrutit qan drjtperdrejt ne Tv: &#8211; Situata \u00ebsht\u00eb e ngjashme me Hiroshim\u00ebn\u2026","author":"Kurt Farka","date":"August 5, 2020","format":false,"excerpt":"Guvernatori i Bejrutit qan drjtperdrejt ne Tv: - Situata \u00ebsht\u00eb e ngjashme me Hiroshim\u00ebn\u2026 \u00a004\/08\/2020. E gjith\u00eb bota i ka kthyer syt\u00eb nga kryeqyteti i Libanit, Bejruti, pasi atje ka ndodhur nj\u00eb shp\u00ebrthim i madh, i cili i ka marr\u00eb jet\u00ebn t\u00eb pakt\u00ebn 100 personave dhe ka l\u00ebnduar m\u00eb shum\u00eb\u2026","rel":"","context":"In &quot;Kultura&quot;","block_context":{"text":"Kultura","link":"https:\/\/www.shqiperia.com\/blog\/category\/kultura\/"},"img":{"alt_text":"","src":"https:\/\/i0.wp.com\/www.shqiperia.com\/blog\/wp-content\/uploads\/2020\/08\/bejrut-lot.jpg?fit=780%2C439&ssl=1&resize=350%2C200","width":350,"height":200,"srcset":"https:\/\/i0.wp.com\/www.shqiperia.com\/blog\/wp-content\/uploads\/2020\/08\/bejrut-lot.jpg?fit=780%2C439&ssl=1&resize=350%2C200 1x, https:\/\/i0.wp.com\/www.shqiperia.com\/blog\/wp-content\/uploads\/2020\/08\/bejrut-lot.jpg?fit=780%2C439&ssl=1&resize=525%2C300 1.5x, https:\/\/i0.wp.com\/www.shqiperia.com\/blog\/wp-content\/uploads\/2020\/08\/bejrut-lot.jpg?fit=780%2C439&ssl=1&resize=700%2C400 2x"},"classes":[]},{"id":99094,"url":"https:\/\/www.shqiperia.com\/blog\/vila-e-mussolinit-u-ble-nga-keshilli-i-qytetit-ne-ankand-historia-e-pushimeve-dhe-diktature\/","url_meta":{"origin":40090,"position":5},"title":"Vila e Mussolinit u ble nga Keshilli i Qytetit n\u00eb ankand! Historia e pushimeve dhe diktatur\u00eb","author":"Kurt Farka","date":"April 5, 2026","format":false,"excerpt":"5 Prill 2026 Nga Siklajda Shorja Vila e diktatorit Benito Mussolinit \u00ebsht\u00eb bler\u00eb nga nj\u00eb k\u00ebshill italian n\u00ebp\u00ebrmjet ankandit. Prona ku Mussolini ka kaluar pushimet verore shihet si nj\u00eb fitore p\u00ebr qytetin. Nj\u00eb k\u00ebshill italian ka bler\u00eb nj\u00eb vil\u00eb ku Benito Mussolini kaloi pushimet e tij verore, pjes\u00ebrisht p\u00ebr t\u00eb\u2026","rel":"","context":"In &quot;Blogu i Udh\u00ebtarit&quot;","block_context":{"text":"Blogu i Udh\u00ebtarit","link":"https:\/\/www.shqiperia.com\/blog\/category\/blogu-i-udhetarit\/"},"img":{"alt_text":"","src":"https:\/\/i0.wp.com\/www.shqiperia.com\/blog\/wp-content\/uploads\/2026\/04\/villa-mussolini-vendita.jpg?fit=640%2C350&ssl=1&resize=350%2C200","width":350,"height":200,"srcset":"https:\/\/i0.wp.com\/www.shqiperia.com\/blog\/wp-content\/uploads\/2026\/04\/villa-mussolini-vendita.jpg?fit=640%2C350&ssl=1&resize=350%2C200 1x, https:\/\/i0.wp.com\/www.shqiperia.com\/blog\/wp-content\/uploads\/2026\/04\/villa-mussolini-vendita.jpg?fit=640%2C350&ssl=1&resize=525%2C300 1.5x"},"classes":[]}],"_links":{"self":[{"href":"https:\/\/www.shqiperia.com\/blog\/wp-json\/wp\/v2\/posts\/40090","targetHints":{"allow":["GET"]}}],"collection":[{"href":"https:\/\/www.shqiperia.com\/blog\/wp-json\/wp\/v2\/posts"}],"about":[{"href":"https:\/\/www.shqiperia.com\/blog\/wp-json\/wp\/v2\/types\/post"}],"author":[{"embeddable":true,"href":"https:\/\/www.shqiperia.com\/blog\/wp-json\/wp\/v2\/users\/9"}],"replies":[{"embeddable":true,"href":"https:\/\/www.shqiperia.com\/blog\/wp-json\/wp\/v2\/comments?post=40090"}],"version-history":[{"count":1,"href":"https:\/\/www.shqiperia.com\/blog\/wp-json\/wp\/v2\/posts\/40090\/revisions"}],"predecessor-version":[{"id":40092,"href":"https:\/\/www.shqiperia.com\/blog\/wp-json\/wp\/v2\/posts\/40090\/revisions\/40092"}],"wp:featuredmedia":[{"embeddable":true,"href":"https:\/\/www.shqiperia.com\/blog\/wp-json\/wp\/v2\/media\/40091"}],"wp:attachment":[{"href":"https:\/\/www.shqiperia.com\/blog\/wp-json\/wp\/v2\/media?parent=40090"}],"wp:term":[{"taxonomy":"category","embeddable":true,"href":"https:\/\/www.shqiperia.com\/blog\/wp-json\/wp\/v2\/categories?post=40090"},{"taxonomy":"post_tag","embeddable":true,"href":"https:\/\/www.shqiperia.com\/blog\/wp-json\/wp\/v2\/tags?post=40090"}],"curies":[{"name":"wp","href":"https:\/\/api.w.org\/{rel}","templated":true}]}}