{"id":39941,"date":"2020-10-20T19:47:34","date_gmt":"2020-10-20T19:47:34","guid":{"rendered":"https:\/\/www.shqiperia.com\/blog\/?p=39941"},"modified":"2020-10-20T19:47:34","modified_gmt":"2020-10-20T19:47:34","slug":"peshkataret-ore-lufte-ne-mes-te-detit-ne-vlore-shokohen-nga-ajo-qe-nxjerrin-nga-rrjeta","status":"publish","type":"post","link":"https:\/\/www.shqiperia.com\/blog\/peshkataret-ore-lufte-ne-mes-te-detit-ne-vlore-shokohen-nga-ajo-qe-nxjerrin-nga-rrjeta\/","title":{"rendered":"Peshkatar\u00ebt or\u00eb \u201clufte\u201d n\u00eb mes t\u00eb detit n\u00eb Vlor\u00eb, shokohen nga ajo q\u00eb nxjerrin nga rrjeta"},"content":{"rendered":"<p><img data-recalc-dims=\"1\" loading=\"lazy\" decoding=\"async\" data-attachment-id=\"39942\" data-permalink=\"https:\/\/www.shqiperia.com\/blog\/peshkataret-ore-lufte-ne-mes-te-detit-ne-vlore-shokohen-nga-ajo-qe-nxjerrin-nga-rrjeta\/800-0-5f8f373b3046c\/\" data-orig-file=\"https:\/\/i0.wp.com\/www.shqiperia.com\/blog\/wp-content\/uploads\/2020\/10\/800-0-5f8f373b3046c.jpg?fit=800%2C415&amp;ssl=1\" data-orig-size=\"800,415\" data-comments-opened=\"1\" data-image-meta=\"{&quot;aperture&quot;:&quot;0&quot;,&quot;credit&quot;:&quot;&quot;,&quot;camera&quot;:&quot;&quot;,&quot;caption&quot;:&quot;&quot;,&quot;created_timestamp&quot;:&quot;0&quot;,&quot;copyright&quot;:&quot;&quot;,&quot;focal_length&quot;:&quot;0&quot;,&quot;iso&quot;:&quot;0&quot;,&quot;shutter_speed&quot;:&quot;0&quot;,&quot;title&quot;:&quot;&quot;,&quot;orientation&quot;:&quot;0&quot;}\" data-image-title=\"-800-0-5f8f373b3046c\" data-image-description=\"\" data-image-caption=\"\" data-medium-file=\"https:\/\/i0.wp.com\/www.shqiperia.com\/blog\/wp-content\/uploads\/2020\/10\/800-0-5f8f373b3046c.jpg?fit=300%2C156&amp;ssl=1\" data-large-file=\"https:\/\/i0.wp.com\/www.shqiperia.com\/blog\/wp-content\/uploads\/2020\/10\/800-0-5f8f373b3046c.jpg?fit=800%2C415&amp;ssl=1\" class=\"alignnone  wp-image-39942\" alt=\"\" src=\"https:\/\/i0.wp.com\/www.shqiperia.com\/blog\/wp-content\/uploads\/2020\/10\/800-0-5f8f373b3046c.jpg?resize=462%2C240&#038;ssl=1\" width=\"462\" height=\"240\" srcset=\"https:\/\/i0.wp.com\/www.shqiperia.com\/blog\/wp-content\/uploads\/2020\/10\/800-0-5f8f373b3046c.jpg?resize=300%2C156&amp;ssl=1 300w, https:\/\/i0.wp.com\/www.shqiperia.com\/blog\/wp-content\/uploads\/2020\/10\/800-0-5f8f373b3046c.jpg?resize=768%2C398&amp;ssl=1 768w, https:\/\/i0.wp.com\/www.shqiperia.com\/blog\/wp-content\/uploads\/2020\/10\/800-0-5f8f373b3046c.jpg?resize=450%2C233&amp;ssl=1 450w, https:\/\/i0.wp.com\/www.shqiperia.com\/blog\/wp-content\/uploads\/2020\/10\/800-0-5f8f373b3046c.jpg?resize=600%2C311&amp;ssl=1 600w, https:\/\/i0.wp.com\/www.shqiperia.com\/blog\/wp-content\/uploads\/2020\/10\/800-0-5f8f373b3046c.jpg?resize=400%2C208&amp;ssl=1 400w, https:\/\/i0.wp.com\/www.shqiperia.com\/blog\/wp-content\/uploads\/2020\/10\/800-0-5f8f373b3046c.jpg?w=800&amp;ssl=1 800w\" sizes=\"auto, (max-width: 462px) 100vw, 462px\" \/><\/p>\n<p>Peshkatar\u00ebt or\u00eb \u201clufte\u201d n\u00eb mes t\u00eb detit n\u00eb Vlor\u00eb, shokohen nga ajo q\u00eb nxjerrin nga rrjeta<\/p>\n<p>20 TETOR 2020<\/p>\n<p>Nj\u00eb peshkaqen 500 kg \u00ebsht\u00eb kapur n\u00eb Vlor\u00eb. M\u00ebsohet se peshkaqeni ka r\u00ebn\u00eb n\u00eb rrjetat e peshkatar\u00ebve dit\u00ebn e djeshme.<\/p>\n<p>M\u00ebsohet se peshkaqeni \u00ebsht\u00eb i llojit \u201cdem\u201d dhe 80 kg peshon vet\u00ebm m\u00ebl\u00e7ia e tij.<\/p>\n<p>Gazeta Sot<\/p>\n","protected":false},"excerpt":{"rendered":"<p>Peshkatar\u00ebt or\u00eb \u201clufte\u201d n\u00eb mes t\u00eb detit n\u00eb Vlor\u00eb, shokohen nga ajo q\u00eb nxjerrin nga rrjeta 20 TETOR 2020 Nj\u00eb peshkaqen 500 kg \u00ebsht\u00eb kapur n\u00eb Vlor\u00eb. M\u00ebsohet se peshkaqeni ka r\u00ebn\u00eb n\u00eb rrjetat e peshkatar\u00ebve dit\u00ebn e djeshme. M\u00ebsohet se peshkaqeni \u00ebsht\u00eb i llojit \u201cdem\u201d dhe 80 kg peshon vet\u00ebm m\u00ebl\u00e7ia e tij. Gazeta [&hellip;]<\/p>\n","protected":false},"author":9,"featured_media":39942,"comment_status":"open","ping_status":"open","sticky":false,"template":"","format":"standard","meta":{"jetpack_post_was_ever_published":false,"_jetpack_newsletter_access":"","_jetpack_dont_email_post_to_subs":false,"_jetpack_newsletter_tier_id":0,"_jetpack_memberships_contains_paywalled_content":false,"_jetpack_memberships_contains_paid_content":false,"footnotes":"","jetpack_publicize_message":"","jetpack_publicize_feature_enabled":true,"jetpack_social_post_already_shared":true,"jetpack_social_options":{"image_generator_settings":{"template":"highway","default_image_id":0,"font":"","enabled":false},"version":2}},"categories":[27,14],"tags":[],"class_list":["post-39941","post","type-post","status-publish","format-standard","has-post-thumbnail","hentry","category-blogu-i-udhetarit","category-press-releases"],"jetpack_publicize_connections":[],"jetpack_featured_media_url":"https:\/\/i0.wp.com\/www.shqiperia.com\/blog\/wp-content\/uploads\/2020\/10\/800-0-5f8f373b3046c.jpg?fit=800%2C415&ssl=1","jetpack_sharing_enabled":true,"jetpack_shortlink":"https:\/\/wp.me\/p5Z6wp-aod","jetpack-related-posts":[{"id":24308,"url":"https:\/\/www.shqiperia.com\/blog\/kapje-e-rralle-ne-vlore-ne-rrjetat-e-peshkatareve-bie-peshkaqeni-foke\/","url_meta":{"origin":39941,"position":0},"title":"Kapje e rrall\u00eb n\u00eb Vlor\u00eb, n\u00eb rrjetat e peshkatar\u00ebve bie peshkaqeni fok\u00eb. &#8211;","author":"Kurt Farka","date":"August 5, 2019","format":false,"excerpt":"Kapje e rrall\u00eb n\u00eb Vlor\u00eb, n\u00eb rrjetat e peshkatar\u00ebve bie peshkaqeni fok\u00eb. - N\u00eb rrjetet e peshkatar\u00ebve ka r\u00ebn\u00eb nj\u00eb peshkaqen i vog\u00ebl fok\u00eb. Gjallesa e rrall\u00eb \u00ebsht\u00eb kapur nga nj\u00eb anije peshkatar\u00ebsh q\u00eb opron n\u00eb ujra t\u00eb thella. VLOR\u00cb\u2013 N\u00eb rrjetat e peshkatar\u00ebve t\u00eb Vlor\u00ebs, dit\u00ebn e sotme ka\u2026","rel":"","context":"In &quot;Blogu i Udh\u00ebtarit&quot;","block_context":{"text":"Blogu i Udh\u00ebtarit","link":"https:\/\/www.shqiperia.com\/blog\/category\/blogu-i-udhetarit\/"},"img":{"alt_text":"","src":"https:\/\/i0.wp.com\/www.shqiperia.com\/blog\/wp-content\/uploads\/2019\/08\/peshkaqeni4.png?fit=640%2C352&ssl=1&resize=350%2C200","width":350,"height":200,"srcset":"https:\/\/i0.wp.com\/www.shqiperia.com\/blog\/wp-content\/uploads\/2019\/08\/peshkaqeni4.png?fit=640%2C352&ssl=1&resize=350%2C200 1x, https:\/\/i0.wp.com\/www.shqiperia.com\/blog\/wp-content\/uploads\/2019\/08\/peshkaqeni4.png?fit=640%2C352&ssl=1&resize=525%2C300 1.5x"},"classes":[]},{"id":68800,"url":"https:\/\/www.shqiperia.com\/blog\/argjentine-mbetjet-e-nje-burri-te-zhdukur-gjenden-ne-barkun-e-nje-peshkaqeni\/","url_meta":{"origin":39941,"position":1},"title":"Argjentin\u00eb: &#8211; Mbetjet e nj\u00eb burri t\u00eb zhdukur gjenden n\u00eb barkun e nj\u00eb peshkaqeni","author":"Kurt Farka","date":"March 1, 2023","format":false,"excerpt":"28 Shkurt 2023 Mbetjet e Diego Barria-s, i cili u zhduk n\u00eb qytetin bregdetar Comdoro Rivadavia n\u00eb jug t\u00eb Argjentin\u00ebs, u gjet\u00ebn n\u00eb stomakun e nj\u00eb peshkaqeni t\u00eb kapur nga peshkatar\u00ebt. Oficerja e policis\u00eb Daniela Millatruz tha se identiteti i Barria-s u konfirmua nga familja e tij n\u00eb baz\u00eb t\u00eb\u2026","rel":"","context":"In &quot;Blogu i Udh\u00ebtarit&quot;","block_context":{"text":"Blogu i Udh\u00ebtarit","link":"https:\/\/www.shqiperia.com\/blog\/category\/blogu-i-udhetarit\/"},"img":{"alt_text":"","src":"https:\/\/i0.wp.com\/www.shqiperia.com\/blog\/wp-content\/uploads\/2023\/02\/auto_burr1677627971-1.jpg?fit=850%2C472&ssl=1&resize=350%2C200","width":350,"height":200,"srcset":"https:\/\/i0.wp.com\/www.shqiperia.com\/blog\/wp-content\/uploads\/2023\/02\/auto_burr1677627971-1.jpg?fit=850%2C472&ssl=1&resize=350%2C200 1x, https:\/\/i0.wp.com\/www.shqiperia.com\/blog\/wp-content\/uploads\/2023\/02\/auto_burr1677627971-1.jpg?fit=850%2C472&ssl=1&resize=525%2C300 1.5x, https:\/\/i0.wp.com\/www.shqiperia.com\/blog\/wp-content\/uploads\/2023\/02\/auto_burr1677627971-1.jpg?fit=850%2C472&ssl=1&resize=700%2C400 2x"},"classes":[]},{"id":49323,"url":"https:\/\/www.shqiperia.com\/blog\/befasohen-peshkataret-e-durresit-ne-rrjetat-e-tyre-bie-krijesa-gjigande-foto\/","url_meta":{"origin":39941,"position":2},"title":"Befasohen peshkatar\u00ebt e Durr\u00ebsit, n\u00eb rrjetat e tyre bie krijesa gjigande (FOTO)","author":"Kurt Farka","date":"August 25, 2021","format":false,"excerpt":"Befasohen peshkatar\u00ebt e Durr\u00ebsit, n\u00eb rrjetat e tyre bie krijesa gjigande (FOTO) 25 GUSHT 2021 Peshkatar\u00ebt e Durr\u00ebsit jan\u00eb befasuar m\u00ebngjesin e sot\u00ebm teksa kan\u00eb nxjerr\u00eb rrjetat nga deti. Nj\u00eb peshkaqen rreth 500 kg ka r\u00ebn\u00eb n\u00eb rrjetat e tyre, i cili \u00ebsht\u00eb kapur n\u00eb nj\u00eb thell\u00ebsi prej 15 milje.\u2026","rel":"","context":"In &quot;Blogu i Udh\u00ebtarit&quot;","block_context":{"text":"Blogu i Udh\u00ebtarit","link":"https:\/\/www.shqiperia.com\/blog\/category\/blogu-i-udhetarit\/"},"img":{"alt_text":"","src":"https:\/\/i0.wp.com\/www.shqiperia.com\/blog\/wp-content\/uploads\/2021\/08\/640-0-612600a9ef6ba.png?fit=640%2C379&ssl=1&resize=350%2C200","width":350,"height":200,"srcset":"https:\/\/i0.wp.com\/www.shqiperia.com\/blog\/wp-content\/uploads\/2021\/08\/640-0-612600a9ef6ba.png?fit=640%2C379&ssl=1&resize=350%2C200 1x, https:\/\/i0.wp.com\/www.shqiperia.com\/blog\/wp-content\/uploads\/2021\/08\/640-0-612600a9ef6ba.png?fit=640%2C379&ssl=1&resize=525%2C300 1.5x"},"classes":[]},{"id":41318,"url":"https:\/\/www.shqiperia.com\/blog\/festa-e-fundit-e-edi-rames-ne-vlore-si-kryeminister\/","url_meta":{"origin":39941,"position":3},"title":"Festa e fundit e Edi Ram\u00ebs n\u00eb Vlor\u00eb si Kryeminist\u00ebr","author":"Kurt Farka","date":"November 28, 2020","format":false,"excerpt":"Festa e fundit e Edi Ram\u00ebs n\u00eb Vlor\u00eb si Kryeminist\u00ebr 28\/11\/2020 Sot n\u00eb Dit\u00ebn e Pavar\u00ebsis\u00eb n\u00eb Vlor\u00eb ishte edhe kryeministri Edi Rama. Kuror\u00ebn e par\u00eb te Monumenti Pavar\u00ebsis\u00eb e vendosi Presidenti i Republik\u00ebs, Ilir Meta. M\u00eb pas ishte kryeparlamentari Gramoz Ru\u00e7i dhe n\u00eb fund kryeministri Edi Rama. N\u00eb kushtet\u2026","rel":"","context":"In &quot;Blogu i Udh\u00ebtarit&quot;","block_context":{"text":"Blogu i Udh\u00ebtarit","link":"https:\/\/www.shqiperia.com\/blog\/category\/blogu-i-udhetarit\/"},"img":{"alt_text":"","src":"https:\/\/i0.wp.com\/www.shqiperia.com\/blog\/wp-content\/uploads\/2020\/11\/RAMA-11-800x450-1-750x375-1.jpg?fit=671%2C375&ssl=1&resize=350%2C200","width":350,"height":200,"srcset":"https:\/\/i0.wp.com\/www.shqiperia.com\/blog\/wp-content\/uploads\/2020\/11\/RAMA-11-800x450-1-750x375-1.jpg?fit=671%2C375&ssl=1&resize=350%2C200 1x, https:\/\/i0.wp.com\/www.shqiperia.com\/blog\/wp-content\/uploads\/2020\/11\/RAMA-11-800x450-1-750x375-1.jpg?fit=671%2C375&ssl=1&resize=525%2C300 1.5x"},"classes":[]},{"id":98679,"url":"https:\/\/www.shqiperia.com\/blog\/foto-lajm-kapet-nga-peshkataret-ne-vlore-peshku-helmues\/","url_meta":{"origin":39941,"position":4},"title":"FOTO-LAJM\/ Kapet nga peshkatar\u00ebt n\u00eb Vlor\u00eb peshku helmues","author":"Kurt Farka","date":"March 25, 2026","format":false,"excerpt":"25 Mars 2026 Peshkatar\u00ebt n\u00eb Vlor\u00eb kan\u00eb kapur her\u00eb t\u00eb dyt\u00eb peshkun Para, ose njohur ndryshe peshku Gjyle, peshku m\u00eb helmues i uj\u00ebrave t\u00eb kripura. Ky lloj konsiderohet nj\u00eb peshk tep\u00ebr i rreziksh\u00ebm. Drejtuesi i Portit t\u00eb Peshkimit Radhim\u00eb Sherif Dyrmishi thot\u00eb se peshkatar\u00ebt dhe qytetar\u00ebt duhet t\u00eb jen\u00eb t\u00eb\u2026","rel":"","context":"In &quot;Blogu i Udh\u00ebtarit&quot;","block_context":{"text":"Blogu i Udh\u00ebtarit","link":"https:\/\/www.shqiperia.com\/blog\/category\/blogu-i-udhetarit\/"},"img":{"alt_text":"","src":"https:\/\/i0.wp.com\/www.shqiperia.com\/blog\/wp-content\/uploads\/2026\/03\/640-0-ed23d30bfbf15c51678ae1223e33bd0b.jpg?fit=640%2C336&ssl=1&resize=350%2C200","width":350,"height":200,"srcset":"https:\/\/i0.wp.com\/www.shqiperia.com\/blog\/wp-content\/uploads\/2026\/03\/640-0-ed23d30bfbf15c51678ae1223e33bd0b.jpg?fit=640%2C336&ssl=1&resize=350%2C200 1x, https:\/\/i0.wp.com\/www.shqiperia.com\/blog\/wp-content\/uploads\/2026\/03\/640-0-ed23d30bfbf15c51678ae1223e33bd0b.jpg?fit=640%2C336&ssl=1&resize=525%2C300 1.5x"},"classes":[]},{"id":48490,"url":"https:\/\/www.shqiperia.com\/blog\/punetoret-shokohen-nga-ajo-qe-zbulojne-nga-germimet-ne-permet\/","url_meta":{"origin":39941,"position":5},"title":"Pun\u00ebtor\u00ebt shokohen nga ajo q\u00eb zbulojn\u00eb nga g\u00ebrmimet n\u00eb P\u00ebrmet. Ministria e Kultur\u00ebs: &#8211; Eshte varreze mesjetare.","author":"Kurt Farka","date":"July 15, 2021","format":false,"excerpt":"Pun\u00ebtor\u00ebt shokohen nga ajo q\u00eb zbulojn\u00eb nga g\u00ebrmimet n\u00eb P\u00ebrmet 15 KORRIK 2021 Ishin duke b\u00ebr\u00eb punime p\u00ebr nd\u00ebrtimin e rrug\u00ebs, Kreu i shoqat\u00ebs Anti-komuniste t\u00eb t\u00eb P\u00ebrndjekurve, Nebik \u00c7ika shprehet se \u00ebsht\u00eb zbuluar nj\u00eb varr masiv i viktimave t\u00eb diktatur\u00ebs dit\u00ebn e sotme n\u00eb P\u00ebrmet. B\u00ebhet me dije se\u2026","rel":"","context":"In &quot;Blogu i Udh\u00ebtarit&quot;","block_context":{"text":"Blogu i Udh\u00ebtarit","link":"https:\/\/www.shqiperia.com\/blog\/category\/blogu-i-udhetarit\/"},"img":{"alt_text":"","src":"https:\/\/i0.wp.com\/www.shqiperia.com\/blog\/wp-content\/uploads\/2021\/07\/800-0-60f00f74dcf0b.png?fit=800%2C507&ssl=1&resize=350%2C200","width":350,"height":200,"srcset":"https:\/\/i0.wp.com\/www.shqiperia.com\/blog\/wp-content\/uploads\/2021\/07\/800-0-60f00f74dcf0b.png?fit=800%2C507&ssl=1&resize=350%2C200 1x, https:\/\/i0.wp.com\/www.shqiperia.com\/blog\/wp-content\/uploads\/2021\/07\/800-0-60f00f74dcf0b.png?fit=800%2C507&ssl=1&resize=525%2C300 1.5x, https:\/\/i0.wp.com\/www.shqiperia.com\/blog\/wp-content\/uploads\/2021\/07\/800-0-60f00f74dcf0b.png?fit=800%2C507&ssl=1&resize=700%2C400 2x"},"classes":[]}],"_links":{"self":[{"href":"https:\/\/www.shqiperia.com\/blog\/wp-json\/wp\/v2\/posts\/39941","targetHints":{"allow":["GET"]}}],"collection":[{"href":"https:\/\/www.shqiperia.com\/blog\/wp-json\/wp\/v2\/posts"}],"about":[{"href":"https:\/\/www.shqiperia.com\/blog\/wp-json\/wp\/v2\/types\/post"}],"author":[{"embeddable":true,"href":"https:\/\/www.shqiperia.com\/blog\/wp-json\/wp\/v2\/users\/9"}],"replies":[{"embeddable":true,"href":"https:\/\/www.shqiperia.com\/blog\/wp-json\/wp\/v2\/comments?post=39941"}],"version-history":[{"count":1,"href":"https:\/\/www.shqiperia.com\/blog\/wp-json\/wp\/v2\/posts\/39941\/revisions"}],"predecessor-version":[{"id":39943,"href":"https:\/\/www.shqiperia.com\/blog\/wp-json\/wp\/v2\/posts\/39941\/revisions\/39943"}],"wp:featuredmedia":[{"embeddable":true,"href":"https:\/\/www.shqiperia.com\/blog\/wp-json\/wp\/v2\/media\/39942"}],"wp:attachment":[{"href":"https:\/\/www.shqiperia.com\/blog\/wp-json\/wp\/v2\/media?parent=39941"}],"wp:term":[{"taxonomy":"category","embeddable":true,"href":"https:\/\/www.shqiperia.com\/blog\/wp-json\/wp\/v2\/categories?post=39941"},{"taxonomy":"post_tag","embeddable":true,"href":"https:\/\/www.shqiperia.com\/blog\/wp-json\/wp\/v2\/tags?post=39941"}],"curies":[{"name":"wp","href":"https:\/\/api.w.org\/{rel}","templated":true}]}}