{"id":39935,"date":"2020-10-20T14:28:26","date_gmt":"2020-10-20T14:28:26","guid":{"rendered":"https:\/\/www.shqiperia.com\/blog\/?p=39935"},"modified":"2020-10-20T14:28:43","modified_gmt":"2020-10-20T14:28:43","slug":"covid-19-si-ulerima-e-edvard-munch","status":"publish","type":"post","link":"https:\/\/www.shqiperia.com\/blog\/covid-19-si-ulerima-e-edvard-munch\/","title":{"rendered":"Covid-19 si \u00a0\u201cUl\u00ebrima\u201d e Edvard Munch."},"content":{"rendered":"<p><img data-recalc-dims=\"1\" loading=\"lazy\" decoding=\"async\" data-attachment-id=\"39936\" data-permalink=\"https:\/\/www.shqiperia.com\/blog\/covid-19-si-ulerima-e-edvard-munch\/edvard-munch-ulerima\/\" data-orig-file=\"https:\/\/i0.wp.com\/www.shqiperia.com\/blog\/wp-content\/uploads\/2020\/10\/edvard-munch-Ulerima.jpg?fit=1200%2C675&amp;ssl=1\" data-orig-size=\"1200,675\" data-comments-opened=\"1\" data-image-meta=\"{&quot;aperture&quot;:&quot;0&quot;,&quot;credit&quot;:&quot;&quot;,&quot;camera&quot;:&quot;&quot;,&quot;caption&quot;:&quot;&quot;,&quot;created_timestamp&quot;:&quot;0&quot;,&quot;copyright&quot;:&quot;&quot;,&quot;focal_length&quot;:&quot;0&quot;,&quot;iso&quot;:&quot;0&quot;,&quot;shutter_speed&quot;:&quot;0&quot;,&quot;title&quot;:&quot;&quot;,&quot;orientation&quot;:&quot;0&quot;}\" data-image-title=\"edvard munch Ulerima\" data-image-description=\"\" data-image-caption=\"\" data-medium-file=\"https:\/\/i0.wp.com\/www.shqiperia.com\/blog\/wp-content\/uploads\/2020\/10\/edvard-munch-Ulerima.jpg?fit=300%2C169&amp;ssl=1\" data-large-file=\"https:\/\/i0.wp.com\/www.shqiperia.com\/blog\/wp-content\/uploads\/2020\/10\/edvard-munch-Ulerima.jpg?fit=1024%2C576&amp;ssl=1\" class=\"alignnone wp-image-39936\" alt=\"\" src=\"https:\/\/i0.wp.com\/www.shqiperia.com\/blog\/wp-content\/uploads\/2020\/10\/edvard-munch-Ulerima.jpg?resize=517%2C291&#038;ssl=1\" width=\"517\" height=\"291\" srcset=\"https:\/\/i0.wp.com\/www.shqiperia.com\/blog\/wp-content\/uploads\/2020\/10\/edvard-munch-Ulerima.jpg?resize=300%2C169&amp;ssl=1 300w, https:\/\/i0.wp.com\/www.shqiperia.com\/blog\/wp-content\/uploads\/2020\/10\/edvard-munch-Ulerima.jpg?resize=1024%2C576&amp;ssl=1 1024w, https:\/\/i0.wp.com\/www.shqiperia.com\/blog\/wp-content\/uploads\/2020\/10\/edvard-munch-Ulerima.jpg?resize=768%2C432&amp;ssl=1 768w, https:\/\/i0.wp.com\/www.shqiperia.com\/blog\/wp-content\/uploads\/2020\/10\/edvard-munch-Ulerima.jpg?resize=450%2C253&amp;ssl=1 450w, https:\/\/i0.wp.com\/www.shqiperia.com\/blog\/wp-content\/uploads\/2020\/10\/edvard-munch-Ulerima.jpg?resize=600%2C338&amp;ssl=1 600w, https:\/\/i0.wp.com\/www.shqiperia.com\/blog\/wp-content\/uploads\/2020\/10\/edvard-munch-Ulerima.jpg?resize=400%2C225&amp;ssl=1 400w, https:\/\/i0.wp.com\/www.shqiperia.com\/blog\/wp-content\/uploads\/2020\/10\/edvard-munch-Ulerima.jpg?w=1200&amp;ssl=1 1200w\" sizes=\"auto, (max-width: 517px) 100vw, 517px\" \/><\/p>\n<p>Covid-19 si \u00a0\u201cUl\u00ebrima\u201d e Edvard Munch.<\/p>\n<p>Doli publikisht dhe parashikoi Covid-in! Astrologia e njohur tregon \u00e7far\u00eb do ndodh\u00eb n\u00eb prag t\u00eb Krishtlindjeve<\/p>\n<p>TETOR 2020<\/p>\n<p>N\u00eb muajin shkurt, Jessica Adams e transformoi krejt\u00ebsisht m\u00ebnyr\u00ebn e vet t\u00eb t\u00eb jetuarit. Fshiu gjith\u00eb \u00e7far\u00eb kishte n\u00eb agjend\u00eb, braktisi sht\u00ebpin\u00eb n\u00eb Lond\u00ebr dhe u zhvendos n\u00eb Tasmani ku jeton sot me dy qent\u00eb e saj.<\/p>\n<p>\u201cE dija se \u00e7far\u00eb po vinte\u201d, thot\u00eb ajo. \u201cNdoqa k\u00ebshill\u00ebn qe i dhash\u00eb vetes time, dhe isha fiks n\u00eb koh\u00eb. Ndonj\u00ebher\u00eb, duhet t`i biesh k\u00ebmb\u00ebnave t\u00eb alarmit, dhe un\u00eb ashtu b\u00ebra\u201d, rr\u00ebfen astrologia.<\/p>\n<p><img data-recalc-dims=\"1\" loading=\"lazy\" decoding=\"async\" data-attachment-id=\"39937\" data-permalink=\"https:\/\/www.shqiperia.com\/blog\/covid-19-si-ulerima-e-edvard-munch\/800-0-5f8dd7b75f88c\/\" data-orig-file=\"https:\/\/i0.wp.com\/www.shqiperia.com\/blog\/wp-content\/uploads\/2020\/10\/800-0-5f8dd7b75f88c.jpg?fit=800%2C451&amp;ssl=1\" data-orig-size=\"800,451\" data-comments-opened=\"1\" data-image-meta=\"{&quot;aperture&quot;:&quot;0&quot;,&quot;credit&quot;:&quot;&quot;,&quot;camera&quot;:&quot;&quot;,&quot;caption&quot;:&quot;&quot;,&quot;created_timestamp&quot;:&quot;0&quot;,&quot;copyright&quot;:&quot;&quot;,&quot;focal_length&quot;:&quot;0&quot;,&quot;iso&quot;:&quot;0&quot;,&quot;shutter_speed&quot;:&quot;0&quot;,&quot;title&quot;:&quot;&quot;,&quot;orientation&quot;:&quot;0&quot;}\" data-image-title=\"-800-0-5f8dd7b75f88c\" data-image-description=\"\" data-image-caption=\"\" data-medium-file=\"https:\/\/i0.wp.com\/www.shqiperia.com\/blog\/wp-content\/uploads\/2020\/10\/800-0-5f8dd7b75f88c.jpg?fit=300%2C169&amp;ssl=1\" data-large-file=\"https:\/\/i0.wp.com\/www.shqiperia.com\/blog\/wp-content\/uploads\/2020\/10\/800-0-5f8dd7b75f88c.jpg?fit=800%2C451&amp;ssl=1\" class=\"alignnone wp-image-39937\" alt=\"\" src=\"https:\/\/i0.wp.com\/www.shqiperia.com\/blog\/wp-content\/uploads\/2020\/10\/800-0-5f8dd7b75f88c.jpg?resize=547%2C308&#038;ssl=1\" width=\"547\" height=\"308\" srcset=\"https:\/\/i0.wp.com\/www.shqiperia.com\/blog\/wp-content\/uploads\/2020\/10\/800-0-5f8dd7b75f88c.jpg?resize=300%2C169&amp;ssl=1 300w, https:\/\/i0.wp.com\/www.shqiperia.com\/blog\/wp-content\/uploads\/2020\/10\/800-0-5f8dd7b75f88c.jpg?resize=768%2C433&amp;ssl=1 768w, https:\/\/i0.wp.com\/www.shqiperia.com\/blog\/wp-content\/uploads\/2020\/10\/800-0-5f8dd7b75f88c.jpg?resize=450%2C254&amp;ssl=1 450w, https:\/\/i0.wp.com\/www.shqiperia.com\/blog\/wp-content\/uploads\/2020\/10\/800-0-5f8dd7b75f88c.jpg?resize=600%2C338&amp;ssl=1 600w, https:\/\/i0.wp.com\/www.shqiperia.com\/blog\/wp-content\/uploads\/2020\/10\/800-0-5f8dd7b75f88c.jpg?resize=400%2C226&amp;ssl=1 400w, https:\/\/i0.wp.com\/www.shqiperia.com\/blog\/wp-content\/uploads\/2020\/10\/800-0-5f8dd7b75f88c.jpg?w=800&amp;ssl=1 800w\" sizes=\"auto, (max-width: 547px) 100vw, 547px\" \/><\/p>\n<p>Nj\u00eb vit p\u00ebrpara k\u00ebsaj, Jessica kishte dal\u00eb publikisht me paralajm\u00ebrimet se nj\u00eb virus do t\u00eb trazoj\u00eb bot\u00ebn e madje kishte dh\u00ebn\u00eb edhe nj\u00eb dat\u00eb: 10 janar 2020. Pik\u00ebrisht kjo do t\u00eb rezultonte m\u00eb von\u00eb si data zyrtare e viktim\u00ebs s\u00eb par\u00eb t\u00eb konfirmuar t\u00eb Covid 19 n\u00eb \u00cbuhan t\u00eb Kin\u00ebs.<\/p>\n<p>\u201c Viti 2020 ishte si piktura e Edvard Munch, \u201cUl\u00ebrima\u201d. \u201c Ishte nj\u00eb paralajm\u00ebrim aq ekstrem sa nuk e dija a duhet ta b\u00ebja. Por n\u00eb fund t\u00eb fundit kjo \u00ebsht\u00eb puna ime, nuk I shmangesha dot. Un\u00eb I paralajm\u00ebroj njer\u00ebzit- p\u00ebr pensionet, kursimet e tyre, p\u00ebr faktin q\u00eb po hyjn\u00eb pak si shum\u00eb n\u00eb borxhe dhe p\u00ebr t\u00eb qen\u00eb gati kur bota kthehet p\u00ebrmbys\u201d, thot\u00eb ajo. P\u00ebr fat t\u00eb keq, ato paralajm\u00ebrime nuk u d\u00ebgjuan shum\u00eb.<\/p>\n<p>Kjo sepse Jessica nuk \u00ebsht\u00eb ekonomiste, politikane apo virologe; \u00ebsht\u00eb nj\u00eb astrologe britanike q\u00eb ka dhe disa aft\u00ebsi paranormal. E nd\u00ebrsa ndjek\u00ebsit e saj i mor\u00ebn p\u00ebr t\u00eb mir\u00ebqenia parashikimet e Adams, shum\u00eb t\u00eb tjera menduan se ishte thjesht nj\u00eb mashtrim. N\u00eb fakt, rezultoi se ajo kishte paur t\u00eb drejt\u00eb. Ajo godit n\u00eb shenj\u00eb edhe m\u00eb dat\u00ebn 1 tetor 2020, sakt\u00ebsisht dita kur Donald Trump u diagnostikua me koronavirus.<\/p>\n<p>T\u00eb jet\u00eb koincidenc\u00eb vall\u00eb? Tani, astrologia q\u00eb profetizoi shum\u00eb drejt Brexitin si dhe nj\u00eb t\u00ebrmet t\u00eb madh brenda familjes mbret\u00ebrore britanike, q\u00eb ndodhi t\u00eb ishte shk\u00ebputja e princit Harry p\u00ebr shkak t\u00eb bashk\u00ebshortes amerikane, tani na tregon se c`do t\u00eb ndodh\u00eb n\u00eb fund t\u00eb vitit.<\/p>\n<p><img data-recalc-dims=\"1\" loading=\"lazy\" decoding=\"async\" data-attachment-id=\"39938\" data-permalink=\"https:\/\/www.shqiperia.com\/blog\/covid-19-si-ulerima-e-edvard-munch\/unnamed-18\/\" data-orig-file=\"https:\/\/i0.wp.com\/www.shqiperia.com\/blog\/wp-content\/uploads\/2020\/10\/unnamed-2.jpg?fit=449%2C272&amp;ssl=1\" data-orig-size=\"449,272\" data-comments-opened=\"1\" data-image-meta=\"{&quot;aperture&quot;:&quot;0&quot;,&quot;credit&quot;:&quot;&quot;,&quot;camera&quot;:&quot;&quot;,&quot;caption&quot;:&quot;&quot;,&quot;created_timestamp&quot;:&quot;0&quot;,&quot;copyright&quot;:&quot;&quot;,&quot;focal_length&quot;:&quot;0&quot;,&quot;iso&quot;:&quot;0&quot;,&quot;shutter_speed&quot;:&quot;0&quot;,&quot;title&quot;:&quot;&quot;,&quot;orientation&quot;:&quot;1&quot;}\" data-image-title=\"unnamed\" data-image-description=\"\" data-image-caption=\"\" data-medium-file=\"https:\/\/i0.wp.com\/www.shqiperia.com\/blog\/wp-content\/uploads\/2020\/10\/unnamed-2.jpg?fit=300%2C182&amp;ssl=1\" data-large-file=\"https:\/\/i0.wp.com\/www.shqiperia.com\/blog\/wp-content\/uploads\/2020\/10\/unnamed-2.jpg?fit=449%2C272&amp;ssl=1\" class=\"alignnone wp-image-39938\" alt=\"\" src=\"https:\/\/i0.wp.com\/www.shqiperia.com\/blog\/wp-content\/uploads\/2020\/10\/unnamed-2.jpg?resize=567%2C344&#038;ssl=1\" width=\"567\" height=\"344\" srcset=\"https:\/\/i0.wp.com\/www.shqiperia.com\/blog\/wp-content\/uploads\/2020\/10\/unnamed-2.jpg?resize=300%2C182&amp;ssl=1 300w, https:\/\/i0.wp.com\/www.shqiperia.com\/blog\/wp-content\/uploads\/2020\/10\/unnamed-2.jpg?resize=400%2C242&amp;ssl=1 400w, https:\/\/i0.wp.com\/www.shqiperia.com\/blog\/wp-content\/uploads\/2020\/10\/unnamed-2.jpg?w=449&amp;ssl=1 449w\" sizes=\"auto, (max-width: 567px) 100vw, 567px\" \/><\/p>\n<p>\u201cKrishtlindjet do t\u00eb jen\u00eb fantastike. Gj\u00ebrat do t\u00eb nisin t\u00eb ndryshojn\u00eb tre dit\u00eb p\u00ebrpara vigjiljes s\u00eb K\u00ebrsh\u00ebndellave p\u00ebr sa i takon miq\u00ebsis\u00eb, grupeve, siguris\u00eb globale. Bota m\u00eb n\u00eb fund do ta mbledh\u00eb veten\u201d, shprehet ajo. astrologjia dikur merrej mjaft seriozisht, e anglez\u00ebt ende e kujtojn\u00eb sesi n\u00eb shekullin e 17-t\u00eb, astrologu \u00cbilliam Lilly parashikoi Zjarrin e Madh t\u00eb Londr\u00ebs.<\/p>\n<p>Gazeta Sot<\/p>\n","protected":false},"excerpt":{"rendered":"<p>Covid-19 si \u00a0\u201cUl\u00ebrima\u201d e Edvard Munch. Doli publikisht dhe parashikoi Covid-in! Astrologia e njohur tregon \u00e7far\u00eb do ndodh\u00eb n\u00eb prag t\u00eb Krishtlindjeve TETOR 2020 N\u00eb muajin shkurt, Jessica Adams e transformoi krejt\u00ebsisht m\u00ebnyr\u00ebn e vet t\u00eb t\u00eb jetuarit. Fshiu gjith\u00eb \u00e7far\u00eb kishte n\u00eb agjend\u00eb, braktisi sht\u00ebpin\u00eb n\u00eb Lond\u00ebr dhe u zhvendos n\u00eb Tasmani ku jeton [&hellip;]<\/p>\n","protected":false},"author":9,"featured_media":39936,"comment_status":"open","ping_status":"open","sticky":false,"template":"","format":"standard","meta":{"jetpack_post_was_ever_published":false,"_jetpack_newsletter_access":"","_jetpack_dont_email_post_to_subs":false,"_jetpack_newsletter_tier_id":0,"_jetpack_memberships_contains_paywalled_content":false,"_jetpack_memberships_contains_paid_content":false,"footnotes":"","jetpack_publicize_message":"","jetpack_publicize_feature_enabled":true,"jetpack_social_post_already_shared":true,"jetpack_social_options":{"image_generator_settings":{"template":"highway","default_image_id":0,"font":"","enabled":false},"version":2}},"categories":[87,27,14],"tags":[],"class_list":["post-39935","post","type-post","status-publish","format-standard","has-post-thumbnail","hentry","category-arte","category-blogu-i-udhetarit","category-press-releases"],"jetpack_publicize_connections":[],"jetpack_featured_media_url":"https:\/\/i0.wp.com\/www.shqiperia.com\/blog\/wp-content\/uploads\/2020\/10\/edvard-munch-Ulerima.jpg?fit=1200%2C675&ssl=1","jetpack_sharing_enabled":true,"jetpack_shortlink":"https:\/\/wp.me\/p5Z6wp-ao7","jetpack-related-posts":[{"id":32757,"url":"https:\/\/www.shqiperia.com\/blog\/ulerima-e-eduard-munch-fluturon-ne-vleresimin-monetar\/","url_meta":{"origin":39935,"position":0},"title":"Ul\u00ebrima e Eduard Munch fluturon ne vleresimin monetar","author":"Kurt Farka","date":"March 26, 2020","format":false,"excerpt":"Ul\u00ebrima e Eduard Munch, nj\u00eb vep\u00ebr q\u00eb nuk harrohet leht\u00eb, e q\u00eb ka dhe nj\u00eb karakteristik\u00eb: sipas blogut t\u00eb Muzeut Britanik, ekzistojn\u00eb dy piktura, dy pastele dhe m\u00eb pas nj\u00eb num\u00ebr i pap\u00ebrcaktuar skicash p\u00ebr t\u00eb. N\u00eb vitin 2012, nj\u00eb nga pastelet u shit p\u00ebr gati 120 milion dollar\u00eb n\u00eb\u2026","rel":"","context":"In &quot;Arte&quot;","block_context":{"text":"Arte","link":"https:\/\/www.shqiperia.com\/blog\/category\/arte\/"},"img":{"alt_text":"","src":"https:\/\/i0.wp.com\/www.shqiperia.com\/blog\/wp-content\/uploads\/2020\/03\/h-nghnghngh-1.jpg?fit=1024%2C576&ssl=1&resize=350%2C200","width":350,"height":200,"srcset":"https:\/\/i0.wp.com\/www.shqiperia.com\/blog\/wp-content\/uploads\/2020\/03\/h-nghnghngh-1.jpg?fit=1024%2C576&ssl=1&resize=350%2C200 1x, https:\/\/i0.wp.com\/www.shqiperia.com\/blog\/wp-content\/uploads\/2020\/03\/h-nghnghngh-1.jpg?fit=1024%2C576&ssl=1&resize=525%2C300 1.5x, https:\/\/i0.wp.com\/www.shqiperia.com\/blog\/wp-content\/uploads\/2020\/03\/h-nghnghngh-1.jpg?fit=1024%2C576&ssl=1&resize=700%2C400 2x"},"classes":[]},{"id":32528,"url":"https:\/\/www.shqiperia.com\/blog\/ulerima-pikture-ikone-e-kohes-tone\/","url_meta":{"origin":39935,"position":1},"title":"\u201cUl\u00ebrima\u201d &#8211; Pikture ikon\u00eb e kohes tone &#8230;.","author":"Kurt Farka","date":"March 18, 2020","format":false,"excerpt":"\u201cUl\u00ebrima\u201d - Pikture ikon\u00eb e kohes tone .... \u201cThe Scream\u201d \u2013 \u201cUl\u00ebrima\u201d \u00ebsht\u00eb nj\u00eb prej pikturave ikon\u00eb e kohes tone \u2013 kaq ikon\u00eb, saq\u00eb ajo \u00ebsht\u00eb vjedhur m\u00eb shum\u00eb se nj\u00eb her\u00eb. Sipas autorit Edvard Munchit, \u201cUl\u00ebrima\u201d u frym\u00ebzua dit\u00ebn q\u00eb ai po sh\u00ebtiste me disa miq dhe pa \u201cq\u00eb\u2026","rel":"","context":"In &quot;Arte&quot;","block_context":{"text":"Arte","link":"https:\/\/www.shqiperia.com\/blog\/category\/arte\/"},"img":{"alt_text":"","src":"https:\/\/i0.wp.com\/www.shqiperia.com\/blog\/wp-content\/uploads\/2020\/03\/unnamed.jpg?fit=410%2C260&ssl=1&resize=350%2C200","width":350,"height":200},"classes":[]},{"id":72130,"url":"https:\/\/www.shqiperia.com\/blog\/shtatorja-e-miloshevicit-inaugurohet-ne-qender-te-moskes-prane-rezidences-se-putin-po-cfare-eshte-ajo-qe-mban-ne-dore\/","url_meta":{"origin":39935,"position":2},"title":"Shtatorja e Miloshevi\u00e7it inaugurohet n\u00eb qend\u00ebr t\u00eb Mosk\u00ebs (pran\u00eb rezidenc\u00ebs s\u00eb Putin) po \u00e7far\u00eb \u00ebsht\u00eb ajo q\u00eb mban n\u00eb dor\u00eb?!","author":"Kurt Farka","date":"June 15, 2023","format":false,"excerpt":"15 Qershor 2023 N\u00eb 14 qershor n\u00eb qend\u00ebr t\u00eb Mosk\u00ebs \u00ebsht\u00eb vendosur nj\u00eb shtatore e Slobodan Milosevic. Milosevic, nj\u00eb kriminel nd\u00ebrkomb\u00ebtar, u akuzua dhe gjykua p\u00ebr krime makabre kund\u00ebr njer\u00ebzimit n\u00eb Kosov\u00eb, n\u00eb Bosnje-Hercegovin\u00eb dhe n\u00eb Kroaci. Gazeta DITA raporton n\u00eb nj\u00eb shkrim n\u00eb numrin e sot\u00ebm se inagurimin e\u2026","rel":"","context":"In &quot;Blogu i Udh\u00ebtarit&quot;","block_context":{"text":"Blogu i Udh\u00ebtarit","link":"https:\/\/www.shqiperia.com\/blog\/category\/blogu-i-udhetarit\/"},"img":{"alt_text":"","src":"https:\/\/i0.wp.com\/www.shqiperia.com\/blog\/wp-content\/uploads\/2023\/06\/Screenshot_20230615_094116_Gallery-1.jpg?fit=1080%2C852&ssl=1&resize=350%2C200","width":350,"height":200,"srcset":"https:\/\/i0.wp.com\/www.shqiperia.com\/blog\/wp-content\/uploads\/2023\/06\/Screenshot_20230615_094116_Gallery-1.jpg?fit=1080%2C852&ssl=1&resize=350%2C200 1x, https:\/\/i0.wp.com\/www.shqiperia.com\/blog\/wp-content\/uploads\/2023\/06\/Screenshot_20230615_094116_Gallery-1.jpg?fit=1080%2C852&ssl=1&resize=525%2C300 1.5x, https:\/\/i0.wp.com\/www.shqiperia.com\/blog\/wp-content\/uploads\/2023\/06\/Screenshot_20230615_094116_Gallery-1.jpg?fit=1080%2C852&ssl=1&resize=700%2C400 2x, https:\/\/i0.wp.com\/www.shqiperia.com\/blog\/wp-content\/uploads\/2023\/06\/Screenshot_20230615_094116_Gallery-1.jpg?fit=1080%2C852&ssl=1&resize=1050%2C600 3x"},"classes":[]},{"id":66470,"url":"https:\/\/www.shqiperia.com\/blog\/nxirret-ne-shitje-vepra-e-fshehur-ne-hambar-per-ta-shpetuar-nga-nazistet\/","url_meta":{"origin":39935,"position":3},"title":"Nxirret n\u00eb shitje vepra e fshehur n\u00eb hambar p\u00ebr ta shp\u00ebtuar nga nazist\u00ebt","author":"Kurt Farka","date":"January 20, 2023","format":false,"excerpt":"20 Janar 2023 Nj\u00eb piktur\u00eb e Edvard Munch, bashk\u00eb me nj\u00eb version t\u00eb \u201cThe Scream\u201d, e fshehur n\u00eb nj\u00eb hambar p\u00ebr ta mbajtur larg duarve t\u00eb ushtar\u00ebve gjerman\u00eb, do t\u00eb shitet n\u00eb ankand dhe t\u00eb ardhurat do t\u00eb ndahen me familjen e hebreut q\u00eb u detyrua ta shiste at\u00eb duke\u2026","rel":"","context":"In &quot;Arte&quot;","block_context":{"text":"Arte","link":"https:\/\/www.shqiperia.com\/blog\/category\/arte\/"},"img":{"alt_text":"","src":"https:\/\/i0.wp.com\/www.shqiperia.com\/blog\/wp-content\/uploads\/2023\/01\/dance-beach-freia-frieze-vii-16_35885-1.jpg?fit=1200%2C409&ssl=1&resize=350%2C200","width":350,"height":200,"srcset":"https:\/\/i0.wp.com\/www.shqiperia.com\/blog\/wp-content\/uploads\/2023\/01\/dance-beach-freia-frieze-vii-16_35885-1.jpg?fit=1200%2C409&ssl=1&resize=350%2C200 1x, https:\/\/i0.wp.com\/www.shqiperia.com\/blog\/wp-content\/uploads\/2023\/01\/dance-beach-freia-frieze-vii-16_35885-1.jpg?fit=1200%2C409&ssl=1&resize=525%2C300 1.5x, https:\/\/i0.wp.com\/www.shqiperia.com\/blog\/wp-content\/uploads\/2023\/01\/dance-beach-freia-frieze-vii-16_35885-1.jpg?fit=1200%2C409&ssl=1&resize=700%2C400 2x, https:\/\/i0.wp.com\/www.shqiperia.com\/blog\/wp-content\/uploads\/2023\/01\/dance-beach-freia-frieze-vii-16_35885-1.jpg?fit=1200%2C409&ssl=1&resize=1050%2C600 3x"},"classes":[]},{"id":41512,"url":"https:\/\/www.shqiperia.com\/blog\/zbulohet-cfare-dinte-kina-per-koronavirusin-por-qe-nuk-ia-tregoi-botes\/","url_meta":{"origin":39935,"position":4},"title":"Zbulohet \u00e7far\u00eb dinte Kina p\u00ebr koronavirusin, por q\u00eb nuk ia tregoi bot\u00ebs","author":"Kurt Farka","date":"December 3, 2020","format":false,"excerpt":"Zbulohet \u00e7far\u00eb dinte Kina p\u00ebr koronavirusin, por q\u00eb nuk ia tregoi bot\u00ebs 1 DHJETOR 2020 Nj\u00eb rrjedhje e paprecedent\u00eb e dokumenteve t\u00eb brendsh\u00ebm kinez\u00eb zbulon p\u00ebr her\u00eb t\u00eb par\u00eb at\u00eb q\u00eb dinte Kina n\u00eb jav\u00ebt e para t\u00eb pandemis\u00eb Covid-19, por q\u00eb nuk ja tregoi bot\u00ebs. Nj\u00eb informator q\u00eb thuhet\u2026","rel":"","context":"In &quot;Blogu i Udh\u00ebtarit&quot;","block_context":{"text":"Blogu i Udh\u00ebtarit","link":"https:\/\/www.shqiperia.com\/blog\/category\/blogu-i-udhetarit\/"},"img":{"alt_text":"","src":"https:\/\/i0.wp.com\/www.shqiperia.com\/blog\/wp-content\/uploads\/2020\/12\/640-0-d874d997d1c891ca1ad56434ae30e071.jpg?fit=640%2C361&ssl=1&resize=350%2C200","width":350,"height":200,"srcset":"https:\/\/i0.wp.com\/www.shqiperia.com\/blog\/wp-content\/uploads\/2020\/12\/640-0-d874d997d1c891ca1ad56434ae30e071.jpg?fit=640%2C361&ssl=1&resize=350%2C200 1x, https:\/\/i0.wp.com\/www.shqiperia.com\/blog\/wp-content\/uploads\/2020\/12\/640-0-d874d997d1c891ca1ad56434ae30e071.jpg?fit=640%2C361&ssl=1&resize=525%2C300 1.5x"},"classes":[]},{"id":37821,"url":"https:\/\/www.shqiperia.com\/blog\/kjo-eshte-nder-gafat-me-te-renda-mjeku-erion-dasho-ben-deklaraten-e-forte-ndaj-komitetit-te-eksperteve-anti-covid-po-fshehin-nga-njeri-tjetri\/","url_meta":{"origin":39935,"position":5},"title":"\u201cKjo \u00ebsht\u00eb nd\u00ebr gafat m\u00eb t\u00eb r\u00ebnda\u201d, mjeku Erion Dasho b\u00ebn deklarat\u00ebn e fort\u00eb ndaj komitetit t\u00eb ekspert\u00ebve anti-COVID: Po fshehin nga nj\u00ebri-tjetri&#8230;","author":"Kurt Farka","date":"August 30, 2020","format":false,"excerpt":"\u201cKjo \u00ebsht\u00eb nd\u00ebr gafat m\u00eb t\u00eb r\u00ebnda\u201d, mjeku Erion Dasho b\u00ebn deklarat\u00ebn e fort\u00eb ndaj komitetit t\u00eb ekspert\u00ebve anti-COVID: Po fshehin nga nj\u00ebri-tjetri... 30 GUSHT 2020 Mjeku Erion Dasho ka vijuar me kritikat e tij ndaj ekspert\u00ebve anti-COVID p\u00ebr m\u00ebnyr\u00ebn se si po menaxhohet situata e pandemis\u00eb n\u00eb Shqip\u00ebri. Postimi\u2026","rel":"","context":"In &quot;Blogu i Udh\u00ebtarit&quot;","block_context":{"text":"Blogu i Udh\u00ebtarit","link":"https:\/\/www.shqiperia.com\/blog\/category\/blogu-i-udhetarit\/"},"img":{"alt_text":"","src":"https:\/\/i0.wp.com\/www.shqiperia.com\/blog\/wp-content\/uploads\/2020\/08\/800-0-5f4b8fd54a632.png?fit=800%2C480&ssl=1&resize=350%2C200","width":350,"height":200,"srcset":"https:\/\/i0.wp.com\/www.shqiperia.com\/blog\/wp-content\/uploads\/2020\/08\/800-0-5f4b8fd54a632.png?fit=800%2C480&ssl=1&resize=350%2C200 1x, https:\/\/i0.wp.com\/www.shqiperia.com\/blog\/wp-content\/uploads\/2020\/08\/800-0-5f4b8fd54a632.png?fit=800%2C480&ssl=1&resize=525%2C300 1.5x, https:\/\/i0.wp.com\/www.shqiperia.com\/blog\/wp-content\/uploads\/2020\/08\/800-0-5f4b8fd54a632.png?fit=800%2C480&ssl=1&resize=700%2C400 2x"},"classes":[]}],"_links":{"self":[{"href":"https:\/\/www.shqiperia.com\/blog\/wp-json\/wp\/v2\/posts\/39935","targetHints":{"allow":["GET"]}}],"collection":[{"href":"https:\/\/www.shqiperia.com\/blog\/wp-json\/wp\/v2\/posts"}],"about":[{"href":"https:\/\/www.shqiperia.com\/blog\/wp-json\/wp\/v2\/types\/post"}],"author":[{"embeddable":true,"href":"https:\/\/www.shqiperia.com\/blog\/wp-json\/wp\/v2\/users\/9"}],"replies":[{"embeddable":true,"href":"https:\/\/www.shqiperia.com\/blog\/wp-json\/wp\/v2\/comments?post=39935"}],"version-history":[{"count":2,"href":"https:\/\/www.shqiperia.com\/blog\/wp-json\/wp\/v2\/posts\/39935\/revisions"}],"predecessor-version":[{"id":39940,"href":"https:\/\/www.shqiperia.com\/blog\/wp-json\/wp\/v2\/posts\/39935\/revisions\/39940"}],"wp:featuredmedia":[{"embeddable":true,"href":"https:\/\/www.shqiperia.com\/blog\/wp-json\/wp\/v2\/media\/39936"}],"wp:attachment":[{"href":"https:\/\/www.shqiperia.com\/blog\/wp-json\/wp\/v2\/media?parent=39935"}],"wp:term":[{"taxonomy":"category","embeddable":true,"href":"https:\/\/www.shqiperia.com\/blog\/wp-json\/wp\/v2\/categories?post=39935"},{"taxonomy":"post_tag","embeddable":true,"href":"https:\/\/www.shqiperia.com\/blog\/wp-json\/wp\/v2\/tags?post=39935"}],"curies":[{"name":"wp","href":"https:\/\/api.w.org\/{rel}","templated":true}]}}