{"id":39690,"date":"2020-10-15T11:17:56","date_gmt":"2020-10-15T11:17:56","guid":{"rendered":"https:\/\/www.shqiperia.com\/blog\/?p=39690"},"modified":"2020-10-15T11:17:56","modified_gmt":"2020-10-15T11:17:56","slug":"maliqi-therret-lleshajn-ne-interpelance-droge-mund-te-gjejme-edhe-ne-tarracat-e-ministrive","status":"publish","type":"post","link":"https:\/\/www.shqiperia.com\/blog\/maliqi-therret-lleshajn-ne-interpelance-droge-mund-te-gjejme-edhe-ne-tarracat-e-ministrive\/","title":{"rendered":"Maliqi th\u00ebrret Lleshajn n\u00eb interpelanc\u00eb: &#8211; Drog\u00eb mund t\u00eb gjejm\u00eb edhe n\u00eb tarracat e ministrive"},"content":{"rendered":"<p><img data-recalc-dims=\"1\" loading=\"lazy\" decoding=\"async\" data-attachment-id=\"39691\" data-permalink=\"https:\/\/www.shqiperia.com\/blog\/maliqi-therret-lleshajn-ne-interpelance-droge-mund-te-gjejme-edhe-ne-tarracat-e-ministrive\/lefter-maliqi-dhe-sander-lleshaj\/\" data-orig-file=\"https:\/\/i0.wp.com\/www.shqiperia.com\/blog\/wp-content\/uploads\/2020\/10\/Lefter-Maliqi-dhe-Sander-Lleshaj.jpg?fit=780%2C402&amp;ssl=1\" data-orig-size=\"780,402\" data-comments-opened=\"1\" data-image-meta=\"{&quot;aperture&quot;:&quot;0&quot;,&quot;credit&quot;:&quot;&quot;,&quot;camera&quot;:&quot;&quot;,&quot;caption&quot;:&quot;&quot;,&quot;created_timestamp&quot;:&quot;0&quot;,&quot;copyright&quot;:&quot;&quot;,&quot;focal_length&quot;:&quot;0&quot;,&quot;iso&quot;:&quot;0&quot;,&quot;shutter_speed&quot;:&quot;0&quot;,&quot;title&quot;:&quot;&quot;,&quot;orientation&quot;:&quot;0&quot;}\" data-image-title=\"Lefter Maliqi dhe Sander Lleshaj\" data-image-description=\"\" data-image-caption=\"\" data-medium-file=\"https:\/\/i0.wp.com\/www.shqiperia.com\/blog\/wp-content\/uploads\/2020\/10\/Lefter-Maliqi-dhe-Sander-Lleshaj.jpg?fit=300%2C155&amp;ssl=1\" data-large-file=\"https:\/\/i0.wp.com\/www.shqiperia.com\/blog\/wp-content\/uploads\/2020\/10\/Lefter-Maliqi-dhe-Sander-Lleshaj.jpg?fit=780%2C402&amp;ssl=1\" class=\"alignnone  wp-image-39691\" alt=\"\" src=\"https:\/\/i0.wp.com\/www.shqiperia.com\/blog\/wp-content\/uploads\/2020\/10\/Lefter-Maliqi-dhe-Sander-Lleshaj.jpg?resize=461%2C238&#038;ssl=1\" width=\"461\" height=\"238\" srcset=\"https:\/\/i0.wp.com\/www.shqiperia.com\/blog\/wp-content\/uploads\/2020\/10\/Lefter-Maliqi-dhe-Sander-Lleshaj.jpg?resize=300%2C155&amp;ssl=1 300w, https:\/\/i0.wp.com\/www.shqiperia.com\/blog\/wp-content\/uploads\/2020\/10\/Lefter-Maliqi-dhe-Sander-Lleshaj.jpg?resize=768%2C396&amp;ssl=1 768w, https:\/\/i0.wp.com\/www.shqiperia.com\/blog\/wp-content\/uploads\/2020\/10\/Lefter-Maliqi-dhe-Sander-Lleshaj.jpg?resize=450%2C232&amp;ssl=1 450w, https:\/\/i0.wp.com\/www.shqiperia.com\/blog\/wp-content\/uploads\/2020\/10\/Lefter-Maliqi-dhe-Sander-Lleshaj.jpg?resize=600%2C309&amp;ssl=1 600w, https:\/\/i0.wp.com\/www.shqiperia.com\/blog\/wp-content\/uploads\/2020\/10\/Lefter-Maliqi-dhe-Sander-Lleshaj.jpg?resize=400%2C206&amp;ssl=1 400w, https:\/\/i0.wp.com\/www.shqiperia.com\/blog\/wp-content\/uploads\/2020\/10\/Lefter-Maliqi-dhe-Sander-Lleshaj.jpg?w=780&amp;ssl=1 780w\" sizes=\"auto, (max-width: 461px) 100vw, 461px\" \/><\/p>\n<p><strong>Maliqi th\u00ebrret Lleshajn n\u00eb interpelanc\u00eb: &#8211; Drog\u00eb mund t\u00eb gjejm\u00eb edhe n\u00eb tarracat e ministrive<\/strong><\/p>\n<p>&#8211; 15\/10\/20 |<\/p>\n<p>Ministri i Brendsh\u00ebm, Sand\u00ebr Lleshaj \u00ebsht\u00eb thirrur sot n\u00eb interpelanc\u00eb n\u00eb Kuvendin e Shqip\u00ebris\u00eb nga deputeti Lefter Maliqi. Maliqi ngriti shqet\u00ebsimin p\u00ebr ngjarjet e fundit kriminale n\u00eb vend, atentatet mafioze si dhe ekzekutimet p\u00ebr \u00e7\u00ebshtjet e kanabisit, si\u00e7 ishte rasti i dy t\u00eb rinjve n\u00eb Mal\u00ebsin\u00eb e Madhe.<\/p>\n<p>Ai tha se n\u00eb kushtet aktuale ku kanabisi \u00ebsht\u00eb p\u00ebrhapur n\u00eb t\u00eb gjith\u00eb vendin,\u00a0<em>\u201cdhe n\u00eb tarracat e ministrive mund t\u00eb gjejm\u00eb parcela droge ndonj\u00eb dit\u00eb<\/em>.<\/p>\n<p>Por Lleshaj iu p\u00ebrgjigj me ironi Maliqit pas konstatimeve t\u00eb k\u00ebtij t\u00eb fundit duke deklaruar se ndihet keqardhje q\u00eb policia kishte humbur nj\u00eb ekspert: \u201c<em>Shqip\u00ebria nuk p\u00ebrjeton nj\u00eb situat\u00eb t\u00eb r\u00ebnd\u00eb t\u00eb krimit p\u00ebrkundrazi ajo ka sot situat\u00ebn m\u00eb t\u00eb mir\u00eb t\u00eb rendit dhe siguris\u00eb s\u00eb saj. Pik\u00eb!\u201c<\/em><\/p>\n<p>Lleshaj tha se refuzon p\u00ebrpjekjet p\u00ebr t\u00eb krijuar artificialisht nj\u00eb psikoz\u00eb t\u00eb pasiguris\u00eb<\/p>\n<p><em>\u201c\u201cNuk dua t\u00eb mohoj as ngjarjet e r\u00ebnda kriminale por dua t\u00eb ftoj seriozisht ata q\u00eb e kan\u00eb seriozisht sigurin\u00eb e vendit t\u00eb mundohen p\u00ebr t\u00eb kuptuar tendenc\u00ebn e kriminalitetit n\u00eb Shqip\u00ebri.\u00a0Esht\u00eb fakt q\u00eb nuk mund t\u00eb diskutohet q\u00eb t\u00eb gjith\u00eb treguesit negativ\u00eb jan\u00eb n\u00eb r\u00ebnie t\u00eb panjohur m\u00eb par\u00eb. Ruajtja e k\u00ebtyre tendecave \u00ebsht\u00eb sfida dhe objektivi yn\u00eb kryesor. \u00cbsht\u00eb fakt se niveli i goditjs dhe zbulueshm\u00ebris\u00eb s\u00eb ngjarjeve kriminale \u00ebsht\u00eb rritur n\u00eb m\u00ebnyr\u00eb t\u00eb ndjeshme.<\/em><\/p>\n<p><em>Shum\u00eb l\u00ebmshe t\u00eb ngat\u00ebrruara nd\u00ebr vite t\u00eb krimit po zbulohen p\u00ebrdit\u00eb. Refuzoj p\u00ebrpjekjet p\u00ebr t\u00eb krijuar artificialisht nj\u00eb psikoz\u00eb t\u00eb pasiguris\u00eb n\u00eb nj\u00eb koh\u00eb q\u00eb niveli i siguris\u00eb n\u00eb vend \u00ebsht\u00eb m\u00eb i miri q\u00eb kemi psaur n\u00eb k\u00ebto dekada ndon\u00ebse larg pritshm\u00ebrive tona\u201d<\/em>, vijoi ai.<\/p>\n<p>Ministri i Brendsh\u00ebm k\u00ebrkoi q\u00eb t\u00eb mos b\u00ebhej politik\u00eb me krimin.<\/p>\n<p><em>\u201cMe gjith\u00eb p\u00ebrpjekjen sistematike t\u00eb disa segmenteve t\u00eb politik\u00ebs dhe medias p\u00ebrkat\u00ebse p\u00ebr t\u00eb mbajtur t\u00eb gjall\u00eb nj\u00eb psikoz\u00eb artificiale t\u00eb krimit t\u00eb shtuar n\u00eb vend, realiteti flet t\u00eb kund\u00ebrt\u00ebn.\u00a0Do t\u00eb k\u00ebrkoni m\u00eb kot nj\u00eb model t\u00eb ngjash\u00ebm n\u00eb bot\u00eb ku nj\u00eb mori mediash sociale e grupimesh politike prakitikisht jetojn\u00eb me kronik\u00ebn e zez\u00eb t\u00eb vendit duk e kthyer n\u00eb komunimi q\u00ebndror n\u00eb publik. Tre her\u00eb m\u00eb i lart\u00eb, 300% m\u00eb i lart\u00eb \u00ebsht\u00eb numri i vrasjeve n\u00eb Letoni sesa n\u00eb Shqip\u00ebri, e cila \u00ebsht\u00eb vend i BE-s\u00eb, sipas EUROSTAT\u201d<\/em>, shtoi Lleshaj.<\/p>\n<p>Lidhur me vrasjen e dy t\u00eb rinjve n\u00eb Mal\u00ebsin\u00eb e Madhe para disa dit\u00ebsh, ministri i Brendsh\u00ebm iu p\u00ebrgjigj opozit\u00ebs duke theksuar se b\u00ebn politik\u00eb me krimin p\u00ebr interesa elektorale.<\/p>\n<p><em>\u201cDy t\u00eb rinj u ekzektuan m\u00eb Mal\u00ebsi t\u00eb Madhe p\u00ebr shkak t\u00eb kultivimit t\u00eb kanabisit, prandaj 25 prilli \u00ebsht\u00eb dita kur Rama t\u00eb laj\u00eb borxhin e hakun e dhimbjes q\u00eb u ka shkaktuar shqiptar\u00ebve e familjeve t\u00eb tyre\u201d.\u00a0Ja k\u00ebshtu shprehej nj\u00eb z\u00ebdh\u00ebn\u00ebs i opozit\u00ebs, \u00ebsht\u00eb p\u00ebr fat t\u00eb keq parapolitik\u00eb, n\u00eb rastin m\u00eb t\u00eb mir\u00eb p\u00ebrdorimi i krimit si argument elektoral. Ngrat\u00ebrrim fatal dhe i papranuesh\u00ebm, aq m\u00eb keq ting\u00ebllojn\u00eb k\u00ebto argumente n\u00eb goj\u00ebnj e atyre q\u00eb jan\u00eb autro\u00ebt p\u00ebrgjegj\u00ebs p\u00ebr shifra trondit\u00ebse t\u00eb krimit n\u00eb periudh\u00ebn e qeverisjes s\u00eb tyre.<\/em><\/p>\n<p><em>N\u00ebse e kan\u00eb t\u00eb pamundur t\u00eb b\u00ebhen pjes\u00eb p\u00ebrpjekjes p\u00ebr zgjidhje, t\u00eb heshtin se ata q\u00eb jan\u00eb djegur nj\u00eb her\u00eb s\u2019mund t\u00eb jen\u00eb m\u00eb alternativ\u00eb, si e thot\u00eb nj\u00eb poet i madh \u201ckush \u00ebsht\u00eb djegur s\u2019mund t\u00eb ndizet m\u00eb\u201d.\u00a0Mezi jan\u00eb arritur t\u00eb shkrepen dy foto p\u00ebr disa bim\u00eb, tani kan\u00eb filluar t\u00eb paraqesin n\u00eb media filmime t\u00eb marra nga policia n\u00eb kuad\u00ebr t\u00eb operacioneve policore. 2020 sh\u00ebnoi nj\u00eb tjet\u00ebr vit t\u00eb p\u00ebrshkall\u00ebzimit t\u00eb suksessh\u00ebm t\u00eb goditjes s\u00eb kultivimit t\u00eb kanabisit<\/em>\u201d, tha Lleshaj.<\/p>\n<p>Gazeta Mapo<\/p>\n","protected":false},"excerpt":{"rendered":"<p>Maliqi th\u00ebrret Lleshajn n\u00eb interpelanc\u00eb: &#8211; Drog\u00eb mund t\u00eb gjejm\u00eb edhe n\u00eb tarracat e ministrive &#8211; 15\/10\/20 | Ministri i Brendsh\u00ebm, Sand\u00ebr Lleshaj \u00ebsht\u00eb thirrur sot n\u00eb interpelanc\u00eb n\u00eb Kuvendin e Shqip\u00ebris\u00eb nga deputeti Lefter Maliqi. Maliqi ngriti shqet\u00ebsimin p\u00ebr ngjarjet e fundit kriminale n\u00eb vend, atentatet mafioze si dhe ekzekutimet p\u00ebr \u00e7\u00ebshtjet e kanabisit, [&hellip;]<\/p>\n","protected":false},"author":9,"featured_media":39691,"comment_status":"open","ping_status":"open","sticky":false,"template":"","format":"standard","meta":{"jetpack_post_was_ever_published":false,"_jetpack_newsletter_access":"","_jetpack_dont_email_post_to_subs":false,"_jetpack_newsletter_tier_id":0,"_jetpack_memberships_contains_paywalled_content":false,"_jetpack_memberships_contains_paid_content":false,"footnotes":"","jetpack_publicize_message":"","jetpack_publicize_feature_enabled":true,"jetpack_social_post_already_shared":true,"jetpack_social_options":{"image_generator_settings":{"template":"highway","default_image_id":0,"font":"","enabled":false},"version":2}},"categories":[27,2],"tags":[],"class_list":["post-39690","post","type-post","status-publish","format-standard","has-post-thumbnail","hentry","category-blogu-i-udhetarit","category-politika"],"jetpack_publicize_connections":[],"jetpack_featured_media_url":"https:\/\/i0.wp.com\/www.shqiperia.com\/blog\/wp-content\/uploads\/2020\/10\/Lefter-Maliqi-dhe-Sander-Lleshaj.jpg?fit=780%2C402&ssl=1","jetpack_sharing_enabled":true,"jetpack_shortlink":"https:\/\/wp.me\/p5Z6wp-aka","jetpack-related-posts":[{"id":30879,"url":"https:\/\/www.shqiperia.com\/blog\/sot-levizin-elemente-kriminal-me-makina-te-blinduara-me-autorizim-te-policise-te-jap-dhe-emra-klodiana-lala-ve-ne-siklet-sander-lleshajn-ja-si-pergjigjet-minist\/","url_meta":{"origin":39690,"position":0},"title":"\u201cSot l\u00ebvizin element\u00eb kriminal me makina t\u00eb blinduara me autorizim t\u00eb Policis\u00eb, t\u00eb jap dhe emra\u201d,  Klodiana Lala v\u00eb n\u00eb \u201csiklet\u201d Sand\u00ebr Lleshajn, ja si p\u00ebrgjigjet ministri","author":"Kurt Farka","date":"January 30, 2020","format":false,"excerpt":"\u201cSot l\u00ebvizin element\u00eb kriminal me makina t\u00eb blinduara me autorizim t\u00eb Policis\u00eb, t\u00eb jap dhe emra\u201d, Klodiana Lala v\u00eb n\u00eb \u201csiklet\u201d Sand\u00ebr Lleshajn, ja si p\u00ebrgjigjet ministri 25\/11\/2019 - Klodiana Lala teksa po komentonte paket\u00ebn \u201cANTIK\u00c7K\u201d tha se sot l\u00ebvizni emra t\u00eb caktuar t\u00eb bot\u00ebs s\u00eb krimit me makina t\u00eb\u2026","rel":"","context":"In &quot;Blogu i Udh\u00ebtarit&quot;","block_context":{"text":"Blogu i Udh\u00ebtarit","link":"https:\/\/www.shqiperia.com\/blog\/category\/blogu-i-udhetarit\/"},"img":{"alt_text":"","src":"https:\/\/i0.wp.com\/www.shqiperia.com\/blog\/wp-content\/uploads\/2020\/01\/safe_image.jpg?fit=540%2C281&ssl=1&resize=350%2C200","width":350,"height":200,"srcset":"https:\/\/i0.wp.com\/www.shqiperia.com\/blog\/wp-content\/uploads\/2020\/01\/safe_image.jpg?fit=540%2C281&ssl=1&resize=350%2C200 1x, https:\/\/i0.wp.com\/www.shqiperia.com\/blog\/wp-content\/uploads\/2020\/01\/safe_image.jpg?fit=540%2C281&ssl=1&resize=525%2C300 1.5x"},"classes":[]},{"id":26519,"url":"https:\/\/www.shqiperia.com\/blog\/komisioni-i-venecias-seshte-per-te-gjykuar-sigurine-kombetare-ne-vend-lefter-maliqi-zbulon-detaje-cfare-do-ndodhte-nese-meta-nuk-do-anulonte-30-qershorin\/","url_meta":{"origin":39690,"position":1},"title":"\u201cKomisioni i Venecias s\u2019\u00ebsht\u00eb p\u00ebr t\u00eb gjykuar sigurin\u00eb komb\u00ebtare n\u00eb vend\u201d- Lefter Maliqi zbulon detaje: \u00c7far\u00eb do ndodhte n\u00ebse Meta nuk do anulonte 30 qershorin. &#8211;","author":"Kurt Farka","date":"September 30, 2019","format":false,"excerpt":"\u201cKomisioni i Venecias s\u2019\u00ebsht\u00eb p\u00ebr t\u00eb gjykuar sigurin\u00eb komb\u00ebtare n\u00eb vend\u201d- Lefter Maliqi zbulon detaje: \u00c7far\u00eb do ndodhte n\u00ebse Meta nuk do anulonte 30 qershorin 30 shtator 2019 Deputeti i Kuvendit t\u00eb Republik\u00ebs, Lefter Maliqi u ndal te zhvillimet e fundit politike n\u00eb vend, nd\u00ebrsa foli edhe p\u00ebr raportin e\u2026","rel":"","context":"In &quot;Blogu i Udh\u00ebtarit&quot;","block_context":{"text":"Blogu i Udh\u00ebtarit","link":"https:\/\/www.shqiperia.com\/blog\/category\/blogu-i-udhetarit\/"},"img":{"alt_text":"","src":"https:\/\/i0.wp.com\/www.shqiperia.com\/blog\/wp-content\/uploads\/2019\/09\/Lefter-Maliqi-.jpg?fit=433%2C243&ssl=1&resize=350%2C200","width":350,"height":200},"classes":[]},{"id":39237,"url":"https:\/\/www.shqiperia.com\/blog\/lefter-maliqi-paralajmeron-zhvillime-te-bujshme-zbardhet-thirrja-urgjente-qe-ka-per-deputetet-edhe-pak-ore-na-ndajne-nga-seanca-plenare\/","url_meta":{"origin":39690,"position":2},"title":"Lefter Maliqi paralajm\u00ebron zhvillime t\u00eb bujshme, zbardhet thirrja urgjente q\u00eb ka p\u00ebr deputet\u00ebt: Edhe pak or\u00eb na ndajn\u00eb nga seanca plenare&#8230;","author":"Kurt Farka","date":"October 4, 2020","format":false,"excerpt":"Lefter Maliqi paralajm\u00ebron zhvillime t\u00eb bujshme, zbardhet thirrja urgjente q\u00eb ka p\u00ebr deputet\u00ebt: Edhe pak or\u00eb na ndajn\u00eb nga seanca plenare... 4 TETOR 2020 \u201c \u2026Ai ka edhe nj\u00eb thirrje p\u00ebr qytetar\u00ebt ku b\u00ebn thirrje q\u00eb n\u00ebse nes\u00ebr ai draft do t\u00eb kaloj\u00eb t\u00eb ngrihen n\u00eb revolucion.\u201d Deputeti Lefter Maliqi\u2026","rel":"","context":"In &quot;Blogu i Udh\u00ebtarit&quot;","block_context":{"text":"Blogu i Udh\u00ebtarit","link":"https:\/\/www.shqiperia.com\/blog\/category\/blogu-i-udhetarit\/"},"img":{"alt_text":"","src":"https:\/\/i0.wp.com\/www.shqiperia.com\/blog\/wp-content\/uploads\/2020\/10\/800-0-5f7a103412a4b.jpg?fit=800%2C406&ssl=1&resize=350%2C200","width":350,"height":200,"srcset":"https:\/\/i0.wp.com\/www.shqiperia.com\/blog\/wp-content\/uploads\/2020\/10\/800-0-5f7a103412a4b.jpg?fit=800%2C406&ssl=1&resize=350%2C200 1x, https:\/\/i0.wp.com\/www.shqiperia.com\/blog\/wp-content\/uploads\/2020\/10\/800-0-5f7a103412a4b.jpg?fit=800%2C406&ssl=1&resize=525%2C300 1.5x, https:\/\/i0.wp.com\/www.shqiperia.com\/blog\/wp-content\/uploads\/2020\/10\/800-0-5f7a103412a4b.jpg?fit=800%2C406&ssl=1&resize=700%2C400 2x"},"classes":[]},{"id":76674,"url":"https:\/\/www.shqiperia.com\/blog\/riaktivizimi-i-vatres-se-zjarrit-ne-lushnje-zjarrfikesit-vendosen-ne-tarracat-e-pallateve-forcave-zjarrfikese-i-ka-ardhur-ndihme-edhe-ushtria\/","url_meta":{"origin":39690,"position":3},"title":"Riaktivizimi i vatr\u00ebs s\u00eb zjarrit n\u00eb Lushnje\/ Zjarrfik\u00ebsit vendosen n\u00eb tarracat e pallateve. &#8211; Forcave zjarrfik\u00ebse i ka ardhur ndihm\u00eb edhe ushtria.","author":"Kurt Farka","date":"December 25, 2023","format":false,"excerpt":"\u00a025 Dhjetor 2023 | 22:54 Situata n\u00eb pallatin 12-kat\u00ebsh n\u00eb qytetin e Lushnjes, ka dal\u00eb s\u00ebrish jasht\u00eb kontrollit, pasi riaktivizimi i nj\u00ebr\u00ebs prej vatrave t\u00eb zjarrit ka marr\u00eb p\u00ebrmasa t\u00eb m\u00ebdha. Flak\u00ebt kan\u00eb p\u00ebrfshir\u00eb dy kate t\u00eb godin\u00ebs, t\u00eb tret\u00ebn dhe kat\u00ebrtin, me k\u00ebt\u00eb t\u00eb fundit i cili ka 100\u2026","rel":"","context":"In &quot;Blogu i Udh\u00ebtarit&quot;","block_context":{"text":"Blogu i Udh\u00ebtarit","link":"https:\/\/www.shqiperia.com\/blog\/category\/blogu-i-udhetarit\/"},"img":{"alt_text":"","src":"https:\/\/i0.wp.com\/www.shqiperia.com\/blog\/wp-content\/uploads\/2023\/12\/567567.jpg?fit=1200%2C750&ssl=1&resize=350%2C200","width":350,"height":200,"srcset":"https:\/\/i0.wp.com\/www.shqiperia.com\/blog\/wp-content\/uploads\/2023\/12\/567567.jpg?fit=1200%2C750&ssl=1&resize=350%2C200 1x, https:\/\/i0.wp.com\/www.shqiperia.com\/blog\/wp-content\/uploads\/2023\/12\/567567.jpg?fit=1200%2C750&ssl=1&resize=525%2C300 1.5x, https:\/\/i0.wp.com\/www.shqiperia.com\/blog\/wp-content\/uploads\/2023\/12\/567567.jpg?fit=1200%2C750&ssl=1&resize=700%2C400 2x, https:\/\/i0.wp.com\/www.shqiperia.com\/blog\/wp-content\/uploads\/2023\/12\/567567.jpg?fit=1200%2C750&ssl=1&resize=1050%2C600 3x"},"classes":[]},{"id":47759,"url":"https:\/\/www.shqiperia.com\/blog\/lefter-maliqi-ilir-meten-do-e-keni-edhe-30-vite-ne-politike-dhe-kryeminister-rama-si-esad-toptani\/","url_meta":{"origin":39690,"position":4},"title":"Lefter Maliqi: &#8211; Ilir Met\u00ebn do e keni edhe 30 vite n\u00eb politik\u00eb dhe kryeminist\u00ebr, Rama si Esad Toptani","author":"Kurt Farka","date":"June 9, 2021","format":false,"excerpt":"Lefter Maliqi: - Ilir Met\u00ebn do e keni edhe 30 vite n\u00eb politik\u00eb dhe kryeminist\u00ebr, Rama si Esad Toptani 9 QERSHOR 2021 Deputeti Lefter Maliqi n\u00eb seanc\u00ebn e sotme parlamentare ka qen\u00eb kund\u00ebr nism\u00ebs p\u00ebr shkarkimin e presidentit Ilir Meta, duke e cil\u00ebsuar si nj\u00eb flet\u00ebrrufe. Madje ai deklaroi se\u2026","rel":"","context":"In &quot;Blogu i Udh\u00ebtarit&quot;","block_context":{"text":"Blogu i Udh\u00ebtarit","link":"https:\/\/www.shqiperia.com\/blog\/category\/blogu-i-udhetarit\/"},"img":{"alt_text":"","src":"https:\/\/i0.wp.com\/www.shqiperia.com\/blog\/wp-content\/uploads\/2021\/06\/640-0-60c09f453ee15.jpg?fit=640%2C373&ssl=1&resize=350%2C200","width":350,"height":200,"srcset":"https:\/\/i0.wp.com\/www.shqiperia.com\/blog\/wp-content\/uploads\/2021\/06\/640-0-60c09f453ee15.jpg?fit=640%2C373&ssl=1&resize=350%2C200 1x, https:\/\/i0.wp.com\/www.shqiperia.com\/blog\/wp-content\/uploads\/2021\/06\/640-0-60c09f453ee15.jpg?fit=640%2C373&ssl=1&resize=525%2C300 1.5x"},"classes":[]},{"id":25680,"url":"https:\/\/www.shqiperia.com\/blog\/shkarkimi-i-presidentit-maliqi-show-mediatik-komisioni-meta-burre-shteti-te-merr-ne-pyetje-manja-qe-vodhi-votat\/","url_meta":{"origin":39690,"position":5},"title":"\u201cShkarkimi\u201d i Presidentit, Maliqi: Show mediatik komisioni, Meta burr\u00eb shteti, t\u00eb merr n\u00eb pyetje Manja q\u00eb vodhi votat","author":"Kurt Farka","date":"September 9, 2019","format":false,"excerpt":"\u201cShkarkimi\u201d i Presidentit, Maliqi: Show mediatik komisioni, Meta burr\u00eb shteti, t\u00eb merr n\u00eb pyetje Manja q\u00eb vodhi votat. 9 Shtator, 2019 Nga Lefter Maliqi. Tiran\u00eb-\u00a0Deputeti Lefter Maliqi n\u00eb nj\u00eb deklarat\u00eb p\u00ebr mediet ka deklaruar se votimi unanim ndaj rezolut\u00ebs p\u00ebr shkarkimin\u00a0 e Presidentit \u00ebsht\u00eb i paligjsh\u00ebm. Ai ka theksuar se\u2026","rel":"","context":"In &quot;Blogu i Udh\u00ebtarit&quot;","block_context":{"text":"Blogu i Udh\u00ebtarit","link":"https:\/\/www.shqiperia.com\/blog\/category\/blogu-i-udhetarit\/"},"img":{"alt_text":"","src":"https:\/\/i0.wp.com\/www.shqiperia.com\/blog\/wp-content\/uploads\/2019\/09\/70593063_2416111465170914_7749516733211213824_n-1.jpg?fit=850%2C643&ssl=1&resize=350%2C200","width":350,"height":200,"srcset":"https:\/\/i0.wp.com\/www.shqiperia.com\/blog\/wp-content\/uploads\/2019\/09\/70593063_2416111465170914_7749516733211213824_n-1.jpg?fit=850%2C643&ssl=1&resize=350%2C200 1x, https:\/\/i0.wp.com\/www.shqiperia.com\/blog\/wp-content\/uploads\/2019\/09\/70593063_2416111465170914_7749516733211213824_n-1.jpg?fit=850%2C643&ssl=1&resize=525%2C300 1.5x, https:\/\/i0.wp.com\/www.shqiperia.com\/blog\/wp-content\/uploads\/2019\/09\/70593063_2416111465170914_7749516733211213824_n-1.jpg?fit=850%2C643&ssl=1&resize=700%2C400 2x"},"classes":[]}],"_links":{"self":[{"href":"https:\/\/www.shqiperia.com\/blog\/wp-json\/wp\/v2\/posts\/39690","targetHints":{"allow":["GET"]}}],"collection":[{"href":"https:\/\/www.shqiperia.com\/blog\/wp-json\/wp\/v2\/posts"}],"about":[{"href":"https:\/\/www.shqiperia.com\/blog\/wp-json\/wp\/v2\/types\/post"}],"author":[{"embeddable":true,"href":"https:\/\/www.shqiperia.com\/blog\/wp-json\/wp\/v2\/users\/9"}],"replies":[{"embeddable":true,"href":"https:\/\/www.shqiperia.com\/blog\/wp-json\/wp\/v2\/comments?post=39690"}],"version-history":[{"count":1,"href":"https:\/\/www.shqiperia.com\/blog\/wp-json\/wp\/v2\/posts\/39690\/revisions"}],"predecessor-version":[{"id":39692,"href":"https:\/\/www.shqiperia.com\/blog\/wp-json\/wp\/v2\/posts\/39690\/revisions\/39692"}],"wp:featuredmedia":[{"embeddable":true,"href":"https:\/\/www.shqiperia.com\/blog\/wp-json\/wp\/v2\/media\/39691"}],"wp:attachment":[{"href":"https:\/\/www.shqiperia.com\/blog\/wp-json\/wp\/v2\/media?parent=39690"}],"wp:term":[{"taxonomy":"category","embeddable":true,"href":"https:\/\/www.shqiperia.com\/blog\/wp-json\/wp\/v2\/categories?post=39690"},{"taxonomy":"post_tag","embeddable":true,"href":"https:\/\/www.shqiperia.com\/blog\/wp-json\/wp\/v2\/tags?post=39690"}],"curies":[{"name":"wp","href":"https:\/\/api.w.org\/{rel}","templated":true}]}}