{"id":39686,"date":"2020-10-15T11:04:33","date_gmt":"2020-10-15T11:04:33","guid":{"rendered":"https:\/\/www.shqiperia.com\/blog\/?p=39686"},"modified":"2020-10-15T11:04:33","modified_gmt":"2020-10-15T11:04:33","slug":"po-vjen-stuhia-ja-qytetet-e-shqiperise-qe-pritet-te-preken-sot-nga-stuhia-dhe-shtrengatat-e-shiut","status":"publish","type":"post","link":"https:\/\/www.shqiperia.com\/blog\/po-vjen-stuhia-ja-qytetet-e-shqiperise-qe-pritet-te-preken-sot-nga-stuhia-dhe-shtrengatat-e-shiut\/","title":{"rendered":"\u201cPo vjen stuhia\u201d, ja qytetet e Shqip\u00ebris\u00eb q\u00eb pritet t\u00eb preken sot nga stuhia dhe shtr\u00ebngatat e shiut"},"content":{"rendered":"<p><img data-recalc-dims=\"1\" loading=\"lazy\" decoding=\"async\" data-attachment-id=\"39687\" data-permalink=\"https:\/\/www.shqiperia.com\/blog\/po-vjen-stuhia-ja-qytetet-e-shqiperise-qe-pritet-te-preken-sot-nga-stuhia-dhe-shtrengatat-e-shiut\/stuhi\/\" data-orig-file=\"https:\/\/i0.wp.com\/www.shqiperia.com\/blog\/wp-content\/uploads\/2020\/10\/Stuhi.jpg?fit=292%2C172&amp;ssl=1\" data-orig-size=\"292,172\" data-comments-opened=\"1\" data-image-meta=\"{&quot;aperture&quot;:&quot;0&quot;,&quot;credit&quot;:&quot;&quot;,&quot;camera&quot;:&quot;&quot;,&quot;caption&quot;:&quot;&quot;,&quot;created_timestamp&quot;:&quot;0&quot;,&quot;copyright&quot;:&quot;&quot;,&quot;focal_length&quot;:&quot;0&quot;,&quot;iso&quot;:&quot;0&quot;,&quot;shutter_speed&quot;:&quot;0&quot;,&quot;title&quot;:&quot;&quot;,&quot;orientation&quot;:&quot;0&quot;}\" data-image-title=\"Stuhi\" data-image-description=\"\" data-image-caption=\"\" data-medium-file=\"https:\/\/i0.wp.com\/www.shqiperia.com\/blog\/wp-content\/uploads\/2020\/10\/Stuhi.jpg?fit=292%2C172&amp;ssl=1\" data-large-file=\"https:\/\/i0.wp.com\/www.shqiperia.com\/blog\/wp-content\/uploads\/2020\/10\/Stuhi.jpg?fit=292%2C172&amp;ssl=1\" class=\"alignnone  wp-image-39687\" alt=\"\" src=\"https:\/\/i0.wp.com\/www.shqiperia.com\/blog\/wp-content\/uploads\/2020\/10\/Stuhi.jpg?resize=469%2C276&#038;ssl=1\" width=\"469\" height=\"276\" \/><\/p>\n<p>\u201cPo vjen stuhia\u201d, ja qytetet e Shqip\u00ebris\u00eb q\u00eb pritet t\u00eb preken sot nga stuhia dhe shtr\u00ebngatat e shiut<\/p>\n<p>15 TETOR 2020<\/p>\n<p>Moti i keq nuk do t\u2019i ndahet vendit ton\u00eb, t\u00eb pakt\u00ebn deri nes\u00ebr. Si\u00e7 raportojn\u00eb mediat e rajonit, rryma ajri q\u00eb vijn\u00eb nga veriu do t\u00eb sjellin sasi t\u00eb m\u00ebdha shiu n\u00eb pjes\u00ebn veriore si edhe n\u00eb at\u00eb veri-per\u00ebndimore t\u00eb Shqip\u00ebris\u00eb.<\/p>\n<p>Fenomeni pritet t\u00eb kap\u00eb kulmin gjat\u00eb pasdites dhe nat\u00ebs s\u00eb sotme me sasi t\u00eb m\u00ebdha shiu n\u00eb zonat n\u00eb fjal\u00eb.<\/p>\n<p>Parashikohet q\u00eb n\u00eb k\u00ebto zona t\u00eb bjere 10-20 mm shi brenda or\u00ebs, shoq\u00ebruar me rrufe t\u00eb shumta.Stuhia pritet t\u00eb jet\u00eb m\u00eb e fort\u00eb n\u00eb Shkod\u00ebr, Lezh\u00eb, Tiran\u00eb, apo Durr\u00ebs.<\/p>\n<p><img data-recalc-dims=\"1\" loading=\"lazy\" decoding=\"async\" data-attachment-id=\"39688\" data-permalink=\"https:\/\/www.shqiperia.com\/blog\/po-vjen-stuhia-ja-qytetet-e-shqiperise-qe-pritet-te-preken-sot-nga-stuhia-dhe-shtrengatat-e-shiut\/800-0-676f101a036eb15311d5dd0bfb06344b\/\" data-orig-file=\"https:\/\/i0.wp.com\/www.shqiperia.com\/blog\/wp-content\/uploads\/2020\/10\/800-0-676f101a036eb15311d5dd0bfb06344b.jpg?fit=800%2C480&amp;ssl=1\" data-orig-size=\"800,480\" data-comments-opened=\"1\" data-image-meta=\"{&quot;aperture&quot;:&quot;0&quot;,&quot;credit&quot;:&quot;&quot;,&quot;camera&quot;:&quot;&quot;,&quot;caption&quot;:&quot;&quot;,&quot;created_timestamp&quot;:&quot;0&quot;,&quot;copyright&quot;:&quot;&quot;,&quot;focal_length&quot;:&quot;0&quot;,&quot;iso&quot;:&quot;0&quot;,&quot;shutter_speed&quot;:&quot;0&quot;,&quot;title&quot;:&quot;&quot;,&quot;orientation&quot;:&quot;0&quot;}\" data-image-title=\"-800-0-676f101a036eb15311d5dd0bfb06344b\" data-image-description=\"\" data-image-caption=\"\" data-medium-file=\"https:\/\/i0.wp.com\/www.shqiperia.com\/blog\/wp-content\/uploads\/2020\/10\/800-0-676f101a036eb15311d5dd0bfb06344b.jpg?fit=300%2C180&amp;ssl=1\" data-large-file=\"https:\/\/i0.wp.com\/www.shqiperia.com\/blog\/wp-content\/uploads\/2020\/10\/800-0-676f101a036eb15311d5dd0bfb06344b.jpg?fit=800%2C480&amp;ssl=1\" class=\"alignnone  wp-image-39688\" alt=\"\" src=\"https:\/\/i0.wp.com\/www.shqiperia.com\/blog\/wp-content\/uploads\/2020\/10\/800-0-676f101a036eb15311d5dd0bfb06344b.jpg?resize=578%2C347&#038;ssl=1\" width=\"578\" height=\"347\" srcset=\"https:\/\/i0.wp.com\/www.shqiperia.com\/blog\/wp-content\/uploads\/2020\/10\/800-0-676f101a036eb15311d5dd0bfb06344b.jpg?resize=300%2C180&amp;ssl=1 300w, https:\/\/i0.wp.com\/www.shqiperia.com\/blog\/wp-content\/uploads\/2020\/10\/800-0-676f101a036eb15311d5dd0bfb06344b.jpg?resize=768%2C461&amp;ssl=1 768w, https:\/\/i0.wp.com\/www.shqiperia.com\/blog\/wp-content\/uploads\/2020\/10\/800-0-676f101a036eb15311d5dd0bfb06344b.jpg?resize=450%2C270&amp;ssl=1 450w, https:\/\/i0.wp.com\/www.shqiperia.com\/blog\/wp-content\/uploads\/2020\/10\/800-0-676f101a036eb15311d5dd0bfb06344b.jpg?resize=600%2C360&amp;ssl=1 600w, https:\/\/i0.wp.com\/www.shqiperia.com\/blog\/wp-content\/uploads\/2020\/10\/800-0-676f101a036eb15311d5dd0bfb06344b.jpg?resize=400%2C240&amp;ssl=1 400w, https:\/\/i0.wp.com\/www.shqiperia.com\/blog\/wp-content\/uploads\/2020\/10\/800-0-676f101a036eb15311d5dd0bfb06344b.jpg?w=800&amp;ssl=1 800w\" sizes=\"auto, (max-width: 578px) 100vw, 578px\" \/><\/p>\n<p>Gjat\u00eb dit\u00ebve q\u00eb sapo kaluam, reshjet e dendura t\u00eb shiut shkaktuan p\u00ebrmbytje lokale n\u00eb Durr\u00ebs.<\/p>\n<p>Gazeta Sot<\/p>\n","protected":false},"excerpt":{"rendered":"<p>\u201cPo vjen stuhia\u201d, ja qytetet e Shqip\u00ebris\u00eb q\u00eb pritet t\u00eb preken sot nga stuhia dhe shtr\u00ebngatat e shiut 15 TETOR 2020 Moti i keq nuk do t\u2019i ndahet vendit ton\u00eb, t\u00eb pakt\u00ebn deri nes\u00ebr. Si\u00e7 raportojn\u00eb mediat e rajonit, rryma ajri q\u00eb vijn\u00eb nga veriu do t\u00eb sjellin sasi t\u00eb m\u00ebdha shiu n\u00eb pjes\u00ebn veriore [&hellip;]<\/p>\n","protected":false},"author":9,"featured_media":39687,"comment_status":"open","ping_status":"open","sticky":false,"template":"","format":"standard","meta":{"jetpack_post_was_ever_published":false,"_jetpack_newsletter_access":"","_jetpack_dont_email_post_to_subs":false,"_jetpack_newsletter_tier_id":0,"_jetpack_memberships_contains_paywalled_content":false,"_jetpack_memberships_contains_paid_content":false,"footnotes":"","jetpack_publicize_message":"","jetpack_publicize_feature_enabled":true,"jetpack_social_post_already_shared":true,"jetpack_social_options":{"image_generator_settings":{"template":"highway","default_image_id":0,"font":"","enabled":false},"version":2}},"categories":[27,35],"tags":[],"class_list":["post-39686","post","type-post","status-publish","format-standard","has-post-thumbnail","hentry","category-blogu-i-udhetarit","category-shoqerore"],"jetpack_publicize_connections":[],"jetpack_featured_media_url":"https:\/\/i0.wp.com\/www.shqiperia.com\/blog\/wp-content\/uploads\/2020\/10\/Stuhi.jpg?fit=292%2C172&ssl=1","jetpack_sharing_enabled":true,"jetpack_shortlink":"https:\/\/wp.me\/p5Z6wp-ak6","jetpack-related-posts":[{"id":59196,"url":"https:\/\/www.shqiperia.com\/blog\/cudit-moti-stuhia-vjen-ne-shqiperi-ja-zonat-qe-do-te-preken\/","url_meta":{"origin":39686,"position":0},"title":"&#8220;\u00c7udit&#8221; moti, stuhia vjen n\u00eb Shqip\u00ebri, ja zonat q\u00eb do t\u00eb preken","author":"Kurt Farka","date":"June 17, 2022","format":false,"excerpt":"17 Qershor 2022 N\u00eb k\u00ebto \u00e7aste n\u00eb Mal t\u00eb Zi dhe Serbin\u00eb jugper\u00ebndimore jan\u00eb krijuar disa stuhi t\u00eb izoluara shiu me vet\u00ebtima dhe bubullim\u00eb dhe n\u00eb or\u00ebt e ardhshme gradualisht pritet t\u00eb formohen edhe n\u00eb Kosov\u00eb, veri dhe lindje t\u00eb Shqip\u00ebris\u00eb si dhe n\u00eb Maqedonin\u00eb Veriore. Vran\u00ebsirat dhe disa rrebeshe\u2026","rel":"","context":"In &quot;Blogu i Udh\u00ebtarit&quot;","block_context":{"text":"Blogu i Udh\u00ebtarit","link":"https:\/\/www.shqiperia.com\/blog\/category\/blogu-i-udhetarit\/"},"img":{"alt_text":"","src":"https:\/\/i0.wp.com\/www.shqiperia.com\/blog\/wp-content\/uploads\/2022\/06\/Cudit-moti-stuhia-vjen-ne-Shqiperi-ja-zonat-qe-do-te-preken.jpg?fit=800%2C400&ssl=1&resize=350%2C200","width":350,"height":200,"srcset":"https:\/\/i0.wp.com\/www.shqiperia.com\/blog\/wp-content\/uploads\/2022\/06\/Cudit-moti-stuhia-vjen-ne-Shqiperi-ja-zonat-qe-do-te-preken.jpg?fit=800%2C400&ssl=1&resize=350%2C200 1x, https:\/\/i0.wp.com\/www.shqiperia.com\/blog\/wp-content\/uploads\/2022\/06\/Cudit-moti-stuhia-vjen-ne-Shqiperi-ja-zonat-qe-do-te-preken.jpg?fit=800%2C400&ssl=1&resize=525%2C300 1.5x, https:\/\/i0.wp.com\/www.shqiperia.com\/blog\/wp-content\/uploads\/2022\/06\/Cudit-moti-stuhia-vjen-ne-Shqiperi-ja-zonat-qe-do-te-preken.jpg?fit=800%2C400&ssl=1&resize=700%2C400 2x"},"classes":[]},{"id":51728,"url":"https:\/\/www.shqiperia.com\/blog\/po-vjen-stuhia-me-bubullima-qytetet-qe-do-te-godase-sonte-dhe-neser\/","url_meta":{"origin":39686,"position":1},"title":"Po vjen stuhia me bubullima, qytetet q\u00eb do t\u00eb godas\u00eb sonte dhe nes\u00ebr","author":"Kurt Farka","date":"November 26, 2021","format":false,"excerpt":"Po vjen stuhia me bubullima, qytetet q\u00eb do t\u00eb godas\u00eb sonte dhe nes\u00ebr 25 n\u00ebntor 2021 Duke filluar nga mbr\u00ebmja e sotme (25 Nentor) nj\u00eb pjes\u00eb e territorit shqiptar do t\u00eb p\u00ebrfshihet nga reshjet e dendura t\u00eb shiut dhe stuhia q\u00eb do t\u00eb kulmoj\u00eb nes\u00ebr. Furtuna po vjen nga Jugu\u2026","rel":"","context":"In &quot;Blogu i Udh\u00ebtarit&quot;","block_context":{"text":"Blogu i Udh\u00ebtarit","link":"https:\/\/www.shqiperia.com\/blog\/category\/blogu-i-udhetarit\/"},"img":{"alt_text":"","src":"https:\/\/i0.wp.com\/www.shqiperia.com\/blog\/wp-content\/uploads\/2021\/11\/Screenshot_7-12.png?fit=610%2C348&ssl=1&resize=350%2C200","width":350,"height":200,"srcset":"https:\/\/i0.wp.com\/www.shqiperia.com\/blog\/wp-content\/uploads\/2021\/11\/Screenshot_7-12.png?fit=610%2C348&ssl=1&resize=350%2C200 1x, https:\/\/i0.wp.com\/www.shqiperia.com\/blog\/wp-content\/uploads\/2021\/11\/Screenshot_7-12.png?fit=610%2C348&ssl=1&resize=525%2C300 1.5x"},"classes":[]},{"id":58213,"url":"https:\/\/www.shqiperia.com\/blog\/nje-stuhi-moti-po-vjen-ne-ballkan-pergatituni-per-pergatituni-per\/","url_meta":{"origin":39686,"position":2},"title":"Nj\u00eb stuhi moti po vjen n\u00eb Ballkan, p\u00ebrgatituni p\u00ebr&#8230; &#8211; P\u00ebrgatituni p\u00ebr&#8230;","author":"Kurt Farka","date":"May 27, 2022","format":false,"excerpt":"27 MAJ 2022 Sistemi evropian i paralajm\u00ebrimit t\u00eb stuhis\u00eb, ka dh\u00ebn\u00eb alarmin p\u00ebr nj\u00eb stuhi t\u00eb 'shkall\u00ebs s\u00eb par\u00eb' q\u00eb pritet t\u00eb p\u00ebrfshij\u00eb rajonin e Ballkanit. Sipas t\u00eb dh\u00ebnave t\u00eb publikuara n\u00eb faqen e tyre t\u00eb internetit, stuhia do t\u00eb sjell\u00eb reshje shiu dhe er\u00ebra t\u00eb forta. Stuhia do t\u00eb\u2026","rel":"","context":"In &quot;Njoftime Shtypi&quot;","block_context":{"text":"Njoftime Shtypi","link":"https:\/\/www.shqiperia.com\/blog\/category\/njoftime-shtypi\/"},"img":{"alt_text":"","src":"https:\/\/i0.wp.com\/www.shqiperia.com\/blog\/wp-content\/uploads\/2022\/05\/Nje-stuhi-e-madhe-po-vjen-ne-Ballkan-pergatituni-per....png?fit=686%2C371&ssl=1&resize=350%2C200","width":350,"height":200,"srcset":"https:\/\/i0.wp.com\/www.shqiperia.com\/blog\/wp-content\/uploads\/2022\/05\/Nje-stuhi-e-madhe-po-vjen-ne-Ballkan-pergatituni-per....png?fit=686%2C371&ssl=1&resize=350%2C200 1x, https:\/\/i0.wp.com\/www.shqiperia.com\/blog\/wp-content\/uploads\/2022\/05\/Nje-stuhi-e-madhe-po-vjen-ne-Ballkan-pergatituni-per....png?fit=686%2C371&ssl=1&resize=525%2C300 1.5x"},"classes":[]},{"id":38938,"url":"https:\/\/www.shqiperia.com\/blog\/na-presin-rrebeshe-te-medha-shiu-lumenjte-qe-rrezikohen-te-dalin-nga-shtrati-parashikimi-5-ditor-i-sinoptikaneve-ja-cpritet-ne-keto-qytete\/","url_meta":{"origin":39686,"position":3},"title":"Na presin rrebeshe t\u00eb m\u00ebdha shiu\u2026 lumenjt\u00eb q\u00eb rrezikohen t\u00eb dalin nga shtrati. Parashikimi 5 ditor i sinoptikan\u00ebve. Ja \u00e7&#8217;pritet n\u00eb k\u00ebto qytete","author":"Kurt Farka","date":"September 26, 2020","format":false,"excerpt":"Na presin rrebeshe t\u00eb m\u00ebdha shiu\u2026 lumenjt\u00eb q\u00eb rrezikohen t\u00eb dalin nga shtrati. Parashikimi 5 ditor i sinoptikan\u00ebve. Ja \u00e7'pritet n\u00eb k\u00ebto qytete 26 SHTATOR 2020 Reshjet e forta t\u00eb shiut jan\u00eb vet\u00ebm fillimi i p\u00ebrkeq\u00ebsimit t\u00eb motit, pasi pritet t\u00eb jen\u00eb m\u00eb t\u00eb forta gjat\u00eb dit\u00ebs s\u00eb diel dhe\u2026","rel":"","context":"In &quot;Blogu i Udh\u00ebtarit&quot;","block_context":{"text":"Blogu i Udh\u00ebtarit","link":"https:\/\/www.shqiperia.com\/blog\/category\/blogu-i-udhetarit\/"},"img":{"alt_text":"","src":"https:\/\/i0.wp.com\/www.shqiperia.com\/blog\/wp-content\/uploads\/2020\/09\/800-0-5f6f2f9371165.jpg?fit=800%2C445&ssl=1&resize=350%2C200","width":350,"height":200,"srcset":"https:\/\/i0.wp.com\/www.shqiperia.com\/blog\/wp-content\/uploads\/2020\/09\/800-0-5f6f2f9371165.jpg?fit=800%2C445&ssl=1&resize=350%2C200 1x, https:\/\/i0.wp.com\/www.shqiperia.com\/blog\/wp-content\/uploads\/2020\/09\/800-0-5f6f2f9371165.jpg?fit=800%2C445&ssl=1&resize=525%2C300 1.5x, https:\/\/i0.wp.com\/www.shqiperia.com\/blog\/wp-content\/uploads\/2020\/09\/800-0-5f6f2f9371165.jpg?fit=800%2C445&ssl=1&resize=700%2C400 2x"},"classes":[]},{"id":52159,"url":"https:\/\/www.shqiperia.com\/blog\/pas-dy-diteve-me-diell-sot-vjen-stuhia-nga-adriatiku-oraret-kur-pritet-te-godase-tiranen-dhe-rrethet\/","url_meta":{"origin":39686,"position":4},"title":"Pas dy dit\u00ebve me diell sot vjen stuhia nga Adriatiku, oraret kur pritet t\u00eb godas\u00eb Tiran\u00ebn dhe rrethet","author":"Kurt Farka","date":"December 9, 2021","format":false,"excerpt":"Pas dy dit\u00ebve me diell sot vjen stuhia nga Adriatiku, oraret kur pritet t\u00eb godas\u00eb Tiran\u00ebn dhe rrethet 9 Dhjetor 2021 Pas dy dit\u00ebve me mot t\u00eb mir\u00eb, diell, por temperatura shum\u00eb t\u00eb ul\u00ebta sot do t\u00eb rikthehen s\u00ebrish reshjet e shiut q\u00eb do t\u00eb jen\u00eb n\u00eb form\u00ebn e stuhis\u00eb\u2026","rel":"","context":"In &quot;Blogu i Udh\u00ebtarit&quot;","block_context":{"text":"Blogu i Udh\u00ebtarit","link":"https:\/\/www.shqiperia.com\/blog\/category\/blogu-i-udhetarit\/"},"img":{"alt_text":"","src":"https:\/\/i0.wp.com\/www.shqiperia.com\/blog\/wp-content\/uploads\/2021\/12\/Untitled-905x450-1.jpg?fit=773%2C450&ssl=1&resize=350%2C200","width":350,"height":200,"srcset":"https:\/\/i0.wp.com\/www.shqiperia.com\/blog\/wp-content\/uploads\/2021\/12\/Untitled-905x450-1.jpg?fit=773%2C450&ssl=1&resize=350%2C200 1x, https:\/\/i0.wp.com\/www.shqiperia.com\/blog\/wp-content\/uploads\/2021\/12\/Untitled-905x450-1.jpg?fit=773%2C450&ssl=1&resize=525%2C300 1.5x, https:\/\/i0.wp.com\/www.shqiperia.com\/blog\/wp-content\/uploads\/2021\/12\/Untitled-905x450-1.jpg?fit=773%2C450&ssl=1&resize=700%2C400 2x"},"classes":[]},{"id":73290,"url":"https:\/\/www.shqiperia.com\/blog\/nje-stuhi-e-forte-po-i-afrohet-shqiperise-paralajmerimi-i-pazakonte-i-metereologeve-italiane-per-vendin-tone\/","url_meta":{"origin":39686,"position":5},"title":"Nj\u00eb stuhi e fort\u00eb po i afrohet Shqip\u00ebris\u00eb. &#8211; Paralajm\u00ebrimi i pazakont\u00eb i metereolog\u00ebve italian\u00eb p\u00ebr vendin ton\u00eb","author":"Kurt Farka","date":"August 5, 2023","format":false,"excerpt":"5 Gusht 2023 Nj\u00eb stuhi e fort\u00eb me er\u00ebra, bresh\u00ebr, rreshje shiu dhe tornado \u00ebsht\u00eb duke kaluar p\u00ebrmes Italis\u00eb, dhe pritet t\u00eb mb\u00ebrrij\u00eb n\u00eb Ballkan dhe Shqip\u00ebri gjat\u00eb fundjav\u00ebs. Meteorolog\u00ebt italian\u00eb thon\u00eb se stuhia e pazakont\u00eb do t\u00eb sjell\u00eb nj\u00eb mas\u00eb ajrore shum\u00eb t\u00eb ftoht\u00eb, q\u00eb do t\u00eb shkaktoj\u00eb r\u00ebnien\u2026","rel":"","context":"In &quot;Blogu i Udh\u00ebtarit&quot;","block_context":{"text":"Blogu i Udh\u00ebtarit","link":"https:\/\/www.shqiperia.com\/blog\/category\/blogu-i-udhetarit\/"},"img":{"alt_text":"","src":"https:\/\/i0.wp.com\/www.shqiperia.com\/blog\/wp-content\/uploads\/2023\/08\/640-0-rsegeg5r4erjhr54h-1691166785.png?fit=578%2C420&ssl=1&resize=350%2C200","width":350,"height":200,"srcset":"https:\/\/i0.wp.com\/www.shqiperia.com\/blog\/wp-content\/uploads\/2023\/08\/640-0-rsegeg5r4erjhr54h-1691166785.png?fit=578%2C420&ssl=1&resize=350%2C200 1x, https:\/\/i0.wp.com\/www.shqiperia.com\/blog\/wp-content\/uploads\/2023\/08\/640-0-rsegeg5r4erjhr54h-1691166785.png?fit=578%2C420&ssl=1&resize=525%2C300 1.5x"},"classes":[]}],"_links":{"self":[{"href":"https:\/\/www.shqiperia.com\/blog\/wp-json\/wp\/v2\/posts\/39686","targetHints":{"allow":["GET"]}}],"collection":[{"href":"https:\/\/www.shqiperia.com\/blog\/wp-json\/wp\/v2\/posts"}],"about":[{"href":"https:\/\/www.shqiperia.com\/blog\/wp-json\/wp\/v2\/types\/post"}],"author":[{"embeddable":true,"href":"https:\/\/www.shqiperia.com\/blog\/wp-json\/wp\/v2\/users\/9"}],"replies":[{"embeddable":true,"href":"https:\/\/www.shqiperia.com\/blog\/wp-json\/wp\/v2\/comments?post=39686"}],"version-history":[{"count":1,"href":"https:\/\/www.shqiperia.com\/blog\/wp-json\/wp\/v2\/posts\/39686\/revisions"}],"predecessor-version":[{"id":39689,"href":"https:\/\/www.shqiperia.com\/blog\/wp-json\/wp\/v2\/posts\/39686\/revisions\/39689"}],"wp:featuredmedia":[{"embeddable":true,"href":"https:\/\/www.shqiperia.com\/blog\/wp-json\/wp\/v2\/media\/39687"}],"wp:attachment":[{"href":"https:\/\/www.shqiperia.com\/blog\/wp-json\/wp\/v2\/media?parent=39686"}],"wp:term":[{"taxonomy":"category","embeddable":true,"href":"https:\/\/www.shqiperia.com\/blog\/wp-json\/wp\/v2\/categories?post=39686"},{"taxonomy":"post_tag","embeddable":true,"href":"https:\/\/www.shqiperia.com\/blog\/wp-json\/wp\/v2\/tags?post=39686"}],"curies":[{"name":"wp","href":"https:\/\/api.w.org\/{rel}","templated":true}]}}