{"id":39683,"date":"2020-10-15T07:58:56","date_gmt":"2020-10-15T07:58:56","guid":{"rendered":"https:\/\/www.shqiperia.com\/blog\/?p=39683"},"modified":"2020-10-15T07:58:56","modified_gmt":"2020-10-15T07:58:56","slug":"grupet-kriminale-marrin-kontrollin-elektoral-te-qarqeve-meta-shperndan-analizen-e-ekspertit-te-sigurise","status":"publish","type":"post","link":"https:\/\/www.shqiperia.com\/blog\/grupet-kriminale-marrin-kontrollin-elektoral-te-qarqeve-meta-shperndan-analizen-e-ekspertit-te-sigurise\/","title":{"rendered":"Grupet kriminale, marrin kontrollin elektoral t\u00eb qarqeve. Meta shp\u00ebrndan analiz\u00ebn e ekspertit t\u00eb siguris\u00eb."},"content":{"rendered":"<p><img data-recalc-dims=\"1\" loading=\"lazy\" decoding=\"async\" data-attachment-id=\"39684\" data-permalink=\"https:\/\/www.shqiperia.com\/blog\/grupet-kriminale-marrin-kontrollin-elektoral-te-qarqeve-meta-shperndan-analizen-e-ekspertit-te-sigurise\/presidenca-1024x576\/\" data-orig-file=\"https:\/\/i0.wp.com\/www.shqiperia.com\/blog\/wp-content\/uploads\/2020\/10\/presidenca-1024x576-1.jpg?fit=1024%2C576&amp;ssl=1\" data-orig-size=\"1024,576\" data-comments-opened=\"1\" data-image-meta=\"{&quot;aperture&quot;:&quot;0&quot;,&quot;credit&quot;:&quot;&quot;,&quot;camera&quot;:&quot;&quot;,&quot;caption&quot;:&quot;&quot;,&quot;created_timestamp&quot;:&quot;0&quot;,&quot;copyright&quot;:&quot;&quot;,&quot;focal_length&quot;:&quot;0&quot;,&quot;iso&quot;:&quot;0&quot;,&quot;shutter_speed&quot;:&quot;0&quot;,&quot;title&quot;:&quot;&quot;,&quot;orientation&quot;:&quot;0&quot;}\" data-image-title=\"presidenca-1024&#215;576\" data-image-description=\"\" data-image-caption=\"\" data-medium-file=\"https:\/\/i0.wp.com\/www.shqiperia.com\/blog\/wp-content\/uploads\/2020\/10\/presidenca-1024x576-1.jpg?fit=300%2C169&amp;ssl=1\" data-large-file=\"https:\/\/i0.wp.com\/www.shqiperia.com\/blog\/wp-content\/uploads\/2020\/10\/presidenca-1024x576-1.jpg?fit=1024%2C576&amp;ssl=1\" class=\"alignnone  wp-image-39684\" alt=\"\" src=\"https:\/\/i0.wp.com\/www.shqiperia.com\/blog\/wp-content\/uploads\/2020\/10\/presidenca-1024x576-1.jpg?resize=582%2C328&#038;ssl=1\" width=\"582\" height=\"328\" srcset=\"https:\/\/i0.wp.com\/www.shqiperia.com\/blog\/wp-content\/uploads\/2020\/10\/presidenca-1024x576-1.jpg?resize=300%2C169&amp;ssl=1 300w, https:\/\/i0.wp.com\/www.shqiperia.com\/blog\/wp-content\/uploads\/2020\/10\/presidenca-1024x576-1.jpg?resize=768%2C432&amp;ssl=1 768w, https:\/\/i0.wp.com\/www.shqiperia.com\/blog\/wp-content\/uploads\/2020\/10\/presidenca-1024x576-1.jpg?resize=450%2C253&amp;ssl=1 450w, https:\/\/i0.wp.com\/www.shqiperia.com\/blog\/wp-content\/uploads\/2020\/10\/presidenca-1024x576-1.jpg?resize=600%2C338&amp;ssl=1 600w, https:\/\/i0.wp.com\/www.shqiperia.com\/blog\/wp-content\/uploads\/2020\/10\/presidenca-1024x576-1.jpg?resize=400%2C225&amp;ssl=1 400w, https:\/\/i0.wp.com\/www.shqiperia.com\/blog\/wp-content\/uploads\/2020\/10\/presidenca-1024x576-1.jpg?w=1024&amp;ssl=1 1024w\" sizes=\"auto, (max-width: 582px) 100vw, 582px\" \/><\/p>\n<p><strong>Grupet kriminale, marrin kontrollin elektoral t\u00eb qarqeve. Meta shp\u00ebrndan analiz\u00ebn e ekspertit t\u00eb siguris\u00eb.<\/strong><\/p>\n<p><strong>15 TETOR 2020<\/strong><\/p>\n<p>Presidenti Ilir Meta thot\u00eb se shp\u00ebrthimi i kanabisit n\u00eb vit zgjedhor, \u00ebsht\u00eb nj\u00eb praktik\u00eb e njohur.<\/p>\n<p>N\u00eb facebook, ku ka shp\u00ebrndar\u00eb analiz\u00ebn e Ekspertit t\u00eb \u00c7\u00ebshtjeve t\u00eb Siguris\u00eb, P\u00ebllumb Nako, Meta shkruan se kanabisi p\u00ebrdoret si mjet p\u00ebrfitimi p\u00ebr grupet kriminale \u201cq\u00eb marrin p\u00ebrsip\u00ebr kontrollin elektoral t\u00eb qarqeve t\u00eb caktuara\u201d.<\/p>\n<p>\u201cBos\u00ebt e v\u00ebrtet\u00eb kurr\u00eb nuk preken por shpesh p\u00ebr t\u00eb prodhuar statistika fiktive, arrestohen gra dhe burra t\u00eb moshuar si grup i strukturuar kriminal\u201d, thot\u00eb Meta mes t\u00eb tjerash.<\/p>\n<p><strong>Postimi i plot\u00eb:<\/strong><\/p>\n<p>Eksperti i \u00c7\u00ebshtjeve t\u00eb Siguris\u00eb, P\u00ebllumb Nako<\/p>\n<p>Shp\u00ebrthimi i kanabisit n\u00eb vit zgjedhor \u00ebsht\u00eb tradit\u00eb e njohur tashm\u00eb p\u00ebr t&#8217;u p\u00ebrdorur si mjet p\u00ebrfitimi p\u00ebr grupet kriminale q\u00eb marrin p\u00ebrsip\u00ebr kontrollin elektoral t\u00eb qarqeve t\u00eb caktuara por edhe si mjet shantazhi ndaj shum\u00eb hallexhinjve q\u00eb n\u00eb munges\u00eb t\u00eb mb\u00ebshtetjes shtet\u00ebrore p\u00ebr aktivitetet bujq\u00ebsore, blegtorale, t\u00eb agrobiznesit dhe agroturizmit jan\u00eb t\u00eb detyruar t\u00eb b\u00ebhen pun\u00ebtor\u00eb t\u00eb k\u00ebtyre grupeve kriminale.<\/p>\n<p>Bos\u00ebt e v\u00ebrtet\u00eb kurr\u00eb nuk preken por shpesh p\u00ebr t\u00eb prodhuar statistika fiktive, arrestohen gra dhe burra t\u00eb moshuar si grup i strukturuar kriminal.<\/p>\n<p>Ndaj ky artikull meriton v\u00ebmendje t\u00eb posa\u00e7me.<\/p>\n<p>Gazeta Shqip<\/p>\n","protected":false},"excerpt":{"rendered":"<p>Grupet kriminale, marrin kontrollin elektoral t\u00eb qarqeve. Meta shp\u00ebrndan analiz\u00ebn e ekspertit t\u00eb siguris\u00eb. 15 TETOR 2020 Presidenti Ilir Meta thot\u00eb se shp\u00ebrthimi i kanabisit n\u00eb vit zgjedhor, \u00ebsht\u00eb nj\u00eb praktik\u00eb e njohur. N\u00eb facebook, ku ka shp\u00ebrndar\u00eb analiz\u00ebn e Ekspertit t\u00eb \u00c7\u00ebshtjeve t\u00eb Siguris\u00eb, P\u00ebllumb Nako, Meta shkruan se kanabisi p\u00ebrdoret si mjet p\u00ebrfitimi [&hellip;]<\/p>\n","protected":false},"author":9,"featured_media":39684,"comment_status":"open","ping_status":"open","sticky":false,"template":"","format":"standard","meta":{"jetpack_post_was_ever_published":false,"_jetpack_newsletter_access":"","_jetpack_dont_email_post_to_subs":false,"_jetpack_newsletter_tier_id":0,"_jetpack_memberships_contains_paywalled_content":false,"_jetpack_memberships_contains_paid_content":false,"footnotes":"","jetpack_publicize_message":"","jetpack_publicize_feature_enabled":true,"jetpack_social_post_already_shared":true,"jetpack_social_options":{"image_generator_settings":{"template":"highway","default_image_id":0,"font":"","enabled":false},"version":2}},"categories":[27,2],"tags":[],"class_list":["post-39683","post","type-post","status-publish","format-standard","has-post-thumbnail","hentry","category-blogu-i-udhetarit","category-politika"],"jetpack_publicize_connections":[],"jetpack_featured_media_url":"https:\/\/i0.wp.com\/www.shqiperia.com\/blog\/wp-content\/uploads\/2020\/10\/presidenca-1024x576-1.jpg?fit=1024%2C576&ssl=1","jetpack_sharing_enabled":true,"jetpack_shortlink":"https:\/\/wp.me\/p5Z6wp-ak3","jetpack-related-posts":[{"id":51277,"url":"https:\/\/www.shqiperia.com\/blog\/top-story-90-e-kontenjereve-nuk-kontrollohen-ne-skaner-si-kalon-kokaina-ne-porte\/","url_meta":{"origin":39683,"position":0},"title":"Top Story: &#8211; \u00a090% e kontenjer\u00ebve nuk kontrollohen n\u00eb skaner, si kalon kokaina n\u00eb porte?","author":"Kurt Farka","date":"November 11, 2021","format":false,"excerpt":"Top Story: - \u00a090% e kontenjer\u00ebve nuk kontrollohen n\u00eb skaner, si kalon kokaina n\u00eb porte? 10 N\u00cbNTOR 2021 P\u00ebr t\u00eb kuptuar se si trafikant\u00ebt ua hedhin autoriteteve, le t\u00eb ndalemi tek metoda standarte e p\u00ebrpunimit t\u00eb kontejner\u00ebve. \u201cJan\u00eb inkorporuar profilet e riskut dhe n\u00eb castin q\u00eb kontenjeri futet n\u00eb procedur\u00ebn\u2026","rel":"","context":"In &quot;Blogu i Udh\u00ebtarit&quot;","block_context":{"text":"Blogu i Udh\u00ebtarit","link":"https:\/\/www.shqiperia.com\/blog\/category\/blogu-i-udhetarit\/"},"img":{"alt_text":"","src":"https:\/\/i0.wp.com\/www.shqiperia.com\/blog\/wp-content\/uploads\/2021\/11\/640-0-618c44f9c3816.jpg?fit=640%2C356&ssl=1&resize=350%2C200","width":350,"height":200,"srcset":"https:\/\/i0.wp.com\/www.shqiperia.com\/blog\/wp-content\/uploads\/2021\/11\/640-0-618c44f9c3816.jpg?fit=640%2C356&ssl=1&resize=350%2C200 1x, https:\/\/i0.wp.com\/www.shqiperia.com\/blog\/wp-content\/uploads\/2021\/11\/640-0-618c44f9c3816.jpg?fit=640%2C356&ssl=1&resize=525%2C300 1.5x"},"classes":[]},{"id":48629,"url":"https:\/\/www.shqiperia.com\/blog\/garancia-qe-kane-marre-trafikantet-shqiptare-ndodhi-per-shkak-te-zgjedhjeve-flet-artan-hoxha\/","url_meta":{"origin":39683,"position":1},"title":"Garancia q\u00eb kan\u00eb marr\u00eb trafikant\u00ebt shqiptar\u00eb: &#8211; Ndodhi p\u00ebr shkak t\u00eb zgjedhjeve. &#8211; Flet Artan Hoxha.","author":"Kurt Farka","date":"July 20, 2021","format":false,"excerpt":"Garancia q\u00eb kan\u00eb marr\u00eb trafikant\u00ebt shqiptar\u00eb: - Ndodhi p\u00ebr shkak t\u00eb zgjedhjeve. - Flet Artan Hoxha. 20 KORRIK 2021 Gazetari i njohur, Artan Hoxha ka b\u00ebr\u00eb me dije se k\u00ebt\u00eb vit trafikant\u00ebt dhe kultivuesit e kanabisit kan\u00eb marr\u00eb garanci q\u00eb produktin e tyre do e marrin n\u00ebse do t\u00eb kultivojn\u00eb\u2026","rel":"","context":"In &quot;Blogu i Udh\u00ebtarit&quot;","block_context":{"text":"Blogu i Udh\u00ebtarit","link":"https:\/\/www.shqiperia.com\/blog\/category\/blogu-i-udhetarit\/"},"img":{"alt_text":"","src":"https:\/\/i0.wp.com\/www.shqiperia.com\/blog\/wp-content\/uploads\/2021\/07\/maxresdefault.jpg?fit=1200%2C675&ssl=1&resize=350%2C200","width":350,"height":200,"srcset":"https:\/\/i0.wp.com\/www.shqiperia.com\/blog\/wp-content\/uploads\/2021\/07\/maxresdefault.jpg?fit=1200%2C675&ssl=1&resize=350%2C200 1x, https:\/\/i0.wp.com\/www.shqiperia.com\/blog\/wp-content\/uploads\/2021\/07\/maxresdefault.jpg?fit=1200%2C675&ssl=1&resize=525%2C300 1.5x, https:\/\/i0.wp.com\/www.shqiperia.com\/blog\/wp-content\/uploads\/2021\/07\/maxresdefault.jpg?fit=1200%2C675&ssl=1&resize=700%2C400 2x, https:\/\/i0.wp.com\/www.shqiperia.com\/blog\/wp-content\/uploads\/2021\/07\/maxresdefault.jpg?fit=1200%2C675&ssl=1&resize=1050%2C600 3x"},"classes":[]},{"id":9654,"url":"https:\/\/www.shqiperia.com\/blog\/9654-2\/","url_meta":{"origin":39683,"position":2},"title":"Nuk eshte Humor: Shqiperia ka realizuar 1000 % importet.  E sakte: &#8211; Raporti eshte publikuar nga Anti xxxxxxxx Italiane.","author":"Kurt Farka","date":"July 12, 2018","format":false,"excerpt":"Nuk eshte Humor: Shqiperia ka realizuar 1000 % importet.\u00a0 E sakte: - Raporti eshte publikuar nga Anti xxxxxxxx Italiane. Parat vine per ne buxhetin e shqiptarve me autovetura. 1.\u201dShqip\u00ebria \u00ebsht\u00eb vendi i origjin\u00ebs s\u00eb shumic\u00ebs s\u00eb sasive t\u00eb kanabisit q\u00eb kan\u00eb si destinacion tregjet italiane dhe evropiane\u2019. Vet\u00ebm n\u00eb vitin\u2026","rel":"","context":"In &quot;Blogu i Udh\u00ebtarit&quot;","block_context":{"text":"Blogu i Udh\u00ebtarit","link":"https:\/\/www.shqiperia.com\/blog\/category\/blogu-i-udhetarit\/"},"img":{"alt_text":"","src":"https:\/\/i0.wp.com\/www.shqiperia.com\/blog\/wp-content\/uploads\/2018\/07\/a5e05068-45f1-4d78-9b3f-8a6e2912c208.jpg?fit=580%2C367&ssl=1&resize=350%2C200","width":350,"height":200,"srcset":"https:\/\/i0.wp.com\/www.shqiperia.com\/blog\/wp-content\/uploads\/2018\/07\/a5e05068-45f1-4d78-9b3f-8a6e2912c208.jpg?fit=580%2C367&ssl=1&resize=350%2C200 1x, https:\/\/i0.wp.com\/www.shqiperia.com\/blog\/wp-content\/uploads\/2018\/07\/a5e05068-45f1-4d78-9b3f-8a6e2912c208.jpg?fit=580%2C367&ssl=1&resize=525%2C300 1.5x"},"classes":[]},{"id":42131,"url":"https:\/\/www.shqiperia.com\/blog\/okb-shqiperia-vendi-kryesor-ne-europe-i-origjines-se-kanabisit-grupet-kriminale-nuk-denohen-ndihmohet-nga-niveli-i-larte-i-korrupsionit\/","url_meta":{"origin":39683,"position":3},"title":"OKB: &#8211; Shqip\u00ebria vendi kryesor n\u00eb Europ\u00eb i origjin\u00ebs s\u00eb kanabisit, grupet kriminale nuk d\u00ebnohen. Ndihmohet nga niveli i lart\u00eb i korrupsionit","author":"Kurt Farka","date":"December 21, 2020","format":false,"excerpt":"OKB: - Shqip\u00ebria vendi kryesor n\u00eb Europ\u00eb i origjin\u00ebs s\u00eb kanabisit, grupet kriminale nuk d\u00ebnohen. Ndihmohet nga niveli i lart\u00eb i korrupsionit 21,dhjetor 2020 Nj\u00eb raport i fundit i Zyr\u00ebs s\u00eb Kombeve t\u00eb Bashkuara p\u00ebr Drogat dhe Krimin (UNODC), q\u00eb analizon me detaje krimin e organizuar n\u00eb Ballkanin Per\u00ebndimor, ka\u2026","rel":"","context":"In &quot;Blogu i Udh\u00ebtarit&quot;","block_context":{"text":"Blogu i Udh\u00ebtarit","link":"https:\/\/www.shqiperia.com\/blog\/category\/blogu-i-udhetarit\/"},"img":{"alt_text":"","src":"https:\/\/i0.wp.com\/www.shqiperia.com\/blog\/wp-content\/uploads\/2020\/12\/unnamed-1-1.jpg?fit=459%2C223&ssl=1&resize=350%2C200","width":350,"height":200},"classes":[]},{"id":39690,"url":"https:\/\/www.shqiperia.com\/blog\/maliqi-therret-lleshajn-ne-interpelance-droge-mund-te-gjejme-edhe-ne-tarracat-e-ministrive\/","url_meta":{"origin":39683,"position":4},"title":"Maliqi th\u00ebrret Lleshajn n\u00eb interpelanc\u00eb: &#8211; Drog\u00eb mund t\u00eb gjejm\u00eb edhe n\u00eb tarracat e ministrive","author":"Kurt Farka","date":"October 15, 2020","format":false,"excerpt":"Maliqi th\u00ebrret Lleshajn n\u00eb interpelanc\u00eb: - Drog\u00eb mund t\u00eb gjejm\u00eb edhe n\u00eb tarracat e ministrive - 15\/10\/20 | Ministri i Brendsh\u00ebm, Sand\u00ebr Lleshaj \u00ebsht\u00eb thirrur sot n\u00eb interpelanc\u00eb n\u00eb Kuvendin e Shqip\u00ebris\u00eb nga deputeti Lefter Maliqi. Maliqi ngriti shqet\u00ebsimin p\u00ebr ngjarjet e fundit kriminale n\u00eb vend, atentatet mafioze si dhe\u2026","rel":"","context":"In &quot;Blogu i Udh\u00ebtarit&quot;","block_context":{"text":"Blogu i Udh\u00ebtarit","link":"https:\/\/www.shqiperia.com\/blog\/category\/blogu-i-udhetarit\/"},"img":{"alt_text":"","src":"https:\/\/i0.wp.com\/www.shqiperia.com\/blog\/wp-content\/uploads\/2020\/10\/Lefter-Maliqi-dhe-Sander-Lleshaj.jpg?fit=780%2C402&ssl=1&resize=350%2C200","width":350,"height":200,"srcset":"https:\/\/i0.wp.com\/www.shqiperia.com\/blog\/wp-content\/uploads\/2020\/10\/Lefter-Maliqi-dhe-Sander-Lleshaj.jpg?fit=780%2C402&ssl=1&resize=350%2C200 1x, https:\/\/i0.wp.com\/www.shqiperia.com\/blog\/wp-content\/uploads\/2020\/10\/Lefter-Maliqi-dhe-Sander-Lleshaj.jpg?fit=780%2C402&ssl=1&resize=525%2C300 1.5x, https:\/\/i0.wp.com\/www.shqiperia.com\/blog\/wp-content\/uploads\/2020\/10\/Lefter-Maliqi-dhe-Sander-Lleshaj.jpg?fit=780%2C402&ssl=1&resize=700%2C400 2x"},"classes":[]},{"id":65779,"url":"https:\/\/www.shqiperia.com\/blog\/sulmet-kibernetike-eksperti-i-sigurise-jep-alarmin-po-rrezikojne-te-dalin-te-dhenat-e-bankes-njerez-te-brendshem-kane\/","url_meta":{"origin":39683,"position":5},"title":"Sulmet kibernetike, eksperti i siguris\u00eb jep alarmin: Po rrezikojn\u00eb t\u00eb dalin t\u00eb dh\u00ebnat e bank\u00ebs, njer\u00ebz t\u00eb brendsh\u00ebm kan\u00eb&#8230;","author":"Kurt Farka","date":"December 28, 2022","format":false,"excerpt":"28 Dhjetor 2022 Eksperti i siguris\u00eb Ergys Muzhaqi thot\u00eb se sulmet kibernetike jan\u00eb n\u00eb radh\u00eb t\u00eb par\u00eb d\u00ebmtimi i imazhit t\u00eb Shqip\u00ebris\u00eb si vend i besuesh\u00ebm an\u00ebtar i NATO-s dhe vet\u00eb Aleanc\u00ebs. N\u00eb emisionin Now, eksperti u shpreh se m\u00eb i r\u00ebndi \u00ebsht\u00eb ekspozimi i strukturave t\u00eb siguris\u00eb, sidomos i\u2026","rel":"","context":"In &quot;Blogu i Udh\u00ebtarit&quot;","block_context":{"text":"Blogu i Udh\u00ebtarit","link":"https:\/\/www.shqiperia.com\/blog\/category\/blogu-i-udhetarit\/"},"img":{"alt_text":"","src":"https:\/\/i0.wp.com\/www.shqiperia.com\/blog\/wp-content\/uploads\/2022\/12\/800-0-63acb65803b4d.jpeg?fit=800%2C449&ssl=1&resize=350%2C200","width":350,"height":200,"srcset":"https:\/\/i0.wp.com\/www.shqiperia.com\/blog\/wp-content\/uploads\/2022\/12\/800-0-63acb65803b4d.jpeg?fit=800%2C449&ssl=1&resize=350%2C200 1x, https:\/\/i0.wp.com\/www.shqiperia.com\/blog\/wp-content\/uploads\/2022\/12\/800-0-63acb65803b4d.jpeg?fit=800%2C449&ssl=1&resize=525%2C300 1.5x, https:\/\/i0.wp.com\/www.shqiperia.com\/blog\/wp-content\/uploads\/2022\/12\/800-0-63acb65803b4d.jpeg?fit=800%2C449&ssl=1&resize=700%2C400 2x"},"classes":[]}],"_links":{"self":[{"href":"https:\/\/www.shqiperia.com\/blog\/wp-json\/wp\/v2\/posts\/39683","targetHints":{"allow":["GET"]}}],"collection":[{"href":"https:\/\/www.shqiperia.com\/blog\/wp-json\/wp\/v2\/posts"}],"about":[{"href":"https:\/\/www.shqiperia.com\/blog\/wp-json\/wp\/v2\/types\/post"}],"author":[{"embeddable":true,"href":"https:\/\/www.shqiperia.com\/blog\/wp-json\/wp\/v2\/users\/9"}],"replies":[{"embeddable":true,"href":"https:\/\/www.shqiperia.com\/blog\/wp-json\/wp\/v2\/comments?post=39683"}],"version-history":[{"count":1,"href":"https:\/\/www.shqiperia.com\/blog\/wp-json\/wp\/v2\/posts\/39683\/revisions"}],"predecessor-version":[{"id":39685,"href":"https:\/\/www.shqiperia.com\/blog\/wp-json\/wp\/v2\/posts\/39683\/revisions\/39685"}],"wp:featuredmedia":[{"embeddable":true,"href":"https:\/\/www.shqiperia.com\/blog\/wp-json\/wp\/v2\/media\/39684"}],"wp:attachment":[{"href":"https:\/\/www.shqiperia.com\/blog\/wp-json\/wp\/v2\/media?parent=39683"}],"wp:term":[{"taxonomy":"category","embeddable":true,"href":"https:\/\/www.shqiperia.com\/blog\/wp-json\/wp\/v2\/categories?post=39683"},{"taxonomy":"post_tag","embeddable":true,"href":"https:\/\/www.shqiperia.com\/blog\/wp-json\/wp\/v2\/tags?post=39683"}],"curies":[{"name":"wp","href":"https:\/\/api.w.org\/{rel}","templated":true}]}}