{"id":39676,"date":"2020-10-15T06:56:52","date_gmt":"2020-10-15T06:56:52","guid":{"rendered":"https:\/\/www.shqiperia.com\/blog\/?p=39676"},"modified":"2020-10-15T06:56:52","modified_gmt":"2020-10-15T06:56:52","slug":"rrebesh-dhe-shkarkesa-elektrike-parashikimi-i-motit-sot","status":"publish","type":"post","link":"https:\/\/www.shqiperia.com\/blog\/rrebesh-dhe-shkarkesa-elektrike-parashikimi-i-motit-sot\/","title":{"rendered":"\u201cRrebesh dhe shkarkesa elektrike\u201d- Parashikimi i motit sot"},"content":{"rendered":"<p><img data-recalc-dims=\"1\" loading=\"lazy\" decoding=\"async\" data-attachment-id=\"39677\" data-permalink=\"https:\/\/www.shqiperia.com\/blog\/rrebesh-dhe-shkarkesa-elektrike-parashikimi-i-motit-sot\/moti-sot-01-1536x864-4\/\" data-orig-file=\"https:\/\/i0.wp.com\/www.shqiperia.com\/blog\/wp-content\/uploads\/2020\/10\/MOTI-SOT-01-1536x864-2.jpg?fit=1536%2C864&amp;ssl=1\" data-orig-size=\"1536,864\" data-comments-opened=\"1\" data-image-meta=\"{&quot;aperture&quot;:&quot;0&quot;,&quot;credit&quot;:&quot;&quot;,&quot;camera&quot;:&quot;&quot;,&quot;caption&quot;:&quot;&quot;,&quot;created_timestamp&quot;:&quot;0&quot;,&quot;copyright&quot;:&quot;&quot;,&quot;focal_length&quot;:&quot;0&quot;,&quot;iso&quot;:&quot;0&quot;,&quot;shutter_speed&quot;:&quot;0&quot;,&quot;title&quot;:&quot;&quot;,&quot;orientation&quot;:&quot;0&quot;}\" data-image-title=\"MOTI-SOT-01-1536&#215;864\" data-image-description=\"\" data-image-caption=\"\" data-medium-file=\"https:\/\/i0.wp.com\/www.shqiperia.com\/blog\/wp-content\/uploads\/2020\/10\/MOTI-SOT-01-1536x864-2.jpg?fit=300%2C169&amp;ssl=1\" data-large-file=\"https:\/\/i0.wp.com\/www.shqiperia.com\/blog\/wp-content\/uploads\/2020\/10\/MOTI-SOT-01-1536x864-2.jpg?fit=1024%2C576&amp;ssl=1\" class=\"alignnone  wp-image-39677\" alt=\"\" src=\"https:\/\/i0.wp.com\/www.shqiperia.com\/blog\/wp-content\/uploads\/2020\/10\/MOTI-SOT-01-1536x864-2.jpg?resize=467%2C263&#038;ssl=1\" width=\"467\" height=\"263\" srcset=\"https:\/\/i0.wp.com\/www.shqiperia.com\/blog\/wp-content\/uploads\/2020\/10\/MOTI-SOT-01-1536x864-2.jpg?resize=300%2C169&amp;ssl=1 300w, https:\/\/i0.wp.com\/www.shqiperia.com\/blog\/wp-content\/uploads\/2020\/10\/MOTI-SOT-01-1536x864-2.jpg?resize=1024%2C576&amp;ssl=1 1024w, https:\/\/i0.wp.com\/www.shqiperia.com\/blog\/wp-content\/uploads\/2020\/10\/MOTI-SOT-01-1536x864-2.jpg?resize=768%2C432&amp;ssl=1 768w, https:\/\/i0.wp.com\/www.shqiperia.com\/blog\/wp-content\/uploads\/2020\/10\/MOTI-SOT-01-1536x864-2.jpg?resize=450%2C253&amp;ssl=1 450w, https:\/\/i0.wp.com\/www.shqiperia.com\/blog\/wp-content\/uploads\/2020\/10\/MOTI-SOT-01-1536x864-2.jpg?resize=600%2C338&amp;ssl=1 600w, https:\/\/i0.wp.com\/www.shqiperia.com\/blog\/wp-content\/uploads\/2020\/10\/MOTI-SOT-01-1536x864-2.jpg?resize=1500%2C844&amp;ssl=1 1500w, https:\/\/i0.wp.com\/www.shqiperia.com\/blog\/wp-content\/uploads\/2020\/10\/MOTI-SOT-01-1536x864-2.jpg?resize=1300%2C731&amp;ssl=1 1300w, https:\/\/i0.wp.com\/www.shqiperia.com\/blog\/wp-content\/uploads\/2020\/10\/MOTI-SOT-01-1536x864-2.jpg?resize=400%2C225&amp;ssl=1 400w, https:\/\/i0.wp.com\/www.shqiperia.com\/blog\/wp-content\/uploads\/2020\/10\/MOTI-SOT-01-1536x864-2.jpg?w=1536&amp;ssl=1 1536w\" sizes=\"auto, (max-width: 467px) 100vw, 467px\" \/><\/p>\n<p><strong>\u201cRrebesh dhe shkarkesa elektrike\u201d- Parashikimi i motit sot<\/strong><\/p>\n<p>&#8211; 15\/10\/20<\/p>\n<p>Moti sot nis me vran\u00ebsira mesatare deri t\u00eb dendura shoq\u00ebruar me reshje shiu t\u00eb her\u00ebpashershme me intensitet t\u00eb ul\u00ebt. Deri n\u00eb or\u00ebt e mesdit\u00ebs reshjet do t\u00eb vazhdojn\u00eb me k\u00ebt\u00eb intensitet nd\u00ebrsa n\u00eb veriper\u00ebndim dhe jugper\u00ebndim itensiteti b\u00ebhet mesatar dhe lokalisht deri i lart\u00eb.<\/p>\n<p>Nga or\u00ebt e mesdit\u00ebs deri ato t\u00eb pasdites p\u00ebrgjat\u00eb vij\u00ebs bregdetare dhe zonat veriper\u00ebndim-jugper\u00ebndim reshjet shtojn\u00eb intensitet mesatar deri t\u00eb lart\u00eb n\u00eb form\u00ebn e shtr\u00ebngatave dhe rrebesheve shoq\u00ebruar me shkarkesa elektrike.<\/p>\n<p>Nga or\u00ebt e pasdites deri ato t\u00eb mesnat\u00ebs reshjet me intensitet mesatar n\u00eb t\u00eb gjith\u00eb vendin nd\u00ebrsa p\u00ebrgjat\u00eb vij\u00ebs bregdetare, ult\u00ebsir\u00ebs per\u00ebndimore, verilindje por sidomos zon\u00ebn e jugper\u00ebndimt reshjet do t\u00eb jen\u00eb me intensitet t\u00eb lart\u00eb.<\/p>\n<p><span>\u00a0<\/span>Reshjet me intensitet t\u00eb lart\u00eb vijojn\u00eb deri n\u00eb or\u00ebt e m\u00ebngjesit (06-07) t\u00eb dit\u00ebs s\u00eb premte n\u00eb zon\u00ebn e qendr\u00ebs dhe at\u00eb t\u00eb jugut. Sipas parashikimeve zona e jugper\u00ebndimit mbetet p\u00ebrs\u00ebri zon\u00eb problematike me sasin\u00eb m\u00eb t\u00eb lart\u00eb t\u00eb reshjeve.<\/p>\n<p>M\u00eb pas vjen p\u00ebrmir\u00ebsimi i situat\u00ebs meteorologjike. Moti parashikohet me alternime kthjellimesh dhe vran\u00ebsirash kalimtare. Vran\u00ebsirat do t\u00eb shoq\u00ebrohen me reshje shiu t\u00eb her\u00ebpashershme por t\u00eb dobta dhe lokale.<\/p>\n<p><a href=\"https:\/\/gazetamapo.al\/rrebesh-dhe-shkarkesa-elektrike-parashikimi-i-motit-sot\/\"><strong>mapo.al<\/strong><\/a><\/p>\n","protected":false},"excerpt":{"rendered":"<p>\u201cRrebesh dhe shkarkesa elektrike\u201d- Parashikimi i motit sot &#8211; 15\/10\/20 Moti sot nis me vran\u00ebsira mesatare deri t\u00eb dendura shoq\u00ebruar me reshje shiu t\u00eb her\u00ebpashershme me intensitet t\u00eb ul\u00ebt. Deri n\u00eb or\u00ebt e mesdit\u00ebs reshjet do t\u00eb vazhdojn\u00eb me k\u00ebt\u00eb intensitet nd\u00ebrsa n\u00eb veriper\u00ebndim dhe jugper\u00ebndim itensiteti b\u00ebhet mesatar dhe lokalisht deri i lart\u00eb. Nga [&hellip;]<\/p>\n","protected":false},"author":9,"featured_media":39677,"comment_status":"open","ping_status":"open","sticky":false,"template":"","format":"standard","meta":{"jetpack_post_was_ever_published":false,"_jetpack_newsletter_access":"","_jetpack_dont_email_post_to_subs":false,"_jetpack_newsletter_tier_id":0,"_jetpack_memberships_contains_paywalled_content":false,"_jetpack_memberships_contains_paid_content":false,"footnotes":"","jetpack_publicize_message":"","jetpack_publicize_feature_enabled":true,"jetpack_social_post_already_shared":true,"jetpack_social_options":{"image_generator_settings":{"template":"highway","default_image_id":0,"font":"","enabled":false},"version":2}},"categories":[27],"tags":[],"class_list":["post-39676","post","type-post","status-publish","format-standard","has-post-thumbnail","hentry","category-blogu-i-udhetarit"],"jetpack_publicize_connections":[],"jetpack_featured_media_url":"https:\/\/i0.wp.com\/www.shqiperia.com\/blog\/wp-content\/uploads\/2020\/10\/MOTI-SOT-01-1536x864-2.jpg?fit=1536%2C864&ssl=1","jetpack_sharing_enabled":true,"jetpack_shortlink":"https:\/\/wp.me\/p5Z6wp-ajW","jetpack-related-posts":[{"id":75024,"url":"https:\/\/www.shqiperia.com\/blog\/shi-rrufe-dhe-bresher-parashikimi-i-motit-per-sot\/","url_meta":{"origin":39676,"position":0},"title":"Shi, rrufe dhe bresh\u00ebr, parashikimi i motit per sot","author":"Kurt Farka","date":"October 25, 2023","format":false,"excerpt":"25 Tetor 2023 Sot vendi yn\u00eb do t\u00eb ndikohet nga kalimi i nje sistemi frontal i cili do t\u00eb sjelli mot me vran\u00ebsira dhe reshje shiu. Reshjet do t\u00eb b\u00ebhen prezente q\u00eb n\u00eb or\u00ebt e para t\u00eb 24-or\u00ebsht me intensitet t\u00eb ul\u00ebt deri mesatar. Gjat\u00eb or\u00ebve t\u00eb mesdit\u00ebs n\u00eb veriper\u00ebndim-per\u00ebndim\u2026","rel":"","context":"In &quot;Blogu i Udh\u00ebtarit&quot;","block_context":{"text":"Blogu i Udh\u00ebtarit","link":"https:\/\/www.shqiperia.com\/blog\/category\/blogu-i-udhetarit\/"},"img":{"alt_text":"","src":"https:\/\/i0.wp.com\/www.shqiperia.com\/blog\/wp-content\/uploads\/2023\/10\/image-125.jpg?fit=794%2C538&ssl=1&resize=350%2C200","width":350,"height":200,"srcset":"https:\/\/i0.wp.com\/www.shqiperia.com\/blog\/wp-content\/uploads\/2023\/10\/image-125.jpg?fit=794%2C538&ssl=1&resize=350%2C200 1x, https:\/\/i0.wp.com\/www.shqiperia.com\/blog\/wp-content\/uploads\/2023\/10\/image-125.jpg?fit=794%2C538&ssl=1&resize=525%2C300 1.5x, https:\/\/i0.wp.com\/www.shqiperia.com\/blog\/wp-content\/uploads\/2023\/10\/image-125.jpg?fit=794%2C538&ssl=1&resize=700%2C400 2x"},"classes":[]},{"id":93134,"url":"https:\/\/www.shqiperia.com\/blog\/parashikimi-i-motit-per-diten-e-premte\/","url_meta":{"origin":39676,"position":1},"title":"Parashikimi i motit p\u00ebr dit\u00ebn e premte","author":"Kurt Farka","date":"August 21, 2025","format":false,"excerpt":"21Gusht 2025 Dit\u00ebn e premte vendi yn\u00eb do t\u00eb ndikohet nga kushte atmosferike t\u00eb paq\u00ebndrueshme. Moti parashikohet me vran\u00ebsira mesatare deri t\u00eb dendura, n\u00eb or\u00ebt e pasdites mot me vran\u00ebsira t\u00eb pakta kryesisht n\u00eb veri t\u00eb vendit. Reshjet e shiut parashikohen t\u00eb jen\u00eb prezente q\u00eb n\u00eb or\u00ebt e para t\u00eb\u2026","rel":"","context":"In &quot;Njoftime Shtypi&quot;","block_context":{"text":"Njoftime Shtypi","link":"https:\/\/www.shqiperia.com\/blog\/category\/njoftime-shtypi\/"},"img":{"alt_text":"","src":"https:\/\/i0.wp.com\/www.shqiperia.com\/blog\/wp-content\/uploads\/2025\/08\/moti-me-shio.jpg?fit=650%2C365&ssl=1&resize=350%2C200","width":350,"height":200,"srcset":"https:\/\/i0.wp.com\/www.shqiperia.com\/blog\/wp-content\/uploads\/2025\/08\/moti-me-shio.jpg?fit=650%2C365&ssl=1&resize=350%2C200 1x, https:\/\/i0.wp.com\/www.shqiperia.com\/blog\/wp-content\/uploads\/2025\/08\/moti-me-shio.jpg?fit=650%2C365&ssl=1&resize=525%2C300 1.5x"},"classes":[]},{"id":84225,"url":"https:\/\/www.shqiperia.com\/blog\/shi-dhe-renie-temperaturash-njihuni-me-parashikimin-e-motit-per-javen-e-ardhshme\/","url_meta":{"origin":39676,"position":2},"title":"Shi dhe r\u00ebnie temperaturash\/ Njihuni me parashikimin e motit p\u00ebr jav\u00ebn e ardhshme","author":"Kurt Farka","date":"September 8, 2024","format":false,"excerpt":"8 Shtator 2024 Pas nj\u00eb vere \u201cp\u00ebrv\u00ebluese\u201d me temperatura t\u00eb larta (madje m\u00eb t\u00eb larta se mesataret mujore klimatike) tashm\u00eb duket se tabloja meteorologjike ndryshon plot\u00ebsisht. Sipas Sh\u00ebrbimit Meteorologjik Ushtarak, kjo p\u00ebr shkak se tashm\u00eb mbi vendin ton\u00eb (dhe jo vet\u00ebm dhe n\u00eb nj\u00eb pjes\u00eb t\u00eb europ\u00ebs) pritet dep\u00ebrtimi i\u2026","rel":"","context":"In &quot;Blogu i Udh\u00ebtarit&quot;","block_context":{"text":"Blogu i Udh\u00ebtarit","link":"https:\/\/www.shqiperia.com\/blog\/category\/blogu-i-udhetarit\/"},"img":{"alt_text":"","src":"https:\/\/i0.wp.com\/www.shqiperia.com\/blog\/wp-content\/uploads\/2024\/09\/Diell-e-shi-parashikimi-i-motit-per-javen-e-ardhshme-Insajderi.org_.jpg?fit=800%2C450&ssl=1&resize=350%2C200","width":350,"height":200,"srcset":"https:\/\/i0.wp.com\/www.shqiperia.com\/blog\/wp-content\/uploads\/2024\/09\/Diell-e-shi-parashikimi-i-motit-per-javen-e-ardhshme-Insajderi.org_.jpg?fit=800%2C450&ssl=1&resize=350%2C200 1x, https:\/\/i0.wp.com\/www.shqiperia.com\/blog\/wp-content\/uploads\/2024\/09\/Diell-e-shi-parashikimi-i-motit-per-javen-e-ardhshme-Insajderi.org_.jpg?fit=800%2C450&ssl=1&resize=525%2C300 1.5x, https:\/\/i0.wp.com\/www.shqiperia.com\/blog\/wp-content\/uploads\/2024\/09\/Diell-e-shi-parashikimi-i-motit-per-javen-e-ardhshme-Insajderi.org_.jpg?fit=800%2C450&ssl=1&resize=700%2C400 2x"},"classes":[]},{"id":36810,"url":"https:\/\/www.shqiperia.com\/blog\/iken-i-nxehti-afrikan-parashikimi-i-motit-per-5-ditet-ne-vijim\/","url_meta":{"origin":39676,"position":3},"title":"Ik\u00ebn i nxehti afrikan? &#8211; Parashikimi i motit p\u00ebr 5 dit\u00ebt n\u00eb vijim","author":"Kurt Farka","date":"August 3, 2020","format":false,"excerpt":"Ik\u00ebn i nxehti afrikan? - Parashikimi i motit p\u00ebr 5 dit\u00ebt n\u00eb vijim 03\/08\/20 Parashikim i kushteve atmosferike sipas Sh\u00ebrbimit Meteorologjik Ushtarak Dita e hen\u00eb do t\u00eb ket\u00eb mot kryesisht t\u00eb kthjell\u00ebt, vran\u00ebsira t\u00eb pakta t\u00eb p\u00ebrq\u00ebndruara p\u00ebrgjat\u00eb relieveve malore. Reshje shiu t\u00eb izoluara p\u00ebrgjat\u00eb maleve n\u00eb Juglindje t\u00eb vendit.\u2026","rel":"","context":"In &quot;Blogu i Udh\u00ebtarit&quot;","block_context":{"text":"Blogu i Udh\u00ebtarit","link":"https:\/\/www.shqiperia.com\/blog\/category\/blogu-i-udhetarit\/"},"img":{"alt_text":"","src":"https:\/\/i0.wp.com\/www.shqiperia.com\/blog\/wp-content\/uploads\/2020\/08\/MOTI-SOT-01-01-1536x864-1.jpg?fit=1200%2C675&ssl=1&resize=350%2C200","width":350,"height":200,"srcset":"https:\/\/i0.wp.com\/www.shqiperia.com\/blog\/wp-content\/uploads\/2020\/08\/MOTI-SOT-01-01-1536x864-1.jpg?fit=1200%2C675&ssl=1&resize=350%2C200 1x, https:\/\/i0.wp.com\/www.shqiperia.com\/blog\/wp-content\/uploads\/2020\/08\/MOTI-SOT-01-01-1536x864-1.jpg?fit=1200%2C675&ssl=1&resize=525%2C300 1.5x, https:\/\/i0.wp.com\/www.shqiperia.com\/blog\/wp-content\/uploads\/2020\/08\/MOTI-SOT-01-01-1536x864-1.jpg?fit=1200%2C675&ssl=1&resize=700%2C400 2x, https:\/\/i0.wp.com\/www.shqiperia.com\/blog\/wp-content\/uploads\/2020\/08\/MOTI-SOT-01-01-1536x864-1.jpg?fit=1200%2C675&ssl=1&resize=1050%2C600 3x"},"classes":[]},{"id":39565,"url":"https:\/\/www.shqiperia.com\/blog\/jave-problematike-stuhi-rrebeshe-e-vetetima-ja-si-parashikohet-moti-per-ditet-ne-vijim\/","url_meta":{"origin":39676,"position":4},"title":"\u201cJav\u00eb problematike\u201d- Stuhi, rrebeshe e vet\u00ebtima, ja si parashikohet moti p\u00ebr dit\u00ebt n\u00eb vijim","author":"Kurt Farka","date":"October 12, 2020","format":false,"excerpt":"\u201cJav\u00eb problematike\u201d- Stuhi, rrebeshe e vet\u00ebtima, ja si parashikohet moti p\u00ebr dit\u00ebt n\u00eb vijim \u00a012 Tetor 2020 \u201cE sikletshme dhe problematike\u201d, k\u00ebshtu pritet t\u00eb jet\u00eb kjo jav\u00eb, sa i p\u00ebrket motit, sipas Sh\u00ebrbimit Meteorologjik Ushtarak. Parashikohet q\u00eb pjesa m\u00eb e madhe e dit\u00ebve t\u00eb jav\u00ebs t\u00eb jet\u00eb kryesisht me mot\u2026","rel":"","context":"In &quot;Blogu i Udh\u00ebtarit&quot;","block_context":{"text":"Blogu i Udh\u00ebtarit","link":"https:\/\/www.shqiperia.com\/blog\/category\/blogu-i-udhetarit\/"},"img":{"alt_text":"","src":"https:\/\/i0.wp.com\/www.shqiperia.com\/blog\/wp-content\/uploads\/2020\/10\/640-0-5f82a71161587-1.jpg?fit=640%2C349&ssl=1&resize=350%2C200","width":350,"height":200,"srcset":"https:\/\/i0.wp.com\/www.shqiperia.com\/blog\/wp-content\/uploads\/2020\/10\/640-0-5f82a71161587-1.jpg?fit=640%2C349&ssl=1&resize=350%2C200 1x, https:\/\/i0.wp.com\/www.shqiperia.com\/blog\/wp-content\/uploads\/2020\/10\/640-0-5f82a71161587-1.jpg?fit=640%2C349&ssl=1&resize=525%2C300 1.5x"},"classes":[]},{"id":61937,"url":"https:\/\/www.shqiperia.com\/blog\/rikthehen-reshjet-e-shiut-dhe-ulen-temperaturat-ne-fundjave\/","url_meta":{"origin":39676,"position":5},"title":"Rikthehen reshjet e shiut dhe ulen temperaturat n\u00eb fundjav\u00eb","author":"Kurt Farka","date":"September 8, 2022","format":false,"excerpt":"8 Shtator 2022 Pas disa dit\u00ebsh me mot t\u00eb kthjell\u00ebt dhe temperatura relativisht t\u00eb larta p\u00ebr dit\u00ebn e Premte parashikohet p\u00ebrkeq\u00ebsimi i kushteve atmosferike p\u00ebr vendin ton\u00eb. N\u00eb k\u00ebt\u00eb m\u00ebnyr\u00eb moti n\u00eb zon\u00ebn e qendr\u00ebs dhe at\u00eb t\u00eb jugut parashikohet me kthjellime si dhe alternime vran\u00ebsirash kalimtare mesatare dhe hera-her\u00ebs\u2026","rel":"","context":"In &quot;Blogu i Udh\u00ebtarit&quot;","block_context":{"text":"Blogu i Udh\u00ebtarit","link":"https:\/\/www.shqiperia.com\/blog\/category\/blogu-i-udhetarit\/"},"img":{"alt_text":"","src":"https:\/\/i0.wp.com\/www.shqiperia.com\/blog\/wp-content\/uploads\/2022\/09\/640-0-631a0830a188e.jpg?fit=640%2C360&ssl=1&resize=350%2C200","width":350,"height":200,"srcset":"https:\/\/i0.wp.com\/www.shqiperia.com\/blog\/wp-content\/uploads\/2022\/09\/640-0-631a0830a188e.jpg?fit=640%2C360&ssl=1&resize=350%2C200 1x, https:\/\/i0.wp.com\/www.shqiperia.com\/blog\/wp-content\/uploads\/2022\/09\/640-0-631a0830a188e.jpg?fit=640%2C360&ssl=1&resize=525%2C300 1.5x"},"classes":[]}],"_links":{"self":[{"href":"https:\/\/www.shqiperia.com\/blog\/wp-json\/wp\/v2\/posts\/39676","targetHints":{"allow":["GET"]}}],"collection":[{"href":"https:\/\/www.shqiperia.com\/blog\/wp-json\/wp\/v2\/posts"}],"about":[{"href":"https:\/\/www.shqiperia.com\/blog\/wp-json\/wp\/v2\/types\/post"}],"author":[{"embeddable":true,"href":"https:\/\/www.shqiperia.com\/blog\/wp-json\/wp\/v2\/users\/9"}],"replies":[{"embeddable":true,"href":"https:\/\/www.shqiperia.com\/blog\/wp-json\/wp\/v2\/comments?post=39676"}],"version-history":[{"count":1,"href":"https:\/\/www.shqiperia.com\/blog\/wp-json\/wp\/v2\/posts\/39676\/revisions"}],"predecessor-version":[{"id":39678,"href":"https:\/\/www.shqiperia.com\/blog\/wp-json\/wp\/v2\/posts\/39676\/revisions\/39678"}],"wp:featuredmedia":[{"embeddable":true,"href":"https:\/\/www.shqiperia.com\/blog\/wp-json\/wp\/v2\/media\/39677"}],"wp:attachment":[{"href":"https:\/\/www.shqiperia.com\/blog\/wp-json\/wp\/v2\/media?parent=39676"}],"wp:term":[{"taxonomy":"category","embeddable":true,"href":"https:\/\/www.shqiperia.com\/blog\/wp-json\/wp\/v2\/categories?post=39676"},{"taxonomy":"post_tag","embeddable":true,"href":"https:\/\/www.shqiperia.com\/blog\/wp-json\/wp\/v2\/tags?post=39676"}],"curies":[{"name":"wp","href":"https:\/\/api.w.org\/{rel}","templated":true}]}}