{"id":39673,"date":"2020-10-15T06:45:10","date_gmt":"2020-10-15T06:45:10","guid":{"rendered":"https:\/\/www.shqiperia.com\/blog\/?p=39673"},"modified":"2020-10-15T06:45:10","modified_gmt":"2020-10-15T06:45:10","slug":"suprizojne-shkencetaret-zbulojne-bimen-mrekulliberese-qe-ata-jane-te-bindur-se-mund-te-sheroje-te-semuret-nga-koronavirusi","status":"publish","type":"post","link":"https:\/\/www.shqiperia.com\/blog\/suprizojne-shkencetaret-zbulojne-bimen-mrekulliberese-qe-ata-jane-te-bindur-se-mund-te-sheroje-te-semuret-nga-koronavirusi\/","title":{"rendered":"Suprizojn\u00eb shkenc\u00ebtar\u00ebt, zbulojn\u00eb bim\u00ebn mrekullib\u00ebr\u00ebse q\u00eb ata jan\u00eb t\u00eb bindur se mund t\u00eb sh\u00ebroj\u00eb t\u00eb s\u00ebmur\u00ebt nga koronavirusi"},"content":{"rendered":"<p><img data-recalc-dims=\"1\" loading=\"lazy\" decoding=\"async\" data-attachment-id=\"39674\" data-permalink=\"https:\/\/www.shqiperia.com\/blog\/suprizojne-shkencetaret-zbulojne-bimen-mrekulliberese-qe-ata-jane-te-bindur-se-mund-te-sheroje-te-semuret-nga-koronavirusi\/800-0-5f87e57348c2d\/\" data-orig-file=\"https:\/\/i0.wp.com\/www.shqiperia.com\/blog\/wp-content\/uploads\/2020\/10\/800-0-5f87e57348c2d.jpg?fit=800%2C450&amp;ssl=1\" data-orig-size=\"800,450\" data-comments-opened=\"1\" data-image-meta=\"{&quot;aperture&quot;:&quot;0&quot;,&quot;credit&quot;:&quot;&quot;,&quot;camera&quot;:&quot;&quot;,&quot;caption&quot;:&quot;&quot;,&quot;created_timestamp&quot;:&quot;0&quot;,&quot;copyright&quot;:&quot;&quot;,&quot;focal_length&quot;:&quot;0&quot;,&quot;iso&quot;:&quot;0&quot;,&quot;shutter_speed&quot;:&quot;0&quot;,&quot;title&quot;:&quot;&quot;,&quot;orientation&quot;:&quot;0&quot;}\" data-image-title=\"-800-0-5f87e57348c2d\" data-image-description=\"\" data-image-caption=\"\" data-medium-file=\"https:\/\/i0.wp.com\/www.shqiperia.com\/blog\/wp-content\/uploads\/2020\/10\/800-0-5f87e57348c2d.jpg?fit=300%2C169&amp;ssl=1\" data-large-file=\"https:\/\/i0.wp.com\/www.shqiperia.com\/blog\/wp-content\/uploads\/2020\/10\/800-0-5f87e57348c2d.jpg?fit=800%2C450&amp;ssl=1\" class=\"alignnone  wp-image-39674\" alt=\"\" src=\"https:\/\/i0.wp.com\/www.shqiperia.com\/blog\/wp-content\/uploads\/2020\/10\/800-0-5f87e57348c2d.jpg?resize=525%2C296&#038;ssl=1\" width=\"525\" height=\"296\" srcset=\"https:\/\/i0.wp.com\/www.shqiperia.com\/blog\/wp-content\/uploads\/2020\/10\/800-0-5f87e57348c2d.jpg?resize=300%2C169&amp;ssl=1 300w, https:\/\/i0.wp.com\/www.shqiperia.com\/blog\/wp-content\/uploads\/2020\/10\/800-0-5f87e57348c2d.jpg?resize=768%2C432&amp;ssl=1 768w, https:\/\/i0.wp.com\/www.shqiperia.com\/blog\/wp-content\/uploads\/2020\/10\/800-0-5f87e57348c2d.jpg?resize=450%2C253&amp;ssl=1 450w, https:\/\/i0.wp.com\/www.shqiperia.com\/blog\/wp-content\/uploads\/2020\/10\/800-0-5f87e57348c2d.jpg?resize=600%2C338&amp;ssl=1 600w, https:\/\/i0.wp.com\/www.shqiperia.com\/blog\/wp-content\/uploads\/2020\/10\/800-0-5f87e57348c2d.jpg?resize=400%2C225&amp;ssl=1 400w, https:\/\/i0.wp.com\/www.shqiperia.com\/blog\/wp-content\/uploads\/2020\/10\/800-0-5f87e57348c2d.jpg?w=800&amp;ssl=1 800w\" sizes=\"auto, (max-width: 525px) 100vw, 525px\" \/><\/p>\n<p><strong>Suprizojn\u00eb shkenc\u00ebtar\u00ebt, zbulojn\u00eb bim\u00ebn mrekullib\u00ebr\u00ebse q\u00eb ata jan\u00eb t\u00eb bindur se mund t\u00eb sh\u00ebroj\u00eb t\u00eb s\u00ebmur\u00ebt nga koronavirusi<\/strong><\/p>\n<p>15 TETOR 2020<\/p>\n<p>Nd\u00ebrkoh\u00eb q\u00eb n\u00eb gjith\u00eb bot\u00ebn po punohet p\u00ebr zbulimin e vaksin\u00eb kund\u00ebr koronavirusit, disa shkenc\u00ebtar\u00eb nga Instituti Max-Planck n\u00eb Potsdam, theksojn\u00eb q\u00eb pelini i \u00ebmb\u00ebl mund t\u00eb ket\u00eb ndihm\u00eb t\u00eb jasht\u00ebzakonshme.<\/p>\n<p>Cil\u00ebsit\u00eb e tij sh\u00ebruese v\u00ebrtet jan\u00eb t\u00eb pabesueshme dhe \u00ebsht\u00eb shum\u00eb i dobish\u00ebm n\u00eb sh\u00ebrimin e t\u00eb gjitha simptomave t\u00eb coronavirusit, jan\u00eb t\u00eb sigurt ata, transmeton Telegrafi.<\/p>\n<p>Hulumtuesit kan\u00eb n\u00eb dispozicion rezultatet t\u00eb cilat zgjojn\u00eb shpres\u00eb p\u00ebr fillim t\u00eb hulumtimeve klinike.<\/p>\n<p>Ekstraktet e pelinit t\u00eb \u00ebmb\u00ebl jan\u00eb aktiv\u00eb kund\u00ebr SARS-Cov-2.<\/p>\n<p>Flet\u00ebt e bim\u00ebs s\u00eb pelinit t\u00eb \u00ebmb\u00ebl (Artemisia annua) t\u00eb kultivuar n\u00eb Kentucky, n\u00eb SHBA, aktivitetin m\u00eb t\u00eb mir\u00eb kund\u00ebr virusit kan\u00eb treguar kur ekstraktet me etanolin e past\u00ebr apo n\u00eb uj\u00eb t\u00eb distiluar, por edhe duke i shtuar kafe.<\/p>\n<p>\u201cGjat\u00eb hulumtimit kemi nxjerr\u00eb substanca t\u00eb pastra nga bima dhe at\u00ebher\u00eb i kemi lidhur me virusin dhe rezultatet t\u00eb cilat i kemi marr\u00eb jan\u00eb premtuese\u201d, thot\u00eb Peter Seeberger nga instituti Max-Planck, i cili, bashk\u00eb me kimistin Kyrie Gilmore, ka iniciuar dhe udh\u00ebhequr hulumtimin.<\/p>\n<p>Forca e pelinit t\u00eb \u00ebmb\u00ebl nuk befason sepse pik\u00ebrisht kjo bim\u00eb \u00ebsht\u00eb p\u00ebrdorur n\u00eb mjek\u00ebsin\u00eb kineze kund\u00ebr malaries, thuhet n\u00eb shkrimin e publikuar n\u00eb revist\u00ebn \u201cLife Science\u201d.<\/p>\n<p>N\u00ebse p\u00ebrdoret si e vetme, ajo mund t\u00eb shkat\u00ebrroj\u00eb rreth 28% t\u00eb qelizave t\u00eb kancerit, por n\u00eb kombinim me hekurin pelini i \u00ebmb\u00ebl shkat\u00ebrron me t\u00eb madhe qelizat vdekjeprur\u00ebse.<\/p>\n<p>Gazeta Sot<\/p>\n","protected":false},"excerpt":{"rendered":"<p>Suprizojn\u00eb shkenc\u00ebtar\u00ebt, zbulojn\u00eb bim\u00ebn mrekullib\u00ebr\u00ebse q\u00eb ata jan\u00eb t\u00eb bindur se mund t\u00eb sh\u00ebroj\u00eb t\u00eb s\u00ebmur\u00ebt nga koronavirusi 15 TETOR 2020 Nd\u00ebrkoh\u00eb q\u00eb n\u00eb gjith\u00eb bot\u00ebn po punohet p\u00ebr zbulimin e vaksin\u00eb kund\u00ebr koronavirusit, disa shkenc\u00ebtar\u00eb nga Instituti Max-Planck n\u00eb Potsdam, theksojn\u00eb q\u00eb pelini i \u00ebmb\u00ebl mund t\u00eb ket\u00eb ndihm\u00eb t\u00eb jasht\u00ebzakonshme. Cil\u00ebsit\u00eb e tij [&hellip;]<\/p>\n","protected":false},"author":9,"featured_media":39674,"comment_status":"open","ping_status":"open","sticky":false,"template":"","format":"standard","meta":{"jetpack_post_was_ever_published":false,"_jetpack_newsletter_access":"","_jetpack_dont_email_post_to_subs":false,"_jetpack_newsletter_tier_id":0,"_jetpack_memberships_contains_paywalled_content":false,"_jetpack_memberships_contains_paid_content":false,"footnotes":"","jetpack_publicize_message":"","jetpack_publicize_feature_enabled":true,"jetpack_social_post_already_shared":true,"jetpack_social_options":{"image_generator_settings":{"template":"highway","default_image_id":0,"font":"","enabled":false},"version":2}},"categories":[27,1,35],"tags":[],"class_list":["post-39673","post","type-post","status-publish","format-standard","has-post-thumbnail","hentry","category-blogu-i-udhetarit","category-njoftime-shtypi","category-shoqerore"],"jetpack_publicize_connections":[],"jetpack_featured_media_url":"https:\/\/i0.wp.com\/www.shqiperia.com\/blog\/wp-content\/uploads\/2020\/10\/800-0-5f87e57348c2d.jpg?fit=800%2C450&ssl=1","jetpack_sharing_enabled":true,"jetpack_shortlink":"https:\/\/wp.me\/p5Z6wp-ajT","jetpack-related-posts":[{"id":34481,"url":"https:\/\/www.shqiperia.com\/blog\/shkencetaret-zbulojne-vitaminen-qe-ndihmon-ne-luften-kunder-koronavirusit\/","url_meta":{"origin":39673,"position":0},"title":"Shkenc\u00ebtar\u00ebt zbulojn\u00eb vitamin\u00ebn q\u00eb ndihmon n\u00eb luft\u00ebn kund\u00ebr koronavirusit","author":"Kurt Farka","date":"May 10, 2020","format":false,"excerpt":"Shkenc\u00ebtar\u00ebt zbulojn\u00eb vitamin\u00ebn q\u00eb ndihmon n\u00eb luft\u00ebn kund\u00ebr koronavirusit 9 maji 2020 Nj\u00eb studim amerikan i zhvilluar s\u00eb fundi nga shkenc\u00ebtar\u00ebt\u00a0\u201cNorthwestern University\u201d\u00a0ka zbuluar se vitamina D ndihmon n\u00eb luft\u00ebn kund\u00ebr Covid-19. Ata kan\u00eb zbuluar se pacient\u00ebt q\u00eb kishin munges\u00eb t\u00eb theksuar vitamine D jan\u00eb dy her\u00eb m\u00eb shum\u00eb t\u00eb rrezikuar\u2026","rel":"","context":"In &quot;Blogu i Udh\u00ebtarit&quot;","block_context":{"text":"Blogu i Udh\u00ebtarit","link":"https:\/\/www.shqiperia.com\/blog\/category\/blogu-i-udhetarit\/"},"img":{"alt_text":"","src":"https:\/\/i0.wp.com\/www.shqiperia.com\/blog\/wp-content\/uploads\/2020\/05\/VFitamina-anti-koronavirus.jpg?fit=852%2C450&ssl=1&resize=350%2C200","width":350,"height":200,"srcset":"https:\/\/i0.wp.com\/www.shqiperia.com\/blog\/wp-content\/uploads\/2020\/05\/VFitamina-anti-koronavirus.jpg?fit=852%2C450&ssl=1&resize=350%2C200 1x, https:\/\/i0.wp.com\/www.shqiperia.com\/blog\/wp-content\/uploads\/2020\/05\/VFitamina-anti-koronavirus.jpg?fit=852%2C450&ssl=1&resize=525%2C300 1.5x, https:\/\/i0.wp.com\/www.shqiperia.com\/blog\/wp-content\/uploads\/2020\/05\/VFitamina-anti-koronavirus.jpg?fit=852%2C450&ssl=1&resize=700%2C400 2x"},"classes":[]},{"id":37577,"url":"https:\/\/www.shqiperia.com\/blog\/shkencetaret-flasin-per-asimptomatiket-ne-te-kaluaren-jane-perballur-me-dicka-qe-i-ngjan-covid-19\/","url_meta":{"origin":39673,"position":1},"title":"Shkenc\u00ebtar\u00ebt flasin p\u00ebr asimptomatik\u00ebt: N\u00eb t\u00eb kaluar\u00ebn jan\u00eb p\u00ebrballur me di\u00e7ka q\u00eb i ngjan Covid-19!","author":"Kurt Farka","date":"August 23, 2020","format":false,"excerpt":"Shkenc\u00ebtar\u00ebt flasin p\u00ebr asimptomatik\u00ebt: N\u00eb t\u00eb kaluar\u00ebn jan\u00eb p\u00ebrballur me di\u00e7ka q\u00eb i ngjan Covid-19! 23 GUSHT 2020 Nga Corriere della Sera \u00cbsht\u00eb folur shum\u00eb p\u00ebr Covid-19 dhe njer\u00ebzit vazhdojn\u00eb t\u00eb flasin p\u00ebr asimptomatik\u00ebt, madje edhe t\u00eb shqet\u00ebsuar, sepse duket sikur ata po e p\u00ebrhapin s\u00ebmundjen, pa e ditur. Po\u2026","rel":"","context":"In &quot;Blogu i Udh\u00ebtarit&quot;","block_context":{"text":"Blogu i Udh\u00ebtarit","link":"https:\/\/www.shqiperia.com\/blog\/category\/blogu-i-udhetarit\/"},"img":{"alt_text":"","src":"https:\/\/i0.wp.com\/www.shqiperia.com\/blog\/wp-content\/uploads\/2020\/08\/640-0-5f42517b81f5d.jpg?fit=640%2C350&ssl=1&resize=350%2C200","width":350,"height":200,"srcset":"https:\/\/i0.wp.com\/www.shqiperia.com\/blog\/wp-content\/uploads\/2020\/08\/640-0-5f42517b81f5d.jpg?fit=640%2C350&ssl=1&resize=350%2C200 1x, https:\/\/i0.wp.com\/www.shqiperia.com\/blog\/wp-content\/uploads\/2020\/08\/640-0-5f42517b81f5d.jpg?fit=640%2C350&ssl=1&resize=525%2C300 1.5x"},"classes":[]},{"id":39966,"url":"https:\/\/www.shqiperia.com\/blog\/si-nje-flluske-sapuni-studiuesit-gjermane-zbulojne-pamjet-e-reja-ja-si-duket-koronavirusi\/","url_meta":{"origin":39673,"position":2},"title":"\u201cSi nj\u00eb fllusk\u00eb sapuni\u201d, studiuesit gjerman\u00eb zbulojn\u00eb pamjet e reja, ja si duket koronavirusi","author":"Kurt Farka","date":"October 22, 2020","format":false,"excerpt":"\u201cSi nj\u00eb fllusk\u00eb sapuni\u201d, studiuesit gjerman\u00eb zbulojn\u00eb pamjet e reja, ja si duket koronavirusi Koronavirusi \u00ebsht\u00eb i duksh\u00ebm edhe n\u00eb mikroskop\u00ebt m\u00eb t\u00eb mir\u00eb. P\u00ebr t\u2019i dh\u00ebn\u00eb nj\u00eb fytyr\u00eb armikut, studiuesit p\u00ebrdorin modele. Nj\u00eb nga ndoshta m\u00eb t\u00eb saktat q\u00eb krijoi \u00ebsht\u00eb n\u00eb Universitetin e W\u00fcrzburg, shkruan n-tv.de. Covid, i\u2026","rel":"","context":"In &quot;Blogu i Udh\u00ebtarit&quot;","block_context":{"text":"Blogu i Udh\u00ebtarit","link":"https:\/\/www.shqiperia.com\/blog\/category\/blogu-i-udhetarit\/"},"img":{"alt_text":"","src":"https:\/\/i0.wp.com\/www.shqiperia.com\/blog\/wp-content\/uploads\/2020\/10\/640-0-5f2b9a815b39b.jpg?fit=640%2C360&ssl=1&resize=350%2C200","width":350,"height":200,"srcset":"https:\/\/i0.wp.com\/www.shqiperia.com\/blog\/wp-content\/uploads\/2020\/10\/640-0-5f2b9a815b39b.jpg?fit=640%2C360&ssl=1&resize=350%2C200 1x, https:\/\/i0.wp.com\/www.shqiperia.com\/blog\/wp-content\/uploads\/2020\/10\/640-0-5f2b9a815b39b.jpg?fit=640%2C360&ssl=1&resize=525%2C300 1.5x"},"classes":[]},{"id":42599,"url":"https:\/\/www.shqiperia.com\/blog\/nje-tjeter-mutacion-i-covid-shfaqet-ne-afriken-e-jugut-reuters-shkencetaret-shqetesohen-se-vaksinat-mund-te-mos-i-mbrojne-qytetaret-kunder-tij\/","url_meta":{"origin":39673,"position":3},"title":"Nj\u00eb tjet\u00ebr mutacion i COVID shfaqet n\u00eb Afrik\u00ebn e Jugut, \u201cReuters\u201d: Shkenc\u00ebtar\u00ebt shqet\u00ebsohen se vaksinat mund t\u00eb mos i mbrojn\u00eb qytetar\u00ebt kund\u00ebr tij","author":"Kurt Farka","date":"January 4, 2021","format":false,"excerpt":"Nj\u00eb tjet\u00ebr mutacion i COVID shfaqet n\u00eb Afrik\u00ebn e Jugut, \u201cReuters\u201d: Shkenc\u00ebtar\u00ebt shqet\u00ebsohen se vaksinat mund t\u00eb mos i mbrojn\u00eb qytetar\u00ebt kund\u00ebr tij 4 janar 2021 \u00a0Dit\u00ebn e sotme, shkenc\u00ebtar\u00ebt britanik\u00eb shpreh\u00ebn shqet\u00ebsimin se vaksinat kund\u00ebr COVID-19 q\u00eb po b\u00ebhen n\u00eb Britani mund t\u00eb mos jen\u00eb t\u00eb efektshme apo t\u00eb\u2026","rel":"","context":"In &quot;Blogu i Udh\u00ebtarit&quot;","block_context":{"text":"Blogu i Udh\u00ebtarit","link":"https:\/\/www.shqiperia.com\/blog\/category\/blogu-i-udhetarit\/"},"img":{"alt_text":"","src":"https:\/\/i0.wp.com\/www.shqiperia.com\/blog\/wp-content\/uploads\/2021\/01\/COVID.png?fit=751%2C441&ssl=1&resize=350%2C200","width":350,"height":200,"srcset":"https:\/\/i0.wp.com\/www.shqiperia.com\/blog\/wp-content\/uploads\/2021\/01\/COVID.png?fit=751%2C441&ssl=1&resize=350%2C200 1x, https:\/\/i0.wp.com\/www.shqiperia.com\/blog\/wp-content\/uploads\/2021\/01\/COVID.png?fit=751%2C441&ssl=1&resize=525%2C300 1.5x, https:\/\/i0.wp.com\/www.shqiperia.com\/blog\/wp-content\/uploads\/2021\/01\/COVID.png?fit=751%2C441&ssl=1&resize=700%2C400 2x"},"classes":[]},{"id":32951,"url":"https:\/\/www.shqiperia.com\/blog\/ata-qe-pine-duhan-e-kane-punen-pisk-jane-njerezit-me-te-rrezikuar-nga-koronavirusi\/","url_meta":{"origin":39673,"position":4},"title":"Ata q\u00eb pin\u00eb duhan e kan\u00eb pun\u00ebn pisk, jan\u00eb njer\u00ebzit m\u00eb t\u00eb rrezikuar nga koronavirusi","author":"Kurt Farka","date":"April 1, 2020","format":false,"excerpt":"Ata q\u00eb pin\u00eb duhan e kan\u00eb pun\u00ebn pisk, jan\u00eb njer\u00ebzit m\u00eb t\u00eb rrezikuar nga koronavirusi 09\/03\/2020 - N\u00ebse keni menduar t\u00eb hidhni cigare, tani mund t\u00eb jet\u00eb nj\u00eb moment i mir\u00eb p\u00ebr ta b\u00ebr\u00eb at\u00eb. Zyrtari Kryesor i Mjek\u00ebsis\u00eb p\u00ebr Anglin\u00eb ka paralajm\u00ebruar se duhanpir\u00ebsit kan\u00eb rrezik m\u00eb t\u00eb madh\u2026","rel":"","context":"In &quot;Blogu i Udh\u00ebtarit&quot;","block_context":{"text":"Blogu i Udh\u00ebtarit","link":"https:\/\/www.shqiperia.com\/blog\/category\/blogu-i-udhetarit\/"},"img":{"alt_text":"","src":"https:\/\/i0.wp.com\/www.shqiperia.com\/blog\/wp-content\/uploads\/2020\/04\/52556516_303.jpg?fit=700%2C394&ssl=1&resize=350%2C200","width":350,"height":200,"srcset":"https:\/\/i0.wp.com\/www.shqiperia.com\/blog\/wp-content\/uploads\/2020\/04\/52556516_303.jpg?fit=700%2C394&ssl=1&resize=350%2C200 1x, https:\/\/i0.wp.com\/www.shqiperia.com\/blog\/wp-content\/uploads\/2020\/04\/52556516_303.jpg?fit=700%2C394&ssl=1&resize=525%2C300 1.5x, https:\/\/i0.wp.com\/www.shqiperia.com\/blog\/wp-content\/uploads\/2020\/04\/52556516_303.jpg?fit=700%2C394&ssl=1&resize=700%2C400 2x"},"classes":[]},{"id":62736,"url":"https:\/\/www.shqiperia.com\/blog\/nje-tjeter-pandemi-ne-horizont-zbulohet-koronavirusi-i-ri-tek-lakuriqet-e-nates-i-reziston-edhe-vaksinave\/","url_meta":{"origin":39673,"position":5},"title":"Nj\u00eb tjet\u00ebr pandemi n\u00eb horizont? &#8211; Zbulohet koronavirusi i ri tek lakuriq\u00ebt e nat\u00ebs, i reziston edhe vaksinave","author":"Kurt Farka","date":"September 27, 2022","format":false,"excerpt":"27 Shtator 2022 Te lakuriq\u00ebt e nat\u00ebs u zbulua nj\u00eb koronavirus i ri, i cili mund t\u00eb shkaktoj\u00eb probleme t\u00eb reja. Ai mund t\u00eb infektoj\u00eb qelizat njer\u00ebzore dhe tashm\u00eb \u00ebsht\u00eb n\u00eb gjendje t\u00eb anashkaloj\u00eb mbrojtjen imune nga vaksinat kund\u00ebr COVID. Sipas nj\u00eb raporti n\u00eb revist\u00ebn PLoS Pathogens, shkenc\u00ebtar\u00ebt e udh\u00ebhequr\u2026","rel":"","context":"In &quot;Blogu i Udh\u00ebtarit&quot;","block_context":{"text":"Blogu i Udh\u00ebtarit","link":"https:\/\/www.shqiperia.com\/blog\/category\/blogu-i-udhetarit\/"},"img":{"alt_text":"","src":"https:\/\/i0.wp.com\/www.shqiperia.com\/blog\/wp-content\/uploads\/2022\/09\/download-1.jpg?fit=640%2C356&ssl=1&resize=350%2C200","width":350,"height":200,"srcset":"https:\/\/i0.wp.com\/www.shqiperia.com\/blog\/wp-content\/uploads\/2022\/09\/download-1.jpg?fit=640%2C356&ssl=1&resize=350%2C200 1x, https:\/\/i0.wp.com\/www.shqiperia.com\/blog\/wp-content\/uploads\/2022\/09\/download-1.jpg?fit=640%2C356&ssl=1&resize=525%2C300 1.5x"},"classes":[]}],"_links":{"self":[{"href":"https:\/\/www.shqiperia.com\/blog\/wp-json\/wp\/v2\/posts\/39673","targetHints":{"allow":["GET"]}}],"collection":[{"href":"https:\/\/www.shqiperia.com\/blog\/wp-json\/wp\/v2\/posts"}],"about":[{"href":"https:\/\/www.shqiperia.com\/blog\/wp-json\/wp\/v2\/types\/post"}],"author":[{"embeddable":true,"href":"https:\/\/www.shqiperia.com\/blog\/wp-json\/wp\/v2\/users\/9"}],"replies":[{"embeddable":true,"href":"https:\/\/www.shqiperia.com\/blog\/wp-json\/wp\/v2\/comments?post=39673"}],"version-history":[{"count":1,"href":"https:\/\/www.shqiperia.com\/blog\/wp-json\/wp\/v2\/posts\/39673\/revisions"}],"predecessor-version":[{"id":39675,"href":"https:\/\/www.shqiperia.com\/blog\/wp-json\/wp\/v2\/posts\/39673\/revisions\/39675"}],"wp:featuredmedia":[{"embeddable":true,"href":"https:\/\/www.shqiperia.com\/blog\/wp-json\/wp\/v2\/media\/39674"}],"wp:attachment":[{"href":"https:\/\/www.shqiperia.com\/blog\/wp-json\/wp\/v2\/media?parent=39673"}],"wp:term":[{"taxonomy":"category","embeddable":true,"href":"https:\/\/www.shqiperia.com\/blog\/wp-json\/wp\/v2\/categories?post=39673"},{"taxonomy":"post_tag","embeddable":true,"href":"https:\/\/www.shqiperia.com\/blog\/wp-json\/wp\/v2\/tags?post=39673"}],"curies":[{"name":"wp","href":"https:\/\/api.w.org\/{rel}","templated":true}]}}