{"id":39670,"date":"2020-10-14T20:53:00","date_gmt":"2020-10-14T20:53:00","guid":{"rendered":"https:\/\/www.shqiperia.com\/blog\/?p=39670"},"modified":"2020-10-14T20:53:11","modified_gmt":"2020-10-14T20:53:11","slug":"pellumb-pipero-del-hapur-kunder-rames-kjo-eshte-e-tepert-i-them-kryeministrit-se","status":"publish","type":"post","link":"https:\/\/www.shqiperia.com\/blog\/pellumb-pipero-del-hapur-kunder-rames-kjo-eshte-e-tepert-i-them-kryeministrit-se\/","title":{"rendered":"P\u00ebllumb Pipero del hapur kund\u00ebr Ram\u00ebs: Kjo \u00ebsht\u00eb e tep\u00ebrt, i them kryeministrit se&#8230;."},"content":{"rendered":"<p><img data-recalc-dims=\"1\" loading=\"lazy\" decoding=\"async\" data-attachment-id=\"39671\" data-permalink=\"https:\/\/www.shqiperia.com\/blog\/pellumb-pipero-del-hapur-kunder-rames-kjo-eshte-e-tepert-i-them-kryeministrit-se\/pipero-rama\/\" data-orig-file=\"https:\/\/i0.wp.com\/www.shqiperia.com\/blog\/wp-content\/uploads\/2020\/10\/Pipero-Rama.png?fit=640%2C342&amp;ssl=1\" data-orig-size=\"640,342\" data-comments-opened=\"1\" data-image-meta=\"{&quot;aperture&quot;:&quot;0&quot;,&quot;credit&quot;:&quot;&quot;,&quot;camera&quot;:&quot;&quot;,&quot;caption&quot;:&quot;&quot;,&quot;created_timestamp&quot;:&quot;0&quot;,&quot;copyright&quot;:&quot;&quot;,&quot;focal_length&quot;:&quot;0&quot;,&quot;iso&quot;:&quot;0&quot;,&quot;shutter_speed&quot;:&quot;0&quot;,&quot;title&quot;:&quot;&quot;,&quot;orientation&quot;:&quot;0&quot;}\" data-image-title=\"Pipero Rama\" data-image-description=\"\" data-image-caption=\"\" data-medium-file=\"https:\/\/i0.wp.com\/www.shqiperia.com\/blog\/wp-content\/uploads\/2020\/10\/Pipero-Rama.png?fit=300%2C160&amp;ssl=1\" data-large-file=\"https:\/\/i0.wp.com\/www.shqiperia.com\/blog\/wp-content\/uploads\/2020\/10\/Pipero-Rama.png?fit=640%2C342&amp;ssl=1\" class=\"alignnone wp-image-39671\" alt=\"\" src=\"https:\/\/i0.wp.com\/www.shqiperia.com\/blog\/wp-content\/uploads\/2020\/10\/Pipero-Rama.png?resize=593%2C316&#038;ssl=1\" width=\"593\" height=\"316\" srcset=\"https:\/\/i0.wp.com\/www.shqiperia.com\/blog\/wp-content\/uploads\/2020\/10\/Pipero-Rama.png?resize=300%2C160&amp;ssl=1 300w, https:\/\/i0.wp.com\/www.shqiperia.com\/blog\/wp-content\/uploads\/2020\/10\/Pipero-Rama.png?resize=450%2C240&amp;ssl=1 450w, https:\/\/i0.wp.com\/www.shqiperia.com\/blog\/wp-content\/uploads\/2020\/10\/Pipero-Rama.png?resize=600%2C321&amp;ssl=1 600w, https:\/\/i0.wp.com\/www.shqiperia.com\/blog\/wp-content\/uploads\/2020\/10\/Pipero-Rama.png?resize=400%2C214&amp;ssl=1 400w, https:\/\/i0.wp.com\/www.shqiperia.com\/blog\/wp-content\/uploads\/2020\/10\/Pipero-Rama.png?w=640&amp;ssl=1 640w\" sizes=\"auto, (max-width: 593px) 100vw, 593px\" \/><\/p>\n<p><strong>P\u00ebllumb Pipero del hapur kund\u00ebr Ram\u00ebs: Kjo \u00ebsht\u00eb e tep\u00ebrt, i them kryeministrit se&#8230;.<\/strong><\/p>\n<p><strong>14 TETOR 2020<\/strong><\/p>\n<p>Mjeku P\u00ebllumb Pipero foli p\u00ebr r\u00ebnd\u00ebsin\u00eb e mbajtjes s\u00eb mask\u00ebs dhe mb\u00ebshteti vendimin q\u00eb ajo t\u00eb mbahet edhe n\u00eb ambiente jasht\u00eb.<\/p>\n<p>Por e vetmja gj\u00eb q\u00eb Pipero nuk \u00ebsht\u00eb dakord jan\u00eb gjobat. Mjeku iu drejtua kryeministrit Rama q\u00eb t\u00eb heq\u00eb gjobat sepse shqiptar\u00ebt jan\u00eb gjobitur boll nga natyra, nga dy t\u00ebrmetet e pandemia, prandaj sipas tij kjo \u00ebsht\u00eb e tep\u00ebrt.<\/p>\n<p><em>\u201cKur kam th\u00ebn\u00eb q\u00eb maska duhet t\u00eb b\u00ebhet e detyrueshme un\u00eb n\u00eb k\u00ebt\u00eb situat\u00eb kam qen\u00eb dhe jam kund\u00ebr \u00e7do gjobe sepse ne shqiptar\u00ebt boll jemi gjobitur nga natyra, dy t\u00ebrmete dhe pandemia. Ne duhet t\u00eb m\u00ebsohemi t\u00eb respektojm\u00eb \u00e7do rregull dhe ligj q\u00eb vjen sepse historikisht shqiptar\u00ebt jan\u00eb lidhur pas fjal\u00ebs dhe jo pas normave administrative.<\/em><\/p>\n<p><em>Do ishte e m\u00eb e pranueshme n\u00eb opinionin tim nj\u00eb aleance mbar\u00eb komb\u00ebtare, specialist dhe qytetar\u00eb, qytetar\u00eb dhe institucion q\u00eb t\u00eb mir\u00ebkuptohemi dhe t\u00eb biem dakort q\u00eb maska \u00ebsht\u00eb mjeti m\u00eb mbrojt\u00ebs deri tani dhe duhet t\u00eb b\u00ebhet pjes\u00eb e jet\u00ebs son\u00eb dhe ta b\u00ebjm\u00eb m\u00ebnyr\u00eb jetese.<\/em><\/p>\n<p><em>Kjo mask\u00eb t\u00eb mbron ty, mbron doktoresh\u00ebn, nuk m\u00eb mbron mua. Po ta mbash dhe ti, m\u00eb mbron dhe mua. Duhet ta din\u00eb gjith\u00eb shqiptar\u00ebt q\u00eb Covid-19 nuk ka as k\u00ebmb\u00eb, as krah\u00eb, as kok\u00eb, as logjik\u00eb. Ky virus nuk qarkullon me k\u00ebmb\u00ebt e veta, qarkullon me ne qytetar\u00ebt.<\/em><\/p>\n<p><em>Maska duhet t\u00eb jet\u00eb me vete p\u00ebr ta p\u00ebrdorur aty ku duhet dhe aq sa duhet. P\u00ebrdorimi i mask\u00ebs e ul ndjesh\u00ebm transmetimin e virusit dhe ul s\u00ebmundshm\u00ebrin\u00eb nga ky virus. Duke pasur k\u00ebt\u00eb mask\u00eb neve marrim shum\u00eb m\u00eb pak sp\u00ebrkla p\u00ebshtyme me viruse brenda.<\/em><\/p>\n<p><em>N\u00eb rast se un\u00eb rri p\u00ebrball\u00eb me ju p\u00ebr 15 minuta dhe b\u00ebj muhabet apo teshtij, ky virusi p\u00ebrmes sp\u00ebrklave mund t\u00eb transmetohet deri n\u00eb 3 metra. Ndaj krahas distanc\u00ebs fizike dhe higjien\u00ebs s\u00eb duarve, maska \u00ebsht\u00eb m\u00eb e r\u00ebnd\u00ebsishme dhe m\u00eb e sigurta p\u00ebr aq koh\u00eb sa nuk kemi nj\u00eb vaksin\u00eb. I them Kryeministrit q\u00eb nuk jam dakort p\u00ebr gjob\u00ebn, m\u00eb duket e tep\u00ebrt si P\u00ebllumb\u201d<\/em>,\u00a0u shpreh Pipero.<\/p>\n<p>Gazeta Shqip<\/p>\n","protected":false},"excerpt":{"rendered":"<p>P\u00ebllumb Pipero del hapur kund\u00ebr Ram\u00ebs: Kjo \u00ebsht\u00eb e tep\u00ebrt, i them kryeministrit se&#8230;. 14 TETOR 2020 Mjeku P\u00ebllumb Pipero foli p\u00ebr r\u00ebnd\u00ebsin\u00eb e mbajtjes s\u00eb mask\u00ebs dhe mb\u00ebshteti vendimin q\u00eb ajo t\u00eb mbahet edhe n\u00eb ambiente jasht\u00eb. Por e vetmja gj\u00eb q\u00eb Pipero nuk \u00ebsht\u00eb dakord jan\u00eb gjobat. Mjeku iu drejtua kryeministrit Rama q\u00eb [&hellip;]<\/p>\n","protected":false},"author":9,"featured_media":39671,"comment_status":"open","ping_status":"open","sticky":false,"template":"","format":"standard","meta":{"jetpack_post_was_ever_published":false,"_jetpack_newsletter_access":"","_jetpack_dont_email_post_to_subs":false,"_jetpack_newsletter_tier_id":0,"_jetpack_memberships_contains_paywalled_content":false,"_jetpack_memberships_contains_paid_content":false,"footnotes":"","jetpack_publicize_message":"","jetpack_publicize_feature_enabled":true,"jetpack_social_post_already_shared":true,"jetpack_social_options":{"image_generator_settings":{"template":"highway","default_image_id":0,"font":"","enabled":false},"version":2}},"categories":[27,35],"tags":[],"class_list":["post-39670","post","type-post","status-publish","format-standard","has-post-thumbnail","hentry","category-blogu-i-udhetarit","category-shoqerore"],"jetpack_publicize_connections":[],"jetpack_featured_media_url":"https:\/\/i0.wp.com\/www.shqiperia.com\/blog\/wp-content\/uploads\/2020\/10\/Pipero-Rama.png?fit=640%2C342&ssl=1","jetpack_sharing_enabled":true,"jetpack_shortlink":"https:\/\/wp.me\/p5Z6wp-ajQ","jetpack-related-posts":[{"id":32404,"url":"https:\/\/www.shqiperia.com\/blog\/mjeku-pellumb-pipero-numri-minimal-i-personave-te-prekur-mendoj-qe-jane-mbi-400\/","url_meta":{"origin":39670,"position":0},"title":"Mjeku P\u00ebllumb Pipero:\u00a0 &#8211; Numri minimal i personave t\u00eb prekur mendoj q\u00eb jan\u00eb mbi 400. \u00a0","author":"Kurt Farka","date":"March 15, 2020","format":false,"excerpt":"Mjeku P\u00ebllumb Pipero:\u00a0 - Numri minimal i personave t\u00eb prekur mendoj q\u00eb jan\u00eb mbi 400. 15 MARS 2020 Mjeku infeksionist P\u00ebllumb Pipero n\u00eb nj\u00eb lidhje me \u201cABC News\u201d ka folur p\u00ebr situat\u00ebn e krijuar ne koronavirusi. Pipero theksoi se kjo s\u00ebmundje ka shum\u00eb t\u00eb panjohura, por pavar\u00ebsisht k\u00ebsaj jan\u00eb marra\u2026","rel":"","context":"In &quot;Blogu i Udh\u00ebtarit&quot;","block_context":{"text":"Blogu i Udh\u00ebtarit","link":"https:\/\/www.shqiperia.com\/blog\/category\/blogu-i-udhetarit\/"},"img":{"alt_text":"","src":"https:\/\/i0.wp.com\/www.shqiperia.com\/blog\/wp-content\/uploads\/2020\/03\/kor-905x450-2.png?fit=905%2C450&ssl=1&resize=350%2C200","width":350,"height":200,"srcset":"https:\/\/i0.wp.com\/www.shqiperia.com\/blog\/wp-content\/uploads\/2020\/03\/kor-905x450-2.png?fit=905%2C450&ssl=1&resize=350%2C200 1x, https:\/\/i0.wp.com\/www.shqiperia.com\/blog\/wp-content\/uploads\/2020\/03\/kor-905x450-2.png?fit=905%2C450&ssl=1&resize=525%2C300 1.5x, https:\/\/i0.wp.com\/www.shqiperia.com\/blog\/wp-content\/uploads\/2020\/03\/kor-905x450-2.png?fit=905%2C450&ssl=1&resize=700%2C400 2x"},"classes":[]},{"id":43447,"url":"https:\/\/www.shqiperia.com\/blog\/jo-vetem-pipero-me-temperature-40-dhe-kolle-mjeke-e-infermiere-te-tjere-me-simptoma-covid\/","url_meta":{"origin":39670,"position":1},"title":"Jo vet\u00ebm Pipero: &#8211; Me temperatur\u00eb 40 dhe koll\u00eb, mjek\u00eb e infermier\u00eb t\u00eb tjer\u00eb me simptoma COVID","author":"Kurt Farka","date":"January 27, 2021","format":false,"excerpt":"Jo vet\u00ebm Pipero: - Me temperatur\u00eb 40 dhe koll\u00eb, mjek\u00eb e infermier\u00eb t\u00eb tjer\u00eb me simptoma COVID 27 JANAR 2021 Mjeku infeksionist P\u00ebllumb Pipero rezultoi pozitiv nga pandemia e koronavirusit, edhe pse nuk jan\u00eb mbushur ende dy jav\u00eb nga injektimi me doz\u00ebn e par\u00eb t\u00eb vaksin\u00ebs kund\u00ebr koronavirusit. Lajmi \u00ebsht\u00eb\u2026","rel":"","context":"In &quot;Blogu i Udh\u00ebtarit&quot;","block_context":{"text":"Blogu i Udh\u00ebtarit","link":"https:\/\/www.shqiperia.com\/blog\/category\/blogu-i-udhetarit\/"},"img":{"alt_text":"","src":"https:\/\/i0.wp.com\/www.shqiperia.com\/blog\/wp-content\/uploads\/2021\/01\/640-0-60119ad168b93.jpeg?fit=640%2C361&ssl=1&resize=350%2C200","width":350,"height":200,"srcset":"https:\/\/i0.wp.com\/www.shqiperia.com\/blog\/wp-content\/uploads\/2021\/01\/640-0-60119ad168b93.jpeg?fit=640%2C361&ssl=1&resize=350%2C200 1x, https:\/\/i0.wp.com\/www.shqiperia.com\/blog\/wp-content\/uploads\/2021\/01\/640-0-60119ad168b93.jpeg?fit=640%2C361&ssl=1&resize=525%2C300 1.5x"},"classes":[]},{"id":40456,"url":"https:\/\/www.shqiperia.com\/blog\/kjo-eshte-simptome-alarmi-pellumb-pipero-jep-lajmin-qe-duhet-ta-lexojme-te-gjithe\/","url_meta":{"origin":39670,"position":2},"title":"\u201cKjo \u00ebsht\u00eb simptom\u00eb alarmi\u201d, P\u00ebllumb Pipero jep lajmin q\u00eb duhet ta lexojm\u00eb t\u00eb gjith\u00eb","author":"Kurt Farka","date":"November 2, 2020","format":false,"excerpt":"\u201cKjo \u00ebsht\u00eb simptom\u00eb alarmi\u201d, P\u00ebllumb Pipero jep lajmin q\u00eb duhet ta lexojm\u00eb t\u00eb gjith\u00eb 2 Nentor 2020 Doktori i njohur P\u00ebllumb Pipero shprehu shqet\u00ebsimin se \u00ebsht\u00eb rritur numri i atyre q\u00eb q\u00ebndrojn\u00eb p\u00ebr nj\u00eb koh\u00eb t\u00eb gjat\u00eb n\u00eb sht\u00ebpi pa u mjekuar n\u00eb spital dhe shtimin e numrit t\u00eb pacient\u00ebve\u2026","rel":"","context":"In &quot;Blogu i Udh\u00ebtarit&quot;","block_context":{"text":"Blogu i Udh\u00ebtarit","link":"https:\/\/www.shqiperia.com\/blog\/category\/blogu-i-udhetarit\/"},"img":{"alt_text":"","src":"https:\/\/i0.wp.com\/www.shqiperia.com\/blog\/wp-content\/uploads\/2020\/11\/800-0-5fa0562825386.jpg?fit=800%2C447&ssl=1&resize=350%2C200","width":350,"height":200,"srcset":"https:\/\/i0.wp.com\/www.shqiperia.com\/blog\/wp-content\/uploads\/2020\/11\/800-0-5fa0562825386.jpg?fit=800%2C447&ssl=1&resize=350%2C200 1x, https:\/\/i0.wp.com\/www.shqiperia.com\/blog\/wp-content\/uploads\/2020\/11\/800-0-5fa0562825386.jpg?fit=800%2C447&ssl=1&resize=525%2C300 1.5x, https:\/\/i0.wp.com\/www.shqiperia.com\/blog\/wp-content\/uploads\/2020\/11\/800-0-5fa0562825386.jpg?fit=800%2C447&ssl=1&resize=700%2C400 2x"},"classes":[]},{"id":32571,"url":"https:\/\/www.shqiperia.com\/blog\/pipero-ne-jemi-ne-situate-qetesie-te-rreme-te-epidemise\/","url_meta":{"origin":39670,"position":3},"title":"Pipero: &#8211; Ne jemi n\u00eb situat\u00eb qet\u00ebsie t\u00eb rreme t\u00eb epidemis\u00eb.","author":"Kurt Farka","date":"March 20, 2020","format":false,"excerpt":"Pipero: - Ne jemi n\u00eb situat\u00eb qet\u00ebsie t\u00eb rreme t\u00eb epidemis\u00eb. \u201cKjo \u201cqet\u00ebsi\u201d nuk do zgjas\u00eb shum\u00eb, n\u00eb fund t\u00eb marsit pritet shp\u00ebrthimi\u201d 19 mars \u00a02020 Mjeku infeksionist, P\u00ebllumb Pipero, thot\u00eb se \u00ebsht\u00eb ende her\u00ebt p\u00ebr t\u00eb b\u00ebr\u00eb nj\u00eb parashikim t\u00eb sakt\u00eb t\u00eb ecuris\u00eb s\u00eb Covid-19 n\u00eb Shqip\u00ebri. N\u00eb nj\u00eb\u2026","rel":"","context":"In &quot;Blogu i Udh\u00ebtarit&quot;","block_context":{"text":"Blogu i Udh\u00ebtarit","link":"https:\/\/www.shqiperia.com\/blog\/category\/blogu-i-udhetarit\/"},"img":{"alt_text":"","src":"https:\/\/i0.wp.com\/www.shqiperia.com\/blog\/wp-content\/uploads\/2020\/03\/tirane-koronavirusi-905x450-1.jpg?fit=905%2C450&ssl=1&resize=350%2C200","width":350,"height":200,"srcset":"https:\/\/i0.wp.com\/www.shqiperia.com\/blog\/wp-content\/uploads\/2020\/03\/tirane-koronavirusi-905x450-1.jpg?fit=905%2C450&ssl=1&resize=350%2C200 1x, https:\/\/i0.wp.com\/www.shqiperia.com\/blog\/wp-content\/uploads\/2020\/03\/tirane-koronavirusi-905x450-1.jpg?fit=905%2C450&ssl=1&resize=525%2C300 1.5x, https:\/\/i0.wp.com\/www.shqiperia.com\/blog\/wp-content\/uploads\/2020\/03\/tirane-koronavirusi-905x450-1.jpg?fit=905%2C450&ssl=1&resize=700%2C400 2x"},"classes":[]},{"id":44097,"url":"https:\/\/www.shqiperia.com\/blog\/po-kurohet-ne-itali-nga-covid-reagon-pipero-edhe-pak-dite-me-duhen-ndodhem-ne\/","url_meta":{"origin":39670,"position":4},"title":"\u201cPo kurohet n\u00eb Itali nga Covid\u201d\/ Reagon Pipero: Edhe pak dit\u00eb m\u00eb duhen, ndodhem n\u00eb&#8230;","author":"Kurt Farka","date":"February 12, 2021","format":false,"excerpt":"\u201cPo kurohet n\u00eb Itali nga Covid\u201d\/ Reagon Pipero: Edhe pak dit\u00eb m\u00eb duhen, ndodhem n\u00eb... 12 SHKURT 2021 Mjeku i njohur P\u00ebllumb Pipero ka reaguar pas lajmeve t\u00eb dale se ai kishte shkuar p\u00ebr t\u2019u kuruar n\u00eb Itali nga Covid. Mjeku mohon se t\u00eb ket\u00eb shkuar n\u00eb Itali p\u00ebr mjekim\u2026","rel":"","context":"In &quot;Blogu i Udh\u00ebtarit&quot;","block_context":{"text":"Blogu i Udh\u00ebtarit","link":"https:\/\/www.shqiperia.com\/blog\/category\/blogu-i-udhetarit\/"},"img":{"alt_text":"","src":"https:\/\/i0.wp.com\/www.shqiperia.com\/blog\/wp-content\/uploads\/2021\/02\/640-0-602660a7e78c1.jpeg?fit=482%2C254&ssl=1&resize=350%2C200","width":350,"height":200},"classes":[]},{"id":49031,"url":"https:\/\/www.shqiperia.com\/blog\/mjeku-imazherist-sulmon-ashper-pellumb-piperon-ska-kryer-specializimin-per-semundje-infektive-dhe-jep-deklarata-ne-nivel-kombetar\/","url_meta":{"origin":39670,"position":5},"title":"Mjeku imazherist sulmon ashp\u00ebr P\u00ebllumb Piperon: -S\u2019ka kryer specializimin p\u00ebr s\u00ebmundje infektive dhe jep deklarata n\u00eb nivel komb\u00ebtar","author":"Kurt Farka","date":"August 10, 2021","format":false,"excerpt":"Mjeku imazherist sulmon ashp\u00ebr P\u00ebllumb Piperon: -S\u2019ka kryer specializimin p\u00ebr s\u00ebmundje infektive dhe jep deklarata n\u00eb nivel komb\u00ebtar 10 gusht 2021 Renato-OsmenajMjeku imazherist n\u00eb Qendr\u00ebn Spitalore N\u00ebn\u00eb Tereza, Renato Osm\u00ebnaj ka sulmuar ashp\u00ebr, kolegun e tij, mjekun P\u00ebllumb Pipero p\u00ebr deklaratat e tij t\u00eb fundit mbi variantin Delta dhe shp\u00ebrndarjen\u2026","rel":"","context":"In &quot;Blogu i Udh\u00ebtarit&quot;","block_context":{"text":"Blogu i Udh\u00ebtarit","link":"https:\/\/www.shqiperia.com\/blog\/category\/blogu-i-udhetarit\/"},"img":{"alt_text":"","src":"https:\/\/i0.wp.com\/www.shqiperia.com\/blog\/wp-content\/uploads\/2021\/08\/Renato-SMENAJ-SULMON-PIPERON.jpg?fit=1200%2C636&ssl=1&resize=350%2C200","width":350,"height":200,"srcset":"https:\/\/i0.wp.com\/www.shqiperia.com\/blog\/wp-content\/uploads\/2021\/08\/Renato-SMENAJ-SULMON-PIPERON.jpg?fit=1200%2C636&ssl=1&resize=350%2C200 1x, https:\/\/i0.wp.com\/www.shqiperia.com\/blog\/wp-content\/uploads\/2021\/08\/Renato-SMENAJ-SULMON-PIPERON.jpg?fit=1200%2C636&ssl=1&resize=525%2C300 1.5x, https:\/\/i0.wp.com\/www.shqiperia.com\/blog\/wp-content\/uploads\/2021\/08\/Renato-SMENAJ-SULMON-PIPERON.jpg?fit=1200%2C636&ssl=1&resize=700%2C400 2x, https:\/\/i0.wp.com\/www.shqiperia.com\/blog\/wp-content\/uploads\/2021\/08\/Renato-SMENAJ-SULMON-PIPERON.jpg?fit=1200%2C636&ssl=1&resize=1050%2C600 3x"},"classes":[]}],"_links":{"self":[{"href":"https:\/\/www.shqiperia.com\/blog\/wp-json\/wp\/v2\/posts\/39670","targetHints":{"allow":["GET"]}}],"collection":[{"href":"https:\/\/www.shqiperia.com\/blog\/wp-json\/wp\/v2\/posts"}],"about":[{"href":"https:\/\/www.shqiperia.com\/blog\/wp-json\/wp\/v2\/types\/post"}],"author":[{"embeddable":true,"href":"https:\/\/www.shqiperia.com\/blog\/wp-json\/wp\/v2\/users\/9"}],"replies":[{"embeddable":true,"href":"https:\/\/www.shqiperia.com\/blog\/wp-json\/wp\/v2\/comments?post=39670"}],"version-history":[{"count":1,"href":"https:\/\/www.shqiperia.com\/blog\/wp-json\/wp\/v2\/posts\/39670\/revisions"}],"predecessor-version":[{"id":39672,"href":"https:\/\/www.shqiperia.com\/blog\/wp-json\/wp\/v2\/posts\/39670\/revisions\/39672"}],"wp:featuredmedia":[{"embeddable":true,"href":"https:\/\/www.shqiperia.com\/blog\/wp-json\/wp\/v2\/media\/39671"}],"wp:attachment":[{"href":"https:\/\/www.shqiperia.com\/blog\/wp-json\/wp\/v2\/media?parent=39670"}],"wp:term":[{"taxonomy":"category","embeddable":true,"href":"https:\/\/www.shqiperia.com\/blog\/wp-json\/wp\/v2\/categories?post=39670"},{"taxonomy":"post_tag","embeddable":true,"href":"https:\/\/www.shqiperia.com\/blog\/wp-json\/wp\/v2\/tags?post=39670"}],"curies":[{"name":"wp","href":"https:\/\/api.w.org\/{rel}","templated":true}]}}