{"id":39667,"date":"2020-10-14T18:56:25","date_gmt":"2020-10-14T18:56:25","guid":{"rendered":"https:\/\/www.shqiperia.com\/blog\/?p=39667"},"modified":"2020-10-14T18:56:25","modified_gmt":"2020-10-14T18:56:25","slug":"koka-e-korrupsionit-nuk-jane-politikanet-spartak-ngjela-replikon-ramen-zbulon-paktin-e-fshehte-mes-partive-dhe-gjyqesorit","status":"publish","type":"post","link":"https:\/\/www.shqiperia.com\/blog\/koka-e-korrupsionit-nuk-jane-politikanet-spartak-ngjela-replikon-ramen-zbulon-paktin-e-fshehte-mes-partive-dhe-gjyqesorit\/","title":{"rendered":"\u201cKoka e korrupsionit nuk jan\u00eb politikan\u00ebt\u201d, Spartak Ngjela replikon Ram\u00ebn, zbulon \u201cpaktin e fsheht\u00eb\u201d mes partive dhe gjyq\u00ebsorit\u00a0"},"content":{"rendered":"<p><img data-recalc-dims=\"1\" loading=\"lazy\" decoding=\"async\" data-attachment-id=\"39668\" data-permalink=\"https:\/\/www.shqiperia.com\/blog\/koka-e-korrupsionit-nuk-jane-politikanet-spartak-ngjela-replikon-ramen-zbulon-paktin-e-fshehte-mes-partive-dhe-gjyqesorit\/spartak-ngjela-18\/\" data-orig-file=\"https:\/\/i0.wp.com\/www.shqiperia.com\/blog\/wp-content\/uploads\/2020\/10\/Spartak-Ngjela.png?fit=508%2C263&amp;ssl=1\" data-orig-size=\"508,263\" data-comments-opened=\"1\" data-image-meta=\"{&quot;aperture&quot;:&quot;0&quot;,&quot;credit&quot;:&quot;&quot;,&quot;camera&quot;:&quot;&quot;,&quot;caption&quot;:&quot;&quot;,&quot;created_timestamp&quot;:&quot;0&quot;,&quot;copyright&quot;:&quot;&quot;,&quot;focal_length&quot;:&quot;0&quot;,&quot;iso&quot;:&quot;0&quot;,&quot;shutter_speed&quot;:&quot;0&quot;,&quot;title&quot;:&quot;&quot;,&quot;orientation&quot;:&quot;0&quot;}\" data-image-title=\"Spartak Ngjela\" data-image-description=\"\" data-image-caption=\"\" data-medium-file=\"https:\/\/i0.wp.com\/www.shqiperia.com\/blog\/wp-content\/uploads\/2020\/10\/Spartak-Ngjela.png?fit=300%2C155&amp;ssl=1\" data-large-file=\"https:\/\/i0.wp.com\/www.shqiperia.com\/blog\/wp-content\/uploads\/2020\/10\/Spartak-Ngjela.png?fit=508%2C263&amp;ssl=1\" class=\"alignnone  wp-image-39668\" alt=\"\" src=\"https:\/\/i0.wp.com\/www.shqiperia.com\/blog\/wp-content\/uploads\/2020\/10\/Spartak-Ngjela.png?resize=505%2C261&#038;ssl=1\" width=\"505\" height=\"261\" srcset=\"https:\/\/i0.wp.com\/www.shqiperia.com\/blog\/wp-content\/uploads\/2020\/10\/Spartak-Ngjela.png?resize=300%2C155&amp;ssl=1 300w, https:\/\/i0.wp.com\/www.shqiperia.com\/blog\/wp-content\/uploads\/2020\/10\/Spartak-Ngjela.png?resize=450%2C233&amp;ssl=1 450w, https:\/\/i0.wp.com\/www.shqiperia.com\/blog\/wp-content\/uploads\/2020\/10\/Spartak-Ngjela.png?resize=400%2C207&amp;ssl=1 400w, https:\/\/i0.wp.com\/www.shqiperia.com\/blog\/wp-content\/uploads\/2020\/10\/Spartak-Ngjela.png?w=508&amp;ssl=1 508w\" sizes=\"auto, (max-width: 505px) 100vw, 505px\" \/><\/p>\n<p>\u201cKoka e korrupsionit nuk jan\u00eb politikan\u00ebt\u201d, Spartak Ngjela replikon Ram\u00ebn, zbulon \u201cpaktin e fsheht\u00eb\u201d mes partive dhe gjyq\u00ebsorit<\/p>\n<p>14 TETOR 2020<\/p>\n<p>Avokati i njohur Spartak Ngjela, ka komentuar deklarat\u00ebn e Ram\u00ebs, q\u00eb sipas tij koka e korrupsionit nuk jan\u00eb politikan\u00ebt, por gjyqtar\u00ebt dhe prokuror\u00ebt e korruptuar. P\u00ebr Ngjel\u00ebn, drejt\u00ebsia dhe politika kan\u00eb nj\u00eb marr\u00ebveshje t\u00eb fsheht\u00eb<\/p>\n<p>\u201cAi nuk e ka artikulon si profesionist, por si politikan edhe ai do thot\u00eb: q\u00eb po t\u00eb k\u00ebt\u00eb gjyq\u00ebsor t\u00eb pavarur nuk ka korrupsion\u201d. Po t\u00eb ket\u00eb gjahtar\u00eb t\u00eb fuqish\u00ebm nuk ka m\u00eb shpend n\u00eb Shqip\u00ebri. K\u00ebtu \u00ebsht\u00eb mungesa e pushteti gjyq\u00ebsor q\u00eb ka sjell\u00eb korrupsionin. Si e kan\u00eb sjell\u00eb korrupsionin? Bashk\u00eb kan\u00eb pasur nj\u00eb marr\u00ebveshje t\u00eb heshtur, dhe jo t\u00eb gjitha marr\u00ebveshjet jan\u00eb t\u00eb hapura. Ju shisni drejt\u00ebsin\u00eb dhe s\u2019themi gj\u00eb,\u00a0 ne vazhdojm\u00eb korrupsionin dhe ju nuk na akuzoni, \u00ebsht\u00eb shum\u00eb e thjesht\u00eb. Ata jan\u00eb t\u00eb gjith\u00eb n\u00eb nj\u00eb plan. \u00a0Pushteti gjyq\u00ebsor e ka sjell\u00eb gjendjen k\u00ebtu\u201d, tha ai.<\/p>\n<p>Gazeta Sot<\/p>\n","protected":false},"excerpt":{"rendered":"<p>\u201cKoka e korrupsionit nuk jan\u00eb politikan\u00ebt\u201d, Spartak Ngjela replikon Ram\u00ebn, zbulon \u201cpaktin e fsheht\u00eb\u201d mes partive dhe gjyq\u00ebsorit 14 TETOR 2020 Avokati i njohur Spartak Ngjela, ka komentuar deklarat\u00ebn e Ram\u00ebs, q\u00eb sipas tij koka e korrupsionit nuk jan\u00eb politikan\u00ebt, por gjyqtar\u00ebt dhe prokuror\u00ebt e korruptuar. P\u00ebr Ngjel\u00ebn, drejt\u00ebsia dhe politika kan\u00eb nj\u00eb marr\u00ebveshje t\u00eb [&hellip;]<\/p>\n","protected":false},"author":9,"featured_media":39668,"comment_status":"open","ping_status":"open","sticky":false,"template":"","format":"standard","meta":{"jetpack_post_was_ever_published":false,"_jetpack_newsletter_access":"","_jetpack_dont_email_post_to_subs":false,"_jetpack_newsletter_tier_id":0,"_jetpack_memberships_contains_paywalled_content":false,"_jetpack_memberships_contains_paid_content":false,"footnotes":"","jetpack_publicize_message":"","jetpack_publicize_feature_enabled":true,"jetpack_social_post_already_shared":true,"jetpack_social_options":{"image_generator_settings":{"template":"highway","default_image_id":0,"font":"","enabled":false},"version":2}},"categories":[27,2],"tags":[],"class_list":["post-39667","post","type-post","status-publish","format-standard","has-post-thumbnail","hentry","category-blogu-i-udhetarit","category-politika"],"jetpack_publicize_connections":[],"jetpack_featured_media_url":"https:\/\/i0.wp.com\/www.shqiperia.com\/blog\/wp-content\/uploads\/2020\/10\/Spartak-Ngjela.png?fit=508%2C263&ssl=1","jetpack_sharing_enabled":true,"jetpack_shortlink":"https:\/\/wp.me\/p5Z6wp-ajN","jetpack-related-posts":[{"id":38669,"url":"https:\/\/www.shqiperia.com\/blog\/bomba-e-radhes-nga-spartak-ngjela-ju-tregoj-levizjen-qe-do-ndodhe-se-shpejti-ne-nivele-te-larta-te-politikes-ja-cfare-me-tha-rama\/","url_meta":{"origin":39667,"position":0},"title":"\u2018Bomba\u2019 e radh\u00ebs nga Spartak Ngjela: Ju tregoj l\u00ebvizjen q\u00eb do ndodh\u00eb s\u00eb shpejti n\u00eb nivele t\u00eb larta t\u00eb politik\u00ebs, ja \u00e7far\u00eb m\u00eb tha Rama","author":"Kurt Farka","date":"September 19, 2020","format":false,"excerpt":"\u2018Bomba\u2019 e radh\u00ebs nga Spartak Ngjela: Ju tregoj l\u00ebvizjen q\u00eb do ndodh\u00eb s\u00eb shpejti n\u00eb nivele t\u00eb larta t\u00eb politik\u00ebs, ja \u00e7far\u00eb m\u00eb tha Rama 19 SHTATOR 2020 Avokati i njohur Spartak Ngjela \u00ebsht\u00eb shprehur se SPAK-u do e shp\u00ebtoj\u00eb Shqip\u00ebrin\u00eb, duke arrestuar politikan\u00ebt e korruptuar dhe inkriminuar. Ai tha\u2026","rel":"","context":"In &quot;Blogu i Udh\u00ebtarit&quot;","block_context":{"text":"Blogu i Udh\u00ebtarit","link":"https:\/\/www.shqiperia.com\/blog\/category\/blogu-i-udhetarit\/"},"img":{"alt_text":"","src":"https:\/\/i0.wp.com\/www.shqiperia.com\/blog\/wp-content\/uploads\/2020\/09\/download-1.jpg?resize=350%2C200&ssl=1","width":350,"height":200,"srcset":"https:\/\/i0.wp.com\/www.shqiperia.com\/blog\/wp-content\/uploads\/2020\/09\/download-1.jpg?resize=350%2C200&ssl=1 1x, https:\/\/i0.wp.com\/www.shqiperia.com\/blog\/wp-content\/uploads\/2020\/09\/download-1.jpg?resize=525%2C300&ssl=1 1.5x"},"classes":[]},{"id":8982,"url":"https:\/\/www.shqiperia.com\/blog\/spartak-ngjela-ngrihuni-dhe-rrezoni-ramen-2\/","url_meta":{"origin":39667,"position":1},"title":"Spartak Ngjela: &#8211; Ngrihuni dhe rr\u00ebzoni Ram\u00ebn. \u2013","author":"Kurt Farka","date":"June 22, 2018","format":false,"excerpt":"Spartak Ngjela: - Ngrihuni dhe rr\u00ebzoni Ram\u00ebn. \u2013 Spartak Ngjela: \u2013 Ngrihuni dhe rr\u00ebzoni Ram\u00ebn. \u2013 600 mij\u00eb refugjat\u00eb sirian\u00eb n\u00eb Shqip\u00ebri? Thirrja e Ngjel\u00ebs: Ngrihuni dhe rr\u00ebzoni Ram\u00ebn N\u00eb nj\u00eb koh\u00eb kur i gjith\u00eb debati \u00ebsht\u00eb p\u00ebrqendruar tek lajmi se Shqip\u00ebria \u00ebsht\u00eb shprehur e gatshme se mund t\u00eb pranoj\u00eb\u2026","rel":"","context":"In &quot;Politika&quot;","block_context":{"text":"Politika","link":"https:\/\/www.shqiperia.com\/blog\/category\/politika\/"},"img":{"alt_text":"","src":"https:\/\/i0.wp.com\/www.shqiperia.com\/blog\/wp-content\/uploads\/2018\/06\/35659916_10216839997569657_5737794523241644032_n-1.jpg?fit=418%2C262&ssl=1&resize=350%2C200","width":350,"height":200},"classes":[]},{"id":8978,"url":"https:\/\/www.shqiperia.com\/blog\/spartak-ngjela-ngrihuni-dhe-rrezoni-ramen\/","url_meta":{"origin":39667,"position":2},"title":"Spartak Ngjela: &#8211; Ngrihuni dhe rr\u00ebzoni Ram\u00ebn. &#8211;","author":"Kurt Farka","date":"June 22, 2018","format":false,"excerpt":"Spartak Ngjela: - Ngrihuni dhe rr\u00ebzoni Ram\u00ebn. - 600 mij\u00eb refugjat\u00eb sirian\u00eb n\u00eb Shqip\u00ebri? Thirrja e Ngjel\u00ebs: Ngrihuni dhe rr\u00ebzoni Ram\u00ebn N\u00eb nj\u00eb koh\u00eb kur i gjith\u00eb debati \u00ebsht\u00eb p\u00ebrqendruar tek lajmi se Shqip\u00ebria \u00ebsht\u00eb shprehur e gatshme se mund t\u00eb pranoj\u00eb nj\u00eb kapacitet prej 600 mij\u00eb refugjat\u00ebsh sirian\u00eb, reagimeve\u2026","rel":"","context":"In &quot;Politika&quot;","block_context":{"text":"Politika","link":"https:\/\/www.shqiperia.com\/blog\/category\/politika\/"},"img":{"alt_text":"","src":"https:\/\/i0.wp.com\/www.shqiperia.com\/blog\/wp-content\/uploads\/2018\/06\/35659916_10216839997569657_5737794523241644032_n.jpg?fit=442%2C283&ssl=1&resize=350%2C200","width":350,"height":200},"classes":[]},{"id":36916,"url":"https:\/\/www.shqiperia.com\/blog\/a-do-ta-pranoje-rama-kete-spartak-ngjela-zbulon-cfare-po-planifikon-politika-amerikane-per-zgjedhjet-e-ardhshme-ne-shqiperi\/","url_meta":{"origin":39667,"position":3},"title":"\u201cA do ta pranoj\u00eb Rama k\u00ebt\u00eb?\u201d, Spartak Ngjela zbulon \u00e7far\u00eb po planifikon politika amerikane p\u00ebr zgjedhjet e ardhshme n\u00eb Shqip\u00ebri","author":"Kurt Farka","date":"August 6, 2020","format":false,"excerpt":"\u201cA do ta pranoj\u00eb Rama k\u00ebt\u00eb?\u201d, Spartak Ngjela zbulon \u00e7far\u00eb po planifikon politika amerikane p\u00ebr zgjedhjet e ardhshme n\u00eb Shqip\u00ebri 5 Gusht 2020 Avokat Spartak Ngjela p\u00ebrmes nj\u00eb postimi n\u00eb rrjetet sociale ka ngritur pyetjet n\u00ebse do t\u00eb miratohet ligji p\u00ebr vettingun e kandidat\u00ebve p\u00ebr deputet n\u00eb zgjedhjet 2021. Sipas\u2026","rel":"","context":"In &quot;Blogu i Udh\u00ebtarit&quot;","block_context":{"text":"Blogu i Udh\u00ebtarit","link":"https:\/\/www.shqiperia.com\/blog\/category\/blogu-i-udhetarit\/"},"img":{"alt_text":"","src":"https:\/\/i0.wp.com\/www.shqiperia.com\/blog\/wp-content\/uploads\/2020\/08\/Edi-Rama-1-300x164.jpg?resize=350%2C200&ssl=1","width":350,"height":200},"classes":[]},{"id":37769,"url":"https:\/\/www.shqiperia.com\/blog\/greqia-kerkon-zgjerim-kufiri-drejt-detit-jon-spartak-ngjela-zbulon-cfare-pritet-te-ndodhe-dhe-leshon-deklaraten-bombe-kjo-eshte-marreveshje-e-rames-dhe-ka-kete-qellim\/","url_meta":{"origin":39667,"position":4},"title":"Greqia k\u00ebrkon zgjerim kufiri drejt detit Jon, Spartak Ngjela zbulon \u00e7far\u00eb pritet t\u00eb ndodh\u00eb dhe l\u00ebshon deklarat\u00ebn \u2018bomb\u00eb\u2019: Kjo \u00ebsht\u00eb marr\u00ebveshje e Ram\u00ebs dhe ka k\u00ebt\u00eb q\u00ebllim!","author":"Kurt Farka","date":"August 28, 2020","format":false,"excerpt":"Greqia k\u00ebrkon zgjerim kufiri drejt detit Jon, Spartak Ngjela zbulon \u00e7far\u00eb pritet t\u00eb ndodh\u00eb dhe l\u00ebshon deklarat\u00ebn \u2018bomb\u00eb\u2019: Kjo \u00ebsht\u00eb marr\u00ebveshje e Ram\u00ebs dhe ka k\u00ebt\u00eb q\u00ebllim! 28 GUSHT 2020 Avokati Spartak Ngjela ka b\u00ebr\u00eb nj\u00eb reagim t\u00eb fort\u00eb lidhur me \u00e7\u00ebshtjen e \u2018nxeht\u00eb\u2019 t\u00eb kufirit detar me Greqin\u00eb. Ngjela\u2026","rel":"","context":"In &quot;Blogu i Udh\u00ebtarit&quot;","block_context":{"text":"Blogu i Udh\u00ebtarit","link":"https:\/\/www.shqiperia.com\/blog\/category\/blogu-i-udhetarit\/"},"img":{"alt_text":"","src":"https:\/\/i0.wp.com\/www.shqiperia.com\/blog\/wp-content\/uploads\/2020\/08\/spartak-ngjela-mirela-milori.jpg?fit=1173%2C600&ssl=1&resize=350%2C200","width":350,"height":200,"srcset":"https:\/\/i0.wp.com\/www.shqiperia.com\/blog\/wp-content\/uploads\/2020\/08\/spartak-ngjela-mirela-milori.jpg?fit=1173%2C600&ssl=1&resize=350%2C200 1x, https:\/\/i0.wp.com\/www.shqiperia.com\/blog\/wp-content\/uploads\/2020\/08\/spartak-ngjela-mirela-milori.jpg?fit=1173%2C600&ssl=1&resize=525%2C300 1.5x, https:\/\/i0.wp.com\/www.shqiperia.com\/blog\/wp-content\/uploads\/2020\/08\/spartak-ngjela-mirela-milori.jpg?fit=1173%2C600&ssl=1&resize=700%2C400 2x, https:\/\/i0.wp.com\/www.shqiperia.com\/blog\/wp-content\/uploads\/2020\/08\/spartak-ngjela-mirela-milori.jpg?fit=1173%2C600&ssl=1&resize=1050%2C600 3x"},"classes":[]},{"id":29099,"url":"https:\/\/www.shqiperia.com\/blog\/spartak-ngjela-flet-me-emra-dhe-ben-paralajmerimin-bombe-zbulon-3-politikanet-qe-do-te-fundosen-se-shpejti-gjendja-eshte-shume-e-rende-nuk-shpetojne-dot-nga-kontrolli\/","url_meta":{"origin":39667,"position":5},"title":"Spartak Ngjela flet me emra dhe b\u00ebn paralajm\u00ebrimin \u201cbomb\u00eb\u201d, zbulon 3 politikan\u00ebt q\u00eb do t\u00eb fundosen s\u00eb shpejti: Gjendja \u00ebsht\u00eb shum\u00eb e r\u00ebnd\u00eb! Nuk shp\u00ebtojn\u00eb dot nga kontrolli. &#8211;","author":"Kurt Farka","date":"December 9, 2019","format":false,"excerpt":"Spartak Ngjela flet me emra dhe b\u00ebn paralajm\u00ebrimin \u201cbomb\u00eb\u201d, zbulon 3 politikan\u00ebt q\u00eb do t\u00eb fundosen s\u00eb shpejti: Gjendja \u00ebsht\u00eb shum\u00eb e r\u00ebnd\u00eb! Nuk shp\u00ebtojn\u00eb dot nga kontrolli 08\/12\/2019 Avokat Spartak Ngjela deklaroi se tre persona jan\u00eb p\u00ebrgjegj\u00ebs p\u00ebr pasojat e t\u00ebrmetit shkat\u00ebrrues q\u00eb goditi vendin ton\u00eb m\u00ebngjesin e 26\u2026","rel":"","context":"In &quot;Blogu i Udh\u00ebtarit&quot;","block_context":{"text":"Blogu i Udh\u00ebtarit","link":"https:\/\/www.shqiperia.com\/blog\/category\/blogu-i-udhetarit\/"},"img":{"alt_text":"","src":"https:\/\/i0.wp.com\/www.shqiperia.com\/blog\/wp-content\/uploads\/2019\/12\/maxresdefault.jpg?fit=1200%2C675&ssl=1&resize=350%2C200","width":350,"height":200,"srcset":"https:\/\/i0.wp.com\/www.shqiperia.com\/blog\/wp-content\/uploads\/2019\/12\/maxresdefault.jpg?fit=1200%2C675&ssl=1&resize=350%2C200 1x, https:\/\/i0.wp.com\/www.shqiperia.com\/blog\/wp-content\/uploads\/2019\/12\/maxresdefault.jpg?fit=1200%2C675&ssl=1&resize=525%2C300 1.5x, https:\/\/i0.wp.com\/www.shqiperia.com\/blog\/wp-content\/uploads\/2019\/12\/maxresdefault.jpg?fit=1200%2C675&ssl=1&resize=700%2C400 2x, https:\/\/i0.wp.com\/www.shqiperia.com\/blog\/wp-content\/uploads\/2019\/12\/maxresdefault.jpg?fit=1200%2C675&ssl=1&resize=1050%2C600 3x"},"classes":[]}],"_links":{"self":[{"href":"https:\/\/www.shqiperia.com\/blog\/wp-json\/wp\/v2\/posts\/39667","targetHints":{"allow":["GET"]}}],"collection":[{"href":"https:\/\/www.shqiperia.com\/blog\/wp-json\/wp\/v2\/posts"}],"about":[{"href":"https:\/\/www.shqiperia.com\/blog\/wp-json\/wp\/v2\/types\/post"}],"author":[{"embeddable":true,"href":"https:\/\/www.shqiperia.com\/blog\/wp-json\/wp\/v2\/users\/9"}],"replies":[{"embeddable":true,"href":"https:\/\/www.shqiperia.com\/blog\/wp-json\/wp\/v2\/comments?post=39667"}],"version-history":[{"count":1,"href":"https:\/\/www.shqiperia.com\/blog\/wp-json\/wp\/v2\/posts\/39667\/revisions"}],"predecessor-version":[{"id":39669,"href":"https:\/\/www.shqiperia.com\/blog\/wp-json\/wp\/v2\/posts\/39667\/revisions\/39669"}],"wp:featuredmedia":[{"embeddable":true,"href":"https:\/\/www.shqiperia.com\/blog\/wp-json\/wp\/v2\/media\/39668"}],"wp:attachment":[{"href":"https:\/\/www.shqiperia.com\/blog\/wp-json\/wp\/v2\/media?parent=39667"}],"wp:term":[{"taxonomy":"category","embeddable":true,"href":"https:\/\/www.shqiperia.com\/blog\/wp-json\/wp\/v2\/categories?post=39667"},{"taxonomy":"post_tag","embeddable":true,"href":"https:\/\/www.shqiperia.com\/blog\/wp-json\/wp\/v2\/tags?post=39667"}],"curies":[{"name":"wp","href":"https:\/\/api.w.org\/{rel}","templated":true}]}}