{"id":39653,"date":"2020-10-14T16:24:14","date_gmt":"2020-10-14T16:24:14","guid":{"rendered":"https:\/\/www.shqiperia.com\/blog\/?p=39653"},"modified":"2020-10-14T16:24:14","modified_gmt":"2020-10-14T16:24:14","slug":"basha-i-pergjigjet-rames-75-mln-e-per-mafien-e-plehrave-asnje-kacidhe-per-100-mije-te-papune","status":"publish","type":"post","link":"https:\/\/www.shqiperia.com\/blog\/basha-i-pergjigjet-rames-75-mln-e-per-mafien-e-plehrave-asnje-kacidhe-per-100-mije-te-papune\/","title":{"rendered":"Basha i p\u00ebrgjigjet Ram\u00ebs: 75 mln \u20ac p\u00ebr mafien e plehrave, asnj\u00eb kacidhe p\u00ebr 100 mij\u00eb t\u00eb papun\u00eb"},"content":{"rendered":"<p><img data-recalc-dims=\"1\" loading=\"lazy\" decoding=\"async\" data-attachment-id=\"39654\" data-permalink=\"https:\/\/www.shqiperia.com\/blog\/basha-i-pergjigjet-rames-75-mln-e-per-mafien-e-plehrave-asnje-kacidhe-per-100-mije-te-papune\/basha-rama-01-1536x864\/\" data-orig-file=\"https:\/\/i0.wp.com\/www.shqiperia.com\/blog\/wp-content\/uploads\/2020\/10\/BASHA-RAMA-01-1536x864-1.jpg?fit=1536%2C864&amp;ssl=1\" data-orig-size=\"1536,864\" data-comments-opened=\"1\" data-image-meta=\"{&quot;aperture&quot;:&quot;0&quot;,&quot;credit&quot;:&quot;&quot;,&quot;camera&quot;:&quot;&quot;,&quot;caption&quot;:&quot;&quot;,&quot;created_timestamp&quot;:&quot;0&quot;,&quot;copyright&quot;:&quot;&quot;,&quot;focal_length&quot;:&quot;0&quot;,&quot;iso&quot;:&quot;0&quot;,&quot;shutter_speed&quot;:&quot;0&quot;,&quot;title&quot;:&quot;&quot;,&quot;orientation&quot;:&quot;0&quot;}\" data-image-title=\"BASHA-RAMA-01-1536&#215;864\" data-image-description=\"\" data-image-caption=\"\" data-medium-file=\"https:\/\/i0.wp.com\/www.shqiperia.com\/blog\/wp-content\/uploads\/2020\/10\/BASHA-RAMA-01-1536x864-1.jpg?fit=300%2C169&amp;ssl=1\" data-large-file=\"https:\/\/i0.wp.com\/www.shqiperia.com\/blog\/wp-content\/uploads\/2020\/10\/BASHA-RAMA-01-1536x864-1.jpg?fit=1024%2C576&amp;ssl=1\" class=\"alignnone  wp-image-39654\" alt=\"\" src=\"https:\/\/i0.wp.com\/www.shqiperia.com\/blog\/wp-content\/uploads\/2020\/10\/BASHA-RAMA-01-1536x864-1.jpg?resize=502%2C283&#038;ssl=1\" width=\"502\" height=\"283\" srcset=\"https:\/\/i0.wp.com\/www.shqiperia.com\/blog\/wp-content\/uploads\/2020\/10\/BASHA-RAMA-01-1536x864-1.jpg?resize=300%2C169&amp;ssl=1 300w, https:\/\/i0.wp.com\/www.shqiperia.com\/blog\/wp-content\/uploads\/2020\/10\/BASHA-RAMA-01-1536x864-1.jpg?resize=1024%2C576&amp;ssl=1 1024w, https:\/\/i0.wp.com\/www.shqiperia.com\/blog\/wp-content\/uploads\/2020\/10\/BASHA-RAMA-01-1536x864-1.jpg?resize=768%2C432&amp;ssl=1 768w, https:\/\/i0.wp.com\/www.shqiperia.com\/blog\/wp-content\/uploads\/2020\/10\/BASHA-RAMA-01-1536x864-1.jpg?resize=450%2C253&amp;ssl=1 450w, https:\/\/i0.wp.com\/www.shqiperia.com\/blog\/wp-content\/uploads\/2020\/10\/BASHA-RAMA-01-1536x864-1.jpg?resize=600%2C338&amp;ssl=1 600w, https:\/\/i0.wp.com\/www.shqiperia.com\/blog\/wp-content\/uploads\/2020\/10\/BASHA-RAMA-01-1536x864-1.jpg?resize=1500%2C844&amp;ssl=1 1500w, https:\/\/i0.wp.com\/www.shqiperia.com\/blog\/wp-content\/uploads\/2020\/10\/BASHA-RAMA-01-1536x864-1.jpg?resize=1300%2C731&amp;ssl=1 1300w, https:\/\/i0.wp.com\/www.shqiperia.com\/blog\/wp-content\/uploads\/2020\/10\/BASHA-RAMA-01-1536x864-1.jpg?resize=400%2C225&amp;ssl=1 400w, https:\/\/i0.wp.com\/www.shqiperia.com\/blog\/wp-content\/uploads\/2020\/10\/BASHA-RAMA-01-1536x864-1.jpg?w=1536&amp;ssl=1 1536w\" sizes=\"auto, (max-width: 502px) 100vw, 502px\" \/><\/p>\n<p><strong>Basha i p\u00ebrgjigjet Ram\u00ebs: 75 mln \u20ac p\u00ebr mafien e plehrave, asnj\u00eb kacidhe p\u00ebr 100 mij\u00eb t\u00eb papun\u00eb<\/strong><\/p>\n<p>&#8211; 14\/10\/20<\/p>\n<p>Nuk ka vonuar p\u00ebrgjigjja e kryedemokratit, Lulzim Basha, pas\u00a0<a href=\"https:\/\/gazetamapo.al\/inceneratoret-rama-bashes-sdo-ndalemi-deri-kur-te-mos-digjen-me-plehra-te-cepi-i-shtepise\/\"><strong>akuzave t\u00eb kryeministrit Edi Rama<\/strong><\/a>, lidhur me \u00e7\u00ebshtjen e incenerator\u00ebve dhe milionat e shpenzuara nga qeveria p\u00ebr koncesionar\u00ebt.<\/p>\n<p>Rama u shpreh m\u00eb par\u00eb se qeveria nuk do ndalet s\u00eb mb\u00ebshteturi industrin\u00eb e riciklimit dhe trajtimit t\u00eb mbetjeve urbane, t\u00eb cilat sot sipas tij digjen dhe kalben rrug\u00ebve.<\/p>\n<p>Por nga ana tjet\u00ebr Basha rikujton p\u00ebr opinionin publik se qeveria ka paguar 75 mln euro p\u00ebr incenerator\u00ebt dhe asnj\u00eb qindark\u00eb p\u00ebr 100 mij\u00eb t\u00eb papun\u00ebt, mjek\u00ebt, infermier\u00ebt apo pensionist\u00ebt.<\/p>\n<p><strong>Reagimi i Bash\u00ebs<\/strong><br \/>\n<em>75 milion\u00eb euro p\u00ebr mafian e plehrave ka paguar Edi Rama, nga lek\u00ebt e shqiptar\u00ebve. Asnj\u00eb kacidhe p\u00ebr 100 mij\u00eb t\u00eb papun\u00eb, p\u00ebr pensionist\u00ebt, p\u00ebr mjek\u00ebt dhe infermier\u00ebt, p\u00ebr sip\u00ebrmarrjen drejt kolapsit. Boll me vjedhje e me kakarisje g\u00ebnjeshtrash dal\u00eb boje. Zbato planin me 5 pika! Tani!<\/em><\/p>\n<p><em>Gazeta Mapo.<\/em><\/p>\n","protected":false},"excerpt":{"rendered":"<p>Basha i p\u00ebrgjigjet Ram\u00ebs: 75 mln \u20ac p\u00ebr mafien e plehrave, asnj\u00eb kacidhe p\u00ebr 100 mij\u00eb t\u00eb papun\u00eb &#8211; 14\/10\/20 Nuk ka vonuar p\u00ebrgjigjja e kryedemokratit, Lulzim Basha, pas\u00a0akuzave t\u00eb kryeministrit Edi Rama, lidhur me \u00e7\u00ebshtjen e incenerator\u00ebve dhe milionat e shpenzuara nga qeveria p\u00ebr koncesionar\u00ebt. Rama u shpreh m\u00eb par\u00eb se qeveria nuk do [&hellip;]<\/p>\n","protected":false},"author":9,"featured_media":39654,"comment_status":"open","ping_status":"open","sticky":false,"template":"","format":"standard","meta":{"jetpack_post_was_ever_published":false,"_jetpack_newsletter_access":"","_jetpack_dont_email_post_to_subs":false,"_jetpack_newsletter_tier_id":0,"_jetpack_memberships_contains_paywalled_content":false,"_jetpack_memberships_contains_paid_content":false,"footnotes":"","jetpack_publicize_message":"","jetpack_publicize_feature_enabled":true,"jetpack_social_post_already_shared":true,"jetpack_social_options":{"image_generator_settings":{"template":"highway","default_image_id":0,"font":"","enabled":false},"version":2}},"categories":[27,2],"tags":[],"class_list":["post-39653","post","type-post","status-publish","format-standard","has-post-thumbnail","hentry","category-blogu-i-udhetarit","category-politika"],"jetpack_publicize_connections":[],"jetpack_featured_media_url":"https:\/\/i0.wp.com\/www.shqiperia.com\/blog\/wp-content\/uploads\/2020\/10\/BASHA-RAMA-01-1536x864-1.jpg?fit=1536%2C864&ssl=1","jetpack_sharing_enabled":true,"jetpack_shortlink":"https:\/\/wp.me\/p5Z6wp-ajz","jetpack-related-posts":[{"id":39693,"url":"https:\/\/www.shqiperia.com\/blog\/basha-i-thote-rames-o-hadut-plehrash\/","url_meta":{"origin":39653,"position":0},"title":"Basha i thote Rames: &#8211; O Hadut Plehrash.","author":"Kurt Farka","date":"October 15, 2020","format":false,"excerpt":"Basha i thote Rames: - O Hadut Plehrash. 15\/10\/2020 Kryeministri Edi Rama ka reaguar pas\u00a0deklaratave t\u00eb kryedemokratit Lulzim Basha, q\u00eb e akuzoi kreun e qeveris\u00eb se q\u00ebndron n\u00eb krye t\u00eb kupol\u00ebs p\u00ebr vjedhjen e parave p\u00ebrmes incenerator\u00ebve t\u00eb plehrave.\u00a0N\u00eb nj\u00eb postim n\u00eb Facebook, Rama i p\u00ebrgjigjet me ironi kryetarit t\u00eb\u2026","rel":"","context":"In &quot;Blogu i Udh\u00ebtarit&quot;","block_context":{"text":"Blogu i Udh\u00ebtarit","link":"https:\/\/www.shqiperia.com\/blog\/category\/blogu-i-udhetarit\/"},"img":{"alt_text":"","src":"https:\/\/i0.wp.com\/www.shqiperia.com\/blog\/wp-content\/uploads\/2020\/10\/ramabasha-inceneratoret.jpg?fit=1200%2C675&ssl=1&resize=350%2C200","width":350,"height":200,"srcset":"https:\/\/i0.wp.com\/www.shqiperia.com\/blog\/wp-content\/uploads\/2020\/10\/ramabasha-inceneratoret.jpg?fit=1200%2C675&ssl=1&resize=350%2C200 1x, https:\/\/i0.wp.com\/www.shqiperia.com\/blog\/wp-content\/uploads\/2020\/10\/ramabasha-inceneratoret.jpg?fit=1200%2C675&ssl=1&resize=525%2C300 1.5x, https:\/\/i0.wp.com\/www.shqiperia.com\/blog\/wp-content\/uploads\/2020\/10\/ramabasha-inceneratoret.jpg?fit=1200%2C675&ssl=1&resize=700%2C400 2x, https:\/\/i0.wp.com\/www.shqiperia.com\/blog\/wp-content\/uploads\/2020\/10\/ramabasha-inceneratoret.jpg?fit=1200%2C675&ssl=1&resize=1050%2C600 3x"},"classes":[]},{"id":41922,"url":"https:\/\/www.shqiperia.com\/blog\/nuk-e-shkarkoj-veliun-edhe-nese-dalin-500-mije-veta-ne-shesha-basha-zoti-e-ruajte-15-milione-veta-do-te-dalin-me\/","url_meta":{"origin":39653,"position":1},"title":"&#8220;Nuk e shkarkoj Veliun edhe n\u00ebse dalin 500 mij\u00eb veta n\u00eb shesha&#8221;.\u00a0 Basha: &#8211; Zoti e ruajt\u00eb, 1,5 milion\u00eb veta do t\u00eb dalin m\u00eb&#8230;","author":"Kurt Farka","date":"December 15, 2020","format":false,"excerpt":"\"Nuk e shkarkoj Veliun edhe n\u00ebse dalin 500 mij\u00eb veta n\u00eb shesha\".\u00a0 Basha: - Zoti e ruajt\u00eb, 1,5 milion\u00eb veta do t\u00eb dalin m\u00eb... 15 DHJETOR 2020 Kreu i PD-s\u00eb Lulzim Basha i \u00ebsht\u00eb p\u00ebrgjigjur deklarat\u00ebs s\u00eb Edi Ram\u00ebs de nuk e heq Ardi Veliun edhe n\u00ebse 500 mij\u00eb vet\u00eb\u2026","rel":"","context":"In &quot;Blogu i Udh\u00ebtarit&quot;","block_context":{"text":"Blogu i Udh\u00ebtarit","link":"https:\/\/www.shqiperia.com\/blog\/category\/blogu-i-udhetarit\/"},"img":{"alt_text":"","src":"https:\/\/i0.wp.com\/www.shqiperia.com\/blog\/wp-content\/uploads\/2020\/12\/640-0-5fd8bf4669250.jpeg?fit=640%2C339&ssl=1&resize=350%2C200","width":350,"height":200,"srcset":"https:\/\/i0.wp.com\/www.shqiperia.com\/blog\/wp-content\/uploads\/2020\/12\/640-0-5fd8bf4669250.jpeg?fit=640%2C339&ssl=1&resize=350%2C200 1x, https:\/\/i0.wp.com\/www.shqiperia.com\/blog\/wp-content\/uploads\/2020\/12\/640-0-5fd8bf4669250.jpeg?fit=640%2C339&ssl=1&resize=525%2C300 1.5x"},"classes":[]},{"id":32585,"url":"https:\/\/www.shqiperia.com\/blog\/rubrika-fonde-per-njerzit-ne-nevoje-qeveria-52-mln-e-tendera-per-fushen-zoton-salillarin-dhe-alban-eftimiun\/","url_meta":{"origin":39653,"position":2},"title":"Rubrika: \u201cFonde per Njerzit ne Nevoje\u201d.  Qeveria, 52 mln \u20ac tendera p\u00ebr Fush\u00ebn, Zoton, Salillarin dhe Alban Eftimiun","author":"Kurt Farka","date":"March 20, 2020","format":false,"excerpt":"Rubrika: \u201cFonde per Njerzit ne Nevoje\u201d. Qeveria, 52 mln \u20ac tendera p\u00ebr Fush\u00ebn, Zoton, Salillarin dhe Alban Eftimiun 19\/03\/20 \u201c52 mln euro tendera n\u00eb jav\u00eb dhe nj\u00eb zon\u00eb p\u00ebr t\u2019u betonuar. Rama nuk i harron aferat as n\u00eb koh\u00eb krize\u201d. K\u00ebshtu u shpreh ish-deputeti i PD, Enkelejd Alibeaj duke denoncuar\u2026","rel":"","context":"In &quot;Blogu i Udh\u00ebtarit&quot;","block_context":{"text":"Blogu i Udh\u00ebtarit","link":"https:\/\/www.shqiperia.com\/blog\/category\/blogu-i-udhetarit\/"},"img":{"alt_text":"","src":"https:\/\/i0.wp.com\/www.shqiperia.com\/blog\/wp-content\/uploads\/2020\/03\/3-1.jpg?fit=684%2C383&ssl=1&resize=350%2C200","width":350,"height":200,"srcset":"https:\/\/i0.wp.com\/www.shqiperia.com\/blog\/wp-content\/uploads\/2020\/03\/3-1.jpg?fit=684%2C383&ssl=1&resize=350%2C200 1x, https:\/\/i0.wp.com\/www.shqiperia.com\/blog\/wp-content\/uploads\/2020\/03\/3-1.jpg?fit=684%2C383&ssl=1&resize=525%2C300 1.5x"},"classes":[]},{"id":35252,"url":"https:\/\/www.shqiperia.com\/blog\/basha-mend-miting-ne-durres\/","url_meta":{"origin":39653,"position":3},"title":"Basha  mend miting n\u00eb Durr\u00ebs!","author":"Kurt Farka","date":"May 31, 2020","format":false,"excerpt":"Basha\u00a0 miting n\u00eb Durr\u00ebs! P\u00ebr kryedemokratin, rreziku m\u00eb i madh p\u00ebr sh\u00ebndetin dhe ekonomin\u00eb e tyre \u00ebsht\u00eb Ramavirusi. 30 Maj 2020 Basha ne Durres tha se rreziku m\u00eb i madh p\u00ebr sh\u00ebndetin dhe ekonomin\u00eb e tyre \u00ebsht\u00eb Ramavirusi. \"Pas dy muajve t\u00eb mbyllur p\u00ebr shkak t\u00eb koronavirusit t\u00eb gjith\u00eb shqiptar\u00ebt\u2026","rel":"","context":"In &quot;Blogu i Udh\u00ebtarit&quot;","block_context":{"text":"Blogu i Udh\u00ebtarit","link":"https:\/\/www.shqiperia.com\/blog\/category\/blogu-i-udhetarit\/"},"img":{"alt_text":"","src":"https:\/\/i0.wp.com\/www.shqiperia.com\/blog\/wp-content\/uploads\/2020\/05\/Basha-Miting-ne-Durres-2.jpg?fit=1200%2C718&ssl=1&resize=350%2C200","width":350,"height":200,"srcset":"https:\/\/i0.wp.com\/www.shqiperia.com\/blog\/wp-content\/uploads\/2020\/05\/Basha-Miting-ne-Durres-2.jpg?fit=1200%2C718&ssl=1&resize=350%2C200 1x, https:\/\/i0.wp.com\/www.shqiperia.com\/blog\/wp-content\/uploads\/2020\/05\/Basha-Miting-ne-Durres-2.jpg?fit=1200%2C718&ssl=1&resize=525%2C300 1.5x, https:\/\/i0.wp.com\/www.shqiperia.com\/blog\/wp-content\/uploads\/2020\/05\/Basha-Miting-ne-Durres-2.jpg?fit=1200%2C718&ssl=1&resize=700%2C400 2x, https:\/\/i0.wp.com\/www.shqiperia.com\/blog\/wp-content\/uploads\/2020\/05\/Basha-Miting-ne-Durres-2.jpg?fit=1200%2C718&ssl=1&resize=1050%2C600 3x"},"classes":[]},{"id":53410,"url":"https:\/\/www.shqiperia.com\/blog\/kush-mund-ta-rrezoje-ramen-nga-qeveria-pergjigjet-arian-cani-basha-duhet-te-ishte-larguar-per\/","url_meta":{"origin":39653,"position":4},"title":"Kush mund ta rr\u00ebzoj\u00eb Ram\u00ebn nga qeveria? &#8211; P\u00ebrgjigjet Arian \u00c7ani: Basha duhet t\u00eb ishte larguar p\u00ebr&#8230;","author":"Kurt Farka","date":"January 23, 2022","format":false,"excerpt":"Kush mund ta rr\u00ebzoj\u00eb Ram\u00ebn nga qeveria? - P\u00ebrgjigjet Arian \u00c7ani: Basha duhet t\u00eb ishte larguar p\u00ebr... JANAR 2022 Gazetari Arian \u00c7ani ka komentuar zhvillimet e fundit politike. \u00c7ani u shpreh se kushdo t\u00eb ishte n\u00eb vend t\u00eb Bash\u00ebs p\u00ebrball\u00eb k\u00ebtij kryeministri do e kishte t\u00eb v\u00ebshtir\u00eb. \u201cUn\u00eb jam i\u2026","rel":"","context":"In &quot;Blogu i Udh\u00ebtarit&quot;","block_context":{"text":"Blogu i Udh\u00ebtarit","link":"https:\/\/www.shqiperia.com\/blog\/category\/blogu-i-udhetarit\/"},"img":{"alt_text":"","src":"https:\/\/i0.wp.com\/www.shqiperia.com\/blog\/wp-content\/uploads\/2022\/01\/800-0-5bb4d5fe223601920a1fe1d293d62e0a-1-1.jpg?fit=800%2C450&ssl=1&resize=350%2C200","width":350,"height":200,"srcset":"https:\/\/i0.wp.com\/www.shqiperia.com\/blog\/wp-content\/uploads\/2022\/01\/800-0-5bb4d5fe223601920a1fe1d293d62e0a-1-1.jpg?fit=800%2C450&ssl=1&resize=350%2C200 1x, https:\/\/i0.wp.com\/www.shqiperia.com\/blog\/wp-content\/uploads\/2022\/01\/800-0-5bb4d5fe223601920a1fe1d293d62e0a-1-1.jpg?fit=800%2C450&ssl=1&resize=525%2C300 1.5x, https:\/\/i0.wp.com\/www.shqiperia.com\/blog\/wp-content\/uploads\/2022\/01\/800-0-5bb4d5fe223601920a1fe1d293d62e0a-1-1.jpg?fit=800%2C450&ssl=1&resize=700%2C400 2x"},"classes":[]},{"id":22492,"url":"https:\/\/www.shqiperia.com\/blog\/shkarkimi-i-zef-hiles-basha-edi-rama-plan-per-viktima-ne-shqiperi\/","url_meta":{"origin":39653,"position":5},"title":"Shkarkimi i Zef Hil\u00ebs, Basha: &#8211; Edi Rama, plan p\u00ebr viktima n\u00eb Shqip\u00ebri. &#8211;","author":"Kurt Farka","date":"June 29, 2019","format":false,"excerpt":"Shkarkimi i Zef Hil\u00ebs, Basha: - Edi Rama, plan p\u00ebr viktima n\u00eb Shqip\u00ebri. - 28\/06\/19 Nga\u00a0 mapo.al Kreu i Partis\u00eb Demorkatike Lulzim Basha, ka dal\u00eb n\u00eb nj\u00eb konferenc\u00eb urgjente menj\u00ebher\u00eb pas shkarkimit t\u00eb kryebashkiakut t\u00eb Vaut t\u00eb Dej\u00ebs, Zef Hila. Basha tha se ajo q\u00eb ndodhi n\u00eb Vaun e Dej\u00ebs\u2026","rel":"","context":"In &quot;Blogu i Udh\u00ebtarit&quot;","block_context":{"text":"Blogu i Udh\u00ebtarit","link":"https:\/\/www.shqiperia.com\/blog\/category\/blogu-i-udhetarit\/"},"img":{"alt_text":"","src":"https:\/\/i0.wp.com\/www.shqiperia.com\/blog\/wp-content\/uploads\/2019\/06\/Zef-Hila-Kryetari-i-Vadejsit.jpg?fit=1024%2C576&ssl=1&resize=350%2C200","width":350,"height":200,"srcset":"https:\/\/i0.wp.com\/www.shqiperia.com\/blog\/wp-content\/uploads\/2019\/06\/Zef-Hila-Kryetari-i-Vadejsit.jpg?fit=1024%2C576&ssl=1&resize=350%2C200 1x, https:\/\/i0.wp.com\/www.shqiperia.com\/blog\/wp-content\/uploads\/2019\/06\/Zef-Hila-Kryetari-i-Vadejsit.jpg?fit=1024%2C576&ssl=1&resize=525%2C300 1.5x, https:\/\/i0.wp.com\/www.shqiperia.com\/blog\/wp-content\/uploads\/2019\/06\/Zef-Hila-Kryetari-i-Vadejsit.jpg?fit=1024%2C576&ssl=1&resize=700%2C400 2x"},"classes":[]}],"_links":{"self":[{"href":"https:\/\/www.shqiperia.com\/blog\/wp-json\/wp\/v2\/posts\/39653","targetHints":{"allow":["GET"]}}],"collection":[{"href":"https:\/\/www.shqiperia.com\/blog\/wp-json\/wp\/v2\/posts"}],"about":[{"href":"https:\/\/www.shqiperia.com\/blog\/wp-json\/wp\/v2\/types\/post"}],"author":[{"embeddable":true,"href":"https:\/\/www.shqiperia.com\/blog\/wp-json\/wp\/v2\/users\/9"}],"replies":[{"embeddable":true,"href":"https:\/\/www.shqiperia.com\/blog\/wp-json\/wp\/v2\/comments?post=39653"}],"version-history":[{"count":1,"href":"https:\/\/www.shqiperia.com\/blog\/wp-json\/wp\/v2\/posts\/39653\/revisions"}],"predecessor-version":[{"id":39655,"href":"https:\/\/www.shqiperia.com\/blog\/wp-json\/wp\/v2\/posts\/39653\/revisions\/39655"}],"wp:featuredmedia":[{"embeddable":true,"href":"https:\/\/www.shqiperia.com\/blog\/wp-json\/wp\/v2\/media\/39654"}],"wp:attachment":[{"href":"https:\/\/www.shqiperia.com\/blog\/wp-json\/wp\/v2\/media?parent=39653"}],"wp:term":[{"taxonomy":"category","embeddable":true,"href":"https:\/\/www.shqiperia.com\/blog\/wp-json\/wp\/v2\/categories?post=39653"},{"taxonomy":"post_tag","embeddable":true,"href":"https:\/\/www.shqiperia.com\/blog\/wp-json\/wp\/v2\/tags?post=39653"}],"curies":[{"name":"wp","href":"https:\/\/api.w.org\/{rel}","templated":true}]}}